{"id":6329,"date":"2016-12-16T17:30:21","date_gmt":"2016-12-16T17:30:21","guid":{"rendered":"http:\/\/lurdinha.org\/site\/?p=6329"},"modified":"2022-09-11T18:17:20","modified_gmt":"2022-09-11T18:17:20","slug":"6329-2","status":"publish","type":"post","link":"https:\/\/lurdinha.org\/site\/6329-2\/","title":{"rendered":"Pra ajudar a entender em que p\u00e9 est\u00e1 a pol\u00edtica p\u00fablica de Cultura em Caxias"},"content":{"rendered":"<div id=\"js_1ye\" class=\"_5pbx userContent\" data-ft=\"{&quot;tn&quot;:&quot;K&quot;}\">\n<p>A Secretaria de Cultura de Caxias est\u00e1 chamando a sociedade hoje para uma presta\u00e7\u00e3o de contas da pasta dessa gest\u00e3o que se fecha no final do ano. Ser\u00e1 no Raul Cortez e gostaria de apontar duas observa\u00e7\u00f5es sobre o evento que dizem muito sobre como \u00e9 e como dever\u00e1 ser (ou continuar sendo) a luta pela pol\u00edtica cultural na cidade.<\/p>\n<p>O primeiro ponto que saliento \u00e9 como \u00e9 diferente o trato com a parada da Cultura quando n\u00e3o se \u00e9 preso apenas aos calend\u00e1rios das disputas eleitorais e suas tradicionais cotendas por cargos. No caso dos atuais secret\u00e1rio e sub, Andr\u00e9 e Beto, em um ano de gest\u00e3o ficou evidente o diferencial na a\u00e7\u00e3o de quem \u00e9 militante da causa e n\u00e3o o padr\u00e3o que sempre rola de estrangeiros ou aventureiros de plant\u00e3o na pasta.<\/p>\n<p>Um bom exemplo: a elei\u00e7\u00e3o j\u00e1 acabou h\u00e1 um tempo e ainda assim a galera que est\u00e1 l\u00e1 tem ido todo dia trabalhar na organiza\u00e7\u00e3o do acervo da secretaria, digitalizando coisas, nomeando, organizando em pastas, catalogando arquivos, buscando terminar um trampo que come\u00e7ou h\u00e1 um ano. J\u00e1 at\u00e9 escrevi sobre uma das frentes que pude testemunhar um dia que estive l\u00e1. [ <a href=\"http:\/\/l.facebook.com\/l.php?u=http%3A%2F%2Flurdinha.org%2Fsite%2F5995-2&amp;h=NAQEwT1iBAQH6_L4DZhFF4mqTVi5lihCfZqE6mUzOze8yyw&amp;enc=AZM3RD_p58hD-K1lusY4q_tTGYWEZJJ_4YVSzgGf9XfP1PbScxZA_5Ri3FQ8zgQ0Tjpk6twNbTQmQyq2oRe5VMJDw8s_3QWr_lnx_A5n3cqUH3b9sP2mMGvROhLZaU7vZk0BTAaPbtcuWOT6AW2JaMiTIxFI6zhJmO5As2WKXWbe-KRgNxEUkMZJcY8AJh6GU98Ovx4ajnEX6J3Lnm1jj5KK&amp;s=1\" target=\"_blank\" rel=\"nofollow noopener\">http:\/\/lurdinha.org\/site\/5995-2<\/a> ]<\/p>\n<p>Vi, ningu\u00e9m me contou, em diversas transi\u00e7\u00f5es de governo muitos materiais da hist\u00f3ria da Arte e Cultura da cidade sendo levados, privatizados, \u201csumidos\u201d ou simplesmente jogados no lixo. Por isso acho importante fazer esse registro.<\/p>\n<p>O segundo ponto \u00e9 que hoje vai ser apresentado de uma forma mais explicada em que p\u00e9 est\u00e1 o campo institucional da pol\u00edtica p\u00fablica de Cultura da cidade, que vem sendo constru\u00edda por centenas de agentes culturais nos \u00faltimos anos. Em alguns desses pontos Caxias se encontra na frente em rela\u00e7\u00e3o a praticamente todas as cidades do Rio, uma luta que envolve m\u00e9ritos da dupla que est\u00e1 saindo, mas principalmente de muitos guerreiros que comp\u00f5em o Conselho de Cultura e ativistas que a duas penas vem dando contribui\u00e7\u00f5es.<\/p>\n<p>Vale saber, por exemplo, que o Fundo Municipal de Cultura est\u00e1 aprovado e hoje tem CNPJ pr\u00f3prio e uns quase duzentos mil em caixa. E at\u00e9 uma proposta de edital pra uso dessa grana que parece estar sendo apreciada pela Procuradoria do munic\u00edpio (detalhes saberemos hoje).<\/p>\n<p>Fiz essa pontua\u00e7\u00e3o tamb\u00e9m porque h\u00e1 um clima de incertezas generalizadas em rela\u00e7\u00e3o ao ano que vem. Se at\u00e9 mesmo quem ser\u00e1 o prefeito est\u00e1 indefinido, imagina uma pasta como a Cultura, a \u00faltima a ser considerada sempre\u2026<\/p>\n<p>Andei esse ano afastad\u00e3o desse campo, mas continuo acreditando que precisamos dar o passo de consolidar uma pol\u00edtica p\u00fablica de Cultura que evite, ou ao menos nos sirva de instrumento de luta jur\u00eddica, contra a velha pol\u00edtica de balc\u00e3o que \u00e9 o praxe com que os governantes da vez tratam a \u00e1rea.<\/p>\n<p>E agora sabemos que existe um fundo regulamentado, com dinheiro em caixa, quais s\u00e3o as fontes que o alimentam \u2013 e que pode ser um dos instrumentos de financiamento de a\u00e7\u00f5es culturais importantes na cidade.<\/p>\n<p>O an\u00fancio do encontro de hoje tamb\u00e9m fala que ser\u00e3o tratados os assuntos sobre Lei de Tombamento e uso dos equipamentos culturais que existem.<\/p>\n<p><img loading=\"lazy\" decoding=\"async\" class=\"alignnone size-full wp-image-6331\" src=\"http:\/\/lurdinha.org\/site\/wp-content\/uploads\/cultura-presta-contas.jpg\" alt=\"\" width=\"800\" height=\"798\" srcset=\"https:\/\/lurdinha.org\/site\/wp-content\/uploads\/cultura-presta-contas.jpg 800w, https:\/\/lurdinha.org\/site\/wp-content\/uploads\/cultura-presta-contas-150x150.jpg 150w, https:\/\/lurdinha.org\/site\/wp-content\/uploads\/cultura-presta-contas-300x300.jpg 300w, https:\/\/lurdinha.org\/site\/wp-content\/uploads\/cultura-presta-contas-768x766.jpg 768w, https:\/\/lurdinha.org\/site\/wp-content\/uploads\/cultura-presta-contas-610x608.jpg 610w\" sizes=\"auto, (max-width: 800px) 100vw, 800px\" \/><\/p>\n<p>&#8211;<\/p>\n<p>&#8211;<\/p>\n<div id=\"id_5853f1048c4fe8494082491\" class=\"text_exposed_root text_exposed\"><span class=\"text_exposed_show\">DATA: 16 de Dezembro de 2016<br \/>\nHOR\u00c1RIO: 17 horas<br \/>\nLOCAL: Teatro Municipal Raul Cortez, Pra\u00e7a do Pacificador, s\/n\u00ba, Centro, Duque de Caxias<\/span><\/div>\n<p>&nbsp;<\/p>\n<\/div>\n","protected":false},"excerpt":{"rendered":"<p>A Secretaria de Cultura de Caxias est\u00e1 chamando a sociedade hoje para uma presta\u00e7\u00e3o de&#8230;<\/p>\n","protected":false},"author":87,"featured_media":6331,"comment_status":"open","ping_status":"closed","sticky":false,"template":"","format":"standard","meta":{"footnotes":""},"categories":[8,9,208,4],"tags":[],"class_list":["post-6329","post","type-post","status-publish","format-standard","has-post-thumbnail","hentry","category-evento","category-historia","category-picotes","category-opiniao"],"yoast_head":"<!-- This site is optimized with the Yoast SEO plugin v27.5 - https:\/\/yoast.com\/product\/yoast-seo-wordpress\/ -->\n<title>Pra ajudar a entender em que p\u00e9 est\u00e1 a pol\u00edtica p\u00fablica de Cultura em Caxias - Lurdinha - Duque de Caxias para Est\u00f4magos Fortes<\/title>\n<meta name=\"robots\" content=\"index, follow, max-snippet:-1, max-image-preview:large, max-video-preview:-1\" \/>\n<link rel=\"canonical\" href=\"https:\/\/lurdinha.org\/site\/6329-2\/\" \/>\n<meta property=\"og:locale\" content=\"pt_BR\" \/>\n<meta property=\"og:type\" content=\"article\" \/>\n<meta property=\"og:title\" content=\"Pra ajudar a entender em que p\u00e9 est\u00e1 a pol\u00edtica p\u00fablica de Cultura em Caxias - Lurdinha - Duque de Caxias para Est\u00f4magos Fortes\" \/>\n<meta property=\"og:description\" content=\"A Secretaria de Cultura de Caxias est\u00e1 chamando a sociedade hoje para uma presta\u00e7\u00e3o de...\" \/>\n<meta property=\"og:url\" content=\"https:\/\/lurdinha.org\/site\/6329-2\/\" \/>\n<meta property=\"og:site_name\" content=\"Lurdinha - Duque de Caxias para Est\u00f4magos Fortes\" \/>\n<meta property=\"article:publisher\" content=\"https:\/\/www.facebook.com\/LurdinhadeCaxias\" \/>\n<meta property=\"article:published_time\" content=\"2016-12-16T17:30:21+00:00\" \/>\n<meta property=\"article:modified_time\" content=\"2022-09-11T18:17:20+00:00\" \/>\n<meta property=\"og:image\" content=\"https:\/\/lurdinha.org\/site\/wp-content\/uploads\/cultura-presta-contas.jpg\" \/>\n\t<meta property=\"og:image:width\" content=\"800\" \/>\n\t<meta property=\"og:image:height\" content=\"798\" \/>\n\t<meta property=\"og:image:type\" content=\"image\/jpeg\" \/>\n<meta name=\"author\" content=\"Editoria\" \/>\n<meta name=\"twitter:card\" content=\"summary_large_image\" \/>\n<meta name=\"twitter:label1\" content=\"Escrito por\" \/>\n\t<meta name=\"twitter:data1\" content=\"Editoria\" \/>\n\t<meta name=\"twitter:label2\" content=\"Est. tempo de leitura\" \/>\n\t<meta name=\"twitter:data2\" content=\"3 minutos\" \/>\n<script type=\"application\/ld+json\" class=\"yoast-schema-graph\">{\"@context\":\"https:\\\/\\\/schema.org\",\"@graph\":[{\"@type\":\"Article\",\"@id\":\"https:\\\/\\\/lurdinha.org\\\/site\\\/6329-2\\\/#article\",\"isPartOf\":{\"@id\":\"https:\\\/\\\/lurdinha.org\\\/site\\\/6329-2\\\/\"},\"author\":{\"name\":\"Editoria\",\"@id\":\"https:\\\/\\\/lurdinha.org\\\/site\\\/#\\\/schema\\\/person\\\/6b0b6b83043cbaf7707ee275576b00ea\"},\"headline\":\"Pra ajudar a entender em que p\u00e9 est\u00e1 a pol\u00edtica p\u00fablica de Cultura em Caxias\",\"datePublished\":\"2016-12-16T17:30:21+00:00\",\"dateModified\":\"2022-09-11T18:17:20+00:00\",\"mainEntityOfPage\":{\"@id\":\"https:\\\/\\\/lurdinha.org\\\/site\\\/6329-2\\\/\"},\"wordCount\":594,\"commentCount\":0,\"publisher\":{\"@id\":\"https:\\\/\\\/lurdinha.org\\\/site\\\/#organization\"},\"image\":{\"@id\":\"https:\\\/\\\/lurdinha.org\\\/site\\\/6329-2\\\/#primaryimage\"},\"thumbnailUrl\":\"https:\\\/\\\/lurdinha.org\\\/site\\\/wp-content\\\/uploads\\\/cultura-presta-contas.jpg\",\"articleSection\":[\"evento\",\"hist\u00f3ria\",\"pitacol\u00e2ndia\",\"uma opini\u00e3o\"],\"inLanguage\":\"pt-BR\",\"potentialAction\":[{\"@type\":\"CommentAction\",\"name\":\"Comment\",\"target\":[\"https:\\\/\\\/lurdinha.org\\\/site\\\/6329-2\\\/#respond\"]}]},{\"@type\":\"WebPage\",\"@id\":\"https:\\\/\\\/lurdinha.org\\\/site\\\/6329-2\\\/\",\"url\":\"https:\\\/\\\/lurdinha.org\\\/site\\\/6329-2\\\/\",\"name\":\"Pra ajudar a entender em que p\u00e9 est\u00e1 a pol\u00edtica p\u00fablica de Cultura em Caxias - Lurdinha - Duque de Caxias para Est\u00f4magos Fortes\",\"isPartOf\":{\"@id\":\"https:\\\/\\\/lurdinha.org\\\/site\\\/#website\"},\"primaryImageOfPage\":{\"@id\":\"https:\\\/\\\/lurdinha.org\\\/site\\\/6329-2\\\/#primaryimage\"},\"image\":{\"@id\":\"https:\\\/\\\/lurdinha.org\\\/site\\\/6329-2\\\/#primaryimage\"},\"thumbnailUrl\":\"https:\\\/\\\/lurdinha.org\\\/site\\\/wp-content\\\/uploads\\\/cultura-presta-contas.jpg\",\"datePublished\":\"2016-12-16T17:30:21+00:00\",\"dateModified\":\"2022-09-11T18:17:20+00:00\",\"breadcrumb\":{\"@id\":\"https:\\\/\\\/lurdinha.org\\\/site\\\/6329-2\\\/#breadcrumb\"},\"inLanguage\":\"pt-BR\",\"potentialAction\":[{\"@type\":\"ReadAction\",\"target\":[\"https:\\\/\\\/lurdinha.org\\\/site\\\/6329-2\\\/\"]}]},{\"@type\":\"ImageObject\",\"inLanguage\":\"pt-BR\",\"@id\":\"https:\\\/\\\/lurdinha.org\\\/site\\\/6329-2\\\/#primaryimage\",\"url\":\"https:\\\/\\\/lurdinha.org\\\/site\\\/wp-content\\\/uploads\\\/cultura-presta-contas.jpg\",\"contentUrl\":\"https:\\\/\\\/lurdinha.org\\\/site\\\/wp-content\\\/uploads\\\/cultura-presta-contas.jpg\",\"width\":800,\"height\":798},{\"@type\":\"BreadcrumbList\",\"@id\":\"https:\\\/\\\/lurdinha.org\\\/site\\\/6329-2\\\/#breadcrumb\",\"itemListElement\":[{\"@type\":\"ListItem\",\"position\":1,\"name\":\"In\u00edcio\",\"item\":\"https:\\\/\\\/lurdinha.org\\\/site\\\/\"},{\"@type\":\"ListItem\",\"position\":2,\"name\":\"Pra ajudar a entender em que p\u00e9 est\u00e1 a pol\u00edtica p\u00fablica de Cultura em Caxias\"}]},{\"@type\":\"WebSite\",\"@id\":\"https:\\\/\\\/lurdinha.org\\\/site\\\/#website\",\"url\":\"https:\\\/\\\/lurdinha.org\\\/site\\\/\",\"name\":\"Lurdinha - Duque de Caxias para Est\u00f4magos Fortes\",\"description\":\"Site sobre Arte, Cultura, Pol\u00edtica, Sociedade e curiosidades da cidade de Duque de Caxias, RJ\",\"publisher\":{\"@id\":\"https:\\\/\\\/lurdinha.org\\\/site\\\/#organization\"},\"alternateName\":\"Lurdinha\",\"potentialAction\":[{\"@type\":\"SearchAction\",\"target\":{\"@type\":\"EntryPoint\",\"urlTemplate\":\"https:\\\/\\\/lurdinha.org\\\/site\\\/?s={search_term_string}\"},\"query-input\":{\"@type\":\"PropertyValueSpecification\",\"valueRequired\":true,\"valueName\":\"search_term_string\"}}],\"inLanguage\":\"pt-BR\"},{\"@type\":\"Organization\",\"@id\":\"https:\\\/\\\/lurdinha.org\\\/site\\\/#organization\",\"name\":\"Lurdinha de Caxias\",\"url\":\"https:\\\/\\\/lurdinha.org\\\/site\\\/\",\"logo\":{\"@type\":\"ImageObject\",\"inLanguage\":\"pt-BR\",\"@id\":\"https:\\\/\\\/lurdinha.org\\\/site\\\/#\\\/schema\\\/logo\\\/image\\\/\",\"url\":\"https:\\\/\\\/lurdinha.org\\\/site\\\/wp-content\\\/uploads\\\/logo-lurdinha.jpg\",\"contentUrl\":\"https:\\\/\\\/lurdinha.org\\\/site\\\/wp-content\\\/uploads\\\/logo-lurdinha.jpg\",\"width\":640,\"height\":60,\"caption\":\"Lurdinha de Caxias\"},\"image\":{\"@id\":\"https:\\\/\\\/lurdinha.org\\\/site\\\/#\\\/schema\\\/logo\\\/image\\\/\"},\"sameAs\":[\"https:\\\/\\\/www.facebook.com\\\/LurdinhadeCaxias\",\"https:\\\/\\\/www.instagram.com\\\/lurdinhadecaxias\"]},{\"@type\":\"Person\",\"@id\":\"https:\\\/\\\/lurdinha.org\\\/site\\\/#\\\/schema\\\/person\\\/6b0b6b83043cbaf7707ee275576b00ea\",\"name\":\"Editoria\",\"image\":{\"@type\":\"ImageObject\",\"inLanguage\":\"pt-BR\",\"@id\":\"https:\\\/\\\/secure.gravatar.com\\\/avatar\\\/0ba27ca5462d63e6c810ae4debe7159a69befcd2e33516be5bad4700d2dbfa72?s=96&d=mm&r=g\",\"url\":\"https:\\\/\\\/secure.gravatar.com\\\/avatar\\\/0ba27ca5462d63e6c810ae4debe7159a69befcd2e33516be5bad4700d2dbfa72?s=96&d=mm&r=g\",\"contentUrl\":\"https:\\\/\\\/secure.gravatar.com\\\/avatar\\\/0ba27ca5462d63e6c810ae4debe7159a69befcd2e33516be5bad4700d2dbfa72?s=96&d=mm&r=g\",\"caption\":\"Editoria\"},\"url\":\"https:\\\/\\\/lurdinha.org\\\/site\\\/author\\\/editoria\\\/\"}]}<\/script>\n<!-- \/ Yoast SEO plugin. -->","yoast_head_json":{"title":"Pra ajudar a entender em que p\u00e9 est\u00e1 a pol\u00edtica p\u00fablica de Cultura em Caxias - Lurdinha - Duque de Caxias para Est\u00f4magos Fortes","robots":{"index":"index","follow":"follow","max-snippet":"max-snippet:-1","max-image-preview":"max-image-preview:large","max-video-preview":"max-video-preview:-1"},"canonical":"https:\/\/lurdinha.org\/site\/6329-2\/","og_locale":"pt_BR","og_type":"article","og_title":"Pra ajudar a entender em que p\u00e9 est\u00e1 a pol\u00edtica p\u00fablica de Cultura em Caxias - Lurdinha - Duque de Caxias para Est\u00f4magos Fortes","og_description":"A Secretaria de Cultura de Caxias est\u00e1 chamando a sociedade hoje para uma presta\u00e7\u00e3o de...","og_url":"https:\/\/lurdinha.org\/site\/6329-2\/","og_site_name":"Lurdinha - Duque de Caxias para Est\u00f4magos Fortes","article_publisher":"https:\/\/www.facebook.com\/LurdinhadeCaxias","article_published_time":"2016-12-16T17:30:21+00:00","article_modified_time":"2022-09-11T18:17:20+00:00","og_image":[{"width":800,"height":798,"url":"https:\/\/lurdinha.org\/site\/wp-content\/uploads\/cultura-presta-contas.jpg","type":"image\/jpeg"}],"author":"Editoria","twitter_card":"summary_large_image","twitter_misc":{"Escrito por":"Editoria","Est. tempo de leitura":"3 minutos"},"schema":{"@context":"https:\/\/schema.org","@graph":[{"@type":"Article","@id":"https:\/\/lurdinha.org\/site\/6329-2\/#article","isPartOf":{"@id":"https:\/\/lurdinha.org\/site\/6329-2\/"},"author":{"name":"Editoria","@id":"https:\/\/lurdinha.org\/site\/#\/schema\/person\/6b0b6b83043cbaf7707ee275576b00ea"},"headline":"Pra ajudar a entender em que p\u00e9 est\u00e1 a pol\u00edtica p\u00fablica de Cultura em Caxias","datePublished":"2016-12-16T17:30:21+00:00","dateModified":"2022-09-11T18:17:20+00:00","mainEntityOfPage":{"@id":"https:\/\/lurdinha.org\/site\/6329-2\/"},"wordCount":594,"commentCount":0,"publisher":{"@id":"https:\/\/lurdinha.org\/site\/#organization"},"image":{"@id":"https:\/\/lurdinha.org\/site\/6329-2\/#primaryimage"},"thumbnailUrl":"https:\/\/lurdinha.org\/site\/wp-content\/uploads\/cultura-presta-contas.jpg","articleSection":["evento","hist\u00f3ria","pitacol\u00e2ndia","uma opini\u00e3o"],"inLanguage":"pt-BR","potentialAction":[{"@type":"CommentAction","name":"Comment","target":["https:\/\/lurdinha.org\/site\/6329-2\/#respond"]}]},{"@type":"WebPage","@id":"https:\/\/lurdinha.org\/site\/6329-2\/","url":"https:\/\/lurdinha.org\/site\/6329-2\/","name":"Pra ajudar a entender em que p\u00e9 est\u00e1 a pol\u00edtica p\u00fablica de Cultura em Caxias - Lurdinha - Duque de Caxias para Est\u00f4magos Fortes","isPartOf":{"@id":"https:\/\/lurdinha.org\/site\/#website"},"primaryImageOfPage":{"@id":"https:\/\/lurdinha.org\/site\/6329-2\/#primaryimage"},"image":{"@id":"https:\/\/lurdinha.org\/site\/6329-2\/#primaryimage"},"thumbnailUrl":"https:\/\/lurdinha.org\/site\/wp-content\/uploads\/cultura-presta-contas.jpg","datePublished":"2016-12-16T17:30:21+00:00","dateModified":"2022-09-11T18:17:20+00:00","breadcrumb":{"@id":"https:\/\/lurdinha.org\/site\/6329-2\/#breadcrumb"},"inLanguage":"pt-BR","potentialAction":[{"@type":"ReadAction","target":["https:\/\/lurdinha.org\/site\/6329-2\/"]}]},{"@type":"ImageObject","inLanguage":"pt-BR","@id":"https:\/\/lurdinha.org\/site\/6329-2\/#primaryimage","url":"https:\/\/lurdinha.org\/site\/wp-content\/uploads\/cultura-presta-contas.jpg","contentUrl":"https:\/\/lurdinha.org\/site\/wp-content\/uploads\/cultura-presta-contas.jpg","width":800,"height":798},{"@type":"BreadcrumbList","@id":"https:\/\/lurdinha.org\/site\/6329-2\/#breadcrumb","itemListElement":[{"@type":"ListItem","position":1,"name":"In\u00edcio","item":"https:\/\/lurdinha.org\/site\/"},{"@type":"ListItem","position":2,"name":"Pra ajudar a entender em que p\u00e9 est\u00e1 a pol\u00edtica p\u00fablica de Cultura em Caxias"}]},{"@type":"WebSite","@id":"https:\/\/lurdinha.org\/site\/#website","url":"https:\/\/lurdinha.org\/site\/","name":"Lurdinha - Duque de Caxias para Est\u00f4magos Fortes","description":"Site sobre Arte, Cultura, Pol\u00edtica, Sociedade e curiosidades da cidade de Duque de Caxias, RJ","publisher":{"@id":"https:\/\/lurdinha.org\/site\/#organization"},"alternateName":"Lurdinha","potentialAction":[{"@type":"SearchAction","target":{"@type":"EntryPoint","urlTemplate":"https:\/\/lurdinha.org\/site\/?s={search_term_string}"},"query-input":{"@type":"PropertyValueSpecification","valueRequired":true,"valueName":"search_term_string"}}],"inLanguage":"pt-BR"},{"@type":"Organization","@id":"https:\/\/lurdinha.org\/site\/#organization","name":"Lurdinha de Caxias","url":"https:\/\/lurdinha.org\/site\/","logo":{"@type":"ImageObject","inLanguage":"pt-BR","@id":"https:\/\/lurdinha.org\/site\/#\/schema\/logo\/image\/","url":"https:\/\/lurdinha.org\/site\/wp-content\/uploads\/logo-lurdinha.jpg","contentUrl":"https:\/\/lurdinha.org\/site\/wp-content\/uploads\/logo-lurdinha.jpg","width":640,"height":60,"caption":"Lurdinha de Caxias"},"image":{"@id":"https:\/\/lurdinha.org\/site\/#\/schema\/logo\/image\/"},"sameAs":["https:\/\/www.facebook.com\/LurdinhadeCaxias","https:\/\/www.instagram.com\/lurdinhadecaxias"]},{"@type":"Person","@id":"https:\/\/lurdinha.org\/site\/#\/schema\/person\/6b0b6b83043cbaf7707ee275576b00ea","name":"Editoria","image":{"@type":"ImageObject","inLanguage":"pt-BR","@id":"https:\/\/secure.gravatar.com\/avatar\/0ba27ca5462d63e6c810ae4debe7159a69befcd2e33516be5bad4700d2dbfa72?s=96&d=mm&r=g","url":"https:\/\/secure.gravatar.com\/avatar\/0ba27ca5462d63e6c810ae4debe7159a69befcd2e33516be5bad4700d2dbfa72?s=96&d=mm&r=g","contentUrl":"https:\/\/secure.gravatar.com\/avatar\/0ba27ca5462d63e6c810ae4debe7159a69befcd2e33516be5bad4700d2dbfa72?s=96&d=mm&r=g","caption":"Editoria"},"url":"https:\/\/lurdinha.org\/site\/author\/editoria\/"}]}},"views":3284,"_links":{"self":[{"href":"https:\/\/lurdinha.org\/site\/wp-json\/wp\/v2\/posts\/6329","targetHints":{"allow":["GET"]}}],"collection":[{"href":"https:\/\/lurdinha.org\/site\/wp-json\/wp\/v2\/posts"}],"about":[{"href":"https:\/\/lurdinha.org\/site\/wp-json\/wp\/v2\/types\/post"}],"author":[{"embeddable":true,"href":"https:\/\/lurdinha.org\/site\/wp-json\/wp\/v2\/users\/87"}],"replies":[{"embeddable":true,"href":"https:\/\/lurdinha.org\/site\/wp-json\/wp\/v2\/comments?post=6329"}],"version-history":[{"count":5,"href":"https:\/\/lurdinha.org\/site\/wp-json\/wp\/v2\/posts\/6329\/revisions"}],"predecessor-version":[{"id":10615,"href":"https:\/\/lurdinha.org\/site\/wp-json\/wp\/v2\/posts\/6329\/revisions\/10615"}],"wp:featuredmedia":[{"embeddable":true,"href":"https:\/\/lurdinha.org\/site\/wp-json\/wp\/v2\/media\/6331"}],"wp:attachment":[{"href":"https:\/\/lurdinha.org\/site\/wp-json\/wp\/v2\/media?parent=6329"}],"wp:term":[{"taxonomy":"category","embeddable":true,"href":"https:\/\/lurdinha.org\/site\/wp-json\/wp\/v2\/categories?post=6329"},{"taxonomy":"post_tag","embeddable":true,"href":"https:\/\/lurdinha.org\/site\/wp-json\/wp\/v2\/tags?post=6329"}],"curies":[{"name":"wp","href":"https:\/\/api.w.org\/{rel}","templated":true}]}}