{"id":6034,"date":"2016-05-10T19:48:27","date_gmt":"2016-05-10T19:48:27","guid":{"rendered":"http:\/\/lurdinha.org\/site\/?p=6034"},"modified":"2016-10-06T22:07:21","modified_gmt":"2016-10-06T22:07:21","slug":"6034-2","status":"publish","type":"post","link":"https:\/\/lurdinha.org\/site\/6034-2\/","title":{"rendered":"Reinaldo Teixeira, o famoso Duim"},"content":{"rendered":"<p><img loading=\"lazy\" decoding=\"async\" class=\"alignnone size-large wp-image-6037\" src=\"http:\/\/lurdinha.org\/site\/wp-content\/uploads\/ReinaldoTeixeira-Duim-610x610.jpg\" alt=\"Reinaldo Teixeira \u00e9 o famoso Duim.\" width=\"610\" height=\"610\" srcset=\"https:\/\/lurdinha.org\/site\/wp-content\/uploads\/ReinaldoTeixeira-Duim-610x610.jpg 610w, https:\/\/lurdinha.org\/site\/wp-content\/uploads\/ReinaldoTeixeira-Duim-150x150.jpg 150w, https:\/\/lurdinha.org\/site\/wp-content\/uploads\/ReinaldoTeixeira-Duim-300x300.jpg 300w, https:\/\/lurdinha.org\/site\/wp-content\/uploads\/ReinaldoTeixeira-Duim-768x768.jpg 768w, https:\/\/lurdinha.org\/site\/wp-content\/uploads\/ReinaldoTeixeira-Duim.jpg 960w\" sizes=\"auto, (max-width: 610px) 100vw, 610px\" \/><\/p>\n<p><span id=\"fbPhotoSnowliftCaption\" class=\"fbPhotosPhotoCaption\" tabindex=\"0\" data-ft=\"{&quot;tn&quot;:&quot;K&quot;}\"><span class=\"hasCaption\" data-gt=\"{&quot;timeline_og_unit_click&quot;:&quot;1&quot;,&quot;app_id&quot;:&quot;124024574287414&quot;,&quot;action_type_id&quot;:&quot;282366618453208&quot;,&quot;object_type&quot;:&quot;instapp:photo&quot;,&quot;unit_id&quot;:&quot;447280888645770&quot;,&quot;og_ref&quot;:&quot;ogexp&quot;,&quot;is_intentional&quot;:&quot;1&quot;}\">Reinaldo Teixeira \u00e9 o famoso Duim.<br \/>\nDuim morador do Beira Rio em Duque de Caxias, circula por S\u00e3o Bento, Lote XV e por a\u00ed vai vendendo seu amendoim a mais de 40 anos com a frase &#8220;comeu morreu&#8221;.<br \/>\nDuim tem 65 anos, mas ele disse que era para ter 67 anos, pois sua m\u00e3e registrou ele com dois anos a menos.<br \/>\nSeus pais de Recife, Duim conta que seus irm\u00e3os foram colocados em um orfanato, mas ele n\u00e3o ficou. <span class=\"text_exposed_show\">Ele disse que sua irm\u00e3 em uma briga no mesmo orfanato teve sua orelha cortada fora.<br \/>\nDuim foi casado uns 30 anos, mas se separou. Hoje ele continua vendendo seus amendoins por a\u00ed. Diz que vive tranquilo com sua casa que \u00e9 apenas um quartinho e um banheiro.<br \/>\nDuim \u00e9 mais um das figuras da Baixada Fluminense, mais um dos sobreviventes dos desfavorecidos.<\/span><\/span><\/span><\/p>\n","protected":false},"excerpt":{"rendered":"<p>Reinaldo Teixeira \u00e9 o famoso Duim. Duim morador do Beira Rio em Duque de Caxias,&#8230;<\/p>\n","protected":false},"author":48,"featured_media":6037,"comment_status":"open","ping_status":"closed","sticky":false,"template":"","format":"standard","meta":{"footnotes":""},"categories":[3,14],"tags":[],"class_list":["post-6034","post","type-post","status-publish","format-standard","has-post-thumbnail","hentry","category-clique","category-gente"],"yoast_head":"<!-- This site is optimized with the Yoast SEO plugin v27.5 - https:\/\/yoast.com\/product\/yoast-seo-wordpress\/ -->\n<title>Reinaldo Teixeira, o famoso Duim - Lurdinha - Duque de Caxias para Est\u00f4magos Fortes<\/title>\n<meta name=\"robots\" content=\"index, follow, max-snippet:-1, max-image-preview:large, max-video-preview:-1\" \/>\n<link rel=\"canonical\" href=\"https:\/\/lurdinha.org\/site\/6034-2\/\" \/>\n<meta property=\"og:locale\" content=\"pt_BR\" \/>\n<meta property=\"og:type\" content=\"article\" \/>\n<meta property=\"og:title\" content=\"Reinaldo Teixeira, o famoso Duim - Lurdinha - Duque de Caxias para Est\u00f4magos Fortes\" \/>\n<meta property=\"og:description\" content=\"Reinaldo Teixeira \u00e9 o famoso Duim. Duim morador do Beira Rio em Duque de Caxias,...\" \/>\n<meta property=\"og:url\" content=\"https:\/\/lurdinha.org\/site\/6034-2\/\" \/>\n<meta property=\"og:site_name\" content=\"Lurdinha - Duque de Caxias para Est\u00f4magos Fortes\" \/>\n<meta property=\"article:publisher\" content=\"https:\/\/www.facebook.com\/LurdinhadeCaxias\" \/>\n<meta property=\"article:author\" content=\"igor.f.lima.3\" \/>\n<meta property=\"article:published_time\" content=\"2016-05-10T19:48:27+00:00\" \/>\n<meta property=\"article:modified_time\" content=\"2016-10-06T22:07:21+00:00\" \/>\n<meta property=\"og:image\" content=\"https:\/\/lurdinha.org\/site\/wp-content\/uploads\/ReinaldoTeixeira-Duim.jpg\" \/>\n\t<meta property=\"og:image:width\" content=\"960\" \/>\n\t<meta property=\"og:image:height\" content=\"960\" \/>\n\t<meta property=\"og:image:type\" content=\"image\/jpeg\" \/>\n<meta name=\"author\" content=\"Igor Freitas Lima\" \/>\n<meta name=\"twitter:card\" content=\"summary_large_image\" \/>\n<meta name=\"twitter:label1\" content=\"Escrito por\" \/>\n\t<meta name=\"twitter:data1\" content=\"Igor Freitas Lima\" \/>\n\t<meta name=\"twitter:label2\" content=\"Est. tempo de leitura\" \/>\n\t<meta name=\"twitter:data2\" content=\"1 minuto\" \/>\n<script type=\"application\/ld+json\" class=\"yoast-schema-graph\">{\"@context\":\"https:\\\/\\\/schema.org\",\"@graph\":[{\"@type\":\"Article\",\"@id\":\"https:\\\/\\\/lurdinha.org\\\/site\\\/6034-2\\\/#article\",\"isPartOf\":{\"@id\":\"https:\\\/\\\/lurdinha.org\\\/site\\\/6034-2\\\/\"},\"author\":{\"name\":\"Igor Freitas Lima\",\"@id\":\"https:\\\/\\\/lurdinha.org\\\/site\\\/#\\\/schema\\\/person\\\/25ede176617af6b572f2f01289e72526\"},\"headline\":\"Reinaldo Teixeira, o famoso Duim\",\"datePublished\":\"2016-05-10T19:48:27+00:00\",\"dateModified\":\"2016-10-06T22:07:21+00:00\",\"mainEntityOfPage\":{\"@id\":\"https:\\\/\\\/lurdinha.org\\\/site\\\/6034-2\\\/\"},\"wordCount\":144,\"commentCount\":0,\"publisher\":{\"@id\":\"https:\\\/\\\/lurdinha.org\\\/site\\\/#organization\"},\"image\":{\"@id\":\"https:\\\/\\\/lurdinha.org\\\/site\\\/6034-2\\\/#primaryimage\"},\"thumbnailUrl\":\"https:\\\/\\\/lurdinha.org\\\/site\\\/wp-content\\\/uploads\\\/ReinaldoTeixeira-Duim.jpg\",\"articleSection\":[\"clique\",\"gente\"],\"inLanguage\":\"pt-BR\",\"potentialAction\":[{\"@type\":\"CommentAction\",\"name\":\"Comment\",\"target\":[\"https:\\\/\\\/lurdinha.org\\\/site\\\/6034-2\\\/#respond\"]}]},{\"@type\":\"WebPage\",\"@id\":\"https:\\\/\\\/lurdinha.org\\\/site\\\/6034-2\\\/\",\"url\":\"https:\\\/\\\/lurdinha.org\\\/site\\\/6034-2\\\/\",\"name\":\"Reinaldo Teixeira, o famoso Duim - Lurdinha - Duque de Caxias para Est\u00f4magos Fortes\",\"isPartOf\":{\"@id\":\"https:\\\/\\\/lurdinha.org\\\/site\\\/#website\"},\"primaryImageOfPage\":{\"@id\":\"https:\\\/\\\/lurdinha.org\\\/site\\\/6034-2\\\/#primaryimage\"},\"image\":{\"@id\":\"https:\\\/\\\/lurdinha.org\\\/site\\\/6034-2\\\/#primaryimage\"},\"thumbnailUrl\":\"https:\\\/\\\/lurdinha.org\\\/site\\\/wp-content\\\/uploads\\\/ReinaldoTeixeira-Duim.jpg\",\"datePublished\":\"2016-05-10T19:48:27+00:00\",\"dateModified\":\"2016-10-06T22:07:21+00:00\",\"breadcrumb\":{\"@id\":\"https:\\\/\\\/lurdinha.org\\\/site\\\/6034-2\\\/#breadcrumb\"},\"inLanguage\":\"pt-BR\",\"potentialAction\":[{\"@type\":\"ReadAction\",\"target\":[\"https:\\\/\\\/lurdinha.org\\\/site\\\/6034-2\\\/\"]}]},{\"@type\":\"ImageObject\",\"inLanguage\":\"pt-BR\",\"@id\":\"https:\\\/\\\/lurdinha.org\\\/site\\\/6034-2\\\/#primaryimage\",\"url\":\"https:\\\/\\\/lurdinha.org\\\/site\\\/wp-content\\\/uploads\\\/ReinaldoTeixeira-Duim.jpg\",\"contentUrl\":\"https:\\\/\\\/lurdinha.org\\\/site\\\/wp-content\\\/uploads\\\/ReinaldoTeixeira-Duim.jpg\",\"width\":960,\"height\":960,\"caption\":\"Reinaldo Teixeira \u00e9 o famoso Duim.\"},{\"@type\":\"BreadcrumbList\",\"@id\":\"https:\\\/\\\/lurdinha.org\\\/site\\\/6034-2\\\/#breadcrumb\",\"itemListElement\":[{\"@type\":\"ListItem\",\"position\":1,\"name\":\"In\u00edcio\",\"item\":\"https:\\\/\\\/lurdinha.org\\\/site\\\/\"},{\"@type\":\"ListItem\",\"position\":2,\"name\":\"Reinaldo Teixeira, o famoso Duim\"}]},{\"@type\":\"WebSite\",\"@id\":\"https:\\\/\\\/lurdinha.org\\\/site\\\/#website\",\"url\":\"https:\\\/\\\/lurdinha.org\\\/site\\\/\",\"name\":\"Lurdinha - Duque de Caxias para Est\u00f4magos Fortes\",\"description\":\"Site sobre Arte, Cultura, Pol\u00edtica, Sociedade e curiosidades da cidade de Duque de Caxias, RJ\",\"publisher\":{\"@id\":\"https:\\\/\\\/lurdinha.org\\\/site\\\/#organization\"},\"alternateName\":\"Lurdinha\",\"potentialAction\":[{\"@type\":\"SearchAction\",\"target\":{\"@type\":\"EntryPoint\",\"urlTemplate\":\"https:\\\/\\\/lurdinha.org\\\/site\\\/?s={search_term_string}\"},\"query-input\":{\"@type\":\"PropertyValueSpecification\",\"valueRequired\":true,\"valueName\":\"search_term_string\"}}],\"inLanguage\":\"pt-BR\"},{\"@type\":\"Organization\",\"@id\":\"https:\\\/\\\/lurdinha.org\\\/site\\\/#organization\",\"name\":\"Lurdinha de Caxias\",\"url\":\"https:\\\/\\\/lurdinha.org\\\/site\\\/\",\"logo\":{\"@type\":\"ImageObject\",\"inLanguage\":\"pt-BR\",\"@id\":\"https:\\\/\\\/lurdinha.org\\\/site\\\/#\\\/schema\\\/logo\\\/image\\\/\",\"url\":\"https:\\\/\\\/lurdinha.org\\\/site\\\/wp-content\\\/uploads\\\/logo-lurdinha.jpg\",\"contentUrl\":\"https:\\\/\\\/lurdinha.org\\\/site\\\/wp-content\\\/uploads\\\/logo-lurdinha.jpg\",\"width\":640,\"height\":60,\"caption\":\"Lurdinha de Caxias\"},\"image\":{\"@id\":\"https:\\\/\\\/lurdinha.org\\\/site\\\/#\\\/schema\\\/logo\\\/image\\\/\"},\"sameAs\":[\"https:\\\/\\\/www.facebook.com\\\/LurdinhadeCaxias\",\"https:\\\/\\\/www.instagram.com\\\/lurdinhadecaxias\"]},{\"@type\":\"Person\",\"@id\":\"https:\\\/\\\/lurdinha.org\\\/site\\\/#\\\/schema\\\/person\\\/25ede176617af6b572f2f01289e72526\",\"name\":\"Igor Freitas Lima\",\"image\":{\"@type\":\"ImageObject\",\"inLanguage\":\"pt-BR\",\"@id\":\"https:\\\/\\\/secure.gravatar.com\\\/avatar\\\/ef2bed1b1c66f48b331c8f358b5c1f0e3ad42c5eaebbfa2417e39351fe95a793?s=96&d=mm&r=g\",\"url\":\"https:\\\/\\\/secure.gravatar.com\\\/avatar\\\/ef2bed1b1c66f48b331c8f358b5c1f0e3ad42c5eaebbfa2417e39351fe95a793?s=96&d=mm&r=g\",\"contentUrl\":\"https:\\\/\\\/secure.gravatar.com\\\/avatar\\\/ef2bed1b1c66f48b331c8f358b5c1f0e3ad42c5eaebbfa2417e39351fe95a793?s=96&d=mm&r=g\",\"caption\":\"Igor Freitas Lima\"},\"description\":\"Fot\u00f3grafo e m\u00fasico. Integra o Coletivo Fala e o Barrac\u00e3o.\",\"sameAs\":[\"igor.f.lima.3\",\"https:\\\/\\\/www.instagram.com\\\/igorfreitasbxd\"],\"url\":\"https:\\\/\\\/lurdinha.org\\\/site\\\/author\\\/igorfreitas\\\/\"}]}<\/script>\n<!-- \/ Yoast SEO plugin. -->","yoast_head_json":{"title":"Reinaldo Teixeira, o famoso Duim - Lurdinha - Duque de Caxias para Est\u00f4magos Fortes","robots":{"index":"index","follow":"follow","max-snippet":"max-snippet:-1","max-image-preview":"max-image-preview:large","max-video-preview":"max-video-preview:-1"},"canonical":"https:\/\/lurdinha.org\/site\/6034-2\/","og_locale":"pt_BR","og_type":"article","og_title":"Reinaldo Teixeira, o famoso Duim - Lurdinha - Duque de Caxias para Est\u00f4magos Fortes","og_description":"Reinaldo Teixeira \u00e9 o famoso Duim. Duim morador do Beira Rio em Duque de Caxias,...","og_url":"https:\/\/lurdinha.org\/site\/6034-2\/","og_site_name":"Lurdinha - Duque de Caxias para Est\u00f4magos Fortes","article_publisher":"https:\/\/www.facebook.com\/LurdinhadeCaxias","article_author":"igor.f.lima.3","article_published_time":"2016-05-10T19:48:27+00:00","article_modified_time":"2016-10-06T22:07:21+00:00","og_image":[{"width":960,"height":960,"url":"https:\/\/lurdinha.org\/site\/wp-content\/uploads\/ReinaldoTeixeira-Duim.jpg","type":"image\/jpeg"}],"author":"Igor Freitas Lima","twitter_card":"summary_large_image","twitter_misc":{"Escrito por":"Igor Freitas Lima","Est. tempo de leitura":"1 minuto"},"schema":{"@context":"https:\/\/schema.org","@graph":[{"@type":"Article","@id":"https:\/\/lurdinha.org\/site\/6034-2\/#article","isPartOf":{"@id":"https:\/\/lurdinha.org\/site\/6034-2\/"},"author":{"name":"Igor Freitas Lima","@id":"https:\/\/lurdinha.org\/site\/#\/schema\/person\/25ede176617af6b572f2f01289e72526"},"headline":"Reinaldo Teixeira, o famoso Duim","datePublished":"2016-05-10T19:48:27+00:00","dateModified":"2016-10-06T22:07:21+00:00","mainEntityOfPage":{"@id":"https:\/\/lurdinha.org\/site\/6034-2\/"},"wordCount":144,"commentCount":0,"publisher":{"@id":"https:\/\/lurdinha.org\/site\/#organization"},"image":{"@id":"https:\/\/lurdinha.org\/site\/6034-2\/#primaryimage"},"thumbnailUrl":"https:\/\/lurdinha.org\/site\/wp-content\/uploads\/ReinaldoTeixeira-Duim.jpg","articleSection":["clique","gente"],"inLanguage":"pt-BR","potentialAction":[{"@type":"CommentAction","name":"Comment","target":["https:\/\/lurdinha.org\/site\/6034-2\/#respond"]}]},{"@type":"WebPage","@id":"https:\/\/lurdinha.org\/site\/6034-2\/","url":"https:\/\/lurdinha.org\/site\/6034-2\/","name":"Reinaldo Teixeira, o famoso Duim - Lurdinha - Duque de Caxias para Est\u00f4magos Fortes","isPartOf":{"@id":"https:\/\/lurdinha.org\/site\/#website"},"primaryImageOfPage":{"@id":"https:\/\/lurdinha.org\/site\/6034-2\/#primaryimage"},"image":{"@id":"https:\/\/lurdinha.org\/site\/6034-2\/#primaryimage"},"thumbnailUrl":"https:\/\/lurdinha.org\/site\/wp-content\/uploads\/ReinaldoTeixeira-Duim.jpg","datePublished":"2016-05-10T19:48:27+00:00","dateModified":"2016-10-06T22:07:21+00:00","breadcrumb":{"@id":"https:\/\/lurdinha.org\/site\/6034-2\/#breadcrumb"},"inLanguage":"pt-BR","potentialAction":[{"@type":"ReadAction","target":["https:\/\/lurdinha.org\/site\/6034-2\/"]}]},{"@type":"ImageObject","inLanguage":"pt-BR","@id":"https:\/\/lurdinha.org\/site\/6034-2\/#primaryimage","url":"https:\/\/lurdinha.org\/site\/wp-content\/uploads\/ReinaldoTeixeira-Duim.jpg","contentUrl":"https:\/\/lurdinha.org\/site\/wp-content\/uploads\/ReinaldoTeixeira-Duim.jpg","width":960,"height":960,"caption":"Reinaldo Teixeira \u00e9 o famoso Duim."},{"@type":"BreadcrumbList","@id":"https:\/\/lurdinha.org\/site\/6034-2\/#breadcrumb","itemListElement":[{"@type":"ListItem","position":1,"name":"In\u00edcio","item":"https:\/\/lurdinha.org\/site\/"},{"@type":"ListItem","position":2,"name":"Reinaldo Teixeira, o famoso Duim"}]},{"@type":"WebSite","@id":"https:\/\/lurdinha.org\/site\/#website","url":"https:\/\/lurdinha.org\/site\/","name":"Lurdinha - Duque de Caxias para Est\u00f4magos Fortes","description":"Site sobre Arte, Cultura, Pol\u00edtica, Sociedade e curiosidades da cidade de Duque de Caxias, RJ","publisher":{"@id":"https:\/\/lurdinha.org\/site\/#organization"},"alternateName":"Lurdinha","potentialAction":[{"@type":"SearchAction","target":{"@type":"EntryPoint","urlTemplate":"https:\/\/lurdinha.org\/site\/?s={search_term_string}"},"query-input":{"@type":"PropertyValueSpecification","valueRequired":true,"valueName":"search_term_string"}}],"inLanguage":"pt-BR"},{"@type":"Organization","@id":"https:\/\/lurdinha.org\/site\/#organization","name":"Lurdinha de Caxias","url":"https:\/\/lurdinha.org\/site\/","logo":{"@type":"ImageObject","inLanguage":"pt-BR","@id":"https:\/\/lurdinha.org\/site\/#\/schema\/logo\/image\/","url":"https:\/\/lurdinha.org\/site\/wp-content\/uploads\/logo-lurdinha.jpg","contentUrl":"https:\/\/lurdinha.org\/site\/wp-content\/uploads\/logo-lurdinha.jpg","width":640,"height":60,"caption":"Lurdinha de Caxias"},"image":{"@id":"https:\/\/lurdinha.org\/site\/#\/schema\/logo\/image\/"},"sameAs":["https:\/\/www.facebook.com\/LurdinhadeCaxias","https:\/\/www.instagram.com\/lurdinhadecaxias"]},{"@type":"Person","@id":"https:\/\/lurdinha.org\/site\/#\/schema\/person\/25ede176617af6b572f2f01289e72526","name":"Igor Freitas Lima","image":{"@type":"ImageObject","inLanguage":"pt-BR","@id":"https:\/\/secure.gravatar.com\/avatar\/ef2bed1b1c66f48b331c8f358b5c1f0e3ad42c5eaebbfa2417e39351fe95a793?s=96&d=mm&r=g","url":"https:\/\/secure.gravatar.com\/avatar\/ef2bed1b1c66f48b331c8f358b5c1f0e3ad42c5eaebbfa2417e39351fe95a793?s=96&d=mm&r=g","contentUrl":"https:\/\/secure.gravatar.com\/avatar\/ef2bed1b1c66f48b331c8f358b5c1f0e3ad42c5eaebbfa2417e39351fe95a793?s=96&d=mm&r=g","caption":"Igor Freitas Lima"},"description":"Fot\u00f3grafo e m\u00fasico. Integra o Coletivo Fala e o Barrac\u00e3o.","sameAs":["igor.f.lima.3","https:\/\/www.instagram.com\/igorfreitasbxd"],"url":"https:\/\/lurdinha.org\/site\/author\/igorfreitas\/"}]}},"views":3699,"_links":{"self":[{"href":"https:\/\/lurdinha.org\/site\/wp-json\/wp\/v2\/posts\/6034","targetHints":{"allow":["GET"]}}],"collection":[{"href":"https:\/\/lurdinha.org\/site\/wp-json\/wp\/v2\/posts"}],"about":[{"href":"https:\/\/lurdinha.org\/site\/wp-json\/wp\/v2\/types\/post"}],"author":[{"embeddable":true,"href":"https:\/\/lurdinha.org\/site\/wp-json\/wp\/v2\/users\/48"}],"replies":[{"embeddable":true,"href":"https:\/\/lurdinha.org\/site\/wp-json\/wp\/v2\/comments?post=6034"}],"version-history":[{"count":3,"href":"https:\/\/lurdinha.org\/site\/wp-json\/wp\/v2\/posts\/6034\/revisions"}],"predecessor-version":[{"id":6039,"href":"https:\/\/lurdinha.org\/site\/wp-json\/wp\/v2\/posts\/6034\/revisions\/6039"}],"wp:featuredmedia":[{"embeddable":true,"href":"https:\/\/lurdinha.org\/site\/wp-json\/wp\/v2\/media\/6037"}],"wp:attachment":[{"href":"https:\/\/lurdinha.org\/site\/wp-json\/wp\/v2\/media?parent=6034"}],"wp:term":[{"taxonomy":"category","embeddable":true,"href":"https:\/\/lurdinha.org\/site\/wp-json\/wp\/v2\/categories?post=6034"},{"taxonomy":"post_tag","embeddable":true,"href":"https:\/\/lurdinha.org\/site\/wp-json\/wp\/v2\/tags?post=6034"}],"curies":[{"name":"wp","href":"https:\/\/api.w.org\/{rel}","templated":true}]}}