{"id":5969,"date":"2016-03-25T06:18:37","date_gmt":"2016-03-25T06:18:37","guid":{"rendered":"http:\/\/lurdinha.org\/site\/?p=5969"},"modified":"2016-03-25T06:23:47","modified_gmt":"2016-03-25T06:23:47","slug":"evento-rock-na-biblioteca-volta-com-forca-total","status":"publish","type":"post","link":"https:\/\/lurdinha.org\/site\/evento-rock-na-biblioteca-volta-com-forca-total\/","title":{"rendered":"Evento Rock na Biblioteca volta com for\u00e7a total"},"content":{"rendered":"<p><img loading=\"lazy\" decoding=\"async\" class=\"alignnone size-large wp-image-5984\" src=\"http:\/\/lurdinha.org\/site\/wp-content\/uploads\/rock-na-biblioteca-610x230.jpg\" alt=\"Evento Rock na Biblioteca\" width=\"610\" height=\"230\" srcset=\"https:\/\/lurdinha.org\/site\/wp-content\/uploads\/rock-na-biblioteca-610x230.jpg 610w, https:\/\/lurdinha.org\/site\/wp-content\/uploads\/rock-na-biblioteca-300x113.jpg 300w, https:\/\/lurdinha.org\/site\/wp-content\/uploads\/rock-na-biblioteca-768x289.jpg 768w, https:\/\/lurdinha.org\/site\/wp-content\/uploads\/rock-na-biblioteca.jpg 784w\" sizes=\"auto, (max-width: 610px) 100vw, 610px\" \/><\/p>\n<p>O <strong>Rock na Biblioteca<\/strong> abre seu ano se firmando como um dos principais eventos de rock autoral na Baixada. Nesse retorno, a ideia gira em torno do m\u00eas da Mulher e o tema ser\u00e1 Mulheres do Rock, que al\u00e9m das bandas, vai contar com palestras e rodas de conversa tem\u00e1ticas.<\/p>\n<p>Quem quiser confirmar pela internet, o evento tem uma p\u00e1gina:\u00a0<a href=\"https:\/\/www.facebook.com\/events\/1564024433913227\/\" target=\"_blank\">https:\/\/www.facebook.com\/events\/1564024433913227\/<\/a><\/p>\n<p>&nbsp;<\/p>\n<h3>PROGRAMA\u00c7\u00c3O COMPLETA:<\/h3>\n<p>Primeira Mesa:<\/p>\n<p><strong>Moniquinha Venerabile<\/strong><\/p>\n<p>A Voz da Radio Fluminense ( A Maldita ) The Voice do ROCK NAS RADIOS DO BRASIL.<\/p>\n<p>CIDADE, 89FM de S\u00e3o PAULO s\u00e3o apenas algumas das Grandes Radios o qual passou.<\/p>\n<p>Atualmente na Radio Planet Rock<\/p>\n<p>Para quem n\u00e3o sabe, Moniquinha foi a primeira Voz a ser transmitida pela a Lendaria Radio que tinha em sua maior caracteristica contar com LOCUTORAS MULHERES.<\/p>\n<p><strong>Noemi MacHado<\/strong><\/p>\n<p>Produtora, Apresentadora de Radio e Membro de um dos Maiores Movimentos Rock do Rio de Janeiro.<\/p>\n<p>Ararib\u00f3ia Rock de Niteroi.<\/p>\n<p><strong>Iolly Amancio<\/strong><\/p>\n<p>Vocalista de Uma das Maiores Bandas da Baixada Fluminense.<\/p>\n<p>Banda Gente.<\/p>\n<p>Produtora e Articuladoras de Movimentos Sociais e Culturais.<\/p>\n<p><strong>Giordana Moreira<\/strong><\/p>\n<p>Produtora do Roque Pense, o Maior festival de Rock Organizado Unicamente por Mulheres do Rio de Jairo e um dos Maiores do Brasil.<\/p>\n<p><strong>Maria Fernanda Garbero<\/strong><\/p>\n<p>\u00c9 professora de teoria liter\u00e1ria e literatura brasileira na Universidade Federal Rural do Rio de Janeiro, campus Nova Igua\u00e7u, onde tamb\u00e9m \u00e9 uma das organizadoras da Semana da Mulher. H\u00e1 mais de 12 anos pesquisa temas que envolvem a rela\u00e7\u00e3o da mulher com os espa\u00e7os \u00f3ikos e polis.<\/p>\n<p>Media\u00e7\u00e3o Marcele Santos<\/p>\n<p>Formada em Assistencia Social, \u00e9 Articuladora e Militante de movimentos Sociais.<br \/>\n&#8211;<\/p>\n<h3><strong>Bandas:<\/strong><\/h3>\n<p>Banda Pornograma<\/p>\n<p>(Duque de Caxias)<\/p>\n<p>Rotativos<\/p>\n<p>Banda Intr\u00e9pida<\/p>\n<p>Pessoas Sombra<\/p>\n<p>&nbsp;<\/p>\n<h3><strong>SERVI\u00c7O:<\/strong><\/h3>\n<p>Dia 26\/03\/16, s\u00e1bado<br \/>\nA partir das 14h<br \/>\nLocal:<br \/>\nBiblioteca Municipal Gov. Leonel de Moura Brizola<br \/>\nPra\u00e7a do Pacificador<br \/>\nDuque de Caxias, Rio de Janeiro<\/p>\n","protected":false},"excerpt":{"rendered":"<p>O Rock na Biblioteca abre seu ano se firmando como um dos principais eventos de&#8230;<\/p>\n","protected":false},"author":2,"featured_media":0,"comment_status":"open","ping_status":"closed","sticky":false,"template":"","format":"standard","meta":{"footnotes":""},"categories":[8,14,7,5],"tags":[11,138,142,892],"class_list":["post-5969","post","type-post","status-publish","format-standard","hentry","category-evento","category-gente","category-musica","category-umaboa","tag-duque-de-caxias","tag-rock","tag-rock-baixada","tag-rock-na-biblioteca"],"yoast_head":"<!-- This site is optimized with the Yoast SEO plugin v27.5 - https:\/\/yoast.com\/product\/yoast-seo-wordpress\/ -->\n<title>Evento Rock na Biblioteca volta com for\u00e7a total - Lurdinha - Duque de Caxias para Est\u00f4magos Fortes<\/title>\n<meta name=\"robots\" content=\"index, follow, max-snippet:-1, max-image-preview:large, max-video-preview:-1\" \/>\n<link rel=\"canonical\" href=\"https:\/\/lurdinha.org\/site\/evento-rock-na-biblioteca-volta-com-forca-total\/\" \/>\n<meta property=\"og:locale\" content=\"pt_BR\" \/>\n<meta property=\"og:type\" content=\"article\" \/>\n<meta property=\"og:title\" content=\"Evento Rock na Biblioteca volta com for\u00e7a total - Lurdinha - Duque de Caxias para Est\u00f4magos Fortes\" \/>\n<meta property=\"og:description\" content=\"O Rock na Biblioteca abre seu ano se firmando como um dos principais eventos de...\" \/>\n<meta property=\"og:url\" content=\"https:\/\/lurdinha.org\/site\/evento-rock-na-biblioteca-volta-com-forca-total\/\" \/>\n<meta property=\"og:site_name\" content=\"Lurdinha - Duque de Caxias para Est\u00f4magos Fortes\" \/>\n<meta property=\"article:publisher\" content=\"https:\/\/www.facebook.com\/LurdinhadeCaxias\" \/>\n<meta property=\"article:author\" content=\"botocudo\" \/>\n<meta property=\"article:published_time\" content=\"2016-03-25T06:18:37+00:00\" \/>\n<meta property=\"article:modified_time\" content=\"2016-03-25T06:23:47+00:00\" \/>\n<meta property=\"og:image\" content=\"https:\/\/lurdinha.org\/site\/wp-content\/uploads\/rock-na-biblioteca.jpg\" \/>\n\t<meta property=\"og:image:width\" content=\"784\" \/>\n\t<meta property=\"og:image:height\" content=\"295\" \/>\n\t<meta property=\"og:image:type\" content=\"image\/jpeg\" \/>\n<meta name=\"author\" content=\"heraldo hb\" \/>\n<meta name=\"twitter:card\" content=\"summary_large_image\" \/>\n<meta name=\"twitter:label1\" content=\"Escrito por\" \/>\n\t<meta name=\"twitter:data1\" content=\"heraldo hb\" \/>\n\t<meta name=\"twitter:label2\" content=\"Est. tempo de leitura\" \/>\n\t<meta name=\"twitter:data2\" content=\"2 minutos\" \/>\n<script type=\"application\/ld+json\" class=\"yoast-schema-graph\">{\"@context\":\"https:\\\/\\\/schema.org\",\"@graph\":[{\"@type\":\"Article\",\"@id\":\"https:\\\/\\\/lurdinha.org\\\/site\\\/evento-rock-na-biblioteca-volta-com-forca-total\\\/#article\",\"isPartOf\":{\"@id\":\"https:\\\/\\\/lurdinha.org\\\/site\\\/evento-rock-na-biblioteca-volta-com-forca-total\\\/\"},\"author\":{\"name\":\"heraldo hb\",\"@id\":\"https:\\\/\\\/lurdinha.org\\\/site\\\/#\\\/schema\\\/person\\\/b833bb6a7f82598bf0e95e4c30874251\"},\"headline\":\"Evento Rock na Biblioteca volta com for\u00e7a total\",\"datePublished\":\"2016-03-25T06:18:37+00:00\",\"dateModified\":\"2016-03-25T06:23:47+00:00\",\"mainEntityOfPage\":{\"@id\":\"https:\\\/\\\/lurdinha.org\\\/site\\\/evento-rock-na-biblioteca-volta-com-forca-total\\\/\"},\"wordCount\":326,\"commentCount\":0,\"publisher\":{\"@id\":\"https:\\\/\\\/lurdinha.org\\\/site\\\/#organization\"},\"image\":{\"@id\":\"https:\\\/\\\/lurdinha.org\\\/site\\\/evento-rock-na-biblioteca-volta-com-forca-total\\\/#primaryimage\"},\"thumbnailUrl\":\"http:\\\/\\\/lurdinha.org\\\/site\\\/wp-content\\\/uploads\\\/rock-na-biblioteca-610x230.jpg\",\"keywords\":[\"duque-de-caxias\",\"rock\",\"rock Baixada\",\"Rock na Biblioteca\"],\"articleSection\":[\"evento\",\"gente\",\"m\u00fasica\",\"uma boa\"],\"inLanguage\":\"pt-BR\",\"potentialAction\":[{\"@type\":\"CommentAction\",\"name\":\"Comment\",\"target\":[\"https:\\\/\\\/lurdinha.org\\\/site\\\/evento-rock-na-biblioteca-volta-com-forca-total\\\/#respond\"]}]},{\"@type\":\"WebPage\",\"@id\":\"https:\\\/\\\/lurdinha.org\\\/site\\\/evento-rock-na-biblioteca-volta-com-forca-total\\\/\",\"url\":\"https:\\\/\\\/lurdinha.org\\\/site\\\/evento-rock-na-biblioteca-volta-com-forca-total\\\/\",\"name\":\"Evento Rock na Biblioteca volta com for\u00e7a total - Lurdinha - Duque de Caxias para Est\u00f4magos Fortes\",\"isPartOf\":{\"@id\":\"https:\\\/\\\/lurdinha.org\\\/site\\\/#website\"},\"primaryImageOfPage\":{\"@id\":\"https:\\\/\\\/lurdinha.org\\\/site\\\/evento-rock-na-biblioteca-volta-com-forca-total\\\/#primaryimage\"},\"image\":{\"@id\":\"https:\\\/\\\/lurdinha.org\\\/site\\\/evento-rock-na-biblioteca-volta-com-forca-total\\\/#primaryimage\"},\"thumbnailUrl\":\"http:\\\/\\\/lurdinha.org\\\/site\\\/wp-content\\\/uploads\\\/rock-na-biblioteca-610x230.jpg\",\"datePublished\":\"2016-03-25T06:18:37+00:00\",\"dateModified\":\"2016-03-25T06:23:47+00:00\",\"breadcrumb\":{\"@id\":\"https:\\\/\\\/lurdinha.org\\\/site\\\/evento-rock-na-biblioteca-volta-com-forca-total\\\/#breadcrumb\"},\"inLanguage\":\"pt-BR\",\"potentialAction\":[{\"@type\":\"ReadAction\",\"target\":[\"https:\\\/\\\/lurdinha.org\\\/site\\\/evento-rock-na-biblioteca-volta-com-forca-total\\\/\"]}]},{\"@type\":\"ImageObject\",\"inLanguage\":\"pt-BR\",\"@id\":\"https:\\\/\\\/lurdinha.org\\\/site\\\/evento-rock-na-biblioteca-volta-com-forca-total\\\/#primaryimage\",\"url\":\"https:\\\/\\\/lurdinha.org\\\/site\\\/wp-content\\\/uploads\\\/rock-na-biblioteca.jpg\",\"contentUrl\":\"https:\\\/\\\/lurdinha.org\\\/site\\\/wp-content\\\/uploads\\\/rock-na-biblioteca.jpg\",\"width\":784,\"height\":295,\"caption\":\"Evento Rock na Biblioteca\"},{\"@type\":\"BreadcrumbList\",\"@id\":\"https:\\\/\\\/lurdinha.org\\\/site\\\/evento-rock-na-biblioteca-volta-com-forca-total\\\/#breadcrumb\",\"itemListElement\":[{\"@type\":\"ListItem\",\"position\":1,\"name\":\"In\u00edcio\",\"item\":\"https:\\\/\\\/lurdinha.org\\\/site\\\/\"},{\"@type\":\"ListItem\",\"position\":2,\"name\":\"Evento Rock na Biblioteca volta com for\u00e7a total\"}]},{\"@type\":\"WebSite\",\"@id\":\"https:\\\/\\\/lurdinha.org\\\/site\\\/#website\",\"url\":\"https:\\\/\\\/lurdinha.org\\\/site\\\/\",\"name\":\"Lurdinha - Duque de Caxias para Est\u00f4magos Fortes\",\"description\":\"Site sobre Arte, Cultura, Pol\u00edtica, Sociedade e curiosidades da cidade de Duque de Caxias, RJ\",\"publisher\":{\"@id\":\"https:\\\/\\\/lurdinha.org\\\/site\\\/#organization\"},\"alternateName\":\"Lurdinha\",\"potentialAction\":[{\"@type\":\"SearchAction\",\"target\":{\"@type\":\"EntryPoint\",\"urlTemplate\":\"https:\\\/\\\/lurdinha.org\\\/site\\\/?s={search_term_string}\"},\"query-input\":{\"@type\":\"PropertyValueSpecification\",\"valueRequired\":true,\"valueName\":\"search_term_string\"}}],\"inLanguage\":\"pt-BR\"},{\"@type\":\"Organization\",\"@id\":\"https:\\\/\\\/lurdinha.org\\\/site\\\/#organization\",\"name\":\"Lurdinha de Caxias\",\"url\":\"https:\\\/\\\/lurdinha.org\\\/site\\\/\",\"logo\":{\"@type\":\"ImageObject\",\"inLanguage\":\"pt-BR\",\"@id\":\"https:\\\/\\\/lurdinha.org\\\/site\\\/#\\\/schema\\\/logo\\\/image\\\/\",\"url\":\"https:\\\/\\\/lurdinha.org\\\/site\\\/wp-content\\\/uploads\\\/logo-lurdinha.jpg\",\"contentUrl\":\"https:\\\/\\\/lurdinha.org\\\/site\\\/wp-content\\\/uploads\\\/logo-lurdinha.jpg\",\"width\":640,\"height\":60,\"caption\":\"Lurdinha de Caxias\"},\"image\":{\"@id\":\"https:\\\/\\\/lurdinha.org\\\/site\\\/#\\\/schema\\\/logo\\\/image\\\/\"},\"sameAs\":[\"https:\\\/\\\/www.facebook.com\\\/LurdinhadeCaxias\",\"https:\\\/\\\/www.instagram.com\\\/lurdinhadecaxias\"]},{\"@type\":\"Person\",\"@id\":\"https:\\\/\\\/lurdinha.org\\\/site\\\/#\\\/schema\\\/person\\\/b833bb6a7f82598bf0e95e4c30874251\",\"name\":\"heraldo hb\",\"image\":{\"@type\":\"ImageObject\",\"inLanguage\":\"pt-BR\",\"@id\":\"https:\\\/\\\/secure.gravatar.com\\\/avatar\\\/5de9fe99c72cb6885bbdaa24b1c5738b0f673d265de18720fae7463d5f47b48d?s=96&d=mm&r=g\",\"url\":\"https:\\\/\\\/secure.gravatar.com\\\/avatar\\\/5de9fe99c72cb6885bbdaa24b1c5738b0f673d265de18720fae7463d5f47b48d?s=96&d=mm&r=g\",\"contentUrl\":\"https:\\\/\\\/secure.gravatar.com\\\/avatar\\\/5de9fe99c72cb6885bbdaa24b1c5738b0f673d265de18720fae7463d5f47b48d?s=96&d=mm&r=g\",\"caption\":\"heraldo hb\"},\"description\":\"Cineasta, animador cultural, escritor e educador nascido no s\u00e9culo XX\",\"sameAs\":[\"http:\\\/\\\/wwww.relinkare.org\",\"botocudo\",\"heraldohb\",\"relinkare\"],\"url\":\"https:\\\/\\\/lurdinha.org\\\/site\\\/author\\\/heraldohb\\\/\"}]}<\/script>\n<!-- \/ Yoast SEO plugin. -->","yoast_head_json":{"title":"Evento Rock na Biblioteca volta com for\u00e7a total - Lurdinha - Duque de Caxias para Est\u00f4magos Fortes","robots":{"index":"index","follow":"follow","max-snippet":"max-snippet:-1","max-image-preview":"max-image-preview:large","max-video-preview":"max-video-preview:-1"},"canonical":"https:\/\/lurdinha.org\/site\/evento-rock-na-biblioteca-volta-com-forca-total\/","og_locale":"pt_BR","og_type":"article","og_title":"Evento Rock na Biblioteca volta com for\u00e7a total - Lurdinha - Duque de Caxias para Est\u00f4magos Fortes","og_description":"O Rock na Biblioteca abre seu ano se firmando como um dos principais eventos de...","og_url":"https:\/\/lurdinha.org\/site\/evento-rock-na-biblioteca-volta-com-forca-total\/","og_site_name":"Lurdinha - Duque de Caxias para Est\u00f4magos Fortes","article_publisher":"https:\/\/www.facebook.com\/LurdinhadeCaxias","article_author":"botocudo","article_published_time":"2016-03-25T06:18:37+00:00","article_modified_time":"2016-03-25T06:23:47+00:00","og_image":[{"width":784,"height":295,"url":"https:\/\/lurdinha.org\/site\/wp-content\/uploads\/rock-na-biblioteca.jpg","type":"image\/jpeg"}],"author":"heraldo hb","twitter_card":"summary_large_image","twitter_misc":{"Escrito por":"heraldo hb","Est. tempo de leitura":"2 minutos"},"schema":{"@context":"https:\/\/schema.org","@graph":[{"@type":"Article","@id":"https:\/\/lurdinha.org\/site\/evento-rock-na-biblioteca-volta-com-forca-total\/#article","isPartOf":{"@id":"https:\/\/lurdinha.org\/site\/evento-rock-na-biblioteca-volta-com-forca-total\/"},"author":{"name":"heraldo hb","@id":"https:\/\/lurdinha.org\/site\/#\/schema\/person\/b833bb6a7f82598bf0e95e4c30874251"},"headline":"Evento Rock na Biblioteca volta com for\u00e7a total","datePublished":"2016-03-25T06:18:37+00:00","dateModified":"2016-03-25T06:23:47+00:00","mainEntityOfPage":{"@id":"https:\/\/lurdinha.org\/site\/evento-rock-na-biblioteca-volta-com-forca-total\/"},"wordCount":326,"commentCount":0,"publisher":{"@id":"https:\/\/lurdinha.org\/site\/#organization"},"image":{"@id":"https:\/\/lurdinha.org\/site\/evento-rock-na-biblioteca-volta-com-forca-total\/#primaryimage"},"thumbnailUrl":"http:\/\/lurdinha.org\/site\/wp-content\/uploads\/rock-na-biblioteca-610x230.jpg","keywords":["duque-de-caxias","rock","rock Baixada","Rock na Biblioteca"],"articleSection":["evento","gente","m\u00fasica","uma boa"],"inLanguage":"pt-BR","potentialAction":[{"@type":"CommentAction","name":"Comment","target":["https:\/\/lurdinha.org\/site\/evento-rock-na-biblioteca-volta-com-forca-total\/#respond"]}]},{"@type":"WebPage","@id":"https:\/\/lurdinha.org\/site\/evento-rock-na-biblioteca-volta-com-forca-total\/","url":"https:\/\/lurdinha.org\/site\/evento-rock-na-biblioteca-volta-com-forca-total\/","name":"Evento Rock na Biblioteca volta com for\u00e7a total - Lurdinha - Duque de Caxias para Est\u00f4magos Fortes","isPartOf":{"@id":"https:\/\/lurdinha.org\/site\/#website"},"primaryImageOfPage":{"@id":"https:\/\/lurdinha.org\/site\/evento-rock-na-biblioteca-volta-com-forca-total\/#primaryimage"},"image":{"@id":"https:\/\/lurdinha.org\/site\/evento-rock-na-biblioteca-volta-com-forca-total\/#primaryimage"},"thumbnailUrl":"http:\/\/lurdinha.org\/site\/wp-content\/uploads\/rock-na-biblioteca-610x230.jpg","datePublished":"2016-03-25T06:18:37+00:00","dateModified":"2016-03-25T06:23:47+00:00","breadcrumb":{"@id":"https:\/\/lurdinha.org\/site\/evento-rock-na-biblioteca-volta-com-forca-total\/#breadcrumb"},"inLanguage":"pt-BR","potentialAction":[{"@type":"ReadAction","target":["https:\/\/lurdinha.org\/site\/evento-rock-na-biblioteca-volta-com-forca-total\/"]}]},{"@type":"ImageObject","inLanguage":"pt-BR","@id":"https:\/\/lurdinha.org\/site\/evento-rock-na-biblioteca-volta-com-forca-total\/#primaryimage","url":"https:\/\/lurdinha.org\/site\/wp-content\/uploads\/rock-na-biblioteca.jpg","contentUrl":"https:\/\/lurdinha.org\/site\/wp-content\/uploads\/rock-na-biblioteca.jpg","width":784,"height":295,"caption":"Evento Rock na Biblioteca"},{"@type":"BreadcrumbList","@id":"https:\/\/lurdinha.org\/site\/evento-rock-na-biblioteca-volta-com-forca-total\/#breadcrumb","itemListElement":[{"@type":"ListItem","position":1,"name":"In\u00edcio","item":"https:\/\/lurdinha.org\/site\/"},{"@type":"ListItem","position":2,"name":"Evento Rock na Biblioteca volta com for\u00e7a total"}]},{"@type":"WebSite","@id":"https:\/\/lurdinha.org\/site\/#website","url":"https:\/\/lurdinha.org\/site\/","name":"Lurdinha - Duque de Caxias para Est\u00f4magos Fortes","description":"Site sobre Arte, Cultura, Pol\u00edtica, Sociedade e curiosidades da cidade de Duque de Caxias, RJ","publisher":{"@id":"https:\/\/lurdinha.org\/site\/#organization"},"alternateName":"Lurdinha","potentialAction":[{"@type":"SearchAction","target":{"@type":"EntryPoint","urlTemplate":"https:\/\/lurdinha.org\/site\/?s={search_term_string}"},"query-input":{"@type":"PropertyValueSpecification","valueRequired":true,"valueName":"search_term_string"}}],"inLanguage":"pt-BR"},{"@type":"Organization","@id":"https:\/\/lurdinha.org\/site\/#organization","name":"Lurdinha de Caxias","url":"https:\/\/lurdinha.org\/site\/","logo":{"@type":"ImageObject","inLanguage":"pt-BR","@id":"https:\/\/lurdinha.org\/site\/#\/schema\/logo\/image\/","url":"https:\/\/lurdinha.org\/site\/wp-content\/uploads\/logo-lurdinha.jpg","contentUrl":"https:\/\/lurdinha.org\/site\/wp-content\/uploads\/logo-lurdinha.jpg","width":640,"height":60,"caption":"Lurdinha de Caxias"},"image":{"@id":"https:\/\/lurdinha.org\/site\/#\/schema\/logo\/image\/"},"sameAs":["https:\/\/www.facebook.com\/LurdinhadeCaxias","https:\/\/www.instagram.com\/lurdinhadecaxias"]},{"@type":"Person","@id":"https:\/\/lurdinha.org\/site\/#\/schema\/person\/b833bb6a7f82598bf0e95e4c30874251","name":"heraldo hb","image":{"@type":"ImageObject","inLanguage":"pt-BR","@id":"https:\/\/secure.gravatar.com\/avatar\/5de9fe99c72cb6885bbdaa24b1c5738b0f673d265de18720fae7463d5f47b48d?s=96&d=mm&r=g","url":"https:\/\/secure.gravatar.com\/avatar\/5de9fe99c72cb6885bbdaa24b1c5738b0f673d265de18720fae7463d5f47b48d?s=96&d=mm&r=g","contentUrl":"https:\/\/secure.gravatar.com\/avatar\/5de9fe99c72cb6885bbdaa24b1c5738b0f673d265de18720fae7463d5f47b48d?s=96&d=mm&r=g","caption":"heraldo hb"},"description":"Cineasta, animador cultural, escritor e educador nascido no s\u00e9culo XX","sameAs":["http:\/\/wwww.relinkare.org","botocudo","heraldohb","relinkare"],"url":"https:\/\/lurdinha.org\/site\/author\/heraldohb\/"}]}},"views":2710,"_links":{"self":[{"href":"https:\/\/lurdinha.org\/site\/wp-json\/wp\/v2\/posts\/5969","targetHints":{"allow":["GET"]}}],"collection":[{"href":"https:\/\/lurdinha.org\/site\/wp-json\/wp\/v2\/posts"}],"about":[{"href":"https:\/\/lurdinha.org\/site\/wp-json\/wp\/v2\/types\/post"}],"author":[{"embeddable":true,"href":"https:\/\/lurdinha.org\/site\/wp-json\/wp\/v2\/users\/2"}],"replies":[{"embeddable":true,"href":"https:\/\/lurdinha.org\/site\/wp-json\/wp\/v2\/comments?post=5969"}],"version-history":[{"count":5,"href":"https:\/\/lurdinha.org\/site\/wp-json\/wp\/v2\/posts\/5969\/revisions"}],"predecessor-version":[{"id":5985,"href":"https:\/\/lurdinha.org\/site\/wp-json\/wp\/v2\/posts\/5969\/revisions\/5985"}],"wp:attachment":[{"href":"https:\/\/lurdinha.org\/site\/wp-json\/wp\/v2\/media?parent=5969"}],"wp:term":[{"taxonomy":"category","embeddable":true,"href":"https:\/\/lurdinha.org\/site\/wp-json\/wp\/v2\/categories?post=5969"},{"taxonomy":"post_tag","embeddable":true,"href":"https:\/\/lurdinha.org\/site\/wp-json\/wp\/v2\/tags?post=5969"}],"curies":[{"name":"wp","href":"https:\/\/api.w.org\/{rel}","templated":true}]}}