{"id":5955,"date":"2016-03-22T05:12:40","date_gmt":"2016-03-22T05:12:40","guid":{"rendered":"http:\/\/lurdinha.org\/site\/?p=5955"},"modified":"2017-04-20T23:40:15","modified_gmt":"2017-04-20T23:40:15","slug":"o-samba-caxiense-perde-o-genial-compositor-ica","status":"publish","type":"post","link":"https:\/\/lurdinha.org\/site\/o-samba-caxiense-perde-o-genial-compositor-ica\/","title":{"rendered":"O samba caxiense perde o genial compositor Ica"},"content":{"rendered":"<p>Semana passada, dia 15\/03\/16,\u00a0\u00a0a cultura na Baixada Fluminense, em especial Duque de Caxias, viveu momento de grande tristeza com a morte do querido compositor Danuil Miguel, conhecido popularmente como <strong>Ica<\/strong>.<\/p>\n<p>Al\u00e9m de um ser humano incr\u00edvel, o cara era dono de um talento desses grandes. Na seara do samba, possu\u00eda aquele dom pra uma linha mel\u00f3dica que s\u00f3 tem mesmo quem \u00e9 mestre no assunto.<\/p>\n<p>Nascido em\u00a0 <span data-ft=\"{&quot;tn&quot;:&quot;K&quot;}\"><span class=\"UFICommentBody\">11 de maio de 1944, Ica desde cedo teve liga\u00e7\u00e3o com o samba, mas foi o futebol sua primeira paix\u00e3o, quase chegando a se dedicar profissionalmente ao esporte. Figura querid\u00edssima no Centen\u00e1rio, principalmente na Mangueirinha, onde sua fama \u00e9 grande como sambista e como uma dessas pessoas que carregam a sabedoria espiritual dos malandros . Respeitado compositor, conceituado em v\u00e1rias escolas de samba e blocos, Ica vem da linhagem da <strong>Uni\u00e3o do Centen\u00e1rio<\/strong>, uma das\u00a0quatro\u00a0lend\u00e1rias agremia\u00e7\u00f5es do Carnaval caxiense. \u00c9 autor do hino da Velha Guarda Musical da Grande Rio.\u00a0<\/span><\/span><\/p>\n<p>Comigo levarei suas m\u00fasicas na mente e a lembran\u00e7a do carinho que ele sempre teve por mim.<\/p>\n<p>&nbsp;<\/p>\n<p>Durante a semana, vamos publicando l\u00e1 pela Lurdinha, alguns de seus geniais sambas, como uma forma de homenagem a esse baluarte da m\u00fasica e da cultura popular do Rio de Janeiro.<\/p>\n<p>&#8211;<\/p>\n<p><strong>ARTE DE COMPOR<\/strong><\/p>\n<p>\u201cFa\u00e7o samba pra alegrar a minha mente<\/p>\n<p>me sinto todo contente quando come\u00e7o a compor<\/p>\n<p>O samba nasce de uma forma t\u00e3o bonita<\/p>\n<p>\u00e9 uma mensagem quea gita todo o meu interior<\/p>\n<p>Pra quem n\u00e3o sabe<\/p>\n<p>\u00e9 uma d\u00e1diva divina<\/p>\n<p>\u00e9 uma Luz que ilumina, que funde a cabe\u00e7a com o cora\u00e7\u00e3o<\/p>\n<p>A boca liberta o sorriso na alegria de compor<\/p>\n<p>Meu Deus, como te agrade\u00e7o fizeste de mim mais um compositor<\/p>\n<p>Rom\u00e2ntico e poeta, um eterno orador<\/p>\n<p>falando da coisa mais linda que \u00e9 o Amor&#8230;\u201d<\/p>\n<p><iframe loading=\"lazy\" src=\"https:\/\/w.soundcloud.com\/player\/?url=https%3A\/\/api.soundcloud.com\/tracks\/254764110&amp;auto_play=false&amp;hide_related=false&amp;show_comments=true&amp;show_user=true&amp;show_reposts=false&amp;visual=true\" width=\"100%\" height=\"450\" frameborder=\"no\" scrolling=\"no\"><\/iframe><\/p>\n<p>&#8211;<\/p>\n<figure id=\"attachment_5958\" aria-describedby=\"caption-attachment-5958\" style=\"width: 540px\" class=\"wp-caption alignnone\"><img loading=\"lazy\" decoding=\"async\" class=\"size-full wp-image-5958\" src=\"http:\/\/lurdinha.org\/site\/wp-content\/uploads\/ica-.jpg\" alt=\"ica - compositor sambista caxiense\" width=\"540\" height=\"540\" srcset=\"https:\/\/lurdinha.org\/site\/wp-content\/uploads\/ica-.jpg 540w, https:\/\/lurdinha.org\/site\/wp-content\/uploads\/ica--150x150.jpg 150w, https:\/\/lurdinha.org\/site\/wp-content\/uploads\/ica--300x300.jpg 300w\" sizes=\"auto, (max-width: 540px) 100vw, 540px\" \/><figcaption id=\"caption-attachment-5958\" class=\"wp-caption-text\">Ica em show no Sesi Caxias. Foto: Raffael Barretto<\/figcaption><\/figure>\n<p>.<\/p>\n<figure id=\"attachment_412\" aria-describedby=\"caption-attachment-412\" style=\"width: 540px\" class=\"wp-caption alignnone\"><img loading=\"lazy\" decoding=\"async\" class=\"wp-image-412 size-full\" src=\"http:\/\/relinkare.org\/site\/wp-content\/uploads\/2016\/03\/ica-niver-1.jpg\" alt=\"O samba caxiense perde o compositor Ica\" width=\"540\" height=\"405\" \/><figcaption id=\"caption-attachment-412\" class=\"wp-caption-text\">Ica em seu anivers\u00e1rio de 2010. Foto: Heraldo HB<\/figcaption><\/figure>\n<p>.<\/p>\n<figure id=\"attachment_413\" aria-describedby=\"caption-attachment-413\" style=\"width: 540px\" class=\"wp-caption alignnone\"><img loading=\"lazy\" decoding=\"async\" class=\"wp-image-413 size-full\" src=\"http:\/\/relinkare.org\/site\/wp-content\/uploads\/2016\/03\/ica-1.jpg\" alt=\"ica - sambista caxiense\" width=\"540\" height=\"720\" \/><figcaption id=\"caption-attachment-413\" class=\"wp-caption-text\">Foto do acervo da fam\u00edlia<\/figcaption><\/figure>\n<p>&#8211;<\/p>\n<p><iframe loading=\"lazy\" title=\"Anivers\u00e1rio do compositor Ica - Duque de Caxias - maio 2010\" width=\"640\" height=\"480\" src=\"https:\/\/www.youtube.com\/embed\/h13-yLioDCc?feature=oembed\" frameborder=\"0\" allow=\"accelerometer; autoplay; clipboard-write; encrypted-media; gyroscope; picture-in-picture; web-share\" referrerpolicy=\"strict-origin-when-cross-origin\" allowfullscreen><\/iframe><\/p>\n<p><iframe loading=\"lazy\" title=\"Anivers\u00e1rio do sambista compositor Ica, comemorado na Lira de Ouro, em maio de 2010.\" width=\"640\" height=\"480\" src=\"https:\/\/www.youtube.com\/embed\/28kJnFVFUjs?feature=oembed\" frameborder=\"0\" allow=\"accelerometer; autoplay; clipboard-write; encrypted-media; gyroscope; picture-in-picture; web-share\" referrerpolicy=\"strict-origin-when-cross-origin\" allowfullscreen><\/iframe><\/p>\n<p>&nbsp;<\/p>\n","protected":false},"excerpt":{"rendered":"<p>Semana passada, dia 15\/03\/16,\u00a0\u00a0a cultura na Baixada Fluminense, em especial Duque de Caxias, viveu momento&#8230;<\/p>\n","protected":false},"author":2,"featured_media":5958,"comment_status":"open","ping_status":"closed","sticky":false,"template":"","format":"standard","meta":{"footnotes":""},"categories":[14,9,7],"tags":[318,890,11,889,198,333],"class_list":["post-5955","post","type-post","status-publish","format-standard","has-post-thumbnail","hentry","category-gente","category-historia","category-musica","tag-baixada-flumimense","tag-danuil-miguel","tag-duque-de-caxias","tag-ica","tag-samba-caxiense","tag-uniao-do-centenario"],"yoast_head":"<!-- This site is optimized with the Yoast SEO plugin v27.3 - https:\/\/yoast.com\/product\/yoast-seo-wordpress\/ -->\n<title>O samba caxiense perde o genial compositor Ica - Lurdinha - Duque de Caxias para Est\u00f4magos Fortes<\/title>\n<meta name=\"robots\" content=\"index, follow, max-snippet:-1, max-image-preview:large, max-video-preview:-1\" \/>\n<link rel=\"canonical\" href=\"https:\/\/lurdinha.org\/site\/o-samba-caxiense-perde-o-genial-compositor-ica\/\" \/>\n<meta property=\"og:locale\" content=\"pt_BR\" \/>\n<meta property=\"og:type\" content=\"article\" \/>\n<meta property=\"og:title\" content=\"O samba caxiense perde o genial compositor Ica - Lurdinha - Duque de Caxias para Est\u00f4magos Fortes\" \/>\n<meta property=\"og:description\" content=\"Semana passada, dia 15\/03\/16,\u00a0\u00a0a cultura na Baixada Fluminense, em especial Duque de Caxias, viveu momento...\" \/>\n<meta property=\"og:url\" content=\"https:\/\/lurdinha.org\/site\/o-samba-caxiense-perde-o-genial-compositor-ica\/\" \/>\n<meta property=\"og:site_name\" content=\"Lurdinha - Duque de Caxias para Est\u00f4magos Fortes\" \/>\n<meta property=\"article:publisher\" content=\"https:\/\/www.facebook.com\/LurdinhadeCaxias\" \/>\n<meta property=\"article:author\" content=\"botocudo\" \/>\n<meta property=\"article:published_time\" content=\"2016-03-22T05:12:40+00:00\" \/>\n<meta property=\"article:modified_time\" content=\"2017-04-20T23:40:15+00:00\" \/>\n<meta property=\"og:image\" content=\"https:\/\/lurdinha.org\/site\/wp-content\/uploads\/ica-.jpg\" \/>\n\t<meta property=\"og:image:width\" content=\"540\" \/>\n\t<meta property=\"og:image:height\" content=\"540\" \/>\n\t<meta property=\"og:image:type\" content=\"image\/jpeg\" \/>\n<meta name=\"author\" content=\"heraldo hb\" \/>\n<meta name=\"twitter:card\" content=\"summary_large_image\" \/>\n<meta name=\"twitter:label1\" content=\"Escrito por\" \/>\n\t<meta name=\"twitter:data1\" content=\"heraldo hb\" \/>\n\t<meta name=\"twitter:label2\" content=\"Est. tempo de leitura\" \/>\n\t<meta name=\"twitter:data2\" content=\"2 minutos\" \/>\n<script type=\"application\/ld+json\" class=\"yoast-schema-graph\">{\"@context\":\"https:\\\/\\\/schema.org\",\"@graph\":[{\"@type\":\"Article\",\"@id\":\"https:\\\/\\\/lurdinha.org\\\/site\\\/o-samba-caxiense-perde-o-genial-compositor-ica\\\/#article\",\"isPartOf\":{\"@id\":\"https:\\\/\\\/lurdinha.org\\\/site\\\/o-samba-caxiense-perde-o-genial-compositor-ica\\\/\"},\"author\":{\"name\":\"heraldo hb\",\"@id\":\"https:\\\/\\\/lurdinha.org\\\/site\\\/#\\\/schema\\\/person\\\/b833bb6a7f82598bf0e95e4c30874251\"},\"headline\":\"O samba caxiense perde o genial compositor Ica\",\"datePublished\":\"2016-03-22T05:12:40+00:00\",\"dateModified\":\"2017-04-20T23:40:15+00:00\",\"mainEntityOfPage\":{\"@id\":\"https:\\\/\\\/lurdinha.org\\\/site\\\/o-samba-caxiense-perde-o-genial-compositor-ica\\\/\"},\"wordCount\":385,\"commentCount\":0,\"publisher\":{\"@id\":\"https:\\\/\\\/lurdinha.org\\\/site\\\/#organization\"},\"image\":{\"@id\":\"https:\\\/\\\/lurdinha.org\\\/site\\\/o-samba-caxiense-perde-o-genial-compositor-ica\\\/#primaryimage\"},\"thumbnailUrl\":\"https:\\\/\\\/lurdinha.org\\\/site\\\/wp-content\\\/uploads\\\/ica-.jpg\",\"keywords\":[\"Baixada Flumimense\",\"danuil miguel\",\"duque-de-caxias\",\"ica\",\"samba caxiense\",\"Uni\u00e3o do Centen\u00e1rio\"],\"articleSection\":[\"gente\",\"hist\u00f3ria\",\"m\u00fasica\"],\"inLanguage\":\"pt-BR\",\"potentialAction\":[{\"@type\":\"CommentAction\",\"name\":\"Comment\",\"target\":[\"https:\\\/\\\/lurdinha.org\\\/site\\\/o-samba-caxiense-perde-o-genial-compositor-ica\\\/#respond\"]}]},{\"@type\":\"WebPage\",\"@id\":\"https:\\\/\\\/lurdinha.org\\\/site\\\/o-samba-caxiense-perde-o-genial-compositor-ica\\\/\",\"url\":\"https:\\\/\\\/lurdinha.org\\\/site\\\/o-samba-caxiense-perde-o-genial-compositor-ica\\\/\",\"name\":\"O samba caxiense perde o genial compositor Ica - Lurdinha - Duque de Caxias para Est\u00f4magos Fortes\",\"isPartOf\":{\"@id\":\"https:\\\/\\\/lurdinha.org\\\/site\\\/#website\"},\"primaryImageOfPage\":{\"@id\":\"https:\\\/\\\/lurdinha.org\\\/site\\\/o-samba-caxiense-perde-o-genial-compositor-ica\\\/#primaryimage\"},\"image\":{\"@id\":\"https:\\\/\\\/lurdinha.org\\\/site\\\/o-samba-caxiense-perde-o-genial-compositor-ica\\\/#primaryimage\"},\"thumbnailUrl\":\"https:\\\/\\\/lurdinha.org\\\/site\\\/wp-content\\\/uploads\\\/ica-.jpg\",\"datePublished\":\"2016-03-22T05:12:40+00:00\",\"dateModified\":\"2017-04-20T23:40:15+00:00\",\"breadcrumb\":{\"@id\":\"https:\\\/\\\/lurdinha.org\\\/site\\\/o-samba-caxiense-perde-o-genial-compositor-ica\\\/#breadcrumb\"},\"inLanguage\":\"pt-BR\",\"potentialAction\":[{\"@type\":\"ReadAction\",\"target\":[\"https:\\\/\\\/lurdinha.org\\\/site\\\/o-samba-caxiense-perde-o-genial-compositor-ica\\\/\"]}]},{\"@type\":\"ImageObject\",\"inLanguage\":\"pt-BR\",\"@id\":\"https:\\\/\\\/lurdinha.org\\\/site\\\/o-samba-caxiense-perde-o-genial-compositor-ica\\\/#primaryimage\",\"url\":\"https:\\\/\\\/lurdinha.org\\\/site\\\/wp-content\\\/uploads\\\/ica-.jpg\",\"contentUrl\":\"https:\\\/\\\/lurdinha.org\\\/site\\\/wp-content\\\/uploads\\\/ica-.jpg\",\"width\":540,\"height\":540,\"caption\":\"Ica em show no Sesi Caxias. Foto: Raffael Barretto\"},{\"@type\":\"BreadcrumbList\",\"@id\":\"https:\\\/\\\/lurdinha.org\\\/site\\\/o-samba-caxiense-perde-o-genial-compositor-ica\\\/#breadcrumb\",\"itemListElement\":[{\"@type\":\"ListItem\",\"position\":1,\"name\":\"In\u00edcio\",\"item\":\"https:\\\/\\\/lurdinha.org\\\/site\\\/\"},{\"@type\":\"ListItem\",\"position\":2,\"name\":\"O samba caxiense perde o genial compositor Ica\"}]},{\"@type\":\"WebSite\",\"@id\":\"https:\\\/\\\/lurdinha.org\\\/site\\\/#website\",\"url\":\"https:\\\/\\\/lurdinha.org\\\/site\\\/\",\"name\":\"Lurdinha - Duque de Caxias para Est\u00f4magos Fortes\",\"description\":\"Site sobre Arte, Cultura, Pol\u00edtica, Sociedade e curiosidades da cidade de Duque de Caxias, RJ\",\"publisher\":{\"@id\":\"https:\\\/\\\/lurdinha.org\\\/site\\\/#organization\"},\"alternateName\":\"Lurdinha\",\"potentialAction\":[{\"@type\":\"SearchAction\",\"target\":{\"@type\":\"EntryPoint\",\"urlTemplate\":\"https:\\\/\\\/lurdinha.org\\\/site\\\/?s={search_term_string}\"},\"query-input\":{\"@type\":\"PropertyValueSpecification\",\"valueRequired\":true,\"valueName\":\"search_term_string\"}}],\"inLanguage\":\"pt-BR\"},{\"@type\":\"Organization\",\"@id\":\"https:\\\/\\\/lurdinha.org\\\/site\\\/#organization\",\"name\":\"Lurdinha de Caxias\",\"url\":\"https:\\\/\\\/lurdinha.org\\\/site\\\/\",\"logo\":{\"@type\":\"ImageObject\",\"inLanguage\":\"pt-BR\",\"@id\":\"https:\\\/\\\/lurdinha.org\\\/site\\\/#\\\/schema\\\/logo\\\/image\\\/\",\"url\":\"https:\\\/\\\/lurdinha.org\\\/site\\\/wp-content\\\/uploads\\\/logo-lurdinha.jpg\",\"contentUrl\":\"https:\\\/\\\/lurdinha.org\\\/site\\\/wp-content\\\/uploads\\\/logo-lurdinha.jpg\",\"width\":640,\"height\":60,\"caption\":\"Lurdinha de Caxias\"},\"image\":{\"@id\":\"https:\\\/\\\/lurdinha.org\\\/site\\\/#\\\/schema\\\/logo\\\/image\\\/\"},\"sameAs\":[\"https:\\\/\\\/www.facebook.com\\\/LurdinhadeCaxias\",\"https:\\\/\\\/www.instagram.com\\\/lurdinhadecaxias\"]},{\"@type\":\"Person\",\"@id\":\"https:\\\/\\\/lurdinha.org\\\/site\\\/#\\\/schema\\\/person\\\/b833bb6a7f82598bf0e95e4c30874251\",\"name\":\"heraldo hb\",\"image\":{\"@type\":\"ImageObject\",\"inLanguage\":\"pt-BR\",\"@id\":\"https:\\\/\\\/secure.gravatar.com\\\/avatar\\\/5de9fe99c72cb6885bbdaa24b1c5738b0f673d265de18720fae7463d5f47b48d?s=96&d=mm&r=g\",\"url\":\"https:\\\/\\\/secure.gravatar.com\\\/avatar\\\/5de9fe99c72cb6885bbdaa24b1c5738b0f673d265de18720fae7463d5f47b48d?s=96&d=mm&r=g\",\"contentUrl\":\"https:\\\/\\\/secure.gravatar.com\\\/avatar\\\/5de9fe99c72cb6885bbdaa24b1c5738b0f673d265de18720fae7463d5f47b48d?s=96&d=mm&r=g\",\"caption\":\"heraldo hb\"},\"description\":\"Cineasta, animador cultural, escritor e educador nascido no s\u00e9culo XX\",\"sameAs\":[\"http:\\\/\\\/wwww.relinkare.org\",\"botocudo\",\"heraldohb\",\"relinkare\"],\"url\":\"https:\\\/\\\/lurdinha.org\\\/site\\\/author\\\/heraldohb\\\/\"}]}<\/script>\n<!-- \/ Yoast SEO plugin. -->","yoast_head_json":{"title":"O samba caxiense perde o genial compositor Ica - Lurdinha - Duque de Caxias para Est\u00f4magos Fortes","robots":{"index":"index","follow":"follow","max-snippet":"max-snippet:-1","max-image-preview":"max-image-preview:large","max-video-preview":"max-video-preview:-1"},"canonical":"https:\/\/lurdinha.org\/site\/o-samba-caxiense-perde-o-genial-compositor-ica\/","og_locale":"pt_BR","og_type":"article","og_title":"O samba caxiense perde o genial compositor Ica - Lurdinha - Duque de Caxias para Est\u00f4magos Fortes","og_description":"Semana passada, dia 15\/03\/16,\u00a0\u00a0a cultura na Baixada Fluminense, em especial Duque de Caxias, viveu momento...","og_url":"https:\/\/lurdinha.org\/site\/o-samba-caxiense-perde-o-genial-compositor-ica\/","og_site_name":"Lurdinha - Duque de Caxias para Est\u00f4magos Fortes","article_publisher":"https:\/\/www.facebook.com\/LurdinhadeCaxias","article_author":"botocudo","article_published_time":"2016-03-22T05:12:40+00:00","article_modified_time":"2017-04-20T23:40:15+00:00","og_image":[{"width":540,"height":540,"url":"https:\/\/lurdinha.org\/site\/wp-content\/uploads\/ica-.jpg","type":"image\/jpeg"}],"author":"heraldo hb","twitter_card":"summary_large_image","twitter_misc":{"Escrito por":"heraldo hb","Est. tempo de leitura":"2 minutos"},"schema":{"@context":"https:\/\/schema.org","@graph":[{"@type":"Article","@id":"https:\/\/lurdinha.org\/site\/o-samba-caxiense-perde-o-genial-compositor-ica\/#article","isPartOf":{"@id":"https:\/\/lurdinha.org\/site\/o-samba-caxiense-perde-o-genial-compositor-ica\/"},"author":{"name":"heraldo hb","@id":"https:\/\/lurdinha.org\/site\/#\/schema\/person\/b833bb6a7f82598bf0e95e4c30874251"},"headline":"O samba caxiense perde o genial compositor Ica","datePublished":"2016-03-22T05:12:40+00:00","dateModified":"2017-04-20T23:40:15+00:00","mainEntityOfPage":{"@id":"https:\/\/lurdinha.org\/site\/o-samba-caxiense-perde-o-genial-compositor-ica\/"},"wordCount":385,"commentCount":0,"publisher":{"@id":"https:\/\/lurdinha.org\/site\/#organization"},"image":{"@id":"https:\/\/lurdinha.org\/site\/o-samba-caxiense-perde-o-genial-compositor-ica\/#primaryimage"},"thumbnailUrl":"https:\/\/lurdinha.org\/site\/wp-content\/uploads\/ica-.jpg","keywords":["Baixada Flumimense","danuil miguel","duque-de-caxias","ica","samba caxiense","Uni\u00e3o do Centen\u00e1rio"],"articleSection":["gente","hist\u00f3ria","m\u00fasica"],"inLanguage":"pt-BR","potentialAction":[{"@type":"CommentAction","name":"Comment","target":["https:\/\/lurdinha.org\/site\/o-samba-caxiense-perde-o-genial-compositor-ica\/#respond"]}]},{"@type":"WebPage","@id":"https:\/\/lurdinha.org\/site\/o-samba-caxiense-perde-o-genial-compositor-ica\/","url":"https:\/\/lurdinha.org\/site\/o-samba-caxiense-perde-o-genial-compositor-ica\/","name":"O samba caxiense perde o genial compositor Ica - Lurdinha - Duque de Caxias para Est\u00f4magos Fortes","isPartOf":{"@id":"https:\/\/lurdinha.org\/site\/#website"},"primaryImageOfPage":{"@id":"https:\/\/lurdinha.org\/site\/o-samba-caxiense-perde-o-genial-compositor-ica\/#primaryimage"},"image":{"@id":"https:\/\/lurdinha.org\/site\/o-samba-caxiense-perde-o-genial-compositor-ica\/#primaryimage"},"thumbnailUrl":"https:\/\/lurdinha.org\/site\/wp-content\/uploads\/ica-.jpg","datePublished":"2016-03-22T05:12:40+00:00","dateModified":"2017-04-20T23:40:15+00:00","breadcrumb":{"@id":"https:\/\/lurdinha.org\/site\/o-samba-caxiense-perde-o-genial-compositor-ica\/#breadcrumb"},"inLanguage":"pt-BR","potentialAction":[{"@type":"ReadAction","target":["https:\/\/lurdinha.org\/site\/o-samba-caxiense-perde-o-genial-compositor-ica\/"]}]},{"@type":"ImageObject","inLanguage":"pt-BR","@id":"https:\/\/lurdinha.org\/site\/o-samba-caxiense-perde-o-genial-compositor-ica\/#primaryimage","url":"https:\/\/lurdinha.org\/site\/wp-content\/uploads\/ica-.jpg","contentUrl":"https:\/\/lurdinha.org\/site\/wp-content\/uploads\/ica-.jpg","width":540,"height":540,"caption":"Ica em show no Sesi Caxias. Foto: Raffael Barretto"},{"@type":"BreadcrumbList","@id":"https:\/\/lurdinha.org\/site\/o-samba-caxiense-perde-o-genial-compositor-ica\/#breadcrumb","itemListElement":[{"@type":"ListItem","position":1,"name":"In\u00edcio","item":"https:\/\/lurdinha.org\/site\/"},{"@type":"ListItem","position":2,"name":"O samba caxiense perde o genial compositor Ica"}]},{"@type":"WebSite","@id":"https:\/\/lurdinha.org\/site\/#website","url":"https:\/\/lurdinha.org\/site\/","name":"Lurdinha - Duque de Caxias para Est\u00f4magos Fortes","description":"Site sobre Arte, Cultura, Pol\u00edtica, Sociedade e curiosidades da cidade de Duque de Caxias, RJ","publisher":{"@id":"https:\/\/lurdinha.org\/site\/#organization"},"alternateName":"Lurdinha","potentialAction":[{"@type":"SearchAction","target":{"@type":"EntryPoint","urlTemplate":"https:\/\/lurdinha.org\/site\/?s={search_term_string}"},"query-input":{"@type":"PropertyValueSpecification","valueRequired":true,"valueName":"search_term_string"}}],"inLanguage":"pt-BR"},{"@type":"Organization","@id":"https:\/\/lurdinha.org\/site\/#organization","name":"Lurdinha de Caxias","url":"https:\/\/lurdinha.org\/site\/","logo":{"@type":"ImageObject","inLanguage":"pt-BR","@id":"https:\/\/lurdinha.org\/site\/#\/schema\/logo\/image\/","url":"https:\/\/lurdinha.org\/site\/wp-content\/uploads\/logo-lurdinha.jpg","contentUrl":"https:\/\/lurdinha.org\/site\/wp-content\/uploads\/logo-lurdinha.jpg","width":640,"height":60,"caption":"Lurdinha de Caxias"},"image":{"@id":"https:\/\/lurdinha.org\/site\/#\/schema\/logo\/image\/"},"sameAs":["https:\/\/www.facebook.com\/LurdinhadeCaxias","https:\/\/www.instagram.com\/lurdinhadecaxias"]},{"@type":"Person","@id":"https:\/\/lurdinha.org\/site\/#\/schema\/person\/b833bb6a7f82598bf0e95e4c30874251","name":"heraldo hb","image":{"@type":"ImageObject","inLanguage":"pt-BR","@id":"https:\/\/secure.gravatar.com\/avatar\/5de9fe99c72cb6885bbdaa24b1c5738b0f673d265de18720fae7463d5f47b48d?s=96&d=mm&r=g","url":"https:\/\/secure.gravatar.com\/avatar\/5de9fe99c72cb6885bbdaa24b1c5738b0f673d265de18720fae7463d5f47b48d?s=96&d=mm&r=g","contentUrl":"https:\/\/secure.gravatar.com\/avatar\/5de9fe99c72cb6885bbdaa24b1c5738b0f673d265de18720fae7463d5f47b48d?s=96&d=mm&r=g","caption":"heraldo hb"},"description":"Cineasta, animador cultural, escritor e educador nascido no s\u00e9culo XX","sameAs":["http:\/\/wwww.relinkare.org","botocudo","heraldohb","relinkare"],"url":"https:\/\/lurdinha.org\/site\/author\/heraldohb\/"}]}},"views":3302,"_links":{"self":[{"href":"https:\/\/lurdinha.org\/site\/wp-json\/wp\/v2\/posts\/5955","targetHints":{"allow":["GET"]}}],"collection":[{"href":"https:\/\/lurdinha.org\/site\/wp-json\/wp\/v2\/posts"}],"about":[{"href":"https:\/\/lurdinha.org\/site\/wp-json\/wp\/v2\/types\/post"}],"author":[{"embeddable":true,"href":"https:\/\/lurdinha.org\/site\/wp-json\/wp\/v2\/users\/2"}],"replies":[{"embeddable":true,"href":"https:\/\/lurdinha.org\/site\/wp-json\/wp\/v2\/comments?post=5955"}],"version-history":[{"count":8,"href":"https:\/\/lurdinha.org\/site\/wp-json\/wp\/v2\/posts\/5955\/revisions"}],"predecessor-version":[{"id":6504,"href":"https:\/\/lurdinha.org\/site\/wp-json\/wp\/v2\/posts\/5955\/revisions\/6504"}],"wp:featuredmedia":[{"embeddable":true,"href":"https:\/\/lurdinha.org\/site\/wp-json\/wp\/v2\/media\/5958"}],"wp:attachment":[{"href":"https:\/\/lurdinha.org\/site\/wp-json\/wp\/v2\/media?parent=5955"}],"wp:term":[{"taxonomy":"category","embeddable":true,"href":"https:\/\/lurdinha.org\/site\/wp-json\/wp\/v2\/categories?post=5955"},{"taxonomy":"post_tag","embeddable":true,"href":"https:\/\/lurdinha.org\/site\/wp-json\/wp\/v2\/tags?post=5955"}],"curies":[{"name":"wp","href":"https:\/\/api.w.org\/{rel}","templated":true}]}}