{"id":5705,"date":"2016-01-04T22:36:11","date_gmt":"2016-01-04T22:36:11","guid":{"rendered":"http:\/\/lurdinha.org\/site\/?p=5705"},"modified":"2016-09-08T04:37:15","modified_gmt":"2016-09-08T04:37:15","slug":"rio-saracuruna-mais-um-desastre-anunciado","status":"publish","type":"post","link":"https:\/\/lurdinha.org\/site\/rio-saracuruna-mais-um-desastre-anunciado\/","title":{"rendered":"Rio Saracuruna &#8211; Mais Um Desastre Anunciado"},"content":{"rendered":"<p>O governador Luiz Fernando Pez\u00e3o, precisa com urg\u00eancia tomar conhecimento do descaso do INEA &#8211; Instituto Estadual do Ambiente, este &#8221;pomposo&#8221; \u00d3rg\u00e3o que substituiu a SERLA, no que se refere ao que constitui suas atribui\u00e7\u00f5es, que \u00e9 exatamente cuidar da limpeza,drenagem e desassoreamento dos rios, c\u00f3rregos, lagoas e canais. Descaso carateriza desmando, que caracteriza omiss\u00e3o e neglig\u00eancia, ETC&#8230; Se continuar assim, sou obrigado a concordar plenamente com o apresentador Mauro Vasconcelos do Programa FALA BAIXADA, pela CNT, CANAL 9 de segunda a sexta, 21:30h: Ele disse que no INEA tem muita gente incompetente irrespons\u00e1vel rindo do povo da Baixada e que n\u00e3o fazem absolutamente nada para honrar os sal\u00e1rios que recebem (edi\u00e7\u00e3o 27 ou 28\/12\/15), EST\u00c1 NO YouTube, para quem achar que ele n\u00e3o falou a verdade, pe\u00e7a direito de resposta, serei o primeiro a aplaudir..<\/p>\n<p>Moradores do Parque Paulista, terceiro Distrito de D de Caxias, imedia\u00e7\u00f5es da Av. 31 de Mar\u00e7o, pr\u00f3ximo \u00e0 Rod. Rio Mag\u00e9 temem que as fortes chuvas de ver\u00e3o previstas para janeiro, fevereiro e mar\u00e7o provoquem os mesmos danos do dia 18\/03\/13, quando este rio que n\u00e3o recebe limpeza e desassoreamento h\u00e1 mais de 15 anos, transbordou inundando mais de 1.500 resid\u00eancias com perda total de m\u00f3veis e pertences dos moradores. O \u00d3rg\u00e3o respons\u00e1vel pela limpeza e drenagem dos rios, decorridos dois anos do epis\u00f3dio, sequer visitou o local. Os moradores desta e de outras regi\u00f5es vulner\u00e1veis a enchentes mereciam um pouquinho de mais aten\u00e7\u00e3o, inclusive da prefeitura deste munic\u00edpio, que podia perfeitamente interceder politicamente junto ao INEA. Mas ningu\u00e9m est\u00e1 fazendo absolutamente nada, nada e nada. Isso deixa a gente descontente e insatisfeito com o voto que a gente confiou com tanta f\u00e9 e confian\u00e7a.<\/p>\n<p><img loading=\"lazy\" decoding=\"async\" class=\"alignnone size-full wp-image-5708\" src=\"http:\/\/lurdinha.org\/site\/wp-content\/uploads\/sos-rio-saracuruna.jpg\" alt=\"Rio Saracuruna - Mais Um Desastre Anunciado\" width=\"500\" height=\"375\" srcset=\"https:\/\/lurdinha.org\/site\/wp-content\/uploads\/sos-rio-saracuruna.jpg 500w, https:\/\/lurdinha.org\/site\/wp-content\/uploads\/sos-rio-saracuruna-300x225.jpg 300w\" sizes=\"auto, (max-width: 500px) 100vw, 500px\" \/><\/p>\n<p>&nbsp;<\/p>\n","protected":false},"excerpt":{"rendered":"<p>O governador Luiz Fernando Pez\u00e3o, precisa com urg\u00eancia tomar conhecimento do descaso do INEA &#8211;&#8230;<\/p>\n","protected":false},"author":45,"featured_media":0,"comment_status":"open","ping_status":"closed","sticky":false,"template":"","format":"standard","meta":{"footnotes":""},"categories":[1],"tags":[11,857,856,651],"class_list":["post-5705","post","type-post","status-publish","format-standard","hentry","category-botinada","tag-duque-de-caxias","tag-jose-arimateia","tag-rio-saracuruna","tag-terceiro-distrito"],"yoast_head":"<!-- This site is optimized with the Yoast SEO plugin v27.5 - https:\/\/yoast.com\/product\/yoast-seo-wordpress\/ -->\n<title>Rio Saracuruna - Mais Um Desastre Anunciado - Lurdinha - Duque de Caxias para Est\u00f4magos Fortes<\/title>\n<meta name=\"robots\" content=\"index, follow, max-snippet:-1, max-image-preview:large, max-video-preview:-1\" \/>\n<link rel=\"canonical\" href=\"https:\/\/lurdinha.org\/site\/rio-saracuruna-mais-um-desastre-anunciado\/\" \/>\n<meta property=\"og:locale\" content=\"pt_BR\" \/>\n<meta property=\"og:type\" content=\"article\" \/>\n<meta property=\"og:title\" content=\"Rio Saracuruna - Mais Um Desastre Anunciado - Lurdinha - Duque de Caxias para Est\u00f4magos Fortes\" \/>\n<meta property=\"og:description\" content=\"O governador Luiz Fernando Pez\u00e3o, precisa com urg\u00eancia tomar conhecimento do descaso do INEA &#8211;...\" \/>\n<meta property=\"og:url\" content=\"https:\/\/lurdinha.org\/site\/rio-saracuruna-mais-um-desastre-anunciado\/\" \/>\n<meta property=\"og:site_name\" content=\"Lurdinha - Duque de Caxias para Est\u00f4magos Fortes\" \/>\n<meta property=\"article:publisher\" content=\"https:\/\/www.facebook.com\/LurdinhadeCaxias\" \/>\n<meta property=\"article:author\" content=\"jarimateia.ferreira\" \/>\n<meta property=\"article:published_time\" content=\"2016-01-04T22:36:11+00:00\" \/>\n<meta property=\"article:modified_time\" content=\"2016-09-08T04:37:15+00:00\" \/>\n<meta property=\"og:image\" content=\"https:\/\/lurdinha.org\/site\/wp-content\/uploads\/sos-rio-saracuruna.jpg\" \/>\n\t<meta property=\"og:image:width\" content=\"500\" \/>\n\t<meta property=\"og:image:height\" content=\"375\" \/>\n\t<meta property=\"og:image:type\" content=\"image\/jpeg\" \/>\n<meta name=\"author\" content=\"J. Arimat\u00e9ria Ferreira\" \/>\n<meta name=\"twitter:card\" content=\"summary_large_image\" \/>\n<meta name=\"twitter:label1\" content=\"Escrito por\" \/>\n\t<meta name=\"twitter:data1\" content=\"J. Arimat\u00e9ria Ferreira\" \/>\n\t<meta name=\"twitter:label2\" content=\"Est. tempo de leitura\" \/>\n\t<meta name=\"twitter:data2\" content=\"2 minutos\" \/>\n<script type=\"application\/ld+json\" class=\"yoast-schema-graph\">{\"@context\":\"https:\\\/\\\/schema.org\",\"@graph\":[{\"@type\":\"Article\",\"@id\":\"https:\\\/\\\/lurdinha.org\\\/site\\\/rio-saracuruna-mais-um-desastre-anunciado\\\/#article\",\"isPartOf\":{\"@id\":\"https:\\\/\\\/lurdinha.org\\\/site\\\/rio-saracuruna-mais-um-desastre-anunciado\\\/\"},\"author\":{\"name\":\"J. Arimat\u00e9ria Ferreira\",\"@id\":\"https:\\\/\\\/lurdinha.org\\\/site\\\/#\\\/schema\\\/person\\\/9c54ae2961ed6a2ea723597bd38c7d33\"},\"headline\":\"Rio Saracuruna &#8211; Mais Um Desastre Anunciado\",\"datePublished\":\"2016-01-04T22:36:11+00:00\",\"dateModified\":\"2016-09-08T04:37:15+00:00\",\"mainEntityOfPage\":{\"@id\":\"https:\\\/\\\/lurdinha.org\\\/site\\\/rio-saracuruna-mais-um-desastre-anunciado\\\/\"},\"wordCount\":311,\"commentCount\":1,\"publisher\":{\"@id\":\"https:\\\/\\\/lurdinha.org\\\/site\\\/#organization\"},\"image\":{\"@id\":\"https:\\\/\\\/lurdinha.org\\\/site\\\/rio-saracuruna-mais-um-desastre-anunciado\\\/#primaryimage\"},\"thumbnailUrl\":\"http:\\\/\\\/lurdinha.org\\\/site\\\/wp-content\\\/uploads\\\/sos-rio-saracuruna.jpg\",\"keywords\":[\"duque-de-caxias\",\"jos\u00e9 arimat\u00e9ia\",\"rio saracuruna\",\"terceiro distrito\"],\"articleSection\":[\"botinada\"],\"inLanguage\":\"pt-BR\",\"potentialAction\":[{\"@type\":\"CommentAction\",\"name\":\"Comment\",\"target\":[\"https:\\\/\\\/lurdinha.org\\\/site\\\/rio-saracuruna-mais-um-desastre-anunciado\\\/#respond\"]}]},{\"@type\":\"WebPage\",\"@id\":\"https:\\\/\\\/lurdinha.org\\\/site\\\/rio-saracuruna-mais-um-desastre-anunciado\\\/\",\"url\":\"https:\\\/\\\/lurdinha.org\\\/site\\\/rio-saracuruna-mais-um-desastre-anunciado\\\/\",\"name\":\"Rio Saracuruna - Mais Um Desastre Anunciado - Lurdinha - Duque de Caxias para Est\u00f4magos Fortes\",\"isPartOf\":{\"@id\":\"https:\\\/\\\/lurdinha.org\\\/site\\\/#website\"},\"primaryImageOfPage\":{\"@id\":\"https:\\\/\\\/lurdinha.org\\\/site\\\/rio-saracuruna-mais-um-desastre-anunciado\\\/#primaryimage\"},\"image\":{\"@id\":\"https:\\\/\\\/lurdinha.org\\\/site\\\/rio-saracuruna-mais-um-desastre-anunciado\\\/#primaryimage\"},\"thumbnailUrl\":\"http:\\\/\\\/lurdinha.org\\\/site\\\/wp-content\\\/uploads\\\/sos-rio-saracuruna.jpg\",\"datePublished\":\"2016-01-04T22:36:11+00:00\",\"dateModified\":\"2016-09-08T04:37:15+00:00\",\"breadcrumb\":{\"@id\":\"https:\\\/\\\/lurdinha.org\\\/site\\\/rio-saracuruna-mais-um-desastre-anunciado\\\/#breadcrumb\"},\"inLanguage\":\"pt-BR\",\"potentialAction\":[{\"@type\":\"ReadAction\",\"target\":[\"https:\\\/\\\/lurdinha.org\\\/site\\\/rio-saracuruna-mais-um-desastre-anunciado\\\/\"]}]},{\"@type\":\"ImageObject\",\"inLanguage\":\"pt-BR\",\"@id\":\"https:\\\/\\\/lurdinha.org\\\/site\\\/rio-saracuruna-mais-um-desastre-anunciado\\\/#primaryimage\",\"url\":\"https:\\\/\\\/lurdinha.org\\\/site\\\/wp-content\\\/uploads\\\/sos-rio-saracuruna.jpg\",\"contentUrl\":\"https:\\\/\\\/lurdinha.org\\\/site\\\/wp-content\\\/uploads\\\/sos-rio-saracuruna.jpg\",\"width\":500,\"height\":375,\"caption\":\"Rio Saracuruna - Mais Um Desastre Anunciado\"},{\"@type\":\"BreadcrumbList\",\"@id\":\"https:\\\/\\\/lurdinha.org\\\/site\\\/rio-saracuruna-mais-um-desastre-anunciado\\\/#breadcrumb\",\"itemListElement\":[{\"@type\":\"ListItem\",\"position\":1,\"name\":\"In\u00edcio\",\"item\":\"https:\\\/\\\/lurdinha.org\\\/site\\\/\"},{\"@type\":\"ListItem\",\"position\":2,\"name\":\"Rio Saracuruna &#8211; Mais Um Desastre Anunciado\"}]},{\"@type\":\"WebSite\",\"@id\":\"https:\\\/\\\/lurdinha.org\\\/site\\\/#website\",\"url\":\"https:\\\/\\\/lurdinha.org\\\/site\\\/\",\"name\":\"Lurdinha - Duque de Caxias para Est\u00f4magos Fortes\",\"description\":\"Site sobre Arte, Cultura, Pol\u00edtica, Sociedade e curiosidades da cidade de Duque de Caxias, RJ\",\"publisher\":{\"@id\":\"https:\\\/\\\/lurdinha.org\\\/site\\\/#organization\"},\"alternateName\":\"Lurdinha\",\"potentialAction\":[{\"@type\":\"SearchAction\",\"target\":{\"@type\":\"EntryPoint\",\"urlTemplate\":\"https:\\\/\\\/lurdinha.org\\\/site\\\/?s={search_term_string}\"},\"query-input\":{\"@type\":\"PropertyValueSpecification\",\"valueRequired\":true,\"valueName\":\"search_term_string\"}}],\"inLanguage\":\"pt-BR\"},{\"@type\":\"Organization\",\"@id\":\"https:\\\/\\\/lurdinha.org\\\/site\\\/#organization\",\"name\":\"Lurdinha de Caxias\",\"url\":\"https:\\\/\\\/lurdinha.org\\\/site\\\/\",\"logo\":{\"@type\":\"ImageObject\",\"inLanguage\":\"pt-BR\",\"@id\":\"https:\\\/\\\/lurdinha.org\\\/site\\\/#\\\/schema\\\/logo\\\/image\\\/\",\"url\":\"https:\\\/\\\/lurdinha.org\\\/site\\\/wp-content\\\/uploads\\\/logo-lurdinha.jpg\",\"contentUrl\":\"https:\\\/\\\/lurdinha.org\\\/site\\\/wp-content\\\/uploads\\\/logo-lurdinha.jpg\",\"width\":640,\"height\":60,\"caption\":\"Lurdinha de Caxias\"},\"image\":{\"@id\":\"https:\\\/\\\/lurdinha.org\\\/site\\\/#\\\/schema\\\/logo\\\/image\\\/\"},\"sameAs\":[\"https:\\\/\\\/www.facebook.com\\\/LurdinhadeCaxias\",\"https:\\\/\\\/www.instagram.com\\\/lurdinhadecaxias\"]},{\"@type\":\"Person\",\"@id\":\"https:\\\/\\\/lurdinha.org\\\/site\\\/#\\\/schema\\\/person\\\/9c54ae2961ed6a2ea723597bd38c7d33\",\"name\":\"J. Arimat\u00e9ria Ferreira\",\"image\":{\"@type\":\"ImageObject\",\"inLanguage\":\"pt-BR\",\"@id\":\"https:\\\/\\\/secure.gravatar.com\\\/avatar\\\/898c76499f3edd79c1ddb8550282f056c716b40b3b2c21d923d8befcbb93efcd?s=96&d=mm&r=g\",\"url\":\"https:\\\/\\\/secure.gravatar.com\\\/avatar\\\/898c76499f3edd79c1ddb8550282f056c716b40b3b2c21d923d8befcbb93efcd?s=96&d=mm&r=g\",\"contentUrl\":\"https:\\\/\\\/secure.gravatar.com\\\/avatar\\\/898c76499f3edd79c1ddb8550282f056c716b40b3b2c21d923d8befcbb93efcd?s=96&d=mm&r=g\",\"caption\":\"J. Arimat\u00e9ria Ferreira\"},\"description\":\"Radialista\\\/Jornalista, poeta popular e idealizador do Projeto Poesia &amp; Ecologia\",\"sameAs\":[\"jarimateia.ferreira\"],\"url\":\"https:\\\/\\\/lurdinha.org\\\/site\\\/author\\\/arimateia\\\/\"}]}<\/script>\n<!-- \/ Yoast SEO plugin. -->","yoast_head_json":{"title":"Rio Saracuruna - Mais Um Desastre Anunciado - Lurdinha - Duque de Caxias para Est\u00f4magos Fortes","robots":{"index":"index","follow":"follow","max-snippet":"max-snippet:-1","max-image-preview":"max-image-preview:large","max-video-preview":"max-video-preview:-1"},"canonical":"https:\/\/lurdinha.org\/site\/rio-saracuruna-mais-um-desastre-anunciado\/","og_locale":"pt_BR","og_type":"article","og_title":"Rio Saracuruna - Mais Um Desastre Anunciado - Lurdinha - Duque de Caxias para Est\u00f4magos Fortes","og_description":"O governador Luiz Fernando Pez\u00e3o, precisa com urg\u00eancia tomar conhecimento do descaso do INEA &#8211;...","og_url":"https:\/\/lurdinha.org\/site\/rio-saracuruna-mais-um-desastre-anunciado\/","og_site_name":"Lurdinha - Duque de Caxias para Est\u00f4magos Fortes","article_publisher":"https:\/\/www.facebook.com\/LurdinhadeCaxias","article_author":"jarimateia.ferreira","article_published_time":"2016-01-04T22:36:11+00:00","article_modified_time":"2016-09-08T04:37:15+00:00","og_image":[{"width":500,"height":375,"url":"https:\/\/lurdinha.org\/site\/wp-content\/uploads\/sos-rio-saracuruna.jpg","type":"image\/jpeg"}],"author":"J. Arimat\u00e9ria Ferreira","twitter_card":"summary_large_image","twitter_misc":{"Escrito por":"J. Arimat\u00e9ria Ferreira","Est. tempo de leitura":"2 minutos"},"schema":{"@context":"https:\/\/schema.org","@graph":[{"@type":"Article","@id":"https:\/\/lurdinha.org\/site\/rio-saracuruna-mais-um-desastre-anunciado\/#article","isPartOf":{"@id":"https:\/\/lurdinha.org\/site\/rio-saracuruna-mais-um-desastre-anunciado\/"},"author":{"name":"J. Arimat\u00e9ria Ferreira","@id":"https:\/\/lurdinha.org\/site\/#\/schema\/person\/9c54ae2961ed6a2ea723597bd38c7d33"},"headline":"Rio Saracuruna &#8211; Mais Um Desastre Anunciado","datePublished":"2016-01-04T22:36:11+00:00","dateModified":"2016-09-08T04:37:15+00:00","mainEntityOfPage":{"@id":"https:\/\/lurdinha.org\/site\/rio-saracuruna-mais-um-desastre-anunciado\/"},"wordCount":311,"commentCount":1,"publisher":{"@id":"https:\/\/lurdinha.org\/site\/#organization"},"image":{"@id":"https:\/\/lurdinha.org\/site\/rio-saracuruna-mais-um-desastre-anunciado\/#primaryimage"},"thumbnailUrl":"http:\/\/lurdinha.org\/site\/wp-content\/uploads\/sos-rio-saracuruna.jpg","keywords":["duque-de-caxias","jos\u00e9 arimat\u00e9ia","rio saracuruna","terceiro distrito"],"articleSection":["botinada"],"inLanguage":"pt-BR","potentialAction":[{"@type":"CommentAction","name":"Comment","target":["https:\/\/lurdinha.org\/site\/rio-saracuruna-mais-um-desastre-anunciado\/#respond"]}]},{"@type":"WebPage","@id":"https:\/\/lurdinha.org\/site\/rio-saracuruna-mais-um-desastre-anunciado\/","url":"https:\/\/lurdinha.org\/site\/rio-saracuruna-mais-um-desastre-anunciado\/","name":"Rio Saracuruna - Mais Um Desastre Anunciado - Lurdinha - Duque de Caxias para Est\u00f4magos Fortes","isPartOf":{"@id":"https:\/\/lurdinha.org\/site\/#website"},"primaryImageOfPage":{"@id":"https:\/\/lurdinha.org\/site\/rio-saracuruna-mais-um-desastre-anunciado\/#primaryimage"},"image":{"@id":"https:\/\/lurdinha.org\/site\/rio-saracuruna-mais-um-desastre-anunciado\/#primaryimage"},"thumbnailUrl":"http:\/\/lurdinha.org\/site\/wp-content\/uploads\/sos-rio-saracuruna.jpg","datePublished":"2016-01-04T22:36:11+00:00","dateModified":"2016-09-08T04:37:15+00:00","breadcrumb":{"@id":"https:\/\/lurdinha.org\/site\/rio-saracuruna-mais-um-desastre-anunciado\/#breadcrumb"},"inLanguage":"pt-BR","potentialAction":[{"@type":"ReadAction","target":["https:\/\/lurdinha.org\/site\/rio-saracuruna-mais-um-desastre-anunciado\/"]}]},{"@type":"ImageObject","inLanguage":"pt-BR","@id":"https:\/\/lurdinha.org\/site\/rio-saracuruna-mais-um-desastre-anunciado\/#primaryimage","url":"https:\/\/lurdinha.org\/site\/wp-content\/uploads\/sos-rio-saracuruna.jpg","contentUrl":"https:\/\/lurdinha.org\/site\/wp-content\/uploads\/sos-rio-saracuruna.jpg","width":500,"height":375,"caption":"Rio Saracuruna - Mais Um Desastre Anunciado"},{"@type":"BreadcrumbList","@id":"https:\/\/lurdinha.org\/site\/rio-saracuruna-mais-um-desastre-anunciado\/#breadcrumb","itemListElement":[{"@type":"ListItem","position":1,"name":"In\u00edcio","item":"https:\/\/lurdinha.org\/site\/"},{"@type":"ListItem","position":2,"name":"Rio Saracuruna &#8211; Mais Um Desastre Anunciado"}]},{"@type":"WebSite","@id":"https:\/\/lurdinha.org\/site\/#website","url":"https:\/\/lurdinha.org\/site\/","name":"Lurdinha - Duque de Caxias para Est\u00f4magos Fortes","description":"Site sobre Arte, Cultura, Pol\u00edtica, Sociedade e curiosidades da cidade de Duque de Caxias, RJ","publisher":{"@id":"https:\/\/lurdinha.org\/site\/#organization"},"alternateName":"Lurdinha","potentialAction":[{"@type":"SearchAction","target":{"@type":"EntryPoint","urlTemplate":"https:\/\/lurdinha.org\/site\/?s={search_term_string}"},"query-input":{"@type":"PropertyValueSpecification","valueRequired":true,"valueName":"search_term_string"}}],"inLanguage":"pt-BR"},{"@type":"Organization","@id":"https:\/\/lurdinha.org\/site\/#organization","name":"Lurdinha de Caxias","url":"https:\/\/lurdinha.org\/site\/","logo":{"@type":"ImageObject","inLanguage":"pt-BR","@id":"https:\/\/lurdinha.org\/site\/#\/schema\/logo\/image\/","url":"https:\/\/lurdinha.org\/site\/wp-content\/uploads\/logo-lurdinha.jpg","contentUrl":"https:\/\/lurdinha.org\/site\/wp-content\/uploads\/logo-lurdinha.jpg","width":640,"height":60,"caption":"Lurdinha de Caxias"},"image":{"@id":"https:\/\/lurdinha.org\/site\/#\/schema\/logo\/image\/"},"sameAs":["https:\/\/www.facebook.com\/LurdinhadeCaxias","https:\/\/www.instagram.com\/lurdinhadecaxias"]},{"@type":"Person","@id":"https:\/\/lurdinha.org\/site\/#\/schema\/person\/9c54ae2961ed6a2ea723597bd38c7d33","name":"J. Arimat\u00e9ria Ferreira","image":{"@type":"ImageObject","inLanguage":"pt-BR","@id":"https:\/\/secure.gravatar.com\/avatar\/898c76499f3edd79c1ddb8550282f056c716b40b3b2c21d923d8befcbb93efcd?s=96&d=mm&r=g","url":"https:\/\/secure.gravatar.com\/avatar\/898c76499f3edd79c1ddb8550282f056c716b40b3b2c21d923d8befcbb93efcd?s=96&d=mm&r=g","contentUrl":"https:\/\/secure.gravatar.com\/avatar\/898c76499f3edd79c1ddb8550282f056c716b40b3b2c21d923d8befcbb93efcd?s=96&d=mm&r=g","caption":"J. Arimat\u00e9ria Ferreira"},"description":"Radialista\/Jornalista, poeta popular e idealizador do Projeto Poesia &amp; Ecologia","sameAs":["jarimateia.ferreira"],"url":"https:\/\/lurdinha.org\/site\/author\/arimateia\/"}]}},"views":4426,"_links":{"self":[{"href":"https:\/\/lurdinha.org\/site\/wp-json\/wp\/v2\/posts\/5705","targetHints":{"allow":["GET"]}}],"collection":[{"href":"https:\/\/lurdinha.org\/site\/wp-json\/wp\/v2\/posts"}],"about":[{"href":"https:\/\/lurdinha.org\/site\/wp-json\/wp\/v2\/types\/post"}],"author":[{"embeddable":true,"href":"https:\/\/lurdinha.org\/site\/wp-json\/wp\/v2\/users\/45"}],"replies":[{"embeddable":true,"href":"https:\/\/lurdinha.org\/site\/wp-json\/wp\/v2\/comments?post=5705"}],"version-history":[{"count":4,"href":"https:\/\/lurdinha.org\/site\/wp-json\/wp\/v2\/posts\/5705\/revisions"}],"predecessor-version":[{"id":6143,"href":"https:\/\/lurdinha.org\/site\/wp-json\/wp\/v2\/posts\/5705\/revisions\/6143"}],"wp:attachment":[{"href":"https:\/\/lurdinha.org\/site\/wp-json\/wp\/v2\/media?parent=5705"}],"wp:term":[{"taxonomy":"category","embeddable":true,"href":"https:\/\/lurdinha.org\/site\/wp-json\/wp\/v2\/categories?post=5705"},{"taxonomy":"post_tag","embeddable":true,"href":"https:\/\/lurdinha.org\/site\/wp-json\/wp\/v2\/tags?post=5705"}],"curies":[{"name":"wp","href":"https:\/\/api.w.org\/{rel}","templated":true}]}}