{"id":5675,"date":"2015-12-04T15:02:23","date_gmt":"2015-12-04T15:02:23","guid":{"rendered":"http:\/\/lurdinha.org\/site\/?p=5675"},"modified":"2015-12-04T15:02:58","modified_gmt":"2015-12-04T15:02:58","slug":"um-pouco-sobre-auto-imagem-nessa-sexta-feira-em-caxias","status":"publish","type":"post","link":"https:\/\/lurdinha.org\/site\/um-pouco-sobre-auto-imagem-nessa-sexta-feira-em-caxias\/","title":{"rendered":"Um pouco sobre auto-imagem cultural nessa sexta-feira"},"content":{"rendered":"<p>Quando a gente criou o cineclube Mate Com Angu l\u00e1 atr\u00e1s, em 2002, o principal mote que a gente falava sempre tinha a ver com ajudar a cidade de Caxias e a Baixada a pensar suas auto-representa\u00e7\u00f5es. Pensar imagens, provocar imagens, cutucas as pessoas sobre produzir imagens. (Al\u00e9m, \u00e9 claro de objetivos tamb\u00e9m bastante nobres como ver filmes e tomar cerveja juntos).<\/p>\n<p>Pois bem. Nesse tempo, o processo de constru\u00e7\u00e3o\/reflex\u00e3o de imagem na cidade explodiu como uma bomba e tem sido sempre legal ver esse sentimento brotando nas mentes de v\u00e1rias pessoas, grupos, coletivos, nas mais variadas \u00e1reas.<\/p>\n<p>\u00c9 uma introdu\u00e7\u00e3o pra dizer que no dia de hoje, 04\/12\/15, v\u00e3o rolar dois lan\u00e7amentos que s\u00e3o muito emblem\u00e1ticos quanto a essa coisa de ter a imagem como centralidade. Um \u00e9 a abertura da exposi\u00e7\u00e3o Lentes da Hist\u00f3ria, de Filipo Tardim, nas comemora\u00e7\u00f5es dos 10 anos do Museu Vivo do S\u00e3o Bento; e outro \u00e9 o lan\u00e7amento da revista e da anima\u00e7\u00e3o do Detrito, um dos herois baixadianos criados pela Capa Comics.<\/p>\n<p>Filipo \u00e9 hoje uma das refer\u00eancias em termos de imagem de Duque de Caxias, cidade que vem retratando com \u00eanfase em seus aspectos naturais, culturais e hist\u00f3ricos. Com destaque para\u00a0fotografias do terceiro distrito da cidade, regi\u00e3o que abriga peda\u00e7os importantes e desconhecidos de Mata Atl\u00e2ntica original. Os \u00e1lbuns do G+ dele s\u00e3o fundamentais, vale procurar e dar uma navegada.<\/p>\n<p>J\u00e1 a Capa Comics, al\u00e9m do gibi solo do heroi Detrito, escrito pelos caras Alex Genaro, Cristiano Ludgerio e Jo\u00e3o Carpalhau, lan\u00e7a hoje o curta de anima\u00e7\u00e3o A Vingan\u00e7a do Detrito, que promete.<\/p>\n<p>Uma revista de anima\u00e7\u00e3o com roteiros referenciados na regi\u00e3o e com gente daqui \u00e9 por si s\u00f3, um sintoma de alento, uma prova de que mesmo quando n\u00e3o se tem apoio, a coisa tem for\u00e7a.<\/p>\n<p>Tem a m\u00fasica que diz que Narciso acha feio o que n\u00e3o \u00e9 espelho, mas h\u00e1 de se pensar que n\u00e3o se constroi nada, principalmente cidadania, quando um lugar n\u00e3o se v\u00ea de verdade fora dos estere\u00f3tipos limitadores e infelizmente banalizados.<\/p>\n","protected":false},"excerpt":{"rendered":"<p>Quando a gente criou o cineclube Mate Com Angu l\u00e1 atr\u00e1s, em 2002, o principal&#8230;<\/p>\n","protected":false},"author":2,"featured_media":0,"comment_status":"open","ping_status":"closed","sticky":false,"template":"","format":"standard","meta":{"footnotes":""},"categories":[208,4],"tags":[],"class_list":["post-5675","post","type-post","status-publish","format-standard","hentry","category-picotes","category-opiniao"],"yoast_head":"<!-- This site is optimized with the Yoast SEO plugin v27.5 - https:\/\/yoast.com\/product\/yoast-seo-wordpress\/ -->\n<title>Um pouco sobre auto-imagem cultural nessa sexta-feira - Lurdinha - Duque de Caxias para Est\u00f4magos Fortes<\/title>\n<meta name=\"robots\" content=\"index, follow, max-snippet:-1, max-image-preview:large, max-video-preview:-1\" \/>\n<link rel=\"canonical\" href=\"https:\/\/lurdinha.org\/site\/um-pouco-sobre-auto-imagem-nessa-sexta-feira-em-caxias\/\" \/>\n<meta property=\"og:locale\" content=\"pt_BR\" \/>\n<meta property=\"og:type\" content=\"article\" \/>\n<meta property=\"og:title\" content=\"Um pouco sobre auto-imagem cultural nessa sexta-feira - Lurdinha - Duque de Caxias para Est\u00f4magos Fortes\" \/>\n<meta property=\"og:description\" content=\"Quando a gente criou o cineclube Mate Com Angu l\u00e1 atr\u00e1s, em 2002, o principal...\" \/>\n<meta property=\"og:url\" content=\"https:\/\/lurdinha.org\/site\/um-pouco-sobre-auto-imagem-nessa-sexta-feira-em-caxias\/\" \/>\n<meta property=\"og:site_name\" content=\"Lurdinha - Duque de Caxias para Est\u00f4magos Fortes\" \/>\n<meta property=\"article:publisher\" content=\"https:\/\/www.facebook.com\/LurdinhadeCaxias\" \/>\n<meta property=\"article:author\" content=\"botocudo\" \/>\n<meta property=\"article:published_time\" content=\"2015-12-04T15:02:23+00:00\" \/>\n<meta property=\"article:modified_time\" content=\"2015-12-04T15:02:58+00:00\" \/>\n<meta name=\"author\" content=\"heraldo hb\" \/>\n<meta name=\"twitter:card\" content=\"summary_large_image\" \/>\n<meta name=\"twitter:label1\" content=\"Escrito por\" \/>\n\t<meta name=\"twitter:data1\" content=\"heraldo hb\" \/>\n\t<meta name=\"twitter:label2\" content=\"Est. tempo de leitura\" \/>\n\t<meta name=\"twitter:data2\" content=\"2 minutos\" \/>\n<script type=\"application\/ld+json\" class=\"yoast-schema-graph\">{\"@context\":\"https:\\\/\\\/schema.org\",\"@graph\":[{\"@type\":\"Article\",\"@id\":\"https:\\\/\\\/lurdinha.org\\\/site\\\/um-pouco-sobre-auto-imagem-nessa-sexta-feira-em-caxias\\\/#article\",\"isPartOf\":{\"@id\":\"https:\\\/\\\/lurdinha.org\\\/site\\\/um-pouco-sobre-auto-imagem-nessa-sexta-feira-em-caxias\\\/\"},\"author\":{\"name\":\"heraldo hb\",\"@id\":\"https:\\\/\\\/lurdinha.org\\\/site\\\/#\\\/schema\\\/person\\\/b833bb6a7f82598bf0e95e4c30874251\"},\"headline\":\"Um pouco sobre auto-imagem cultural nessa sexta-feira\",\"datePublished\":\"2015-12-04T15:02:23+00:00\",\"dateModified\":\"2015-12-04T15:02:58+00:00\",\"mainEntityOfPage\":{\"@id\":\"https:\\\/\\\/lurdinha.org\\\/site\\\/um-pouco-sobre-auto-imagem-nessa-sexta-feira-em-caxias\\\/\"},\"wordCount\":375,\"commentCount\":0,\"publisher\":{\"@id\":\"https:\\\/\\\/lurdinha.org\\\/site\\\/#organization\"},\"articleSection\":[\"pitacol\u00e2ndia\",\"uma opini\u00e3o\"],\"inLanguage\":\"pt-BR\",\"potentialAction\":[{\"@type\":\"CommentAction\",\"name\":\"Comment\",\"target\":[\"https:\\\/\\\/lurdinha.org\\\/site\\\/um-pouco-sobre-auto-imagem-nessa-sexta-feira-em-caxias\\\/#respond\"]}]},{\"@type\":\"WebPage\",\"@id\":\"https:\\\/\\\/lurdinha.org\\\/site\\\/um-pouco-sobre-auto-imagem-nessa-sexta-feira-em-caxias\\\/\",\"url\":\"https:\\\/\\\/lurdinha.org\\\/site\\\/um-pouco-sobre-auto-imagem-nessa-sexta-feira-em-caxias\\\/\",\"name\":\"Um pouco sobre auto-imagem cultural nessa sexta-feira - Lurdinha - Duque de Caxias para Est\u00f4magos Fortes\",\"isPartOf\":{\"@id\":\"https:\\\/\\\/lurdinha.org\\\/site\\\/#website\"},\"datePublished\":\"2015-12-04T15:02:23+00:00\",\"dateModified\":\"2015-12-04T15:02:58+00:00\",\"breadcrumb\":{\"@id\":\"https:\\\/\\\/lurdinha.org\\\/site\\\/um-pouco-sobre-auto-imagem-nessa-sexta-feira-em-caxias\\\/#breadcrumb\"},\"inLanguage\":\"pt-BR\",\"potentialAction\":[{\"@type\":\"ReadAction\",\"target\":[\"https:\\\/\\\/lurdinha.org\\\/site\\\/um-pouco-sobre-auto-imagem-nessa-sexta-feira-em-caxias\\\/\"]}]},{\"@type\":\"BreadcrumbList\",\"@id\":\"https:\\\/\\\/lurdinha.org\\\/site\\\/um-pouco-sobre-auto-imagem-nessa-sexta-feira-em-caxias\\\/#breadcrumb\",\"itemListElement\":[{\"@type\":\"ListItem\",\"position\":1,\"name\":\"In\u00edcio\",\"item\":\"https:\\\/\\\/lurdinha.org\\\/site\\\/\"},{\"@type\":\"ListItem\",\"position\":2,\"name\":\"Um pouco sobre auto-imagem cultural nessa sexta-feira\"}]},{\"@type\":\"WebSite\",\"@id\":\"https:\\\/\\\/lurdinha.org\\\/site\\\/#website\",\"url\":\"https:\\\/\\\/lurdinha.org\\\/site\\\/\",\"name\":\"Lurdinha - Duque de Caxias para Est\u00f4magos Fortes\",\"description\":\"Site sobre Arte, Cultura, Pol\u00edtica, Sociedade e curiosidades da cidade de Duque de Caxias, RJ\",\"publisher\":{\"@id\":\"https:\\\/\\\/lurdinha.org\\\/site\\\/#organization\"},\"alternateName\":\"Lurdinha\",\"potentialAction\":[{\"@type\":\"SearchAction\",\"target\":{\"@type\":\"EntryPoint\",\"urlTemplate\":\"https:\\\/\\\/lurdinha.org\\\/site\\\/?s={search_term_string}\"},\"query-input\":{\"@type\":\"PropertyValueSpecification\",\"valueRequired\":true,\"valueName\":\"search_term_string\"}}],\"inLanguage\":\"pt-BR\"},{\"@type\":\"Organization\",\"@id\":\"https:\\\/\\\/lurdinha.org\\\/site\\\/#organization\",\"name\":\"Lurdinha de Caxias\",\"url\":\"https:\\\/\\\/lurdinha.org\\\/site\\\/\",\"logo\":{\"@type\":\"ImageObject\",\"inLanguage\":\"pt-BR\",\"@id\":\"https:\\\/\\\/lurdinha.org\\\/site\\\/#\\\/schema\\\/logo\\\/image\\\/\",\"url\":\"https:\\\/\\\/lurdinha.org\\\/site\\\/wp-content\\\/uploads\\\/logo-lurdinha.jpg\",\"contentUrl\":\"https:\\\/\\\/lurdinha.org\\\/site\\\/wp-content\\\/uploads\\\/logo-lurdinha.jpg\",\"width\":640,\"height\":60,\"caption\":\"Lurdinha de Caxias\"},\"image\":{\"@id\":\"https:\\\/\\\/lurdinha.org\\\/site\\\/#\\\/schema\\\/logo\\\/image\\\/\"},\"sameAs\":[\"https:\\\/\\\/www.facebook.com\\\/LurdinhadeCaxias\",\"https:\\\/\\\/www.instagram.com\\\/lurdinhadecaxias\"]},{\"@type\":\"Person\",\"@id\":\"https:\\\/\\\/lurdinha.org\\\/site\\\/#\\\/schema\\\/person\\\/b833bb6a7f82598bf0e95e4c30874251\",\"name\":\"heraldo hb\",\"image\":{\"@type\":\"ImageObject\",\"inLanguage\":\"pt-BR\",\"@id\":\"https:\\\/\\\/secure.gravatar.com\\\/avatar\\\/5de9fe99c72cb6885bbdaa24b1c5738b0f673d265de18720fae7463d5f47b48d?s=96&d=mm&r=g\",\"url\":\"https:\\\/\\\/secure.gravatar.com\\\/avatar\\\/5de9fe99c72cb6885bbdaa24b1c5738b0f673d265de18720fae7463d5f47b48d?s=96&d=mm&r=g\",\"contentUrl\":\"https:\\\/\\\/secure.gravatar.com\\\/avatar\\\/5de9fe99c72cb6885bbdaa24b1c5738b0f673d265de18720fae7463d5f47b48d?s=96&d=mm&r=g\",\"caption\":\"heraldo hb\"},\"description\":\"Cineasta, animador cultural, escritor e educador nascido no s\u00e9culo XX\",\"sameAs\":[\"http:\\\/\\\/wwww.relinkare.org\",\"botocudo\",\"heraldohb\",\"relinkare\"],\"url\":\"https:\\\/\\\/lurdinha.org\\\/site\\\/author\\\/heraldohb\\\/\"}]}<\/script>\n<!-- \/ Yoast SEO plugin. -->","yoast_head_json":{"title":"Um pouco sobre auto-imagem cultural nessa sexta-feira - Lurdinha - Duque de Caxias para Est\u00f4magos Fortes","robots":{"index":"index","follow":"follow","max-snippet":"max-snippet:-1","max-image-preview":"max-image-preview:large","max-video-preview":"max-video-preview:-1"},"canonical":"https:\/\/lurdinha.org\/site\/um-pouco-sobre-auto-imagem-nessa-sexta-feira-em-caxias\/","og_locale":"pt_BR","og_type":"article","og_title":"Um pouco sobre auto-imagem cultural nessa sexta-feira - Lurdinha - Duque de Caxias para Est\u00f4magos Fortes","og_description":"Quando a gente criou o cineclube Mate Com Angu l\u00e1 atr\u00e1s, em 2002, o principal...","og_url":"https:\/\/lurdinha.org\/site\/um-pouco-sobre-auto-imagem-nessa-sexta-feira-em-caxias\/","og_site_name":"Lurdinha - Duque de Caxias para Est\u00f4magos Fortes","article_publisher":"https:\/\/www.facebook.com\/LurdinhadeCaxias","article_author":"botocudo","article_published_time":"2015-12-04T15:02:23+00:00","article_modified_time":"2015-12-04T15:02:58+00:00","author":"heraldo hb","twitter_card":"summary_large_image","twitter_misc":{"Escrito por":"heraldo hb","Est. tempo de leitura":"2 minutos"},"schema":{"@context":"https:\/\/schema.org","@graph":[{"@type":"Article","@id":"https:\/\/lurdinha.org\/site\/um-pouco-sobre-auto-imagem-nessa-sexta-feira-em-caxias\/#article","isPartOf":{"@id":"https:\/\/lurdinha.org\/site\/um-pouco-sobre-auto-imagem-nessa-sexta-feira-em-caxias\/"},"author":{"name":"heraldo hb","@id":"https:\/\/lurdinha.org\/site\/#\/schema\/person\/b833bb6a7f82598bf0e95e4c30874251"},"headline":"Um pouco sobre auto-imagem cultural nessa sexta-feira","datePublished":"2015-12-04T15:02:23+00:00","dateModified":"2015-12-04T15:02:58+00:00","mainEntityOfPage":{"@id":"https:\/\/lurdinha.org\/site\/um-pouco-sobre-auto-imagem-nessa-sexta-feira-em-caxias\/"},"wordCount":375,"commentCount":0,"publisher":{"@id":"https:\/\/lurdinha.org\/site\/#organization"},"articleSection":["pitacol\u00e2ndia","uma opini\u00e3o"],"inLanguage":"pt-BR","potentialAction":[{"@type":"CommentAction","name":"Comment","target":["https:\/\/lurdinha.org\/site\/um-pouco-sobre-auto-imagem-nessa-sexta-feira-em-caxias\/#respond"]}]},{"@type":"WebPage","@id":"https:\/\/lurdinha.org\/site\/um-pouco-sobre-auto-imagem-nessa-sexta-feira-em-caxias\/","url":"https:\/\/lurdinha.org\/site\/um-pouco-sobre-auto-imagem-nessa-sexta-feira-em-caxias\/","name":"Um pouco sobre auto-imagem cultural nessa sexta-feira - Lurdinha - Duque de Caxias para Est\u00f4magos Fortes","isPartOf":{"@id":"https:\/\/lurdinha.org\/site\/#website"},"datePublished":"2015-12-04T15:02:23+00:00","dateModified":"2015-12-04T15:02:58+00:00","breadcrumb":{"@id":"https:\/\/lurdinha.org\/site\/um-pouco-sobre-auto-imagem-nessa-sexta-feira-em-caxias\/#breadcrumb"},"inLanguage":"pt-BR","potentialAction":[{"@type":"ReadAction","target":["https:\/\/lurdinha.org\/site\/um-pouco-sobre-auto-imagem-nessa-sexta-feira-em-caxias\/"]}]},{"@type":"BreadcrumbList","@id":"https:\/\/lurdinha.org\/site\/um-pouco-sobre-auto-imagem-nessa-sexta-feira-em-caxias\/#breadcrumb","itemListElement":[{"@type":"ListItem","position":1,"name":"In\u00edcio","item":"https:\/\/lurdinha.org\/site\/"},{"@type":"ListItem","position":2,"name":"Um pouco sobre auto-imagem cultural nessa sexta-feira"}]},{"@type":"WebSite","@id":"https:\/\/lurdinha.org\/site\/#website","url":"https:\/\/lurdinha.org\/site\/","name":"Lurdinha - Duque de Caxias para Est\u00f4magos Fortes","description":"Site sobre Arte, Cultura, Pol\u00edtica, Sociedade e curiosidades da cidade de Duque de Caxias, RJ","publisher":{"@id":"https:\/\/lurdinha.org\/site\/#organization"},"alternateName":"Lurdinha","potentialAction":[{"@type":"SearchAction","target":{"@type":"EntryPoint","urlTemplate":"https:\/\/lurdinha.org\/site\/?s={search_term_string}"},"query-input":{"@type":"PropertyValueSpecification","valueRequired":true,"valueName":"search_term_string"}}],"inLanguage":"pt-BR"},{"@type":"Organization","@id":"https:\/\/lurdinha.org\/site\/#organization","name":"Lurdinha de Caxias","url":"https:\/\/lurdinha.org\/site\/","logo":{"@type":"ImageObject","inLanguage":"pt-BR","@id":"https:\/\/lurdinha.org\/site\/#\/schema\/logo\/image\/","url":"https:\/\/lurdinha.org\/site\/wp-content\/uploads\/logo-lurdinha.jpg","contentUrl":"https:\/\/lurdinha.org\/site\/wp-content\/uploads\/logo-lurdinha.jpg","width":640,"height":60,"caption":"Lurdinha de Caxias"},"image":{"@id":"https:\/\/lurdinha.org\/site\/#\/schema\/logo\/image\/"},"sameAs":["https:\/\/www.facebook.com\/LurdinhadeCaxias","https:\/\/www.instagram.com\/lurdinhadecaxias"]},{"@type":"Person","@id":"https:\/\/lurdinha.org\/site\/#\/schema\/person\/b833bb6a7f82598bf0e95e4c30874251","name":"heraldo hb","image":{"@type":"ImageObject","inLanguage":"pt-BR","@id":"https:\/\/secure.gravatar.com\/avatar\/5de9fe99c72cb6885bbdaa24b1c5738b0f673d265de18720fae7463d5f47b48d?s=96&d=mm&r=g","url":"https:\/\/secure.gravatar.com\/avatar\/5de9fe99c72cb6885bbdaa24b1c5738b0f673d265de18720fae7463d5f47b48d?s=96&d=mm&r=g","contentUrl":"https:\/\/secure.gravatar.com\/avatar\/5de9fe99c72cb6885bbdaa24b1c5738b0f673d265de18720fae7463d5f47b48d?s=96&d=mm&r=g","caption":"heraldo hb"},"description":"Cineasta, animador cultural, escritor e educador nascido no s\u00e9culo XX","sameAs":["http:\/\/wwww.relinkare.org","botocudo","heraldohb","relinkare"],"url":"https:\/\/lurdinha.org\/site\/author\/heraldohb\/"}]}},"views":2921,"_links":{"self":[{"href":"https:\/\/lurdinha.org\/site\/wp-json\/wp\/v2\/posts\/5675","targetHints":{"allow":["GET"]}}],"collection":[{"href":"https:\/\/lurdinha.org\/site\/wp-json\/wp\/v2\/posts"}],"about":[{"href":"https:\/\/lurdinha.org\/site\/wp-json\/wp\/v2\/types\/post"}],"author":[{"embeddable":true,"href":"https:\/\/lurdinha.org\/site\/wp-json\/wp\/v2\/users\/2"}],"replies":[{"embeddable":true,"href":"https:\/\/lurdinha.org\/site\/wp-json\/wp\/v2\/comments?post=5675"}],"version-history":[{"count":2,"href":"https:\/\/lurdinha.org\/site\/wp-json\/wp\/v2\/posts\/5675\/revisions"}],"predecessor-version":[{"id":5677,"href":"https:\/\/lurdinha.org\/site\/wp-json\/wp\/v2\/posts\/5675\/revisions\/5677"}],"wp:attachment":[{"href":"https:\/\/lurdinha.org\/site\/wp-json\/wp\/v2\/media?parent=5675"}],"wp:term":[{"taxonomy":"category","embeddable":true,"href":"https:\/\/lurdinha.org\/site\/wp-json\/wp\/v2\/categories?post=5675"},{"taxonomy":"post_tag","embeddable":true,"href":"https:\/\/lurdinha.org\/site\/wp-json\/wp\/v2\/tags?post=5675"}],"curies":[{"name":"wp","href":"https:\/\/api.w.org\/{rel}","templated":true}]}}