{"id":5319,"date":"2015-06-11T20:23:54","date_gmt":"2015-06-11T20:23:54","guid":{"rendered":"http:\/\/lurdinha.org\/site\/?p=5319"},"modified":"2015-06-26T03:42:13","modified_gmt":"2015-06-26T03:42:13","slug":"comeca-a-terceira-edicao-da-festa-literaria-de-duque-de-caxias","status":"publish","type":"post","link":"https:\/\/lurdinha.org\/site\/comeca-a-terceira-edicao-da-festa-literaria-de-duque-de-caxias\/","title":{"rendered":"Come\u00e7a a terceira edi\u00e7\u00e3o da Festa Liter\u00e1ria de Duque de Caxias"},"content":{"rendered":"<p><strong>A Festa Liter\u00e1ria de Duque de Caxias<\/strong> entra em sua terceira edi\u00e7\u00e3o apresentando-se como uma das maiores do Estado, integrando n\u00e3o somente a produ\u00e7\u00e3o liter\u00e1ria da cidade, mas de toda a Baixada Fluminense. Para um evento que come\u00e7ou agregado \u00e0 Festa de Santo Ant\u00f4nio em sua primeira edi\u00e7\u00e3o, a Festa Liter\u00e1ria tem mesmo tudo para ser uma refer\u00eancia no segmento e muito mais do que um ap\u00eandice da festa principal da cidade.<\/p>\n<p>Exposi\u00e7\u00f5es, debates, palestras, mesas, saraus e lan\u00e7amentos fazem parte da programa\u00e7\u00e3o, que vem com bastante press\u00e3o.<\/p>\n<p>Aproveito para destacar uns pontos espec\u00edficos devido \u00e0 relev\u00e2ncia. Um deles \u00e9 o fato do evento contar com escritores da cidade em massa. Com um hist\u00f3rico muito inc\u00f4modo de importa\u00e7\u00e3o de gente e desprest\u00edgio da prata da casa, esse fato tem que ser louvado sempre que poss\u00edvel. Gol de placa. Descubro na ficha t\u00e9cnica do evento que a Curadoria tem como articuladora a <strong>Hellenice Ferreira<\/strong>, que, al\u00e9m de ser uma pessoa incr\u00edvel, \u00e9 um dos maiores talentos liter\u00e1rios hoje no Estado no segmento infanto-juvenil.<\/p>\n<p>Outro ponto que destaco \u00e9 a homenagem \u00e0 mem\u00f3ria de Luiz Gonzaga, com direito \u00e0 exposi\u00e7\u00e3o e show em tributo ao Velho Lua, cuja rela\u00e7\u00e3o com Caxias \u00e9 de uma riqueza que a cidade nunca conseguiu levar \u00e0 altura. <a href=\"http:\/\/lurdinha.org\/site\/100-anos-de-gonzagao-alegrias-e-uma-oportunidade-perdida\/\">Escrevi sobre isso no ano do centen\u00e1rio de Gonzaga<\/a>, quando Caxias passou silenciada quanto \u00e0 efem\u00e9ride.<\/p>\n<p>No mais, recomendo muito a ida em todos os dias do evento; a prop\u00f3sito, estarei em v\u00e1rios momentos l\u00e1, incluindo o domingo, dia 14, onde vou bater um papo com quem pintar sobre meus livros e meus projetos novos na \u00e1rea liter\u00e1ria.<\/p>\n<p>Aproveito para deixar aqui meus parab\u00e9ns a todo mundo envolvido na prepara\u00e7\u00e3o e organiza\u00e7\u00e3o da Festa, em especial ao <strong>Ant\u00f4nio Carlos<\/strong>, guerreiro militante da causa do livro na cidade e que atualmente dirige a Biblioteca Municipal Leonel Brizola.<\/p>\n<p>Toda a programa\u00e7\u00e3o voc\u00ea pode consultar na p\u00e1gina do facebook do evento (https:\/\/www.facebook.com\/FestaLiterariadeCaxias) ou <a href=\"http:\/\/lurdinha.org\/site\/wp-content\/uploads\/RELEASE_FESTA_LITERARIA_DE_DUQUE_DE_CAXIAS2015.pdf\" target=\"_blank\">baixar aqui esse pdf com a programa\u00e7\u00e3o detalhada, por dia, hor\u00e1rio e espa\u00e7o<\/a>.<\/p>\n<p><img loading=\"lazy\" decoding=\"async\" class=\"alignnone size-full wp-image-5323\" src=\"http:\/\/lurdinha.org\/site\/wp-content\/uploads\/festaliteraria.jpg\" alt=\"Festa Liter\u00e1ria de Duque de Caxias \" width=\"500\" height=\"185\" srcset=\"https:\/\/lurdinha.org\/site\/wp-content\/uploads\/festaliteraria.jpg 500w, https:\/\/lurdinha.org\/site\/wp-content\/uploads\/festaliteraria-300x111.jpg 300w\" sizes=\"auto, (max-width: 500px) 100vw, 500px\" \/><\/p>\n","protected":false},"excerpt":{"rendered":"<p>A Festa Liter\u00e1ria de Duque de Caxias entra em sua terceira edi\u00e7\u00e3o apresentando-se como uma&#8230;<\/p>\n","protected":false},"author":2,"featured_media":0,"comment_status":"open","ping_status":"closed","sticky":false,"template":"","format":"standard","meta":{"footnotes":""},"categories":[8,5],"tags":[12,11,534,797],"class_list":["post-5319","post","type-post","status-publish","format-standard","hentry","category-evento","category-umaboa","tag-baixada-fluminense","tag-duque-de-caxias","tag-festa-literaria","tag-fliduc"],"yoast_head":"<!-- This site is optimized with the Yoast SEO plugin v27.5 - https:\/\/yoast.com\/product\/yoast-seo-wordpress\/ -->\n<title>Come\u00e7a a terceira edi\u00e7\u00e3o da Festa Liter\u00e1ria de Duque de Caxias - Lurdinha - Duque de Caxias para Est\u00f4magos Fortes<\/title>\n<meta name=\"robots\" content=\"index, follow, max-snippet:-1, max-image-preview:large, max-video-preview:-1\" \/>\n<link rel=\"canonical\" href=\"https:\/\/lurdinha.org\/site\/comeca-a-terceira-edicao-da-festa-literaria-de-duque-de-caxias\/\" \/>\n<meta property=\"og:locale\" content=\"pt_BR\" \/>\n<meta property=\"og:type\" content=\"article\" \/>\n<meta property=\"og:title\" content=\"Come\u00e7a a terceira edi\u00e7\u00e3o da Festa Liter\u00e1ria de Duque de Caxias - Lurdinha - Duque de Caxias para Est\u00f4magos Fortes\" \/>\n<meta property=\"og:description\" content=\"A Festa Liter\u00e1ria de Duque de Caxias entra em sua terceira edi\u00e7\u00e3o apresentando-se como uma...\" \/>\n<meta property=\"og:url\" content=\"https:\/\/lurdinha.org\/site\/comeca-a-terceira-edicao-da-festa-literaria-de-duque-de-caxias\/\" \/>\n<meta property=\"og:site_name\" content=\"Lurdinha - Duque de Caxias para Est\u00f4magos Fortes\" \/>\n<meta property=\"article:publisher\" content=\"https:\/\/www.facebook.com\/LurdinhadeCaxias\" \/>\n<meta property=\"article:author\" content=\"botocudo\" \/>\n<meta property=\"article:published_time\" content=\"2015-06-11T20:23:54+00:00\" \/>\n<meta property=\"article:modified_time\" content=\"2015-06-26T03:42:13+00:00\" \/>\n<meta property=\"og:image\" content=\"https:\/\/lurdinha.org\/site\/wp-content\/uploads\/festaliteraria.jpg\" \/>\n\t<meta property=\"og:image:width\" content=\"500\" \/>\n\t<meta property=\"og:image:height\" content=\"185\" \/>\n\t<meta property=\"og:image:type\" content=\"image\/jpeg\" \/>\n<meta name=\"author\" content=\"heraldo hb\" \/>\n<meta name=\"twitter:card\" content=\"summary_large_image\" \/>\n<meta name=\"twitter:label1\" content=\"Escrito por\" \/>\n\t<meta name=\"twitter:data1\" content=\"heraldo hb\" \/>\n\t<meta name=\"twitter:label2\" content=\"Est. tempo de leitura\" \/>\n\t<meta name=\"twitter:data2\" content=\"2 minutos\" \/>\n<script type=\"application\/ld+json\" class=\"yoast-schema-graph\">{\"@context\":\"https:\\\/\\\/schema.org\",\"@graph\":[{\"@type\":\"Article\",\"@id\":\"https:\\\/\\\/lurdinha.org\\\/site\\\/comeca-a-terceira-edicao-da-festa-literaria-de-duque-de-caxias\\\/#article\",\"isPartOf\":{\"@id\":\"https:\\\/\\\/lurdinha.org\\\/site\\\/comeca-a-terceira-edicao-da-festa-literaria-de-duque-de-caxias\\\/\"},\"author\":{\"name\":\"heraldo hb\",\"@id\":\"https:\\\/\\\/lurdinha.org\\\/site\\\/#\\\/schema\\\/person\\\/b833bb6a7f82598bf0e95e4c30874251\"},\"headline\":\"Come\u00e7a a terceira edi\u00e7\u00e3o da Festa Liter\u00e1ria de Duque de Caxias\",\"datePublished\":\"2015-06-11T20:23:54+00:00\",\"dateModified\":\"2015-06-26T03:42:13+00:00\",\"mainEntityOfPage\":{\"@id\":\"https:\\\/\\\/lurdinha.org\\\/site\\\/comeca-a-terceira-edicao-da-festa-literaria-de-duque-de-caxias\\\/\"},\"wordCount\":384,\"commentCount\":0,\"publisher\":{\"@id\":\"https:\\\/\\\/lurdinha.org\\\/site\\\/#organization\"},\"image\":{\"@id\":\"https:\\\/\\\/lurdinha.org\\\/site\\\/comeca-a-terceira-edicao-da-festa-literaria-de-duque-de-caxias\\\/#primaryimage\"},\"thumbnailUrl\":\"http:\\\/\\\/lurdinha.org\\\/site\\\/wp-content\\\/uploads\\\/festaliteraria.jpg\",\"keywords\":[\"baixada-fluminense\",\"duque-de-caxias\",\"festa liter\u00e1ria\",\"fliduc\"],\"articleSection\":[\"evento\",\"uma boa\"],\"inLanguage\":\"pt-BR\",\"potentialAction\":[{\"@type\":\"CommentAction\",\"name\":\"Comment\",\"target\":[\"https:\\\/\\\/lurdinha.org\\\/site\\\/comeca-a-terceira-edicao-da-festa-literaria-de-duque-de-caxias\\\/#respond\"]}]},{\"@type\":\"WebPage\",\"@id\":\"https:\\\/\\\/lurdinha.org\\\/site\\\/comeca-a-terceira-edicao-da-festa-literaria-de-duque-de-caxias\\\/\",\"url\":\"https:\\\/\\\/lurdinha.org\\\/site\\\/comeca-a-terceira-edicao-da-festa-literaria-de-duque-de-caxias\\\/\",\"name\":\"Come\u00e7a a terceira edi\u00e7\u00e3o da Festa Liter\u00e1ria de Duque de Caxias - Lurdinha - Duque de Caxias para Est\u00f4magos Fortes\",\"isPartOf\":{\"@id\":\"https:\\\/\\\/lurdinha.org\\\/site\\\/#website\"},\"primaryImageOfPage\":{\"@id\":\"https:\\\/\\\/lurdinha.org\\\/site\\\/comeca-a-terceira-edicao-da-festa-literaria-de-duque-de-caxias\\\/#primaryimage\"},\"image\":{\"@id\":\"https:\\\/\\\/lurdinha.org\\\/site\\\/comeca-a-terceira-edicao-da-festa-literaria-de-duque-de-caxias\\\/#primaryimage\"},\"thumbnailUrl\":\"http:\\\/\\\/lurdinha.org\\\/site\\\/wp-content\\\/uploads\\\/festaliteraria.jpg\",\"datePublished\":\"2015-06-11T20:23:54+00:00\",\"dateModified\":\"2015-06-26T03:42:13+00:00\",\"breadcrumb\":{\"@id\":\"https:\\\/\\\/lurdinha.org\\\/site\\\/comeca-a-terceira-edicao-da-festa-literaria-de-duque-de-caxias\\\/#breadcrumb\"},\"inLanguage\":\"pt-BR\",\"potentialAction\":[{\"@type\":\"ReadAction\",\"target\":[\"https:\\\/\\\/lurdinha.org\\\/site\\\/comeca-a-terceira-edicao-da-festa-literaria-de-duque-de-caxias\\\/\"]}]},{\"@type\":\"ImageObject\",\"inLanguage\":\"pt-BR\",\"@id\":\"https:\\\/\\\/lurdinha.org\\\/site\\\/comeca-a-terceira-edicao-da-festa-literaria-de-duque-de-caxias\\\/#primaryimage\",\"url\":\"https:\\\/\\\/lurdinha.org\\\/site\\\/wp-content\\\/uploads\\\/festaliteraria.jpg\",\"contentUrl\":\"https:\\\/\\\/lurdinha.org\\\/site\\\/wp-content\\\/uploads\\\/festaliteraria.jpg\",\"width\":500,\"height\":185,\"caption\":\"Festa Liter\u00e1ria de Duque de Caxias\"},{\"@type\":\"BreadcrumbList\",\"@id\":\"https:\\\/\\\/lurdinha.org\\\/site\\\/comeca-a-terceira-edicao-da-festa-literaria-de-duque-de-caxias\\\/#breadcrumb\",\"itemListElement\":[{\"@type\":\"ListItem\",\"position\":1,\"name\":\"In\u00edcio\",\"item\":\"https:\\\/\\\/lurdinha.org\\\/site\\\/\"},{\"@type\":\"ListItem\",\"position\":2,\"name\":\"Come\u00e7a a terceira edi\u00e7\u00e3o da Festa Liter\u00e1ria de Duque de Caxias\"}]},{\"@type\":\"WebSite\",\"@id\":\"https:\\\/\\\/lurdinha.org\\\/site\\\/#website\",\"url\":\"https:\\\/\\\/lurdinha.org\\\/site\\\/\",\"name\":\"Lurdinha - Duque de Caxias para Est\u00f4magos Fortes\",\"description\":\"Site sobre Arte, Cultura, Pol\u00edtica, Sociedade e curiosidades da cidade de Duque de Caxias, RJ\",\"publisher\":{\"@id\":\"https:\\\/\\\/lurdinha.org\\\/site\\\/#organization\"},\"alternateName\":\"Lurdinha\",\"potentialAction\":[{\"@type\":\"SearchAction\",\"target\":{\"@type\":\"EntryPoint\",\"urlTemplate\":\"https:\\\/\\\/lurdinha.org\\\/site\\\/?s={search_term_string}\"},\"query-input\":{\"@type\":\"PropertyValueSpecification\",\"valueRequired\":true,\"valueName\":\"search_term_string\"}}],\"inLanguage\":\"pt-BR\"},{\"@type\":\"Organization\",\"@id\":\"https:\\\/\\\/lurdinha.org\\\/site\\\/#organization\",\"name\":\"Lurdinha de Caxias\",\"url\":\"https:\\\/\\\/lurdinha.org\\\/site\\\/\",\"logo\":{\"@type\":\"ImageObject\",\"inLanguage\":\"pt-BR\",\"@id\":\"https:\\\/\\\/lurdinha.org\\\/site\\\/#\\\/schema\\\/logo\\\/image\\\/\",\"url\":\"https:\\\/\\\/lurdinha.org\\\/site\\\/wp-content\\\/uploads\\\/logo-lurdinha.jpg\",\"contentUrl\":\"https:\\\/\\\/lurdinha.org\\\/site\\\/wp-content\\\/uploads\\\/logo-lurdinha.jpg\",\"width\":640,\"height\":60,\"caption\":\"Lurdinha de Caxias\"},\"image\":{\"@id\":\"https:\\\/\\\/lurdinha.org\\\/site\\\/#\\\/schema\\\/logo\\\/image\\\/\"},\"sameAs\":[\"https:\\\/\\\/www.facebook.com\\\/LurdinhadeCaxias\",\"https:\\\/\\\/www.instagram.com\\\/lurdinhadecaxias\"]},{\"@type\":\"Person\",\"@id\":\"https:\\\/\\\/lurdinha.org\\\/site\\\/#\\\/schema\\\/person\\\/b833bb6a7f82598bf0e95e4c30874251\",\"name\":\"heraldo hb\",\"image\":{\"@type\":\"ImageObject\",\"inLanguage\":\"pt-BR\",\"@id\":\"https:\\\/\\\/secure.gravatar.com\\\/avatar\\\/5de9fe99c72cb6885bbdaa24b1c5738b0f673d265de18720fae7463d5f47b48d?s=96&d=mm&r=g\",\"url\":\"https:\\\/\\\/secure.gravatar.com\\\/avatar\\\/5de9fe99c72cb6885bbdaa24b1c5738b0f673d265de18720fae7463d5f47b48d?s=96&d=mm&r=g\",\"contentUrl\":\"https:\\\/\\\/secure.gravatar.com\\\/avatar\\\/5de9fe99c72cb6885bbdaa24b1c5738b0f673d265de18720fae7463d5f47b48d?s=96&d=mm&r=g\",\"caption\":\"heraldo hb\"},\"description\":\"Cineasta, animador cultural, escritor e educador nascido no s\u00e9culo XX\",\"sameAs\":[\"http:\\\/\\\/wwww.relinkare.org\",\"botocudo\",\"heraldohb\",\"relinkare\"],\"url\":\"https:\\\/\\\/lurdinha.org\\\/site\\\/author\\\/heraldohb\\\/\"}]}<\/script>\n<!-- \/ Yoast SEO plugin. -->","yoast_head_json":{"title":"Come\u00e7a a terceira edi\u00e7\u00e3o da Festa Liter\u00e1ria de Duque de Caxias - Lurdinha - Duque de Caxias para Est\u00f4magos Fortes","robots":{"index":"index","follow":"follow","max-snippet":"max-snippet:-1","max-image-preview":"max-image-preview:large","max-video-preview":"max-video-preview:-1"},"canonical":"https:\/\/lurdinha.org\/site\/comeca-a-terceira-edicao-da-festa-literaria-de-duque-de-caxias\/","og_locale":"pt_BR","og_type":"article","og_title":"Come\u00e7a a terceira edi\u00e7\u00e3o da Festa Liter\u00e1ria de Duque de Caxias - Lurdinha - Duque de Caxias para Est\u00f4magos Fortes","og_description":"A Festa Liter\u00e1ria de Duque de Caxias entra em sua terceira edi\u00e7\u00e3o apresentando-se como uma...","og_url":"https:\/\/lurdinha.org\/site\/comeca-a-terceira-edicao-da-festa-literaria-de-duque-de-caxias\/","og_site_name":"Lurdinha - Duque de Caxias para Est\u00f4magos Fortes","article_publisher":"https:\/\/www.facebook.com\/LurdinhadeCaxias","article_author":"botocudo","article_published_time":"2015-06-11T20:23:54+00:00","article_modified_time":"2015-06-26T03:42:13+00:00","og_image":[{"width":500,"height":185,"url":"https:\/\/lurdinha.org\/site\/wp-content\/uploads\/festaliteraria.jpg","type":"image\/jpeg"}],"author":"heraldo hb","twitter_card":"summary_large_image","twitter_misc":{"Escrito por":"heraldo hb","Est. tempo de leitura":"2 minutos"},"schema":{"@context":"https:\/\/schema.org","@graph":[{"@type":"Article","@id":"https:\/\/lurdinha.org\/site\/comeca-a-terceira-edicao-da-festa-literaria-de-duque-de-caxias\/#article","isPartOf":{"@id":"https:\/\/lurdinha.org\/site\/comeca-a-terceira-edicao-da-festa-literaria-de-duque-de-caxias\/"},"author":{"name":"heraldo hb","@id":"https:\/\/lurdinha.org\/site\/#\/schema\/person\/b833bb6a7f82598bf0e95e4c30874251"},"headline":"Come\u00e7a a terceira edi\u00e7\u00e3o da Festa Liter\u00e1ria de Duque de Caxias","datePublished":"2015-06-11T20:23:54+00:00","dateModified":"2015-06-26T03:42:13+00:00","mainEntityOfPage":{"@id":"https:\/\/lurdinha.org\/site\/comeca-a-terceira-edicao-da-festa-literaria-de-duque-de-caxias\/"},"wordCount":384,"commentCount":0,"publisher":{"@id":"https:\/\/lurdinha.org\/site\/#organization"},"image":{"@id":"https:\/\/lurdinha.org\/site\/comeca-a-terceira-edicao-da-festa-literaria-de-duque-de-caxias\/#primaryimage"},"thumbnailUrl":"http:\/\/lurdinha.org\/site\/wp-content\/uploads\/festaliteraria.jpg","keywords":["baixada-fluminense","duque-de-caxias","festa liter\u00e1ria","fliduc"],"articleSection":["evento","uma boa"],"inLanguage":"pt-BR","potentialAction":[{"@type":"CommentAction","name":"Comment","target":["https:\/\/lurdinha.org\/site\/comeca-a-terceira-edicao-da-festa-literaria-de-duque-de-caxias\/#respond"]}]},{"@type":"WebPage","@id":"https:\/\/lurdinha.org\/site\/comeca-a-terceira-edicao-da-festa-literaria-de-duque-de-caxias\/","url":"https:\/\/lurdinha.org\/site\/comeca-a-terceira-edicao-da-festa-literaria-de-duque-de-caxias\/","name":"Come\u00e7a a terceira edi\u00e7\u00e3o da Festa Liter\u00e1ria de Duque de Caxias - Lurdinha - Duque de Caxias para Est\u00f4magos Fortes","isPartOf":{"@id":"https:\/\/lurdinha.org\/site\/#website"},"primaryImageOfPage":{"@id":"https:\/\/lurdinha.org\/site\/comeca-a-terceira-edicao-da-festa-literaria-de-duque-de-caxias\/#primaryimage"},"image":{"@id":"https:\/\/lurdinha.org\/site\/comeca-a-terceira-edicao-da-festa-literaria-de-duque-de-caxias\/#primaryimage"},"thumbnailUrl":"http:\/\/lurdinha.org\/site\/wp-content\/uploads\/festaliteraria.jpg","datePublished":"2015-06-11T20:23:54+00:00","dateModified":"2015-06-26T03:42:13+00:00","breadcrumb":{"@id":"https:\/\/lurdinha.org\/site\/comeca-a-terceira-edicao-da-festa-literaria-de-duque-de-caxias\/#breadcrumb"},"inLanguage":"pt-BR","potentialAction":[{"@type":"ReadAction","target":["https:\/\/lurdinha.org\/site\/comeca-a-terceira-edicao-da-festa-literaria-de-duque-de-caxias\/"]}]},{"@type":"ImageObject","inLanguage":"pt-BR","@id":"https:\/\/lurdinha.org\/site\/comeca-a-terceira-edicao-da-festa-literaria-de-duque-de-caxias\/#primaryimage","url":"https:\/\/lurdinha.org\/site\/wp-content\/uploads\/festaliteraria.jpg","contentUrl":"https:\/\/lurdinha.org\/site\/wp-content\/uploads\/festaliteraria.jpg","width":500,"height":185,"caption":"Festa Liter\u00e1ria de Duque de Caxias"},{"@type":"BreadcrumbList","@id":"https:\/\/lurdinha.org\/site\/comeca-a-terceira-edicao-da-festa-literaria-de-duque-de-caxias\/#breadcrumb","itemListElement":[{"@type":"ListItem","position":1,"name":"In\u00edcio","item":"https:\/\/lurdinha.org\/site\/"},{"@type":"ListItem","position":2,"name":"Come\u00e7a a terceira edi\u00e7\u00e3o da Festa Liter\u00e1ria de Duque de Caxias"}]},{"@type":"WebSite","@id":"https:\/\/lurdinha.org\/site\/#website","url":"https:\/\/lurdinha.org\/site\/","name":"Lurdinha - Duque de Caxias para Est\u00f4magos Fortes","description":"Site sobre Arte, Cultura, Pol\u00edtica, Sociedade e curiosidades da cidade de Duque de Caxias, RJ","publisher":{"@id":"https:\/\/lurdinha.org\/site\/#organization"},"alternateName":"Lurdinha","potentialAction":[{"@type":"SearchAction","target":{"@type":"EntryPoint","urlTemplate":"https:\/\/lurdinha.org\/site\/?s={search_term_string}"},"query-input":{"@type":"PropertyValueSpecification","valueRequired":true,"valueName":"search_term_string"}}],"inLanguage":"pt-BR"},{"@type":"Organization","@id":"https:\/\/lurdinha.org\/site\/#organization","name":"Lurdinha de Caxias","url":"https:\/\/lurdinha.org\/site\/","logo":{"@type":"ImageObject","inLanguage":"pt-BR","@id":"https:\/\/lurdinha.org\/site\/#\/schema\/logo\/image\/","url":"https:\/\/lurdinha.org\/site\/wp-content\/uploads\/logo-lurdinha.jpg","contentUrl":"https:\/\/lurdinha.org\/site\/wp-content\/uploads\/logo-lurdinha.jpg","width":640,"height":60,"caption":"Lurdinha de Caxias"},"image":{"@id":"https:\/\/lurdinha.org\/site\/#\/schema\/logo\/image\/"},"sameAs":["https:\/\/www.facebook.com\/LurdinhadeCaxias","https:\/\/www.instagram.com\/lurdinhadecaxias"]},{"@type":"Person","@id":"https:\/\/lurdinha.org\/site\/#\/schema\/person\/b833bb6a7f82598bf0e95e4c30874251","name":"heraldo hb","image":{"@type":"ImageObject","inLanguage":"pt-BR","@id":"https:\/\/secure.gravatar.com\/avatar\/5de9fe99c72cb6885bbdaa24b1c5738b0f673d265de18720fae7463d5f47b48d?s=96&d=mm&r=g","url":"https:\/\/secure.gravatar.com\/avatar\/5de9fe99c72cb6885bbdaa24b1c5738b0f673d265de18720fae7463d5f47b48d?s=96&d=mm&r=g","contentUrl":"https:\/\/secure.gravatar.com\/avatar\/5de9fe99c72cb6885bbdaa24b1c5738b0f673d265de18720fae7463d5f47b48d?s=96&d=mm&r=g","caption":"heraldo hb"},"description":"Cineasta, animador cultural, escritor e educador nascido no s\u00e9culo XX","sameAs":["http:\/\/wwww.relinkare.org","botocudo","heraldohb","relinkare"],"url":"https:\/\/lurdinha.org\/site\/author\/heraldohb\/"}]}},"views":3045,"_links":{"self":[{"href":"https:\/\/lurdinha.org\/site\/wp-json\/wp\/v2\/posts\/5319","targetHints":{"allow":["GET"]}}],"collection":[{"href":"https:\/\/lurdinha.org\/site\/wp-json\/wp\/v2\/posts"}],"about":[{"href":"https:\/\/lurdinha.org\/site\/wp-json\/wp\/v2\/types\/post"}],"author":[{"embeddable":true,"href":"https:\/\/lurdinha.org\/site\/wp-json\/wp\/v2\/users\/2"}],"replies":[{"embeddable":true,"href":"https:\/\/lurdinha.org\/site\/wp-json\/wp\/v2\/comments?post=5319"}],"version-history":[{"count":4,"href":"https:\/\/lurdinha.org\/site\/wp-json\/wp\/v2\/posts\/5319\/revisions"}],"predecessor-version":[{"id":5324,"href":"https:\/\/lurdinha.org\/site\/wp-json\/wp\/v2\/posts\/5319\/revisions\/5324"}],"wp:attachment":[{"href":"https:\/\/lurdinha.org\/site\/wp-json\/wp\/v2\/media?parent=5319"}],"wp:term":[{"taxonomy":"category","embeddable":true,"href":"https:\/\/lurdinha.org\/site\/wp-json\/wp\/v2\/categories?post=5319"},{"taxonomy":"post_tag","embeddable":true,"href":"https:\/\/lurdinha.org\/site\/wp-json\/wp\/v2\/tags?post=5319"}],"curies":[{"name":"wp","href":"https:\/\/api.w.org\/{rel}","templated":true}]}}