{"id":5239,"date":"2015-03-25T15:45:05","date_gmt":"2015-03-25T15:45:05","guid":{"rendered":"http:\/\/lurdinha.org\/site\/?p=5239"},"modified":"2022-09-11T18:17:49","modified_gmt":"2022-09-11T18:17:49","slug":"evento-estimula-a-troca-de-sementes-e-mudas-em-caxias","status":"publish","type":"post","link":"https:\/\/lurdinha.org\/site\/evento-estimula-a-troca-de-sementes-e-mudas-em-caxias\/","title":{"rendered":"Piquenique vai promover a troca de sementes e mudas em Caxias no pr\u00f3ximo domingo, dia 29\/03"},"content":{"rendered":"<p>O <strong>Pic Nic de Troca de Sementes e Mudas das Esta\u00e7\u00f5es<\/strong> \u00e9 um evento que acontece h\u00e1 cerca de 5 anos em S\u00e3o Paulo e agora chega a sua primeira edi\u00e7\u00e3o em Duque de Caxias, no pr\u00f3ximo dia 29 de mar\u00e7o.<\/p>\n<p>O encontro vai promover oficina de compostagem, palestras sobre reflorestamento nas cidades, ecologia urbana, permacultura, al\u00e9m de atividades para as crian\u00e7as e da participa\u00e7\u00e3o de Regina Tchelly, fundadora da Favela Org\u00e2nica, que vai falar sobre alimenta\u00e7\u00e3o org\u00e2nica, cultivo e aproveitamento total dos alimentos. No final do evento, a pra\u00e7a vai ganhar duas novas \u00e1rvores que ser\u00e3o plantadas pelos participantes.<\/p>\n<p>\u201cEsse \u00e9 um encontro de pessoas para pessoas, que desperta na sociedade o senso de colabora\u00e7\u00e3o e responsabilidade com o espa\u00e7o p\u00fablico. Todas as participa\u00e7\u00f5es e apoios s\u00e3o volunt\u00e1rios e todos presentes podem enriquecer o encontro com suas viv\u00eancias e trocar conhecimentos sobre cultivo, meio ambiente e qualidade de vida\u201d, diz Luciana Reigada, representante da iniciativa na cidade. A a\u00e7\u00e3o promove, tamb\u00e9m, valores como o respeito e a ocupa\u00e7\u00e3o de espa\u00e7os p\u00fablicos, estimulando a revaloriza\u00e7\u00e3o dos locais onde \u00e9 realizado. A iniciativa \u00e9\u00a0do Instituto \u00c1rvores Vivas e a ideia \u00e9 que se repita a cada mudan\u00e7a de esta\u00e7\u00e3o do ano.<\/p>\n<p>O encontro \u00e9 gratuito e aberto a toda sociedade. Mesmo quem n\u00e3o tem sementes, mudas ou livros para trocar, mas se interessa pelo tema, pode participar colaborando com uma bebida e comida para o piquenique coletivo.<\/p>\n<p>.<\/p>\n<p><strong>Servi\u00e7o<\/strong><\/p>\n<p>Quando: domingo, 29 de mar\u00e7o \u00e0s 10h<\/p>\n<p>Onde: Pra\u00e7a da Pedreira \u2013 Rua Mariz de Barros, s\/ n\u00ba, Jardim 25 de Agosto<\/p>\n<p>Colabora\u00e7\u00e3o: Alimento e bebida para o piquenique<\/p>\n<p>Confirmar presen\u00e7a na p\u00e1gina do Facebook: <a href=\"https:\/\/www.facebook.com\/groups\/duquedecaxiasrj\/726819444082356\/?ref=notif&amp;notif_t=like#%21\/events\/764567063617907\/?ref_dashboard_filter=upcoming\" target=\"_blank\" rel=\"noopener\"><span lang=\"pt-PT\">1\u00ba PicNic de Troca de Sementes e Mudas das Esta\u00e7\u00f5es \u2013 Outono \u2013 Duque de Caxias<\/span><\/a><\/p>\n<p><strong>Programa\u00e7\u00e3o<\/strong><\/p>\n<p lang=\"pt-PT\">10:00 \u2013 10:30 Boas vindas<br \/>\n10:30 \u2013 11:30 Roda de apresenta\u00e7\u00f5es. Din\u00e2mica de grupo<br \/>\n11:30 \u2013 11:50 Bate Papo: Amor e alimento. Regina Tchelly da Favela Org\u00e2nica vai compartilhar saberes sobre alimenta\u00e7\u00e3o org\u00e2nica e aproveitamento total dos alimentos<br \/>\n11:50 \u2013 12:10 Bate Papo: Ecologia urbana e a cria\u00e7\u00e3o de um sonho com Helio Vanderley, da ONG Onda Verde<br \/>\n12:10 \u2013 12:30 Bate Papo: Permacultura e educa\u00e7\u00e3o Livre com Leandro Gomes, Permacultor e morador da Ecovila El Nagual<br \/>\n12:30 \u2013 12:50 Bate Papo: Reflorestamento urbano com Cila Dias, do Vista Alegre + Verde<br \/>\n12:50 \u2013 13:10 Oficina de compostagem com Fabio Pereira<br \/>\n13:10 \u2013 13:40 Trocas de sementes, mudas e livros<br \/>\n13:40 \u2013 14:00 Reflorestamento urbano na pr\u00e1tica. Plantio de duas novas \u00e1rvores na Pra\u00e7a da Pedreira com o apoio e orienta\u00e7\u00e3o da ONG Onda verde e Vista Alegre+Verde<br \/>\nDurante toda a manh\u00e3 ter\u00e1 atividades de educa\u00e7\u00e3o ambiental, arte e brincadeiras para as crian\u00e7as.<\/p>\n<p>&nbsp;<\/p>\n<p>&nbsp;<\/p>\n<p>&nbsp;<\/p>\n<figure id=\"attachment_5250\" aria-describedby=\"caption-attachment-5250\" style=\"width: 590px\" class=\"wp-caption alignleft\"><img loading=\"lazy\" decoding=\"async\" class=\"size-full wp-image-5250\" src=\"http:\/\/lurdinha.org\/site\/wp-content\/uploads\/praca-da-pedreira.jpg\" alt=\"Pra\u00e7a da Pedreira\" width=\"590\" height=\"443\" srcset=\"https:\/\/lurdinha.org\/site\/wp-content\/uploads\/praca-da-pedreira.jpg 590w, https:\/\/lurdinha.org\/site\/wp-content\/uploads\/praca-da-pedreira-300x225.jpg 300w\" sizes=\"auto, (max-width: 590px) 100vw, 590px\" \/><figcaption id=\"caption-attachment-5250\" class=\"wp-caption-text\">Pra\u00e7a da Pedreira. Ao final do evento duas \u00e1rvores ser\u00e3o plantadas sob orienta\u00e7\u00e3o de t\u00e9cnicos<\/figcaption><\/figure>\n","protected":false},"excerpt":{"rendered":"<p>O Pic Nic de Troca de Sementes e Mudas das Esta\u00e7\u00f5es \u00e9 um evento que&#8230;<\/p>\n","protected":false},"author":87,"featured_media":0,"comment_status":"open","ping_status":"closed","sticky":false,"template":"","format":"standard","meta":{"footnotes":""},"categories":[8,5],"tags":[],"class_list":["post-5239","post","type-post","status-publish","format-standard","hentry","category-evento","category-umaboa"],"yoast_head":"<!-- This site is optimized with the Yoast SEO plugin v27.5 - https:\/\/yoast.com\/product\/yoast-seo-wordpress\/ -->\n<title>Piquenique vai promover a troca de sementes e mudas em Caxias no pr\u00f3ximo domingo, dia 29\/03 - Lurdinha - Duque de Caxias para Est\u00f4magos Fortes<\/title>\n<meta name=\"robots\" content=\"index, follow, max-snippet:-1, max-image-preview:large, max-video-preview:-1\" \/>\n<link rel=\"canonical\" href=\"https:\/\/lurdinha.org\/site\/evento-estimula-a-troca-de-sementes-e-mudas-em-caxias\/\" \/>\n<meta property=\"og:locale\" content=\"pt_BR\" \/>\n<meta property=\"og:type\" content=\"article\" \/>\n<meta property=\"og:title\" content=\"Piquenique vai promover a troca de sementes e mudas em Caxias no pr\u00f3ximo domingo, dia 29\/03 - Lurdinha - Duque de Caxias para Est\u00f4magos Fortes\" \/>\n<meta property=\"og:description\" content=\"O Pic Nic de Troca de Sementes e Mudas das Esta\u00e7\u00f5es \u00e9 um evento que...\" \/>\n<meta property=\"og:url\" content=\"https:\/\/lurdinha.org\/site\/evento-estimula-a-troca-de-sementes-e-mudas-em-caxias\/\" \/>\n<meta property=\"og:site_name\" content=\"Lurdinha - Duque de Caxias para Est\u00f4magos Fortes\" \/>\n<meta property=\"article:publisher\" content=\"https:\/\/www.facebook.com\/LurdinhadeCaxias\" \/>\n<meta property=\"article:published_time\" content=\"2015-03-25T15:45:05+00:00\" \/>\n<meta property=\"article:modified_time\" content=\"2022-09-11T18:17:49+00:00\" \/>\n<meta property=\"og:image\" content=\"https:\/\/lurdinha.org\/site\/wp-content\/uploads\/praca-da-pedreira.jpg\" \/>\n\t<meta property=\"og:image:width\" content=\"590\" \/>\n\t<meta property=\"og:image:height\" content=\"443\" \/>\n\t<meta property=\"og:image:type\" content=\"image\/jpeg\" \/>\n<meta name=\"author\" content=\"Editoria\" \/>\n<meta name=\"twitter:card\" content=\"summary_large_image\" \/>\n<meta name=\"twitter:label1\" content=\"Escrito por\" \/>\n\t<meta name=\"twitter:data1\" content=\"Editoria\" \/>\n\t<meta name=\"twitter:label2\" content=\"Est. tempo de leitura\" \/>\n\t<meta name=\"twitter:data2\" content=\"2 minutos\" \/>\n<script type=\"application\/ld+json\" class=\"yoast-schema-graph\">{\"@context\":\"https:\\\/\\\/schema.org\",\"@graph\":[{\"@type\":\"Article\",\"@id\":\"https:\\\/\\\/lurdinha.org\\\/site\\\/evento-estimula-a-troca-de-sementes-e-mudas-em-caxias\\\/#article\",\"isPartOf\":{\"@id\":\"https:\\\/\\\/lurdinha.org\\\/site\\\/evento-estimula-a-troca-de-sementes-e-mudas-em-caxias\\\/\"},\"author\":{\"name\":\"Editoria\",\"@id\":\"https:\\\/\\\/lurdinha.org\\\/site\\\/#\\\/schema\\\/person\\\/6b0b6b83043cbaf7707ee275576b00ea\"},\"headline\":\"Piquenique vai promover a troca de sementes e mudas em Caxias no pr\u00f3ximo domingo, dia 29\\\/03\",\"datePublished\":\"2015-03-25T15:45:05+00:00\",\"dateModified\":\"2022-09-11T18:17:49+00:00\",\"mainEntityOfPage\":{\"@id\":\"https:\\\/\\\/lurdinha.org\\\/site\\\/evento-estimula-a-troca-de-sementes-e-mudas-em-caxias\\\/\"},\"wordCount\":496,\"commentCount\":0,\"publisher\":{\"@id\":\"https:\\\/\\\/lurdinha.org\\\/site\\\/#organization\"},\"image\":{\"@id\":\"https:\\\/\\\/lurdinha.org\\\/site\\\/evento-estimula-a-troca-de-sementes-e-mudas-em-caxias\\\/#primaryimage\"},\"thumbnailUrl\":\"http:\\\/\\\/lurdinha.org\\\/site\\\/wp-content\\\/uploads\\\/praca-da-pedreira.jpg\",\"articleSection\":[\"evento\",\"uma boa\"],\"inLanguage\":\"pt-BR\",\"potentialAction\":[{\"@type\":\"CommentAction\",\"name\":\"Comment\",\"target\":[\"https:\\\/\\\/lurdinha.org\\\/site\\\/evento-estimula-a-troca-de-sementes-e-mudas-em-caxias\\\/#respond\"]}]},{\"@type\":\"WebPage\",\"@id\":\"https:\\\/\\\/lurdinha.org\\\/site\\\/evento-estimula-a-troca-de-sementes-e-mudas-em-caxias\\\/\",\"url\":\"https:\\\/\\\/lurdinha.org\\\/site\\\/evento-estimula-a-troca-de-sementes-e-mudas-em-caxias\\\/\",\"name\":\"Piquenique vai promover a troca de sementes e mudas em Caxias no pr\u00f3ximo domingo, dia 29\\\/03 - Lurdinha - Duque de Caxias para Est\u00f4magos Fortes\",\"isPartOf\":{\"@id\":\"https:\\\/\\\/lurdinha.org\\\/site\\\/#website\"},\"primaryImageOfPage\":{\"@id\":\"https:\\\/\\\/lurdinha.org\\\/site\\\/evento-estimula-a-troca-de-sementes-e-mudas-em-caxias\\\/#primaryimage\"},\"image\":{\"@id\":\"https:\\\/\\\/lurdinha.org\\\/site\\\/evento-estimula-a-troca-de-sementes-e-mudas-em-caxias\\\/#primaryimage\"},\"thumbnailUrl\":\"http:\\\/\\\/lurdinha.org\\\/site\\\/wp-content\\\/uploads\\\/praca-da-pedreira.jpg\",\"datePublished\":\"2015-03-25T15:45:05+00:00\",\"dateModified\":\"2022-09-11T18:17:49+00:00\",\"breadcrumb\":{\"@id\":\"https:\\\/\\\/lurdinha.org\\\/site\\\/evento-estimula-a-troca-de-sementes-e-mudas-em-caxias\\\/#breadcrumb\"},\"inLanguage\":\"pt-BR\",\"potentialAction\":[{\"@type\":\"ReadAction\",\"target\":[\"https:\\\/\\\/lurdinha.org\\\/site\\\/evento-estimula-a-troca-de-sementes-e-mudas-em-caxias\\\/\"]}]},{\"@type\":\"ImageObject\",\"inLanguage\":\"pt-BR\",\"@id\":\"https:\\\/\\\/lurdinha.org\\\/site\\\/evento-estimula-a-troca-de-sementes-e-mudas-em-caxias\\\/#primaryimage\",\"url\":\"https:\\\/\\\/lurdinha.org\\\/site\\\/wp-content\\\/uploads\\\/praca-da-pedreira.jpg\",\"contentUrl\":\"https:\\\/\\\/lurdinha.org\\\/site\\\/wp-content\\\/uploads\\\/praca-da-pedreira.jpg\",\"width\":590,\"height\":443,\"caption\":\"Pra\u00e7a da Pedreira. Ao final do evento duas \u00e1rvores s\u00e3o plantadas sob orienta\u00e7\u00e3o de t\u00e9cnicos\"},{\"@type\":\"BreadcrumbList\",\"@id\":\"https:\\\/\\\/lurdinha.org\\\/site\\\/evento-estimula-a-troca-de-sementes-e-mudas-em-caxias\\\/#breadcrumb\",\"itemListElement\":[{\"@type\":\"ListItem\",\"position\":1,\"name\":\"In\u00edcio\",\"item\":\"https:\\\/\\\/lurdinha.org\\\/site\\\/\"},{\"@type\":\"ListItem\",\"position\":2,\"name\":\"Piquenique vai promover a troca de sementes e mudas em Caxias no pr\u00f3ximo domingo, dia 29\\\/03\"}]},{\"@type\":\"WebSite\",\"@id\":\"https:\\\/\\\/lurdinha.org\\\/site\\\/#website\",\"url\":\"https:\\\/\\\/lurdinha.org\\\/site\\\/\",\"name\":\"Lurdinha - Duque de Caxias para Est\u00f4magos Fortes\",\"description\":\"Site sobre Arte, Cultura, Pol\u00edtica, Sociedade e curiosidades da cidade de Duque de Caxias, RJ\",\"publisher\":{\"@id\":\"https:\\\/\\\/lurdinha.org\\\/site\\\/#organization\"},\"alternateName\":\"Lurdinha\",\"potentialAction\":[{\"@type\":\"SearchAction\",\"target\":{\"@type\":\"EntryPoint\",\"urlTemplate\":\"https:\\\/\\\/lurdinha.org\\\/site\\\/?s={search_term_string}\"},\"query-input\":{\"@type\":\"PropertyValueSpecification\",\"valueRequired\":true,\"valueName\":\"search_term_string\"}}],\"inLanguage\":\"pt-BR\"},{\"@type\":\"Organization\",\"@id\":\"https:\\\/\\\/lurdinha.org\\\/site\\\/#organization\",\"name\":\"Lurdinha de Caxias\",\"url\":\"https:\\\/\\\/lurdinha.org\\\/site\\\/\",\"logo\":{\"@type\":\"ImageObject\",\"inLanguage\":\"pt-BR\",\"@id\":\"https:\\\/\\\/lurdinha.org\\\/site\\\/#\\\/schema\\\/logo\\\/image\\\/\",\"url\":\"https:\\\/\\\/lurdinha.org\\\/site\\\/wp-content\\\/uploads\\\/logo-lurdinha.jpg\",\"contentUrl\":\"https:\\\/\\\/lurdinha.org\\\/site\\\/wp-content\\\/uploads\\\/logo-lurdinha.jpg\",\"width\":640,\"height\":60,\"caption\":\"Lurdinha de Caxias\"},\"image\":{\"@id\":\"https:\\\/\\\/lurdinha.org\\\/site\\\/#\\\/schema\\\/logo\\\/image\\\/\"},\"sameAs\":[\"https:\\\/\\\/www.facebook.com\\\/LurdinhadeCaxias\",\"https:\\\/\\\/www.instagram.com\\\/lurdinhadecaxias\"]},{\"@type\":\"Person\",\"@id\":\"https:\\\/\\\/lurdinha.org\\\/site\\\/#\\\/schema\\\/person\\\/6b0b6b83043cbaf7707ee275576b00ea\",\"name\":\"Editoria\",\"image\":{\"@type\":\"ImageObject\",\"inLanguage\":\"pt-BR\",\"@id\":\"https:\\\/\\\/secure.gravatar.com\\\/avatar\\\/0ba27ca5462d63e6c810ae4debe7159a69befcd2e33516be5bad4700d2dbfa72?s=96&d=mm&r=g\",\"url\":\"https:\\\/\\\/secure.gravatar.com\\\/avatar\\\/0ba27ca5462d63e6c810ae4debe7159a69befcd2e33516be5bad4700d2dbfa72?s=96&d=mm&r=g\",\"contentUrl\":\"https:\\\/\\\/secure.gravatar.com\\\/avatar\\\/0ba27ca5462d63e6c810ae4debe7159a69befcd2e33516be5bad4700d2dbfa72?s=96&d=mm&r=g\",\"caption\":\"Editoria\"},\"url\":\"https:\\\/\\\/lurdinha.org\\\/site\\\/author\\\/editoria\\\/\"}]}<\/script>\n<!-- \/ Yoast SEO plugin. -->","yoast_head_json":{"title":"Piquenique vai promover a troca de sementes e mudas em Caxias no pr\u00f3ximo domingo, dia 29\/03 - Lurdinha - Duque de Caxias para Est\u00f4magos Fortes","robots":{"index":"index","follow":"follow","max-snippet":"max-snippet:-1","max-image-preview":"max-image-preview:large","max-video-preview":"max-video-preview:-1"},"canonical":"https:\/\/lurdinha.org\/site\/evento-estimula-a-troca-de-sementes-e-mudas-em-caxias\/","og_locale":"pt_BR","og_type":"article","og_title":"Piquenique vai promover a troca de sementes e mudas em Caxias no pr\u00f3ximo domingo, dia 29\/03 - Lurdinha - Duque de Caxias para Est\u00f4magos Fortes","og_description":"O Pic Nic de Troca de Sementes e Mudas das Esta\u00e7\u00f5es \u00e9 um evento que...","og_url":"https:\/\/lurdinha.org\/site\/evento-estimula-a-troca-de-sementes-e-mudas-em-caxias\/","og_site_name":"Lurdinha - Duque de Caxias para Est\u00f4magos Fortes","article_publisher":"https:\/\/www.facebook.com\/LurdinhadeCaxias","article_published_time":"2015-03-25T15:45:05+00:00","article_modified_time":"2022-09-11T18:17:49+00:00","og_image":[{"width":590,"height":443,"url":"https:\/\/lurdinha.org\/site\/wp-content\/uploads\/praca-da-pedreira.jpg","type":"image\/jpeg"}],"author":"Editoria","twitter_card":"summary_large_image","twitter_misc":{"Escrito por":"Editoria","Est. tempo de leitura":"2 minutos"},"schema":{"@context":"https:\/\/schema.org","@graph":[{"@type":"Article","@id":"https:\/\/lurdinha.org\/site\/evento-estimula-a-troca-de-sementes-e-mudas-em-caxias\/#article","isPartOf":{"@id":"https:\/\/lurdinha.org\/site\/evento-estimula-a-troca-de-sementes-e-mudas-em-caxias\/"},"author":{"name":"Editoria","@id":"https:\/\/lurdinha.org\/site\/#\/schema\/person\/6b0b6b83043cbaf7707ee275576b00ea"},"headline":"Piquenique vai promover a troca de sementes e mudas em Caxias no pr\u00f3ximo domingo, dia 29\/03","datePublished":"2015-03-25T15:45:05+00:00","dateModified":"2022-09-11T18:17:49+00:00","mainEntityOfPage":{"@id":"https:\/\/lurdinha.org\/site\/evento-estimula-a-troca-de-sementes-e-mudas-em-caxias\/"},"wordCount":496,"commentCount":0,"publisher":{"@id":"https:\/\/lurdinha.org\/site\/#organization"},"image":{"@id":"https:\/\/lurdinha.org\/site\/evento-estimula-a-troca-de-sementes-e-mudas-em-caxias\/#primaryimage"},"thumbnailUrl":"http:\/\/lurdinha.org\/site\/wp-content\/uploads\/praca-da-pedreira.jpg","articleSection":["evento","uma boa"],"inLanguage":"pt-BR","potentialAction":[{"@type":"CommentAction","name":"Comment","target":["https:\/\/lurdinha.org\/site\/evento-estimula-a-troca-de-sementes-e-mudas-em-caxias\/#respond"]}]},{"@type":"WebPage","@id":"https:\/\/lurdinha.org\/site\/evento-estimula-a-troca-de-sementes-e-mudas-em-caxias\/","url":"https:\/\/lurdinha.org\/site\/evento-estimula-a-troca-de-sementes-e-mudas-em-caxias\/","name":"Piquenique vai promover a troca de sementes e mudas em Caxias no pr\u00f3ximo domingo, dia 29\/03 - Lurdinha - Duque de Caxias para Est\u00f4magos Fortes","isPartOf":{"@id":"https:\/\/lurdinha.org\/site\/#website"},"primaryImageOfPage":{"@id":"https:\/\/lurdinha.org\/site\/evento-estimula-a-troca-de-sementes-e-mudas-em-caxias\/#primaryimage"},"image":{"@id":"https:\/\/lurdinha.org\/site\/evento-estimula-a-troca-de-sementes-e-mudas-em-caxias\/#primaryimage"},"thumbnailUrl":"http:\/\/lurdinha.org\/site\/wp-content\/uploads\/praca-da-pedreira.jpg","datePublished":"2015-03-25T15:45:05+00:00","dateModified":"2022-09-11T18:17:49+00:00","breadcrumb":{"@id":"https:\/\/lurdinha.org\/site\/evento-estimula-a-troca-de-sementes-e-mudas-em-caxias\/#breadcrumb"},"inLanguage":"pt-BR","potentialAction":[{"@type":"ReadAction","target":["https:\/\/lurdinha.org\/site\/evento-estimula-a-troca-de-sementes-e-mudas-em-caxias\/"]}]},{"@type":"ImageObject","inLanguage":"pt-BR","@id":"https:\/\/lurdinha.org\/site\/evento-estimula-a-troca-de-sementes-e-mudas-em-caxias\/#primaryimage","url":"https:\/\/lurdinha.org\/site\/wp-content\/uploads\/praca-da-pedreira.jpg","contentUrl":"https:\/\/lurdinha.org\/site\/wp-content\/uploads\/praca-da-pedreira.jpg","width":590,"height":443,"caption":"Pra\u00e7a da Pedreira. Ao final do evento duas \u00e1rvores s\u00e3o plantadas sob orienta\u00e7\u00e3o de t\u00e9cnicos"},{"@type":"BreadcrumbList","@id":"https:\/\/lurdinha.org\/site\/evento-estimula-a-troca-de-sementes-e-mudas-em-caxias\/#breadcrumb","itemListElement":[{"@type":"ListItem","position":1,"name":"In\u00edcio","item":"https:\/\/lurdinha.org\/site\/"},{"@type":"ListItem","position":2,"name":"Piquenique vai promover a troca de sementes e mudas em Caxias no pr\u00f3ximo domingo, dia 29\/03"}]},{"@type":"WebSite","@id":"https:\/\/lurdinha.org\/site\/#website","url":"https:\/\/lurdinha.org\/site\/","name":"Lurdinha - Duque de Caxias para Est\u00f4magos Fortes","description":"Site sobre Arte, Cultura, Pol\u00edtica, Sociedade e curiosidades da cidade de Duque de Caxias, RJ","publisher":{"@id":"https:\/\/lurdinha.org\/site\/#organization"},"alternateName":"Lurdinha","potentialAction":[{"@type":"SearchAction","target":{"@type":"EntryPoint","urlTemplate":"https:\/\/lurdinha.org\/site\/?s={search_term_string}"},"query-input":{"@type":"PropertyValueSpecification","valueRequired":true,"valueName":"search_term_string"}}],"inLanguage":"pt-BR"},{"@type":"Organization","@id":"https:\/\/lurdinha.org\/site\/#organization","name":"Lurdinha de Caxias","url":"https:\/\/lurdinha.org\/site\/","logo":{"@type":"ImageObject","inLanguage":"pt-BR","@id":"https:\/\/lurdinha.org\/site\/#\/schema\/logo\/image\/","url":"https:\/\/lurdinha.org\/site\/wp-content\/uploads\/logo-lurdinha.jpg","contentUrl":"https:\/\/lurdinha.org\/site\/wp-content\/uploads\/logo-lurdinha.jpg","width":640,"height":60,"caption":"Lurdinha de Caxias"},"image":{"@id":"https:\/\/lurdinha.org\/site\/#\/schema\/logo\/image\/"},"sameAs":["https:\/\/www.facebook.com\/LurdinhadeCaxias","https:\/\/www.instagram.com\/lurdinhadecaxias"]},{"@type":"Person","@id":"https:\/\/lurdinha.org\/site\/#\/schema\/person\/6b0b6b83043cbaf7707ee275576b00ea","name":"Editoria","image":{"@type":"ImageObject","inLanguage":"pt-BR","@id":"https:\/\/secure.gravatar.com\/avatar\/0ba27ca5462d63e6c810ae4debe7159a69befcd2e33516be5bad4700d2dbfa72?s=96&d=mm&r=g","url":"https:\/\/secure.gravatar.com\/avatar\/0ba27ca5462d63e6c810ae4debe7159a69befcd2e33516be5bad4700d2dbfa72?s=96&d=mm&r=g","contentUrl":"https:\/\/secure.gravatar.com\/avatar\/0ba27ca5462d63e6c810ae4debe7159a69befcd2e33516be5bad4700d2dbfa72?s=96&d=mm&r=g","caption":"Editoria"},"url":"https:\/\/lurdinha.org\/site\/author\/editoria\/"}]}},"views":3530,"_links":{"self":[{"href":"https:\/\/lurdinha.org\/site\/wp-json\/wp\/v2\/posts\/5239","targetHints":{"allow":["GET"]}}],"collection":[{"href":"https:\/\/lurdinha.org\/site\/wp-json\/wp\/v2\/posts"}],"about":[{"href":"https:\/\/lurdinha.org\/site\/wp-json\/wp\/v2\/types\/post"}],"author":[{"embeddable":true,"href":"https:\/\/lurdinha.org\/site\/wp-json\/wp\/v2\/users\/87"}],"replies":[{"embeddable":true,"href":"https:\/\/lurdinha.org\/site\/wp-json\/wp\/v2\/comments?post=5239"}],"version-history":[{"count":7,"href":"https:\/\/lurdinha.org\/site\/wp-json\/wp\/v2\/posts\/5239\/revisions"}],"predecessor-version":[{"id":10627,"href":"https:\/\/lurdinha.org\/site\/wp-json\/wp\/v2\/posts\/5239\/revisions\/10627"}],"wp:attachment":[{"href":"https:\/\/lurdinha.org\/site\/wp-json\/wp\/v2\/media?parent=5239"}],"wp:term":[{"taxonomy":"category","embeddable":true,"href":"https:\/\/lurdinha.org\/site\/wp-json\/wp\/v2\/categories?post=5239"},{"taxonomy":"post_tag","embeddable":true,"href":"https:\/\/lurdinha.org\/site\/wp-json\/wp\/v2\/tags?post=5239"}],"curies":[{"name":"wp","href":"https:\/\/api.w.org\/{rel}","templated":true}]}}