{"id":5190,"date":"2015-02-27T16:47:41","date_gmt":"2015-02-27T16:47:41","guid":{"rendered":"http:\/\/lurdinha.org\/site\/?p=5190"},"modified":"2015-06-25T23:53:15","modified_gmt":"2015-06-25T23:53:15","slug":"festival-roque-pense-agita-caxias-nesse-mes-de-marco","status":"publish","type":"post","link":"https:\/\/lurdinha.org\/site\/festival-roque-pense-agita-caxias-nesse-mes-de-marco\/","title":{"rendered":"Festival Roque Pense! agita Caxias nesse m\u00eas de mar\u00e7o"},"content":{"rendered":"<h5>O <strong>Festival Roque Pense!<\/strong> aterriza na cidade de Duque de Caxias, para realizar seu 3\u00ba Circuito de rock com bandas formadas por mulheres na Baixada Fluminense. Com o patroc\u00ednio da Petrobras, o festival vem com uma programa\u00e7\u00e3o intensa para agitar o m\u00eas de comemora\u00e7\u00e3o dos direitos das mulheres.<\/h5>\n<h5>No dia de 5 de mar\u00e7o, vai rolar a abertura do Festival na Biblioteca Leonel Brizola, \u00e0s 19h, com uma roda de id\u00e9ias sobre viol\u00eancia dom\u00e9stica na juventude com participa\u00e7\u00e3o de Schuma Schumaher (REDEH), Luciana Campello (Fundo Elas) e Jussara Ribeiro (Blogueiras Feministas), fechando com um pocket show com Ive Seixas.<\/h5>\n<h5>Na sexta-feira, dia 6 de mar\u00e7o, ocuparemos a pra\u00e7a do Pacificador \u00e0s 19h com live painting com a artista Negahamburguer e no palco do teatro Raul Cortez as bandas: Join the Dance(RJ), Indiscipline(RJ), Drenna(RJ) e Melyra(RJ).<\/h5>\n<h5>S\u00e1bado, 7 de mar\u00e7o, a partir das 15 horas, as garotas estar\u00e3o reunidas\u00a0em \u00a02 oficinas: Videoclipe-se, com a galera do Mate com Angu e Artivismo da Rua com Flores do Brasil, na biblioteca Leonel Brizola. A noite, o palco s\u00e3o das bandas: Streets Cats(RS), Ventre(RJ), Flip Chicks(SP) e Cretina(RJ).<\/h5>\n<h5>J\u00e1 no domingo, 8 de mar\u00e7o, comemorando o Dia Internacional das Mulheres, a programa\u00e7\u00e3o \u00e9 na pra\u00e7a do Pacificador com a jam session feminina de skate \u00a0e muito rap com Aimee Tequila e Izzy Bey. A partir das 19h as guitarras estar\u00e3o afiadas com os shows da \u00datero Punk(SP), Post(SP), The Shorts(PR) e \u00a0 Anti-Corpos(SP).<\/h5>\n<h5>O Roque Pense! \u00e9 um coletivo de cultura antissexista surgido na Baixada Fluminense em 2011.<\/h5>\n<h5>Detalhes da programa\u00e7\u00e3o no <a href=\"http:\/\/www.roquepense.com.br\" target=\"_blank\">site<\/a> do evento e na <a href=\"https:\/\/www.facebook.com\/events\/349967765192675\" target=\"_blank\">p\u00e1gina do facebook<\/a>.<\/h5>\n<p><img loading=\"lazy\" decoding=\"async\" class=\"alignnone size-full wp-image-5191\" src=\"http:\/\/lurdinha.org\/site\/wp-content\/uploads\/roquepense2.jpg\" alt=\"Festival Roque Pense!\" width=\"600\" height=\"600\" srcset=\"https:\/\/lurdinha.org\/site\/wp-content\/uploads\/roquepense2.jpg 600w, https:\/\/lurdinha.org\/site\/wp-content\/uploads\/roquepense2-300x300.jpg 300w, https:\/\/lurdinha.org\/site\/wp-content\/uploads\/roquepense2-150x150.jpg 150w, https:\/\/lurdinha.org\/site\/wp-content\/uploads\/roquepense2-120x120.jpg 120w\" sizes=\"auto, (max-width: 600px) 100vw, 600px\" \/><\/p>\n","protected":false},"excerpt":{"rendered":"<p>O Festival Roque Pense! aterriza na cidade de Duque de Caxias, para realizar seu 3\u00ba&#8230;<\/p>\n","protected":false},"author":2,"featured_media":0,"comment_status":"open","ping_status":"closed","sticky":false,"template":"","format":"standard","meta":{"footnotes":""},"categories":[8,7,5],"tags":[12,11,752,775,138],"class_list":["post-5190","post","type-post","status-publish","format-standard","hentry","category-evento","category-musica","category-umaboa","tag-baixada-fluminense","tag-duque-de-caxias","tag-feminismo","tag-festival-roque-pense","tag-rock"],"yoast_head":"<!-- This site is optimized with the Yoast SEO plugin v27.5 - https:\/\/yoast.com\/product\/yoast-seo-wordpress\/ -->\n<title>Festival Roque Pense! agita Caxias nesse m\u00eas de mar\u00e7o - Lurdinha - Duque de Caxias para Est\u00f4magos Fortes<\/title>\n<meta name=\"robots\" content=\"index, follow, max-snippet:-1, max-image-preview:large, max-video-preview:-1\" \/>\n<link rel=\"canonical\" href=\"https:\/\/lurdinha.org\/site\/festival-roque-pense-agita-caxias-nesse-mes-de-marco\/\" \/>\n<meta property=\"og:locale\" content=\"pt_BR\" \/>\n<meta property=\"og:type\" content=\"article\" \/>\n<meta property=\"og:title\" content=\"Festival Roque Pense! agita Caxias nesse m\u00eas de mar\u00e7o - Lurdinha - Duque de Caxias para Est\u00f4magos Fortes\" \/>\n<meta property=\"og:description\" content=\"O Festival Roque Pense! aterriza na cidade de Duque de Caxias, para realizar seu 3\u00ba...\" \/>\n<meta property=\"og:url\" content=\"https:\/\/lurdinha.org\/site\/festival-roque-pense-agita-caxias-nesse-mes-de-marco\/\" \/>\n<meta property=\"og:site_name\" content=\"Lurdinha - Duque de Caxias para Est\u00f4magos Fortes\" \/>\n<meta property=\"article:publisher\" content=\"https:\/\/www.facebook.com\/LurdinhadeCaxias\" \/>\n<meta property=\"article:author\" content=\"botocudo\" \/>\n<meta property=\"article:published_time\" content=\"2015-02-27T16:47:41+00:00\" \/>\n<meta property=\"article:modified_time\" content=\"2015-06-25T23:53:15+00:00\" \/>\n<meta property=\"og:image\" content=\"https:\/\/lurdinha.org\/site\/wp-content\/uploads\/roquepense2.jpg\" \/>\n\t<meta property=\"og:image:width\" content=\"600\" \/>\n\t<meta property=\"og:image:height\" content=\"600\" \/>\n\t<meta property=\"og:image:type\" content=\"image\/jpeg\" \/>\n<meta name=\"author\" content=\"heraldo hb\" \/>\n<meta name=\"twitter:card\" content=\"summary_large_image\" \/>\n<meta name=\"twitter:label1\" content=\"Escrito por\" \/>\n\t<meta name=\"twitter:data1\" content=\"heraldo hb\" \/>\n\t<meta name=\"twitter:label2\" content=\"Est. tempo de leitura\" \/>\n\t<meta name=\"twitter:data2\" content=\"1 minuto\" \/>\n<script type=\"application\/ld+json\" class=\"yoast-schema-graph\">{\"@context\":\"https:\\\/\\\/schema.org\",\"@graph\":[{\"@type\":\"Article\",\"@id\":\"https:\\\/\\\/lurdinha.org\\\/site\\\/festival-roque-pense-agita-caxias-nesse-mes-de-marco\\\/#article\",\"isPartOf\":{\"@id\":\"https:\\\/\\\/lurdinha.org\\\/site\\\/festival-roque-pense-agita-caxias-nesse-mes-de-marco\\\/\"},\"author\":{\"name\":\"heraldo hb\",\"@id\":\"https:\\\/\\\/lurdinha.org\\\/site\\\/#\\\/schema\\\/person\\\/b833bb6a7f82598bf0e95e4c30874251\"},\"headline\":\"Festival Roque Pense! agita Caxias nesse m\u00eas de mar\u00e7o\",\"datePublished\":\"2015-02-27T16:47:41+00:00\",\"dateModified\":\"2015-06-25T23:53:15+00:00\",\"mainEntityOfPage\":{\"@id\":\"https:\\\/\\\/lurdinha.org\\\/site\\\/festival-roque-pense-agita-caxias-nesse-mes-de-marco\\\/\"},\"wordCount\":300,\"commentCount\":0,\"publisher\":{\"@id\":\"https:\\\/\\\/lurdinha.org\\\/site\\\/#organization\"},\"image\":{\"@id\":\"https:\\\/\\\/lurdinha.org\\\/site\\\/festival-roque-pense-agita-caxias-nesse-mes-de-marco\\\/#primaryimage\"},\"thumbnailUrl\":\"http:\\\/\\\/lurdinha.org\\\/site\\\/wp-content\\\/uploads\\\/roquepense2.jpg\",\"keywords\":[\"baixada-fluminense\",\"duque-de-caxias\",\"feminismo\",\"festival roque pense\",\"rock\"],\"articleSection\":[\"evento\",\"m\u00fasica\",\"uma boa\"],\"inLanguage\":\"pt-BR\",\"potentialAction\":[{\"@type\":\"CommentAction\",\"name\":\"Comment\",\"target\":[\"https:\\\/\\\/lurdinha.org\\\/site\\\/festival-roque-pense-agita-caxias-nesse-mes-de-marco\\\/#respond\"]}]},{\"@type\":\"WebPage\",\"@id\":\"https:\\\/\\\/lurdinha.org\\\/site\\\/festival-roque-pense-agita-caxias-nesse-mes-de-marco\\\/\",\"url\":\"https:\\\/\\\/lurdinha.org\\\/site\\\/festival-roque-pense-agita-caxias-nesse-mes-de-marco\\\/\",\"name\":\"Festival Roque Pense! agita Caxias nesse m\u00eas de mar\u00e7o - Lurdinha - Duque de Caxias para Est\u00f4magos Fortes\",\"isPartOf\":{\"@id\":\"https:\\\/\\\/lurdinha.org\\\/site\\\/#website\"},\"primaryImageOfPage\":{\"@id\":\"https:\\\/\\\/lurdinha.org\\\/site\\\/festival-roque-pense-agita-caxias-nesse-mes-de-marco\\\/#primaryimage\"},\"image\":{\"@id\":\"https:\\\/\\\/lurdinha.org\\\/site\\\/festival-roque-pense-agita-caxias-nesse-mes-de-marco\\\/#primaryimage\"},\"thumbnailUrl\":\"http:\\\/\\\/lurdinha.org\\\/site\\\/wp-content\\\/uploads\\\/roquepense2.jpg\",\"datePublished\":\"2015-02-27T16:47:41+00:00\",\"dateModified\":\"2015-06-25T23:53:15+00:00\",\"breadcrumb\":{\"@id\":\"https:\\\/\\\/lurdinha.org\\\/site\\\/festival-roque-pense-agita-caxias-nesse-mes-de-marco\\\/#breadcrumb\"},\"inLanguage\":\"pt-BR\",\"potentialAction\":[{\"@type\":\"ReadAction\",\"target\":[\"https:\\\/\\\/lurdinha.org\\\/site\\\/festival-roque-pense-agita-caxias-nesse-mes-de-marco\\\/\"]}]},{\"@type\":\"ImageObject\",\"inLanguage\":\"pt-BR\",\"@id\":\"https:\\\/\\\/lurdinha.org\\\/site\\\/festival-roque-pense-agita-caxias-nesse-mes-de-marco\\\/#primaryimage\",\"url\":\"https:\\\/\\\/lurdinha.org\\\/site\\\/wp-content\\\/uploads\\\/roquepense2.jpg\",\"contentUrl\":\"https:\\\/\\\/lurdinha.org\\\/site\\\/wp-content\\\/uploads\\\/roquepense2.jpg\",\"width\":600,\"height\":600,\"caption\":\"Festival Roque Pense!\"},{\"@type\":\"BreadcrumbList\",\"@id\":\"https:\\\/\\\/lurdinha.org\\\/site\\\/festival-roque-pense-agita-caxias-nesse-mes-de-marco\\\/#breadcrumb\",\"itemListElement\":[{\"@type\":\"ListItem\",\"position\":1,\"name\":\"In\u00edcio\",\"item\":\"https:\\\/\\\/lurdinha.org\\\/site\\\/\"},{\"@type\":\"ListItem\",\"position\":2,\"name\":\"Festival Roque Pense! agita Caxias nesse m\u00eas de mar\u00e7o\"}]},{\"@type\":\"WebSite\",\"@id\":\"https:\\\/\\\/lurdinha.org\\\/site\\\/#website\",\"url\":\"https:\\\/\\\/lurdinha.org\\\/site\\\/\",\"name\":\"Lurdinha - Duque de Caxias para Est\u00f4magos Fortes\",\"description\":\"Site sobre Arte, Cultura, Pol\u00edtica, Sociedade e curiosidades da cidade de Duque de Caxias, RJ\",\"publisher\":{\"@id\":\"https:\\\/\\\/lurdinha.org\\\/site\\\/#organization\"},\"alternateName\":\"Lurdinha\",\"potentialAction\":[{\"@type\":\"SearchAction\",\"target\":{\"@type\":\"EntryPoint\",\"urlTemplate\":\"https:\\\/\\\/lurdinha.org\\\/site\\\/?s={search_term_string}\"},\"query-input\":{\"@type\":\"PropertyValueSpecification\",\"valueRequired\":true,\"valueName\":\"search_term_string\"}}],\"inLanguage\":\"pt-BR\"},{\"@type\":\"Organization\",\"@id\":\"https:\\\/\\\/lurdinha.org\\\/site\\\/#organization\",\"name\":\"Lurdinha de Caxias\",\"url\":\"https:\\\/\\\/lurdinha.org\\\/site\\\/\",\"logo\":{\"@type\":\"ImageObject\",\"inLanguage\":\"pt-BR\",\"@id\":\"https:\\\/\\\/lurdinha.org\\\/site\\\/#\\\/schema\\\/logo\\\/image\\\/\",\"url\":\"https:\\\/\\\/lurdinha.org\\\/site\\\/wp-content\\\/uploads\\\/logo-lurdinha.jpg\",\"contentUrl\":\"https:\\\/\\\/lurdinha.org\\\/site\\\/wp-content\\\/uploads\\\/logo-lurdinha.jpg\",\"width\":640,\"height\":60,\"caption\":\"Lurdinha de Caxias\"},\"image\":{\"@id\":\"https:\\\/\\\/lurdinha.org\\\/site\\\/#\\\/schema\\\/logo\\\/image\\\/\"},\"sameAs\":[\"https:\\\/\\\/www.facebook.com\\\/LurdinhadeCaxias\",\"https:\\\/\\\/www.instagram.com\\\/lurdinhadecaxias\"]},{\"@type\":\"Person\",\"@id\":\"https:\\\/\\\/lurdinha.org\\\/site\\\/#\\\/schema\\\/person\\\/b833bb6a7f82598bf0e95e4c30874251\",\"name\":\"heraldo hb\",\"image\":{\"@type\":\"ImageObject\",\"inLanguage\":\"pt-BR\",\"@id\":\"https:\\\/\\\/secure.gravatar.com\\\/avatar\\\/5de9fe99c72cb6885bbdaa24b1c5738b0f673d265de18720fae7463d5f47b48d?s=96&d=mm&r=g\",\"url\":\"https:\\\/\\\/secure.gravatar.com\\\/avatar\\\/5de9fe99c72cb6885bbdaa24b1c5738b0f673d265de18720fae7463d5f47b48d?s=96&d=mm&r=g\",\"contentUrl\":\"https:\\\/\\\/secure.gravatar.com\\\/avatar\\\/5de9fe99c72cb6885bbdaa24b1c5738b0f673d265de18720fae7463d5f47b48d?s=96&d=mm&r=g\",\"caption\":\"heraldo hb\"},\"description\":\"Cineasta, animador cultural, escritor e educador nascido no s\u00e9culo XX\",\"sameAs\":[\"http:\\\/\\\/wwww.relinkare.org\",\"botocudo\",\"heraldohb\",\"relinkare\"],\"url\":\"https:\\\/\\\/lurdinha.org\\\/site\\\/author\\\/heraldohb\\\/\"}]}<\/script>\n<!-- \/ Yoast SEO plugin. -->","yoast_head_json":{"title":"Festival Roque Pense! agita Caxias nesse m\u00eas de mar\u00e7o - Lurdinha - Duque de Caxias para Est\u00f4magos Fortes","robots":{"index":"index","follow":"follow","max-snippet":"max-snippet:-1","max-image-preview":"max-image-preview:large","max-video-preview":"max-video-preview:-1"},"canonical":"https:\/\/lurdinha.org\/site\/festival-roque-pense-agita-caxias-nesse-mes-de-marco\/","og_locale":"pt_BR","og_type":"article","og_title":"Festival Roque Pense! agita Caxias nesse m\u00eas de mar\u00e7o - Lurdinha - Duque de Caxias para Est\u00f4magos Fortes","og_description":"O Festival Roque Pense! aterriza na cidade de Duque de Caxias, para realizar seu 3\u00ba...","og_url":"https:\/\/lurdinha.org\/site\/festival-roque-pense-agita-caxias-nesse-mes-de-marco\/","og_site_name":"Lurdinha - Duque de Caxias para Est\u00f4magos Fortes","article_publisher":"https:\/\/www.facebook.com\/LurdinhadeCaxias","article_author":"botocudo","article_published_time":"2015-02-27T16:47:41+00:00","article_modified_time":"2015-06-25T23:53:15+00:00","og_image":[{"width":600,"height":600,"url":"https:\/\/lurdinha.org\/site\/wp-content\/uploads\/roquepense2.jpg","type":"image\/jpeg"}],"author":"heraldo hb","twitter_card":"summary_large_image","twitter_misc":{"Escrito por":"heraldo hb","Est. tempo de leitura":"1 minuto"},"schema":{"@context":"https:\/\/schema.org","@graph":[{"@type":"Article","@id":"https:\/\/lurdinha.org\/site\/festival-roque-pense-agita-caxias-nesse-mes-de-marco\/#article","isPartOf":{"@id":"https:\/\/lurdinha.org\/site\/festival-roque-pense-agita-caxias-nesse-mes-de-marco\/"},"author":{"name":"heraldo hb","@id":"https:\/\/lurdinha.org\/site\/#\/schema\/person\/b833bb6a7f82598bf0e95e4c30874251"},"headline":"Festival Roque Pense! agita Caxias nesse m\u00eas de mar\u00e7o","datePublished":"2015-02-27T16:47:41+00:00","dateModified":"2015-06-25T23:53:15+00:00","mainEntityOfPage":{"@id":"https:\/\/lurdinha.org\/site\/festival-roque-pense-agita-caxias-nesse-mes-de-marco\/"},"wordCount":300,"commentCount":0,"publisher":{"@id":"https:\/\/lurdinha.org\/site\/#organization"},"image":{"@id":"https:\/\/lurdinha.org\/site\/festival-roque-pense-agita-caxias-nesse-mes-de-marco\/#primaryimage"},"thumbnailUrl":"http:\/\/lurdinha.org\/site\/wp-content\/uploads\/roquepense2.jpg","keywords":["baixada-fluminense","duque-de-caxias","feminismo","festival roque pense","rock"],"articleSection":["evento","m\u00fasica","uma boa"],"inLanguage":"pt-BR","potentialAction":[{"@type":"CommentAction","name":"Comment","target":["https:\/\/lurdinha.org\/site\/festival-roque-pense-agita-caxias-nesse-mes-de-marco\/#respond"]}]},{"@type":"WebPage","@id":"https:\/\/lurdinha.org\/site\/festival-roque-pense-agita-caxias-nesse-mes-de-marco\/","url":"https:\/\/lurdinha.org\/site\/festival-roque-pense-agita-caxias-nesse-mes-de-marco\/","name":"Festival Roque Pense! agita Caxias nesse m\u00eas de mar\u00e7o - Lurdinha - Duque de Caxias para Est\u00f4magos Fortes","isPartOf":{"@id":"https:\/\/lurdinha.org\/site\/#website"},"primaryImageOfPage":{"@id":"https:\/\/lurdinha.org\/site\/festival-roque-pense-agita-caxias-nesse-mes-de-marco\/#primaryimage"},"image":{"@id":"https:\/\/lurdinha.org\/site\/festival-roque-pense-agita-caxias-nesse-mes-de-marco\/#primaryimage"},"thumbnailUrl":"http:\/\/lurdinha.org\/site\/wp-content\/uploads\/roquepense2.jpg","datePublished":"2015-02-27T16:47:41+00:00","dateModified":"2015-06-25T23:53:15+00:00","breadcrumb":{"@id":"https:\/\/lurdinha.org\/site\/festival-roque-pense-agita-caxias-nesse-mes-de-marco\/#breadcrumb"},"inLanguage":"pt-BR","potentialAction":[{"@type":"ReadAction","target":["https:\/\/lurdinha.org\/site\/festival-roque-pense-agita-caxias-nesse-mes-de-marco\/"]}]},{"@type":"ImageObject","inLanguage":"pt-BR","@id":"https:\/\/lurdinha.org\/site\/festival-roque-pense-agita-caxias-nesse-mes-de-marco\/#primaryimage","url":"https:\/\/lurdinha.org\/site\/wp-content\/uploads\/roquepense2.jpg","contentUrl":"https:\/\/lurdinha.org\/site\/wp-content\/uploads\/roquepense2.jpg","width":600,"height":600,"caption":"Festival Roque Pense!"},{"@type":"BreadcrumbList","@id":"https:\/\/lurdinha.org\/site\/festival-roque-pense-agita-caxias-nesse-mes-de-marco\/#breadcrumb","itemListElement":[{"@type":"ListItem","position":1,"name":"In\u00edcio","item":"https:\/\/lurdinha.org\/site\/"},{"@type":"ListItem","position":2,"name":"Festival Roque Pense! agita Caxias nesse m\u00eas de mar\u00e7o"}]},{"@type":"WebSite","@id":"https:\/\/lurdinha.org\/site\/#website","url":"https:\/\/lurdinha.org\/site\/","name":"Lurdinha - Duque de Caxias para Est\u00f4magos Fortes","description":"Site sobre Arte, Cultura, Pol\u00edtica, Sociedade e curiosidades da cidade de Duque de Caxias, RJ","publisher":{"@id":"https:\/\/lurdinha.org\/site\/#organization"},"alternateName":"Lurdinha","potentialAction":[{"@type":"SearchAction","target":{"@type":"EntryPoint","urlTemplate":"https:\/\/lurdinha.org\/site\/?s={search_term_string}"},"query-input":{"@type":"PropertyValueSpecification","valueRequired":true,"valueName":"search_term_string"}}],"inLanguage":"pt-BR"},{"@type":"Organization","@id":"https:\/\/lurdinha.org\/site\/#organization","name":"Lurdinha de Caxias","url":"https:\/\/lurdinha.org\/site\/","logo":{"@type":"ImageObject","inLanguage":"pt-BR","@id":"https:\/\/lurdinha.org\/site\/#\/schema\/logo\/image\/","url":"https:\/\/lurdinha.org\/site\/wp-content\/uploads\/logo-lurdinha.jpg","contentUrl":"https:\/\/lurdinha.org\/site\/wp-content\/uploads\/logo-lurdinha.jpg","width":640,"height":60,"caption":"Lurdinha de Caxias"},"image":{"@id":"https:\/\/lurdinha.org\/site\/#\/schema\/logo\/image\/"},"sameAs":["https:\/\/www.facebook.com\/LurdinhadeCaxias","https:\/\/www.instagram.com\/lurdinhadecaxias"]},{"@type":"Person","@id":"https:\/\/lurdinha.org\/site\/#\/schema\/person\/b833bb6a7f82598bf0e95e4c30874251","name":"heraldo hb","image":{"@type":"ImageObject","inLanguage":"pt-BR","@id":"https:\/\/secure.gravatar.com\/avatar\/5de9fe99c72cb6885bbdaa24b1c5738b0f673d265de18720fae7463d5f47b48d?s=96&d=mm&r=g","url":"https:\/\/secure.gravatar.com\/avatar\/5de9fe99c72cb6885bbdaa24b1c5738b0f673d265de18720fae7463d5f47b48d?s=96&d=mm&r=g","contentUrl":"https:\/\/secure.gravatar.com\/avatar\/5de9fe99c72cb6885bbdaa24b1c5738b0f673d265de18720fae7463d5f47b48d?s=96&d=mm&r=g","caption":"heraldo hb"},"description":"Cineasta, animador cultural, escritor e educador nascido no s\u00e9culo XX","sameAs":["http:\/\/wwww.relinkare.org","botocudo","heraldohb","relinkare"],"url":"https:\/\/lurdinha.org\/site\/author\/heraldohb\/"}]}},"views":2900,"_links":{"self":[{"href":"https:\/\/lurdinha.org\/site\/wp-json\/wp\/v2\/posts\/5190","targetHints":{"allow":["GET"]}}],"collection":[{"href":"https:\/\/lurdinha.org\/site\/wp-json\/wp\/v2\/posts"}],"about":[{"href":"https:\/\/lurdinha.org\/site\/wp-json\/wp\/v2\/types\/post"}],"author":[{"embeddable":true,"href":"https:\/\/lurdinha.org\/site\/wp-json\/wp\/v2\/users\/2"}],"replies":[{"embeddable":true,"href":"https:\/\/lurdinha.org\/site\/wp-json\/wp\/v2\/comments?post=5190"}],"version-history":[{"count":6,"href":"https:\/\/lurdinha.org\/site\/wp-json\/wp\/v2\/posts\/5190\/revisions"}],"predecessor-version":[{"id":5366,"href":"https:\/\/lurdinha.org\/site\/wp-json\/wp\/v2\/posts\/5190\/revisions\/5366"}],"wp:attachment":[{"href":"https:\/\/lurdinha.org\/site\/wp-json\/wp\/v2\/media?parent=5190"}],"wp:term":[{"taxonomy":"category","embeddable":true,"href":"https:\/\/lurdinha.org\/site\/wp-json\/wp\/v2\/categories?post=5190"},{"taxonomy":"post_tag","embeddable":true,"href":"https:\/\/lurdinha.org\/site\/wp-json\/wp\/v2\/tags?post=5190"}],"curies":[{"name":"wp","href":"https:\/\/api.w.org\/{rel}","templated":true}]}}