{"id":5122,"date":"2014-11-29T04:17:12","date_gmt":"2014-11-29T04:17:12","guid":{"rendered":"http:\/\/lurdinha.org\/site\/?p=5122"},"modified":"2014-12-11T05:22:50","modified_gmt":"2014-12-11T05:22:50","slug":"ideias-para-transformar-o-presente","status":"publish","type":"post","link":"https:\/\/lurdinha.org\/site\/ideias-para-transformar-o-presente\/","title":{"rendered":"Ideias para transformar o presente"},"content":{"rendered":"<p>Est\u00e1 \u00e9 mais uma das iniciativas para a constru\u00e7\u00e3o de cidades mais justas, democr\u00e1ticas e dispostas a enfrentar os in\u00fameros problemas sociais e econ\u00f4micos que marcam o territ\u00f3rio metropolitano. Da Zona Oeste do Rio de Janeiro, passando por Santa Cruz, Campo Grande, Nova Igua\u00e7u, S\u00e3o Jo\u00e3o de Meriti, Belford Roxo e Duque de Caxias na Baixada Fluminense, at\u00e9 o outro lado da Baia de Guanabara, com S\u00e3o Gon\u00e7alo e Itabora\u00ed, a Regi\u00e3o Metropolitana vivencia problemas comuns de dificuldade de acesso a \u00e1gua e ao esgoto, de especula\u00e7\u00e3o imobili\u00e1ria at\u00e9 grupos de exterm\u00ednio, mil\u00edcias e tr\u00e1fico de drogas, de faltas de pol\u00edticas p\u00fablicas para o incentivo as manifesta\u00e7\u00f5es culturais. O cen\u00e1rio das administra\u00e7\u00f5es locais \u00e9 marcado muito mais pelo cerceamento e conservadorismo, quanto \u00e0 participa\u00e7\u00e3o da sociedade na gest\u00e3o dos problemas da cidade, do que em pr\u00e1ticas que estimulem o acesso democr\u00e1tico a cidade.<\/p>\n<p><img loading=\"lazy\" decoding=\"async\" class=\"alignnone size-full wp-image-5125\" src=\"http:\/\/lurdinha.org\/site\/wp-content\/uploads\/maparj-cide.jpg\" alt=\"maparj-cide\" width=\"590\" height=\"404\" srcset=\"https:\/\/lurdinha.org\/site\/wp-content\/uploads\/maparj-cide.jpg 590w, https:\/\/lurdinha.org\/site\/wp-content\/uploads\/maparj-cide-300x205.jpg 300w\" sizes=\"auto, (max-width: 590px) 100vw, 590px\" \/><\/p>\n<p>O massacre imposto aos milh\u00f5es de usu\u00e1rios de um sistema de transporte ca\u00f3tico, caro e concentrado nas m\u00e3os de apenas um grupo empresarial, e que se articula aos poderes p\u00fablicos de forma obscura, e que \u00e9 beneficiado por pouco controle da qualidade de servi\u00e7os, dos pre\u00e7os das tarifas, da pontualidade nos hor\u00e1rios, do n\u00famero de ve\u00edculos de transporte.<\/p>\n<p><img loading=\"lazy\" decoding=\"async\" class=\"alignleft size-full wp-image-5127\" src=\"http:\/\/lurdinha.org\/site\/wp-content\/uploads\/transportepublico-prates.jpg\" alt=\"transportepublico-prates\" width=\"262\" height=\"192\" \/>O adensamento populacional tem consolidado ainda mais problemas de infraestrutura urbana e de presta\u00e7\u00e3o de servi\u00e7os essenciais a dignidade e a cidadania, tais como a sa\u00fade, a educa\u00e7\u00e3o, a assist\u00eancia e ao lazer.<\/p>\n<p>A regi\u00e3o n\u00e3o consegue integrar suas pol\u00edticas p\u00fablicas e perceber que os problemas s\u00e3o maiores que cada munic\u00edpio e que precisam de articula\u00e7\u00e3o das a\u00e7\u00f5es no que toca, por exemplo, a falta de leitos para atendimento \u00e0 sa\u00fade p\u00fablica. S\u00e3o poucos os postos de sa\u00fade, hospitais municipais, cl\u00ednicas especializadas e programas de sa\u00fade preventiva.<\/p>\n<p>O mesmo ocorre com a Educa\u00e7\u00e3o. No entanto, nesta \u00e1rea, em fun\u00e7\u00e3o de n\u00e3o ter uma visibilidade impactante como a do sangue jorrando de uma cabe\u00e7a, de um beb\u00ea nascendo na porta da maternidade, de trabalhadores se acotovelando para entrar em um \u00f4nibus,&#8230; \u00e9 no ensino, ou na falta dele, que estes problemas est\u00e3o se adensando mais e comprometendo gera\u00e7\u00f5es de cidad\u00e3os que amargam \u00edndices de desempenho em avalia\u00e7\u00f5es do IDEB e nos relat\u00f3rios do Programa Internacional de Avalia\u00e7\u00e3o de Alunos (PIZA) os piores rendimentos do mundo. A baix\u00edssima qualifica\u00e7\u00e3o de nossos estudantes de ensino fundamental e m\u00e9dio compromete diretamente sua cidadania, pois n\u00e3o conseguem se inserir no mercado e galgar postos de trabalho com maior n\u00edvel de forma\u00e7\u00e3o e melhor remunera\u00e7\u00e3o.<\/p>\n<p>Como fruto deste cen\u00e1rio, cresce o n\u00famero de indiv\u00edduos, grupos, coletivos, f\u00f3runs, sociedades, institui\u00e7\u00f5es que se mobilizam para a constru\u00e7\u00e3o de novas arenas p\u00fablicas de decis\u00e3o sobre as cidades e a regi\u00e3o metropolitana.<\/p>\n<p>Em pauta est\u00e1: o debate sobre os planos diretores, o or\u00e7amento p\u00fablico, a representa\u00e7\u00e3o pol\u00edtica, o autoritarismo e conservadorismo das m\u00e1quinas p\u00fablicas e gestores locais frente aos avan\u00e7os e exig\u00eancias de novas regras federais quanto \u00e0s quest\u00f5es sobre: cultura, conselhos, participa\u00e7\u00e3o pol\u00edtica, controle social, publiciza\u00e7\u00e3o da coisa p\u00fablica e fortalecimento dos espa\u00e7os de exerc\u00edcio da democracia.<\/p>\n<p>As cidades e a Regi\u00e3o Metropolitana devem ser pensadas e reivindicadas por todos aqueles que transformam seus problemas em solu\u00e7\u00f5es coletivas para o presente. Neste territ\u00f3rio, o Futuro e os Direitos devem ser conquistas do agora!<\/p>\n<p><img loading=\"lazy\" decoding=\"async\" class=\"alignnone size-full wp-image-5126\" src=\"http:\/\/lurdinha.org\/site\/wp-content\/uploads\/leis-orcamentarias.jpg\" alt=\"leis-orcamentarias\" width=\"590\" height=\"304\" srcset=\"https:\/\/lurdinha.org\/site\/wp-content\/uploads\/leis-orcamentarias.jpg 590w, https:\/\/lurdinha.org\/site\/wp-content\/uploads\/leis-orcamentarias-300x154.jpg 300w\" sizes=\"auto, (max-width: 590px) 100vw, 590px\" \/><\/p>\n<p><strong>Eduardo Prates<\/strong><br \/>\n<a href=\"http:\/\/observatoriodoprates.blogspot.com.br\/\" target=\"_blank\">http:\/\/observatoriodoprates.blogspot.com.br\/<\/a><\/p>\n","protected":false},"excerpt":{"rendered":"<p>Est\u00e1 \u00e9 mais uma das iniciativas para a constru\u00e7\u00e3o de cidades mais justas, democr\u00e1ticas e&#8230;<\/p>\n","protected":false},"author":33,"featured_media":0,"comment_status":"open","ping_status":"closed","sticky":false,"template":"","format":"standard","meta":{"footnotes":""},"categories":[4],"tags":[12,11,763,736],"class_list":["post-5122","post","type-post","status-publish","format-standard","hentry","category-opiniao","tag-baixada-fluminense","tag-duque-de-caxias","tag-orcamento","tag-regiao-metropolitana"],"yoast_head":"<!-- This site is optimized with the Yoast SEO plugin v27.3 - https:\/\/yoast.com\/product\/yoast-seo-wordpress\/ -->\n<title>Ideias para transformar o presente - Lurdinha - Duque de Caxias para Est\u00f4magos Fortes<\/title>\n<meta name=\"robots\" content=\"index, follow, max-snippet:-1, max-image-preview:large, max-video-preview:-1\" \/>\n<link rel=\"canonical\" href=\"https:\/\/lurdinha.org\/site\/ideias-para-transformar-o-presente\/\" \/>\n<meta property=\"og:locale\" content=\"pt_BR\" \/>\n<meta property=\"og:type\" content=\"article\" \/>\n<meta property=\"og:title\" content=\"Ideias para transformar o presente - Lurdinha - Duque de Caxias para Est\u00f4magos Fortes\" \/>\n<meta property=\"og:description\" content=\"Est\u00e1 \u00e9 mais uma das iniciativas para a constru\u00e7\u00e3o de cidades mais justas, democr\u00e1ticas e...\" \/>\n<meta property=\"og:url\" content=\"https:\/\/lurdinha.org\/site\/ideias-para-transformar-o-presente\/\" \/>\n<meta property=\"og:site_name\" content=\"Lurdinha - Duque de Caxias para Est\u00f4magos Fortes\" \/>\n<meta property=\"article:publisher\" content=\"https:\/\/www.facebook.com\/LurdinhadeCaxias\" \/>\n<meta property=\"article:author\" content=\"prates.eduardo\" \/>\n<meta property=\"article:published_time\" content=\"2014-11-29T04:17:12+00:00\" \/>\n<meta property=\"article:modified_time\" content=\"2014-12-11T05:22:50+00:00\" \/>\n<meta property=\"og:image\" content=\"https:\/\/lurdinha.org\/site\/wp-content\/uploads\/maparj-cide.jpg\" \/>\n\t<meta property=\"og:image:width\" content=\"590\" \/>\n\t<meta property=\"og:image:height\" content=\"404\" \/>\n\t<meta property=\"og:image:type\" content=\"image\/jpeg\" \/>\n<meta name=\"author\" content=\"Eduardo Prates\" \/>\n<meta name=\"twitter:card\" content=\"summary_large_image\" \/>\n<meta name=\"twitter:creator\" content=\"@prateseduardo\" \/>\n<meta name=\"twitter:label1\" content=\"Escrito por\" \/>\n\t<meta name=\"twitter:data1\" content=\"Eduardo Prates\" \/>\n\t<meta name=\"twitter:label2\" content=\"Est. tempo de leitura\" \/>\n\t<meta name=\"twitter:data2\" content=\"3 minutos\" \/>\n<script type=\"application\/ld+json\" class=\"yoast-schema-graph\">{\"@context\":\"https:\\\/\\\/schema.org\",\"@graph\":[{\"@type\":\"Article\",\"@id\":\"https:\\\/\\\/lurdinha.org\\\/site\\\/ideias-para-transformar-o-presente\\\/#article\",\"isPartOf\":{\"@id\":\"https:\\\/\\\/lurdinha.org\\\/site\\\/ideias-para-transformar-o-presente\\\/\"},\"author\":{\"name\":\"Eduardo Prates\",\"@id\":\"https:\\\/\\\/lurdinha.org\\\/site\\\/#\\\/schema\\\/person\\\/6edbe3070561baacf2ff92a210f3c70e\"},\"headline\":\"Ideias para transformar o presente\",\"datePublished\":\"2014-11-29T04:17:12+00:00\",\"dateModified\":\"2014-12-11T05:22:50+00:00\",\"mainEntityOfPage\":{\"@id\":\"https:\\\/\\\/lurdinha.org\\\/site\\\/ideias-para-transformar-o-presente\\\/\"},\"wordCount\":639,\"commentCount\":0,\"publisher\":{\"@id\":\"https:\\\/\\\/lurdinha.org\\\/site\\\/#organization\"},\"image\":{\"@id\":\"https:\\\/\\\/lurdinha.org\\\/site\\\/ideias-para-transformar-o-presente\\\/#primaryimage\"},\"thumbnailUrl\":\"http:\\\/\\\/lurdinha.org\\\/site\\\/wp-content\\\/uploads\\\/maparj-cide.jpg\",\"keywords\":[\"baixada-fluminense\",\"duque-de-caxias\",\"or\u00e7amento\",\"regi\u00e3o metropolitana\"],\"articleSection\":[\"uma opini\u00e3o\"],\"inLanguage\":\"pt-BR\",\"potentialAction\":[{\"@type\":\"CommentAction\",\"name\":\"Comment\",\"target\":[\"https:\\\/\\\/lurdinha.org\\\/site\\\/ideias-para-transformar-o-presente\\\/#respond\"]}]},{\"@type\":\"WebPage\",\"@id\":\"https:\\\/\\\/lurdinha.org\\\/site\\\/ideias-para-transformar-o-presente\\\/\",\"url\":\"https:\\\/\\\/lurdinha.org\\\/site\\\/ideias-para-transformar-o-presente\\\/\",\"name\":\"Ideias para transformar o presente - Lurdinha - Duque de Caxias para Est\u00f4magos Fortes\",\"isPartOf\":{\"@id\":\"https:\\\/\\\/lurdinha.org\\\/site\\\/#website\"},\"primaryImageOfPage\":{\"@id\":\"https:\\\/\\\/lurdinha.org\\\/site\\\/ideias-para-transformar-o-presente\\\/#primaryimage\"},\"image\":{\"@id\":\"https:\\\/\\\/lurdinha.org\\\/site\\\/ideias-para-transformar-o-presente\\\/#primaryimage\"},\"thumbnailUrl\":\"http:\\\/\\\/lurdinha.org\\\/site\\\/wp-content\\\/uploads\\\/maparj-cide.jpg\",\"datePublished\":\"2014-11-29T04:17:12+00:00\",\"dateModified\":\"2014-12-11T05:22:50+00:00\",\"breadcrumb\":{\"@id\":\"https:\\\/\\\/lurdinha.org\\\/site\\\/ideias-para-transformar-o-presente\\\/#breadcrumb\"},\"inLanguage\":\"pt-BR\",\"potentialAction\":[{\"@type\":\"ReadAction\",\"target\":[\"https:\\\/\\\/lurdinha.org\\\/site\\\/ideias-para-transformar-o-presente\\\/\"]}]},{\"@type\":\"ImageObject\",\"inLanguage\":\"pt-BR\",\"@id\":\"https:\\\/\\\/lurdinha.org\\\/site\\\/ideias-para-transformar-o-presente\\\/#primaryimage\",\"url\":\"https:\\\/\\\/lurdinha.org\\\/site\\\/wp-content\\\/uploads\\\/maparj-cide.jpg\",\"contentUrl\":\"https:\\\/\\\/lurdinha.org\\\/site\\\/wp-content\\\/uploads\\\/maparj-cide.jpg\",\"width\":590,\"height\":404},{\"@type\":\"BreadcrumbList\",\"@id\":\"https:\\\/\\\/lurdinha.org\\\/site\\\/ideias-para-transformar-o-presente\\\/#breadcrumb\",\"itemListElement\":[{\"@type\":\"ListItem\",\"position\":1,\"name\":\"In\u00edcio\",\"item\":\"https:\\\/\\\/lurdinha.org\\\/site\\\/\"},{\"@type\":\"ListItem\",\"position\":2,\"name\":\"Ideias para transformar o presente\"}]},{\"@type\":\"WebSite\",\"@id\":\"https:\\\/\\\/lurdinha.org\\\/site\\\/#website\",\"url\":\"https:\\\/\\\/lurdinha.org\\\/site\\\/\",\"name\":\"Lurdinha - Duque de Caxias para Est\u00f4magos Fortes\",\"description\":\"Site sobre Arte, Cultura, Pol\u00edtica, Sociedade e curiosidades da cidade de Duque de Caxias, RJ\",\"publisher\":{\"@id\":\"https:\\\/\\\/lurdinha.org\\\/site\\\/#organization\"},\"alternateName\":\"Lurdinha\",\"potentialAction\":[{\"@type\":\"SearchAction\",\"target\":{\"@type\":\"EntryPoint\",\"urlTemplate\":\"https:\\\/\\\/lurdinha.org\\\/site\\\/?s={search_term_string}\"},\"query-input\":{\"@type\":\"PropertyValueSpecification\",\"valueRequired\":true,\"valueName\":\"search_term_string\"}}],\"inLanguage\":\"pt-BR\"},{\"@type\":\"Organization\",\"@id\":\"https:\\\/\\\/lurdinha.org\\\/site\\\/#organization\",\"name\":\"Lurdinha de Caxias\",\"url\":\"https:\\\/\\\/lurdinha.org\\\/site\\\/\",\"logo\":{\"@type\":\"ImageObject\",\"inLanguage\":\"pt-BR\",\"@id\":\"https:\\\/\\\/lurdinha.org\\\/site\\\/#\\\/schema\\\/logo\\\/image\\\/\",\"url\":\"https:\\\/\\\/lurdinha.org\\\/site\\\/wp-content\\\/uploads\\\/logo-lurdinha.jpg\",\"contentUrl\":\"https:\\\/\\\/lurdinha.org\\\/site\\\/wp-content\\\/uploads\\\/logo-lurdinha.jpg\",\"width\":640,\"height\":60,\"caption\":\"Lurdinha de Caxias\"},\"image\":{\"@id\":\"https:\\\/\\\/lurdinha.org\\\/site\\\/#\\\/schema\\\/logo\\\/image\\\/\"},\"sameAs\":[\"https:\\\/\\\/www.facebook.com\\\/LurdinhadeCaxias\",\"https:\\\/\\\/www.instagram.com\\\/lurdinhadecaxias\"]},{\"@type\":\"Person\",\"@id\":\"https:\\\/\\\/lurdinha.org\\\/site\\\/#\\\/schema\\\/person\\\/6edbe3070561baacf2ff92a210f3c70e\",\"name\":\"Eduardo Prates\",\"image\":{\"@type\":\"ImageObject\",\"inLanguage\":\"pt-BR\",\"@id\":\"https:\\\/\\\/secure.gravatar.com\\\/avatar\\\/f8d33445deb9db181831d9b31643921250b35abddc9eb35c9034a531c3e6cc01?s=96&d=mm&r=g\",\"url\":\"https:\\\/\\\/secure.gravatar.com\\\/avatar\\\/f8d33445deb9db181831d9b31643921250b35abddc9eb35c9034a531c3e6cc01?s=96&d=mm&r=g\",\"contentUrl\":\"https:\\\/\\\/secure.gravatar.com\\\/avatar\\\/f8d33445deb9db181831d9b31643921250b35abddc9eb35c9034a531c3e6cc01?s=96&d=mm&r=g\",\"caption\":\"Eduardo Prates\"},\"description\":\"Professor, cientista pol\u00edtico, cidad\u00e3o do mundo, flamenguista, imperiano, sujeito que acredita na auto-determina\u00e7\u00e3o dos povos para a constru\u00e7\u00e3o de um mundo melhor. https:\\\/\\\/profeduardoprates.com.br http:\\\/\\\/observatoriodabaixada.com.br\",\"sameAs\":[\"http:\\\/\\\/observatoriodabaixada.com.br\",\"prates.eduardo\",\"https:\\\/\\\/www.instagram.com\\\/eduardoprates\\\/\",\"https:\\\/\\\/x.com\\\/prateseduardo\"],\"url\":\"https:\\\/\\\/lurdinha.org\\\/site\\\/author\\\/edprates\\\/\"}]}<\/script>\n<!-- \/ Yoast SEO plugin. -->","yoast_head_json":{"title":"Ideias para transformar o presente - Lurdinha - Duque de Caxias para Est\u00f4magos Fortes","robots":{"index":"index","follow":"follow","max-snippet":"max-snippet:-1","max-image-preview":"max-image-preview:large","max-video-preview":"max-video-preview:-1"},"canonical":"https:\/\/lurdinha.org\/site\/ideias-para-transformar-o-presente\/","og_locale":"pt_BR","og_type":"article","og_title":"Ideias para transformar o presente - Lurdinha - Duque de Caxias para Est\u00f4magos Fortes","og_description":"Est\u00e1 \u00e9 mais uma das iniciativas para a constru\u00e7\u00e3o de cidades mais justas, democr\u00e1ticas e...","og_url":"https:\/\/lurdinha.org\/site\/ideias-para-transformar-o-presente\/","og_site_name":"Lurdinha - Duque de Caxias para Est\u00f4magos Fortes","article_publisher":"https:\/\/www.facebook.com\/LurdinhadeCaxias","article_author":"prates.eduardo","article_published_time":"2014-11-29T04:17:12+00:00","article_modified_time":"2014-12-11T05:22:50+00:00","og_image":[{"width":590,"height":404,"url":"https:\/\/lurdinha.org\/site\/wp-content\/uploads\/maparj-cide.jpg","type":"image\/jpeg"}],"author":"Eduardo Prates","twitter_card":"summary_large_image","twitter_creator":"@prateseduardo","twitter_misc":{"Escrito por":"Eduardo Prates","Est. tempo de leitura":"3 minutos"},"schema":{"@context":"https:\/\/schema.org","@graph":[{"@type":"Article","@id":"https:\/\/lurdinha.org\/site\/ideias-para-transformar-o-presente\/#article","isPartOf":{"@id":"https:\/\/lurdinha.org\/site\/ideias-para-transformar-o-presente\/"},"author":{"name":"Eduardo Prates","@id":"https:\/\/lurdinha.org\/site\/#\/schema\/person\/6edbe3070561baacf2ff92a210f3c70e"},"headline":"Ideias para transformar o presente","datePublished":"2014-11-29T04:17:12+00:00","dateModified":"2014-12-11T05:22:50+00:00","mainEntityOfPage":{"@id":"https:\/\/lurdinha.org\/site\/ideias-para-transformar-o-presente\/"},"wordCount":639,"commentCount":0,"publisher":{"@id":"https:\/\/lurdinha.org\/site\/#organization"},"image":{"@id":"https:\/\/lurdinha.org\/site\/ideias-para-transformar-o-presente\/#primaryimage"},"thumbnailUrl":"http:\/\/lurdinha.org\/site\/wp-content\/uploads\/maparj-cide.jpg","keywords":["baixada-fluminense","duque-de-caxias","or\u00e7amento","regi\u00e3o metropolitana"],"articleSection":["uma opini\u00e3o"],"inLanguage":"pt-BR","potentialAction":[{"@type":"CommentAction","name":"Comment","target":["https:\/\/lurdinha.org\/site\/ideias-para-transformar-o-presente\/#respond"]}]},{"@type":"WebPage","@id":"https:\/\/lurdinha.org\/site\/ideias-para-transformar-o-presente\/","url":"https:\/\/lurdinha.org\/site\/ideias-para-transformar-o-presente\/","name":"Ideias para transformar o presente - Lurdinha - Duque de Caxias para Est\u00f4magos Fortes","isPartOf":{"@id":"https:\/\/lurdinha.org\/site\/#website"},"primaryImageOfPage":{"@id":"https:\/\/lurdinha.org\/site\/ideias-para-transformar-o-presente\/#primaryimage"},"image":{"@id":"https:\/\/lurdinha.org\/site\/ideias-para-transformar-o-presente\/#primaryimage"},"thumbnailUrl":"http:\/\/lurdinha.org\/site\/wp-content\/uploads\/maparj-cide.jpg","datePublished":"2014-11-29T04:17:12+00:00","dateModified":"2014-12-11T05:22:50+00:00","breadcrumb":{"@id":"https:\/\/lurdinha.org\/site\/ideias-para-transformar-o-presente\/#breadcrumb"},"inLanguage":"pt-BR","potentialAction":[{"@type":"ReadAction","target":["https:\/\/lurdinha.org\/site\/ideias-para-transformar-o-presente\/"]}]},{"@type":"ImageObject","inLanguage":"pt-BR","@id":"https:\/\/lurdinha.org\/site\/ideias-para-transformar-o-presente\/#primaryimage","url":"https:\/\/lurdinha.org\/site\/wp-content\/uploads\/maparj-cide.jpg","contentUrl":"https:\/\/lurdinha.org\/site\/wp-content\/uploads\/maparj-cide.jpg","width":590,"height":404},{"@type":"BreadcrumbList","@id":"https:\/\/lurdinha.org\/site\/ideias-para-transformar-o-presente\/#breadcrumb","itemListElement":[{"@type":"ListItem","position":1,"name":"In\u00edcio","item":"https:\/\/lurdinha.org\/site\/"},{"@type":"ListItem","position":2,"name":"Ideias para transformar o presente"}]},{"@type":"WebSite","@id":"https:\/\/lurdinha.org\/site\/#website","url":"https:\/\/lurdinha.org\/site\/","name":"Lurdinha - Duque de Caxias para Est\u00f4magos Fortes","description":"Site sobre Arte, Cultura, Pol\u00edtica, Sociedade e curiosidades da cidade de Duque de Caxias, RJ","publisher":{"@id":"https:\/\/lurdinha.org\/site\/#organization"},"alternateName":"Lurdinha","potentialAction":[{"@type":"SearchAction","target":{"@type":"EntryPoint","urlTemplate":"https:\/\/lurdinha.org\/site\/?s={search_term_string}"},"query-input":{"@type":"PropertyValueSpecification","valueRequired":true,"valueName":"search_term_string"}}],"inLanguage":"pt-BR"},{"@type":"Organization","@id":"https:\/\/lurdinha.org\/site\/#organization","name":"Lurdinha de Caxias","url":"https:\/\/lurdinha.org\/site\/","logo":{"@type":"ImageObject","inLanguage":"pt-BR","@id":"https:\/\/lurdinha.org\/site\/#\/schema\/logo\/image\/","url":"https:\/\/lurdinha.org\/site\/wp-content\/uploads\/logo-lurdinha.jpg","contentUrl":"https:\/\/lurdinha.org\/site\/wp-content\/uploads\/logo-lurdinha.jpg","width":640,"height":60,"caption":"Lurdinha de Caxias"},"image":{"@id":"https:\/\/lurdinha.org\/site\/#\/schema\/logo\/image\/"},"sameAs":["https:\/\/www.facebook.com\/LurdinhadeCaxias","https:\/\/www.instagram.com\/lurdinhadecaxias"]},{"@type":"Person","@id":"https:\/\/lurdinha.org\/site\/#\/schema\/person\/6edbe3070561baacf2ff92a210f3c70e","name":"Eduardo Prates","image":{"@type":"ImageObject","inLanguage":"pt-BR","@id":"https:\/\/secure.gravatar.com\/avatar\/f8d33445deb9db181831d9b31643921250b35abddc9eb35c9034a531c3e6cc01?s=96&d=mm&r=g","url":"https:\/\/secure.gravatar.com\/avatar\/f8d33445deb9db181831d9b31643921250b35abddc9eb35c9034a531c3e6cc01?s=96&d=mm&r=g","contentUrl":"https:\/\/secure.gravatar.com\/avatar\/f8d33445deb9db181831d9b31643921250b35abddc9eb35c9034a531c3e6cc01?s=96&d=mm&r=g","caption":"Eduardo Prates"},"description":"Professor, cientista pol\u00edtico, cidad\u00e3o do mundo, flamenguista, imperiano, sujeito que acredita na auto-determina\u00e7\u00e3o dos povos para a constru\u00e7\u00e3o de um mundo melhor. https:\/\/profeduardoprates.com.br http:\/\/observatoriodabaixada.com.br","sameAs":["http:\/\/observatoriodabaixada.com.br","prates.eduardo","https:\/\/www.instagram.com\/eduardoprates\/","https:\/\/x.com\/prateseduardo"],"url":"https:\/\/lurdinha.org\/site\/author\/edprates\/"}]}},"views":3005,"_links":{"self":[{"href":"https:\/\/lurdinha.org\/site\/wp-json\/wp\/v2\/posts\/5122","targetHints":{"allow":["GET"]}}],"collection":[{"href":"https:\/\/lurdinha.org\/site\/wp-json\/wp\/v2\/posts"}],"about":[{"href":"https:\/\/lurdinha.org\/site\/wp-json\/wp\/v2\/types\/post"}],"author":[{"embeddable":true,"href":"https:\/\/lurdinha.org\/site\/wp-json\/wp\/v2\/users\/33"}],"replies":[{"embeddable":true,"href":"https:\/\/lurdinha.org\/site\/wp-json\/wp\/v2\/comments?post=5122"}],"version-history":[{"count":4,"href":"https:\/\/lurdinha.org\/site\/wp-json\/wp\/v2\/posts\/5122\/revisions"}],"predecessor-version":[{"id":5129,"href":"https:\/\/lurdinha.org\/site\/wp-json\/wp\/v2\/posts\/5122\/revisions\/5129"}],"wp:attachment":[{"href":"https:\/\/lurdinha.org\/site\/wp-json\/wp\/v2\/media?parent=5122"}],"wp:term":[{"taxonomy":"category","embeddable":true,"href":"https:\/\/lurdinha.org\/site\/wp-json\/wp\/v2\/categories?post=5122"},{"taxonomy":"post_tag","embeddable":true,"href":"https:\/\/lurdinha.org\/site\/wp-json\/wp\/v2\/tags?post=5122"}],"curies":[{"name":"wp","href":"https:\/\/api.w.org\/{rel}","templated":true}]}}