{"id":4960,"date":"2014-09-14T14:33:23","date_gmt":"2014-09-14T14:33:23","guid":{"rendered":"http:\/\/lurdinha.org\/site\/?p=4960"},"modified":"2014-09-14T14:34:05","modified_gmt":"2014-09-14T14:34:05","slug":"atriz-eve-penha-e-homenageada-do-13o-festival-de-teatro-encontrarte","status":"publish","type":"post","link":"https:\/\/lurdinha.org\/site\/atriz-eve-penha-e-homenageada-do-13o-festival-de-teatro-encontrarte\/","title":{"rendered":"Atriz Eve Penha \u00e9 homenageada do 13\u00ba Festival de Teatro EncontrArte"},"content":{"rendered":"<p>\u00c9 com muita alegria\u00a0que ficamos sabendo que a atriz <strong>Eve Penha<\/strong> ser\u00e1 uma das homenageadas do 13\u00ba Festival de Teatro EncontrArte, festival que j\u00e1 faz parte da cena cultural da Baixada, se firmando como um dos principais eventos regulares da regi\u00e3o.<\/p>\n<p><img loading=\"lazy\" decoding=\"async\" class=\"alignnone size-full wp-image-4961\" src=\"http:\/\/lurdinha.org\/site\/wp-content\/uploads\/eve-penha.jpg\" alt=\"Eve Penha - atriz Duque de Caxias\" width=\"405\" height=\"476\" srcset=\"https:\/\/lurdinha.org\/site\/wp-content\/uploads\/eve-penha.jpg 405w, https:\/\/lurdinha.org\/site\/wp-content\/uploads\/eve-penha-255x300.jpg 255w\" sizes=\"auto, (max-width: 405px) 100vw, 405px\" \/><\/p>\n<p>&nbsp;<\/p>\n<p>Formada em pedagogia pela UERJ, <strong>Eve Penha<\/strong> estudou com Augusto Boal no Centro de Teatro do Oprimido (CTO) e abra\u00e7ou a arte como of\u00edcio em 1968, quando participou da pe\u00e7a Quem Casa Quer Casa, de Martins Pena. Integrou o lend\u00e1rio <strong>Teatro de Abertura L\u00fadica (TAL)<\/strong>, de 1975 a 1977, e com este grupo ganhou o Pr\u00eamio Moli\u00e8re pelo espet\u00e1culo<strong> Sacos e Canudos<\/strong>, de Dedires Dembr\u00f3s, em 1976. O TAL era formado, em sua maioria, por atores de Duque de Caxias e ensaiava no Teatro Armando Mello.<\/p>\n<p>Eve atuou em mais de 30 espet\u00e1culos desde que come\u00e7ou na carreira. Participou de workshops e palestras ministradas por Amir Haddad. Atualmente integra a Companhia de Arte Popular. Foi atriz do curta-metragem Queimado, do cineclube Mate Com Angu, dire\u00e7\u00e3o de Igor Barradas.<\/p>\n<p>Eve administrou o Teatro Armando Mello de 1991 a 2004; e foi animadora cultural em diversos CIEPS de 1983 a 2012.<\/p>\n<p>&nbsp;<\/p>\n<h2><strong>MAIS SOBRE A 13\u00aa EDI\u00c7\u00c3O DO ENCONTRARTE<\/strong><\/h2>\n<p class=\"western\">A 13\u00aa edi\u00e7\u00e3o do Festival de Teatro EncontrArte, que acontecer\u00e1 de 18 a 27 de setembro em Nova Igua\u00e7u, \u00e9 um marco na hist\u00f3ria do evento, pois trar\u00e1 pela primeira vez um grupo internacional, da Argentina. Al\u00e9m da Compa\u00f1ia La Caravana, v\u00e3o participar grupos da Bahia, Minas Gerais, Paran\u00e1, Rio Grande do Sul, S\u00e3o Paulo, companhias cariocas e da Baixada. Todos os 23 espet\u00e1culos adultos e infantis ser\u00e3o gratuitos e apresentados em pra\u00e7as de bairros, no teatro SESC Nova Igua\u00e7u e no teatro Sylvio Monteiro, do Complexo Cultural de Nova Igua\u00e7u.<\/p>\n<p class=\"western\">A arte que se faz nas ruas, que quebra barreiras e prop\u00f5e uma aproxima\u00e7\u00e3o entre p\u00fablico e artistas \u00e9 a t\u00f4nica desta edi\u00e7\u00e3o do festival, atrav\u00e9s da homenagem aos diretores Augusto Boal e Amir Haddad. Boal criou o Teatro do Oprimido e Amir fundou o grupo T\u00e1 na Rua. O ator Marco Nanini, internacionalmente conhecido por seu trabalho no teatro, no cinema e na televis\u00e3o, e a atriz Eve Penha, que \u00e9 ligada \u00e0 regi\u00e3o, completam a lista dos que receber\u00e3o o trof\u00e9u do festival.<\/p>\n<p class=\"western\">Com patroc\u00ednio da Petrobras desde 2006, o festival administrado por Claudina Oliveira, F\u00e1bio Mateus e Tiago Costa sempre realiza uma maratona teatral. Este ano o EncontrArte, um dos eventos mais importantes do Estado na \u00e1rea, recebeu o pr\u00eamio Funarte para Festivais, o que possibilitou as apresenta\u00e7\u00f5es nos bairros e conta com o apoio da TV Globo.<\/p>\n<p class=\"western\">Mostrando que a arte derruba todos os limites, inclusive os geogr\u00e1ficos, o EncontrArte receber\u00e1 grupos da Bahia &#8211; Grupo Territ\u00f3rio S\u00edrius Teatro e Grupo Salto Alto Investiga\u00e7\u00f5es C\u00eanicas-; Minas Gerais &#8211; Grupo Maria Cutia -; do Paran\u00e1 &#8211; Cia Miiller de Teatro de Bonecos -; Rio Grande do Sul &#8211; Grupo Trompim Teatro-; S\u00e3o Paulo &#8211; Grupo Lamini CAC, Cia Teatral Amado Amado e Palha\u00e7o Bisgoio; da Argentina &#8211; Compa\u00f1ia La Caravana.<\/p>\n<p class=\"western\">Os realizadores v\u00e3o convidar o p\u00fablico para escolher o nome da mascote do festival. No ano passado os espectadores votaram pela internet e presencialmente decidindo a figura que representa o festival. E para comemorar os 13 anos ininterruptos do evento, acontecer\u00e1 tamb\u00e9m a exposi\u00e7\u00e3o fotogr\u00e1fica \u201cRetratos do EncontrArte\u201d, com curadoria da empresa EncontrArte, realiza\u00e7\u00e3o do SESC RJ e parceria da Funarte.<\/p>\n<p class=\"western\">Alziro Xavier, Marcele Pontes, Maz\u00e9 Mixo, Get\u00falio Ribeiro e Paulo C\u00e9sar Rega, profissionais que cobriram o evento ao longo de mais de uma d\u00e9cada, escolheram fotografias que mostram a vis\u00e3o particular de cada um sobre alguns dos mais de 200 espet\u00e1culos que passaram pelo EncontrArte. A exposi\u00e7\u00e3o fotogr\u00e1fica &#8220;Retratos do EncontrArte\u201d ser\u00e1 aberta dia 17 de setembro, \u00e0s 13h, na galeria do SESC Nova Igua\u00e7u, e continuar\u00e1 at\u00e9 26 de outubro, de ter\u00e7a a s\u00e1bado, 9h \u00e0s 20h, e domingos e feriados, 9h \u00e0s 18h.<\/p>\n<p class=\"western\">E do dia, 27 de setembro a 27 de outubro, na galeria do Complexo Cultural de Nova Igua\u00e7u, sempre de segunda a sexta-feira, de 9h \u00e0s 17h. O endere\u00e7o \u00e9 Rua Get\u00falio Vargas, 51, centro.<\/p>\n<p class=\"western\">A PROGRAMA COMPLETA PODE SER CONSULTADA EM <a href=\"WWW.encontrarte.com.br\" target=\"_blank\">WWW.ENCONTRARTE.COM.BR<\/a><\/p>\n<p>&nbsp;<\/p>\n<h2><strong>SERVI\u00c7O<\/strong><\/h2>\n<p>13\u00ba Festival de Teatro EncontrArte de Nova Igua\u00e7u<\/p>\n<p>Data: 18 a 27 de setembro de 2014<\/p>\n<p>Locais: SESC Nova Igua\u00e7u e no Complexo Cultural de Nova Igua\u00e7u<\/p>\n<p>SESC Nova Igua\u00e7u &#8211; Rua Dom Adriano Hip\u00f3lito, 10, Moquet\u00e1<\/p>\n<p>Complexo Cultural de Nova Igua\u00e7u &#8211; Rua Get\u00falio Vargas, 51, Centro, Nova Igua\u00e7u<\/p>\n<p>ENTRADA FRANCA<\/p>\n<p>Agendamento de espet\u00e1culos: Tel 021 &#8211; 97343-0151 e 021 &#8211; 3066-0054<\/p>\n","protected":false},"excerpt":{"rendered":"<p>\u00c9 com muita alegria\u00a0que ficamos sabendo que a atriz Eve Penha ser\u00e1 uma das homenageadas&#8230;<\/p>\n","protected":false},"author":2,"featured_media":0,"comment_status":"open","ping_status":"closed","sticky":false,"template":"","format":"standard","meta":{"footnotes":""},"categories":[8,14,5],"tags":[12,11,744,743,170],"class_list":["post-4960","post","type-post","status-publish","format-standard","hentry","category-evento","category-gente","category-umaboa","tag-baixada-fluminense","tag-duque-de-caxias","tag-encontrarte","tag-eve-penha","tag-teatro"],"yoast_head":"<!-- This site is optimized with the Yoast SEO plugin v27.5 - https:\/\/yoast.com\/product\/yoast-seo-wordpress\/ -->\n<title>Atriz Eve Penha \u00e9 homenageada do 13\u00ba Festival de Teatro EncontrArte - Lurdinha - Duque de Caxias para Est\u00f4magos Fortes<\/title>\n<meta name=\"robots\" content=\"index, follow, max-snippet:-1, max-image-preview:large, max-video-preview:-1\" \/>\n<link rel=\"canonical\" href=\"https:\/\/lurdinha.org\/site\/atriz-eve-penha-e-homenageada-do-13o-festival-de-teatro-encontrarte\/\" \/>\n<meta property=\"og:locale\" content=\"pt_BR\" \/>\n<meta property=\"og:type\" content=\"article\" \/>\n<meta property=\"og:title\" content=\"Atriz Eve Penha \u00e9 homenageada do 13\u00ba Festival de Teatro EncontrArte - Lurdinha - Duque de Caxias para Est\u00f4magos Fortes\" \/>\n<meta property=\"og:description\" content=\"\u00c9 com muita alegria\u00a0que ficamos sabendo que a atriz Eve Penha ser\u00e1 uma das homenageadas...\" \/>\n<meta property=\"og:url\" content=\"https:\/\/lurdinha.org\/site\/atriz-eve-penha-e-homenageada-do-13o-festival-de-teatro-encontrarte\/\" \/>\n<meta property=\"og:site_name\" content=\"Lurdinha - Duque de Caxias para Est\u00f4magos Fortes\" \/>\n<meta property=\"article:publisher\" content=\"https:\/\/www.facebook.com\/LurdinhadeCaxias\" \/>\n<meta property=\"article:author\" content=\"botocudo\" \/>\n<meta property=\"article:published_time\" content=\"2014-09-14T14:33:23+00:00\" \/>\n<meta property=\"article:modified_time\" content=\"2014-09-14T14:34:05+00:00\" \/>\n<meta property=\"og:image\" content=\"https:\/\/lurdinha.org\/site\/wp-content\/uploads\/eve-penha.jpg\" \/>\n\t<meta property=\"og:image:width\" content=\"405\" \/>\n\t<meta property=\"og:image:height\" content=\"476\" \/>\n\t<meta property=\"og:image:type\" content=\"image\/jpeg\" \/>\n<meta name=\"author\" content=\"heraldo hb\" \/>\n<meta name=\"twitter:card\" content=\"summary_large_image\" \/>\n<meta name=\"twitter:label1\" content=\"Escrito por\" \/>\n\t<meta name=\"twitter:data1\" content=\"heraldo hb\" \/>\n\t<meta name=\"twitter:label2\" content=\"Est. tempo de leitura\" \/>\n\t<meta name=\"twitter:data2\" content=\"4 minutos\" \/>\n<script type=\"application\/ld+json\" class=\"yoast-schema-graph\">{\"@context\":\"https:\\\/\\\/schema.org\",\"@graph\":[{\"@type\":\"Article\",\"@id\":\"https:\\\/\\\/lurdinha.org\\\/site\\\/atriz-eve-penha-e-homenageada-do-13o-festival-de-teatro-encontrarte\\\/#article\",\"isPartOf\":{\"@id\":\"https:\\\/\\\/lurdinha.org\\\/site\\\/atriz-eve-penha-e-homenageada-do-13o-festival-de-teatro-encontrarte\\\/\"},\"author\":{\"name\":\"heraldo hb\",\"@id\":\"https:\\\/\\\/lurdinha.org\\\/site\\\/#\\\/schema\\\/person\\\/b833bb6a7f82598bf0e95e4c30874251\"},\"headline\":\"Atriz Eve Penha \u00e9 homenageada do 13\u00ba Festival de Teatro EncontrArte\",\"datePublished\":\"2014-09-14T14:33:23+00:00\",\"dateModified\":\"2014-09-14T14:34:05+00:00\",\"mainEntityOfPage\":{\"@id\":\"https:\\\/\\\/lurdinha.org\\\/site\\\/atriz-eve-penha-e-homenageada-do-13o-festival-de-teatro-encontrarte\\\/\"},\"wordCount\":810,\"commentCount\":0,\"publisher\":{\"@id\":\"https:\\\/\\\/lurdinha.org\\\/site\\\/#organization\"},\"image\":{\"@id\":\"https:\\\/\\\/lurdinha.org\\\/site\\\/atriz-eve-penha-e-homenageada-do-13o-festival-de-teatro-encontrarte\\\/#primaryimage\"},\"thumbnailUrl\":\"http:\\\/\\\/lurdinha.org\\\/site\\\/wp-content\\\/uploads\\\/eve-penha.jpg\",\"keywords\":[\"baixada-fluminense\",\"duque-de-caxias\",\"encontrarte\",\"eve penha\",\"teatro\"],\"articleSection\":[\"evento\",\"gente\",\"uma boa\"],\"inLanguage\":\"pt-BR\",\"potentialAction\":[{\"@type\":\"CommentAction\",\"name\":\"Comment\",\"target\":[\"https:\\\/\\\/lurdinha.org\\\/site\\\/atriz-eve-penha-e-homenageada-do-13o-festival-de-teatro-encontrarte\\\/#respond\"]}]},{\"@type\":\"WebPage\",\"@id\":\"https:\\\/\\\/lurdinha.org\\\/site\\\/atriz-eve-penha-e-homenageada-do-13o-festival-de-teatro-encontrarte\\\/\",\"url\":\"https:\\\/\\\/lurdinha.org\\\/site\\\/atriz-eve-penha-e-homenageada-do-13o-festival-de-teatro-encontrarte\\\/\",\"name\":\"Atriz Eve Penha \u00e9 homenageada do 13\u00ba Festival de Teatro EncontrArte - Lurdinha - Duque de Caxias para Est\u00f4magos Fortes\",\"isPartOf\":{\"@id\":\"https:\\\/\\\/lurdinha.org\\\/site\\\/#website\"},\"primaryImageOfPage\":{\"@id\":\"https:\\\/\\\/lurdinha.org\\\/site\\\/atriz-eve-penha-e-homenageada-do-13o-festival-de-teatro-encontrarte\\\/#primaryimage\"},\"image\":{\"@id\":\"https:\\\/\\\/lurdinha.org\\\/site\\\/atriz-eve-penha-e-homenageada-do-13o-festival-de-teatro-encontrarte\\\/#primaryimage\"},\"thumbnailUrl\":\"http:\\\/\\\/lurdinha.org\\\/site\\\/wp-content\\\/uploads\\\/eve-penha.jpg\",\"datePublished\":\"2014-09-14T14:33:23+00:00\",\"dateModified\":\"2014-09-14T14:34:05+00:00\",\"breadcrumb\":{\"@id\":\"https:\\\/\\\/lurdinha.org\\\/site\\\/atriz-eve-penha-e-homenageada-do-13o-festival-de-teatro-encontrarte\\\/#breadcrumb\"},\"inLanguage\":\"pt-BR\",\"potentialAction\":[{\"@type\":\"ReadAction\",\"target\":[\"https:\\\/\\\/lurdinha.org\\\/site\\\/atriz-eve-penha-e-homenageada-do-13o-festival-de-teatro-encontrarte\\\/\"]}]},{\"@type\":\"ImageObject\",\"inLanguage\":\"pt-BR\",\"@id\":\"https:\\\/\\\/lurdinha.org\\\/site\\\/atriz-eve-penha-e-homenageada-do-13o-festival-de-teatro-encontrarte\\\/#primaryimage\",\"url\":\"https:\\\/\\\/lurdinha.org\\\/site\\\/wp-content\\\/uploads\\\/eve-penha.jpg\",\"contentUrl\":\"https:\\\/\\\/lurdinha.org\\\/site\\\/wp-content\\\/uploads\\\/eve-penha.jpg\",\"width\":405,\"height\":476,\"caption\":\"Eve Penha - atriz Duque de Caxias\"},{\"@type\":\"BreadcrumbList\",\"@id\":\"https:\\\/\\\/lurdinha.org\\\/site\\\/atriz-eve-penha-e-homenageada-do-13o-festival-de-teatro-encontrarte\\\/#breadcrumb\",\"itemListElement\":[{\"@type\":\"ListItem\",\"position\":1,\"name\":\"In\u00edcio\",\"item\":\"https:\\\/\\\/lurdinha.org\\\/site\\\/\"},{\"@type\":\"ListItem\",\"position\":2,\"name\":\"Atriz Eve Penha \u00e9 homenageada do 13\u00ba Festival de Teatro EncontrArte\"}]},{\"@type\":\"WebSite\",\"@id\":\"https:\\\/\\\/lurdinha.org\\\/site\\\/#website\",\"url\":\"https:\\\/\\\/lurdinha.org\\\/site\\\/\",\"name\":\"Lurdinha - Duque de Caxias para Est\u00f4magos Fortes\",\"description\":\"Site sobre Arte, Cultura, Pol\u00edtica, Sociedade e curiosidades da cidade de Duque de Caxias, RJ\",\"publisher\":{\"@id\":\"https:\\\/\\\/lurdinha.org\\\/site\\\/#organization\"},\"alternateName\":\"Lurdinha\",\"potentialAction\":[{\"@type\":\"SearchAction\",\"target\":{\"@type\":\"EntryPoint\",\"urlTemplate\":\"https:\\\/\\\/lurdinha.org\\\/site\\\/?s={search_term_string}\"},\"query-input\":{\"@type\":\"PropertyValueSpecification\",\"valueRequired\":true,\"valueName\":\"search_term_string\"}}],\"inLanguage\":\"pt-BR\"},{\"@type\":\"Organization\",\"@id\":\"https:\\\/\\\/lurdinha.org\\\/site\\\/#organization\",\"name\":\"Lurdinha de Caxias\",\"url\":\"https:\\\/\\\/lurdinha.org\\\/site\\\/\",\"logo\":{\"@type\":\"ImageObject\",\"inLanguage\":\"pt-BR\",\"@id\":\"https:\\\/\\\/lurdinha.org\\\/site\\\/#\\\/schema\\\/logo\\\/image\\\/\",\"url\":\"https:\\\/\\\/lurdinha.org\\\/site\\\/wp-content\\\/uploads\\\/logo-lurdinha.jpg\",\"contentUrl\":\"https:\\\/\\\/lurdinha.org\\\/site\\\/wp-content\\\/uploads\\\/logo-lurdinha.jpg\",\"width\":640,\"height\":60,\"caption\":\"Lurdinha de Caxias\"},\"image\":{\"@id\":\"https:\\\/\\\/lurdinha.org\\\/site\\\/#\\\/schema\\\/logo\\\/image\\\/\"},\"sameAs\":[\"https:\\\/\\\/www.facebook.com\\\/LurdinhadeCaxias\",\"https:\\\/\\\/www.instagram.com\\\/lurdinhadecaxias\"]},{\"@type\":\"Person\",\"@id\":\"https:\\\/\\\/lurdinha.org\\\/site\\\/#\\\/schema\\\/person\\\/b833bb6a7f82598bf0e95e4c30874251\",\"name\":\"heraldo hb\",\"image\":{\"@type\":\"ImageObject\",\"inLanguage\":\"pt-BR\",\"@id\":\"https:\\\/\\\/secure.gravatar.com\\\/avatar\\\/5de9fe99c72cb6885bbdaa24b1c5738b0f673d265de18720fae7463d5f47b48d?s=96&d=mm&r=g\",\"url\":\"https:\\\/\\\/secure.gravatar.com\\\/avatar\\\/5de9fe99c72cb6885bbdaa24b1c5738b0f673d265de18720fae7463d5f47b48d?s=96&d=mm&r=g\",\"contentUrl\":\"https:\\\/\\\/secure.gravatar.com\\\/avatar\\\/5de9fe99c72cb6885bbdaa24b1c5738b0f673d265de18720fae7463d5f47b48d?s=96&d=mm&r=g\",\"caption\":\"heraldo hb\"},\"description\":\"Cineasta, animador cultural, escritor e educador nascido no s\u00e9culo XX\",\"sameAs\":[\"http:\\\/\\\/wwww.relinkare.org\",\"botocudo\",\"heraldohb\",\"relinkare\"],\"url\":\"https:\\\/\\\/lurdinha.org\\\/site\\\/author\\\/heraldohb\\\/\"}]}<\/script>\n<!-- \/ Yoast SEO plugin. -->","yoast_head_json":{"title":"Atriz Eve Penha \u00e9 homenageada do 13\u00ba Festival de Teatro EncontrArte - Lurdinha - Duque de Caxias para Est\u00f4magos Fortes","robots":{"index":"index","follow":"follow","max-snippet":"max-snippet:-1","max-image-preview":"max-image-preview:large","max-video-preview":"max-video-preview:-1"},"canonical":"https:\/\/lurdinha.org\/site\/atriz-eve-penha-e-homenageada-do-13o-festival-de-teatro-encontrarte\/","og_locale":"pt_BR","og_type":"article","og_title":"Atriz Eve Penha \u00e9 homenageada do 13\u00ba Festival de Teatro EncontrArte - Lurdinha - Duque de Caxias para Est\u00f4magos Fortes","og_description":"\u00c9 com muita alegria\u00a0que ficamos sabendo que a atriz Eve Penha ser\u00e1 uma das homenageadas...","og_url":"https:\/\/lurdinha.org\/site\/atriz-eve-penha-e-homenageada-do-13o-festival-de-teatro-encontrarte\/","og_site_name":"Lurdinha - Duque de Caxias para Est\u00f4magos Fortes","article_publisher":"https:\/\/www.facebook.com\/LurdinhadeCaxias","article_author":"botocudo","article_published_time":"2014-09-14T14:33:23+00:00","article_modified_time":"2014-09-14T14:34:05+00:00","og_image":[{"width":405,"height":476,"url":"https:\/\/lurdinha.org\/site\/wp-content\/uploads\/eve-penha.jpg","type":"image\/jpeg"}],"author":"heraldo hb","twitter_card":"summary_large_image","twitter_misc":{"Escrito por":"heraldo hb","Est. tempo de leitura":"4 minutos"},"schema":{"@context":"https:\/\/schema.org","@graph":[{"@type":"Article","@id":"https:\/\/lurdinha.org\/site\/atriz-eve-penha-e-homenageada-do-13o-festival-de-teatro-encontrarte\/#article","isPartOf":{"@id":"https:\/\/lurdinha.org\/site\/atriz-eve-penha-e-homenageada-do-13o-festival-de-teatro-encontrarte\/"},"author":{"name":"heraldo hb","@id":"https:\/\/lurdinha.org\/site\/#\/schema\/person\/b833bb6a7f82598bf0e95e4c30874251"},"headline":"Atriz Eve Penha \u00e9 homenageada do 13\u00ba Festival de Teatro EncontrArte","datePublished":"2014-09-14T14:33:23+00:00","dateModified":"2014-09-14T14:34:05+00:00","mainEntityOfPage":{"@id":"https:\/\/lurdinha.org\/site\/atriz-eve-penha-e-homenageada-do-13o-festival-de-teatro-encontrarte\/"},"wordCount":810,"commentCount":0,"publisher":{"@id":"https:\/\/lurdinha.org\/site\/#organization"},"image":{"@id":"https:\/\/lurdinha.org\/site\/atriz-eve-penha-e-homenageada-do-13o-festival-de-teatro-encontrarte\/#primaryimage"},"thumbnailUrl":"http:\/\/lurdinha.org\/site\/wp-content\/uploads\/eve-penha.jpg","keywords":["baixada-fluminense","duque-de-caxias","encontrarte","eve penha","teatro"],"articleSection":["evento","gente","uma boa"],"inLanguage":"pt-BR","potentialAction":[{"@type":"CommentAction","name":"Comment","target":["https:\/\/lurdinha.org\/site\/atriz-eve-penha-e-homenageada-do-13o-festival-de-teatro-encontrarte\/#respond"]}]},{"@type":"WebPage","@id":"https:\/\/lurdinha.org\/site\/atriz-eve-penha-e-homenageada-do-13o-festival-de-teatro-encontrarte\/","url":"https:\/\/lurdinha.org\/site\/atriz-eve-penha-e-homenageada-do-13o-festival-de-teatro-encontrarte\/","name":"Atriz Eve Penha \u00e9 homenageada do 13\u00ba Festival de Teatro EncontrArte - Lurdinha - Duque de Caxias para Est\u00f4magos Fortes","isPartOf":{"@id":"https:\/\/lurdinha.org\/site\/#website"},"primaryImageOfPage":{"@id":"https:\/\/lurdinha.org\/site\/atriz-eve-penha-e-homenageada-do-13o-festival-de-teatro-encontrarte\/#primaryimage"},"image":{"@id":"https:\/\/lurdinha.org\/site\/atriz-eve-penha-e-homenageada-do-13o-festival-de-teatro-encontrarte\/#primaryimage"},"thumbnailUrl":"http:\/\/lurdinha.org\/site\/wp-content\/uploads\/eve-penha.jpg","datePublished":"2014-09-14T14:33:23+00:00","dateModified":"2014-09-14T14:34:05+00:00","breadcrumb":{"@id":"https:\/\/lurdinha.org\/site\/atriz-eve-penha-e-homenageada-do-13o-festival-de-teatro-encontrarte\/#breadcrumb"},"inLanguage":"pt-BR","potentialAction":[{"@type":"ReadAction","target":["https:\/\/lurdinha.org\/site\/atriz-eve-penha-e-homenageada-do-13o-festival-de-teatro-encontrarte\/"]}]},{"@type":"ImageObject","inLanguage":"pt-BR","@id":"https:\/\/lurdinha.org\/site\/atriz-eve-penha-e-homenageada-do-13o-festival-de-teatro-encontrarte\/#primaryimage","url":"https:\/\/lurdinha.org\/site\/wp-content\/uploads\/eve-penha.jpg","contentUrl":"https:\/\/lurdinha.org\/site\/wp-content\/uploads\/eve-penha.jpg","width":405,"height":476,"caption":"Eve Penha - atriz Duque de Caxias"},{"@type":"BreadcrumbList","@id":"https:\/\/lurdinha.org\/site\/atriz-eve-penha-e-homenageada-do-13o-festival-de-teatro-encontrarte\/#breadcrumb","itemListElement":[{"@type":"ListItem","position":1,"name":"In\u00edcio","item":"https:\/\/lurdinha.org\/site\/"},{"@type":"ListItem","position":2,"name":"Atriz Eve Penha \u00e9 homenageada do 13\u00ba Festival de Teatro EncontrArte"}]},{"@type":"WebSite","@id":"https:\/\/lurdinha.org\/site\/#website","url":"https:\/\/lurdinha.org\/site\/","name":"Lurdinha - Duque de Caxias para Est\u00f4magos Fortes","description":"Site sobre Arte, Cultura, Pol\u00edtica, Sociedade e curiosidades da cidade de Duque de Caxias, RJ","publisher":{"@id":"https:\/\/lurdinha.org\/site\/#organization"},"alternateName":"Lurdinha","potentialAction":[{"@type":"SearchAction","target":{"@type":"EntryPoint","urlTemplate":"https:\/\/lurdinha.org\/site\/?s={search_term_string}"},"query-input":{"@type":"PropertyValueSpecification","valueRequired":true,"valueName":"search_term_string"}}],"inLanguage":"pt-BR"},{"@type":"Organization","@id":"https:\/\/lurdinha.org\/site\/#organization","name":"Lurdinha de Caxias","url":"https:\/\/lurdinha.org\/site\/","logo":{"@type":"ImageObject","inLanguage":"pt-BR","@id":"https:\/\/lurdinha.org\/site\/#\/schema\/logo\/image\/","url":"https:\/\/lurdinha.org\/site\/wp-content\/uploads\/logo-lurdinha.jpg","contentUrl":"https:\/\/lurdinha.org\/site\/wp-content\/uploads\/logo-lurdinha.jpg","width":640,"height":60,"caption":"Lurdinha de Caxias"},"image":{"@id":"https:\/\/lurdinha.org\/site\/#\/schema\/logo\/image\/"},"sameAs":["https:\/\/www.facebook.com\/LurdinhadeCaxias","https:\/\/www.instagram.com\/lurdinhadecaxias"]},{"@type":"Person","@id":"https:\/\/lurdinha.org\/site\/#\/schema\/person\/b833bb6a7f82598bf0e95e4c30874251","name":"heraldo hb","image":{"@type":"ImageObject","inLanguage":"pt-BR","@id":"https:\/\/secure.gravatar.com\/avatar\/5de9fe99c72cb6885bbdaa24b1c5738b0f673d265de18720fae7463d5f47b48d?s=96&d=mm&r=g","url":"https:\/\/secure.gravatar.com\/avatar\/5de9fe99c72cb6885bbdaa24b1c5738b0f673d265de18720fae7463d5f47b48d?s=96&d=mm&r=g","contentUrl":"https:\/\/secure.gravatar.com\/avatar\/5de9fe99c72cb6885bbdaa24b1c5738b0f673d265de18720fae7463d5f47b48d?s=96&d=mm&r=g","caption":"heraldo hb"},"description":"Cineasta, animador cultural, escritor e educador nascido no s\u00e9culo XX","sameAs":["http:\/\/wwww.relinkare.org","botocudo","heraldohb","relinkare"],"url":"https:\/\/lurdinha.org\/site\/author\/heraldohb\/"}]}},"views":3549,"_links":{"self":[{"href":"https:\/\/lurdinha.org\/site\/wp-json\/wp\/v2\/posts\/4960","targetHints":{"allow":["GET"]}}],"collection":[{"href":"https:\/\/lurdinha.org\/site\/wp-json\/wp\/v2\/posts"}],"about":[{"href":"https:\/\/lurdinha.org\/site\/wp-json\/wp\/v2\/types\/post"}],"author":[{"embeddable":true,"href":"https:\/\/lurdinha.org\/site\/wp-json\/wp\/v2\/users\/2"}],"replies":[{"embeddable":true,"href":"https:\/\/lurdinha.org\/site\/wp-json\/wp\/v2\/comments?post=4960"}],"version-history":[{"count":1,"href":"https:\/\/lurdinha.org\/site\/wp-json\/wp\/v2\/posts\/4960\/revisions"}],"predecessor-version":[{"id":4962,"href":"https:\/\/lurdinha.org\/site\/wp-json\/wp\/v2\/posts\/4960\/revisions\/4962"}],"wp:attachment":[{"href":"https:\/\/lurdinha.org\/site\/wp-json\/wp\/v2\/media?parent=4960"}],"wp:term":[{"taxonomy":"category","embeddable":true,"href":"https:\/\/lurdinha.org\/site\/wp-json\/wp\/v2\/categories?post=4960"},{"taxonomy":"post_tag","embeddable":true,"href":"https:\/\/lurdinha.org\/site\/wp-json\/wp\/v2\/tags?post=4960"}],"curies":[{"name":"wp","href":"https:\/\/api.w.org\/{rel}","templated":true}]}}