{"id":4903,"date":"2014-08-18T19:48:07","date_gmt":"2014-08-18T19:48:07","guid":{"rendered":"http:\/\/lurdinha.org\/site\/?p=4903"},"modified":"2014-08-25T05:55:35","modified_gmt":"2014-08-25T05:55:35","slug":"relatorios-das-conferencias-municipais-de-cultura-e-outros-documentos-sobre-politica-cultural-em-duque-de-caxias","status":"publish","type":"post","link":"https:\/\/lurdinha.org\/site\/relatorios-das-conferencias-municipais-de-cultura-e-outros-documentos-sobre-politica-cultural-em-duque-de-caxias\/","title":{"rendered":"Relat\u00f3rios das Confer\u00eancias Municipais de Cultura e outros documentos sobre pol\u00edtica cultural em Duque de Caxias"},"content":{"rendered":"<p>Pra ajudar nos debates, pra conhecer o hist\u00f3rico dessa conversa, pra registro, pra circular informa\u00e7\u00e3o.<\/p>\n<p>&nbsp;<\/p>\n<p>=&gt; Relat\u00f3rio da I Confer\u00eancia Municipal de Cultura, realizada em \u00a0dezembro de 2005. [em <a href=\"http:\/\/lurdinha.org\/docs-cultura\/RELATORIO-DA-I-CONFERENCIA-MUNICIPAL-DE-CULTURA.pdf\" target=\"_blank\">.pdf<\/a> | em <a href=\"http:\/\/lurdinha.org\/docs-cultura\/RELATORIO-DA-I-CONFERENCIA-MUNICIPAL-DE-CULTURA.rtf\" target=\"_blank\">arquivo de texto<\/a>]<\/p>\n<p>=&gt;\u00a0Relat\u00f3rio da II Confer\u00eancia Municipal de Cultura, realizada em dezembro de 2007. [em .<a href=\"http:\/\/lurdinha.org\/docs-cultura\/RELATORIO-DA-II-CONFERENCIA-MUNICIPAL-DE-CULTURA.pdf\" target=\"_blank\">pdf<\/a> | <a href=\"http:\/\/lurdinha.org\/docs-cultura\/RELATORIO-DA-II-CONFERENCIA-MUNICIPAL-DE-CULTURA.rtf\" target=\"_blank\">em arquivo de texto<\/a>]<\/p>\n<p>=&gt;\u00a0Relat\u00f3rio da III Confer\u00eancia Municipal de Cultura, realizada em \u00a0setembro de 2009. [em .<a href=\"http:\/\/lurdinha.org\/docs-cultura\/RELATORIO-DA-III-CONFERENCIA-MUNICIPAL-DE-CULTURA.pdf\" target=\"_blank\">pdf<\/a> | em <a href=\"http:\/\/lurdinha.org\/docs-cultura\/RELATORIO-DA-III-CONFERENCIA-MUNICIPAL-DE-CULTURA.rtf\" target=\"_blank\">arquivo de texto<\/a>]<\/p>\n<p>=&gt;\u00a0Relat\u00f3rio da IV Confer\u00eancia Municipal de Cultura, realizada em \u00a02005. (n\u00e3o localizado &#8211; posi\u00e7\u00e3o em 22\/08\/14)<\/p>\n<p>=&gt; Relat\u00f3rio da V Confer\u00eancia Municipal de Cultura, realizada em \u00a02005. [em .<a href=\"http:\/\/lurdinha.org\/docs-cultura\/RELATORIO-DA-V-CONFERENCIA-MUNICIPAL-DE-CULTURA.pdf\" target=\"_blank\">pdf<\/a> ] (obs: n\u00e3o foi encontrado o documento em arquivos texto &#8211; posi\u00e7\u00e3o em 22\/08\/14)<\/p>\n<p>&nbsp;<\/p>\n<h3><strong>OUTROS<\/strong><\/h3>\n<p>=&gt; Relat\u00f3rio de Atividades &#8211; Conselho Municipal de Cultura (2006-2007)\u00a0[em .<a href=\"http:\/\/lurdinha.org\/docs-donana\/Relatorio-do- Conselho-Bienio-2006-2007.pdf\" target=\"_blank\">pdf<\/a>\u00a0| em\u00a0<a href=\"http:\/\/lurdinha.org\/docs-donana\/Relatorio-do-Conselho-Bienio-2006-2007.pdf\" target=\"_blank\">arquivo de texto<\/a>]<\/p>\n<p>=&gt; Relat\u00f3rio de Atividades &#8211; Conselho Municipal de Cultura (2008-2009) [em .<a href=\"http:\/\/lurdinha.org\/docs-donana\/Relatorio-de-Atividades-2008-2009.pdf\" target=\"_blank\">pdf<\/a> | em <a href=\"http:\/\/lurdinha.org\/docs-donana\/Relatorio-de-Atividades-2008-2009.rtf\" target=\"_blank\">arquivo de texto<\/a>]<\/p>\n<p>=&gt; Termo de Compromisso &#8211; Carta aos candidatos e Prefeito (2008)\u00a0[em .<a href=\"http:\/\/lurdinha.org\/docs-donana\/Termo-de-Compromisso-Carta-aos-prefeitos.doc\" target=\"_blank\">pdf<\/a>\u00a0| em\u00a0<a href=\"http:\/\/lurdinha.org\/docs-donana\/Termo-de-Compromisso-Carta-aos-prefeitos.pdf\" target=\"_blank\">arquivo de texto<\/a>]<\/p>\n","protected":false},"excerpt":{"rendered":"<p>Pra ajudar nos debates, pra conhecer o hist\u00f3rico dessa conversa, pra registro, pra circular informa\u00e7\u00e3o&#8230;.<\/p>\n","protected":false},"author":2,"featured_media":0,"comment_status":"open","ping_status":"closed","sticky":false,"template":"","format":"standard","meta":{"footnotes":""},"categories":[121,9],"tags":[12,729,710,11,685],"class_list":["post-4903","post","type-post","status-publish","format-standard","hentry","category-download","category-historia","tag-baixada-fluminense","tag-conferencia-municipal-de-cultura","tag-cultura-em-caxias","tag-duque-de-caxias","tag-politica-cultural"],"yoast_head":"<!-- This site is optimized with the Yoast SEO plugin v27.5 - https:\/\/yoast.com\/product\/yoast-seo-wordpress\/ -->\n<title>Relat\u00f3rios das Confer\u00eancias Municipais de Cultura e outros documentos sobre pol\u00edtica cultural em Duque de Caxias - Lurdinha - Duque de Caxias para Est\u00f4magos Fortes<\/title>\n<meta name=\"robots\" content=\"index, follow, max-snippet:-1, max-image-preview:large, max-video-preview:-1\" \/>\n<link rel=\"canonical\" href=\"https:\/\/lurdinha.org\/site\/relatorios-das-conferencias-municipais-de-cultura-e-outros-documentos-sobre-politica-cultural-em-duque-de-caxias\/\" \/>\n<meta property=\"og:locale\" content=\"pt_BR\" \/>\n<meta property=\"og:type\" content=\"article\" \/>\n<meta property=\"og:title\" content=\"Relat\u00f3rios das Confer\u00eancias Municipais de Cultura e outros documentos sobre pol\u00edtica cultural em Duque de Caxias - Lurdinha - Duque de Caxias para Est\u00f4magos Fortes\" \/>\n<meta property=\"og:description\" content=\"Pra ajudar nos debates, pra conhecer o hist\u00f3rico dessa conversa, pra registro, pra circular informa\u00e7\u00e3o....\" \/>\n<meta property=\"og:url\" content=\"https:\/\/lurdinha.org\/site\/relatorios-das-conferencias-municipais-de-cultura-e-outros-documentos-sobre-politica-cultural-em-duque-de-caxias\/\" \/>\n<meta property=\"og:site_name\" content=\"Lurdinha - Duque de Caxias para Est\u00f4magos Fortes\" \/>\n<meta property=\"article:publisher\" content=\"https:\/\/www.facebook.com\/LurdinhadeCaxias\" \/>\n<meta property=\"article:author\" content=\"botocudo\" \/>\n<meta property=\"article:published_time\" content=\"2014-08-18T19:48:07+00:00\" \/>\n<meta property=\"article:modified_time\" content=\"2014-08-25T05:55:35+00:00\" \/>\n<meta name=\"author\" content=\"heraldo hb\" \/>\n<meta name=\"twitter:card\" content=\"summary_large_image\" \/>\n<meta name=\"twitter:label1\" content=\"Escrito por\" \/>\n\t<meta name=\"twitter:data1\" content=\"heraldo hb\" \/>\n\t<meta name=\"twitter:label2\" content=\"Est. tempo de leitura\" \/>\n\t<meta name=\"twitter:data2\" content=\"1 minuto\" \/>\n<script type=\"application\/ld+json\" class=\"yoast-schema-graph\">{\"@context\":\"https:\\\/\\\/schema.org\",\"@graph\":[{\"@type\":\"Article\",\"@id\":\"https:\\\/\\\/lurdinha.org\\\/site\\\/relatorios-das-conferencias-municipais-de-cultura-e-outros-documentos-sobre-politica-cultural-em-duque-de-caxias\\\/#article\",\"isPartOf\":{\"@id\":\"https:\\\/\\\/lurdinha.org\\\/site\\\/relatorios-das-conferencias-municipais-de-cultura-e-outros-documentos-sobre-politica-cultural-em-duque-de-caxias\\\/\"},\"author\":{\"name\":\"heraldo hb\",\"@id\":\"https:\\\/\\\/lurdinha.org\\\/site\\\/#\\\/schema\\\/person\\\/b833bb6a7f82598bf0e95e4c30874251\"},\"headline\":\"Relat\u00f3rios das Confer\u00eancias Municipais de Cultura e outros documentos sobre pol\u00edtica cultural em Duque de Caxias\",\"datePublished\":\"2014-08-18T19:48:07+00:00\",\"dateModified\":\"2014-08-25T05:55:35+00:00\",\"mainEntityOfPage\":{\"@id\":\"https:\\\/\\\/lurdinha.org\\\/site\\\/relatorios-das-conferencias-municipais-de-cultura-e-outros-documentos-sobre-politica-cultural-em-duque-de-caxias\\\/\"},\"wordCount\":196,\"commentCount\":0,\"publisher\":{\"@id\":\"https:\\\/\\\/lurdinha.org\\\/site\\\/#organization\"},\"keywords\":[\"baixada-fluminense\",\"confer\u00eancia municipal de cultura\",\"cultura em caxias\",\"duque-de-caxias\",\"pol\u00edtica cultural\"],\"articleSection\":[\"download\",\"hist\u00f3ria\"],\"inLanguage\":\"pt-BR\",\"potentialAction\":[{\"@type\":\"CommentAction\",\"name\":\"Comment\",\"target\":[\"https:\\\/\\\/lurdinha.org\\\/site\\\/relatorios-das-conferencias-municipais-de-cultura-e-outros-documentos-sobre-politica-cultural-em-duque-de-caxias\\\/#respond\"]}]},{\"@type\":\"WebPage\",\"@id\":\"https:\\\/\\\/lurdinha.org\\\/site\\\/relatorios-das-conferencias-municipais-de-cultura-e-outros-documentos-sobre-politica-cultural-em-duque-de-caxias\\\/\",\"url\":\"https:\\\/\\\/lurdinha.org\\\/site\\\/relatorios-das-conferencias-municipais-de-cultura-e-outros-documentos-sobre-politica-cultural-em-duque-de-caxias\\\/\",\"name\":\"Relat\u00f3rios das Confer\u00eancias Municipais de Cultura e outros documentos sobre pol\u00edtica cultural em Duque de Caxias - Lurdinha - Duque de Caxias para Est\u00f4magos Fortes\",\"isPartOf\":{\"@id\":\"https:\\\/\\\/lurdinha.org\\\/site\\\/#website\"},\"datePublished\":\"2014-08-18T19:48:07+00:00\",\"dateModified\":\"2014-08-25T05:55:35+00:00\",\"breadcrumb\":{\"@id\":\"https:\\\/\\\/lurdinha.org\\\/site\\\/relatorios-das-conferencias-municipais-de-cultura-e-outros-documentos-sobre-politica-cultural-em-duque-de-caxias\\\/#breadcrumb\"},\"inLanguage\":\"pt-BR\",\"potentialAction\":[{\"@type\":\"ReadAction\",\"target\":[\"https:\\\/\\\/lurdinha.org\\\/site\\\/relatorios-das-conferencias-municipais-de-cultura-e-outros-documentos-sobre-politica-cultural-em-duque-de-caxias\\\/\"]}]},{\"@type\":\"BreadcrumbList\",\"@id\":\"https:\\\/\\\/lurdinha.org\\\/site\\\/relatorios-das-conferencias-municipais-de-cultura-e-outros-documentos-sobre-politica-cultural-em-duque-de-caxias\\\/#breadcrumb\",\"itemListElement\":[{\"@type\":\"ListItem\",\"position\":1,\"name\":\"In\u00edcio\",\"item\":\"https:\\\/\\\/lurdinha.org\\\/site\\\/\"},{\"@type\":\"ListItem\",\"position\":2,\"name\":\"Relat\u00f3rios das Confer\u00eancias Municipais de Cultura e outros documentos sobre pol\u00edtica cultural em Duque de Caxias\"}]},{\"@type\":\"WebSite\",\"@id\":\"https:\\\/\\\/lurdinha.org\\\/site\\\/#website\",\"url\":\"https:\\\/\\\/lurdinha.org\\\/site\\\/\",\"name\":\"Lurdinha - Duque de Caxias para Est\u00f4magos Fortes\",\"description\":\"Site sobre Arte, Cultura, Pol\u00edtica, Sociedade e curiosidades da cidade de Duque de Caxias, RJ\",\"publisher\":{\"@id\":\"https:\\\/\\\/lurdinha.org\\\/site\\\/#organization\"},\"alternateName\":\"Lurdinha\",\"potentialAction\":[{\"@type\":\"SearchAction\",\"target\":{\"@type\":\"EntryPoint\",\"urlTemplate\":\"https:\\\/\\\/lurdinha.org\\\/site\\\/?s={search_term_string}\"},\"query-input\":{\"@type\":\"PropertyValueSpecification\",\"valueRequired\":true,\"valueName\":\"search_term_string\"}}],\"inLanguage\":\"pt-BR\"},{\"@type\":\"Organization\",\"@id\":\"https:\\\/\\\/lurdinha.org\\\/site\\\/#organization\",\"name\":\"Lurdinha de Caxias\",\"url\":\"https:\\\/\\\/lurdinha.org\\\/site\\\/\",\"logo\":{\"@type\":\"ImageObject\",\"inLanguage\":\"pt-BR\",\"@id\":\"https:\\\/\\\/lurdinha.org\\\/site\\\/#\\\/schema\\\/logo\\\/image\\\/\",\"url\":\"https:\\\/\\\/lurdinha.org\\\/site\\\/wp-content\\\/uploads\\\/logo-lurdinha.jpg\",\"contentUrl\":\"https:\\\/\\\/lurdinha.org\\\/site\\\/wp-content\\\/uploads\\\/logo-lurdinha.jpg\",\"width\":640,\"height\":60,\"caption\":\"Lurdinha de Caxias\"},\"image\":{\"@id\":\"https:\\\/\\\/lurdinha.org\\\/site\\\/#\\\/schema\\\/logo\\\/image\\\/\"},\"sameAs\":[\"https:\\\/\\\/www.facebook.com\\\/LurdinhadeCaxias\",\"https:\\\/\\\/www.instagram.com\\\/lurdinhadecaxias\"]},{\"@type\":\"Person\",\"@id\":\"https:\\\/\\\/lurdinha.org\\\/site\\\/#\\\/schema\\\/person\\\/b833bb6a7f82598bf0e95e4c30874251\",\"name\":\"heraldo hb\",\"image\":{\"@type\":\"ImageObject\",\"inLanguage\":\"pt-BR\",\"@id\":\"https:\\\/\\\/secure.gravatar.com\\\/avatar\\\/5de9fe99c72cb6885bbdaa24b1c5738b0f673d265de18720fae7463d5f47b48d?s=96&d=mm&r=g\",\"url\":\"https:\\\/\\\/secure.gravatar.com\\\/avatar\\\/5de9fe99c72cb6885bbdaa24b1c5738b0f673d265de18720fae7463d5f47b48d?s=96&d=mm&r=g\",\"contentUrl\":\"https:\\\/\\\/secure.gravatar.com\\\/avatar\\\/5de9fe99c72cb6885bbdaa24b1c5738b0f673d265de18720fae7463d5f47b48d?s=96&d=mm&r=g\",\"caption\":\"heraldo hb\"},\"description\":\"Cineasta, animador cultural, escritor e educador nascido no s\u00e9culo XX\",\"sameAs\":[\"http:\\\/\\\/wwww.relinkare.org\",\"botocudo\",\"heraldohb\",\"relinkare\"],\"url\":\"https:\\\/\\\/lurdinha.org\\\/site\\\/author\\\/heraldohb\\\/\"}]}<\/script>\n<!-- \/ Yoast SEO plugin. -->","yoast_head_json":{"title":"Relat\u00f3rios das Confer\u00eancias Municipais de Cultura e outros documentos sobre pol\u00edtica cultural em Duque de Caxias - Lurdinha - Duque de Caxias para Est\u00f4magos Fortes","robots":{"index":"index","follow":"follow","max-snippet":"max-snippet:-1","max-image-preview":"max-image-preview:large","max-video-preview":"max-video-preview:-1"},"canonical":"https:\/\/lurdinha.org\/site\/relatorios-das-conferencias-municipais-de-cultura-e-outros-documentos-sobre-politica-cultural-em-duque-de-caxias\/","og_locale":"pt_BR","og_type":"article","og_title":"Relat\u00f3rios das Confer\u00eancias Municipais de Cultura e outros documentos sobre pol\u00edtica cultural em Duque de Caxias - Lurdinha - Duque de Caxias para Est\u00f4magos Fortes","og_description":"Pra ajudar nos debates, pra conhecer o hist\u00f3rico dessa conversa, pra registro, pra circular informa\u00e7\u00e3o....","og_url":"https:\/\/lurdinha.org\/site\/relatorios-das-conferencias-municipais-de-cultura-e-outros-documentos-sobre-politica-cultural-em-duque-de-caxias\/","og_site_name":"Lurdinha - Duque de Caxias para Est\u00f4magos Fortes","article_publisher":"https:\/\/www.facebook.com\/LurdinhadeCaxias","article_author":"botocudo","article_published_time":"2014-08-18T19:48:07+00:00","article_modified_time":"2014-08-25T05:55:35+00:00","author":"heraldo hb","twitter_card":"summary_large_image","twitter_misc":{"Escrito por":"heraldo hb","Est. tempo de leitura":"1 minuto"},"schema":{"@context":"https:\/\/schema.org","@graph":[{"@type":"Article","@id":"https:\/\/lurdinha.org\/site\/relatorios-das-conferencias-municipais-de-cultura-e-outros-documentos-sobre-politica-cultural-em-duque-de-caxias\/#article","isPartOf":{"@id":"https:\/\/lurdinha.org\/site\/relatorios-das-conferencias-municipais-de-cultura-e-outros-documentos-sobre-politica-cultural-em-duque-de-caxias\/"},"author":{"name":"heraldo hb","@id":"https:\/\/lurdinha.org\/site\/#\/schema\/person\/b833bb6a7f82598bf0e95e4c30874251"},"headline":"Relat\u00f3rios das Confer\u00eancias Municipais de Cultura e outros documentos sobre pol\u00edtica cultural em Duque de Caxias","datePublished":"2014-08-18T19:48:07+00:00","dateModified":"2014-08-25T05:55:35+00:00","mainEntityOfPage":{"@id":"https:\/\/lurdinha.org\/site\/relatorios-das-conferencias-municipais-de-cultura-e-outros-documentos-sobre-politica-cultural-em-duque-de-caxias\/"},"wordCount":196,"commentCount":0,"publisher":{"@id":"https:\/\/lurdinha.org\/site\/#organization"},"keywords":["baixada-fluminense","confer\u00eancia municipal de cultura","cultura em caxias","duque-de-caxias","pol\u00edtica cultural"],"articleSection":["download","hist\u00f3ria"],"inLanguage":"pt-BR","potentialAction":[{"@type":"CommentAction","name":"Comment","target":["https:\/\/lurdinha.org\/site\/relatorios-das-conferencias-municipais-de-cultura-e-outros-documentos-sobre-politica-cultural-em-duque-de-caxias\/#respond"]}]},{"@type":"WebPage","@id":"https:\/\/lurdinha.org\/site\/relatorios-das-conferencias-municipais-de-cultura-e-outros-documentos-sobre-politica-cultural-em-duque-de-caxias\/","url":"https:\/\/lurdinha.org\/site\/relatorios-das-conferencias-municipais-de-cultura-e-outros-documentos-sobre-politica-cultural-em-duque-de-caxias\/","name":"Relat\u00f3rios das Confer\u00eancias Municipais de Cultura e outros documentos sobre pol\u00edtica cultural em Duque de Caxias - Lurdinha - Duque de Caxias para Est\u00f4magos Fortes","isPartOf":{"@id":"https:\/\/lurdinha.org\/site\/#website"},"datePublished":"2014-08-18T19:48:07+00:00","dateModified":"2014-08-25T05:55:35+00:00","breadcrumb":{"@id":"https:\/\/lurdinha.org\/site\/relatorios-das-conferencias-municipais-de-cultura-e-outros-documentos-sobre-politica-cultural-em-duque-de-caxias\/#breadcrumb"},"inLanguage":"pt-BR","potentialAction":[{"@type":"ReadAction","target":["https:\/\/lurdinha.org\/site\/relatorios-das-conferencias-municipais-de-cultura-e-outros-documentos-sobre-politica-cultural-em-duque-de-caxias\/"]}]},{"@type":"BreadcrumbList","@id":"https:\/\/lurdinha.org\/site\/relatorios-das-conferencias-municipais-de-cultura-e-outros-documentos-sobre-politica-cultural-em-duque-de-caxias\/#breadcrumb","itemListElement":[{"@type":"ListItem","position":1,"name":"In\u00edcio","item":"https:\/\/lurdinha.org\/site\/"},{"@type":"ListItem","position":2,"name":"Relat\u00f3rios das Confer\u00eancias Municipais de Cultura e outros documentos sobre pol\u00edtica cultural em Duque de Caxias"}]},{"@type":"WebSite","@id":"https:\/\/lurdinha.org\/site\/#website","url":"https:\/\/lurdinha.org\/site\/","name":"Lurdinha - Duque de Caxias para Est\u00f4magos Fortes","description":"Site sobre Arte, Cultura, Pol\u00edtica, Sociedade e curiosidades da cidade de Duque de Caxias, RJ","publisher":{"@id":"https:\/\/lurdinha.org\/site\/#organization"},"alternateName":"Lurdinha","potentialAction":[{"@type":"SearchAction","target":{"@type":"EntryPoint","urlTemplate":"https:\/\/lurdinha.org\/site\/?s={search_term_string}"},"query-input":{"@type":"PropertyValueSpecification","valueRequired":true,"valueName":"search_term_string"}}],"inLanguage":"pt-BR"},{"@type":"Organization","@id":"https:\/\/lurdinha.org\/site\/#organization","name":"Lurdinha de Caxias","url":"https:\/\/lurdinha.org\/site\/","logo":{"@type":"ImageObject","inLanguage":"pt-BR","@id":"https:\/\/lurdinha.org\/site\/#\/schema\/logo\/image\/","url":"https:\/\/lurdinha.org\/site\/wp-content\/uploads\/logo-lurdinha.jpg","contentUrl":"https:\/\/lurdinha.org\/site\/wp-content\/uploads\/logo-lurdinha.jpg","width":640,"height":60,"caption":"Lurdinha de Caxias"},"image":{"@id":"https:\/\/lurdinha.org\/site\/#\/schema\/logo\/image\/"},"sameAs":["https:\/\/www.facebook.com\/LurdinhadeCaxias","https:\/\/www.instagram.com\/lurdinhadecaxias"]},{"@type":"Person","@id":"https:\/\/lurdinha.org\/site\/#\/schema\/person\/b833bb6a7f82598bf0e95e4c30874251","name":"heraldo hb","image":{"@type":"ImageObject","inLanguage":"pt-BR","@id":"https:\/\/secure.gravatar.com\/avatar\/5de9fe99c72cb6885bbdaa24b1c5738b0f673d265de18720fae7463d5f47b48d?s=96&d=mm&r=g","url":"https:\/\/secure.gravatar.com\/avatar\/5de9fe99c72cb6885bbdaa24b1c5738b0f673d265de18720fae7463d5f47b48d?s=96&d=mm&r=g","contentUrl":"https:\/\/secure.gravatar.com\/avatar\/5de9fe99c72cb6885bbdaa24b1c5738b0f673d265de18720fae7463d5f47b48d?s=96&d=mm&r=g","caption":"heraldo hb"},"description":"Cineasta, animador cultural, escritor e educador nascido no s\u00e9culo XX","sameAs":["http:\/\/wwww.relinkare.org","botocudo","heraldohb","relinkare"],"url":"https:\/\/lurdinha.org\/site\/author\/heraldohb\/"}]}},"views":2796,"_links":{"self":[{"href":"https:\/\/lurdinha.org\/site\/wp-json\/wp\/v2\/posts\/4903","targetHints":{"allow":["GET"]}}],"collection":[{"href":"https:\/\/lurdinha.org\/site\/wp-json\/wp\/v2\/posts"}],"about":[{"href":"https:\/\/lurdinha.org\/site\/wp-json\/wp\/v2\/types\/post"}],"author":[{"embeddable":true,"href":"https:\/\/lurdinha.org\/site\/wp-json\/wp\/v2\/users\/2"}],"replies":[{"embeddable":true,"href":"https:\/\/lurdinha.org\/site\/wp-json\/wp\/v2\/comments?post=4903"}],"version-history":[{"count":7,"href":"https:\/\/lurdinha.org\/site\/wp-json\/wp\/v2\/posts\/4903\/revisions"}],"predecessor-version":[{"id":4927,"href":"https:\/\/lurdinha.org\/site\/wp-json\/wp\/v2\/posts\/4903\/revisions\/4927"}],"wp:attachment":[{"href":"https:\/\/lurdinha.org\/site\/wp-json\/wp\/v2\/media?parent=4903"}],"wp:term":[{"taxonomy":"category","embeddable":true,"href":"https:\/\/lurdinha.org\/site\/wp-json\/wp\/v2\/categories?post=4903"},{"taxonomy":"post_tag","embeddable":true,"href":"https:\/\/lurdinha.org\/site\/wp-json\/wp\/v2\/tags?post=4903"}],"curies":[{"name":"wp","href":"https:\/\/api.w.org\/{rel}","templated":true}]}}