{"id":4519,"date":"2014-04-28T23:32:58","date_gmt":"2014-04-28T23:32:58","guid":{"rendered":"http:\/\/lurdinha.org\/site\/?p=4519"},"modified":"2014-04-29T14:00:32","modified_gmt":"2014-04-29T14:00:32","slug":"pra-anotar-programacao-intensa-do-dia-da-baixada-em-caxias","status":"publish","type":"post","link":"https:\/\/lurdinha.org\/site\/pra-anotar-programacao-intensa-do-dia-da-baixada-em-caxias\/","title":{"rendered":"Pra anotar: programa\u00e7\u00e3o intensa do Dia da Baixada em Caxias"},"content":{"rendered":"<p>A pr\u00f3xima quarta-feira, 30 de abril, \u00e9 a comemora\u00e7\u00e3o do Dia da Baixada, e nesse ano v\u00e1rios eventos bastante significativos n\u00e3o v\u00e3o deixar a data passar em branco em Caxias. A comemora\u00e7\u00e3o do dia surgiu dos encontros que originaram o F\u00f3rum Cultural da Baixada, em 2001, e faz refer\u00eancia \u00a0\u00e0 inaugura\u00e7\u00e3o da primeira Estrada de Ferro constru\u00edda no Brasil, em 1854, que ligava o Porto de Mau\u00e1 (Esta\u00e7\u00e3o Guia de Pacoba\u00edba) \u00e0 regi\u00e3o de Fragoso, no p\u00e9 da Serra de Petr\u00f3polis.<\/p>\n<p><strong>Confira aqui o que vai rolar em Dallas City:<\/strong><\/p>\n<p><strong>=&gt; Territ\u00f3rio Baixada<\/strong><br \/>\n<a href=\"http:\/\/lurdinha.org\/site\/wp-content\/uploads\/territoriobaixadapeq.jpg\"><img loading=\"lazy\" decoding=\"async\" class=\"alignleft size-full wp-image-4529\" alt=\"territoriobaixadapeq\" src=\"http:\/\/lurdinha.org\/site\/wp-content\/uploads\/territoriobaixadapeq.jpg\" width=\"220\" height=\"99\" \/><\/a>O projeto Territ\u00f3rio Baixada abre seu Ciclo de Encontros no dia 30, a partir das 18h, com o debate Mapa-M\u00fandi Daqui: Rotas que Inspiram com os coletivos Desmaio P\u00fabliko, Imagin\u00e1rio Perif\u00e9rico e TV Maxambomba, todos realizadores de a\u00e7\u00f5es e movimentos est\u00e9ticos na regi\u00e3o desde as d\u00e9cadas de 80 e 90. Ap\u00f3s o debate, ser\u00e1 aberta a Exposi\u00e7\u00e3o Percursos da Resist\u00eancia que homenageia a historia dos tr\u00eas grupos.<br \/>\nOnde: no SESI Caxias, 25 de Agosto, 18h<br \/>\nEntrada franca<br \/>\nPrograma\u00e7\u00e3o completa:\u00a0<a href=\"http:\/\/lurdinha.org\/site\/?p=4500\" target=\"_blank\">http:\/\/lurdinha.org\/site\/?p=4500<\/a><\/p>\n<p>.<\/p>\n<p><strong><strong>=&gt;\u00a0<\/strong>Lecy Brand\u00e3o e Bira da Vila<\/strong><br \/>\n<a href=\"http:\/\/lurdinha.org\/site\/wp-content\/uploads\/SescDiadaBaixada.jpg\"><img loading=\"lazy\" decoding=\"async\" class=\"alignleft size-full wp-image-4526\" alt=\"Leci Brand\u00e3o e Bira da Vila\" src=\"http:\/\/lurdinha.org\/site\/wp-content\/uploads\/SescDiadaBaixada.jpg\" width=\"220\" height=\"174\" \/><\/a>O cantor e compositor caxiense Bira da Vila subir\u00e1 ao palco \u00e0s 18h30, para apresentar o show &#8220;15 anos do meu samba&#8221;. Al\u00e9m de m\u00fasicas do \u00e1lbum hom\u00f4nimo, ele cantar\u00e1 sucesso de compositores que influenciaram seu jeito de compor.Encerrando a programa\u00e7\u00e3o, a cantora Leci Brand\u00e3o apresenta, \u00e0s 20h, cl\u00e1ssicos da sua brilhante carreira.<br \/>\nOnde: no teatro Raul Cortez, no Centro, a partir das 18h30min<br \/>\nPrograma\u00e7\u00e3o completa:\u00a0<a href=\"http:\/\/blogdoandredeoliveira.blogspot.com.br\/2014\/04\/dia-da-baixada-sera-comemorado-em.html\" target=\"_blank\">http:\/\/blogdoandredeoliveira.blogspot.com.br\/2014\/04\/dia-da-baixada-sera-comemorado-em.html<\/a><br \/>\nEntrada franca<\/p>\n<p>&nbsp;<\/p>\n<p>.<\/p>\n<p><strong><strong>=&gt;\u00a0<\/strong>Lan\u00e7amento do livro da professora Marlucia Santos de Souza<\/strong><\/p>\n<p><a href=\"http:\/\/lurdinha.org\/site\/wp-content\/uploads\/escavando-o-passadopeq.jpg\"><img loading=\"lazy\" decoding=\"async\" class=\"alignleft size-full wp-image-4527\" alt=\"escavando o passado Duque de Caxias - Marlucia Santos de Sousa\" src=\"http:\/\/lurdinha.org\/site\/wp-content\/uploads\/escavando-o-passadopeq.jpg\" width=\"220\" height=\"306\" srcset=\"https:\/\/lurdinha.org\/site\/wp-content\/uploads\/escavando-o-passadopeq.jpg 220w, https:\/\/lurdinha.org\/site\/wp-content\/uploads\/escavando-o-passadopeq-215x300.jpg 215w\" sizes=\"auto, (max-width: 220px) 100vw, 220px\" \/><\/a>Texto daqueles fundamentais para entender a cidade, a tese de mestrado\u00a0&#8220;Escavando o Passado da Cidade : Hist\u00f3ria Pol\u00edtica da Cidade de Duque de Caxias&#8221; virou livro e ser\u00e1 lan\u00e7ado nesta quarta tamb\u00e9m.<br \/>\nOnde: na Feuduc, no S\u00e3o Bento &#8211; 19h<br \/>\nEntrada franca<br \/>\nMais:\u00a0<a href=\"http:\/\/lurdinha.org\/site\/?p=4536\">http:\/\/lurdinha.org\/site\/?p=4536<\/a><\/p>\n<p>&nbsp;<\/p>\n<p>&nbsp;<\/p>\n<p>&nbsp;<\/p>\n<p>&nbsp;<\/p>\n<p>&nbsp;<\/p>\n<p>&nbsp;<\/p>\n<p>&nbsp;<\/p>\n<p>&nbsp;<\/p>\n<p>.<\/p>\n<p><strong><strong>=&gt;\u00a0<\/strong>Sess\u00e3o especial do cineclube Mate Com Angu<\/strong><\/p>\n<p><a href=\"http:\/\/lurdinha.org\/site\/wp-content\/uploads\/cabecalho-matepeq.jpg\"><img loading=\"lazy\" decoding=\"async\" class=\"alignleft size-full wp-image-4530\" alt=\"mate com angu dia da baixada\" src=\"http:\/\/lurdinha.org\/site\/wp-content\/uploads\/cabecalho-matepeq.jpg\" width=\"220\" height=\"81\" \/><\/a>Estreia da nova produ\u00e7\u00e3o do grupo, o doc Donana; exposi\u00e7\u00e3o Baixada 32 MP, de Igor Freitas Lima,\u00a0<span style=\"line-height: 1.5em;\">shows com Tree&#8221; e Dida Nascimento; fechando com festa sob comando do DJ Rodrigo Cavalcanti.<br \/>\n<\/span>Onde: na Lira de Ouro, no Centro, a partir das 21h<br \/>\nEntrada franca<br \/>\nPrograma\u00e7\u00e3o completa: <a href=\"http:\/\/matecomangu.org\/site\/?p=1460\" target=\"_blank\">http:\/\/matecomangu.org\/site\/?p=1460<\/a><\/p>\n<p>&nbsp;<\/p>\n","protected":false},"excerpt":{"rendered":"<p>A pr\u00f3xima quarta-feira, 30 de abril, \u00e9 a comemora\u00e7\u00e3o do Dia da Baixada, e nesse&#8230;<\/p>\n","protected":false},"author":2,"featured_media":0,"comment_status":"open","ping_status":"closed","sticky":false,"template":"","format":"standard","meta":{"footnotes":""},"categories":[8,5],"tags":[318,113,146,11,342,68,672],"class_list":["post-4519","post","type-post","status-publish","format-standard","hentry","category-evento","category-umaboa","tag-baixada-flumimense","tag-bira-da-vila","tag-dia-da-baixada","tag-duque-de-caxias","tag-marlucia-santos-de-souza","tag-mate-com-angu","tag-territorio-baixada"],"yoast_head":"<!-- This site is optimized with the Yoast SEO plugin v27.5 - https:\/\/yoast.com\/product\/yoast-seo-wordpress\/ -->\n<title>Pra anotar: programa\u00e7\u00e3o intensa do Dia da Baixada em Caxias - Lurdinha - Duque de Caxias para Est\u00f4magos Fortes<\/title>\n<meta name=\"robots\" content=\"index, follow, max-snippet:-1, max-image-preview:large, max-video-preview:-1\" \/>\n<link rel=\"canonical\" href=\"https:\/\/lurdinha.org\/site\/pra-anotar-programacao-intensa-do-dia-da-baixada-em-caxias\/\" \/>\n<meta property=\"og:locale\" content=\"pt_BR\" \/>\n<meta property=\"og:type\" content=\"article\" \/>\n<meta property=\"og:title\" content=\"Pra anotar: programa\u00e7\u00e3o intensa do Dia da Baixada em Caxias - Lurdinha - Duque de Caxias para Est\u00f4magos Fortes\" \/>\n<meta property=\"og:description\" content=\"A pr\u00f3xima quarta-feira, 30 de abril, \u00e9 a comemora\u00e7\u00e3o do Dia da Baixada, e nesse...\" \/>\n<meta property=\"og:url\" content=\"https:\/\/lurdinha.org\/site\/pra-anotar-programacao-intensa-do-dia-da-baixada-em-caxias\/\" \/>\n<meta property=\"og:site_name\" content=\"Lurdinha - Duque de Caxias para Est\u00f4magos Fortes\" \/>\n<meta property=\"article:publisher\" content=\"https:\/\/www.facebook.com\/LurdinhadeCaxias\" \/>\n<meta property=\"article:author\" content=\"botocudo\" \/>\n<meta property=\"article:published_time\" content=\"2014-04-28T23:32:58+00:00\" \/>\n<meta property=\"article:modified_time\" content=\"2014-04-29T14:00:32+00:00\" \/>\n<meta property=\"og:image\" content=\"https:\/\/lurdinha.org\/site\/wp-content\/uploads\/territoriobaixadapeq.jpg\" \/>\n\t<meta property=\"og:image:width\" content=\"220\" \/>\n\t<meta property=\"og:image:height\" content=\"99\" \/>\n\t<meta property=\"og:image:type\" content=\"image\/jpeg\" \/>\n<meta name=\"author\" content=\"heraldo hb\" \/>\n<meta name=\"twitter:card\" content=\"summary_large_image\" \/>\n<meta name=\"twitter:label1\" content=\"Escrito por\" \/>\n\t<meta name=\"twitter:data1\" content=\"heraldo hb\" \/>\n\t<meta name=\"twitter:label2\" content=\"Est. tempo de leitura\" \/>\n\t<meta name=\"twitter:data2\" content=\"2 minutos\" \/>\n<script type=\"application\/ld+json\" class=\"yoast-schema-graph\">{\"@context\":\"https:\\\/\\\/schema.org\",\"@graph\":[{\"@type\":\"Article\",\"@id\":\"https:\\\/\\\/lurdinha.org\\\/site\\\/pra-anotar-programacao-intensa-do-dia-da-baixada-em-caxias\\\/#article\",\"isPartOf\":{\"@id\":\"https:\\\/\\\/lurdinha.org\\\/site\\\/pra-anotar-programacao-intensa-do-dia-da-baixada-em-caxias\\\/\"},\"author\":{\"name\":\"heraldo hb\",\"@id\":\"https:\\\/\\\/lurdinha.org\\\/site\\\/#\\\/schema\\\/person\\\/b833bb6a7f82598bf0e95e4c30874251\"},\"headline\":\"Pra anotar: programa\u00e7\u00e3o intensa do Dia da Baixada em Caxias\",\"datePublished\":\"2014-04-28T23:32:58+00:00\",\"dateModified\":\"2014-04-29T14:00:32+00:00\",\"mainEntityOfPage\":{\"@id\":\"https:\\\/\\\/lurdinha.org\\\/site\\\/pra-anotar-programacao-intensa-do-dia-da-baixada-em-caxias\\\/\"},\"wordCount\":435,\"commentCount\":0,\"publisher\":{\"@id\":\"https:\\\/\\\/lurdinha.org\\\/site\\\/#organization\"},\"image\":{\"@id\":\"https:\\\/\\\/lurdinha.org\\\/site\\\/pra-anotar-programacao-intensa-do-dia-da-baixada-em-caxias\\\/#primaryimage\"},\"thumbnailUrl\":\"http:\\\/\\\/lurdinha.org\\\/site\\\/wp-content\\\/uploads\\\/territoriobaixadapeq.jpg\",\"keywords\":[\"Baixada Flumimense\",\"Bira da Vila\",\"Dia da Baixada\",\"duque-de-caxias\",\"Marlucia Santos de Souza\",\"Mate Com Angu\",\"territ\u00f3rio baixada\"],\"articleSection\":[\"evento\",\"uma boa\"],\"inLanguage\":\"pt-BR\",\"potentialAction\":[{\"@type\":\"CommentAction\",\"name\":\"Comment\",\"target\":[\"https:\\\/\\\/lurdinha.org\\\/site\\\/pra-anotar-programacao-intensa-do-dia-da-baixada-em-caxias\\\/#respond\"]}]},{\"@type\":\"WebPage\",\"@id\":\"https:\\\/\\\/lurdinha.org\\\/site\\\/pra-anotar-programacao-intensa-do-dia-da-baixada-em-caxias\\\/\",\"url\":\"https:\\\/\\\/lurdinha.org\\\/site\\\/pra-anotar-programacao-intensa-do-dia-da-baixada-em-caxias\\\/\",\"name\":\"Pra anotar: programa\u00e7\u00e3o intensa do Dia da Baixada em Caxias - Lurdinha - Duque de Caxias para Est\u00f4magos Fortes\",\"isPartOf\":{\"@id\":\"https:\\\/\\\/lurdinha.org\\\/site\\\/#website\"},\"primaryImageOfPage\":{\"@id\":\"https:\\\/\\\/lurdinha.org\\\/site\\\/pra-anotar-programacao-intensa-do-dia-da-baixada-em-caxias\\\/#primaryimage\"},\"image\":{\"@id\":\"https:\\\/\\\/lurdinha.org\\\/site\\\/pra-anotar-programacao-intensa-do-dia-da-baixada-em-caxias\\\/#primaryimage\"},\"thumbnailUrl\":\"http:\\\/\\\/lurdinha.org\\\/site\\\/wp-content\\\/uploads\\\/territoriobaixadapeq.jpg\",\"datePublished\":\"2014-04-28T23:32:58+00:00\",\"dateModified\":\"2014-04-29T14:00:32+00:00\",\"breadcrumb\":{\"@id\":\"https:\\\/\\\/lurdinha.org\\\/site\\\/pra-anotar-programacao-intensa-do-dia-da-baixada-em-caxias\\\/#breadcrumb\"},\"inLanguage\":\"pt-BR\",\"potentialAction\":[{\"@type\":\"ReadAction\",\"target\":[\"https:\\\/\\\/lurdinha.org\\\/site\\\/pra-anotar-programacao-intensa-do-dia-da-baixada-em-caxias\\\/\"]}]},{\"@type\":\"ImageObject\",\"inLanguage\":\"pt-BR\",\"@id\":\"https:\\\/\\\/lurdinha.org\\\/site\\\/pra-anotar-programacao-intensa-do-dia-da-baixada-em-caxias\\\/#primaryimage\",\"url\":\"https:\\\/\\\/lurdinha.org\\\/site\\\/wp-content\\\/uploads\\\/territoriobaixadapeq.jpg\",\"contentUrl\":\"https:\\\/\\\/lurdinha.org\\\/site\\\/wp-content\\\/uploads\\\/territoriobaixadapeq.jpg\",\"width\":220,\"height\":99},{\"@type\":\"BreadcrumbList\",\"@id\":\"https:\\\/\\\/lurdinha.org\\\/site\\\/pra-anotar-programacao-intensa-do-dia-da-baixada-em-caxias\\\/#breadcrumb\",\"itemListElement\":[{\"@type\":\"ListItem\",\"position\":1,\"name\":\"In\u00edcio\",\"item\":\"https:\\\/\\\/lurdinha.org\\\/site\\\/\"},{\"@type\":\"ListItem\",\"position\":2,\"name\":\"Pra anotar: programa\u00e7\u00e3o intensa do Dia da Baixada em Caxias\"}]},{\"@type\":\"WebSite\",\"@id\":\"https:\\\/\\\/lurdinha.org\\\/site\\\/#website\",\"url\":\"https:\\\/\\\/lurdinha.org\\\/site\\\/\",\"name\":\"Lurdinha - Duque de Caxias para Est\u00f4magos Fortes\",\"description\":\"Site sobre Arte, Cultura, Pol\u00edtica, Sociedade e curiosidades da cidade de Duque de Caxias, RJ\",\"publisher\":{\"@id\":\"https:\\\/\\\/lurdinha.org\\\/site\\\/#organization\"},\"alternateName\":\"Lurdinha\",\"potentialAction\":[{\"@type\":\"SearchAction\",\"target\":{\"@type\":\"EntryPoint\",\"urlTemplate\":\"https:\\\/\\\/lurdinha.org\\\/site\\\/?s={search_term_string}\"},\"query-input\":{\"@type\":\"PropertyValueSpecification\",\"valueRequired\":true,\"valueName\":\"search_term_string\"}}],\"inLanguage\":\"pt-BR\"},{\"@type\":\"Organization\",\"@id\":\"https:\\\/\\\/lurdinha.org\\\/site\\\/#organization\",\"name\":\"Lurdinha de Caxias\",\"url\":\"https:\\\/\\\/lurdinha.org\\\/site\\\/\",\"logo\":{\"@type\":\"ImageObject\",\"inLanguage\":\"pt-BR\",\"@id\":\"https:\\\/\\\/lurdinha.org\\\/site\\\/#\\\/schema\\\/logo\\\/image\\\/\",\"url\":\"https:\\\/\\\/lurdinha.org\\\/site\\\/wp-content\\\/uploads\\\/logo-lurdinha.jpg\",\"contentUrl\":\"https:\\\/\\\/lurdinha.org\\\/site\\\/wp-content\\\/uploads\\\/logo-lurdinha.jpg\",\"width\":640,\"height\":60,\"caption\":\"Lurdinha de Caxias\"},\"image\":{\"@id\":\"https:\\\/\\\/lurdinha.org\\\/site\\\/#\\\/schema\\\/logo\\\/image\\\/\"},\"sameAs\":[\"https:\\\/\\\/www.facebook.com\\\/LurdinhadeCaxias\",\"https:\\\/\\\/www.instagram.com\\\/lurdinhadecaxias\"]},{\"@type\":\"Person\",\"@id\":\"https:\\\/\\\/lurdinha.org\\\/site\\\/#\\\/schema\\\/person\\\/b833bb6a7f82598bf0e95e4c30874251\",\"name\":\"heraldo hb\",\"image\":{\"@type\":\"ImageObject\",\"inLanguage\":\"pt-BR\",\"@id\":\"https:\\\/\\\/secure.gravatar.com\\\/avatar\\\/5de9fe99c72cb6885bbdaa24b1c5738b0f673d265de18720fae7463d5f47b48d?s=96&d=mm&r=g\",\"url\":\"https:\\\/\\\/secure.gravatar.com\\\/avatar\\\/5de9fe99c72cb6885bbdaa24b1c5738b0f673d265de18720fae7463d5f47b48d?s=96&d=mm&r=g\",\"contentUrl\":\"https:\\\/\\\/secure.gravatar.com\\\/avatar\\\/5de9fe99c72cb6885bbdaa24b1c5738b0f673d265de18720fae7463d5f47b48d?s=96&d=mm&r=g\",\"caption\":\"heraldo hb\"},\"description\":\"Cineasta, animador cultural, escritor e educador nascido no s\u00e9culo XX\",\"sameAs\":[\"http:\\\/\\\/wwww.relinkare.org\",\"botocudo\",\"heraldohb\",\"relinkare\"],\"url\":\"https:\\\/\\\/lurdinha.org\\\/site\\\/author\\\/heraldohb\\\/\"}]}<\/script>\n<!-- \/ Yoast SEO plugin. -->","yoast_head_json":{"title":"Pra anotar: programa\u00e7\u00e3o intensa do Dia da Baixada em Caxias - Lurdinha - Duque de Caxias para Est\u00f4magos Fortes","robots":{"index":"index","follow":"follow","max-snippet":"max-snippet:-1","max-image-preview":"max-image-preview:large","max-video-preview":"max-video-preview:-1"},"canonical":"https:\/\/lurdinha.org\/site\/pra-anotar-programacao-intensa-do-dia-da-baixada-em-caxias\/","og_locale":"pt_BR","og_type":"article","og_title":"Pra anotar: programa\u00e7\u00e3o intensa do Dia da Baixada em Caxias - Lurdinha - Duque de Caxias para Est\u00f4magos Fortes","og_description":"A pr\u00f3xima quarta-feira, 30 de abril, \u00e9 a comemora\u00e7\u00e3o do Dia da Baixada, e nesse...","og_url":"https:\/\/lurdinha.org\/site\/pra-anotar-programacao-intensa-do-dia-da-baixada-em-caxias\/","og_site_name":"Lurdinha - Duque de Caxias para Est\u00f4magos Fortes","article_publisher":"https:\/\/www.facebook.com\/LurdinhadeCaxias","article_author":"botocudo","article_published_time":"2014-04-28T23:32:58+00:00","article_modified_time":"2014-04-29T14:00:32+00:00","og_image":[{"width":220,"height":99,"url":"https:\/\/lurdinha.org\/site\/wp-content\/uploads\/territoriobaixadapeq.jpg","type":"image\/jpeg"}],"author":"heraldo hb","twitter_card":"summary_large_image","twitter_misc":{"Escrito por":"heraldo hb","Est. tempo de leitura":"2 minutos"},"schema":{"@context":"https:\/\/schema.org","@graph":[{"@type":"Article","@id":"https:\/\/lurdinha.org\/site\/pra-anotar-programacao-intensa-do-dia-da-baixada-em-caxias\/#article","isPartOf":{"@id":"https:\/\/lurdinha.org\/site\/pra-anotar-programacao-intensa-do-dia-da-baixada-em-caxias\/"},"author":{"name":"heraldo hb","@id":"https:\/\/lurdinha.org\/site\/#\/schema\/person\/b833bb6a7f82598bf0e95e4c30874251"},"headline":"Pra anotar: programa\u00e7\u00e3o intensa do Dia da Baixada em Caxias","datePublished":"2014-04-28T23:32:58+00:00","dateModified":"2014-04-29T14:00:32+00:00","mainEntityOfPage":{"@id":"https:\/\/lurdinha.org\/site\/pra-anotar-programacao-intensa-do-dia-da-baixada-em-caxias\/"},"wordCount":435,"commentCount":0,"publisher":{"@id":"https:\/\/lurdinha.org\/site\/#organization"},"image":{"@id":"https:\/\/lurdinha.org\/site\/pra-anotar-programacao-intensa-do-dia-da-baixada-em-caxias\/#primaryimage"},"thumbnailUrl":"http:\/\/lurdinha.org\/site\/wp-content\/uploads\/territoriobaixadapeq.jpg","keywords":["Baixada Flumimense","Bira da Vila","Dia da Baixada","duque-de-caxias","Marlucia Santos de Souza","Mate Com Angu","territ\u00f3rio baixada"],"articleSection":["evento","uma boa"],"inLanguage":"pt-BR","potentialAction":[{"@type":"CommentAction","name":"Comment","target":["https:\/\/lurdinha.org\/site\/pra-anotar-programacao-intensa-do-dia-da-baixada-em-caxias\/#respond"]}]},{"@type":"WebPage","@id":"https:\/\/lurdinha.org\/site\/pra-anotar-programacao-intensa-do-dia-da-baixada-em-caxias\/","url":"https:\/\/lurdinha.org\/site\/pra-anotar-programacao-intensa-do-dia-da-baixada-em-caxias\/","name":"Pra anotar: programa\u00e7\u00e3o intensa do Dia da Baixada em Caxias - Lurdinha - Duque de Caxias para Est\u00f4magos Fortes","isPartOf":{"@id":"https:\/\/lurdinha.org\/site\/#website"},"primaryImageOfPage":{"@id":"https:\/\/lurdinha.org\/site\/pra-anotar-programacao-intensa-do-dia-da-baixada-em-caxias\/#primaryimage"},"image":{"@id":"https:\/\/lurdinha.org\/site\/pra-anotar-programacao-intensa-do-dia-da-baixada-em-caxias\/#primaryimage"},"thumbnailUrl":"http:\/\/lurdinha.org\/site\/wp-content\/uploads\/territoriobaixadapeq.jpg","datePublished":"2014-04-28T23:32:58+00:00","dateModified":"2014-04-29T14:00:32+00:00","breadcrumb":{"@id":"https:\/\/lurdinha.org\/site\/pra-anotar-programacao-intensa-do-dia-da-baixada-em-caxias\/#breadcrumb"},"inLanguage":"pt-BR","potentialAction":[{"@type":"ReadAction","target":["https:\/\/lurdinha.org\/site\/pra-anotar-programacao-intensa-do-dia-da-baixada-em-caxias\/"]}]},{"@type":"ImageObject","inLanguage":"pt-BR","@id":"https:\/\/lurdinha.org\/site\/pra-anotar-programacao-intensa-do-dia-da-baixada-em-caxias\/#primaryimage","url":"https:\/\/lurdinha.org\/site\/wp-content\/uploads\/territoriobaixadapeq.jpg","contentUrl":"https:\/\/lurdinha.org\/site\/wp-content\/uploads\/territoriobaixadapeq.jpg","width":220,"height":99},{"@type":"BreadcrumbList","@id":"https:\/\/lurdinha.org\/site\/pra-anotar-programacao-intensa-do-dia-da-baixada-em-caxias\/#breadcrumb","itemListElement":[{"@type":"ListItem","position":1,"name":"In\u00edcio","item":"https:\/\/lurdinha.org\/site\/"},{"@type":"ListItem","position":2,"name":"Pra anotar: programa\u00e7\u00e3o intensa do Dia da Baixada em Caxias"}]},{"@type":"WebSite","@id":"https:\/\/lurdinha.org\/site\/#website","url":"https:\/\/lurdinha.org\/site\/","name":"Lurdinha - Duque de Caxias para Est\u00f4magos Fortes","description":"Site sobre Arte, Cultura, Pol\u00edtica, Sociedade e curiosidades da cidade de Duque de Caxias, RJ","publisher":{"@id":"https:\/\/lurdinha.org\/site\/#organization"},"alternateName":"Lurdinha","potentialAction":[{"@type":"SearchAction","target":{"@type":"EntryPoint","urlTemplate":"https:\/\/lurdinha.org\/site\/?s={search_term_string}"},"query-input":{"@type":"PropertyValueSpecification","valueRequired":true,"valueName":"search_term_string"}}],"inLanguage":"pt-BR"},{"@type":"Organization","@id":"https:\/\/lurdinha.org\/site\/#organization","name":"Lurdinha de Caxias","url":"https:\/\/lurdinha.org\/site\/","logo":{"@type":"ImageObject","inLanguage":"pt-BR","@id":"https:\/\/lurdinha.org\/site\/#\/schema\/logo\/image\/","url":"https:\/\/lurdinha.org\/site\/wp-content\/uploads\/logo-lurdinha.jpg","contentUrl":"https:\/\/lurdinha.org\/site\/wp-content\/uploads\/logo-lurdinha.jpg","width":640,"height":60,"caption":"Lurdinha de Caxias"},"image":{"@id":"https:\/\/lurdinha.org\/site\/#\/schema\/logo\/image\/"},"sameAs":["https:\/\/www.facebook.com\/LurdinhadeCaxias","https:\/\/www.instagram.com\/lurdinhadecaxias"]},{"@type":"Person","@id":"https:\/\/lurdinha.org\/site\/#\/schema\/person\/b833bb6a7f82598bf0e95e4c30874251","name":"heraldo hb","image":{"@type":"ImageObject","inLanguage":"pt-BR","@id":"https:\/\/secure.gravatar.com\/avatar\/5de9fe99c72cb6885bbdaa24b1c5738b0f673d265de18720fae7463d5f47b48d?s=96&d=mm&r=g","url":"https:\/\/secure.gravatar.com\/avatar\/5de9fe99c72cb6885bbdaa24b1c5738b0f673d265de18720fae7463d5f47b48d?s=96&d=mm&r=g","contentUrl":"https:\/\/secure.gravatar.com\/avatar\/5de9fe99c72cb6885bbdaa24b1c5738b0f673d265de18720fae7463d5f47b48d?s=96&d=mm&r=g","caption":"heraldo hb"},"description":"Cineasta, animador cultural, escritor e educador nascido no s\u00e9culo XX","sameAs":["http:\/\/wwww.relinkare.org","botocudo","heraldohb","relinkare"],"url":"https:\/\/lurdinha.org\/site\/author\/heraldohb\/"}]}},"views":3886,"_links":{"self":[{"href":"https:\/\/lurdinha.org\/site\/wp-json\/wp\/v2\/posts\/4519","targetHints":{"allow":["GET"]}}],"collection":[{"href":"https:\/\/lurdinha.org\/site\/wp-json\/wp\/v2\/posts"}],"about":[{"href":"https:\/\/lurdinha.org\/site\/wp-json\/wp\/v2\/types\/post"}],"author":[{"embeddable":true,"href":"https:\/\/lurdinha.org\/site\/wp-json\/wp\/v2\/users\/2"}],"replies":[{"embeddable":true,"href":"https:\/\/lurdinha.org\/site\/wp-json\/wp\/v2\/comments?post=4519"}],"version-history":[{"count":13,"href":"https:\/\/lurdinha.org\/site\/wp-json\/wp\/v2\/posts\/4519\/revisions"}],"predecessor-version":[{"id":4540,"href":"https:\/\/lurdinha.org\/site\/wp-json\/wp\/v2\/posts\/4519\/revisions\/4540"}],"wp:attachment":[{"href":"https:\/\/lurdinha.org\/site\/wp-json\/wp\/v2\/media?parent=4519"}],"wp:term":[{"taxonomy":"category","embeddable":true,"href":"https:\/\/lurdinha.org\/site\/wp-json\/wp\/v2\/categories?post=4519"},{"taxonomy":"post_tag","embeddable":true,"href":"https:\/\/lurdinha.org\/site\/wp-json\/wp\/v2\/tags?post=4519"}],"curies":[{"name":"wp","href":"https:\/\/api.w.org\/{rel}","templated":true}]}}