{"id":4387,"date":"2014-03-07T18:08:35","date_gmt":"2014-03-07T18:08:35","guid":{"rendered":"http:\/\/lurdinha.org\/site\/?p=4387"},"modified":"2014-03-07T18:08:55","modified_gmt":"2014-03-07T18:08:55","slug":"evento-em-caxias-mostra-ciencias-tecnologias-arte-e-povos-indigenas-no-brasil","status":"publish","type":"post","link":"https:\/\/lurdinha.org\/site\/evento-em-caxias-mostra-ciencias-tecnologias-arte-e-povos-indigenas-no-brasil\/","title":{"rendered":"Evento em Caxias mostra Ci\u00eancias, Tecnologias, Arte e Povos Ind\u00edgenas no Brasil"},"content":{"rendered":"<p><img loading=\"lazy\" decoding=\"async\" class=\"alignnone size-full wp-image-4388\" alt=\"Ci\u00eancias, Tecnologias, Arte e Povos Ind\u00edgenas no Brasil. \" src=\"http:\/\/lurdinha.org\/site\/wp-content\/uploads\/tecnologia-indigenas.jpg\" width=\"450\" height=\"614\" srcset=\"https:\/\/lurdinha.org\/site\/wp-content\/uploads\/tecnologia-indigenas.jpg 450w, https:\/\/lurdinha.org\/site\/wp-content\/uploads\/tecnologia-indigenas-220x300.jpg 220w\" sizes=\"auto, (max-width: 450px) 100vw, 450px\" \/><\/p>\n<p>Ci\u00eancias, Tecnologias, Arte e Povos Ind\u00edgenas no Brasil \u00e9 o nome do evento que acontece no dia\u00a022 de mar\u00e7o, no Museu de Ci\u00eancia e Vida, em Duque de Caxias. Confira a programa\u00e7\u00e3o:<\/p>\n<p>9h \u00e0s 12h &#8211; Mesa de conversa com:<br \/>\nGersem Baniwa: Dr. em Antropologia pela UNB, Professor Adjunto da UFAM, foi o primeiro ind\u00edgena a fazer parte do Conselho Nacional de Educa\u00e7\u00e3o, e tamb\u00e9m Coordenador Geral de Educa\u00e7\u00e3o Escolar Ind\u00edgena do Minist\u00e9rio da Educa\u00e7\u00e3o no per\u00edodo de 2008 a 2012. Como lideran\u00e7a ind\u00edgena militante foi dirigente da Federa\u00e7\u00e3o das Organiza\u00e7\u00f5es Ind\u00edgenas do Rio Negro (FOIRN), da Coordena\u00e7\u00e3o das Organiza\u00e7\u00f5es Ind\u00edgenas da Amaz\u00f4nia Brasileia (COIAB) e Diretor-Presidente do Centro Ind\u00edgena de Estudos e Pesquisas (CINEP).<\/p>\n<p>Germano Afonso: Dr. em Astronomia de Posi\u00e7\u00e3o e Mec\u00e2nica Celeste pela Universit\u00e9 Pierre et Marie Curie e p\u00f3s-doutorado em Astronomia pelo Observatoire de la Cote dAzur, Fran\u00e7a. Tem experi\u00eancia na \u00e1rea de Astronomia, com \u00eanfase em Astronomia Ind\u00edgena Brasileira. Tem sido um ator bastante atuante na populariza\u00e7\u00e3o da astronomia e da inclus\u00e3o e discuss\u00e3o dos saberes e conhecimentos de f\u00edsica e astronomia das popula\u00e7\u00f5es ind\u00edgenas no ensino de ci\u00eancias.<\/p>\n<p>13h30 \u00e0s 14h20: sess\u00e3o de planet\u00e1rio &#8220;O c\u00e9u Guarani&#8221;<br \/>\n15h30 \u00e0s 16h30: mostra de filmes realizados por cineastas ind\u00edgenas.<\/p>\n<p>DURANTE TODO O EVENTO, Feira &#8220;Literatura Infanto-Juvenil de Autoria Ind\u00edgena: conhecendo essas hist\u00f3rias&#8221;.<\/p>\n<p>Museu Ci\u00eancia e Vida<br \/>\nRua Ailton da Costa, 25 &#8211; Jardim Vinte e Cinco de Agosto, RJ, 25071-160<br \/>\n(21) 2671-7797<\/p>\n","protected":false},"excerpt":{"rendered":"<p>Ci\u00eancias, Tecnologias, Arte e Povos Ind\u00edgenas no Brasil \u00e9 o nome do evento que acontece&#8230;<\/p>\n","protected":false},"author":2,"featured_media":0,"comment_status":"open","ping_status":"closed","sticky":false,"template":"","format":"standard","meta":{"footnotes":""},"categories":[8,5],"tags":[],"class_list":["post-4387","post","type-post","status-publish","format-standard","hentry","category-evento","category-umaboa"],"yoast_head":"<!-- This site is optimized with the Yoast SEO plugin v27.5 - https:\/\/yoast.com\/product\/yoast-seo-wordpress\/ -->\n<title>Evento em Caxias mostra Ci\u00eancias, Tecnologias, Arte e Povos Ind\u00edgenas no Brasil - Lurdinha - Duque de Caxias para Est\u00f4magos Fortes<\/title>\n<meta name=\"robots\" content=\"index, follow, max-snippet:-1, max-image-preview:large, max-video-preview:-1\" \/>\n<link rel=\"canonical\" href=\"https:\/\/lurdinha.org\/site\/evento-em-caxias-mostra-ciencias-tecnologias-arte-e-povos-indigenas-no-brasil\/\" \/>\n<meta property=\"og:locale\" content=\"pt_BR\" \/>\n<meta property=\"og:type\" content=\"article\" \/>\n<meta property=\"og:title\" content=\"Evento em Caxias mostra Ci\u00eancias, Tecnologias, Arte e Povos Ind\u00edgenas no Brasil - Lurdinha - Duque de Caxias para Est\u00f4magos Fortes\" \/>\n<meta property=\"og:description\" content=\"Ci\u00eancias, Tecnologias, Arte e Povos Ind\u00edgenas no Brasil \u00e9 o nome do evento que acontece...\" \/>\n<meta property=\"og:url\" content=\"https:\/\/lurdinha.org\/site\/evento-em-caxias-mostra-ciencias-tecnologias-arte-e-povos-indigenas-no-brasil\/\" \/>\n<meta property=\"og:site_name\" content=\"Lurdinha - Duque de Caxias para Est\u00f4magos Fortes\" \/>\n<meta property=\"article:publisher\" content=\"https:\/\/www.facebook.com\/LurdinhadeCaxias\" \/>\n<meta property=\"article:author\" content=\"botocudo\" \/>\n<meta property=\"article:published_time\" content=\"2014-03-07T18:08:35+00:00\" \/>\n<meta property=\"article:modified_time\" content=\"2014-03-07T18:08:55+00:00\" \/>\n<meta property=\"og:image\" content=\"https:\/\/lurdinha.org\/site\/wp-content\/uploads\/tecnologia-indigenas.jpg\" \/>\n\t<meta property=\"og:image:width\" content=\"450\" \/>\n\t<meta property=\"og:image:height\" content=\"614\" \/>\n\t<meta property=\"og:image:type\" content=\"image\/jpeg\" \/>\n<meta name=\"author\" content=\"heraldo hb\" \/>\n<meta name=\"twitter:card\" content=\"summary_large_image\" \/>\n<meta name=\"twitter:label1\" content=\"Escrito por\" \/>\n\t<meta name=\"twitter:data1\" content=\"heraldo hb\" \/>\n\t<meta name=\"twitter:label2\" content=\"Est. tempo de leitura\" \/>\n\t<meta name=\"twitter:data2\" content=\"1 minuto\" \/>\n<script type=\"application\/ld+json\" class=\"yoast-schema-graph\">{\"@context\":\"https:\\\/\\\/schema.org\",\"@graph\":[{\"@type\":\"Article\",\"@id\":\"https:\\\/\\\/lurdinha.org\\\/site\\\/evento-em-caxias-mostra-ciencias-tecnologias-arte-e-povos-indigenas-no-brasil\\\/#article\",\"isPartOf\":{\"@id\":\"https:\\\/\\\/lurdinha.org\\\/site\\\/evento-em-caxias-mostra-ciencias-tecnologias-arte-e-povos-indigenas-no-brasil\\\/\"},\"author\":{\"name\":\"heraldo hb\",\"@id\":\"https:\\\/\\\/lurdinha.org\\\/site\\\/#\\\/schema\\\/person\\\/b833bb6a7f82598bf0e95e4c30874251\"},\"headline\":\"Evento em Caxias mostra Ci\u00eancias, Tecnologias, Arte e Povos Ind\u00edgenas no Brasil\",\"datePublished\":\"2014-03-07T18:08:35+00:00\",\"dateModified\":\"2014-03-07T18:08:55+00:00\",\"mainEntityOfPage\":{\"@id\":\"https:\\\/\\\/lurdinha.org\\\/site\\\/evento-em-caxias-mostra-ciencias-tecnologias-arte-e-povos-indigenas-no-brasil\\\/\"},\"wordCount\":288,\"commentCount\":0,\"publisher\":{\"@id\":\"https:\\\/\\\/lurdinha.org\\\/site\\\/#organization\"},\"image\":{\"@id\":\"https:\\\/\\\/lurdinha.org\\\/site\\\/evento-em-caxias-mostra-ciencias-tecnologias-arte-e-povos-indigenas-no-brasil\\\/#primaryimage\"},\"thumbnailUrl\":\"http:\\\/\\\/lurdinha.org\\\/site\\\/wp-content\\\/uploads\\\/tecnologia-indigenas.jpg\",\"articleSection\":[\"evento\",\"uma boa\"],\"inLanguage\":\"pt-BR\",\"potentialAction\":[{\"@type\":\"CommentAction\",\"name\":\"Comment\",\"target\":[\"https:\\\/\\\/lurdinha.org\\\/site\\\/evento-em-caxias-mostra-ciencias-tecnologias-arte-e-povos-indigenas-no-brasil\\\/#respond\"]}]},{\"@type\":\"WebPage\",\"@id\":\"https:\\\/\\\/lurdinha.org\\\/site\\\/evento-em-caxias-mostra-ciencias-tecnologias-arte-e-povos-indigenas-no-brasil\\\/\",\"url\":\"https:\\\/\\\/lurdinha.org\\\/site\\\/evento-em-caxias-mostra-ciencias-tecnologias-arte-e-povos-indigenas-no-brasil\\\/\",\"name\":\"Evento em Caxias mostra Ci\u00eancias, Tecnologias, Arte e Povos Ind\u00edgenas no Brasil - Lurdinha - Duque de Caxias para Est\u00f4magos Fortes\",\"isPartOf\":{\"@id\":\"https:\\\/\\\/lurdinha.org\\\/site\\\/#website\"},\"primaryImageOfPage\":{\"@id\":\"https:\\\/\\\/lurdinha.org\\\/site\\\/evento-em-caxias-mostra-ciencias-tecnologias-arte-e-povos-indigenas-no-brasil\\\/#primaryimage\"},\"image\":{\"@id\":\"https:\\\/\\\/lurdinha.org\\\/site\\\/evento-em-caxias-mostra-ciencias-tecnologias-arte-e-povos-indigenas-no-brasil\\\/#primaryimage\"},\"thumbnailUrl\":\"http:\\\/\\\/lurdinha.org\\\/site\\\/wp-content\\\/uploads\\\/tecnologia-indigenas.jpg\",\"datePublished\":\"2014-03-07T18:08:35+00:00\",\"dateModified\":\"2014-03-07T18:08:55+00:00\",\"breadcrumb\":{\"@id\":\"https:\\\/\\\/lurdinha.org\\\/site\\\/evento-em-caxias-mostra-ciencias-tecnologias-arte-e-povos-indigenas-no-brasil\\\/#breadcrumb\"},\"inLanguage\":\"pt-BR\",\"potentialAction\":[{\"@type\":\"ReadAction\",\"target\":[\"https:\\\/\\\/lurdinha.org\\\/site\\\/evento-em-caxias-mostra-ciencias-tecnologias-arte-e-povos-indigenas-no-brasil\\\/\"]}]},{\"@type\":\"ImageObject\",\"inLanguage\":\"pt-BR\",\"@id\":\"https:\\\/\\\/lurdinha.org\\\/site\\\/evento-em-caxias-mostra-ciencias-tecnologias-arte-e-povos-indigenas-no-brasil\\\/#primaryimage\",\"url\":\"https:\\\/\\\/lurdinha.org\\\/site\\\/wp-content\\\/uploads\\\/tecnologia-indigenas.jpg\",\"contentUrl\":\"https:\\\/\\\/lurdinha.org\\\/site\\\/wp-content\\\/uploads\\\/tecnologia-indigenas.jpg\",\"width\":450,\"height\":614,\"caption\":\"Ci\u00eancias, Tecnologias, Arte e Povos Ind\u00edgenas no Brasil.\"},{\"@type\":\"BreadcrumbList\",\"@id\":\"https:\\\/\\\/lurdinha.org\\\/site\\\/evento-em-caxias-mostra-ciencias-tecnologias-arte-e-povos-indigenas-no-brasil\\\/#breadcrumb\",\"itemListElement\":[{\"@type\":\"ListItem\",\"position\":1,\"name\":\"In\u00edcio\",\"item\":\"https:\\\/\\\/lurdinha.org\\\/site\\\/\"},{\"@type\":\"ListItem\",\"position\":2,\"name\":\"Evento em Caxias mostra Ci\u00eancias, Tecnologias, Arte e Povos Ind\u00edgenas no Brasil\"}]},{\"@type\":\"WebSite\",\"@id\":\"https:\\\/\\\/lurdinha.org\\\/site\\\/#website\",\"url\":\"https:\\\/\\\/lurdinha.org\\\/site\\\/\",\"name\":\"Lurdinha - Duque de Caxias para Est\u00f4magos Fortes\",\"description\":\"Site sobre Arte, Cultura, Pol\u00edtica, Sociedade e curiosidades da cidade de Duque de Caxias, RJ\",\"publisher\":{\"@id\":\"https:\\\/\\\/lurdinha.org\\\/site\\\/#organization\"},\"alternateName\":\"Lurdinha\",\"potentialAction\":[{\"@type\":\"SearchAction\",\"target\":{\"@type\":\"EntryPoint\",\"urlTemplate\":\"https:\\\/\\\/lurdinha.org\\\/site\\\/?s={search_term_string}\"},\"query-input\":{\"@type\":\"PropertyValueSpecification\",\"valueRequired\":true,\"valueName\":\"search_term_string\"}}],\"inLanguage\":\"pt-BR\"},{\"@type\":\"Organization\",\"@id\":\"https:\\\/\\\/lurdinha.org\\\/site\\\/#organization\",\"name\":\"Lurdinha de Caxias\",\"url\":\"https:\\\/\\\/lurdinha.org\\\/site\\\/\",\"logo\":{\"@type\":\"ImageObject\",\"inLanguage\":\"pt-BR\",\"@id\":\"https:\\\/\\\/lurdinha.org\\\/site\\\/#\\\/schema\\\/logo\\\/image\\\/\",\"url\":\"https:\\\/\\\/lurdinha.org\\\/site\\\/wp-content\\\/uploads\\\/logo-lurdinha.jpg\",\"contentUrl\":\"https:\\\/\\\/lurdinha.org\\\/site\\\/wp-content\\\/uploads\\\/logo-lurdinha.jpg\",\"width\":640,\"height\":60,\"caption\":\"Lurdinha de Caxias\"},\"image\":{\"@id\":\"https:\\\/\\\/lurdinha.org\\\/site\\\/#\\\/schema\\\/logo\\\/image\\\/\"},\"sameAs\":[\"https:\\\/\\\/www.facebook.com\\\/LurdinhadeCaxias\",\"https:\\\/\\\/www.instagram.com\\\/lurdinhadecaxias\"]},{\"@type\":\"Person\",\"@id\":\"https:\\\/\\\/lurdinha.org\\\/site\\\/#\\\/schema\\\/person\\\/b833bb6a7f82598bf0e95e4c30874251\",\"name\":\"heraldo hb\",\"image\":{\"@type\":\"ImageObject\",\"inLanguage\":\"pt-BR\",\"@id\":\"https:\\\/\\\/secure.gravatar.com\\\/avatar\\\/5de9fe99c72cb6885bbdaa24b1c5738b0f673d265de18720fae7463d5f47b48d?s=96&d=mm&r=g\",\"url\":\"https:\\\/\\\/secure.gravatar.com\\\/avatar\\\/5de9fe99c72cb6885bbdaa24b1c5738b0f673d265de18720fae7463d5f47b48d?s=96&d=mm&r=g\",\"contentUrl\":\"https:\\\/\\\/secure.gravatar.com\\\/avatar\\\/5de9fe99c72cb6885bbdaa24b1c5738b0f673d265de18720fae7463d5f47b48d?s=96&d=mm&r=g\",\"caption\":\"heraldo hb\"},\"description\":\"Cineasta, animador cultural, escritor e educador nascido no s\u00e9culo XX\",\"sameAs\":[\"http:\\\/\\\/wwww.relinkare.org\",\"botocudo\",\"heraldohb\",\"relinkare\"],\"url\":\"https:\\\/\\\/lurdinha.org\\\/site\\\/author\\\/heraldohb\\\/\"}]}<\/script>\n<!-- \/ Yoast SEO plugin. -->","yoast_head_json":{"title":"Evento em Caxias mostra Ci\u00eancias, Tecnologias, Arte e Povos Ind\u00edgenas no Brasil - Lurdinha - Duque de Caxias para Est\u00f4magos Fortes","robots":{"index":"index","follow":"follow","max-snippet":"max-snippet:-1","max-image-preview":"max-image-preview:large","max-video-preview":"max-video-preview:-1"},"canonical":"https:\/\/lurdinha.org\/site\/evento-em-caxias-mostra-ciencias-tecnologias-arte-e-povos-indigenas-no-brasil\/","og_locale":"pt_BR","og_type":"article","og_title":"Evento em Caxias mostra Ci\u00eancias, Tecnologias, Arte e Povos Ind\u00edgenas no Brasil - Lurdinha - Duque de Caxias para Est\u00f4magos Fortes","og_description":"Ci\u00eancias, Tecnologias, Arte e Povos Ind\u00edgenas no Brasil \u00e9 o nome do evento que acontece...","og_url":"https:\/\/lurdinha.org\/site\/evento-em-caxias-mostra-ciencias-tecnologias-arte-e-povos-indigenas-no-brasil\/","og_site_name":"Lurdinha - Duque de Caxias para Est\u00f4magos Fortes","article_publisher":"https:\/\/www.facebook.com\/LurdinhadeCaxias","article_author":"botocudo","article_published_time":"2014-03-07T18:08:35+00:00","article_modified_time":"2014-03-07T18:08:55+00:00","og_image":[{"width":450,"height":614,"url":"https:\/\/lurdinha.org\/site\/wp-content\/uploads\/tecnologia-indigenas.jpg","type":"image\/jpeg"}],"author":"heraldo hb","twitter_card":"summary_large_image","twitter_misc":{"Escrito por":"heraldo hb","Est. tempo de leitura":"1 minuto"},"schema":{"@context":"https:\/\/schema.org","@graph":[{"@type":"Article","@id":"https:\/\/lurdinha.org\/site\/evento-em-caxias-mostra-ciencias-tecnologias-arte-e-povos-indigenas-no-brasil\/#article","isPartOf":{"@id":"https:\/\/lurdinha.org\/site\/evento-em-caxias-mostra-ciencias-tecnologias-arte-e-povos-indigenas-no-brasil\/"},"author":{"name":"heraldo hb","@id":"https:\/\/lurdinha.org\/site\/#\/schema\/person\/b833bb6a7f82598bf0e95e4c30874251"},"headline":"Evento em Caxias mostra Ci\u00eancias, Tecnologias, Arte e Povos Ind\u00edgenas no Brasil","datePublished":"2014-03-07T18:08:35+00:00","dateModified":"2014-03-07T18:08:55+00:00","mainEntityOfPage":{"@id":"https:\/\/lurdinha.org\/site\/evento-em-caxias-mostra-ciencias-tecnologias-arte-e-povos-indigenas-no-brasil\/"},"wordCount":288,"commentCount":0,"publisher":{"@id":"https:\/\/lurdinha.org\/site\/#organization"},"image":{"@id":"https:\/\/lurdinha.org\/site\/evento-em-caxias-mostra-ciencias-tecnologias-arte-e-povos-indigenas-no-brasil\/#primaryimage"},"thumbnailUrl":"http:\/\/lurdinha.org\/site\/wp-content\/uploads\/tecnologia-indigenas.jpg","articleSection":["evento","uma boa"],"inLanguage":"pt-BR","potentialAction":[{"@type":"CommentAction","name":"Comment","target":["https:\/\/lurdinha.org\/site\/evento-em-caxias-mostra-ciencias-tecnologias-arte-e-povos-indigenas-no-brasil\/#respond"]}]},{"@type":"WebPage","@id":"https:\/\/lurdinha.org\/site\/evento-em-caxias-mostra-ciencias-tecnologias-arte-e-povos-indigenas-no-brasil\/","url":"https:\/\/lurdinha.org\/site\/evento-em-caxias-mostra-ciencias-tecnologias-arte-e-povos-indigenas-no-brasil\/","name":"Evento em Caxias mostra Ci\u00eancias, Tecnologias, Arte e Povos Ind\u00edgenas no Brasil - Lurdinha - Duque de Caxias para Est\u00f4magos Fortes","isPartOf":{"@id":"https:\/\/lurdinha.org\/site\/#website"},"primaryImageOfPage":{"@id":"https:\/\/lurdinha.org\/site\/evento-em-caxias-mostra-ciencias-tecnologias-arte-e-povos-indigenas-no-brasil\/#primaryimage"},"image":{"@id":"https:\/\/lurdinha.org\/site\/evento-em-caxias-mostra-ciencias-tecnologias-arte-e-povos-indigenas-no-brasil\/#primaryimage"},"thumbnailUrl":"http:\/\/lurdinha.org\/site\/wp-content\/uploads\/tecnologia-indigenas.jpg","datePublished":"2014-03-07T18:08:35+00:00","dateModified":"2014-03-07T18:08:55+00:00","breadcrumb":{"@id":"https:\/\/lurdinha.org\/site\/evento-em-caxias-mostra-ciencias-tecnologias-arte-e-povos-indigenas-no-brasil\/#breadcrumb"},"inLanguage":"pt-BR","potentialAction":[{"@type":"ReadAction","target":["https:\/\/lurdinha.org\/site\/evento-em-caxias-mostra-ciencias-tecnologias-arte-e-povos-indigenas-no-brasil\/"]}]},{"@type":"ImageObject","inLanguage":"pt-BR","@id":"https:\/\/lurdinha.org\/site\/evento-em-caxias-mostra-ciencias-tecnologias-arte-e-povos-indigenas-no-brasil\/#primaryimage","url":"https:\/\/lurdinha.org\/site\/wp-content\/uploads\/tecnologia-indigenas.jpg","contentUrl":"https:\/\/lurdinha.org\/site\/wp-content\/uploads\/tecnologia-indigenas.jpg","width":450,"height":614,"caption":"Ci\u00eancias, Tecnologias, Arte e Povos Ind\u00edgenas no Brasil."},{"@type":"BreadcrumbList","@id":"https:\/\/lurdinha.org\/site\/evento-em-caxias-mostra-ciencias-tecnologias-arte-e-povos-indigenas-no-brasil\/#breadcrumb","itemListElement":[{"@type":"ListItem","position":1,"name":"In\u00edcio","item":"https:\/\/lurdinha.org\/site\/"},{"@type":"ListItem","position":2,"name":"Evento em Caxias mostra Ci\u00eancias, Tecnologias, Arte e Povos Ind\u00edgenas no Brasil"}]},{"@type":"WebSite","@id":"https:\/\/lurdinha.org\/site\/#website","url":"https:\/\/lurdinha.org\/site\/","name":"Lurdinha - Duque de Caxias para Est\u00f4magos Fortes","description":"Site sobre Arte, Cultura, Pol\u00edtica, Sociedade e curiosidades da cidade de Duque de Caxias, RJ","publisher":{"@id":"https:\/\/lurdinha.org\/site\/#organization"},"alternateName":"Lurdinha","potentialAction":[{"@type":"SearchAction","target":{"@type":"EntryPoint","urlTemplate":"https:\/\/lurdinha.org\/site\/?s={search_term_string}"},"query-input":{"@type":"PropertyValueSpecification","valueRequired":true,"valueName":"search_term_string"}}],"inLanguage":"pt-BR"},{"@type":"Organization","@id":"https:\/\/lurdinha.org\/site\/#organization","name":"Lurdinha de Caxias","url":"https:\/\/lurdinha.org\/site\/","logo":{"@type":"ImageObject","inLanguage":"pt-BR","@id":"https:\/\/lurdinha.org\/site\/#\/schema\/logo\/image\/","url":"https:\/\/lurdinha.org\/site\/wp-content\/uploads\/logo-lurdinha.jpg","contentUrl":"https:\/\/lurdinha.org\/site\/wp-content\/uploads\/logo-lurdinha.jpg","width":640,"height":60,"caption":"Lurdinha de Caxias"},"image":{"@id":"https:\/\/lurdinha.org\/site\/#\/schema\/logo\/image\/"},"sameAs":["https:\/\/www.facebook.com\/LurdinhadeCaxias","https:\/\/www.instagram.com\/lurdinhadecaxias"]},{"@type":"Person","@id":"https:\/\/lurdinha.org\/site\/#\/schema\/person\/b833bb6a7f82598bf0e95e4c30874251","name":"heraldo hb","image":{"@type":"ImageObject","inLanguage":"pt-BR","@id":"https:\/\/secure.gravatar.com\/avatar\/5de9fe99c72cb6885bbdaa24b1c5738b0f673d265de18720fae7463d5f47b48d?s=96&d=mm&r=g","url":"https:\/\/secure.gravatar.com\/avatar\/5de9fe99c72cb6885bbdaa24b1c5738b0f673d265de18720fae7463d5f47b48d?s=96&d=mm&r=g","contentUrl":"https:\/\/secure.gravatar.com\/avatar\/5de9fe99c72cb6885bbdaa24b1c5738b0f673d265de18720fae7463d5f47b48d?s=96&d=mm&r=g","caption":"heraldo hb"},"description":"Cineasta, animador cultural, escritor e educador nascido no s\u00e9culo XX","sameAs":["http:\/\/wwww.relinkare.org","botocudo","heraldohb","relinkare"],"url":"https:\/\/lurdinha.org\/site\/author\/heraldohb\/"}]}},"views":3609,"_links":{"self":[{"href":"https:\/\/lurdinha.org\/site\/wp-json\/wp\/v2\/posts\/4387","targetHints":{"allow":["GET"]}}],"collection":[{"href":"https:\/\/lurdinha.org\/site\/wp-json\/wp\/v2\/posts"}],"about":[{"href":"https:\/\/lurdinha.org\/site\/wp-json\/wp\/v2\/types\/post"}],"author":[{"embeddable":true,"href":"https:\/\/lurdinha.org\/site\/wp-json\/wp\/v2\/users\/2"}],"replies":[{"embeddable":true,"href":"https:\/\/lurdinha.org\/site\/wp-json\/wp\/v2\/comments?post=4387"}],"version-history":[{"count":1,"href":"https:\/\/lurdinha.org\/site\/wp-json\/wp\/v2\/posts\/4387\/revisions"}],"predecessor-version":[{"id":4389,"href":"https:\/\/lurdinha.org\/site\/wp-json\/wp\/v2\/posts\/4387\/revisions\/4389"}],"wp:attachment":[{"href":"https:\/\/lurdinha.org\/site\/wp-json\/wp\/v2\/media?parent=4387"}],"wp:term":[{"taxonomy":"category","embeddable":true,"href":"https:\/\/lurdinha.org\/site\/wp-json\/wp\/v2\/categories?post=4387"},{"taxonomy":"post_tag","embeddable":true,"href":"https:\/\/lurdinha.org\/site\/wp-json\/wp\/v2\/tags?post=4387"}],"curies":[{"name":"wp","href":"https:\/\/api.w.org\/{rel}","templated":true}]}}