{"id":4321,"date":"2014-02-08T02:37:22","date_gmt":"2014-02-08T02:37:22","guid":{"rendered":"http:\/\/lurdinha.org\/site\/?p=4321"},"modified":"2017-07-04T18:04:52","modified_gmt":"2017-07-04T18:04:52","slug":"imprensa-brasileira-perde-o-mestre-adail","status":"publish","type":"post","link":"https:\/\/lurdinha.org\/site\/imprensa-brasileira-perde-o-mestre-adail\/","title":{"rendered":"Imprensa brasileira perde o mestre Adail"},"content":{"rendered":"<p><img loading=\"lazy\" decoding=\"async\" class=\"alignleft size-full wp-image-4322\" src=\"http:\/\/lurdinha.org\/site\/wp-content\/uploads\/adail-rosto.jpg\" alt=\"Adail de Paula\" width=\"220\" height=\"164\" \/>Morreu na madrugada desta quarta-feira (5\/2) o jornalista e ilustrador\u00a0<strong>Adail Jos\u00e9 de Paula<\/strong>, aos 83 anos, em Duque de Caxias.<\/p>\n<p>Adail\u00a0nasceu em 1930 em Registro, interior de S\u00e3o Paulo. Criado em Ja\u00e7an\u00e3, foi colaborador de seman\u00e1rios humor\u00edsticos como \u2018O Governador\u2019 e \u2018A Marmita\u2019 por volta de 1947.\u00a0J\u00e1 no Rio de Janeiro trabalhou no Di\u00e1rio de Not\u00edcias \u00a0e em outras publica\u00e7\u00f5es como o Cartum-JS, O Centavo (revista \u2018O Cruzeiro\u2019), Manequinho (jornal \u2018Correio da manh\u00e3\u2019), \u2018O Pasquim\u2019 e \u2018O Dia\u2019. Aposentou-se pelo jornal \u2018\u00daltima Hora\u2019, do Rio de Janeiro.<\/p>\n<p>Chegou a Duque de Caxias em 1968 para trabalhar na lend\u00e1ria sucursal do Di\u00e1rio de Not\u00edcias e acabou se radicando na cidade, onde manteve uma forte liga\u00e7\u00e3o com o segmento cultural.<\/p>\n<p>Atualmente, ele colaborava com o \u2018Jornal Esp\u00edrita e era atuante conselheiro na Associa\u00e7\u00e3o Brasileira de Imprensa (ABI).<\/p>\n<p>Al\u00e9m ilustrador, chargista e cartunista, Adail tamb\u00e9m era compositor e tem v\u00e1rias parcerias com m\u00fasicos da cidade, como Edinho do Samba. Tamb\u00e9m compunha m\u00fasicas infantis, como as que faziam parte de seu \u00faltimo projeto, voltado a este p\u00fablico.<\/p>\n<p>A Lurdinha manifesta aqui o apre\u00e7o pela figura querida, talentosa e afetuosa de Adail! Fique na Luz, mestre.<\/p>\n<p>.<\/p>\n<h2><strong>Alguns depoimentos:<\/strong><\/h2>\n<p>A arte e a intelig\u00eancia choram&#8230;<br \/>\n<em>Vicente Portella<\/em>, escritor<\/p>\n<p>De fato, \u00e9 muito pesaroso saber que o velho Adail partiu. Fomos amigos e parceiros. Com ele aprendi muitas coisas que s\u00f3 um homem com seu talento e sua experi\u00eancia, conjugados com sua energia e seus sonhos de menino, poderiam ensinar. Abra\u00e7o, amigo.<br \/>\n<em>Rildo Pereira<\/em>, poeta e compositor<\/p>\n<p>Uma grande perda.<br \/>\n<em>Andr\u00e9 Oliveira<\/em>, produtor cultural<\/p>\n<p>Uma imensa perda para a cidade.<br \/>\n<em>Edilson Salles<\/em>, ator<\/p>\n<p>Perdemos um tra\u00e7o de luz e um ser iluminado&#8230;<br \/>\n<em>Paullo Ramos<\/em>, artista pl\u00e1stico<\/p>\n<p>Adail junto com Barbosa Leite, representaram muito bem tudo que se respira cultura em Duque de Caxias<br \/>\n<em>Luiz Sebasti\u00e3o<\/em>, poeta e professor<\/p>\n<p>Grande figura humana que partiu.<br \/>\n<em>Nelsinho Pacheco<\/em>, produtor cultural<\/p>\n<p>Adail, nosso decano entre os cartunistas, faleceu aos 83 anos na madrugada de ontem, dia 5, concid\u00eancia ou n\u00e3o o mesmo dia em que o Henfil faria 70 anos se estivesse vivo.<br \/>\nConversando com o pesquisador Lucio Muruci\/ Luciano Magno, percebi que Adail gostava muito de desenhar essas charges tem\u00e1ticas de reencontros p\u00f3stumos entre amigos artistas, ent\u00e3o fiz ontem esse rabisco aqui em sua homenagem.<br \/>\n<em>Diego Novaes<\/em>, cartunista<\/p>\n<p>.<\/p>\n<h2><strong>Entrevista que a Lurdinha fez com ele em 2011 a bordo do Caxias-Castelo:<\/strong><\/h2>\n<p><iframe loading=\"lazy\" title=\"Entrevista com cartunista e ilustrador Adail\" width=\"640\" height=\"480\" src=\"https:\/\/www.youtube.com\/embed\/q0fslv9DzXU?feature=oembed\" frameborder=\"0\" allow=\"accelerometer; autoplay; clipboard-write; encrypted-media; gyroscope; picture-in-picture; web-share\" referrerpolicy=\"strict-origin-when-cross-origin\" allowfullscreen><\/iframe><\/p>\n<p>.<\/p>\n<h2>Entrevista para o Jornal da ABI:\u00a0<a href=\"http:\/\/issuu.com\/abi1908\/docs\/2012__374_janeiro\/41\" target=\"_blank\" rel=\"noopener\">http:\/\/issuu.com\/abi1908\/docs\/2012__374_janeiro\/41<\/a><\/h2>\n<p>&#8230;<\/p>\n<figure style=\"width: 450px\" class=\"wp-caption alignnone\"><a href=\"http:\/\/lurdinha.org\/site\/wp-content\/uploads\/adail-.jpg\"><img loading=\"lazy\" decoding=\"async\" src=\"http:\/\/lurdinha.org\/site\/wp-content\/uploads\/adail-.jpg\" alt=\"adail\" width=\"450\" height=\"290\" \/><\/a><figcaption class=\"wp-caption-text\">Encontro de mestres do tra\u00e7o<\/figcaption><\/figure>\n<p>&nbsp;<\/p>\n<figure style=\"width: 430px\" class=\"wp-caption alignnone\"><a href=\"http:\/\/lurdinha.org\/site\/wp-content\/uploads\/adail-noel-araci.jpg\"><img loading=\"lazy\" decoding=\"async\" src=\"http:\/\/lurdinha.org\/site\/wp-content\/uploads\/adail-noel-araci.jpg\" alt=\"adail Noel 100 anos\" width=\"430\" height=\"600\" \/><\/a><figcaption class=\"wp-caption-text\">Desenho que fez parte do livro e exposi\u00e7\u00e3o Noel 100 anos<\/figcaption><\/figure>\n<p>&nbsp;<\/p>\n<figure style=\"width: 400px\" class=\"wp-caption alignnone\"><a href=\"http:\/\/lurdinha.org\/site\/wp-content\/uploads\/adail-macarrao-e-beto.jpg\"><img loading=\"lazy\" decoding=\"async\" src=\"http:\/\/lurdinha.org\/site\/wp-content\/uploads\/adail-macarrao-e-beto.jpg\" alt=\"adail-macarrao-e-beto\" width=\"400\" height=\"551\" \/><\/a><figcaption class=\"wp-caption-text\">Ilustra\u00e7\u00e3o do cartaz do lend\u00e1rio show Conversa de Botequim, com Beto Cavaco, Jorge Macarr\u00e3o e Jair Lobo<\/figcaption><\/figure>\n<p>&nbsp;<\/p>\n<p><img loading=\"lazy\" decoding=\"async\" class=\"alignleft size-full wp-image-4331\" src=\"http:\/\/lurdinha.org\/site\/wp-content\/uploads\/adail-avecesar.jpg\" alt=\"adail-avecesar\" width=\"377\" height=\"297\" srcset=\"https:\/\/lurdinha.org\/site\/wp-content\/uploads\/adail-avecesar.jpg 377w, https:\/\/lurdinha.org\/site\/wp-content\/uploads\/adail-avecesar-300x236.jpg 300w\" sizes=\"auto, (max-width: 377px) 100vw, 377px\" \/><\/p>\n<p>&nbsp;<\/p>\n<p>&nbsp;<\/p>\n<p>&nbsp;<\/p>\n<p>&nbsp;<\/p>\n<p>&nbsp;<\/p>\n<p>&nbsp;<\/p>\n<p>&nbsp;<\/p>\n<p>&nbsp;<\/p>\n<p>&nbsp;<\/p>\n<figure style=\"width: 450px\" class=\"wp-caption alignnone\"><a href=\"http:\/\/lurdinha.org\/site\/wp-content\/uploads\/adail-nei.jpg\"><img loading=\"lazy\" decoding=\"async\" src=\"http:\/\/lurdinha.org\/site\/wp-content\/uploads\/adail-nei.jpg\" alt=\"adail nei lima\" width=\"450\" height=\"817\" \/><\/a><figcaption class=\"wp-caption-text\">Adail pelo tra\u00e7o de Nei Lima<\/figcaption><\/figure>\n<p>&nbsp;<\/p>\n<figure id=\"attachment_4328\" aria-describedby=\"caption-attachment-4328\" style=\"width: 590px\" class=\"wp-caption alignnone\"><img loading=\"lazy\" decoding=\"async\" class=\"size-full wp-image-4328\" src=\"http:\/\/lurdinha.org\/site\/wp-content\/uploads\/adail-henfil.jpg\" alt=\"adail henfil\" width=\"590\" height=\"398\" srcset=\"https:\/\/lurdinha.org\/site\/wp-content\/uploads\/adail-henfil.jpg 590w, https:\/\/lurdinha.org\/site\/wp-content\/uploads\/adail-henfil-300x202.jpg 300w\" sizes=\"auto, (max-width: 590px) 100vw, 590px\" \/><figcaption id=\"caption-attachment-4328\" class=\"wp-caption-text\">Adail encontrando Henfil no tra\u00e7o de Diego Novaes<\/figcaption><\/figure>\n<p><a href=\"http:\/\/lurdinha.org\/site\/wp-content\/uploads\/adail-nei.jpg\">\u00a0<\/a><\/p>\n<p>&nbsp;<\/p>\n<p><a href=\"http:\/\/lurdinha.org\/site\/wp-content\/uploads\/adail-macarrao-e-beto.jpg\"><br \/>\n<\/a><a href=\"http:\/\/lurdinha.org\/site\/wp-content\/uploads\/adail-noel-araci.jpg\"><br \/>\n<\/a> <a href=\"http:\/\/lurdinha.org\/site\/wp-content\/uploads\/adail-.jpg\"><br \/>\n<\/a><\/p>\n<p>&nbsp;<\/p>\n<p>&nbsp;<\/p>\n","protected":false},"excerpt":{"rendered":"<p>Morreu na madrugada desta quarta-feira (5\/2) o jornalista e ilustrador\u00a0Adail Jos\u00e9 de Paula, aos 83&#8230;<\/p>\n","protected":false},"author":2,"featured_media":0,"comment_status":"open","ping_status":"closed","sticky":false,"template":"","format":"standard","meta":{"footnotes":""},"categories":[14,9],"tags":[634,194,633,197,196,11,195,635],"class_list":["post-4321","post","type-post","status-publish","format-standard","hentry","category-gente","category-historia","tag-abi","tag-adail","tag-adail-de-paula","tag-cartum","tag-charge","tag-duque-de-caxias","tag-ilustracao","tag-imprensa"],"yoast_head":"<!-- This site is optimized with the Yoast SEO plugin v27.5 - https:\/\/yoast.com\/product\/yoast-seo-wordpress\/ -->\n<title>Imprensa brasileira perde o mestre Adail - Lurdinha - Duque de Caxias para Est\u00f4magos Fortes<\/title>\n<meta name=\"robots\" content=\"index, follow, max-snippet:-1, max-image-preview:large, max-video-preview:-1\" \/>\n<link rel=\"canonical\" href=\"https:\/\/lurdinha.org\/site\/imprensa-brasileira-perde-o-mestre-adail\/\" \/>\n<meta property=\"og:locale\" content=\"pt_BR\" \/>\n<meta property=\"og:type\" content=\"article\" \/>\n<meta property=\"og:title\" content=\"Imprensa brasileira perde o mestre Adail - Lurdinha - Duque de Caxias para Est\u00f4magos Fortes\" \/>\n<meta property=\"og:description\" content=\"Morreu na madrugada desta quarta-feira (5\/2) o jornalista e ilustrador\u00a0Adail Jos\u00e9 de Paula, aos 83...\" \/>\n<meta property=\"og:url\" content=\"https:\/\/lurdinha.org\/site\/imprensa-brasileira-perde-o-mestre-adail\/\" \/>\n<meta property=\"og:site_name\" content=\"Lurdinha - Duque de Caxias para Est\u00f4magos Fortes\" \/>\n<meta property=\"article:publisher\" content=\"https:\/\/www.facebook.com\/LurdinhadeCaxias\" \/>\n<meta property=\"article:author\" content=\"botocudo\" \/>\n<meta property=\"article:published_time\" content=\"2014-02-08T02:37:22+00:00\" \/>\n<meta property=\"article:modified_time\" content=\"2017-07-04T18:04:52+00:00\" \/>\n<meta property=\"og:image\" content=\"https:\/\/lurdinha.org\/site\/wp-content\/uploads\/adail-rosto.jpg\" \/>\n\t<meta property=\"og:image:width\" content=\"220\" \/>\n\t<meta property=\"og:image:height\" content=\"164\" \/>\n\t<meta property=\"og:image:type\" content=\"image\/jpeg\" \/>\n<meta name=\"author\" content=\"heraldo hb\" \/>\n<meta name=\"twitter:card\" content=\"summary_large_image\" \/>\n<meta name=\"twitter:label1\" content=\"Escrito por\" \/>\n\t<meta name=\"twitter:data1\" content=\"heraldo hb\" \/>\n\t<meta name=\"twitter:label2\" content=\"Est. tempo de leitura\" \/>\n\t<meta name=\"twitter:data2\" content=\"3 minutos\" \/>\n<script type=\"application\/ld+json\" class=\"yoast-schema-graph\">{\"@context\":\"https:\\\/\\\/schema.org\",\"@graph\":[{\"@type\":\"Article\",\"@id\":\"https:\\\/\\\/lurdinha.org\\\/site\\\/imprensa-brasileira-perde-o-mestre-adail\\\/#article\",\"isPartOf\":{\"@id\":\"https:\\\/\\\/lurdinha.org\\\/site\\\/imprensa-brasileira-perde-o-mestre-adail\\\/\"},\"author\":{\"name\":\"heraldo hb\",\"@id\":\"https:\\\/\\\/lurdinha.org\\\/site\\\/#\\\/schema\\\/person\\\/b833bb6a7f82598bf0e95e4c30874251\"},\"headline\":\"Imprensa brasileira perde o mestre Adail\",\"datePublished\":\"2014-02-08T02:37:22+00:00\",\"dateModified\":\"2017-07-04T18:04:52+00:00\",\"mainEntityOfPage\":{\"@id\":\"https:\\\/\\\/lurdinha.org\\\/site\\\/imprensa-brasileira-perde-o-mestre-adail\\\/\"},\"wordCount\":543,\"commentCount\":0,\"publisher\":{\"@id\":\"https:\\\/\\\/lurdinha.org\\\/site\\\/#organization\"},\"image\":{\"@id\":\"https:\\\/\\\/lurdinha.org\\\/site\\\/imprensa-brasileira-perde-o-mestre-adail\\\/#primaryimage\"},\"thumbnailUrl\":\"http:\\\/\\\/lurdinha.org\\\/site\\\/wp-content\\\/uploads\\\/adail-rosto.jpg\",\"keywords\":[\"abi\",\"Adail\",\"adail de paula\",\"cartum\",\"charge\",\"duque-de-caxias\",\"ilustra\u00e7\u00e3o\",\"imprensa\"],\"articleSection\":[\"gente\",\"hist\u00f3ria\"],\"inLanguage\":\"pt-BR\",\"potentialAction\":[{\"@type\":\"CommentAction\",\"name\":\"Comment\",\"target\":[\"https:\\\/\\\/lurdinha.org\\\/site\\\/imprensa-brasileira-perde-o-mestre-adail\\\/#respond\"]}]},{\"@type\":\"WebPage\",\"@id\":\"https:\\\/\\\/lurdinha.org\\\/site\\\/imprensa-brasileira-perde-o-mestre-adail\\\/\",\"url\":\"https:\\\/\\\/lurdinha.org\\\/site\\\/imprensa-brasileira-perde-o-mestre-adail\\\/\",\"name\":\"Imprensa brasileira perde o mestre Adail - Lurdinha - Duque de Caxias para Est\u00f4magos Fortes\",\"isPartOf\":{\"@id\":\"https:\\\/\\\/lurdinha.org\\\/site\\\/#website\"},\"primaryImageOfPage\":{\"@id\":\"https:\\\/\\\/lurdinha.org\\\/site\\\/imprensa-brasileira-perde-o-mestre-adail\\\/#primaryimage\"},\"image\":{\"@id\":\"https:\\\/\\\/lurdinha.org\\\/site\\\/imprensa-brasileira-perde-o-mestre-adail\\\/#primaryimage\"},\"thumbnailUrl\":\"http:\\\/\\\/lurdinha.org\\\/site\\\/wp-content\\\/uploads\\\/adail-rosto.jpg\",\"datePublished\":\"2014-02-08T02:37:22+00:00\",\"dateModified\":\"2017-07-04T18:04:52+00:00\",\"breadcrumb\":{\"@id\":\"https:\\\/\\\/lurdinha.org\\\/site\\\/imprensa-brasileira-perde-o-mestre-adail\\\/#breadcrumb\"},\"inLanguage\":\"pt-BR\",\"potentialAction\":[{\"@type\":\"ReadAction\",\"target\":[\"https:\\\/\\\/lurdinha.org\\\/site\\\/imprensa-brasileira-perde-o-mestre-adail\\\/\"]}]},{\"@type\":\"ImageObject\",\"inLanguage\":\"pt-BR\",\"@id\":\"https:\\\/\\\/lurdinha.org\\\/site\\\/imprensa-brasileira-perde-o-mestre-adail\\\/#primaryimage\",\"url\":\"https:\\\/\\\/lurdinha.org\\\/site\\\/wp-content\\\/uploads\\\/adail-rosto.jpg\",\"contentUrl\":\"https:\\\/\\\/lurdinha.org\\\/site\\\/wp-content\\\/uploads\\\/adail-rosto.jpg\",\"width\":220,\"height\":164,\"caption\":\"Adail de Paula\"},{\"@type\":\"BreadcrumbList\",\"@id\":\"https:\\\/\\\/lurdinha.org\\\/site\\\/imprensa-brasileira-perde-o-mestre-adail\\\/#breadcrumb\",\"itemListElement\":[{\"@type\":\"ListItem\",\"position\":1,\"name\":\"In\u00edcio\",\"item\":\"https:\\\/\\\/lurdinha.org\\\/site\\\/\"},{\"@type\":\"ListItem\",\"position\":2,\"name\":\"Imprensa brasileira perde o mestre Adail\"}]},{\"@type\":\"WebSite\",\"@id\":\"https:\\\/\\\/lurdinha.org\\\/site\\\/#website\",\"url\":\"https:\\\/\\\/lurdinha.org\\\/site\\\/\",\"name\":\"Lurdinha - Duque de Caxias para Est\u00f4magos Fortes\",\"description\":\"Site sobre Arte, Cultura, Pol\u00edtica, Sociedade e curiosidades da cidade de Duque de Caxias, RJ\",\"publisher\":{\"@id\":\"https:\\\/\\\/lurdinha.org\\\/site\\\/#organization\"},\"alternateName\":\"Lurdinha\",\"potentialAction\":[{\"@type\":\"SearchAction\",\"target\":{\"@type\":\"EntryPoint\",\"urlTemplate\":\"https:\\\/\\\/lurdinha.org\\\/site\\\/?s={search_term_string}\"},\"query-input\":{\"@type\":\"PropertyValueSpecification\",\"valueRequired\":true,\"valueName\":\"search_term_string\"}}],\"inLanguage\":\"pt-BR\"},{\"@type\":\"Organization\",\"@id\":\"https:\\\/\\\/lurdinha.org\\\/site\\\/#organization\",\"name\":\"Lurdinha de Caxias\",\"url\":\"https:\\\/\\\/lurdinha.org\\\/site\\\/\",\"logo\":{\"@type\":\"ImageObject\",\"inLanguage\":\"pt-BR\",\"@id\":\"https:\\\/\\\/lurdinha.org\\\/site\\\/#\\\/schema\\\/logo\\\/image\\\/\",\"url\":\"https:\\\/\\\/lurdinha.org\\\/site\\\/wp-content\\\/uploads\\\/logo-lurdinha.jpg\",\"contentUrl\":\"https:\\\/\\\/lurdinha.org\\\/site\\\/wp-content\\\/uploads\\\/logo-lurdinha.jpg\",\"width\":640,\"height\":60,\"caption\":\"Lurdinha de Caxias\"},\"image\":{\"@id\":\"https:\\\/\\\/lurdinha.org\\\/site\\\/#\\\/schema\\\/logo\\\/image\\\/\"},\"sameAs\":[\"https:\\\/\\\/www.facebook.com\\\/LurdinhadeCaxias\",\"https:\\\/\\\/www.instagram.com\\\/lurdinhadecaxias\"]},{\"@type\":\"Person\",\"@id\":\"https:\\\/\\\/lurdinha.org\\\/site\\\/#\\\/schema\\\/person\\\/b833bb6a7f82598bf0e95e4c30874251\",\"name\":\"heraldo hb\",\"image\":{\"@type\":\"ImageObject\",\"inLanguage\":\"pt-BR\",\"@id\":\"https:\\\/\\\/secure.gravatar.com\\\/avatar\\\/5de9fe99c72cb6885bbdaa24b1c5738b0f673d265de18720fae7463d5f47b48d?s=96&d=mm&r=g\",\"url\":\"https:\\\/\\\/secure.gravatar.com\\\/avatar\\\/5de9fe99c72cb6885bbdaa24b1c5738b0f673d265de18720fae7463d5f47b48d?s=96&d=mm&r=g\",\"contentUrl\":\"https:\\\/\\\/secure.gravatar.com\\\/avatar\\\/5de9fe99c72cb6885bbdaa24b1c5738b0f673d265de18720fae7463d5f47b48d?s=96&d=mm&r=g\",\"caption\":\"heraldo hb\"},\"description\":\"Cineasta, animador cultural, escritor e educador nascido no s\u00e9culo XX\",\"sameAs\":[\"http:\\\/\\\/wwww.relinkare.org\",\"botocudo\",\"heraldohb\",\"relinkare\"],\"url\":\"https:\\\/\\\/lurdinha.org\\\/site\\\/author\\\/heraldohb\\\/\"}]}<\/script>\n<!-- \/ Yoast SEO plugin. -->","yoast_head_json":{"title":"Imprensa brasileira perde o mestre Adail - Lurdinha - Duque de Caxias para Est\u00f4magos Fortes","robots":{"index":"index","follow":"follow","max-snippet":"max-snippet:-1","max-image-preview":"max-image-preview:large","max-video-preview":"max-video-preview:-1"},"canonical":"https:\/\/lurdinha.org\/site\/imprensa-brasileira-perde-o-mestre-adail\/","og_locale":"pt_BR","og_type":"article","og_title":"Imprensa brasileira perde o mestre Adail - Lurdinha - Duque de Caxias para Est\u00f4magos Fortes","og_description":"Morreu na madrugada desta quarta-feira (5\/2) o jornalista e ilustrador\u00a0Adail Jos\u00e9 de Paula, aos 83...","og_url":"https:\/\/lurdinha.org\/site\/imprensa-brasileira-perde-o-mestre-adail\/","og_site_name":"Lurdinha - Duque de Caxias para Est\u00f4magos Fortes","article_publisher":"https:\/\/www.facebook.com\/LurdinhadeCaxias","article_author":"botocudo","article_published_time":"2014-02-08T02:37:22+00:00","article_modified_time":"2017-07-04T18:04:52+00:00","og_image":[{"width":220,"height":164,"url":"https:\/\/lurdinha.org\/site\/wp-content\/uploads\/adail-rosto.jpg","type":"image\/jpeg"}],"author":"heraldo hb","twitter_card":"summary_large_image","twitter_misc":{"Escrito por":"heraldo hb","Est. tempo de leitura":"3 minutos"},"schema":{"@context":"https:\/\/schema.org","@graph":[{"@type":"Article","@id":"https:\/\/lurdinha.org\/site\/imprensa-brasileira-perde-o-mestre-adail\/#article","isPartOf":{"@id":"https:\/\/lurdinha.org\/site\/imprensa-brasileira-perde-o-mestre-adail\/"},"author":{"name":"heraldo hb","@id":"https:\/\/lurdinha.org\/site\/#\/schema\/person\/b833bb6a7f82598bf0e95e4c30874251"},"headline":"Imprensa brasileira perde o mestre Adail","datePublished":"2014-02-08T02:37:22+00:00","dateModified":"2017-07-04T18:04:52+00:00","mainEntityOfPage":{"@id":"https:\/\/lurdinha.org\/site\/imprensa-brasileira-perde-o-mestre-adail\/"},"wordCount":543,"commentCount":0,"publisher":{"@id":"https:\/\/lurdinha.org\/site\/#organization"},"image":{"@id":"https:\/\/lurdinha.org\/site\/imprensa-brasileira-perde-o-mestre-adail\/#primaryimage"},"thumbnailUrl":"http:\/\/lurdinha.org\/site\/wp-content\/uploads\/adail-rosto.jpg","keywords":["abi","Adail","adail de paula","cartum","charge","duque-de-caxias","ilustra\u00e7\u00e3o","imprensa"],"articleSection":["gente","hist\u00f3ria"],"inLanguage":"pt-BR","potentialAction":[{"@type":"CommentAction","name":"Comment","target":["https:\/\/lurdinha.org\/site\/imprensa-brasileira-perde-o-mestre-adail\/#respond"]}]},{"@type":"WebPage","@id":"https:\/\/lurdinha.org\/site\/imprensa-brasileira-perde-o-mestre-adail\/","url":"https:\/\/lurdinha.org\/site\/imprensa-brasileira-perde-o-mestre-adail\/","name":"Imprensa brasileira perde o mestre Adail - Lurdinha - Duque de Caxias para Est\u00f4magos Fortes","isPartOf":{"@id":"https:\/\/lurdinha.org\/site\/#website"},"primaryImageOfPage":{"@id":"https:\/\/lurdinha.org\/site\/imprensa-brasileira-perde-o-mestre-adail\/#primaryimage"},"image":{"@id":"https:\/\/lurdinha.org\/site\/imprensa-brasileira-perde-o-mestre-adail\/#primaryimage"},"thumbnailUrl":"http:\/\/lurdinha.org\/site\/wp-content\/uploads\/adail-rosto.jpg","datePublished":"2014-02-08T02:37:22+00:00","dateModified":"2017-07-04T18:04:52+00:00","breadcrumb":{"@id":"https:\/\/lurdinha.org\/site\/imprensa-brasileira-perde-o-mestre-adail\/#breadcrumb"},"inLanguage":"pt-BR","potentialAction":[{"@type":"ReadAction","target":["https:\/\/lurdinha.org\/site\/imprensa-brasileira-perde-o-mestre-adail\/"]}]},{"@type":"ImageObject","inLanguage":"pt-BR","@id":"https:\/\/lurdinha.org\/site\/imprensa-brasileira-perde-o-mestre-adail\/#primaryimage","url":"https:\/\/lurdinha.org\/site\/wp-content\/uploads\/adail-rosto.jpg","contentUrl":"https:\/\/lurdinha.org\/site\/wp-content\/uploads\/adail-rosto.jpg","width":220,"height":164,"caption":"Adail de Paula"},{"@type":"BreadcrumbList","@id":"https:\/\/lurdinha.org\/site\/imprensa-brasileira-perde-o-mestre-adail\/#breadcrumb","itemListElement":[{"@type":"ListItem","position":1,"name":"In\u00edcio","item":"https:\/\/lurdinha.org\/site\/"},{"@type":"ListItem","position":2,"name":"Imprensa brasileira perde o mestre Adail"}]},{"@type":"WebSite","@id":"https:\/\/lurdinha.org\/site\/#website","url":"https:\/\/lurdinha.org\/site\/","name":"Lurdinha - Duque de Caxias para Est\u00f4magos Fortes","description":"Site sobre Arte, Cultura, Pol\u00edtica, Sociedade e curiosidades da cidade de Duque de Caxias, RJ","publisher":{"@id":"https:\/\/lurdinha.org\/site\/#organization"},"alternateName":"Lurdinha","potentialAction":[{"@type":"SearchAction","target":{"@type":"EntryPoint","urlTemplate":"https:\/\/lurdinha.org\/site\/?s={search_term_string}"},"query-input":{"@type":"PropertyValueSpecification","valueRequired":true,"valueName":"search_term_string"}}],"inLanguage":"pt-BR"},{"@type":"Organization","@id":"https:\/\/lurdinha.org\/site\/#organization","name":"Lurdinha de Caxias","url":"https:\/\/lurdinha.org\/site\/","logo":{"@type":"ImageObject","inLanguage":"pt-BR","@id":"https:\/\/lurdinha.org\/site\/#\/schema\/logo\/image\/","url":"https:\/\/lurdinha.org\/site\/wp-content\/uploads\/logo-lurdinha.jpg","contentUrl":"https:\/\/lurdinha.org\/site\/wp-content\/uploads\/logo-lurdinha.jpg","width":640,"height":60,"caption":"Lurdinha de Caxias"},"image":{"@id":"https:\/\/lurdinha.org\/site\/#\/schema\/logo\/image\/"},"sameAs":["https:\/\/www.facebook.com\/LurdinhadeCaxias","https:\/\/www.instagram.com\/lurdinhadecaxias"]},{"@type":"Person","@id":"https:\/\/lurdinha.org\/site\/#\/schema\/person\/b833bb6a7f82598bf0e95e4c30874251","name":"heraldo hb","image":{"@type":"ImageObject","inLanguage":"pt-BR","@id":"https:\/\/secure.gravatar.com\/avatar\/5de9fe99c72cb6885bbdaa24b1c5738b0f673d265de18720fae7463d5f47b48d?s=96&d=mm&r=g","url":"https:\/\/secure.gravatar.com\/avatar\/5de9fe99c72cb6885bbdaa24b1c5738b0f673d265de18720fae7463d5f47b48d?s=96&d=mm&r=g","contentUrl":"https:\/\/secure.gravatar.com\/avatar\/5de9fe99c72cb6885bbdaa24b1c5738b0f673d265de18720fae7463d5f47b48d?s=96&d=mm&r=g","caption":"heraldo hb"},"description":"Cineasta, animador cultural, escritor e educador nascido no s\u00e9culo XX","sameAs":["http:\/\/wwww.relinkare.org","botocudo","heraldohb","relinkare"],"url":"https:\/\/lurdinha.org\/site\/author\/heraldohb\/"}]}},"views":6615,"_links":{"self":[{"href":"https:\/\/lurdinha.org\/site\/wp-json\/wp\/v2\/posts\/4321","targetHints":{"allow":["GET"]}}],"collection":[{"href":"https:\/\/lurdinha.org\/site\/wp-json\/wp\/v2\/posts"}],"about":[{"href":"https:\/\/lurdinha.org\/site\/wp-json\/wp\/v2\/types\/post"}],"author":[{"embeddable":true,"href":"https:\/\/lurdinha.org\/site\/wp-json\/wp\/v2\/users\/2"}],"replies":[{"embeddable":true,"href":"https:\/\/lurdinha.org\/site\/wp-json\/wp\/v2\/comments?post=4321"}],"version-history":[{"count":9,"href":"https:\/\/lurdinha.org\/site\/wp-json\/wp\/v2\/posts\/4321\/revisions"}],"predecessor-version":[{"id":6593,"href":"https:\/\/lurdinha.org\/site\/wp-json\/wp\/v2\/posts\/4321\/revisions\/6593"}],"wp:attachment":[{"href":"https:\/\/lurdinha.org\/site\/wp-json\/wp\/v2\/media?parent=4321"}],"wp:term":[{"taxonomy":"category","embeddable":true,"href":"https:\/\/lurdinha.org\/site\/wp-json\/wp\/v2\/categories?post=4321"},{"taxonomy":"post_tag","embeddable":true,"href":"https:\/\/lurdinha.org\/site\/wp-json\/wp\/v2\/tags?post=4321"}],"curies":[{"name":"wp","href":"https:\/\/api.w.org\/{rel}","templated":true}]}}