{"id":4257,"date":"2013-12-26T02:36:35","date_gmt":"2013-12-26T02:36:35","guid":{"rendered":"http:\/\/lurdinha.org\/site\/?p=4257"},"modified":"2013-12-27T19:38:41","modified_gmt":"2013-12-27T19:38:41","slug":"o-pmll-plano-municipal-do-livro-e-leitura-em-duque-de-caxias-balanco-de-2013-e-desafios-de-2014","status":"publish","type":"post","link":"https:\/\/lurdinha.org\/site\/o-pmll-plano-municipal-do-livro-e-leitura-em-duque-de-caxias-balanco-de-2013-e-desafios-de-2014\/","title":{"rendered":"O PMLL (Plano Municipal do Livro e Leitura) em Duque de Caxias: balan\u00e7o de 2013 e desafios de 2014"},"content":{"rendered":"<p align=\"LEFT\">O ano est\u00e1 acabando. \u00c9 tempo de ficar com a fam\u00edlia, descansar e repor as energias. Enquanto aguardamos os fogos de 2014, pontuarei alguns t\u00f3picos que considero importantes na caminhada do Plano Municipal do Livro e Leitura (PMLL) em Duque de Caxias.<\/p>\n<p align=\"JUSTIFY\">Come\u00e7amos percebendo que Caxias possui um movimento de bibliotecas comunit\u00e1rias que se articulou nos \u00faltimos anos sob a lideran\u00e7a da Biblioteca Solano Trindade. Esse movimento ganhou for\u00e7a, constituiu a Rede de Bibliotecas Comunit\u00e1rias e provocou uma discuss\u00e3o sobre pol\u00edticas p\u00fablicas para a leitura na cidade. Em 2013, dois fatos marcam o ac\u00famulo de for\u00e7as desse movimento: (1) a chegada do professor Ant\u00f4nio Carlos na Biblioteca Leonel Brizola e na coordena\u00e7\u00e3o da pol\u00edtica municipal de livro e leitura da prefeitura; (2) o pr\u00eamio do Instituto C&amp;A para a moderniza\u00e7\u00e3o e a capacita\u00e7\u00e3o da Rede de Bibliotecas Comunit\u00e1rias de Duque de Caxias. Esses dois fatos impulsionaram a agenda do PMLL na cidade, ampliaram as discuss\u00f5es entre governo e sociedade civil e refor\u00e7aram o tema na opini\u00e3o p\u00fablica caxiense.<\/p>\n<p align=\"JUSTIFY\">Como resultados dessa caminhada em 2013 podemos listar a realiza\u00e7\u00e3o de discuss\u00f5es do PMLL nos quatro distritos, a Confer\u00eancia Municipal de Livro e Leitura, a Festa Liter\u00e1ria em Caxias, a retomada da Biblioteca Leonel Brizola para lan\u00e7amento de livros e a promo\u00e7\u00e3o de discuss\u00f5es com os movimentos sociais da cidade. Temos tamb\u00e9m o fortalecimento e capacita\u00e7\u00e3o da Rede de Bibliotecas Comunit\u00e1rias patrocinado pelo Instituto C&amp;A, contemplando as bibliotecas Solano Trindade, PROFEC, o Grupo Comunit\u00e1rio ChocoBim, a biblioteca de Vila Aracy e a Igreja Ortodoxa Nossa Sra. das Neves. Outro destaque, ainda no campo da sociedade civil, foi a consolida\u00e7\u00e3o na FEBF do Grupo de Estudos de Territ\u00f3rios de Leituras (GETL) e a realiza\u00e7\u00e3o do \u201cI Col\u00f3quio Pela Constru\u00e7\u00e3o de espa\u00e7o de Leituras na Baixada Fluminense\u201d. Detalhe que esse grupo se destina a estudar a forma\u00e7\u00e3o de espa\u00e7os de leitura e de leitores na regi\u00e3o, constituindo-se como <i>locus<\/i> de reflex\u00e3o cr\u00edtica sobre o tema.<\/p>\n<p align=\"JUSTIFY\">Muita coisa aconteceu no campo do livro e leitura em 2013. No entanto, chama a aten\u00e7\u00e3o que muito do que foi realizado \u00e9 fruto das a\u00e7\u00f5es e articula\u00e7\u00f5es que a sociedade civil e o movimento popular de Caxias j\u00e1 estavam organizando. Concretamente, a prefeitura investiu pouqu\u00edssimo, ou quase nada, em livro e leitura. O governo usa a desculpa de que n\u00e3o possui dinheiro porque a prefeitura est\u00e1 endividada. OK. Mas n\u00e3o d\u00e1 para repetir essa desculpa durante quatro anos! N\u00e3o se faz pol\u00edtica p\u00fablica sem dinheiro. N\u00e3o adianta promover participa\u00e7\u00e3o popular na constru\u00e7\u00e3o do PMLL se o governo n\u00e3o fizer dota\u00e7\u00e3o or\u00e7ament\u00e1ria para implementa\u00e7\u00e3o do Plano. \u00c9 uma contradi\u00e7\u00e3o&#8230;<\/p>\n<p align=\"JUSTIFY\">\u00a0Como participante h\u00e1 alguns anos dessa discuss\u00e3o na cidade, listo abaixo os pontos que devemos acompanhar para a consolida\u00e7\u00e3o de uma pol\u00edtica de leitura em Caxias.<\/p>\n<ol>\n<li>\n<p align=\"JUSTIFY\">Formaliza\u00e7\u00e3o atrav\u00e9s de um Decreto Municipal do Grupo de Trabalho para elaborar o PMLL. O GT dever\u00e1 revisar e consolidar as contribui\u00e7\u00f5es recebidas durante os encontros nos quatro distritos e na Confer\u00eancia Municipal. Em seguida, esse Plano dever\u00e1 ser apresentando \u00e0 C\u00e2mara de Vereadores e\/ou ao Prefeito.<\/p>\n<\/li>\n<li>\n<p align=\"JUSTIFY\">Aproxima\u00e7\u00e3o do GT\/PMLL com o Legislativo Municipal e a realiza\u00e7\u00e3o de uma audi\u00eancia p\u00fablica na C\u00e2mara. Tarefa dif\u00edcil, mas necess\u00e1ria. \u00c9 importante que o PMLL seja aprovado pela C\u00e2mara e tenha for\u00e7a de lei.<\/p>\n<\/li>\n<li>\n<p align=\"JUSTIFY\">Aprova\u00e7\u00e3o do PMLL, pelo legislativo e executivo, ainda no primeiro semestre de 2014. Com o Plano aprovado, a batalha ser\u00e1 pela dota\u00e7\u00e3o or\u00e7ament\u00e1ria, por meio do Plano Plurianual (PPA) e da Lei Or\u00e7ament\u00e1ria Anual (LOA)<\/p>\n<\/li>\n<li>\n<p align=\"JUSTIFY\">Consolida\u00e7\u00e3o da Biblioteca Leonel Brizola como respons\u00e1vel pela coordena\u00e7\u00e3o e implementa\u00e7\u00e3o do PMLL em Caxias. Essa decis\u00e3o deve estar expressa no PMLL. Esse modelo reflete o formato adotado pelo governo federal, em que a Biblioteca Nacional \u00e9 respons\u00e1vel pela implementa\u00e7\u00e3o do PNLL no Brasil. Isso significa que N\u00c3O \u00e9 necess\u00e1rio a cria\u00e7\u00e3o de uma Secretaria Municipal de Livro e Leitura. A cria\u00e7\u00e3o da secretaria pode gerar uma disputa desnecess\u00e1ria em torno da nova inst\u00e2ncia municipal e de cargos, esvaziando ainda mais as possibilidades de implementa\u00e7\u00e3o de pol\u00edticas p\u00fablicas.<\/p>\n<\/li>\n<\/ol>\n<p align=\"JUSTIFY\">\u00a0Como sempre, sou um otimista com os p\u00e9s no ch\u00e3o. N\u00e3o existe milagre em pol\u00edtica p\u00fablica. Ainda mais em Caxias&#8230; No entanto, acredito que somos parte de uma gera\u00e7\u00e3o capaz de criar uma experi\u00eancia de pol\u00edtica p\u00fablica com participa\u00e7\u00e3o popular que seja refer\u00eancia para a cidade e para Baixada Fluminense. Em meio a tanto descr\u00e9dito e descompromisso com a gest\u00e3o p\u00fablica, o PMLL possui um peso maior do que o Plano em si. Ele disputa um <i>modus operandi<\/i> da rela\u00e7\u00e3o entre governo e sociedade civil na constitui\u00e7\u00e3o de pol\u00edticas p\u00fablicas.<\/p>\n<p align=\"JUSTIFY\">\u00a0Que 2014 seja repleto de vit\u00f3rias e conquistas para o PMLL\/DC.<\/p>\n<figure id=\"attachment_4259\" aria-describedby=\"caption-attachment-4259\" style=\"width: 550px\" class=\"wp-caption alignnone\"><img loading=\"lazy\" decoding=\"async\" class=\"size-full wp-image-4259\" alt=\"conferencia PMLL - livro e leitura duque de caxias\" src=\"http:\/\/lurdinha.org\/site\/wp-content\/uploads\/conferenciaPMLL.jpg\" width=\"550\" height=\"413\" srcset=\"https:\/\/lurdinha.org\/site\/wp-content\/uploads\/conferenciaPMLL.jpg 550w, https:\/\/lurdinha.org\/site\/wp-content\/uploads\/conferenciaPMLL-300x225.jpg 300w\" sizes=\"auto, (max-width: 550px) 100vw, 550px\" \/><figcaption id=\"caption-attachment-4259\" class=\"wp-caption-text\">I Confer\u00eancia Municipal de Livro e Leitura &#8211; Duque de Caxias (17\/08\/13), no Teatro Raul Cortez.<\/figcaption><\/figure>\n<p>&nbsp;<\/p>\n","protected":false},"excerpt":{"rendered":"<p>O ano est\u00e1 acabando. \u00c9 tempo de ficar com a fam\u00edlia, descansar e repor as&#8230;<\/p>\n","protected":false},"author":16,"featured_media":0,"comment_status":"open","ping_status":"closed","sticky":false,"template":"","format":"standard","meta":{"footnotes":""},"categories":[4],"tags":[318,11,434,436],"class_list":["post-4257","post","type-post","status-publish","format-standard","hentry","category-opiniao","tag-baixada-flumimense","tag-duque-de-caxias","tag-plano-municipal-do-livro-e-leitura","tag-pmll"],"yoast_head":"<!-- This site is optimized with the Yoast SEO plugin v27.3 - https:\/\/yoast.com\/product\/yoast-seo-wordpress\/ -->\n<title>O PMLL (Plano Municipal do Livro e Leitura) em Duque de Caxias: balan\u00e7o de 2013 e desafios de 2014 - Lurdinha - Duque de Caxias para Est\u00f4magos Fortes<\/title>\n<meta name=\"robots\" content=\"index, follow, max-snippet:-1, max-image-preview:large, max-video-preview:-1\" \/>\n<link rel=\"canonical\" href=\"https:\/\/lurdinha.org\/site\/o-pmll-plano-municipal-do-livro-e-leitura-em-duque-de-caxias-balanco-de-2013-e-desafios-de-2014\/\" \/>\n<meta property=\"og:locale\" content=\"pt_BR\" \/>\n<meta property=\"og:type\" content=\"article\" \/>\n<meta property=\"og:title\" content=\"O PMLL (Plano Municipal do Livro e Leitura) em Duque de Caxias: balan\u00e7o de 2013 e desafios de 2014 - Lurdinha - Duque de Caxias para Est\u00f4magos Fortes\" \/>\n<meta property=\"og:description\" content=\"O ano est\u00e1 acabando. \u00c9 tempo de ficar com a fam\u00edlia, descansar e repor as...\" \/>\n<meta property=\"og:url\" content=\"https:\/\/lurdinha.org\/site\/o-pmll-plano-municipal-do-livro-e-leitura-em-duque-de-caxias-balanco-de-2013-e-desafios-de-2014\/\" \/>\n<meta property=\"og:site_name\" content=\"Lurdinha - Duque de Caxias para Est\u00f4magos Fortes\" \/>\n<meta property=\"article:publisher\" content=\"https:\/\/www.facebook.com\/LurdinhadeCaxias\" \/>\n<meta property=\"article:author\" content=\"henrique.silveira.319\" \/>\n<meta property=\"article:published_time\" content=\"2013-12-26T02:36:35+00:00\" \/>\n<meta property=\"article:modified_time\" content=\"2013-12-27T19:38:41+00:00\" \/>\n<meta property=\"og:image\" content=\"https:\/\/lurdinha.org\/site\/wp-content\/uploads\/conferenciaPMLL.jpg\" \/>\n\t<meta property=\"og:image:width\" content=\"550\" \/>\n\t<meta property=\"og:image:height\" content=\"413\" \/>\n\t<meta property=\"og:image:type\" content=\"image\/jpeg\" \/>\n<meta name=\"author\" content=\"Henrique Silveira\" \/>\n<meta name=\"twitter:card\" content=\"summary_large_image\" \/>\n<meta name=\"twitter:label1\" content=\"Escrito por\" \/>\n\t<meta name=\"twitter:data1\" content=\"Henrique Silveira\" \/>\n\t<meta name=\"twitter:label2\" content=\"Est. tempo de leitura\" \/>\n\t<meta name=\"twitter:data2\" content=\"4 minutos\" \/>\n<script type=\"application\/ld+json\" class=\"yoast-schema-graph\">{\"@context\":\"https:\\\/\\\/schema.org\",\"@graph\":[{\"@type\":\"Article\",\"@id\":\"https:\\\/\\\/lurdinha.org\\\/site\\\/o-pmll-plano-municipal-do-livro-e-leitura-em-duque-de-caxias-balanco-de-2013-e-desafios-de-2014\\\/#article\",\"isPartOf\":{\"@id\":\"https:\\\/\\\/lurdinha.org\\\/site\\\/o-pmll-plano-municipal-do-livro-e-leitura-em-duque-de-caxias-balanco-de-2013-e-desafios-de-2014\\\/\"},\"author\":{\"name\":\"Henrique Silveira\",\"@id\":\"https:\\\/\\\/lurdinha.org\\\/site\\\/#\\\/schema\\\/person\\\/b7f36739e477fd3809ed9f880d85ba89\"},\"headline\":\"O PMLL (Plano Municipal do Livro e Leitura) em Duque de Caxias: balan\u00e7o de 2013 e desafios de 2014\",\"datePublished\":\"2013-12-26T02:36:35+00:00\",\"dateModified\":\"2013-12-27T19:38:41+00:00\",\"mainEntityOfPage\":{\"@id\":\"https:\\\/\\\/lurdinha.org\\\/site\\\/o-pmll-plano-municipal-do-livro-e-leitura-em-duque-de-caxias-balanco-de-2013-e-desafios-de-2014\\\/\"},\"wordCount\":916,\"commentCount\":0,\"publisher\":{\"@id\":\"https:\\\/\\\/lurdinha.org\\\/site\\\/#organization\"},\"image\":{\"@id\":\"https:\\\/\\\/lurdinha.org\\\/site\\\/o-pmll-plano-municipal-do-livro-e-leitura-em-duque-de-caxias-balanco-de-2013-e-desafios-de-2014\\\/#primaryimage\"},\"thumbnailUrl\":\"http:\\\/\\\/lurdinha.org\\\/site\\\/wp-content\\\/uploads\\\/conferenciaPMLL.jpg\",\"keywords\":[\"Baixada Flumimense\",\"duque-de-caxias\",\"Plano Municipal do Livro e Leitura\",\"pmll\"],\"articleSection\":[\"uma opini\u00e3o\"],\"inLanguage\":\"pt-BR\",\"potentialAction\":[{\"@type\":\"CommentAction\",\"name\":\"Comment\",\"target\":[\"https:\\\/\\\/lurdinha.org\\\/site\\\/o-pmll-plano-municipal-do-livro-e-leitura-em-duque-de-caxias-balanco-de-2013-e-desafios-de-2014\\\/#respond\"]}]},{\"@type\":\"WebPage\",\"@id\":\"https:\\\/\\\/lurdinha.org\\\/site\\\/o-pmll-plano-municipal-do-livro-e-leitura-em-duque-de-caxias-balanco-de-2013-e-desafios-de-2014\\\/\",\"url\":\"https:\\\/\\\/lurdinha.org\\\/site\\\/o-pmll-plano-municipal-do-livro-e-leitura-em-duque-de-caxias-balanco-de-2013-e-desafios-de-2014\\\/\",\"name\":\"O PMLL (Plano Municipal do Livro e Leitura) em Duque de Caxias: balan\u00e7o de 2013 e desafios de 2014 - Lurdinha - Duque de Caxias para Est\u00f4magos Fortes\",\"isPartOf\":{\"@id\":\"https:\\\/\\\/lurdinha.org\\\/site\\\/#website\"},\"primaryImageOfPage\":{\"@id\":\"https:\\\/\\\/lurdinha.org\\\/site\\\/o-pmll-plano-municipal-do-livro-e-leitura-em-duque-de-caxias-balanco-de-2013-e-desafios-de-2014\\\/#primaryimage\"},\"image\":{\"@id\":\"https:\\\/\\\/lurdinha.org\\\/site\\\/o-pmll-plano-municipal-do-livro-e-leitura-em-duque-de-caxias-balanco-de-2013-e-desafios-de-2014\\\/#primaryimage\"},\"thumbnailUrl\":\"http:\\\/\\\/lurdinha.org\\\/site\\\/wp-content\\\/uploads\\\/conferenciaPMLL.jpg\",\"datePublished\":\"2013-12-26T02:36:35+00:00\",\"dateModified\":\"2013-12-27T19:38:41+00:00\",\"breadcrumb\":{\"@id\":\"https:\\\/\\\/lurdinha.org\\\/site\\\/o-pmll-plano-municipal-do-livro-e-leitura-em-duque-de-caxias-balanco-de-2013-e-desafios-de-2014\\\/#breadcrumb\"},\"inLanguage\":\"pt-BR\",\"potentialAction\":[{\"@type\":\"ReadAction\",\"target\":[\"https:\\\/\\\/lurdinha.org\\\/site\\\/o-pmll-plano-municipal-do-livro-e-leitura-em-duque-de-caxias-balanco-de-2013-e-desafios-de-2014\\\/\"]}]},{\"@type\":\"ImageObject\",\"inLanguage\":\"pt-BR\",\"@id\":\"https:\\\/\\\/lurdinha.org\\\/site\\\/o-pmll-plano-municipal-do-livro-e-leitura-em-duque-de-caxias-balanco-de-2013-e-desafios-de-2014\\\/#primaryimage\",\"url\":\"https:\\\/\\\/lurdinha.org\\\/site\\\/wp-content\\\/uploads\\\/conferenciaPMLL.jpg\",\"contentUrl\":\"https:\\\/\\\/lurdinha.org\\\/site\\\/wp-content\\\/uploads\\\/conferenciaPMLL.jpg\",\"width\":550,\"height\":413,\"caption\":\"conferencia PMLL - livro e leitura duque de caxias\"},{\"@type\":\"BreadcrumbList\",\"@id\":\"https:\\\/\\\/lurdinha.org\\\/site\\\/o-pmll-plano-municipal-do-livro-e-leitura-em-duque-de-caxias-balanco-de-2013-e-desafios-de-2014\\\/#breadcrumb\",\"itemListElement\":[{\"@type\":\"ListItem\",\"position\":1,\"name\":\"In\u00edcio\",\"item\":\"https:\\\/\\\/lurdinha.org\\\/site\\\/\"},{\"@type\":\"ListItem\",\"position\":2,\"name\":\"O PMLL (Plano Municipal do Livro e Leitura) em Duque de Caxias: balan\u00e7o de 2013 e desafios de 2014\"}]},{\"@type\":\"WebSite\",\"@id\":\"https:\\\/\\\/lurdinha.org\\\/site\\\/#website\",\"url\":\"https:\\\/\\\/lurdinha.org\\\/site\\\/\",\"name\":\"Lurdinha - Duque de Caxias para Est\u00f4magos Fortes\",\"description\":\"Site sobre Arte, Cultura, Pol\u00edtica, Sociedade e curiosidades da cidade de Duque de Caxias, RJ\",\"publisher\":{\"@id\":\"https:\\\/\\\/lurdinha.org\\\/site\\\/#organization\"},\"alternateName\":\"Lurdinha\",\"potentialAction\":[{\"@type\":\"SearchAction\",\"target\":{\"@type\":\"EntryPoint\",\"urlTemplate\":\"https:\\\/\\\/lurdinha.org\\\/site\\\/?s={search_term_string}\"},\"query-input\":{\"@type\":\"PropertyValueSpecification\",\"valueRequired\":true,\"valueName\":\"search_term_string\"}}],\"inLanguage\":\"pt-BR\"},{\"@type\":\"Organization\",\"@id\":\"https:\\\/\\\/lurdinha.org\\\/site\\\/#organization\",\"name\":\"Lurdinha de Caxias\",\"url\":\"https:\\\/\\\/lurdinha.org\\\/site\\\/\",\"logo\":{\"@type\":\"ImageObject\",\"inLanguage\":\"pt-BR\",\"@id\":\"https:\\\/\\\/lurdinha.org\\\/site\\\/#\\\/schema\\\/logo\\\/image\\\/\",\"url\":\"https:\\\/\\\/lurdinha.org\\\/site\\\/wp-content\\\/uploads\\\/logo-lurdinha.jpg\",\"contentUrl\":\"https:\\\/\\\/lurdinha.org\\\/site\\\/wp-content\\\/uploads\\\/logo-lurdinha.jpg\",\"width\":640,\"height\":60,\"caption\":\"Lurdinha de Caxias\"},\"image\":{\"@id\":\"https:\\\/\\\/lurdinha.org\\\/site\\\/#\\\/schema\\\/logo\\\/image\\\/\"},\"sameAs\":[\"https:\\\/\\\/www.facebook.com\\\/LurdinhadeCaxias\",\"https:\\\/\\\/www.instagram.com\\\/lurdinhadecaxias\"]},{\"@type\":\"Person\",\"@id\":\"https:\\\/\\\/lurdinha.org\\\/site\\\/#\\\/schema\\\/person\\\/b7f36739e477fd3809ed9f880d85ba89\",\"name\":\"Henrique Silveira\",\"image\":{\"@type\":\"ImageObject\",\"inLanguage\":\"pt-BR\",\"@id\":\"https:\\\/\\\/secure.gravatar.com\\\/avatar\\\/65ed9674651bf1e369939454eea465de6a6b2c680f11e9374ce65b4952afaefc?s=96&d=mm&r=g\",\"url\":\"https:\\\/\\\/secure.gravatar.com\\\/avatar\\\/65ed9674651bf1e369939454eea465de6a6b2c680f11e9374ce65b4952afaefc?s=96&d=mm&r=g\",\"contentUrl\":\"https:\\\/\\\/secure.gravatar.com\\\/avatar\\\/65ed9674651bf1e369939454eea465de6a6b2c680f11e9374ce65b4952afaefc?s=96&d=mm&r=g\",\"caption\":\"Henrique Silveira\"},\"description\":\"Henrique Silveira \u00e9 ge\u00f3grafo, cofundador da Casa Fluminense e autor do livro \u201cRio por Inteiro: reflex\u00f5es sobre a cidade metropolitana\u201d.\",\"sameAs\":[\"henrique.silveira.319\"],\"url\":\"https:\\\/\\\/lurdinha.org\\\/site\\\/author\\\/henriquesilveira\\\/\"}]}<\/script>\n<!-- \/ Yoast SEO plugin. -->","yoast_head_json":{"title":"O PMLL (Plano Municipal do Livro e Leitura) em Duque de Caxias: balan\u00e7o de 2013 e desafios de 2014 - Lurdinha - Duque de Caxias para Est\u00f4magos Fortes","robots":{"index":"index","follow":"follow","max-snippet":"max-snippet:-1","max-image-preview":"max-image-preview:large","max-video-preview":"max-video-preview:-1"},"canonical":"https:\/\/lurdinha.org\/site\/o-pmll-plano-municipal-do-livro-e-leitura-em-duque-de-caxias-balanco-de-2013-e-desafios-de-2014\/","og_locale":"pt_BR","og_type":"article","og_title":"O PMLL (Plano Municipal do Livro e Leitura) em Duque de Caxias: balan\u00e7o de 2013 e desafios de 2014 - Lurdinha - Duque de Caxias para Est\u00f4magos Fortes","og_description":"O ano est\u00e1 acabando. \u00c9 tempo de ficar com a fam\u00edlia, descansar e repor as...","og_url":"https:\/\/lurdinha.org\/site\/o-pmll-plano-municipal-do-livro-e-leitura-em-duque-de-caxias-balanco-de-2013-e-desafios-de-2014\/","og_site_name":"Lurdinha - Duque de Caxias para Est\u00f4magos Fortes","article_publisher":"https:\/\/www.facebook.com\/LurdinhadeCaxias","article_author":"henrique.silveira.319","article_published_time":"2013-12-26T02:36:35+00:00","article_modified_time":"2013-12-27T19:38:41+00:00","og_image":[{"width":550,"height":413,"url":"https:\/\/lurdinha.org\/site\/wp-content\/uploads\/conferenciaPMLL.jpg","type":"image\/jpeg"}],"author":"Henrique Silveira","twitter_card":"summary_large_image","twitter_misc":{"Escrito por":"Henrique Silveira","Est. tempo de leitura":"4 minutos"},"schema":{"@context":"https:\/\/schema.org","@graph":[{"@type":"Article","@id":"https:\/\/lurdinha.org\/site\/o-pmll-plano-municipal-do-livro-e-leitura-em-duque-de-caxias-balanco-de-2013-e-desafios-de-2014\/#article","isPartOf":{"@id":"https:\/\/lurdinha.org\/site\/o-pmll-plano-municipal-do-livro-e-leitura-em-duque-de-caxias-balanco-de-2013-e-desafios-de-2014\/"},"author":{"name":"Henrique Silveira","@id":"https:\/\/lurdinha.org\/site\/#\/schema\/person\/b7f36739e477fd3809ed9f880d85ba89"},"headline":"O PMLL (Plano Municipal do Livro e Leitura) em Duque de Caxias: balan\u00e7o de 2013 e desafios de 2014","datePublished":"2013-12-26T02:36:35+00:00","dateModified":"2013-12-27T19:38:41+00:00","mainEntityOfPage":{"@id":"https:\/\/lurdinha.org\/site\/o-pmll-plano-municipal-do-livro-e-leitura-em-duque-de-caxias-balanco-de-2013-e-desafios-de-2014\/"},"wordCount":916,"commentCount":0,"publisher":{"@id":"https:\/\/lurdinha.org\/site\/#organization"},"image":{"@id":"https:\/\/lurdinha.org\/site\/o-pmll-plano-municipal-do-livro-e-leitura-em-duque-de-caxias-balanco-de-2013-e-desafios-de-2014\/#primaryimage"},"thumbnailUrl":"http:\/\/lurdinha.org\/site\/wp-content\/uploads\/conferenciaPMLL.jpg","keywords":["Baixada Flumimense","duque-de-caxias","Plano Municipal do Livro e Leitura","pmll"],"articleSection":["uma opini\u00e3o"],"inLanguage":"pt-BR","potentialAction":[{"@type":"CommentAction","name":"Comment","target":["https:\/\/lurdinha.org\/site\/o-pmll-plano-municipal-do-livro-e-leitura-em-duque-de-caxias-balanco-de-2013-e-desafios-de-2014\/#respond"]}]},{"@type":"WebPage","@id":"https:\/\/lurdinha.org\/site\/o-pmll-plano-municipal-do-livro-e-leitura-em-duque-de-caxias-balanco-de-2013-e-desafios-de-2014\/","url":"https:\/\/lurdinha.org\/site\/o-pmll-plano-municipal-do-livro-e-leitura-em-duque-de-caxias-balanco-de-2013-e-desafios-de-2014\/","name":"O PMLL (Plano Municipal do Livro e Leitura) em Duque de Caxias: balan\u00e7o de 2013 e desafios de 2014 - Lurdinha - Duque de Caxias para Est\u00f4magos Fortes","isPartOf":{"@id":"https:\/\/lurdinha.org\/site\/#website"},"primaryImageOfPage":{"@id":"https:\/\/lurdinha.org\/site\/o-pmll-plano-municipal-do-livro-e-leitura-em-duque-de-caxias-balanco-de-2013-e-desafios-de-2014\/#primaryimage"},"image":{"@id":"https:\/\/lurdinha.org\/site\/o-pmll-plano-municipal-do-livro-e-leitura-em-duque-de-caxias-balanco-de-2013-e-desafios-de-2014\/#primaryimage"},"thumbnailUrl":"http:\/\/lurdinha.org\/site\/wp-content\/uploads\/conferenciaPMLL.jpg","datePublished":"2013-12-26T02:36:35+00:00","dateModified":"2013-12-27T19:38:41+00:00","breadcrumb":{"@id":"https:\/\/lurdinha.org\/site\/o-pmll-plano-municipal-do-livro-e-leitura-em-duque-de-caxias-balanco-de-2013-e-desafios-de-2014\/#breadcrumb"},"inLanguage":"pt-BR","potentialAction":[{"@type":"ReadAction","target":["https:\/\/lurdinha.org\/site\/o-pmll-plano-municipal-do-livro-e-leitura-em-duque-de-caxias-balanco-de-2013-e-desafios-de-2014\/"]}]},{"@type":"ImageObject","inLanguage":"pt-BR","@id":"https:\/\/lurdinha.org\/site\/o-pmll-plano-municipal-do-livro-e-leitura-em-duque-de-caxias-balanco-de-2013-e-desafios-de-2014\/#primaryimage","url":"https:\/\/lurdinha.org\/site\/wp-content\/uploads\/conferenciaPMLL.jpg","contentUrl":"https:\/\/lurdinha.org\/site\/wp-content\/uploads\/conferenciaPMLL.jpg","width":550,"height":413,"caption":"conferencia PMLL - livro e leitura duque de caxias"},{"@type":"BreadcrumbList","@id":"https:\/\/lurdinha.org\/site\/o-pmll-plano-municipal-do-livro-e-leitura-em-duque-de-caxias-balanco-de-2013-e-desafios-de-2014\/#breadcrumb","itemListElement":[{"@type":"ListItem","position":1,"name":"In\u00edcio","item":"https:\/\/lurdinha.org\/site\/"},{"@type":"ListItem","position":2,"name":"O PMLL (Plano Municipal do Livro e Leitura) em Duque de Caxias: balan\u00e7o de 2013 e desafios de 2014"}]},{"@type":"WebSite","@id":"https:\/\/lurdinha.org\/site\/#website","url":"https:\/\/lurdinha.org\/site\/","name":"Lurdinha - Duque de Caxias para Est\u00f4magos Fortes","description":"Site sobre Arte, Cultura, Pol\u00edtica, Sociedade e curiosidades da cidade de Duque de Caxias, RJ","publisher":{"@id":"https:\/\/lurdinha.org\/site\/#organization"},"alternateName":"Lurdinha","potentialAction":[{"@type":"SearchAction","target":{"@type":"EntryPoint","urlTemplate":"https:\/\/lurdinha.org\/site\/?s={search_term_string}"},"query-input":{"@type":"PropertyValueSpecification","valueRequired":true,"valueName":"search_term_string"}}],"inLanguage":"pt-BR"},{"@type":"Organization","@id":"https:\/\/lurdinha.org\/site\/#organization","name":"Lurdinha de Caxias","url":"https:\/\/lurdinha.org\/site\/","logo":{"@type":"ImageObject","inLanguage":"pt-BR","@id":"https:\/\/lurdinha.org\/site\/#\/schema\/logo\/image\/","url":"https:\/\/lurdinha.org\/site\/wp-content\/uploads\/logo-lurdinha.jpg","contentUrl":"https:\/\/lurdinha.org\/site\/wp-content\/uploads\/logo-lurdinha.jpg","width":640,"height":60,"caption":"Lurdinha de Caxias"},"image":{"@id":"https:\/\/lurdinha.org\/site\/#\/schema\/logo\/image\/"},"sameAs":["https:\/\/www.facebook.com\/LurdinhadeCaxias","https:\/\/www.instagram.com\/lurdinhadecaxias"]},{"@type":"Person","@id":"https:\/\/lurdinha.org\/site\/#\/schema\/person\/b7f36739e477fd3809ed9f880d85ba89","name":"Henrique Silveira","image":{"@type":"ImageObject","inLanguage":"pt-BR","@id":"https:\/\/secure.gravatar.com\/avatar\/65ed9674651bf1e369939454eea465de6a6b2c680f11e9374ce65b4952afaefc?s=96&d=mm&r=g","url":"https:\/\/secure.gravatar.com\/avatar\/65ed9674651bf1e369939454eea465de6a6b2c680f11e9374ce65b4952afaefc?s=96&d=mm&r=g","contentUrl":"https:\/\/secure.gravatar.com\/avatar\/65ed9674651bf1e369939454eea465de6a6b2c680f11e9374ce65b4952afaefc?s=96&d=mm&r=g","caption":"Henrique Silveira"},"description":"Henrique Silveira \u00e9 ge\u00f3grafo, cofundador da Casa Fluminense e autor do livro \u201cRio por Inteiro: reflex\u00f5es sobre a cidade metropolitana\u201d.","sameAs":["henrique.silveira.319"],"url":"https:\/\/lurdinha.org\/site\/author\/henriquesilveira\/"}]}},"views":3807,"_links":{"self":[{"href":"https:\/\/lurdinha.org\/site\/wp-json\/wp\/v2\/posts\/4257","targetHints":{"allow":["GET"]}}],"collection":[{"href":"https:\/\/lurdinha.org\/site\/wp-json\/wp\/v2\/posts"}],"about":[{"href":"https:\/\/lurdinha.org\/site\/wp-json\/wp\/v2\/types\/post"}],"author":[{"embeddable":true,"href":"https:\/\/lurdinha.org\/site\/wp-json\/wp\/v2\/users\/16"}],"replies":[{"embeddable":true,"href":"https:\/\/lurdinha.org\/site\/wp-json\/wp\/v2\/comments?post=4257"}],"version-history":[{"count":3,"href":"https:\/\/lurdinha.org\/site\/wp-json\/wp\/v2\/posts\/4257\/revisions"}],"predecessor-version":[{"id":4268,"href":"https:\/\/lurdinha.org\/site\/wp-json\/wp\/v2\/posts\/4257\/revisions\/4268"}],"wp:attachment":[{"href":"https:\/\/lurdinha.org\/site\/wp-json\/wp\/v2\/media?parent=4257"}],"wp:term":[{"taxonomy":"category","embeddable":true,"href":"https:\/\/lurdinha.org\/site\/wp-json\/wp\/v2\/categories?post=4257"},{"taxonomy":"post_tag","embeddable":true,"href":"https:\/\/lurdinha.org\/site\/wp-json\/wp\/v2\/tags?post=4257"}],"curies":[{"name":"wp","href":"https:\/\/api.w.org\/{rel}","templated":true}]}}