{"id":4074,"date":"2013-09-16T03:45:48","date_gmt":"2013-09-16T03:45:48","guid":{"rendered":"http:\/\/lurdinha.org\/site\/?p=4074"},"modified":"2013-09-16T03:49:01","modified_gmt":"2013-09-16T03:49:01","slug":"mobilidade-urbana-ii-nao-ao-brt-gramacho-imbarie","status":"publish","type":"post","link":"https:\/\/lurdinha.org\/site\/mobilidade-urbana-ii-nao-ao-brt-gramacho-imbarie\/","title":{"rendered":"Mobilidade Urbana II &#8211; N\u00c3O ao BRT Gramacho &#8211; Imbari\u00ea"},"content":{"rendered":"<p align=\"JUSTIFY\"><img loading=\"lazy\" decoding=\"async\" class=\"alignnone size-full wp-image-4077\" alt=\"vlt-brt\" src=\"http:\/\/lurdinha.org\/site\/wp-content\/uploads\/vlt-brt.jpg\" width=\"580\" height=\"435\" srcset=\"https:\/\/lurdinha.org\/site\/wp-content\/uploads\/vlt-brt.jpg 580w, https:\/\/lurdinha.org\/site\/wp-content\/uploads\/vlt-brt-300x225.jpg 300w\" sizes=\"auto, (max-width: 580px) 100vw, 580px\" \/><\/p>\n<p align=\"JUSTIFY\">A mobilidade urbana continua firme na pauta do dia. Nesse final de semana dois fatos marcaram posi\u00e7\u00e3o na constru\u00e7\u00e3o da agenda e das prioridades de investimentos em transportes na Baixada.<\/p>\n<p align=\"JUSTIFY\">O primeiro foi uma nota no jornal O Dia (12\/09) informando que a Dilma investir\u00e1 1,5 milh\u00e3o em estudos de viabilidade do VLT (Ve\u00edculo Leve sobre Trilhos) ligando o centro de Caxias at\u00e9 Santa Cruz da Serra e de um BRT ligando Gramacho \u00e0 Imbari\u00ea. Pergunta: Ser\u00e1 que ela e o prefeito sabem que j\u00e1 existe um ramal ferrovi\u00e1rio que liga Gramacho at\u00e9 Raiz da Serra, passando por Imbari\u00ea? Ser\u00e1 necess\u00e1rio muitos argumentos (e conversa fiada) para justificar a constru\u00e7\u00e3o de um BRT num trajeto onde j\u00e1 existe trem. Isso \u00e9 muito s\u00e9rio!! Construir o BRT Gramacho &#8211; Imbari\u00ea n\u00e3o resolve o problema da mobilidade urbana de maneira nenhuma. Pior do que isso, ele impedir\u00e1 o investimento nos ramais de Saracuruna e de Vila Inhomirim, j\u00e1 que a opini\u00e3o p\u00fablica estar\u00e1 em torno da constru\u00e7\u00e3o do BRT. Desse modo, o investimento S\u00c9RIO na aquisi\u00e7\u00e3o de novos trens, na reforma das esta\u00e7\u00f5es e na moderniza\u00e7\u00e3o da sinaliza\u00e7\u00e3o ficar\u00e1 para segundo plano, caso a prefeitura e o governo federal elejam o BRT como solu\u00e7\u00e3o para o transporte. Infelizmente, mais do que resolver o problema do transporte na regi\u00e3o metropolitana, o que existe \u00e9 a vontade dos governantes em fazer grandes obras e contratar empreiteiras.<\/p>\n<p align=\"JUSTIFY\">O segundo destaque foi a realiza\u00e7\u00e3o do Encontro Regional sobre a revitaliza\u00e7\u00e3o dos Trens de bitola estreita, realizado no s\u00e1bado (14\/09), no audit\u00f3rio da Unigranrio, em Mag\u00e9. O encontro contou com a presen\u00e7a do Secret\u00e1rio Estadual de Transporte, Julio Lopes, o prefeito de Mag\u00e9, Nestor Vidal, representantes da Supervia, da CBTU e do Movimento Popular. O saldo do encontro foi o an\u00fancio feito por Luiz de Souza, da Supervia, e pelo J\u00falio Lopes sobre a implanta\u00e7\u00e3o da VLT no ramal de Saracuruna x Mag\u00e9. Segundo a Supervia, os estudos de viabilidade t\u00e9cnica j\u00e1 foram feitos e o VLT pode ser utilizado no ramal de bitola estreita sem a necessidade de grandes adapta\u00e7\u00f5es. Duas composi\u00e7\u00f5es de VLT chegar\u00e3o de Maca\u00e9 at\u00e9 o final de 2013 e poder\u00e3o estar em funcionamento no primeiro semestre de 2014. Para o ramal de Vila Inhomirim n\u00e3o existe a previs\u00e3o de implanta\u00e7\u00e3o do VLT. Apesar de t\u00edmida, essa \u00e9 uma vit\u00f3ria importante. O movimento popular pela revitaliza\u00e7\u00e3o do ramal de Guapimirm e Vila Inhomirim luta h\u00e1 anos contra o descaso do governo. Se n\u00e3o fossem esses movimentos, certamente esses ramais estariam desativados. Portanto, o governo estadual se comprometer em implantar o VLT nesses ramais \u00e9 um passo importante dessa luta.<\/p>\n<p align=\"JUSTIFY\">Sem me alongar muito, percebemos que os protestos iniciados em junho est\u00e3o provocando a resposta (t\u00edmida) do poder p\u00fablico sobre a quest\u00e3o dos transportes. No entanto, se n\u00e3o houver debate p\u00fablico sobre as prioridades da mobilidade urbana nas cidades, os investimentos federais n\u00e3o resolver\u00e3o o problema e poder\u00e3o gerar mais dificuldades e contradi\u00e7\u00f5es no transporte da baixada.<\/p>\n<p align=\"JUSTIFY\">Transporte de massa \u00e9 o trem e o metr\u00f4. Precisamos de planejamento de longo prazo, que articulem esfor\u00e7os do governo federal, estadual e municipal. N\u00e3o adianta dar uma resposta eleitoral (BRT leva de 2 a 3 anos para ser constru\u00eddo) para o problema dos transportes. \u00c9 necess\u00e1rio ter vis\u00e3o estrat\u00e9gica para os pr\u00f3ximos 10, 15 e 20 anos. O debate est\u00e1 na mesa.<\/p>\n","protected":false},"excerpt":{"rendered":"<p>A mobilidade urbana continua firme na pauta do dia. Nesse final de semana dois fatos&#8230;<\/p>\n","protected":false},"author":16,"featured_media":0,"comment_status":"open","ping_status":"closed","sticky":false,"template":"","format":"standard","meta":{"footnotes":""},"categories":[1,4],"tags":[],"class_list":["post-4074","post","type-post","status-publish","format-standard","hentry","category-botinada","category-opiniao"],"yoast_head":"<!-- This site is optimized with the Yoast SEO plugin v27.5 - https:\/\/yoast.com\/product\/yoast-seo-wordpress\/ -->\n<title>Mobilidade Urbana II - N\u00c3O ao BRT Gramacho - Imbari\u00ea - Lurdinha - Duque de Caxias para Est\u00f4magos Fortes<\/title>\n<meta name=\"robots\" content=\"index, follow, max-snippet:-1, max-image-preview:large, max-video-preview:-1\" \/>\n<link rel=\"canonical\" href=\"https:\/\/lurdinha.org\/site\/mobilidade-urbana-ii-nao-ao-brt-gramacho-imbarie\/\" \/>\n<meta property=\"og:locale\" content=\"pt_BR\" \/>\n<meta property=\"og:type\" content=\"article\" \/>\n<meta property=\"og:title\" content=\"Mobilidade Urbana II - N\u00c3O ao BRT Gramacho - Imbari\u00ea - Lurdinha - Duque de Caxias para Est\u00f4magos Fortes\" \/>\n<meta property=\"og:description\" content=\"A mobilidade urbana continua firme na pauta do dia. Nesse final de semana dois fatos...\" \/>\n<meta property=\"og:url\" content=\"https:\/\/lurdinha.org\/site\/mobilidade-urbana-ii-nao-ao-brt-gramacho-imbarie\/\" \/>\n<meta property=\"og:site_name\" content=\"Lurdinha - Duque de Caxias para Est\u00f4magos Fortes\" \/>\n<meta property=\"article:publisher\" content=\"https:\/\/www.facebook.com\/LurdinhadeCaxias\" \/>\n<meta property=\"article:author\" content=\"henrique.silveira.319\" \/>\n<meta property=\"article:published_time\" content=\"2013-09-16T03:45:48+00:00\" \/>\n<meta property=\"article:modified_time\" content=\"2013-09-16T03:49:01+00:00\" \/>\n<meta property=\"og:image\" content=\"https:\/\/lurdinha.org\/site\/wp-content\/uploads\/vlt-brt.jpg\" \/>\n\t<meta property=\"og:image:width\" content=\"580\" \/>\n\t<meta property=\"og:image:height\" content=\"435\" \/>\n\t<meta property=\"og:image:type\" content=\"image\/jpeg\" \/>\n<meta name=\"author\" content=\"Henrique Silveira\" \/>\n<meta name=\"twitter:card\" content=\"summary_large_image\" \/>\n<meta name=\"twitter:label1\" content=\"Escrito por\" \/>\n\t<meta name=\"twitter:data1\" content=\"Henrique Silveira\" \/>\n\t<meta name=\"twitter:label2\" content=\"Est. tempo de leitura\" \/>\n\t<meta name=\"twitter:data2\" content=\"3 minutos\" \/>\n<script type=\"application\/ld+json\" class=\"yoast-schema-graph\">{\"@context\":\"https:\\\/\\\/schema.org\",\"@graph\":[{\"@type\":\"Article\",\"@id\":\"https:\\\/\\\/lurdinha.org\\\/site\\\/mobilidade-urbana-ii-nao-ao-brt-gramacho-imbarie\\\/#article\",\"isPartOf\":{\"@id\":\"https:\\\/\\\/lurdinha.org\\\/site\\\/mobilidade-urbana-ii-nao-ao-brt-gramacho-imbarie\\\/\"},\"author\":{\"name\":\"Henrique Silveira\",\"@id\":\"https:\\\/\\\/lurdinha.org\\\/site\\\/#\\\/schema\\\/person\\\/b7f36739e477fd3809ed9f880d85ba89\"},\"headline\":\"Mobilidade Urbana II &#8211; N\u00c3O ao BRT Gramacho &#8211; Imbari\u00ea\",\"datePublished\":\"2013-09-16T03:45:48+00:00\",\"dateModified\":\"2013-09-16T03:49:01+00:00\",\"mainEntityOfPage\":{\"@id\":\"https:\\\/\\\/lurdinha.org\\\/site\\\/mobilidade-urbana-ii-nao-ao-brt-gramacho-imbarie\\\/\"},\"wordCount\":607,\"commentCount\":2,\"publisher\":{\"@id\":\"https:\\\/\\\/lurdinha.org\\\/site\\\/#organization\"},\"image\":{\"@id\":\"https:\\\/\\\/lurdinha.org\\\/site\\\/mobilidade-urbana-ii-nao-ao-brt-gramacho-imbarie\\\/#primaryimage\"},\"thumbnailUrl\":\"http:\\\/\\\/lurdinha.org\\\/site\\\/wp-content\\\/uploads\\\/vlt-brt.jpg\",\"articleSection\":[\"botinada\",\"uma opini\u00e3o\"],\"inLanguage\":\"pt-BR\",\"potentialAction\":[{\"@type\":\"CommentAction\",\"name\":\"Comment\",\"target\":[\"https:\\\/\\\/lurdinha.org\\\/site\\\/mobilidade-urbana-ii-nao-ao-brt-gramacho-imbarie\\\/#respond\"]}]},{\"@type\":\"WebPage\",\"@id\":\"https:\\\/\\\/lurdinha.org\\\/site\\\/mobilidade-urbana-ii-nao-ao-brt-gramacho-imbarie\\\/\",\"url\":\"https:\\\/\\\/lurdinha.org\\\/site\\\/mobilidade-urbana-ii-nao-ao-brt-gramacho-imbarie\\\/\",\"name\":\"Mobilidade Urbana II - N\u00c3O ao BRT Gramacho - Imbari\u00ea - Lurdinha - Duque de Caxias para Est\u00f4magos Fortes\",\"isPartOf\":{\"@id\":\"https:\\\/\\\/lurdinha.org\\\/site\\\/#website\"},\"primaryImageOfPage\":{\"@id\":\"https:\\\/\\\/lurdinha.org\\\/site\\\/mobilidade-urbana-ii-nao-ao-brt-gramacho-imbarie\\\/#primaryimage\"},\"image\":{\"@id\":\"https:\\\/\\\/lurdinha.org\\\/site\\\/mobilidade-urbana-ii-nao-ao-brt-gramacho-imbarie\\\/#primaryimage\"},\"thumbnailUrl\":\"http:\\\/\\\/lurdinha.org\\\/site\\\/wp-content\\\/uploads\\\/vlt-brt.jpg\",\"datePublished\":\"2013-09-16T03:45:48+00:00\",\"dateModified\":\"2013-09-16T03:49:01+00:00\",\"breadcrumb\":{\"@id\":\"https:\\\/\\\/lurdinha.org\\\/site\\\/mobilidade-urbana-ii-nao-ao-brt-gramacho-imbarie\\\/#breadcrumb\"},\"inLanguage\":\"pt-BR\",\"potentialAction\":[{\"@type\":\"ReadAction\",\"target\":[\"https:\\\/\\\/lurdinha.org\\\/site\\\/mobilidade-urbana-ii-nao-ao-brt-gramacho-imbarie\\\/\"]}]},{\"@type\":\"ImageObject\",\"inLanguage\":\"pt-BR\",\"@id\":\"https:\\\/\\\/lurdinha.org\\\/site\\\/mobilidade-urbana-ii-nao-ao-brt-gramacho-imbarie\\\/#primaryimage\",\"url\":\"https:\\\/\\\/lurdinha.org\\\/site\\\/wp-content\\\/uploads\\\/vlt-brt.jpg\",\"contentUrl\":\"https:\\\/\\\/lurdinha.org\\\/site\\\/wp-content\\\/uploads\\\/vlt-brt.jpg\",\"width\":580,\"height\":435},{\"@type\":\"BreadcrumbList\",\"@id\":\"https:\\\/\\\/lurdinha.org\\\/site\\\/mobilidade-urbana-ii-nao-ao-brt-gramacho-imbarie\\\/#breadcrumb\",\"itemListElement\":[{\"@type\":\"ListItem\",\"position\":1,\"name\":\"In\u00edcio\",\"item\":\"https:\\\/\\\/lurdinha.org\\\/site\\\/\"},{\"@type\":\"ListItem\",\"position\":2,\"name\":\"Mobilidade Urbana II &#8211; N\u00c3O ao BRT Gramacho &#8211; Imbari\u00ea\"}]},{\"@type\":\"WebSite\",\"@id\":\"https:\\\/\\\/lurdinha.org\\\/site\\\/#website\",\"url\":\"https:\\\/\\\/lurdinha.org\\\/site\\\/\",\"name\":\"Lurdinha - Duque de Caxias para Est\u00f4magos Fortes\",\"description\":\"Site sobre Arte, Cultura, Pol\u00edtica, Sociedade e curiosidades da cidade de Duque de Caxias, RJ\",\"publisher\":{\"@id\":\"https:\\\/\\\/lurdinha.org\\\/site\\\/#organization\"},\"alternateName\":\"Lurdinha\",\"potentialAction\":[{\"@type\":\"SearchAction\",\"target\":{\"@type\":\"EntryPoint\",\"urlTemplate\":\"https:\\\/\\\/lurdinha.org\\\/site\\\/?s={search_term_string}\"},\"query-input\":{\"@type\":\"PropertyValueSpecification\",\"valueRequired\":true,\"valueName\":\"search_term_string\"}}],\"inLanguage\":\"pt-BR\"},{\"@type\":\"Organization\",\"@id\":\"https:\\\/\\\/lurdinha.org\\\/site\\\/#organization\",\"name\":\"Lurdinha de Caxias\",\"url\":\"https:\\\/\\\/lurdinha.org\\\/site\\\/\",\"logo\":{\"@type\":\"ImageObject\",\"inLanguage\":\"pt-BR\",\"@id\":\"https:\\\/\\\/lurdinha.org\\\/site\\\/#\\\/schema\\\/logo\\\/image\\\/\",\"url\":\"https:\\\/\\\/lurdinha.org\\\/site\\\/wp-content\\\/uploads\\\/logo-lurdinha.jpg\",\"contentUrl\":\"https:\\\/\\\/lurdinha.org\\\/site\\\/wp-content\\\/uploads\\\/logo-lurdinha.jpg\",\"width\":640,\"height\":60,\"caption\":\"Lurdinha de Caxias\"},\"image\":{\"@id\":\"https:\\\/\\\/lurdinha.org\\\/site\\\/#\\\/schema\\\/logo\\\/image\\\/\"},\"sameAs\":[\"https:\\\/\\\/www.facebook.com\\\/LurdinhadeCaxias\",\"https:\\\/\\\/www.instagram.com\\\/lurdinhadecaxias\"]},{\"@type\":\"Person\",\"@id\":\"https:\\\/\\\/lurdinha.org\\\/site\\\/#\\\/schema\\\/person\\\/b7f36739e477fd3809ed9f880d85ba89\",\"name\":\"Henrique Silveira\",\"image\":{\"@type\":\"ImageObject\",\"inLanguage\":\"pt-BR\",\"@id\":\"https:\\\/\\\/secure.gravatar.com\\\/avatar\\\/65ed9674651bf1e369939454eea465de6a6b2c680f11e9374ce65b4952afaefc?s=96&d=mm&r=g\",\"url\":\"https:\\\/\\\/secure.gravatar.com\\\/avatar\\\/65ed9674651bf1e369939454eea465de6a6b2c680f11e9374ce65b4952afaefc?s=96&d=mm&r=g\",\"contentUrl\":\"https:\\\/\\\/secure.gravatar.com\\\/avatar\\\/65ed9674651bf1e369939454eea465de6a6b2c680f11e9374ce65b4952afaefc?s=96&d=mm&r=g\",\"caption\":\"Henrique Silveira\"},\"description\":\"Henrique Silveira \u00e9 ge\u00f3grafo, cofundador da Casa Fluminense e autor do livro \u201cRio por Inteiro: reflex\u00f5es sobre a cidade metropolitana\u201d.\",\"sameAs\":[\"henrique.silveira.319\"],\"url\":\"https:\\\/\\\/lurdinha.org\\\/site\\\/author\\\/henriquesilveira\\\/\"}]}<\/script>\n<!-- \/ Yoast SEO plugin. -->","yoast_head_json":{"title":"Mobilidade Urbana II - N\u00c3O ao BRT Gramacho - Imbari\u00ea - Lurdinha - Duque de Caxias para Est\u00f4magos Fortes","robots":{"index":"index","follow":"follow","max-snippet":"max-snippet:-1","max-image-preview":"max-image-preview:large","max-video-preview":"max-video-preview:-1"},"canonical":"https:\/\/lurdinha.org\/site\/mobilidade-urbana-ii-nao-ao-brt-gramacho-imbarie\/","og_locale":"pt_BR","og_type":"article","og_title":"Mobilidade Urbana II - N\u00c3O ao BRT Gramacho - Imbari\u00ea - Lurdinha - Duque de Caxias para Est\u00f4magos Fortes","og_description":"A mobilidade urbana continua firme na pauta do dia. Nesse final de semana dois fatos...","og_url":"https:\/\/lurdinha.org\/site\/mobilidade-urbana-ii-nao-ao-brt-gramacho-imbarie\/","og_site_name":"Lurdinha - Duque de Caxias para Est\u00f4magos Fortes","article_publisher":"https:\/\/www.facebook.com\/LurdinhadeCaxias","article_author":"henrique.silveira.319","article_published_time":"2013-09-16T03:45:48+00:00","article_modified_time":"2013-09-16T03:49:01+00:00","og_image":[{"width":580,"height":435,"url":"https:\/\/lurdinha.org\/site\/wp-content\/uploads\/vlt-brt.jpg","type":"image\/jpeg"}],"author":"Henrique Silveira","twitter_card":"summary_large_image","twitter_misc":{"Escrito por":"Henrique Silveira","Est. tempo de leitura":"3 minutos"},"schema":{"@context":"https:\/\/schema.org","@graph":[{"@type":"Article","@id":"https:\/\/lurdinha.org\/site\/mobilidade-urbana-ii-nao-ao-brt-gramacho-imbarie\/#article","isPartOf":{"@id":"https:\/\/lurdinha.org\/site\/mobilidade-urbana-ii-nao-ao-brt-gramacho-imbarie\/"},"author":{"name":"Henrique Silveira","@id":"https:\/\/lurdinha.org\/site\/#\/schema\/person\/b7f36739e477fd3809ed9f880d85ba89"},"headline":"Mobilidade Urbana II &#8211; N\u00c3O ao BRT Gramacho &#8211; Imbari\u00ea","datePublished":"2013-09-16T03:45:48+00:00","dateModified":"2013-09-16T03:49:01+00:00","mainEntityOfPage":{"@id":"https:\/\/lurdinha.org\/site\/mobilidade-urbana-ii-nao-ao-brt-gramacho-imbarie\/"},"wordCount":607,"commentCount":2,"publisher":{"@id":"https:\/\/lurdinha.org\/site\/#organization"},"image":{"@id":"https:\/\/lurdinha.org\/site\/mobilidade-urbana-ii-nao-ao-brt-gramacho-imbarie\/#primaryimage"},"thumbnailUrl":"http:\/\/lurdinha.org\/site\/wp-content\/uploads\/vlt-brt.jpg","articleSection":["botinada","uma opini\u00e3o"],"inLanguage":"pt-BR","potentialAction":[{"@type":"CommentAction","name":"Comment","target":["https:\/\/lurdinha.org\/site\/mobilidade-urbana-ii-nao-ao-brt-gramacho-imbarie\/#respond"]}]},{"@type":"WebPage","@id":"https:\/\/lurdinha.org\/site\/mobilidade-urbana-ii-nao-ao-brt-gramacho-imbarie\/","url":"https:\/\/lurdinha.org\/site\/mobilidade-urbana-ii-nao-ao-brt-gramacho-imbarie\/","name":"Mobilidade Urbana II - N\u00c3O ao BRT Gramacho - Imbari\u00ea - Lurdinha - Duque de Caxias para Est\u00f4magos Fortes","isPartOf":{"@id":"https:\/\/lurdinha.org\/site\/#website"},"primaryImageOfPage":{"@id":"https:\/\/lurdinha.org\/site\/mobilidade-urbana-ii-nao-ao-brt-gramacho-imbarie\/#primaryimage"},"image":{"@id":"https:\/\/lurdinha.org\/site\/mobilidade-urbana-ii-nao-ao-brt-gramacho-imbarie\/#primaryimage"},"thumbnailUrl":"http:\/\/lurdinha.org\/site\/wp-content\/uploads\/vlt-brt.jpg","datePublished":"2013-09-16T03:45:48+00:00","dateModified":"2013-09-16T03:49:01+00:00","breadcrumb":{"@id":"https:\/\/lurdinha.org\/site\/mobilidade-urbana-ii-nao-ao-brt-gramacho-imbarie\/#breadcrumb"},"inLanguage":"pt-BR","potentialAction":[{"@type":"ReadAction","target":["https:\/\/lurdinha.org\/site\/mobilidade-urbana-ii-nao-ao-brt-gramacho-imbarie\/"]}]},{"@type":"ImageObject","inLanguage":"pt-BR","@id":"https:\/\/lurdinha.org\/site\/mobilidade-urbana-ii-nao-ao-brt-gramacho-imbarie\/#primaryimage","url":"https:\/\/lurdinha.org\/site\/wp-content\/uploads\/vlt-brt.jpg","contentUrl":"https:\/\/lurdinha.org\/site\/wp-content\/uploads\/vlt-brt.jpg","width":580,"height":435},{"@type":"BreadcrumbList","@id":"https:\/\/lurdinha.org\/site\/mobilidade-urbana-ii-nao-ao-brt-gramacho-imbarie\/#breadcrumb","itemListElement":[{"@type":"ListItem","position":1,"name":"In\u00edcio","item":"https:\/\/lurdinha.org\/site\/"},{"@type":"ListItem","position":2,"name":"Mobilidade Urbana II &#8211; N\u00c3O ao BRT Gramacho &#8211; Imbari\u00ea"}]},{"@type":"WebSite","@id":"https:\/\/lurdinha.org\/site\/#website","url":"https:\/\/lurdinha.org\/site\/","name":"Lurdinha - Duque de Caxias para Est\u00f4magos Fortes","description":"Site sobre Arte, Cultura, Pol\u00edtica, Sociedade e curiosidades da cidade de Duque de Caxias, RJ","publisher":{"@id":"https:\/\/lurdinha.org\/site\/#organization"},"alternateName":"Lurdinha","potentialAction":[{"@type":"SearchAction","target":{"@type":"EntryPoint","urlTemplate":"https:\/\/lurdinha.org\/site\/?s={search_term_string}"},"query-input":{"@type":"PropertyValueSpecification","valueRequired":true,"valueName":"search_term_string"}}],"inLanguage":"pt-BR"},{"@type":"Organization","@id":"https:\/\/lurdinha.org\/site\/#organization","name":"Lurdinha de Caxias","url":"https:\/\/lurdinha.org\/site\/","logo":{"@type":"ImageObject","inLanguage":"pt-BR","@id":"https:\/\/lurdinha.org\/site\/#\/schema\/logo\/image\/","url":"https:\/\/lurdinha.org\/site\/wp-content\/uploads\/logo-lurdinha.jpg","contentUrl":"https:\/\/lurdinha.org\/site\/wp-content\/uploads\/logo-lurdinha.jpg","width":640,"height":60,"caption":"Lurdinha de Caxias"},"image":{"@id":"https:\/\/lurdinha.org\/site\/#\/schema\/logo\/image\/"},"sameAs":["https:\/\/www.facebook.com\/LurdinhadeCaxias","https:\/\/www.instagram.com\/lurdinhadecaxias"]},{"@type":"Person","@id":"https:\/\/lurdinha.org\/site\/#\/schema\/person\/b7f36739e477fd3809ed9f880d85ba89","name":"Henrique Silveira","image":{"@type":"ImageObject","inLanguage":"pt-BR","@id":"https:\/\/secure.gravatar.com\/avatar\/65ed9674651bf1e369939454eea465de6a6b2c680f11e9374ce65b4952afaefc?s=96&d=mm&r=g","url":"https:\/\/secure.gravatar.com\/avatar\/65ed9674651bf1e369939454eea465de6a6b2c680f11e9374ce65b4952afaefc?s=96&d=mm&r=g","contentUrl":"https:\/\/secure.gravatar.com\/avatar\/65ed9674651bf1e369939454eea465de6a6b2c680f11e9374ce65b4952afaefc?s=96&d=mm&r=g","caption":"Henrique Silveira"},"description":"Henrique Silveira \u00e9 ge\u00f3grafo, cofundador da Casa Fluminense e autor do livro \u201cRio por Inteiro: reflex\u00f5es sobre a cidade metropolitana\u201d.","sameAs":["henrique.silveira.319"],"url":"https:\/\/lurdinha.org\/site\/author\/henriquesilveira\/"}]}},"views":6028,"_links":{"self":[{"href":"https:\/\/lurdinha.org\/site\/wp-json\/wp\/v2\/posts\/4074","targetHints":{"allow":["GET"]}}],"collection":[{"href":"https:\/\/lurdinha.org\/site\/wp-json\/wp\/v2\/posts"}],"about":[{"href":"https:\/\/lurdinha.org\/site\/wp-json\/wp\/v2\/types\/post"}],"author":[{"embeddable":true,"href":"https:\/\/lurdinha.org\/site\/wp-json\/wp\/v2\/users\/16"}],"replies":[{"embeddable":true,"href":"https:\/\/lurdinha.org\/site\/wp-json\/wp\/v2\/comments?post=4074"}],"version-history":[{"count":3,"href":"https:\/\/lurdinha.org\/site\/wp-json\/wp\/v2\/posts\/4074\/revisions"}],"predecessor-version":[{"id":4078,"href":"https:\/\/lurdinha.org\/site\/wp-json\/wp\/v2\/posts\/4074\/revisions\/4078"}],"wp:attachment":[{"href":"https:\/\/lurdinha.org\/site\/wp-json\/wp\/v2\/media?parent=4074"}],"wp:term":[{"taxonomy":"category","embeddable":true,"href":"https:\/\/lurdinha.org\/site\/wp-json\/wp\/v2\/categories?post=4074"},{"taxonomy":"post_tag","embeddable":true,"href":"https:\/\/lurdinha.org\/site\/wp-json\/wp\/v2\/tags?post=4074"}],"curies":[{"name":"wp","href":"https:\/\/api.w.org\/{rel}","templated":true}]}}