{"id":3952,"date":"2013-07-16T05:55:00","date_gmt":"2013-07-16T05:55:00","guid":{"rendered":"http:\/\/lurdinha.org\/site\/?p=3952"},"modified":"2013-07-16T09:05:00","modified_gmt":"2013-07-16T09:05:00","slug":"ei-garcom-cospe-na-comida","status":"publish","type":"post","link":"https:\/\/lurdinha.org\/site\/ei-garcom-cospe-na-comida\/","title":{"rendered":"Ei, gar\u00e7om, cospe na comida!"},"content":{"rendered":"<p style=\"text-align: center\"><a href=\"http:\/\/lurdinha.org\/site\/wp-content\/uploads\/05protestocasamentoonibusrjfut-copa-casamento-13-julho-2013.jpg\"><img loading=\"lazy\" decoding=\"async\" class=\"size-medium wp-image-3955 aligncenter\" alt=\"05protestocasamentoonibusrjfut copa casamento 13 julho 2013\" src=\"http:\/\/lurdinha.org\/site\/wp-content\/uploads\/05protestocasamentoonibusrjfut-copa-casamento-13-julho-2013-300x224.jpg\" width=\"300\" height=\"224\" srcset=\"https:\/\/lurdinha.org\/site\/wp-content\/uploads\/05protestocasamentoonibusrjfut-copa-casamento-13-julho-2013-300x224.jpg 300w, https:\/\/lurdinha.org\/site\/wp-content\/uploads\/05protestocasamentoonibusrjfut-copa-casamento-13-julho-2013.jpg 619w\" sizes=\"auto, (max-width: 300px) 100vw, 300px\" \/><\/a><\/p>\n<p style=\"text-align: right\">Cap\u00edtulo de hoje: Ei, gar\u00e7om, cospe na comida!<\/p>\n<p style=\"text-align: right\"><em>(ver a primeira parte em <a title=\"N\u00e3o adianta me reprimir\" href=\"http:\/\/lurdinha.org\/site\/?p=3933\" target=\"_blank\">http:\/\/lurdinha.org\/site\/?p=3933<\/a>)<\/em><\/p>\n<p>&#8211; Voltamos aqui&#8230; M\u00eddia Ninja&#8230;<\/p>\n<p>Agora as imagens est\u00e3o p\u00e9ssimas, vemos uma sequencia de figuras paradas, mas vamos acompanhar pelo som.<\/p>\n<p>\u2013 Aqui tem um turista tirando foto na frente da manifesta\u00e7\u00e3o, que beleza! A gente vai resolver esse problema da transmiss\u00e3o, vamos ver se a gente consegue um 4G, mas por enquanto \u00e9 o que a gente tem. O pessoal continua aqui empolgado!<\/p>\n<p>Mais empolgado estava eu vendo aquilo. E n\u00e3o s\u00f3 eu, v\u00e1rios rat\u00f5es em volta tamb\u00e9m. Mas onde foi este protesto? &#8211; UUUUUUUH! \u2013 muitas vaias de repente, e a menina ninja explica:<\/p>\n<p>&#8211; Apareceu um pessoal na janela filmando a manifesta\u00e7\u00e3o, e todo mundo se encaminhou pra janela para vaiar \u2013 Uh-uh vai se foder!<\/p>\n<p>A c\u00e2mera foca uma sacada do luxuoso hotel Copacabana Palace, onde silhuetas observavam. Mais um mega s\u00edmbolo da velha ostenta\u00e7\u00e3o carioca deflagrado pelos manifestantes \u2013 Essas s\u00e3o umas pessoas que vieram provocar a manifesta\u00e7\u00e3o \u2013 ela explica. Foi ent\u00e3o que come\u00e7ou um grande coro:<\/p>\n<p>&#8211; Ei, gar\u00e7om, cospe na comida! &#8211; Imagino esses gritos ainda ecoando em cada quarto, cada corredor, gravado em cada tijolo e cada t\u00edmpano daquele lugar.<\/p>\n<p>E eu aqui t\u00e3o distante e t\u00e3o perto, vendo tudo por um milagre da internet. Tenho a impress\u00e3o de que acendi um pavio, n\u00e3o sei onde isso pode parar. Tudo o que fiz foi mostrar esse v\u00eddeo para os ratos. Esse mundo \u00e9 muito mais estranho do que podemos imaginar.<\/p>\n<p>&#8211; O que que voc\u00ea sabe do Jacob Barata? \u2013 pergunta a menina ninja para um dos manifestantes.<\/p>\n<p>&#8211;\u00a0 Cara, (pelo o que) eu sei dele, \u00e9 um dos caras que concentra a maioria das empresas de \u00f4nibus da cidade, h\u00e1 muitos anos. Ent\u00e3o, (se duvidar) ele \u00e9 um inimigo muito maior do que o Cabral, o Cabral \u00e9 tempor\u00e1rio, \u00e9 um fantoche, vai sair e vai entrar outro. Quem manda nessa porra \u00e9 o Jacob Barata, \u00e9 a Odebrecht&#8230; as empresas. Ent\u00e3o \u00e9 genial a gente estar aqui no casamento da filha do maior empres\u00e1rio de \u00f4nibus! \u00c9 muito bom o movimento indo pra cima dos empres\u00e1rios tamb\u00e9m, n\u00e3o s\u00f3 em cima dos pol\u00edticos, porque o pol\u00edtico \u00e9 pago justamente pra ser o ot\u00e1rio que fica na frente tomando porrada, enquanto os caras ganham o dinheiro. A gente fala de corrupto, mas quem \u00e9 o corruptor? Quem est\u00e1 corrompendo, hein?<\/p>\n<p>&#8211; Quem \u00e9 que corrompe, n\u00e9?! Essa \u00e9 a pergunta que a gente tem que come\u00e7ar a se fazer, n\u00e9! \u2013 E o povo canta:<\/p>\n<p>&#8211; \u00d4\u00f4\u00f4, a festa acabou, a festa acabo-ou!<\/p>\n<p>Outro manifestante se manifesta:<\/p>\n<p>&#8211; Eu acho que a gente t\u00e1 aprendendo \u2013 e eu me incluo nessa &#8211; a manifestar, a unir os esfor\u00e7os e cada um com seu know-how conseguir atingir o calcanhar dessas pessoas. Porque \u00e9 muito dif\u00edcil lutar contra essa repress\u00e3o toda, sabe, \u00e9 muito forte. \u00c9 muita viol\u00eancia com os manifestantes. Acho muito bom, t\u00e1 num lugar de turismo, de visibilidade internacional. Tem que mostrar que \u00e9 um casamento de ladr\u00e3o que t\u00e1 rolando aqui, \u00e9 o dinheiro do povo. E o cara ta ali tomando pro-seco, tomando whiski, acenando pra gente, quer dizer, ele compactua com esse modelo, com essa vergonha que \u00e9 isso. Que \u00e9 uma vergonha. O cara tinha que ter vergonha de estar nessa festa. O cara rouba ha mais de 20 anos o Rio de Janeiro e t\u00e1 a\u00ed tomando champagne na nossa cara. T\u00e1 na hora de fazer isso mesmo!<\/p>\n<p>E n\u00f3s \u00edamos fazer, eu e os ratos. Algo in\u00e9dito iria acontecer naquele estranho mundo onde me meti, ningu\u00e9m sabia o que deveria ser feito, mas todos sentiram que algo deveria ser feito. Um germe revolucion\u00e1rio se espalhou entre os ratos.<\/p>\n<p>N\u00e3o \u00e9 poss\u00edvel que tenham se passado apenas quatro dias e quatro noites, desde que desci do elevador do meu pr\u00e9dio. Tanta coisa aconteceu de l\u00e1 pra c\u00e1, que perdi completamente a no\u00e7\u00e3o de tempo. Que fim de semana peculiar esse que eu tive, mais estranho do que eu jamais poderia imaginar. Vou do in\u00edcio.<\/p>\n<p>Tudo come\u00e7ou quando aquela multid\u00e3o de puxa-sacos, e todos os dign\u00edssimos nobres decidiram mexer a enorme bunda gorda e caminhar at\u00e9 o Pal\u00e1cio Laranjeiras. Uma complica\u00e7\u00e3o surreal para sair, e depois de um tempo infinito, se afastaram.<\/p>\n<p>Foi quando tomei minha primeira grande atitude revolucion\u00e1ria: Eu n\u00e3o segui o fluxo.<\/p>\n<p>N\u00e3o estava muito interessado em mais uma sess\u00e3o de orgias auto-canibalistas, com aqueles nobres apodrecidos e decadentes. Ir para o Pal\u00e1cio Laranjeiras, e tamb\u00e9m ao Parque Burle, com aquela galera seria enterrar-me ainda mais nessa lama. Ent\u00e3o me mantive parado enquanto o Pal\u00e1cio Guanabara foi ficando vazio e imundo. Fui ficando por ali, em um luxuoso sal\u00e3o Lu\u00eds XVI, entre raspas, restos, excrementos de todo tipo. Foi quando os ratos tomaram conta do lugar.<\/p>\n<p>Lindo de se ver: Aquele rico sal\u00e3o tomado pelos ratos! Mas n\u00e3o s\u00e3o esses ratos normais n\u00e3o. S\u00e3o ratazanas que t\u00eam envergadura humana, com dois metros de altura, respons\u00e1veis pela limpeza. Fizeram gestos para que eu os ajudasse. Eu n\u00e3o estava muito disposto, depois de presenciar cenas altamente indigestas, estava passando mal, quando uma ratazana bem velhinha me deu um peda\u00e7o de torta de frango \u2013 Come isso! Obedeci cheio de n\u00e1useas, mas aquilo me animou, me salvou como um rem\u00e9dio milagroso.<\/p>\n<p>&#8211; Uau! Posso comer torta de frango aqui?<\/p>\n<p>\u2013 Mas \u00e9 claro, n\u00e9! &#8211; Todos riram do coment\u00e1rio ing\u00eanuo \u2013 \u00e9 hora da ceia dos escravos. A mesa \u00e9 posta l\u00e1 fora, no jardim. Bom, j\u00e1 est\u00e1 quase saindo uma torta como essa, com catupiry e iogurte, j\u00e1 deve estar saindo \u2013 Esta senhora, ningu\u00e9m menos que Tia Ciata, estava armando todas as condi\u00e7\u00f5es para surgir uma roda de samba, o que n\u00e3o demorou para acontecer. Sa\u00ed do pal\u00e1cio.<\/p>\n<p>Cheguei ao jardim, era nada mais que uma clareira no mato, fizeram uma enorme mesa de madeira com um longo banco. Enquanto todos se ajeitavam come\u00e7ou uma batucada improvisada bem legal. Outros instrumentos apareceram e saiu a torta da tia Ciata, entre outros quitutes, tudo dividido entre todos. N\u00e3o bastasse meu espanto, ainda me ofereceram cauim, uma bebida alco\u00f3lica azeda, receita tupinamb\u00e1. E a roda foi crescendo, todos cantavam velhos sambas juntos. Aquilo foi ficando excelente. Fiz amizade com algumas pessoas, todos vinham conversar, querer saber da minha hist\u00f3ria, fiquei extremamente \u00e0 vontade.<\/p>\n<p>Juro que n\u00e3o me lembro quando vi Lurdinha pela primeira vez. S\u00f3 me lembro de ficarmos conversando por horas sem parar. Como n\u00e3o tinha pra onde ir, Lurdinha me convidou para ir para seu apartamento. Ela morava sozinha e trabalhava no pal\u00e1cio. Ratinha independente, em todos os sentidos. Ent\u00e3o fomos de m\u00e3os dadas para sua casinha, num sobrado ali perto. As ruas eram todas de terra batida, s\u00f3 haviam algumas casas, tudo iluminado com lampi\u00e3o que as pessoas carregavam na m\u00e3o.<\/p>\n<p>Passamos a sexta-feira inteira sem querer saber do mundo exterior, vivemos um daqueles momentos que todo ser humano merece viver (sempre). No fim de tarde, ela me levou para conhecer uma loja fant\u00e1stica. Eu jamais poderia imaginar pra onde ela estava me levando.<\/p>\n<p>Entramos na rua Paissandu, observando a fila de palmeiras rec\u00e9m plantadas. Numa ponta da rua, o Pal\u00e1cio Guanabara, na outra a Ba\u00eda de Guanabara. Fomos at\u00e9 a praia do Flamengo, voc\u00eas n\u00e3o acreditam que praia incr\u00edvel era essa, antes do aterro. Contei para ela o que iria acontecer, que no futuro v\u00e3o escavar o morro do Castelo e colocar aqui para fazer um enorme aterro mar adentro.<\/p>\n<p>&#8211; Que imagina\u00e7\u00e3o voc\u00ea tem! &#8211; Ela me respondeu \u2013 Veja, ali est\u00e1 a loja.<\/p>\n<p>Quando entrei, demorou um tempo at\u00e9 a ficha cair: Eu estava numa Lan House.<\/p>\n<p>Era inacredit\u00e1vel. Acessei meu e-mail, minha rede social, confesso que achei tudo muito estranho, distante mesmo, como se n\u00e3o pertencesse mais a mim, embora eu reconhecesse tudo. No entanto estava em \u00eaxtase com a descoberta. Lurdinha me mostrou que fez v\u00e1rios perfis falsos, cada um com uma personalidade e uma biografia pr\u00f3pria, que viagem. Ningu\u00e9m naquele lugar usa um perfil real. Acabei me vendo na \u201cobriga\u00e7\u00e3o\u201d de criar uns fakes tamb\u00e9m. N\u00e3o pense que ficamos ali o dia todo, ela me levou pra conhecer toda a cidade. Na verdade, esse era o objetivo. O fato \u00e9 que fomos para o sobrado dela.<\/p>\n<p>No dia seguinte, domingo 14 de julho &#8211; dia da revolu\u00e7\u00e3o francesa, eu estava curioso por not\u00edcias da manifesta\u00e7\u00e3o no Pal\u00e1cio Guanabara, o desenrolar dos acontecimentos e lembrei da M\u00eddia Ninja. Entrei no site, n\u00e3o havia nada rolando ao vivo. Cliquei num \u00edcone aleat\u00f3rio. E a voz da menina ninja ecoou pela sala barulhenta da lan house.<\/p>\n<p>&#8211; Voltamos aqui&#8230; M\u00eddia Ninja&#8230; \u2013 Foi quando vi o filme da manifesta\u00e7\u00e3o em Copacabana pela primeira vez. Durante essa exibi\u00e7\u00e3o, muitos ratos foram se interessando e se aglomerando por tr\u00e1s dos meus ombros, alguns decoravam o link e iam ver por si mesmo afastados, algu\u00e9m editou o v\u00eddeo e ent\u00e3o come\u00e7ou uma coisa inesperada:<\/p>\n<p>&#8211; Ei, gar\u00e7om, cospe na comida! \u2013 Os ratos come\u00e7aram a gritar na lan house enquanto viam o v\u00eddeo, e passavam pra outros. Virou um refr\u00e3o engra\u00e7ado entre a gente. Fomos embora achando aquilo jocoso e ao mesmo tempo poderoso demais. Os ratos entoavam este mantra por todo lado.<\/p>\n<p>&#8211; Voc\u00ea tem que ver o lugar onde eu trabalho \u2013 Lurdinha me convidou antes de dormir \u2013 e voc\u00ea vai entender por que os ratos est\u00e3o t\u00e3o revoltados.<\/p>\n<p>Foi por isso que hoje, segunda-feira, estava eu de volta ao imponente Pal\u00e1cio Guanabara.<\/p>\n<p>&nbsp;<\/p>\n<p>E agora? Pra onde vai esta hist\u00f3ria? Mande sugest\u00f5es!<\/p>\n<p>&nbsp;<\/p>\n","protected":false},"excerpt":{"rendered":"<p>Cap\u00edtulo de hoje: Ei, gar\u00e7om, cospe na comida! (ver a primeira parte em http:\/\/lurdinha.org\/site\/?p=3933) &#8211;&#8230;<\/p>\n","protected":false},"author":49,"featured_media":0,"comment_status":"open","ping_status":"closed","sticky":false,"template":"","format":"standard","meta":{"footnotes":""},"categories":[14,9,5],"tags":[556,555,557,527],"class_list":["post-3952","post","type-post","status-publish","format-standard","hentry","category-gente","category-historia","category-umaboa","tag-casamento","tag-copacabana","tag-dona-batatinha","tag-manifestacao"],"yoast_head":"<!-- This site is optimized with the Yoast SEO plugin v27.5 - https:\/\/yoast.com\/product\/yoast-seo-wordpress\/ -->\n<title>Ei, gar\u00e7om, cospe na comida! - Lurdinha - Duque de Caxias para Est\u00f4magos Fortes<\/title>\n<meta name=\"robots\" content=\"index, follow, max-snippet:-1, max-image-preview:large, max-video-preview:-1\" \/>\n<link rel=\"canonical\" href=\"https:\/\/lurdinha.org\/site\/ei-garcom-cospe-na-comida\/\" \/>\n<meta property=\"og:locale\" content=\"pt_BR\" \/>\n<meta property=\"og:type\" content=\"article\" \/>\n<meta property=\"og:title\" content=\"Ei, gar\u00e7om, cospe na comida! - Lurdinha - Duque de Caxias para Est\u00f4magos Fortes\" \/>\n<meta property=\"og:description\" content=\"Cap\u00edtulo de hoje: Ei, gar\u00e7om, cospe na comida! (ver a primeira parte em http:\/\/lurdinha.org\/site\/?p=3933) &#8211;...\" \/>\n<meta property=\"og:url\" content=\"https:\/\/lurdinha.org\/site\/ei-garcom-cospe-na-comida\/\" \/>\n<meta property=\"og:site_name\" content=\"Lurdinha - Duque de Caxias para Est\u00f4magos Fortes\" \/>\n<meta property=\"article:publisher\" content=\"https:\/\/www.facebook.com\/LurdinhadeCaxias\" \/>\n<meta property=\"article:published_time\" content=\"2013-07-16T05:55:00+00:00\" \/>\n<meta property=\"article:modified_time\" content=\"2013-07-16T09:05:00+00:00\" \/>\n<meta property=\"og:image\" content=\"https:\/\/lurdinha.org\/site\/wp-content\/uploads\/05protestocasamentoonibusrjfut-copa-casamento-13-julho-2013.jpg\" \/>\n\t<meta property=\"og:image:width\" content=\"619\" \/>\n\t<meta property=\"og:image:height\" content=\"464\" \/>\n\t<meta property=\"og:image:type\" content=\"image\/jpeg\" \/>\n<meta name=\"author\" content=\"Paulo Mainhard\" \/>\n<meta name=\"twitter:card\" content=\"summary_large_image\" \/>\n<meta name=\"twitter:label1\" content=\"Escrito por\" \/>\n\t<meta name=\"twitter:data1\" content=\"Paulo Mainhard\" \/>\n\t<meta name=\"twitter:label2\" content=\"Est. tempo de leitura\" \/>\n\t<meta name=\"twitter:data2\" content=\"8 minutos\" \/>\n<script type=\"application\/ld+json\" class=\"yoast-schema-graph\">{\"@context\":\"https:\\\/\\\/schema.org\",\"@graph\":[{\"@type\":\"Article\",\"@id\":\"https:\\\/\\\/lurdinha.org\\\/site\\\/ei-garcom-cospe-na-comida\\\/#article\",\"isPartOf\":{\"@id\":\"https:\\\/\\\/lurdinha.org\\\/site\\\/ei-garcom-cospe-na-comida\\\/\"},\"author\":{\"name\":\"Paulo Mainhard\",\"@id\":\"https:\\\/\\\/lurdinha.org\\\/site\\\/#\\\/schema\\\/person\\\/59ce9a4aea867ed2e60b08673434dc96\"},\"headline\":\"Ei, gar\u00e7om, cospe na comida!\",\"datePublished\":\"2013-07-16T05:55:00+00:00\",\"dateModified\":\"2013-07-16T09:05:00+00:00\",\"mainEntityOfPage\":{\"@id\":\"https:\\\/\\\/lurdinha.org\\\/site\\\/ei-garcom-cospe-na-comida\\\/\"},\"wordCount\":1698,\"commentCount\":1,\"publisher\":{\"@id\":\"https:\\\/\\\/lurdinha.org\\\/site\\\/#organization\"},\"image\":{\"@id\":\"https:\\\/\\\/lurdinha.org\\\/site\\\/ei-garcom-cospe-na-comida\\\/#primaryimage\"},\"thumbnailUrl\":\"http:\\\/\\\/lurdinha.org\\\/site\\\/wp-content\\\/uploads\\\/05protestocasamentoonibusrjfut-copa-casamento-13-julho-2013-300x224.jpg\",\"keywords\":[\"Casamento\",\"Copacabana\",\"Dona Batatinha\",\"manifesta\u00e7\u00e3o\"],\"articleSection\":[\"gente\",\"hist\u00f3ria\",\"uma boa\"],\"inLanguage\":\"pt-BR\",\"potentialAction\":[{\"@type\":\"CommentAction\",\"name\":\"Comment\",\"target\":[\"https:\\\/\\\/lurdinha.org\\\/site\\\/ei-garcom-cospe-na-comida\\\/#respond\"]}]},{\"@type\":\"WebPage\",\"@id\":\"https:\\\/\\\/lurdinha.org\\\/site\\\/ei-garcom-cospe-na-comida\\\/\",\"url\":\"https:\\\/\\\/lurdinha.org\\\/site\\\/ei-garcom-cospe-na-comida\\\/\",\"name\":\"Ei, gar\u00e7om, cospe na comida! - Lurdinha - Duque de Caxias para Est\u00f4magos Fortes\",\"isPartOf\":{\"@id\":\"https:\\\/\\\/lurdinha.org\\\/site\\\/#website\"},\"primaryImageOfPage\":{\"@id\":\"https:\\\/\\\/lurdinha.org\\\/site\\\/ei-garcom-cospe-na-comida\\\/#primaryimage\"},\"image\":{\"@id\":\"https:\\\/\\\/lurdinha.org\\\/site\\\/ei-garcom-cospe-na-comida\\\/#primaryimage\"},\"thumbnailUrl\":\"http:\\\/\\\/lurdinha.org\\\/site\\\/wp-content\\\/uploads\\\/05protestocasamentoonibusrjfut-copa-casamento-13-julho-2013-300x224.jpg\",\"datePublished\":\"2013-07-16T05:55:00+00:00\",\"dateModified\":\"2013-07-16T09:05:00+00:00\",\"breadcrumb\":{\"@id\":\"https:\\\/\\\/lurdinha.org\\\/site\\\/ei-garcom-cospe-na-comida\\\/#breadcrumb\"},\"inLanguage\":\"pt-BR\",\"potentialAction\":[{\"@type\":\"ReadAction\",\"target\":[\"https:\\\/\\\/lurdinha.org\\\/site\\\/ei-garcom-cospe-na-comida\\\/\"]}]},{\"@type\":\"ImageObject\",\"inLanguage\":\"pt-BR\",\"@id\":\"https:\\\/\\\/lurdinha.org\\\/site\\\/ei-garcom-cospe-na-comida\\\/#primaryimage\",\"url\":\"https:\\\/\\\/lurdinha.org\\\/site\\\/wp-content\\\/uploads\\\/05protestocasamentoonibusrjfut-copa-casamento-13-julho-2013.jpg\",\"contentUrl\":\"https:\\\/\\\/lurdinha.org\\\/site\\\/wp-content\\\/uploads\\\/05protestocasamentoonibusrjfut-copa-casamento-13-julho-2013.jpg\",\"width\":619,\"height\":464},{\"@type\":\"BreadcrumbList\",\"@id\":\"https:\\\/\\\/lurdinha.org\\\/site\\\/ei-garcom-cospe-na-comida\\\/#breadcrumb\",\"itemListElement\":[{\"@type\":\"ListItem\",\"position\":1,\"name\":\"In\u00edcio\",\"item\":\"https:\\\/\\\/lurdinha.org\\\/site\\\/\"},{\"@type\":\"ListItem\",\"position\":2,\"name\":\"Ei, gar\u00e7om, cospe na comida!\"}]},{\"@type\":\"WebSite\",\"@id\":\"https:\\\/\\\/lurdinha.org\\\/site\\\/#website\",\"url\":\"https:\\\/\\\/lurdinha.org\\\/site\\\/\",\"name\":\"Lurdinha - Duque de Caxias para Est\u00f4magos Fortes\",\"description\":\"Site sobre Arte, Cultura, Pol\u00edtica, Sociedade e curiosidades da cidade de Duque de Caxias, RJ\",\"publisher\":{\"@id\":\"https:\\\/\\\/lurdinha.org\\\/site\\\/#organization\"},\"alternateName\":\"Lurdinha\",\"potentialAction\":[{\"@type\":\"SearchAction\",\"target\":{\"@type\":\"EntryPoint\",\"urlTemplate\":\"https:\\\/\\\/lurdinha.org\\\/site\\\/?s={search_term_string}\"},\"query-input\":{\"@type\":\"PropertyValueSpecification\",\"valueRequired\":true,\"valueName\":\"search_term_string\"}}],\"inLanguage\":\"pt-BR\"},{\"@type\":\"Organization\",\"@id\":\"https:\\\/\\\/lurdinha.org\\\/site\\\/#organization\",\"name\":\"Lurdinha de Caxias\",\"url\":\"https:\\\/\\\/lurdinha.org\\\/site\\\/\",\"logo\":{\"@type\":\"ImageObject\",\"inLanguage\":\"pt-BR\",\"@id\":\"https:\\\/\\\/lurdinha.org\\\/site\\\/#\\\/schema\\\/logo\\\/image\\\/\",\"url\":\"https:\\\/\\\/lurdinha.org\\\/site\\\/wp-content\\\/uploads\\\/logo-lurdinha.jpg\",\"contentUrl\":\"https:\\\/\\\/lurdinha.org\\\/site\\\/wp-content\\\/uploads\\\/logo-lurdinha.jpg\",\"width\":640,\"height\":60,\"caption\":\"Lurdinha de Caxias\"},\"image\":{\"@id\":\"https:\\\/\\\/lurdinha.org\\\/site\\\/#\\\/schema\\\/logo\\\/image\\\/\"},\"sameAs\":[\"https:\\\/\\\/www.facebook.com\\\/LurdinhadeCaxias\",\"https:\\\/\\\/www.instagram.com\\\/lurdinhadecaxias\"]},{\"@type\":\"Person\",\"@id\":\"https:\\\/\\\/lurdinha.org\\\/site\\\/#\\\/schema\\\/person\\\/59ce9a4aea867ed2e60b08673434dc96\",\"name\":\"Paulo Mainhard\",\"image\":{\"@type\":\"ImageObject\",\"inLanguage\":\"pt-BR\",\"@id\":\"https:\\\/\\\/secure.gravatar.com\\\/avatar\\\/447d08fec45bbc136aac27e543dc6d0536f96454a2515162f34c0fbcbb9f3b00?s=96&d=mm&r=g\",\"url\":\"https:\\\/\\\/secure.gravatar.com\\\/avatar\\\/447d08fec45bbc136aac27e543dc6d0536f96454a2515162f34c0fbcbb9f3b00?s=96&d=mm&r=g\",\"contentUrl\":\"https:\\\/\\\/secure.gravatar.com\\\/avatar\\\/447d08fec45bbc136aac27e543dc6d0536f96454a2515162f34c0fbcbb9f3b00?s=96&d=mm&r=g\",\"caption\":\"Paulo Mainhard\"},\"description\":\"Paulo Mainhard n\u00e3o sabe quem \u00e9. Se tiver alguma informa\u00e7\u00e3o, por favor nos avise.\",\"url\":\"https:\\\/\\\/lurdinha.org\\\/site\\\/author\\\/mainhard\\\/\"}]}<\/script>\n<!-- \/ Yoast SEO plugin. -->","yoast_head_json":{"title":"Ei, gar\u00e7om, cospe na comida! - Lurdinha - Duque de Caxias para Est\u00f4magos Fortes","robots":{"index":"index","follow":"follow","max-snippet":"max-snippet:-1","max-image-preview":"max-image-preview:large","max-video-preview":"max-video-preview:-1"},"canonical":"https:\/\/lurdinha.org\/site\/ei-garcom-cospe-na-comida\/","og_locale":"pt_BR","og_type":"article","og_title":"Ei, gar\u00e7om, cospe na comida! - Lurdinha - Duque de Caxias para Est\u00f4magos Fortes","og_description":"Cap\u00edtulo de hoje: Ei, gar\u00e7om, cospe na comida! (ver a primeira parte em http:\/\/lurdinha.org\/site\/?p=3933) &#8211;...","og_url":"https:\/\/lurdinha.org\/site\/ei-garcom-cospe-na-comida\/","og_site_name":"Lurdinha - Duque de Caxias para Est\u00f4magos Fortes","article_publisher":"https:\/\/www.facebook.com\/LurdinhadeCaxias","article_published_time":"2013-07-16T05:55:00+00:00","article_modified_time":"2013-07-16T09:05:00+00:00","og_image":[{"width":619,"height":464,"url":"https:\/\/lurdinha.org\/site\/wp-content\/uploads\/05protestocasamentoonibusrjfut-copa-casamento-13-julho-2013.jpg","type":"image\/jpeg"}],"author":"Paulo Mainhard","twitter_card":"summary_large_image","twitter_misc":{"Escrito por":"Paulo Mainhard","Est. tempo de leitura":"8 minutos"},"schema":{"@context":"https:\/\/schema.org","@graph":[{"@type":"Article","@id":"https:\/\/lurdinha.org\/site\/ei-garcom-cospe-na-comida\/#article","isPartOf":{"@id":"https:\/\/lurdinha.org\/site\/ei-garcom-cospe-na-comida\/"},"author":{"name":"Paulo Mainhard","@id":"https:\/\/lurdinha.org\/site\/#\/schema\/person\/59ce9a4aea867ed2e60b08673434dc96"},"headline":"Ei, gar\u00e7om, cospe na comida!","datePublished":"2013-07-16T05:55:00+00:00","dateModified":"2013-07-16T09:05:00+00:00","mainEntityOfPage":{"@id":"https:\/\/lurdinha.org\/site\/ei-garcom-cospe-na-comida\/"},"wordCount":1698,"commentCount":1,"publisher":{"@id":"https:\/\/lurdinha.org\/site\/#organization"},"image":{"@id":"https:\/\/lurdinha.org\/site\/ei-garcom-cospe-na-comida\/#primaryimage"},"thumbnailUrl":"http:\/\/lurdinha.org\/site\/wp-content\/uploads\/05protestocasamentoonibusrjfut-copa-casamento-13-julho-2013-300x224.jpg","keywords":["Casamento","Copacabana","Dona Batatinha","manifesta\u00e7\u00e3o"],"articleSection":["gente","hist\u00f3ria","uma boa"],"inLanguage":"pt-BR","potentialAction":[{"@type":"CommentAction","name":"Comment","target":["https:\/\/lurdinha.org\/site\/ei-garcom-cospe-na-comida\/#respond"]}]},{"@type":"WebPage","@id":"https:\/\/lurdinha.org\/site\/ei-garcom-cospe-na-comida\/","url":"https:\/\/lurdinha.org\/site\/ei-garcom-cospe-na-comida\/","name":"Ei, gar\u00e7om, cospe na comida! - Lurdinha - Duque de Caxias para Est\u00f4magos Fortes","isPartOf":{"@id":"https:\/\/lurdinha.org\/site\/#website"},"primaryImageOfPage":{"@id":"https:\/\/lurdinha.org\/site\/ei-garcom-cospe-na-comida\/#primaryimage"},"image":{"@id":"https:\/\/lurdinha.org\/site\/ei-garcom-cospe-na-comida\/#primaryimage"},"thumbnailUrl":"http:\/\/lurdinha.org\/site\/wp-content\/uploads\/05protestocasamentoonibusrjfut-copa-casamento-13-julho-2013-300x224.jpg","datePublished":"2013-07-16T05:55:00+00:00","dateModified":"2013-07-16T09:05:00+00:00","breadcrumb":{"@id":"https:\/\/lurdinha.org\/site\/ei-garcom-cospe-na-comida\/#breadcrumb"},"inLanguage":"pt-BR","potentialAction":[{"@type":"ReadAction","target":["https:\/\/lurdinha.org\/site\/ei-garcom-cospe-na-comida\/"]}]},{"@type":"ImageObject","inLanguage":"pt-BR","@id":"https:\/\/lurdinha.org\/site\/ei-garcom-cospe-na-comida\/#primaryimage","url":"https:\/\/lurdinha.org\/site\/wp-content\/uploads\/05protestocasamentoonibusrjfut-copa-casamento-13-julho-2013.jpg","contentUrl":"https:\/\/lurdinha.org\/site\/wp-content\/uploads\/05protestocasamentoonibusrjfut-copa-casamento-13-julho-2013.jpg","width":619,"height":464},{"@type":"BreadcrumbList","@id":"https:\/\/lurdinha.org\/site\/ei-garcom-cospe-na-comida\/#breadcrumb","itemListElement":[{"@type":"ListItem","position":1,"name":"In\u00edcio","item":"https:\/\/lurdinha.org\/site\/"},{"@type":"ListItem","position":2,"name":"Ei, gar\u00e7om, cospe na comida!"}]},{"@type":"WebSite","@id":"https:\/\/lurdinha.org\/site\/#website","url":"https:\/\/lurdinha.org\/site\/","name":"Lurdinha - Duque de Caxias para Est\u00f4magos Fortes","description":"Site sobre Arte, Cultura, Pol\u00edtica, Sociedade e curiosidades da cidade de Duque de Caxias, RJ","publisher":{"@id":"https:\/\/lurdinha.org\/site\/#organization"},"alternateName":"Lurdinha","potentialAction":[{"@type":"SearchAction","target":{"@type":"EntryPoint","urlTemplate":"https:\/\/lurdinha.org\/site\/?s={search_term_string}"},"query-input":{"@type":"PropertyValueSpecification","valueRequired":true,"valueName":"search_term_string"}}],"inLanguage":"pt-BR"},{"@type":"Organization","@id":"https:\/\/lurdinha.org\/site\/#organization","name":"Lurdinha de Caxias","url":"https:\/\/lurdinha.org\/site\/","logo":{"@type":"ImageObject","inLanguage":"pt-BR","@id":"https:\/\/lurdinha.org\/site\/#\/schema\/logo\/image\/","url":"https:\/\/lurdinha.org\/site\/wp-content\/uploads\/logo-lurdinha.jpg","contentUrl":"https:\/\/lurdinha.org\/site\/wp-content\/uploads\/logo-lurdinha.jpg","width":640,"height":60,"caption":"Lurdinha de Caxias"},"image":{"@id":"https:\/\/lurdinha.org\/site\/#\/schema\/logo\/image\/"},"sameAs":["https:\/\/www.facebook.com\/LurdinhadeCaxias","https:\/\/www.instagram.com\/lurdinhadecaxias"]},{"@type":"Person","@id":"https:\/\/lurdinha.org\/site\/#\/schema\/person\/59ce9a4aea867ed2e60b08673434dc96","name":"Paulo Mainhard","image":{"@type":"ImageObject","inLanguage":"pt-BR","@id":"https:\/\/secure.gravatar.com\/avatar\/447d08fec45bbc136aac27e543dc6d0536f96454a2515162f34c0fbcbb9f3b00?s=96&d=mm&r=g","url":"https:\/\/secure.gravatar.com\/avatar\/447d08fec45bbc136aac27e543dc6d0536f96454a2515162f34c0fbcbb9f3b00?s=96&d=mm&r=g","contentUrl":"https:\/\/secure.gravatar.com\/avatar\/447d08fec45bbc136aac27e543dc6d0536f96454a2515162f34c0fbcbb9f3b00?s=96&d=mm&r=g","caption":"Paulo Mainhard"},"description":"Paulo Mainhard n\u00e3o sabe quem \u00e9. Se tiver alguma informa\u00e7\u00e3o, por favor nos avise.","url":"https:\/\/lurdinha.org\/site\/author\/mainhard\/"}]}},"views":5371,"_links":{"self":[{"href":"https:\/\/lurdinha.org\/site\/wp-json\/wp\/v2\/posts\/3952","targetHints":{"allow":["GET"]}}],"collection":[{"href":"https:\/\/lurdinha.org\/site\/wp-json\/wp\/v2\/posts"}],"about":[{"href":"https:\/\/lurdinha.org\/site\/wp-json\/wp\/v2\/types\/post"}],"author":[{"embeddable":true,"href":"https:\/\/lurdinha.org\/site\/wp-json\/wp\/v2\/users\/49"}],"replies":[{"embeddable":true,"href":"https:\/\/lurdinha.org\/site\/wp-json\/wp\/v2\/comments?post=3952"}],"version-history":[{"count":8,"href":"https:\/\/lurdinha.org\/site\/wp-json\/wp\/v2\/posts\/3952\/revisions"}],"predecessor-version":[{"id":3965,"href":"https:\/\/lurdinha.org\/site\/wp-json\/wp\/v2\/posts\/3952\/revisions\/3965"}],"wp:attachment":[{"href":"https:\/\/lurdinha.org\/site\/wp-json\/wp\/v2\/media?parent=3952"}],"wp:term":[{"taxonomy":"category","embeddable":true,"href":"https:\/\/lurdinha.org\/site\/wp-json\/wp\/v2\/categories?post=3952"},{"taxonomy":"post_tag","embeddable":true,"href":"https:\/\/lurdinha.org\/site\/wp-json\/wp\/v2\/tags?post=3952"}],"curies":[{"name":"wp","href":"https:\/\/api.w.org\/{rel}","templated":true}]}}