{"id":3933,"date":"2013-07-12T09:08:29","date_gmt":"2013-07-12T09:08:29","guid":{"rendered":"http:\/\/lurdinha.org\/site\/?p=3933"},"modified":"2013-07-16T09:07:32","modified_gmt":"2013-07-16T09:07:32","slug":"nao-adianta-me-reprimir","status":"publish","type":"post","link":"https:\/\/lurdinha.org\/site\/nao-adianta-me-reprimir\/","title":{"rendered":"N\u00e3o adianta me reprimir!"},"content":{"rendered":"<div>\n<div>\n<div>\n<div id=\"id_51dfc6a8466ab8392106409\"><a href=\"http:\/\/lurdinha.org\/site\/wp-content\/uploads\/jantar-para-poucos.jpg\"><img loading=\"lazy\" decoding=\"async\" class=\"size-medium wp-image-3962 aligncenter\" alt=\"jantar para poucos\" src=\"http:\/\/lurdinha.org\/site\/wp-content\/uploads\/jantar-para-poucos-300x230.jpg\" width=\"338\" height=\"259\" srcset=\"https:\/\/lurdinha.org\/site\/wp-content\/uploads\/jantar-para-poucos-300x230.jpg 300w, https:\/\/lurdinha.org\/site\/wp-content\/uploads\/jantar-para-poucos.jpg 1024w\" sizes=\"auto, (max-width: 338px) 100vw, 338px\" \/><\/a><\/div>\n<div><\/div>\n<div>&#8211; N\u00e3o adianta me reprimir, esse governo vai cair! \u2013 Os gritos ecoam na minha sala enquanto escrevo, vindos ao vivo de um canal twitcam. Eram as manifesta\u00e7\u00f5es da noite do dia 11 de julho de 2013. Fatos hist\u00f3ricos corriqueiros.\u2013 Vem pra rua, vem! \u2013 Policiais em fileiras protegem o bel\u00edssimo Pal\u00e1cio Guanabara. (Sempre achei esse pal\u00e1cio imponente demais, chega a ser desproporcional).\u2013 O povo unido jamais ser\u00e1 vencido! \u2013 Grito cl\u00e1ssico. Agora um som de panela\u00e7o e apitos, vaias, ha! As panelas s\u00e3o enlouquecedoras!!! Chegou o choque! Vaias! Vaias seguidas. Quem segura a c\u00e2mera \u00e9 uma garota, talvez da janela de seu quarto, na rua Senador Correia, em Laranjeiras, est\u00e1 vendo e narrando tudo ao vivo! Explos\u00f5es!! N\u00e3o \u00e9 nada, s\u00e3o fogos! E as panelas n\u00e3o param!\u2013 Solta, solta! &#8211; Muitos manifestantes s\u00e3o levados para dentro de um \u00f4nibus da pol\u00edcia, pessoas pegadas a esmo, a menina conseguiu filmar tudo direitinho l\u00e1 do alto \u2013 T\u00e1 plantando prova! T\u00e1 plantando prova! \u2013 o grito do povo ecoava por todos os pr\u00e9dios, rebatiam e reviravam cada apartamento &#8211; Vergonha! Vergonha! &#8211; A popula\u00e7\u00e3o grita pra pol\u00edcia. E por que n\u00e3o estou l\u00e1? \u2013 eu me inquietava.A pol\u00edcia vai embora sob as vaias, deixando os manifestantes pra l\u00e1! &#8211; AAHH!! Valeeu galera!! &#8211; Ela grita pelo microfone com a multid\u00e3o ao fundo.- Pal\u00e1cio! Pal\u00e1cio!! \u2013 eles descem a rua para o Pal\u00e1cio Guanabara. Eu, daqui do meu computador, posso acessar outros links, as v\u00e1rias c\u00e2meras se interconectam, em v\u00e1rios pontos! O pessoal da Ordem dos advogados j\u00e1 est\u00e1 na frente do pal\u00e1cio negociando a liberta\u00e7\u00e3o da galera do \u00f4nibus.\u2013 O senhor conhece a m\u00eddia ninja? Pergunta a menina ao policial do choque, eles protegidos das cabe\u00e7as aos p\u00e9s, ela com a maior arma de todas: a c\u00e2mera ao vivo.\u2013 O que \u00e9 isso na mochila?<\/p>\n<p>&#8211; \u00c9 a bateria e o equipamento pra mandar pra web. \u00c9 a m\u00eddia Ninja!<\/p>\n<p>V\u00e1rios links simult\u00e2neos, incr\u00edvel, tudo ao vivo! Opa e gravado tamb\u00e9m, cara, \u00e9 tudo muito confuso, mas ao mesmo tempo \u00e9 muito mais real do que a not\u00edcia de amanh\u00e3 nos jornais.<\/p>\n<p>Opa, um cara chegou e come\u00e7ou a berrar para os policiais, que n\u00e3o se moviam: &#8211; \u201cQuando voc\u00eas estiverem me batendo, pensem nisso: Eu amo voc\u00eas! Mas os que est\u00e3o ai atr\u00e1s de voc\u00eas n\u00e3o, eles s\u00f3 querem o mal pros seus filhos, pra sua comunidade, e voc\u00eas sabem disso!\u201d<\/p>\n<p>\u00c9 cada coisa! O que ser\u00e1 que vai acontecer nos pr\u00f3ximos minutos? Qual ser\u00e1 o destino disso tudo?! Eu t\u00f4 sentindo que a galera n\u00e3o vai sair da\u00ed t\u00e3o cedo, est\u00e3o espalhados por todas as ruas em volta. Mas p\u00e9ra a\u00ed!! Eu j\u00e1 vi isso! Caramba, era grava\u00e7\u00e3o.<\/p>\n<p>Agora sim consegui um link ao vivo. Algu\u00e9m dizendo que foi assaltado, xii nada a ver. &#8211; Vamos seguir pro pal\u00e1cio, porque sinceramente&#8230; &#8211; E l\u00e1 se vai a c\u00e2mera esgueirando-se pelas ruas com os outros manifestantes.<\/p>\n<p>E agora? O que \u00e9 ao vivo de verdade? Alias o que isso importa? Estou vendo o acontecimento por dentro da manifesta\u00e7\u00e3o como nunca antes foi poss\u00edvel! \u00c9 enlouquecedor! Muita informa\u00e7\u00e3o cruzada, impratic\u00e1vel! Para acompanhar, s\u00f3 indo pra rua!<\/p>\n<p>Ent\u00e3o eu fui. Isso mesmo: Eu fui pra rua! Sem nem me confirmar de coisa alguma, esqueci o celular e tinha apenas alguns trocados, tudo bem &#8211; se voltar agora n\u00e3o saio mais. Ao descer do elevador dei de cara com Anita, que tentava parecer a J\u00e9ssica Rabbit. Ela e seu amante b\u00eabado estavam indo pro pal\u00e1cio. Ficou t\u00e3o \u00f3bvio que eles me ofereceram carona que nem mesmo isso precisou ser dito. Apenas segui o fluxo, um carro os esperava em frente a portaria do pr\u00e9dio. Entramos no carro e o motorista javan\u00eas nos levou numa trilha desconhecida nas imedia\u00e7\u00f5es do pal\u00e1cio do governo.<\/p>\n<p>Para minha surpresa, ela tirou da bolsa capuzes pretos para cada um e disse \u2013 \u201cqualquer coisa, a gente diz que \u00e9 black block querendo manifestar!\u201d<\/p>\n<p>Opa, p\u00e9ra a\u00ed! Eu estou indo para manifestar!! Quem eram esses caras, o que eles estavam indo fazer ali??! \u2013 Subimos uma rua toda cheia de curvas que liga Laranjeiras a Botafogo por cima de Santa Tereza, sa\u00edmos por uma passagem que d\u00e1 acesso a uma rua, no meio da mata, por tr\u00e1s do velho pal\u00e1cio.<\/p>\n<p>O carro n\u00e3o parou, as pessoas se jogavam dele como se estivessem pulando de paraquedas. Quando chegou minha vez tudo o que pude fazer foi seguir as instru\u00e7\u00f5es: abrace as pernas, proteja a cabe\u00e7a e vai.<\/p>\n<p>Aterrissamos com um ou outro ferimento, todos j\u00e1 estavam de m\u00e1scara, menos eu. Pensei: \u00c9 hora de fugir! Foi quando um deles me deu uma m\u00e1scara \u2013 Porque voc\u00ea n\u00e3o t\u00e1 vestido?! \u2013 Agora j\u00e1 era, eu era um deles. Botei a m\u00e1scara. Invadimos o pal\u00e1cio com uma facilidade aterradora!! &#8211; Gente, eu n\u00e3o sabia que tinha esse jardim todo aqui atr\u00e1s! \u2013 todo mundo exclamava.<\/p>\n<p>Estavam todos os guardas e policiais, toda a aten\u00e7\u00e3o estava concentrada na frente do pal\u00e1cio, no confronto com os manifestantes, de modo que, quando dei por mim, acabava de adentrar num incr\u00edvel e surreal sal\u00e3o estilo Lu\u00eds XVI. Tivemos a n\u00edtida sensa\u00e7\u00e3o de que voltamos no tempo, foi uma esp\u00e9cie de sensa\u00e7\u00e3o f\u00edsica, n\u00e3o sei explicar. Vamos em frente.<\/p>\n<p>Entramos por um corredor &#8211; tudo extravagantemente luxuoso &#8211; chegamos a um hall magn\u00edfico, com uma escadaria suntuosa ao centro. Focos de lanternas come\u00e7aram a varrer o lugar, algu\u00e9m apitou e soltaram os cachorros ali dentro mesmo. Percebi um belo e singelo foco de lanterna me revelando dos p\u00e9s a cabe\u00e7a, enquanto eu subia a escadaria. Ent\u00e3o vozes e chegaram perto e vieram me apalpando, eu coloquei as m\u00e3os na cabe\u00e7a e abri as pernas, rendido.<\/p>\n<p>Mas p\u00e9ra a\u00ed! Essas apalpadas estavam muito estranhas. Ei, eram mulheres, e bem salientes. Elas n\u00e3o eram policiais, eram mulheres da corte, entaladas em decotes surreais, muito atraentes, n\u00e3o fosse seu p\u00e9ssimo h\u00e1lito. Notei que muitas n\u00e3o tinham dentes. Ali\u00e1s, algumas nem mesmo bochechas! &#8211; Que lugar esquisito de se viver, pensei eu.<\/p>\n<p>N\u00e3o precisei de muito esfor\u00e7o para me livrar das duas meninas que me agarraram, porque chegou um velho rei, o \u201caclamado rei Alberto, da B\u00e9lgica\u201d, que foram praticamente \u201ccapturadas\u201d pelo pessoal da corte desse rei a\u00ed. Estavam vindo do Pal\u00e1cio das Laranjeiras porque ouviram boatos sobre tumultos aos p\u00e9s do hist\u00f3rico Pal\u00e1cio Isabel.<\/p>\n<p>Era tanta gente passando, que acho que nem deram bola pra mim. Pude parar e olhar aquelas pessoas esfarrapadas, vivendo de forma mecanizada, presos ali naquelas paredes e naquele imagin\u00e1rio. N\u00e3o pude acreditar no que via, mas a Princesa Isabel, o Conde D\u00b4Eu e uma imensa corte rastejante passou ao meu lado, para chegar a uma sala cont\u00edgua. Eu segui o fluxo das pessoas, como um rio.<\/p>\n<p>Chegamos nesse sal\u00e3o enorme, que tinha a mais espetacular mesa de jantar que eu jamais presenciei em toda minha vida, muitos objetos de ouro, ninfetas em trajes de banho, entre porcos assados inteiros na fogueira, e muitas outras coisas, eram atacados de todos os lados por pessoas que se transformavam diante da comida:<\/p>\n<p>Eram nobres indefect\u00edveis. Mas ao verem uma comida, seja l\u00e1 qual fosse, seus olhos se incendiavam, e eles eram tomados por uma energia louca e furiosa que explodia, mas acabava r\u00e1pido. Get\u00falio Vargas era o \u00fanico que nunca perdia a pose. Mesmo diante de um escravo, ou de uma princesa, portava-se como um nobre. Bem, com o escravo ele era um pouco mais rude, sabe.<\/p>\n<p>Diamantes rolavam por toda parte e os mais variados card\u00e1pios voc\u00eas podem imaginar, eram degustados pelos excelent\u00edssimos convidados. T\u00e3o bonitinha uma menina que entrou agora. Parece que saiu direto de uma pe\u00e7a do Nelson Rodrigues e caiu aqui, agora. Chegou numa bandeja, trazida por servos que, bem, na verdade eram ratazanas gigantes, remanescentes quilombolas de escravos que foram torturados naquela \u00e1rea. Pensei que ia come\u00e7ar o estupro generalizado, mas qual foi minha surpresa quando Orsina da Fonseca simplesmente arrancou um peda\u00e7o da bunda da garota com a m\u00e3o e o comeu com uma fome, que me deu at\u00e9 inveja!<\/p>\n<p>Foi ent\u00e3o que todo mundo come\u00e7ou a comer a garota. Literalmente. E quando ela acabou, eles come\u00e7aram a se comer entre si, era uma coisa nojenta demais para se presenciar, acreditem em mim.<\/p>\n<p>&#8211; Vamos pro parque! \u00c9 sempre l\u00e1 que terminam as festas mesmo&#8230; \u2013 Diziam indo todos em dire\u00e7\u00e3o ao Parque Guinle. Aquele grupo do Pal\u00e1cio das Laranjeiras, mais especificamente, os fantasmas puxa-saco do presidente Dutra, entraram numas de tirar onda, que eles quem tinham as chaves do pal\u00e1cio, n\u00e3o entendi o joguinho deles muito bem, parece coisa que se repete h\u00e1 d\u00e9cadas entre eles.<\/p>\n<p>&#8230;Continue a hist\u00f3ria voc\u00ea mesmo&#8230;<\/p>\n<p style=\"text-align: left\">Paulo Mainhard<br \/>\nLeia a continua\u00e7\u00e3o:<br \/>\n<a title=\"Ei, gar\u00e7om, cospe na comida!\" href=\"http:\/\/lurdinha.org\/site\/?p=3952\" target=\"_blank\">http:\/\/lurdinha.org\/site\/?p=3952<\/a><\/p>\n<\/div>\n<\/div>\n<\/div>\n<\/div>\n","protected":false},"excerpt":{"rendered":"<p>&#8211; N\u00e3o adianta me reprimir, esse governo vai cair! \u2013 Os gritos ecoam na minha&#8230;<\/p>\n","protected":false},"author":49,"featured_media":0,"comment_status":"open","ping_status":"closed","sticky":false,"template":"","format":"standard","meta":{"footnotes":""},"categories":[14,9,5],"tags":[542,544,529,541,545,543],"class_list":["post-3933","post","type-post","status-publish","format-standard","hentry","category-gente","category-historia","category-umaboa","tag-11-de-julho-de-2013","tag-estado","tag-manifestacoes","tag-palacio-guanabara","tag-representativo","tag-zumbis"],"yoast_head":"<!-- This site is optimized with the Yoast SEO plugin v27.5 - https:\/\/yoast.com\/product\/yoast-seo-wordpress\/ -->\n<title>N\u00e3o adianta me reprimir! - Lurdinha - Duque de Caxias para Est\u00f4magos Fortes<\/title>\n<meta name=\"robots\" content=\"index, follow, max-snippet:-1, max-image-preview:large, max-video-preview:-1\" \/>\n<link rel=\"canonical\" href=\"https:\/\/lurdinha.org\/site\/nao-adianta-me-reprimir\/\" \/>\n<meta property=\"og:locale\" content=\"pt_BR\" \/>\n<meta property=\"og:type\" content=\"article\" \/>\n<meta property=\"og:title\" content=\"N\u00e3o adianta me reprimir! - Lurdinha - Duque de Caxias para Est\u00f4magos Fortes\" \/>\n<meta property=\"og:description\" content=\"&#8211; N\u00e3o adianta me reprimir, esse governo vai cair! \u2013 Os gritos ecoam na minha...\" \/>\n<meta property=\"og:url\" content=\"https:\/\/lurdinha.org\/site\/nao-adianta-me-reprimir\/\" \/>\n<meta property=\"og:site_name\" content=\"Lurdinha - Duque de Caxias para Est\u00f4magos Fortes\" \/>\n<meta property=\"article:publisher\" content=\"https:\/\/www.facebook.com\/LurdinhadeCaxias\" \/>\n<meta property=\"article:published_time\" content=\"2013-07-12T09:08:29+00:00\" \/>\n<meta property=\"article:modified_time\" content=\"2013-07-16T09:07:32+00:00\" \/>\n<meta property=\"og:image\" content=\"https:\/\/lurdinha.org\/site\/wp-content\/uploads\/jantar-para-poucos.jpg\" \/>\n\t<meta property=\"og:image:width\" content=\"1024\" \/>\n\t<meta property=\"og:image:height\" content=\"786\" \/>\n\t<meta property=\"og:image:type\" content=\"image\/jpeg\" \/>\n<meta name=\"author\" content=\"Paulo Mainhard\" \/>\n<meta name=\"twitter:card\" content=\"summary_large_image\" \/>\n<meta name=\"twitter:label1\" content=\"Escrito por\" \/>\n\t<meta name=\"twitter:data1\" content=\"Paulo Mainhard\" \/>\n\t<meta name=\"twitter:label2\" content=\"Est. tempo de leitura\" \/>\n\t<meta name=\"twitter:data2\" content=\"8 minutos\" \/>\n<script type=\"application\/ld+json\" class=\"yoast-schema-graph\">{\"@context\":\"https:\\\/\\\/schema.org\",\"@graph\":[{\"@type\":\"Article\",\"@id\":\"https:\\\/\\\/lurdinha.org\\\/site\\\/nao-adianta-me-reprimir\\\/#article\",\"isPartOf\":{\"@id\":\"https:\\\/\\\/lurdinha.org\\\/site\\\/nao-adianta-me-reprimir\\\/\"},\"author\":{\"name\":\"Paulo Mainhard\",\"@id\":\"https:\\\/\\\/lurdinha.org\\\/site\\\/#\\\/schema\\\/person\\\/59ce9a4aea867ed2e60b08673434dc96\"},\"headline\":\"N\u00e3o adianta me reprimir!\",\"datePublished\":\"2013-07-12T09:08:29+00:00\",\"dateModified\":\"2013-07-16T09:07:32+00:00\",\"mainEntityOfPage\":{\"@id\":\"https:\\\/\\\/lurdinha.org\\\/site\\\/nao-adianta-me-reprimir\\\/\"},\"wordCount\":1574,\"commentCount\":1,\"publisher\":{\"@id\":\"https:\\\/\\\/lurdinha.org\\\/site\\\/#organization\"},\"image\":{\"@id\":\"https:\\\/\\\/lurdinha.org\\\/site\\\/nao-adianta-me-reprimir\\\/#primaryimage\"},\"thumbnailUrl\":\"http:\\\/\\\/lurdinha.org\\\/site\\\/wp-content\\\/uploads\\\/jantar-para-poucos-300x230.jpg\",\"keywords\":[\"11 de julho de 2013\",\"Estado\",\"manifesta\u00e7\u00f5es\",\"Pal\u00e1cio Guanabara\",\"Representativo\",\"zumbis\"],\"articleSection\":[\"gente\",\"hist\u00f3ria\",\"uma boa\"],\"inLanguage\":\"pt-BR\",\"potentialAction\":[{\"@type\":\"CommentAction\",\"name\":\"Comment\",\"target\":[\"https:\\\/\\\/lurdinha.org\\\/site\\\/nao-adianta-me-reprimir\\\/#respond\"]}]},{\"@type\":\"WebPage\",\"@id\":\"https:\\\/\\\/lurdinha.org\\\/site\\\/nao-adianta-me-reprimir\\\/\",\"url\":\"https:\\\/\\\/lurdinha.org\\\/site\\\/nao-adianta-me-reprimir\\\/\",\"name\":\"N\u00e3o adianta me reprimir! - Lurdinha - Duque de Caxias para Est\u00f4magos Fortes\",\"isPartOf\":{\"@id\":\"https:\\\/\\\/lurdinha.org\\\/site\\\/#website\"},\"primaryImageOfPage\":{\"@id\":\"https:\\\/\\\/lurdinha.org\\\/site\\\/nao-adianta-me-reprimir\\\/#primaryimage\"},\"image\":{\"@id\":\"https:\\\/\\\/lurdinha.org\\\/site\\\/nao-adianta-me-reprimir\\\/#primaryimage\"},\"thumbnailUrl\":\"http:\\\/\\\/lurdinha.org\\\/site\\\/wp-content\\\/uploads\\\/jantar-para-poucos-300x230.jpg\",\"datePublished\":\"2013-07-12T09:08:29+00:00\",\"dateModified\":\"2013-07-16T09:07:32+00:00\",\"breadcrumb\":{\"@id\":\"https:\\\/\\\/lurdinha.org\\\/site\\\/nao-adianta-me-reprimir\\\/#breadcrumb\"},\"inLanguage\":\"pt-BR\",\"potentialAction\":[{\"@type\":\"ReadAction\",\"target\":[\"https:\\\/\\\/lurdinha.org\\\/site\\\/nao-adianta-me-reprimir\\\/\"]}]},{\"@type\":\"ImageObject\",\"inLanguage\":\"pt-BR\",\"@id\":\"https:\\\/\\\/lurdinha.org\\\/site\\\/nao-adianta-me-reprimir\\\/#primaryimage\",\"url\":\"https:\\\/\\\/lurdinha.org\\\/site\\\/wp-content\\\/uploads\\\/jantar-para-poucos.jpg\",\"contentUrl\":\"https:\\\/\\\/lurdinha.org\\\/site\\\/wp-content\\\/uploads\\\/jantar-para-poucos.jpg\",\"width\":1024,\"height\":786},{\"@type\":\"BreadcrumbList\",\"@id\":\"https:\\\/\\\/lurdinha.org\\\/site\\\/nao-adianta-me-reprimir\\\/#breadcrumb\",\"itemListElement\":[{\"@type\":\"ListItem\",\"position\":1,\"name\":\"In\u00edcio\",\"item\":\"https:\\\/\\\/lurdinha.org\\\/site\\\/\"},{\"@type\":\"ListItem\",\"position\":2,\"name\":\"N\u00e3o adianta me reprimir!\"}]},{\"@type\":\"WebSite\",\"@id\":\"https:\\\/\\\/lurdinha.org\\\/site\\\/#website\",\"url\":\"https:\\\/\\\/lurdinha.org\\\/site\\\/\",\"name\":\"Lurdinha - Duque de Caxias para Est\u00f4magos Fortes\",\"description\":\"Site sobre Arte, Cultura, Pol\u00edtica, Sociedade e curiosidades da cidade de Duque de Caxias, RJ\",\"publisher\":{\"@id\":\"https:\\\/\\\/lurdinha.org\\\/site\\\/#organization\"},\"alternateName\":\"Lurdinha\",\"potentialAction\":[{\"@type\":\"SearchAction\",\"target\":{\"@type\":\"EntryPoint\",\"urlTemplate\":\"https:\\\/\\\/lurdinha.org\\\/site\\\/?s={search_term_string}\"},\"query-input\":{\"@type\":\"PropertyValueSpecification\",\"valueRequired\":true,\"valueName\":\"search_term_string\"}}],\"inLanguage\":\"pt-BR\"},{\"@type\":\"Organization\",\"@id\":\"https:\\\/\\\/lurdinha.org\\\/site\\\/#organization\",\"name\":\"Lurdinha de Caxias\",\"url\":\"https:\\\/\\\/lurdinha.org\\\/site\\\/\",\"logo\":{\"@type\":\"ImageObject\",\"inLanguage\":\"pt-BR\",\"@id\":\"https:\\\/\\\/lurdinha.org\\\/site\\\/#\\\/schema\\\/logo\\\/image\\\/\",\"url\":\"https:\\\/\\\/lurdinha.org\\\/site\\\/wp-content\\\/uploads\\\/logo-lurdinha.jpg\",\"contentUrl\":\"https:\\\/\\\/lurdinha.org\\\/site\\\/wp-content\\\/uploads\\\/logo-lurdinha.jpg\",\"width\":640,\"height\":60,\"caption\":\"Lurdinha de Caxias\"},\"image\":{\"@id\":\"https:\\\/\\\/lurdinha.org\\\/site\\\/#\\\/schema\\\/logo\\\/image\\\/\"},\"sameAs\":[\"https:\\\/\\\/www.facebook.com\\\/LurdinhadeCaxias\",\"https:\\\/\\\/www.instagram.com\\\/lurdinhadecaxias\"]},{\"@type\":\"Person\",\"@id\":\"https:\\\/\\\/lurdinha.org\\\/site\\\/#\\\/schema\\\/person\\\/59ce9a4aea867ed2e60b08673434dc96\",\"name\":\"Paulo Mainhard\",\"image\":{\"@type\":\"ImageObject\",\"inLanguage\":\"pt-BR\",\"@id\":\"https:\\\/\\\/secure.gravatar.com\\\/avatar\\\/447d08fec45bbc136aac27e543dc6d0536f96454a2515162f34c0fbcbb9f3b00?s=96&d=mm&r=g\",\"url\":\"https:\\\/\\\/secure.gravatar.com\\\/avatar\\\/447d08fec45bbc136aac27e543dc6d0536f96454a2515162f34c0fbcbb9f3b00?s=96&d=mm&r=g\",\"contentUrl\":\"https:\\\/\\\/secure.gravatar.com\\\/avatar\\\/447d08fec45bbc136aac27e543dc6d0536f96454a2515162f34c0fbcbb9f3b00?s=96&d=mm&r=g\",\"caption\":\"Paulo Mainhard\"},\"description\":\"Paulo Mainhard n\u00e3o sabe quem \u00e9. Se tiver alguma informa\u00e7\u00e3o, por favor nos avise.\",\"url\":\"https:\\\/\\\/lurdinha.org\\\/site\\\/author\\\/mainhard\\\/\"}]}<\/script>\n<!-- \/ Yoast SEO plugin. -->","yoast_head_json":{"title":"N\u00e3o adianta me reprimir! - Lurdinha - Duque de Caxias para Est\u00f4magos Fortes","robots":{"index":"index","follow":"follow","max-snippet":"max-snippet:-1","max-image-preview":"max-image-preview:large","max-video-preview":"max-video-preview:-1"},"canonical":"https:\/\/lurdinha.org\/site\/nao-adianta-me-reprimir\/","og_locale":"pt_BR","og_type":"article","og_title":"N\u00e3o adianta me reprimir! - Lurdinha - Duque de Caxias para Est\u00f4magos Fortes","og_description":"&#8211; N\u00e3o adianta me reprimir, esse governo vai cair! \u2013 Os gritos ecoam na minha...","og_url":"https:\/\/lurdinha.org\/site\/nao-adianta-me-reprimir\/","og_site_name":"Lurdinha - Duque de Caxias para Est\u00f4magos Fortes","article_publisher":"https:\/\/www.facebook.com\/LurdinhadeCaxias","article_published_time":"2013-07-12T09:08:29+00:00","article_modified_time":"2013-07-16T09:07:32+00:00","og_image":[{"width":1024,"height":786,"url":"https:\/\/lurdinha.org\/site\/wp-content\/uploads\/jantar-para-poucos.jpg","type":"image\/jpeg"}],"author":"Paulo Mainhard","twitter_card":"summary_large_image","twitter_misc":{"Escrito por":"Paulo Mainhard","Est. tempo de leitura":"8 minutos"},"schema":{"@context":"https:\/\/schema.org","@graph":[{"@type":"Article","@id":"https:\/\/lurdinha.org\/site\/nao-adianta-me-reprimir\/#article","isPartOf":{"@id":"https:\/\/lurdinha.org\/site\/nao-adianta-me-reprimir\/"},"author":{"name":"Paulo Mainhard","@id":"https:\/\/lurdinha.org\/site\/#\/schema\/person\/59ce9a4aea867ed2e60b08673434dc96"},"headline":"N\u00e3o adianta me reprimir!","datePublished":"2013-07-12T09:08:29+00:00","dateModified":"2013-07-16T09:07:32+00:00","mainEntityOfPage":{"@id":"https:\/\/lurdinha.org\/site\/nao-adianta-me-reprimir\/"},"wordCount":1574,"commentCount":1,"publisher":{"@id":"https:\/\/lurdinha.org\/site\/#organization"},"image":{"@id":"https:\/\/lurdinha.org\/site\/nao-adianta-me-reprimir\/#primaryimage"},"thumbnailUrl":"http:\/\/lurdinha.org\/site\/wp-content\/uploads\/jantar-para-poucos-300x230.jpg","keywords":["11 de julho de 2013","Estado","manifesta\u00e7\u00f5es","Pal\u00e1cio Guanabara","Representativo","zumbis"],"articleSection":["gente","hist\u00f3ria","uma boa"],"inLanguage":"pt-BR","potentialAction":[{"@type":"CommentAction","name":"Comment","target":["https:\/\/lurdinha.org\/site\/nao-adianta-me-reprimir\/#respond"]}]},{"@type":"WebPage","@id":"https:\/\/lurdinha.org\/site\/nao-adianta-me-reprimir\/","url":"https:\/\/lurdinha.org\/site\/nao-adianta-me-reprimir\/","name":"N\u00e3o adianta me reprimir! - Lurdinha - Duque de Caxias para Est\u00f4magos Fortes","isPartOf":{"@id":"https:\/\/lurdinha.org\/site\/#website"},"primaryImageOfPage":{"@id":"https:\/\/lurdinha.org\/site\/nao-adianta-me-reprimir\/#primaryimage"},"image":{"@id":"https:\/\/lurdinha.org\/site\/nao-adianta-me-reprimir\/#primaryimage"},"thumbnailUrl":"http:\/\/lurdinha.org\/site\/wp-content\/uploads\/jantar-para-poucos-300x230.jpg","datePublished":"2013-07-12T09:08:29+00:00","dateModified":"2013-07-16T09:07:32+00:00","breadcrumb":{"@id":"https:\/\/lurdinha.org\/site\/nao-adianta-me-reprimir\/#breadcrumb"},"inLanguage":"pt-BR","potentialAction":[{"@type":"ReadAction","target":["https:\/\/lurdinha.org\/site\/nao-adianta-me-reprimir\/"]}]},{"@type":"ImageObject","inLanguage":"pt-BR","@id":"https:\/\/lurdinha.org\/site\/nao-adianta-me-reprimir\/#primaryimage","url":"https:\/\/lurdinha.org\/site\/wp-content\/uploads\/jantar-para-poucos.jpg","contentUrl":"https:\/\/lurdinha.org\/site\/wp-content\/uploads\/jantar-para-poucos.jpg","width":1024,"height":786},{"@type":"BreadcrumbList","@id":"https:\/\/lurdinha.org\/site\/nao-adianta-me-reprimir\/#breadcrumb","itemListElement":[{"@type":"ListItem","position":1,"name":"In\u00edcio","item":"https:\/\/lurdinha.org\/site\/"},{"@type":"ListItem","position":2,"name":"N\u00e3o adianta me reprimir!"}]},{"@type":"WebSite","@id":"https:\/\/lurdinha.org\/site\/#website","url":"https:\/\/lurdinha.org\/site\/","name":"Lurdinha - Duque de Caxias para Est\u00f4magos Fortes","description":"Site sobre Arte, Cultura, Pol\u00edtica, Sociedade e curiosidades da cidade de Duque de Caxias, RJ","publisher":{"@id":"https:\/\/lurdinha.org\/site\/#organization"},"alternateName":"Lurdinha","potentialAction":[{"@type":"SearchAction","target":{"@type":"EntryPoint","urlTemplate":"https:\/\/lurdinha.org\/site\/?s={search_term_string}"},"query-input":{"@type":"PropertyValueSpecification","valueRequired":true,"valueName":"search_term_string"}}],"inLanguage":"pt-BR"},{"@type":"Organization","@id":"https:\/\/lurdinha.org\/site\/#organization","name":"Lurdinha de Caxias","url":"https:\/\/lurdinha.org\/site\/","logo":{"@type":"ImageObject","inLanguage":"pt-BR","@id":"https:\/\/lurdinha.org\/site\/#\/schema\/logo\/image\/","url":"https:\/\/lurdinha.org\/site\/wp-content\/uploads\/logo-lurdinha.jpg","contentUrl":"https:\/\/lurdinha.org\/site\/wp-content\/uploads\/logo-lurdinha.jpg","width":640,"height":60,"caption":"Lurdinha de Caxias"},"image":{"@id":"https:\/\/lurdinha.org\/site\/#\/schema\/logo\/image\/"},"sameAs":["https:\/\/www.facebook.com\/LurdinhadeCaxias","https:\/\/www.instagram.com\/lurdinhadecaxias"]},{"@type":"Person","@id":"https:\/\/lurdinha.org\/site\/#\/schema\/person\/59ce9a4aea867ed2e60b08673434dc96","name":"Paulo Mainhard","image":{"@type":"ImageObject","inLanguage":"pt-BR","@id":"https:\/\/secure.gravatar.com\/avatar\/447d08fec45bbc136aac27e543dc6d0536f96454a2515162f34c0fbcbb9f3b00?s=96&d=mm&r=g","url":"https:\/\/secure.gravatar.com\/avatar\/447d08fec45bbc136aac27e543dc6d0536f96454a2515162f34c0fbcbb9f3b00?s=96&d=mm&r=g","contentUrl":"https:\/\/secure.gravatar.com\/avatar\/447d08fec45bbc136aac27e543dc6d0536f96454a2515162f34c0fbcbb9f3b00?s=96&d=mm&r=g","caption":"Paulo Mainhard"},"description":"Paulo Mainhard n\u00e3o sabe quem \u00e9. Se tiver alguma informa\u00e7\u00e3o, por favor nos avise.","url":"https:\/\/lurdinha.org\/site\/author\/mainhard\/"}]}},"views":4862,"_links":{"self":[{"href":"https:\/\/lurdinha.org\/site\/wp-json\/wp\/v2\/posts\/3933","targetHints":{"allow":["GET"]}}],"collection":[{"href":"https:\/\/lurdinha.org\/site\/wp-json\/wp\/v2\/posts"}],"about":[{"href":"https:\/\/lurdinha.org\/site\/wp-json\/wp\/v2\/types\/post"}],"author":[{"embeddable":true,"href":"https:\/\/lurdinha.org\/site\/wp-json\/wp\/v2\/users\/49"}],"replies":[{"embeddable":true,"href":"https:\/\/lurdinha.org\/site\/wp-json\/wp\/v2\/comments?post=3933"}],"version-history":[{"count":10,"href":"https:\/\/lurdinha.org\/site\/wp-json\/wp\/v2\/posts\/3933\/revisions"}],"predecessor-version":[{"id":3937,"href":"https:\/\/lurdinha.org\/site\/wp-json\/wp\/v2\/posts\/3933\/revisions\/3937"}],"wp:attachment":[{"href":"https:\/\/lurdinha.org\/site\/wp-json\/wp\/v2\/media?parent=3933"}],"wp:term":[{"taxonomy":"category","embeddable":true,"href":"https:\/\/lurdinha.org\/site\/wp-json\/wp\/v2\/categories?post=3933"},{"taxonomy":"post_tag","embeddable":true,"href":"https:\/\/lurdinha.org\/site\/wp-json\/wp\/v2\/tags?post=3933"}],"curies":[{"name":"wp","href":"https:\/\/api.w.org\/{rel}","templated":true}]}}