{"id":3903,"date":"2013-07-05T21:53:18","date_gmt":"2013-07-05T21:53:18","guid":{"rendered":"http:\/\/lurdinha.org\/site\/?p=3903"},"modified":"2013-07-05T22:21:25","modified_gmt":"2013-07-05T22:21:25","slug":"o-mundo-das-metaforas-literais-n1-saber-sentir","status":"publish","type":"post","link":"https:\/\/lurdinha.org\/site\/o-mundo-das-metaforas-literais-n1-saber-sentir\/","title":{"rendered":"O MUNDO DAS MET\u00c1FORAS LITERAIS n\u00b01: SABER-SENTIR"},"content":{"rendered":"<p align=\"JUSTIFY\"><a href=\"http:\/\/lurdinha.org\/site\/wp-content\/uploads\/corazon-ezln-rojo.jpg\"><img loading=\"lazy\" decoding=\"async\" class=\"size-full wp-image-3904 aligncenter\" alt=\"corazon ezln rojo\" src=\"http:\/\/lurdinha.org\/site\/wp-content\/uploads\/corazon-ezln-rojo.jpg\" width=\"400\" height=\"400\" srcset=\"https:\/\/lurdinha.org\/site\/wp-content\/uploads\/corazon-ezln-rojo.jpg 400w, https:\/\/lurdinha.org\/site\/wp-content\/uploads\/corazon-ezln-rojo-300x300.jpg 300w, https:\/\/lurdinha.org\/site\/wp-content\/uploads\/corazon-ezln-rojo-150x150.jpg 150w, https:\/\/lurdinha.org\/site\/wp-content\/uploads\/corazon-ezln-rojo-120x120.jpg 120w\" sizes=\"auto, (max-width: 400px) 100vw, 400px\" \/><\/a><\/p>\n<p align=\"JUSTIFY\">Sempre soubemos que a paci\u00eancia era a nossa maior vit\u00f3ria. Nunca imaginamos que a tecnologia alcan\u00e7ada com a escravid\u00e3o de muitos de nossos irm\u00e3os seria a nossa reden\u00e7\u00e3o e o nosso caminho de volta. Desde sempre temos existido, seja naquele que se revolta contra o exterm\u00ednio de sua aldeia, naquele que leva uma surra de um policial em becos desta pobreza universal e padronizada, ou nos indignados que sabem que vivem sob a sola de Estados e de corpora\u00e7\u00f5es opressores.<\/p>\n<p align=\"JUSTIFY\">Desde que os invasores chegaram aqui, a gangorra vai de encontro ao nosso lado e esmaga nossos pesco\u00e7os. Miram em nossos corpos e em nossos objetos. O que eles n\u00e3o sabem \u00e9 que nossas cabe\u00e7as continuam equilibradas em cima de nossos pesco\u00e7os. O mundo, para n\u00f3s, sempre foi refeito de dentro para fora. Nunca houve protocolo. O que para os invasores parece a novidade metaf\u00edsica do momento, para n\u00f3s existe desde sempre. Nossos xam\u00e3s acessam outros mundos e trocam insumos para que este mundo exista em equil\u00edbrio. Mas eles n\u00e3o t\u00eam o monop\u00f3lio do acesso, somente sabem-sentem como faz\u00ea-lo.<\/p>\n<p align=\"JUSTIFY\">Desde o \u201cincidente dos P25\u201d, os ratos entenderam que suas tocas n\u00e3o s\u00e3o mais completamente seguras somente com seus capangas oficiais e assessores de imprensa c\u00ednicos. Os Minist\u00e9rios da Brutalidade e o da Mentira s\u00e3o in\u00fateis contra o nosso saber-sentir.<\/p>\n<p align=\"JUSTIFY\">P25 s\u00e3o r\u00e1dios das for\u00e7as de repress\u00e3o facilmente trav\u00e1veis. Juntamente com uma rede de colaboradores conseguimos intercept\u00e1-los e fazermos escutas. Com as informa\u00e7\u00f5es vazadas por ali, e por outros meios, montamos uma a\u00e7\u00e3o direta contra o Estado e a Imprensa. O momento pol\u00edtico era bastante oportuno. Imprensa e Estado mexiam juntos suas pe\u00e7as para manterem mais um genocida na presid\u00eancia. \u00c0s pressas, prepararam um flagrante contra o principal opositor, que tamb\u00e9m era um rato, mas servia, no momento, a outros senhores. Haviam recebido uma den\u00fancia de que este opositor mantinha uma refinaria de drogas em um determinado endere\u00e7o. Suas visitas seriam frequentes ao local e um flagrante ao vivo era tudo que Imprensa e Estado gostariam para acabarem com a sua carreira pol\u00edtica. Armaram o circo. S\u00f3 n\u00e3o contavam que ali, na verdade, era onde o candidato preferido deles, atual presidente, fazia suas orgias com menores. Mapeamos por 2 anos suas redes de rela\u00e7\u00f5es. 50 pessoas-chave foram nossos semi-avatares. T\u00ednhamos o controle de seus e-mails, conversas e redes sociais. Os colaboradores infiltrados faziam a conten\u00e7\u00e3o e sustentavam vers\u00f5es veross\u00edmeis dentro do aparelho. Derrubamos um presidente sem darmos um tiro. Mostramos ao vivo a psicopatia inerente do poder. Implodimos o sistema de dentro para fora.<\/p>\n<p align=\"JUSTIFY\">Parece, no entanto, que isso n\u00e3o foi o bastante. Colocaram outro bandido em seu lugar. Um antigo senador maranhense, que babava e exalava podrid\u00e3o. Contra esse foi mais f\u00e1cil. Invadimos seu marca-passo, que monitorava em tempo real seu estado de sa\u00fade e mandava relat\u00f3rios detalhados para uma junta de um hospital particular que somente a explora\u00e7\u00e3o de milhares poderia pagar. Acionamos o c\u00f3digo durante seu discurso de posse ao vivo em rede nacional. Sempre soubemos que um dia entrar\u00edamos nos cora\u00e7\u00f5es dos pol\u00edticos&#8230; de um jeito ou de outro.<\/p>\n<p align=\"JUSTIFY\">Continua&#8230;<\/p>\n","protected":false},"excerpt":{"rendered":"<p>Sempre soubemos que a paci\u00eancia era a nossa maior vit\u00f3ria. Nunca imaginamos que a tecnologia&#8230;<\/p>\n","protected":false},"author":35,"featured_media":0,"comment_status":"open","ping_status":"closed","sticky":false,"template":"","format":"standard","meta":{"footnotes":""},"categories":[6],"tags":[540,539],"class_list":["post-3903","post","type-post","status-publish","format-standard","hentry","category-bagacaria","tag-metaforas-literais","tag-pura-especulacao"],"yoast_head":"<!-- This site is optimized with the Yoast SEO plugin v27.5 - https:\/\/yoast.com\/product\/yoast-seo-wordpress\/ -->\n<title>O MUNDO DAS MET\u00c1FORAS LITERAIS n\u00b01: SABER-SENTIR - Lurdinha - Duque de Caxias para Est\u00f4magos Fortes<\/title>\n<meta name=\"robots\" content=\"index, follow, max-snippet:-1, max-image-preview:large, max-video-preview:-1\" \/>\n<link rel=\"canonical\" href=\"https:\/\/lurdinha.org\/site\/o-mundo-das-metaforas-literais-n1-saber-sentir\/\" \/>\n<meta property=\"og:locale\" content=\"pt_BR\" \/>\n<meta property=\"og:type\" content=\"article\" \/>\n<meta property=\"og:title\" content=\"O MUNDO DAS MET\u00c1FORAS LITERAIS n\u00b01: SABER-SENTIR - Lurdinha - Duque de Caxias para Est\u00f4magos Fortes\" \/>\n<meta property=\"og:description\" content=\"Sempre soubemos que a paci\u00eancia era a nossa maior vit\u00f3ria. Nunca imaginamos que a tecnologia...\" \/>\n<meta property=\"og:url\" content=\"https:\/\/lurdinha.org\/site\/o-mundo-das-metaforas-literais-n1-saber-sentir\/\" \/>\n<meta property=\"og:site_name\" content=\"Lurdinha - Duque de Caxias para Est\u00f4magos Fortes\" \/>\n<meta property=\"article:publisher\" content=\"https:\/\/www.facebook.com\/LurdinhadeCaxias\" \/>\n<meta property=\"article:published_time\" content=\"2013-07-05T21:53:18+00:00\" \/>\n<meta property=\"article:modified_time\" content=\"2013-07-05T22:21:25+00:00\" \/>\n<meta property=\"og:image\" content=\"https:\/\/lurdinha.org\/site\/wp-content\/uploads\/corazon-ezln-rojo.jpg\" \/>\n\t<meta property=\"og:image:width\" content=\"400\" \/>\n\t<meta property=\"og:image:height\" content=\"400\" \/>\n\t<meta property=\"og:image:type\" content=\"image\/jpeg\" \/>\n<meta name=\"author\" content=\"Pura Especula\u00e7\u00e3o\" \/>\n<meta name=\"twitter:card\" content=\"summary_large_image\" \/>\n<meta name=\"twitter:label1\" content=\"Escrito por\" \/>\n\t<meta name=\"twitter:data1\" content=\"Pura Especula\u00e7\u00e3o\" \/>\n\t<meta name=\"twitter:label2\" content=\"Est. tempo de leitura\" \/>\n\t<meta name=\"twitter:data2\" content=\"3 minutos\" \/>\n<script type=\"application\/ld+json\" class=\"yoast-schema-graph\">{\"@context\":\"https:\\\/\\\/schema.org\",\"@graph\":[{\"@type\":\"Article\",\"@id\":\"https:\\\/\\\/lurdinha.org\\\/site\\\/o-mundo-das-metaforas-literais-n1-saber-sentir\\\/#article\",\"isPartOf\":{\"@id\":\"https:\\\/\\\/lurdinha.org\\\/site\\\/o-mundo-das-metaforas-literais-n1-saber-sentir\\\/\"},\"author\":{\"name\":\"Pura Especula\u00e7\u00e3o\",\"@id\":\"https:\\\/\\\/lurdinha.org\\\/site\\\/#\\\/schema\\\/person\\\/23f4e2807479a5d5d8702d03866bd9e8\"},\"headline\":\"O MUNDO DAS MET\u00c1FORAS LITERAIS n\u00b01: SABER-SENTIR\",\"datePublished\":\"2013-07-05T21:53:18+00:00\",\"dateModified\":\"2013-07-05T22:21:25+00:00\",\"mainEntityOfPage\":{\"@id\":\"https:\\\/\\\/lurdinha.org\\\/site\\\/o-mundo-das-metaforas-literais-n1-saber-sentir\\\/\"},\"wordCount\":576,\"commentCount\":0,\"publisher\":{\"@id\":\"https:\\\/\\\/lurdinha.org\\\/site\\\/#organization\"},\"image\":{\"@id\":\"https:\\\/\\\/lurdinha.org\\\/site\\\/o-mundo-das-metaforas-literais-n1-saber-sentir\\\/#primaryimage\"},\"thumbnailUrl\":\"http:\\\/\\\/lurdinha.org\\\/site\\\/wp-content\\\/uploads\\\/corazon-ezln-rojo.jpg\",\"keywords\":[\"met\u00e1foras literais\",\"pura especula\u00e7\u00e3o\"],\"articleSection\":[\"baga\u00e7aria\"],\"inLanguage\":\"pt-BR\",\"potentialAction\":[{\"@type\":\"CommentAction\",\"name\":\"Comment\",\"target\":[\"https:\\\/\\\/lurdinha.org\\\/site\\\/o-mundo-das-metaforas-literais-n1-saber-sentir\\\/#respond\"]}]},{\"@type\":\"WebPage\",\"@id\":\"https:\\\/\\\/lurdinha.org\\\/site\\\/o-mundo-das-metaforas-literais-n1-saber-sentir\\\/\",\"url\":\"https:\\\/\\\/lurdinha.org\\\/site\\\/o-mundo-das-metaforas-literais-n1-saber-sentir\\\/\",\"name\":\"O MUNDO DAS MET\u00c1FORAS LITERAIS n\u00b01: SABER-SENTIR - Lurdinha - Duque de Caxias para Est\u00f4magos Fortes\",\"isPartOf\":{\"@id\":\"https:\\\/\\\/lurdinha.org\\\/site\\\/#website\"},\"primaryImageOfPage\":{\"@id\":\"https:\\\/\\\/lurdinha.org\\\/site\\\/o-mundo-das-metaforas-literais-n1-saber-sentir\\\/#primaryimage\"},\"image\":{\"@id\":\"https:\\\/\\\/lurdinha.org\\\/site\\\/o-mundo-das-metaforas-literais-n1-saber-sentir\\\/#primaryimage\"},\"thumbnailUrl\":\"http:\\\/\\\/lurdinha.org\\\/site\\\/wp-content\\\/uploads\\\/corazon-ezln-rojo.jpg\",\"datePublished\":\"2013-07-05T21:53:18+00:00\",\"dateModified\":\"2013-07-05T22:21:25+00:00\",\"breadcrumb\":{\"@id\":\"https:\\\/\\\/lurdinha.org\\\/site\\\/o-mundo-das-metaforas-literais-n1-saber-sentir\\\/#breadcrumb\"},\"inLanguage\":\"pt-BR\",\"potentialAction\":[{\"@type\":\"ReadAction\",\"target\":[\"https:\\\/\\\/lurdinha.org\\\/site\\\/o-mundo-das-metaforas-literais-n1-saber-sentir\\\/\"]}]},{\"@type\":\"ImageObject\",\"inLanguage\":\"pt-BR\",\"@id\":\"https:\\\/\\\/lurdinha.org\\\/site\\\/o-mundo-das-metaforas-literais-n1-saber-sentir\\\/#primaryimage\",\"url\":\"https:\\\/\\\/lurdinha.org\\\/site\\\/wp-content\\\/uploads\\\/corazon-ezln-rojo.jpg\",\"contentUrl\":\"https:\\\/\\\/lurdinha.org\\\/site\\\/wp-content\\\/uploads\\\/corazon-ezln-rojo.jpg\",\"width\":400,\"height\":400},{\"@type\":\"BreadcrumbList\",\"@id\":\"https:\\\/\\\/lurdinha.org\\\/site\\\/o-mundo-das-metaforas-literais-n1-saber-sentir\\\/#breadcrumb\",\"itemListElement\":[{\"@type\":\"ListItem\",\"position\":1,\"name\":\"In\u00edcio\",\"item\":\"https:\\\/\\\/lurdinha.org\\\/site\\\/\"},{\"@type\":\"ListItem\",\"position\":2,\"name\":\"O MUNDO DAS MET\u00c1FORAS LITERAIS n\u00b01: SABER-SENTIR\"}]},{\"@type\":\"WebSite\",\"@id\":\"https:\\\/\\\/lurdinha.org\\\/site\\\/#website\",\"url\":\"https:\\\/\\\/lurdinha.org\\\/site\\\/\",\"name\":\"Lurdinha - Duque de Caxias para Est\u00f4magos Fortes\",\"description\":\"Site sobre Arte, Cultura, Pol\u00edtica, Sociedade e curiosidades da cidade de Duque de Caxias, RJ\",\"publisher\":{\"@id\":\"https:\\\/\\\/lurdinha.org\\\/site\\\/#organization\"},\"alternateName\":\"Lurdinha\",\"potentialAction\":[{\"@type\":\"SearchAction\",\"target\":{\"@type\":\"EntryPoint\",\"urlTemplate\":\"https:\\\/\\\/lurdinha.org\\\/site\\\/?s={search_term_string}\"},\"query-input\":{\"@type\":\"PropertyValueSpecification\",\"valueRequired\":true,\"valueName\":\"search_term_string\"}}],\"inLanguage\":\"pt-BR\"},{\"@type\":\"Organization\",\"@id\":\"https:\\\/\\\/lurdinha.org\\\/site\\\/#organization\",\"name\":\"Lurdinha de Caxias\",\"url\":\"https:\\\/\\\/lurdinha.org\\\/site\\\/\",\"logo\":{\"@type\":\"ImageObject\",\"inLanguage\":\"pt-BR\",\"@id\":\"https:\\\/\\\/lurdinha.org\\\/site\\\/#\\\/schema\\\/logo\\\/image\\\/\",\"url\":\"https:\\\/\\\/lurdinha.org\\\/site\\\/wp-content\\\/uploads\\\/logo-lurdinha.jpg\",\"contentUrl\":\"https:\\\/\\\/lurdinha.org\\\/site\\\/wp-content\\\/uploads\\\/logo-lurdinha.jpg\",\"width\":640,\"height\":60,\"caption\":\"Lurdinha de Caxias\"},\"image\":{\"@id\":\"https:\\\/\\\/lurdinha.org\\\/site\\\/#\\\/schema\\\/logo\\\/image\\\/\"},\"sameAs\":[\"https:\\\/\\\/www.facebook.com\\\/LurdinhadeCaxias\",\"https:\\\/\\\/www.instagram.com\\\/lurdinhadecaxias\"]},{\"@type\":\"Person\",\"@id\":\"https:\\\/\\\/lurdinha.org\\\/site\\\/#\\\/schema\\\/person\\\/23f4e2807479a5d5d8702d03866bd9e8\",\"name\":\"Pura Especula\u00e7\u00e3o\",\"image\":{\"@type\":\"ImageObject\",\"inLanguage\":\"pt-BR\",\"@id\":\"https:\\\/\\\/secure.gravatar.com\\\/avatar\\\/ae7887667aa846261562fb2caafee99e433d1e357ef58d937273a1dfaeecc392?s=96&d=mm&r=g\",\"url\":\"https:\\\/\\\/secure.gravatar.com\\\/avatar\\\/ae7887667aa846261562fb2caafee99e433d1e357ef58d937273a1dfaeecc392?s=96&d=mm&r=g\",\"contentUrl\":\"https:\\\/\\\/secure.gravatar.com\\\/avatar\\\/ae7887667aa846261562fb2caafee99e433d1e357ef58d937273a1dfaeecc392?s=96&d=mm&r=g\",\"caption\":\"Pura Especula\u00e7\u00e3o\"},\"url\":\"https:\\\/\\\/lurdinha.org\\\/site\\\/author\\\/pura\\\/\"}]}<\/script>\n<!-- \/ Yoast SEO plugin. -->","yoast_head_json":{"title":"O MUNDO DAS MET\u00c1FORAS LITERAIS n\u00b01: SABER-SENTIR - Lurdinha - Duque de Caxias para Est\u00f4magos Fortes","robots":{"index":"index","follow":"follow","max-snippet":"max-snippet:-1","max-image-preview":"max-image-preview:large","max-video-preview":"max-video-preview:-1"},"canonical":"https:\/\/lurdinha.org\/site\/o-mundo-das-metaforas-literais-n1-saber-sentir\/","og_locale":"pt_BR","og_type":"article","og_title":"O MUNDO DAS MET\u00c1FORAS LITERAIS n\u00b01: SABER-SENTIR - Lurdinha - Duque de Caxias para Est\u00f4magos Fortes","og_description":"Sempre soubemos que a paci\u00eancia era a nossa maior vit\u00f3ria. Nunca imaginamos que a tecnologia...","og_url":"https:\/\/lurdinha.org\/site\/o-mundo-das-metaforas-literais-n1-saber-sentir\/","og_site_name":"Lurdinha - Duque de Caxias para Est\u00f4magos Fortes","article_publisher":"https:\/\/www.facebook.com\/LurdinhadeCaxias","article_published_time":"2013-07-05T21:53:18+00:00","article_modified_time":"2013-07-05T22:21:25+00:00","og_image":[{"width":400,"height":400,"url":"https:\/\/lurdinha.org\/site\/wp-content\/uploads\/corazon-ezln-rojo.jpg","type":"image\/jpeg"}],"author":"Pura Especula\u00e7\u00e3o","twitter_card":"summary_large_image","twitter_misc":{"Escrito por":"Pura Especula\u00e7\u00e3o","Est. tempo de leitura":"3 minutos"},"schema":{"@context":"https:\/\/schema.org","@graph":[{"@type":"Article","@id":"https:\/\/lurdinha.org\/site\/o-mundo-das-metaforas-literais-n1-saber-sentir\/#article","isPartOf":{"@id":"https:\/\/lurdinha.org\/site\/o-mundo-das-metaforas-literais-n1-saber-sentir\/"},"author":{"name":"Pura Especula\u00e7\u00e3o","@id":"https:\/\/lurdinha.org\/site\/#\/schema\/person\/23f4e2807479a5d5d8702d03866bd9e8"},"headline":"O MUNDO DAS MET\u00c1FORAS LITERAIS n\u00b01: SABER-SENTIR","datePublished":"2013-07-05T21:53:18+00:00","dateModified":"2013-07-05T22:21:25+00:00","mainEntityOfPage":{"@id":"https:\/\/lurdinha.org\/site\/o-mundo-das-metaforas-literais-n1-saber-sentir\/"},"wordCount":576,"commentCount":0,"publisher":{"@id":"https:\/\/lurdinha.org\/site\/#organization"},"image":{"@id":"https:\/\/lurdinha.org\/site\/o-mundo-das-metaforas-literais-n1-saber-sentir\/#primaryimage"},"thumbnailUrl":"http:\/\/lurdinha.org\/site\/wp-content\/uploads\/corazon-ezln-rojo.jpg","keywords":["met\u00e1foras literais","pura especula\u00e7\u00e3o"],"articleSection":["baga\u00e7aria"],"inLanguage":"pt-BR","potentialAction":[{"@type":"CommentAction","name":"Comment","target":["https:\/\/lurdinha.org\/site\/o-mundo-das-metaforas-literais-n1-saber-sentir\/#respond"]}]},{"@type":"WebPage","@id":"https:\/\/lurdinha.org\/site\/o-mundo-das-metaforas-literais-n1-saber-sentir\/","url":"https:\/\/lurdinha.org\/site\/o-mundo-das-metaforas-literais-n1-saber-sentir\/","name":"O MUNDO DAS MET\u00c1FORAS LITERAIS n\u00b01: SABER-SENTIR - Lurdinha - Duque de Caxias para Est\u00f4magos Fortes","isPartOf":{"@id":"https:\/\/lurdinha.org\/site\/#website"},"primaryImageOfPage":{"@id":"https:\/\/lurdinha.org\/site\/o-mundo-das-metaforas-literais-n1-saber-sentir\/#primaryimage"},"image":{"@id":"https:\/\/lurdinha.org\/site\/o-mundo-das-metaforas-literais-n1-saber-sentir\/#primaryimage"},"thumbnailUrl":"http:\/\/lurdinha.org\/site\/wp-content\/uploads\/corazon-ezln-rojo.jpg","datePublished":"2013-07-05T21:53:18+00:00","dateModified":"2013-07-05T22:21:25+00:00","breadcrumb":{"@id":"https:\/\/lurdinha.org\/site\/o-mundo-das-metaforas-literais-n1-saber-sentir\/#breadcrumb"},"inLanguage":"pt-BR","potentialAction":[{"@type":"ReadAction","target":["https:\/\/lurdinha.org\/site\/o-mundo-das-metaforas-literais-n1-saber-sentir\/"]}]},{"@type":"ImageObject","inLanguage":"pt-BR","@id":"https:\/\/lurdinha.org\/site\/o-mundo-das-metaforas-literais-n1-saber-sentir\/#primaryimage","url":"https:\/\/lurdinha.org\/site\/wp-content\/uploads\/corazon-ezln-rojo.jpg","contentUrl":"https:\/\/lurdinha.org\/site\/wp-content\/uploads\/corazon-ezln-rojo.jpg","width":400,"height":400},{"@type":"BreadcrumbList","@id":"https:\/\/lurdinha.org\/site\/o-mundo-das-metaforas-literais-n1-saber-sentir\/#breadcrumb","itemListElement":[{"@type":"ListItem","position":1,"name":"In\u00edcio","item":"https:\/\/lurdinha.org\/site\/"},{"@type":"ListItem","position":2,"name":"O MUNDO DAS MET\u00c1FORAS LITERAIS n\u00b01: SABER-SENTIR"}]},{"@type":"WebSite","@id":"https:\/\/lurdinha.org\/site\/#website","url":"https:\/\/lurdinha.org\/site\/","name":"Lurdinha - Duque de Caxias para Est\u00f4magos Fortes","description":"Site sobre Arte, Cultura, Pol\u00edtica, Sociedade e curiosidades da cidade de Duque de Caxias, RJ","publisher":{"@id":"https:\/\/lurdinha.org\/site\/#organization"},"alternateName":"Lurdinha","potentialAction":[{"@type":"SearchAction","target":{"@type":"EntryPoint","urlTemplate":"https:\/\/lurdinha.org\/site\/?s={search_term_string}"},"query-input":{"@type":"PropertyValueSpecification","valueRequired":true,"valueName":"search_term_string"}}],"inLanguage":"pt-BR"},{"@type":"Organization","@id":"https:\/\/lurdinha.org\/site\/#organization","name":"Lurdinha de Caxias","url":"https:\/\/lurdinha.org\/site\/","logo":{"@type":"ImageObject","inLanguage":"pt-BR","@id":"https:\/\/lurdinha.org\/site\/#\/schema\/logo\/image\/","url":"https:\/\/lurdinha.org\/site\/wp-content\/uploads\/logo-lurdinha.jpg","contentUrl":"https:\/\/lurdinha.org\/site\/wp-content\/uploads\/logo-lurdinha.jpg","width":640,"height":60,"caption":"Lurdinha de Caxias"},"image":{"@id":"https:\/\/lurdinha.org\/site\/#\/schema\/logo\/image\/"},"sameAs":["https:\/\/www.facebook.com\/LurdinhadeCaxias","https:\/\/www.instagram.com\/lurdinhadecaxias"]},{"@type":"Person","@id":"https:\/\/lurdinha.org\/site\/#\/schema\/person\/23f4e2807479a5d5d8702d03866bd9e8","name":"Pura Especula\u00e7\u00e3o","image":{"@type":"ImageObject","inLanguage":"pt-BR","@id":"https:\/\/secure.gravatar.com\/avatar\/ae7887667aa846261562fb2caafee99e433d1e357ef58d937273a1dfaeecc392?s=96&d=mm&r=g","url":"https:\/\/secure.gravatar.com\/avatar\/ae7887667aa846261562fb2caafee99e433d1e357ef58d937273a1dfaeecc392?s=96&d=mm&r=g","contentUrl":"https:\/\/secure.gravatar.com\/avatar\/ae7887667aa846261562fb2caafee99e433d1e357ef58d937273a1dfaeecc392?s=96&d=mm&r=g","caption":"Pura Especula\u00e7\u00e3o"},"url":"https:\/\/lurdinha.org\/site\/author\/pura\/"}]}},"views":4111,"_links":{"self":[{"href":"https:\/\/lurdinha.org\/site\/wp-json\/wp\/v2\/posts\/3903","targetHints":{"allow":["GET"]}}],"collection":[{"href":"https:\/\/lurdinha.org\/site\/wp-json\/wp\/v2\/posts"}],"about":[{"href":"https:\/\/lurdinha.org\/site\/wp-json\/wp\/v2\/types\/post"}],"author":[{"embeddable":true,"href":"https:\/\/lurdinha.org\/site\/wp-json\/wp\/v2\/users\/35"}],"replies":[{"embeddable":true,"href":"https:\/\/lurdinha.org\/site\/wp-json\/wp\/v2\/comments?post=3903"}],"version-history":[{"count":7,"href":"https:\/\/lurdinha.org\/site\/wp-json\/wp\/v2\/posts\/3903\/revisions"}],"predecessor-version":[{"id":3912,"href":"https:\/\/lurdinha.org\/site\/wp-json\/wp\/v2\/posts\/3903\/revisions\/3912"}],"wp:attachment":[{"href":"https:\/\/lurdinha.org\/site\/wp-json\/wp\/v2\/media?parent=3903"}],"wp:term":[{"taxonomy":"category","embeddable":true,"href":"https:\/\/lurdinha.org\/site\/wp-json\/wp\/v2\/categories?post=3903"},{"taxonomy":"post_tag","embeddable":true,"href":"https:\/\/lurdinha.org\/site\/wp-json\/wp\/v2\/tags?post=3903"}],"curies":[{"name":"wp","href":"https:\/\/api.w.org\/{rel}","templated":true}]}}