{"id":3680,"date":"2014-02-07T02:54:00","date_gmt":"2014-02-07T02:54:00","guid":{"rendered":"http:\/\/lurdinha.org\/site\/?p=3680"},"modified":"2014-02-08T13:19:58","modified_gmt":"2014-02-08T13:19:58","slug":"cenarios-samba-de-catoni-e-jorge-mexeu-na-voz-de-paulinho-da-viola","status":"publish","type":"post","link":"https:\/\/lurdinha.org\/site\/cenarios-samba-de-catoni-e-jorge-mexeu-na-voz-de-paulinho-da-viola\/","title":{"rendered":"Cen\u00e1rios &#8211; samba de Catoni e Jorge Mexeu, na voz de Paulinho da Viola"},"content":{"rendered":"<p>Cen\u00e1rios &#8211; samba de Catoni e Jorge Mexeu na voz de Paulinho da Viola. Disco de 1978.<\/p>\n<p><iframe loading=\"lazy\" src=\"\/\/www.youtube.com\/embed\/TmrqCOahAnc\" height=\"360\" width=\"480\" allowfullscreen=\"\" frameborder=\"0\"><\/iframe><\/p>\n<p>Letra:<\/p>\n<p>Uni\u00e3o de Jacarep\u00e1gua<br \/>\n\u00c9 uma agremia\u00e7\u00e3o que sa\u00fada de cora\u00e7\u00e3o<br \/>\nImp\u00e9rio do Marang\u00e1<br \/>\nAprendizes de Lucas<br \/>\nCapela, Unidos da Tijuca<br \/>\nMocidade Independente<br \/>\nCartolinha de Caxias<br \/>\nImp\u00e9rio Serrano com muita gente<br \/>\nAcad\u00eamicos de Vaz Lobo, Uni\u00e3o do Centen\u00e1rio<br \/>\nOswaldo Cruz, sabem apresentar cen\u00e1rios<\/p>\n<p>Portela, vive de gl\u00f3rias em Madureira<br \/>\nCome\u00e7a o romper da Aurora, o samba l\u00e1 em Mangueira<br \/>\nAcad\u00eamicos do Salgueiro, Bento Ribeiro e outras mais<br \/>\nS\u00e3o orgulho do samba brasileiro<\/p>\n<p>&#8212;<\/p>\n<p>O samba <strong>Cen\u00e1rios<\/strong>, gravado por <strong>Paulinho da Viola<\/strong> no disco hom\u00f4nimo de 1978, traz umas informa\u00e7\u00f5es muito curiosas a respeito de como Duque de Caxias estava totalmente envolvida no universo do samba at\u00e9 o final dos anos 1970, com conceito alto.<\/p>\n<p>A autoria de <strong>Jorge Mexeu<\/strong> e <a href=\"http:\/\/www.dicionariompb.com.br\/catoni\" target=\"_blank\"><strong>Catoni<\/strong><\/a>, por exemplo, mostra como os sambistas circulavam de verdade pelas escolas, promovendo uma integra\u00e7\u00e3o importante para a consolida\u00e7\u00e3o do g\u00eanero no Rio de Janeiro. Catoni, g\u00eanio representante da ancestralidade banto, era compositor da <strong>Uni\u00e3o de Jacarepagu\u00e1<\/strong> e posteriormente ligado \u00e0 <strong>Portela<\/strong>, morador de Nil\u00f3polis, e foi um verdadeiro baluarte.<\/p>\n<p>Jorge Mexeu, prof\u00edcuo compositor, tamb\u00e9m era da ala de compositores da Uni\u00e3o de Jacarepagu\u00e1, foi figura carimbada em v\u00e1rias agremia\u00e7\u00f5es e muito querido pelos que o conheceram.<\/p>\n<p>Cen\u00e1rios canta de forma sinuosa esse universo das escolas que eram refer\u00eancia fora das consideradas grandes. Citar a <strong>Cartolinhas de Caxias<\/strong> e a <strong>Uni\u00e3o do Centen\u00e1rio<\/strong> \u00e9 como um testemunho do prest\u00edgio que as agremia\u00e7\u00f5es caxienses gozavam no meio do samba.<\/p>\n<p>.<\/p>\n<h3><strong>Pica Pau<\/strong><\/h3>\n<p>Quem \u00e9 caxiense e anda pela noite da cidade n\u00e3o tem como n\u00e3o conhecer <strong>Jorge Pica Pau<\/strong>, uma das figuras da cidade, um boa-pra\u00e7a que j\u00e1 foi comerciante dono de bar, trabalhou na feira, foi craque de futebol e \u00e9 uma das divertidas presen\u00e7as nas rodas sociais populares.<\/p>\n<p>Pois bem, Pica Pau conta que no final dos anos 70 estava trabalhando no interior do Paran\u00e1, longe de sua terra e se emocionou muito no dia em que ouviu Cen\u00e1rios pelo r\u00e1dio. Segundo ele, ouvir falar na Cartolinhas e na Uni\u00e3o do Centen\u00e1rio pela voz do grande Paulinho da Viola t\u00e3o longe de casa trazia uma alegria que amortizava um pouco a saudade. E ainda tirava uma onda com os companheiros de trabalho que ca\u00e7oavam do fato dele ser dessa cidade abandonada, Duque de Caxias, t\u00e3o estigmatizada naqueles anos 70, \u00e9poca tenebrosa, onde a fama por aqui era das piores.<\/p>\n<p>Cen\u00e1rios, na grava\u00e7\u00e3o de Paulinho da Viola, deu uma levantada na moral de muitos caxiense naquele momento&#8230;<\/p>\n<p>.<\/p>\n<figure id=\"attachment_4340\" aria-describedby=\"caption-attachment-4340\" style=\"width: 450px\" class=\"wp-caption alignnone\"><img loading=\"lazy\" decoding=\"async\" class=\"size-full wp-image-4340\" alt=\"Jorge Pica Pau\" src=\"http:\/\/lurdinha.org\/site\/wp-content\/uploads\/picapau1.jpg\" width=\"450\" height=\"300\" srcset=\"https:\/\/lurdinha.org\/site\/wp-content\/uploads\/picapau1.jpg 450w, https:\/\/lurdinha.org\/site\/wp-content\/uploads\/picapau1-300x200.jpg 300w\" sizes=\"auto, (max-width: 450px) 100vw, 450px\" \/><figcaption id=\"caption-attachment-4340\" class=\"wp-caption-text\">Jorge Pica Pau, figura caxiense<\/figcaption><\/figure>\n<figure id=\"attachment_4341\" aria-describedby=\"caption-attachment-4341\" style=\"width: 450px\" class=\"wp-caption alignnone\"><img loading=\"lazy\" decoding=\"async\" class=\"size-full wp-image-4341\" alt=\"paulinho78\" src=\"http:\/\/lurdinha.org\/site\/wp-content\/uploads\/paulinho78.jpg\" width=\"450\" height=\"454\" srcset=\"https:\/\/lurdinha.org\/site\/wp-content\/uploads\/paulinho78.jpg 450w, https:\/\/lurdinha.org\/site\/wp-content\/uploads\/paulinho78-150x150.jpg 150w, https:\/\/lurdinha.org\/site\/wp-content\/uploads\/paulinho78-297x300.jpg 297w\" sizes=\"auto, (max-width: 450px) 100vw, 450px\" \/><figcaption id=\"caption-attachment-4341\" class=\"wp-caption-text\">Capa do disco Paulinho da Viola, de 1978<\/figcaption><\/figure>\n<p>&nbsp;<\/p>\n","protected":false},"excerpt":{"rendered":"<p>Cen\u00e1rios &#8211; samba de Catoni e Jorge Mexeu na voz de Paulinho da Viola. Disco&#8230;<\/p>\n","protected":false},"author":2,"featured_media":0,"comment_status":"open","ping_status":"closed","sticky":false,"template":"","format":"standard","meta":{"footnotes":""},"categories":[14,9,7],"tags":[331,11,335,637,115,198,333],"class_list":["post-3680","post","type-post","status-publish","format-standard","hentry","category-gente","category-historia","category-musica","tag-cartolinhas-de-caxias","tag-duque-de-caxias","tag-helio-cabral","tag-jorge-pica-pau","tag-samba","tag-samba-caxiense","tag-uniao-do-centenario"],"yoast_head":"<!-- This site is optimized with the Yoast SEO plugin v27.5 - https:\/\/yoast.com\/product\/yoast-seo-wordpress\/ -->\n<title>Cen\u00e1rios - samba de Catoni e Jorge Mexeu, na voz de Paulinho da Viola - Lurdinha - Duque de Caxias para Est\u00f4magos Fortes<\/title>\n<meta name=\"robots\" content=\"index, follow, max-snippet:-1, max-image-preview:large, max-video-preview:-1\" \/>\n<link rel=\"canonical\" href=\"https:\/\/lurdinha.org\/site\/cenarios-samba-de-catoni-e-jorge-mexeu-na-voz-de-paulinho-da-viola\/\" \/>\n<meta property=\"og:locale\" content=\"pt_BR\" \/>\n<meta property=\"og:type\" content=\"article\" \/>\n<meta property=\"og:title\" content=\"Cen\u00e1rios - samba de Catoni e Jorge Mexeu, na voz de Paulinho da Viola - Lurdinha - Duque de Caxias para Est\u00f4magos Fortes\" \/>\n<meta property=\"og:description\" content=\"Cen\u00e1rios &#8211; samba de Catoni e Jorge Mexeu na voz de Paulinho da Viola. Disco...\" \/>\n<meta property=\"og:url\" content=\"https:\/\/lurdinha.org\/site\/cenarios-samba-de-catoni-e-jorge-mexeu-na-voz-de-paulinho-da-viola\/\" \/>\n<meta property=\"og:site_name\" content=\"Lurdinha - Duque de Caxias para Est\u00f4magos Fortes\" \/>\n<meta property=\"article:publisher\" content=\"https:\/\/www.facebook.com\/LurdinhadeCaxias\" \/>\n<meta property=\"article:author\" content=\"botocudo\" \/>\n<meta property=\"article:published_time\" content=\"2014-02-07T02:54:00+00:00\" \/>\n<meta property=\"article:modified_time\" content=\"2014-02-08T13:19:58+00:00\" \/>\n<meta property=\"og:image\" content=\"https:\/\/lurdinha.org\/site\/wp-content\/uploads\/picapau1.jpg\" \/>\n\t<meta property=\"og:image:width\" content=\"450\" \/>\n\t<meta property=\"og:image:height\" content=\"300\" \/>\n\t<meta property=\"og:image:type\" content=\"image\/jpeg\" \/>\n<meta name=\"author\" content=\"heraldo hb\" \/>\n<meta name=\"twitter:card\" content=\"summary_large_image\" \/>\n<meta name=\"twitter:label1\" content=\"Escrito por\" \/>\n\t<meta name=\"twitter:data1\" content=\"heraldo hb\" \/>\n\t<meta name=\"twitter:label2\" content=\"Est. tempo de leitura\" \/>\n\t<meta name=\"twitter:data2\" content=\"2 minutos\" \/>\n<script type=\"application\/ld+json\" class=\"yoast-schema-graph\">{\"@context\":\"https:\\\/\\\/schema.org\",\"@graph\":[{\"@type\":\"Article\",\"@id\":\"https:\\\/\\\/lurdinha.org\\\/site\\\/cenarios-samba-de-catoni-e-jorge-mexeu-na-voz-de-paulinho-da-viola\\\/#article\",\"isPartOf\":{\"@id\":\"https:\\\/\\\/lurdinha.org\\\/site\\\/cenarios-samba-de-catoni-e-jorge-mexeu-na-voz-de-paulinho-da-viola\\\/\"},\"author\":{\"name\":\"heraldo hb\",\"@id\":\"https:\\\/\\\/lurdinha.org\\\/site\\\/#\\\/schema\\\/person\\\/b833bb6a7f82598bf0e95e4c30874251\"},\"headline\":\"Cen\u00e1rios &#8211; samba de Catoni e Jorge Mexeu, na voz de Paulinho da Viola\",\"datePublished\":\"2014-02-07T02:54:00+00:00\",\"dateModified\":\"2014-02-08T13:19:58+00:00\",\"mainEntityOfPage\":{\"@id\":\"https:\\\/\\\/lurdinha.org\\\/site\\\/cenarios-samba-de-catoni-e-jorge-mexeu-na-voz-de-paulinho-da-viola\\\/\"},\"wordCount\":504,\"commentCount\":1,\"publisher\":{\"@id\":\"https:\\\/\\\/lurdinha.org\\\/site\\\/#organization\"},\"image\":{\"@id\":\"https:\\\/\\\/lurdinha.org\\\/site\\\/cenarios-samba-de-catoni-e-jorge-mexeu-na-voz-de-paulinho-da-viola\\\/#primaryimage\"},\"thumbnailUrl\":\"http:\\\/\\\/lurdinha.org\\\/site\\\/wp-content\\\/uploads\\\/picapau1.jpg\",\"keywords\":[\"Cartolinhas de Caxias\",\"duque-de-caxias\",\"H\u00e9lio Cabral\",\"Jorge Pica Pau\",\"samba\",\"samba caxiense\",\"Uni\u00e3o do Centen\u00e1rio\"],\"articleSection\":[\"gente\",\"hist\u00f3ria\",\"m\u00fasica\"],\"inLanguage\":\"pt-BR\",\"potentialAction\":[{\"@type\":\"CommentAction\",\"name\":\"Comment\",\"target\":[\"https:\\\/\\\/lurdinha.org\\\/site\\\/cenarios-samba-de-catoni-e-jorge-mexeu-na-voz-de-paulinho-da-viola\\\/#respond\"]}]},{\"@type\":\"WebPage\",\"@id\":\"https:\\\/\\\/lurdinha.org\\\/site\\\/cenarios-samba-de-catoni-e-jorge-mexeu-na-voz-de-paulinho-da-viola\\\/\",\"url\":\"https:\\\/\\\/lurdinha.org\\\/site\\\/cenarios-samba-de-catoni-e-jorge-mexeu-na-voz-de-paulinho-da-viola\\\/\",\"name\":\"Cen\u00e1rios - samba de Catoni e Jorge Mexeu, na voz de Paulinho da Viola - Lurdinha - Duque de Caxias para Est\u00f4magos Fortes\",\"isPartOf\":{\"@id\":\"https:\\\/\\\/lurdinha.org\\\/site\\\/#website\"},\"primaryImageOfPage\":{\"@id\":\"https:\\\/\\\/lurdinha.org\\\/site\\\/cenarios-samba-de-catoni-e-jorge-mexeu-na-voz-de-paulinho-da-viola\\\/#primaryimage\"},\"image\":{\"@id\":\"https:\\\/\\\/lurdinha.org\\\/site\\\/cenarios-samba-de-catoni-e-jorge-mexeu-na-voz-de-paulinho-da-viola\\\/#primaryimage\"},\"thumbnailUrl\":\"http:\\\/\\\/lurdinha.org\\\/site\\\/wp-content\\\/uploads\\\/picapau1.jpg\",\"datePublished\":\"2014-02-07T02:54:00+00:00\",\"dateModified\":\"2014-02-08T13:19:58+00:00\",\"breadcrumb\":{\"@id\":\"https:\\\/\\\/lurdinha.org\\\/site\\\/cenarios-samba-de-catoni-e-jorge-mexeu-na-voz-de-paulinho-da-viola\\\/#breadcrumb\"},\"inLanguage\":\"pt-BR\",\"potentialAction\":[{\"@type\":\"ReadAction\",\"target\":[\"https:\\\/\\\/lurdinha.org\\\/site\\\/cenarios-samba-de-catoni-e-jorge-mexeu-na-voz-de-paulinho-da-viola\\\/\"]}]},{\"@type\":\"ImageObject\",\"inLanguage\":\"pt-BR\",\"@id\":\"https:\\\/\\\/lurdinha.org\\\/site\\\/cenarios-samba-de-catoni-e-jorge-mexeu-na-voz-de-paulinho-da-viola\\\/#primaryimage\",\"url\":\"https:\\\/\\\/lurdinha.org\\\/site\\\/wp-content\\\/uploads\\\/picapau1.jpg\",\"contentUrl\":\"https:\\\/\\\/lurdinha.org\\\/site\\\/wp-content\\\/uploads\\\/picapau1.jpg\",\"width\":450,\"height\":300,\"caption\":\"Jorge Pica Pau, figura caxiense\"},{\"@type\":\"BreadcrumbList\",\"@id\":\"https:\\\/\\\/lurdinha.org\\\/site\\\/cenarios-samba-de-catoni-e-jorge-mexeu-na-voz-de-paulinho-da-viola\\\/#breadcrumb\",\"itemListElement\":[{\"@type\":\"ListItem\",\"position\":1,\"name\":\"In\u00edcio\",\"item\":\"https:\\\/\\\/lurdinha.org\\\/site\\\/\"},{\"@type\":\"ListItem\",\"position\":2,\"name\":\"Cen\u00e1rios &#8211; samba de Catoni e Jorge Mexeu, na voz de Paulinho da Viola\"}]},{\"@type\":\"WebSite\",\"@id\":\"https:\\\/\\\/lurdinha.org\\\/site\\\/#website\",\"url\":\"https:\\\/\\\/lurdinha.org\\\/site\\\/\",\"name\":\"Lurdinha - Duque de Caxias para Est\u00f4magos Fortes\",\"description\":\"Site sobre Arte, Cultura, Pol\u00edtica, Sociedade e curiosidades da cidade de Duque de Caxias, RJ\",\"publisher\":{\"@id\":\"https:\\\/\\\/lurdinha.org\\\/site\\\/#organization\"},\"alternateName\":\"Lurdinha\",\"potentialAction\":[{\"@type\":\"SearchAction\",\"target\":{\"@type\":\"EntryPoint\",\"urlTemplate\":\"https:\\\/\\\/lurdinha.org\\\/site\\\/?s={search_term_string}\"},\"query-input\":{\"@type\":\"PropertyValueSpecification\",\"valueRequired\":true,\"valueName\":\"search_term_string\"}}],\"inLanguage\":\"pt-BR\"},{\"@type\":\"Organization\",\"@id\":\"https:\\\/\\\/lurdinha.org\\\/site\\\/#organization\",\"name\":\"Lurdinha de Caxias\",\"url\":\"https:\\\/\\\/lurdinha.org\\\/site\\\/\",\"logo\":{\"@type\":\"ImageObject\",\"inLanguage\":\"pt-BR\",\"@id\":\"https:\\\/\\\/lurdinha.org\\\/site\\\/#\\\/schema\\\/logo\\\/image\\\/\",\"url\":\"https:\\\/\\\/lurdinha.org\\\/site\\\/wp-content\\\/uploads\\\/logo-lurdinha.jpg\",\"contentUrl\":\"https:\\\/\\\/lurdinha.org\\\/site\\\/wp-content\\\/uploads\\\/logo-lurdinha.jpg\",\"width\":640,\"height\":60,\"caption\":\"Lurdinha de Caxias\"},\"image\":{\"@id\":\"https:\\\/\\\/lurdinha.org\\\/site\\\/#\\\/schema\\\/logo\\\/image\\\/\"},\"sameAs\":[\"https:\\\/\\\/www.facebook.com\\\/LurdinhadeCaxias\",\"https:\\\/\\\/www.instagram.com\\\/lurdinhadecaxias\"]},{\"@type\":\"Person\",\"@id\":\"https:\\\/\\\/lurdinha.org\\\/site\\\/#\\\/schema\\\/person\\\/b833bb6a7f82598bf0e95e4c30874251\",\"name\":\"heraldo hb\",\"image\":{\"@type\":\"ImageObject\",\"inLanguage\":\"pt-BR\",\"@id\":\"https:\\\/\\\/secure.gravatar.com\\\/avatar\\\/5de9fe99c72cb6885bbdaa24b1c5738b0f673d265de18720fae7463d5f47b48d?s=96&d=mm&r=g\",\"url\":\"https:\\\/\\\/secure.gravatar.com\\\/avatar\\\/5de9fe99c72cb6885bbdaa24b1c5738b0f673d265de18720fae7463d5f47b48d?s=96&d=mm&r=g\",\"contentUrl\":\"https:\\\/\\\/secure.gravatar.com\\\/avatar\\\/5de9fe99c72cb6885bbdaa24b1c5738b0f673d265de18720fae7463d5f47b48d?s=96&d=mm&r=g\",\"caption\":\"heraldo hb\"},\"description\":\"Cineasta, animador cultural, escritor e educador nascido no s\u00e9culo XX\",\"sameAs\":[\"http:\\\/\\\/wwww.relinkare.org\",\"botocudo\",\"heraldohb\",\"relinkare\"],\"url\":\"https:\\\/\\\/lurdinha.org\\\/site\\\/author\\\/heraldohb\\\/\"}]}<\/script>\n<!-- \/ Yoast SEO plugin. -->","yoast_head_json":{"title":"Cen\u00e1rios - samba de Catoni e Jorge Mexeu, na voz de Paulinho da Viola - Lurdinha - Duque de Caxias para Est\u00f4magos Fortes","robots":{"index":"index","follow":"follow","max-snippet":"max-snippet:-1","max-image-preview":"max-image-preview:large","max-video-preview":"max-video-preview:-1"},"canonical":"https:\/\/lurdinha.org\/site\/cenarios-samba-de-catoni-e-jorge-mexeu-na-voz-de-paulinho-da-viola\/","og_locale":"pt_BR","og_type":"article","og_title":"Cen\u00e1rios - samba de Catoni e Jorge Mexeu, na voz de Paulinho da Viola - Lurdinha - Duque de Caxias para Est\u00f4magos Fortes","og_description":"Cen\u00e1rios &#8211; samba de Catoni e Jorge Mexeu na voz de Paulinho da Viola. Disco...","og_url":"https:\/\/lurdinha.org\/site\/cenarios-samba-de-catoni-e-jorge-mexeu-na-voz-de-paulinho-da-viola\/","og_site_name":"Lurdinha - Duque de Caxias para Est\u00f4magos Fortes","article_publisher":"https:\/\/www.facebook.com\/LurdinhadeCaxias","article_author":"botocudo","article_published_time":"2014-02-07T02:54:00+00:00","article_modified_time":"2014-02-08T13:19:58+00:00","og_image":[{"width":450,"height":300,"url":"https:\/\/lurdinha.org\/site\/wp-content\/uploads\/picapau1.jpg","type":"image\/jpeg"}],"author":"heraldo hb","twitter_card":"summary_large_image","twitter_misc":{"Escrito por":"heraldo hb","Est. tempo de leitura":"2 minutos"},"schema":{"@context":"https:\/\/schema.org","@graph":[{"@type":"Article","@id":"https:\/\/lurdinha.org\/site\/cenarios-samba-de-catoni-e-jorge-mexeu-na-voz-de-paulinho-da-viola\/#article","isPartOf":{"@id":"https:\/\/lurdinha.org\/site\/cenarios-samba-de-catoni-e-jorge-mexeu-na-voz-de-paulinho-da-viola\/"},"author":{"name":"heraldo hb","@id":"https:\/\/lurdinha.org\/site\/#\/schema\/person\/b833bb6a7f82598bf0e95e4c30874251"},"headline":"Cen\u00e1rios &#8211; samba de Catoni e Jorge Mexeu, na voz de Paulinho da Viola","datePublished":"2014-02-07T02:54:00+00:00","dateModified":"2014-02-08T13:19:58+00:00","mainEntityOfPage":{"@id":"https:\/\/lurdinha.org\/site\/cenarios-samba-de-catoni-e-jorge-mexeu-na-voz-de-paulinho-da-viola\/"},"wordCount":504,"commentCount":1,"publisher":{"@id":"https:\/\/lurdinha.org\/site\/#organization"},"image":{"@id":"https:\/\/lurdinha.org\/site\/cenarios-samba-de-catoni-e-jorge-mexeu-na-voz-de-paulinho-da-viola\/#primaryimage"},"thumbnailUrl":"http:\/\/lurdinha.org\/site\/wp-content\/uploads\/picapau1.jpg","keywords":["Cartolinhas de Caxias","duque-de-caxias","H\u00e9lio Cabral","Jorge Pica Pau","samba","samba caxiense","Uni\u00e3o do Centen\u00e1rio"],"articleSection":["gente","hist\u00f3ria","m\u00fasica"],"inLanguage":"pt-BR","potentialAction":[{"@type":"CommentAction","name":"Comment","target":["https:\/\/lurdinha.org\/site\/cenarios-samba-de-catoni-e-jorge-mexeu-na-voz-de-paulinho-da-viola\/#respond"]}]},{"@type":"WebPage","@id":"https:\/\/lurdinha.org\/site\/cenarios-samba-de-catoni-e-jorge-mexeu-na-voz-de-paulinho-da-viola\/","url":"https:\/\/lurdinha.org\/site\/cenarios-samba-de-catoni-e-jorge-mexeu-na-voz-de-paulinho-da-viola\/","name":"Cen\u00e1rios - samba de Catoni e Jorge Mexeu, na voz de Paulinho da Viola - Lurdinha - Duque de Caxias para Est\u00f4magos Fortes","isPartOf":{"@id":"https:\/\/lurdinha.org\/site\/#website"},"primaryImageOfPage":{"@id":"https:\/\/lurdinha.org\/site\/cenarios-samba-de-catoni-e-jorge-mexeu-na-voz-de-paulinho-da-viola\/#primaryimage"},"image":{"@id":"https:\/\/lurdinha.org\/site\/cenarios-samba-de-catoni-e-jorge-mexeu-na-voz-de-paulinho-da-viola\/#primaryimage"},"thumbnailUrl":"http:\/\/lurdinha.org\/site\/wp-content\/uploads\/picapau1.jpg","datePublished":"2014-02-07T02:54:00+00:00","dateModified":"2014-02-08T13:19:58+00:00","breadcrumb":{"@id":"https:\/\/lurdinha.org\/site\/cenarios-samba-de-catoni-e-jorge-mexeu-na-voz-de-paulinho-da-viola\/#breadcrumb"},"inLanguage":"pt-BR","potentialAction":[{"@type":"ReadAction","target":["https:\/\/lurdinha.org\/site\/cenarios-samba-de-catoni-e-jorge-mexeu-na-voz-de-paulinho-da-viola\/"]}]},{"@type":"ImageObject","inLanguage":"pt-BR","@id":"https:\/\/lurdinha.org\/site\/cenarios-samba-de-catoni-e-jorge-mexeu-na-voz-de-paulinho-da-viola\/#primaryimage","url":"https:\/\/lurdinha.org\/site\/wp-content\/uploads\/picapau1.jpg","contentUrl":"https:\/\/lurdinha.org\/site\/wp-content\/uploads\/picapau1.jpg","width":450,"height":300,"caption":"Jorge Pica Pau, figura caxiense"},{"@type":"BreadcrumbList","@id":"https:\/\/lurdinha.org\/site\/cenarios-samba-de-catoni-e-jorge-mexeu-na-voz-de-paulinho-da-viola\/#breadcrumb","itemListElement":[{"@type":"ListItem","position":1,"name":"In\u00edcio","item":"https:\/\/lurdinha.org\/site\/"},{"@type":"ListItem","position":2,"name":"Cen\u00e1rios &#8211; samba de Catoni e Jorge Mexeu, na voz de Paulinho da Viola"}]},{"@type":"WebSite","@id":"https:\/\/lurdinha.org\/site\/#website","url":"https:\/\/lurdinha.org\/site\/","name":"Lurdinha - Duque de Caxias para Est\u00f4magos Fortes","description":"Site sobre Arte, Cultura, Pol\u00edtica, Sociedade e curiosidades da cidade de Duque de Caxias, RJ","publisher":{"@id":"https:\/\/lurdinha.org\/site\/#organization"},"alternateName":"Lurdinha","potentialAction":[{"@type":"SearchAction","target":{"@type":"EntryPoint","urlTemplate":"https:\/\/lurdinha.org\/site\/?s={search_term_string}"},"query-input":{"@type":"PropertyValueSpecification","valueRequired":true,"valueName":"search_term_string"}}],"inLanguage":"pt-BR"},{"@type":"Organization","@id":"https:\/\/lurdinha.org\/site\/#organization","name":"Lurdinha de Caxias","url":"https:\/\/lurdinha.org\/site\/","logo":{"@type":"ImageObject","inLanguage":"pt-BR","@id":"https:\/\/lurdinha.org\/site\/#\/schema\/logo\/image\/","url":"https:\/\/lurdinha.org\/site\/wp-content\/uploads\/logo-lurdinha.jpg","contentUrl":"https:\/\/lurdinha.org\/site\/wp-content\/uploads\/logo-lurdinha.jpg","width":640,"height":60,"caption":"Lurdinha de Caxias"},"image":{"@id":"https:\/\/lurdinha.org\/site\/#\/schema\/logo\/image\/"},"sameAs":["https:\/\/www.facebook.com\/LurdinhadeCaxias","https:\/\/www.instagram.com\/lurdinhadecaxias"]},{"@type":"Person","@id":"https:\/\/lurdinha.org\/site\/#\/schema\/person\/b833bb6a7f82598bf0e95e4c30874251","name":"heraldo hb","image":{"@type":"ImageObject","inLanguage":"pt-BR","@id":"https:\/\/secure.gravatar.com\/avatar\/5de9fe99c72cb6885bbdaa24b1c5738b0f673d265de18720fae7463d5f47b48d?s=96&d=mm&r=g","url":"https:\/\/secure.gravatar.com\/avatar\/5de9fe99c72cb6885bbdaa24b1c5738b0f673d265de18720fae7463d5f47b48d?s=96&d=mm&r=g","contentUrl":"https:\/\/secure.gravatar.com\/avatar\/5de9fe99c72cb6885bbdaa24b1c5738b0f673d265de18720fae7463d5f47b48d?s=96&d=mm&r=g","caption":"heraldo hb"},"description":"Cineasta, animador cultural, escritor e educador nascido no s\u00e9culo XX","sameAs":["http:\/\/wwww.relinkare.org","botocudo","heraldohb","relinkare"],"url":"https:\/\/lurdinha.org\/site\/author\/heraldohb\/"}]}},"views":6131,"_links":{"self":[{"href":"https:\/\/lurdinha.org\/site\/wp-json\/wp\/v2\/posts\/3680","targetHints":{"allow":["GET"]}}],"collection":[{"href":"https:\/\/lurdinha.org\/site\/wp-json\/wp\/v2\/posts"}],"about":[{"href":"https:\/\/lurdinha.org\/site\/wp-json\/wp\/v2\/types\/post"}],"author":[{"embeddable":true,"href":"https:\/\/lurdinha.org\/site\/wp-json\/wp\/v2\/users\/2"}],"replies":[{"embeddable":true,"href":"https:\/\/lurdinha.org\/site\/wp-json\/wp\/v2\/comments?post=3680"}],"version-history":[{"count":6,"href":"https:\/\/lurdinha.org\/site\/wp-json\/wp\/v2\/posts\/3680\/revisions"}],"predecessor-version":[{"id":4345,"href":"https:\/\/lurdinha.org\/site\/wp-json\/wp\/v2\/posts\/3680\/revisions\/4345"}],"wp:attachment":[{"href":"https:\/\/lurdinha.org\/site\/wp-json\/wp\/v2\/media?parent=3680"}],"wp:term":[{"taxonomy":"category","embeddable":true,"href":"https:\/\/lurdinha.org\/site\/wp-json\/wp\/v2\/categories?post=3680"},{"taxonomy":"post_tag","embeddable":true,"href":"https:\/\/lurdinha.org\/site\/wp-json\/wp\/v2\/tags?post=3680"}],"curies":[{"name":"wp","href":"https:\/\/api.w.org\/{rel}","templated":true}]}}