{"id":3591,"date":"2013-04-11T02:26:12","date_gmt":"2013-04-11T02:26:12","guid":{"rendered":"http:\/\/lurdinha.org\/site\/?p=3591"},"modified":"2022-09-11T18:18:58","modified_gmt":"2022-09-11T18:18:58","slug":"invasao-caxiense-ao-cine-odeon-br-nessa-quinta-feira","status":"publish","type":"post","link":"https:\/\/lurdinha.org\/site\/invasao-caxiense-ao-cine-odeon-br-nessa-quinta-feira\/","title":{"rendered":"Invas\u00e3o caxiense ao Cine Odeon Br nessa quinta-feira"},"content":{"rendered":"<p>Isso mesmo: o Cine Odeon, uma esp\u00e9cie de Maracan\u00e3 do Cinema, vai receber uma sess\u00e3o especial programada pelo cineclube Mate Com Angu, coletivo de audiovisual com 11 anos de estrada.<\/p>\n<p><a href=\"http:\/\/www.grupoestacao.com.br\/programacao\/php\/programacao_rj.php\" target=\"_blank\" rel=\"noopener\">http:\/\/www.grupoestacao.com.br\/programacao\/php\/programacao_rj.php<\/a><\/p>\n<p>A sess\u00e3o come\u00e7a \u00e0s 21h e ap\u00f3s haver\u00e1 uma grande festa na Lapa, no Pica-Pau Cultural, com show das bandas Refl\u00e9zia e Vulc\u00e2nicos.<\/p>\n<p>&nbsp;<\/p>\n<p><a href=\"https:\/\/www.facebook.com\/events\/129681947217803\/\" target=\"_blank\" rel=\"noopener\">SESS\u00c3O CARTA BRANCA<\/a><br \/>\n<a href=\"https:\/\/www.facebook.com\/events\/129681947217803\/\" target=\"_blank\" rel=\"noopener\"> Curadoria CINECLUBE MATE COM ANGU<\/a><br \/>\nQuinta, dia 11 de abril, \u00e0s 21h, Odeon Petrobras<br \/>\ningressos: 8,00 (meia: 4,00)<\/p>\n<p>Festa:\u00a0<em id=\"__mceDel\">Tico e Taco da Lapa, com show dos Vulc\u00e2nicos e DJs da Junkie Session!<\/em><\/p>\n<p><em id=\"__mceDel\"><em id=\"__mceDel\"> <a href=\"https:\/\/www.facebook.com\/events\/319017241558289\/\" target=\"_blank\" rel=\"nofollow noopener\">https:\/\/www.facebook.com\/<wbr \/>events\/319017241558289\/<\/a><\/em><\/em><\/p>\n<p><img loading=\"lazy\" decoding=\"async\" class=\"alignnone size-full wp-image-3594\" alt=\"picapau-mate\" src=\"http:\/\/lurdinha.org\/site\/wp-content\/uploads\/picapau-mate.jpg\" width=\"349\" height=\"443\" srcset=\"https:\/\/lurdinha.org\/site\/wp-content\/uploads\/picapau-mate.jpg 349w, https:\/\/lurdinha.org\/site\/wp-content\/uploads\/picapau-mate-236x300.jpg 236w\" sizes=\"auto, (max-width: 349px) 100vw, 349px\" \/><\/p>\n<p><a href=\"http:\/\/lurdinha.org\/site\/wp-content\/uploads\/mateodeon.jpg\"><img loading=\"lazy\" decoding=\"async\" class=\"alignnone size-full wp-image-3595\" alt=\"mateodeon\" src=\"http:\/\/lurdinha.org\/site\/wp-content\/uploads\/mateodeon.jpg\" width=\"349\" height=\"329\" srcset=\"https:\/\/lurdinha.org\/site\/wp-content\/uploads\/mateodeon.jpg 349w, https:\/\/lurdinha.org\/site\/wp-content\/uploads\/mateodeon-300x282.jpg 300w\" sizes=\"auto, (max-width: 349px) 100vw, 349px\" \/><\/a><\/p>\n","protected":false},"excerpt":{"rendered":"<p>Isso mesmo: o Cine Odeon, uma esp\u00e9cie de Maracan\u00e3 do Cinema, vai receber uma sess\u00e3o&#8230;<\/p>\n","protected":false},"author":87,"featured_media":0,"comment_status":"open","ping_status":"closed","sticky":false,"template":"","format":"standard","meta":{"footnotes":""},"categories":[8,5],"tags":[],"class_list":["post-3591","post","type-post","status-publish","format-standard","hentry","category-evento","category-umaboa"],"yoast_head":"<!-- This site is optimized with the Yoast SEO plugin v27.5 - https:\/\/yoast.com\/product\/yoast-seo-wordpress\/ -->\n<title>Invas\u00e3o caxiense ao Cine Odeon Br nessa quinta-feira - Lurdinha - Duque de Caxias para Est\u00f4magos Fortes<\/title>\n<meta name=\"robots\" content=\"index, follow, max-snippet:-1, max-image-preview:large, max-video-preview:-1\" \/>\n<link rel=\"canonical\" href=\"https:\/\/lurdinha.org\/site\/invasao-caxiense-ao-cine-odeon-br-nessa-quinta-feira\/\" \/>\n<meta property=\"og:locale\" content=\"pt_BR\" \/>\n<meta property=\"og:type\" content=\"article\" \/>\n<meta property=\"og:title\" content=\"Invas\u00e3o caxiense ao Cine Odeon Br nessa quinta-feira - Lurdinha - Duque de Caxias para Est\u00f4magos Fortes\" \/>\n<meta property=\"og:description\" content=\"Isso mesmo: o Cine Odeon, uma esp\u00e9cie de Maracan\u00e3 do Cinema, vai receber uma sess\u00e3o...\" \/>\n<meta property=\"og:url\" content=\"https:\/\/lurdinha.org\/site\/invasao-caxiense-ao-cine-odeon-br-nessa-quinta-feira\/\" \/>\n<meta property=\"og:site_name\" content=\"Lurdinha - Duque de Caxias para Est\u00f4magos Fortes\" \/>\n<meta property=\"article:publisher\" content=\"https:\/\/www.facebook.com\/LurdinhadeCaxias\" \/>\n<meta property=\"article:published_time\" content=\"2013-04-11T02:26:12+00:00\" \/>\n<meta property=\"article:modified_time\" content=\"2022-09-11T18:18:58+00:00\" \/>\n<meta property=\"og:image\" content=\"https:\/\/lurdinha.org\/site\/wp-content\/uploads\/picapau-mate.jpg\" \/>\n\t<meta property=\"og:image:width\" content=\"349\" \/>\n\t<meta property=\"og:image:height\" content=\"443\" \/>\n\t<meta property=\"og:image:type\" content=\"image\/jpeg\" \/>\n<meta name=\"author\" content=\"Editoria\" \/>\n<meta name=\"twitter:card\" content=\"summary_large_image\" \/>\n<meta name=\"twitter:label1\" content=\"Escrito por\" \/>\n\t<meta name=\"twitter:data1\" content=\"Editoria\" \/>\n\t<meta name=\"twitter:label2\" content=\"Est. tempo de leitura\" \/>\n\t<meta name=\"twitter:data2\" content=\"1 minuto\" \/>\n<script type=\"application\/ld+json\" class=\"yoast-schema-graph\">{\"@context\":\"https:\\\/\\\/schema.org\",\"@graph\":[{\"@type\":\"Article\",\"@id\":\"https:\\\/\\\/lurdinha.org\\\/site\\\/invasao-caxiense-ao-cine-odeon-br-nessa-quinta-feira\\\/#article\",\"isPartOf\":{\"@id\":\"https:\\\/\\\/lurdinha.org\\\/site\\\/invasao-caxiense-ao-cine-odeon-br-nessa-quinta-feira\\\/\"},\"author\":{\"name\":\"Editoria\",\"@id\":\"https:\\\/\\\/lurdinha.org\\\/site\\\/#\\\/schema\\\/person\\\/6b0b6b83043cbaf7707ee275576b00ea\"},\"headline\":\"Invas\u00e3o caxiense ao Cine Odeon Br nessa quinta-feira\",\"datePublished\":\"2013-04-11T02:26:12+00:00\",\"dateModified\":\"2022-09-11T18:18:58+00:00\",\"mainEntityOfPage\":{\"@id\":\"https:\\\/\\\/lurdinha.org\\\/site\\\/invasao-caxiense-ao-cine-odeon-br-nessa-quinta-feira\\\/\"},\"wordCount\":119,\"commentCount\":0,\"publisher\":{\"@id\":\"https:\\\/\\\/lurdinha.org\\\/site\\\/#organization\"},\"image\":{\"@id\":\"https:\\\/\\\/lurdinha.org\\\/site\\\/invasao-caxiense-ao-cine-odeon-br-nessa-quinta-feira\\\/#primaryimage\"},\"thumbnailUrl\":\"http:\\\/\\\/lurdinha.org\\\/site\\\/wp-content\\\/uploads\\\/picapau-mate.jpg\",\"articleSection\":[\"evento\",\"uma boa\"],\"inLanguage\":\"pt-BR\",\"potentialAction\":[{\"@type\":\"CommentAction\",\"name\":\"Comment\",\"target\":[\"https:\\\/\\\/lurdinha.org\\\/site\\\/invasao-caxiense-ao-cine-odeon-br-nessa-quinta-feira\\\/#respond\"]}]},{\"@type\":\"WebPage\",\"@id\":\"https:\\\/\\\/lurdinha.org\\\/site\\\/invasao-caxiense-ao-cine-odeon-br-nessa-quinta-feira\\\/\",\"url\":\"https:\\\/\\\/lurdinha.org\\\/site\\\/invasao-caxiense-ao-cine-odeon-br-nessa-quinta-feira\\\/\",\"name\":\"Invas\u00e3o caxiense ao Cine Odeon Br nessa quinta-feira - Lurdinha - Duque de Caxias para Est\u00f4magos Fortes\",\"isPartOf\":{\"@id\":\"https:\\\/\\\/lurdinha.org\\\/site\\\/#website\"},\"primaryImageOfPage\":{\"@id\":\"https:\\\/\\\/lurdinha.org\\\/site\\\/invasao-caxiense-ao-cine-odeon-br-nessa-quinta-feira\\\/#primaryimage\"},\"image\":{\"@id\":\"https:\\\/\\\/lurdinha.org\\\/site\\\/invasao-caxiense-ao-cine-odeon-br-nessa-quinta-feira\\\/#primaryimage\"},\"thumbnailUrl\":\"http:\\\/\\\/lurdinha.org\\\/site\\\/wp-content\\\/uploads\\\/picapau-mate.jpg\",\"datePublished\":\"2013-04-11T02:26:12+00:00\",\"dateModified\":\"2022-09-11T18:18:58+00:00\",\"breadcrumb\":{\"@id\":\"https:\\\/\\\/lurdinha.org\\\/site\\\/invasao-caxiense-ao-cine-odeon-br-nessa-quinta-feira\\\/#breadcrumb\"},\"inLanguage\":\"pt-BR\",\"potentialAction\":[{\"@type\":\"ReadAction\",\"target\":[\"https:\\\/\\\/lurdinha.org\\\/site\\\/invasao-caxiense-ao-cine-odeon-br-nessa-quinta-feira\\\/\"]}]},{\"@type\":\"ImageObject\",\"inLanguage\":\"pt-BR\",\"@id\":\"https:\\\/\\\/lurdinha.org\\\/site\\\/invasao-caxiense-ao-cine-odeon-br-nessa-quinta-feira\\\/#primaryimage\",\"url\":\"https:\\\/\\\/lurdinha.org\\\/site\\\/wp-content\\\/uploads\\\/picapau-mate.jpg\",\"contentUrl\":\"https:\\\/\\\/lurdinha.org\\\/site\\\/wp-content\\\/uploads\\\/picapau-mate.jpg\",\"width\":349,\"height\":443},{\"@type\":\"BreadcrumbList\",\"@id\":\"https:\\\/\\\/lurdinha.org\\\/site\\\/invasao-caxiense-ao-cine-odeon-br-nessa-quinta-feira\\\/#breadcrumb\",\"itemListElement\":[{\"@type\":\"ListItem\",\"position\":1,\"name\":\"In\u00edcio\",\"item\":\"https:\\\/\\\/lurdinha.org\\\/site\\\/\"},{\"@type\":\"ListItem\",\"position\":2,\"name\":\"Invas\u00e3o caxiense ao Cine Odeon Br nessa quinta-feira\"}]},{\"@type\":\"WebSite\",\"@id\":\"https:\\\/\\\/lurdinha.org\\\/site\\\/#website\",\"url\":\"https:\\\/\\\/lurdinha.org\\\/site\\\/\",\"name\":\"Lurdinha - Duque de Caxias para Est\u00f4magos Fortes\",\"description\":\"Site sobre Arte, Cultura, Pol\u00edtica, Sociedade e curiosidades da cidade de Duque de Caxias, RJ\",\"publisher\":{\"@id\":\"https:\\\/\\\/lurdinha.org\\\/site\\\/#organization\"},\"alternateName\":\"Lurdinha\",\"potentialAction\":[{\"@type\":\"SearchAction\",\"target\":{\"@type\":\"EntryPoint\",\"urlTemplate\":\"https:\\\/\\\/lurdinha.org\\\/site\\\/?s={search_term_string}\"},\"query-input\":{\"@type\":\"PropertyValueSpecification\",\"valueRequired\":true,\"valueName\":\"search_term_string\"}}],\"inLanguage\":\"pt-BR\"},{\"@type\":\"Organization\",\"@id\":\"https:\\\/\\\/lurdinha.org\\\/site\\\/#organization\",\"name\":\"Lurdinha de Caxias\",\"url\":\"https:\\\/\\\/lurdinha.org\\\/site\\\/\",\"logo\":{\"@type\":\"ImageObject\",\"inLanguage\":\"pt-BR\",\"@id\":\"https:\\\/\\\/lurdinha.org\\\/site\\\/#\\\/schema\\\/logo\\\/image\\\/\",\"url\":\"https:\\\/\\\/lurdinha.org\\\/site\\\/wp-content\\\/uploads\\\/logo-lurdinha.jpg\",\"contentUrl\":\"https:\\\/\\\/lurdinha.org\\\/site\\\/wp-content\\\/uploads\\\/logo-lurdinha.jpg\",\"width\":640,\"height\":60,\"caption\":\"Lurdinha de Caxias\"},\"image\":{\"@id\":\"https:\\\/\\\/lurdinha.org\\\/site\\\/#\\\/schema\\\/logo\\\/image\\\/\"},\"sameAs\":[\"https:\\\/\\\/www.facebook.com\\\/LurdinhadeCaxias\",\"https:\\\/\\\/www.instagram.com\\\/lurdinhadecaxias\"]},{\"@type\":\"Person\",\"@id\":\"https:\\\/\\\/lurdinha.org\\\/site\\\/#\\\/schema\\\/person\\\/6b0b6b83043cbaf7707ee275576b00ea\",\"name\":\"Editoria\",\"image\":{\"@type\":\"ImageObject\",\"inLanguage\":\"pt-BR\",\"@id\":\"https:\\\/\\\/secure.gravatar.com\\\/avatar\\\/0ba27ca5462d63e6c810ae4debe7159a69befcd2e33516be5bad4700d2dbfa72?s=96&d=mm&r=g\",\"url\":\"https:\\\/\\\/secure.gravatar.com\\\/avatar\\\/0ba27ca5462d63e6c810ae4debe7159a69befcd2e33516be5bad4700d2dbfa72?s=96&d=mm&r=g\",\"contentUrl\":\"https:\\\/\\\/secure.gravatar.com\\\/avatar\\\/0ba27ca5462d63e6c810ae4debe7159a69befcd2e33516be5bad4700d2dbfa72?s=96&d=mm&r=g\",\"caption\":\"Editoria\"},\"url\":\"https:\\\/\\\/lurdinha.org\\\/site\\\/author\\\/editoria\\\/\"}]}<\/script>\n<!-- \/ Yoast SEO plugin. -->","yoast_head_json":{"title":"Invas\u00e3o caxiense ao Cine Odeon Br nessa quinta-feira - Lurdinha - Duque de Caxias para Est\u00f4magos Fortes","robots":{"index":"index","follow":"follow","max-snippet":"max-snippet:-1","max-image-preview":"max-image-preview:large","max-video-preview":"max-video-preview:-1"},"canonical":"https:\/\/lurdinha.org\/site\/invasao-caxiense-ao-cine-odeon-br-nessa-quinta-feira\/","og_locale":"pt_BR","og_type":"article","og_title":"Invas\u00e3o caxiense ao Cine Odeon Br nessa quinta-feira - Lurdinha - Duque de Caxias para Est\u00f4magos Fortes","og_description":"Isso mesmo: o Cine Odeon, uma esp\u00e9cie de Maracan\u00e3 do Cinema, vai receber uma sess\u00e3o...","og_url":"https:\/\/lurdinha.org\/site\/invasao-caxiense-ao-cine-odeon-br-nessa-quinta-feira\/","og_site_name":"Lurdinha - Duque de Caxias para Est\u00f4magos Fortes","article_publisher":"https:\/\/www.facebook.com\/LurdinhadeCaxias","article_published_time":"2013-04-11T02:26:12+00:00","article_modified_time":"2022-09-11T18:18:58+00:00","og_image":[{"width":349,"height":443,"url":"https:\/\/lurdinha.org\/site\/wp-content\/uploads\/picapau-mate.jpg","type":"image\/jpeg"}],"author":"Editoria","twitter_card":"summary_large_image","twitter_misc":{"Escrito por":"Editoria","Est. tempo de leitura":"1 minuto"},"schema":{"@context":"https:\/\/schema.org","@graph":[{"@type":"Article","@id":"https:\/\/lurdinha.org\/site\/invasao-caxiense-ao-cine-odeon-br-nessa-quinta-feira\/#article","isPartOf":{"@id":"https:\/\/lurdinha.org\/site\/invasao-caxiense-ao-cine-odeon-br-nessa-quinta-feira\/"},"author":{"name":"Editoria","@id":"https:\/\/lurdinha.org\/site\/#\/schema\/person\/6b0b6b83043cbaf7707ee275576b00ea"},"headline":"Invas\u00e3o caxiense ao Cine Odeon Br nessa quinta-feira","datePublished":"2013-04-11T02:26:12+00:00","dateModified":"2022-09-11T18:18:58+00:00","mainEntityOfPage":{"@id":"https:\/\/lurdinha.org\/site\/invasao-caxiense-ao-cine-odeon-br-nessa-quinta-feira\/"},"wordCount":119,"commentCount":0,"publisher":{"@id":"https:\/\/lurdinha.org\/site\/#organization"},"image":{"@id":"https:\/\/lurdinha.org\/site\/invasao-caxiense-ao-cine-odeon-br-nessa-quinta-feira\/#primaryimage"},"thumbnailUrl":"http:\/\/lurdinha.org\/site\/wp-content\/uploads\/picapau-mate.jpg","articleSection":["evento","uma boa"],"inLanguage":"pt-BR","potentialAction":[{"@type":"CommentAction","name":"Comment","target":["https:\/\/lurdinha.org\/site\/invasao-caxiense-ao-cine-odeon-br-nessa-quinta-feira\/#respond"]}]},{"@type":"WebPage","@id":"https:\/\/lurdinha.org\/site\/invasao-caxiense-ao-cine-odeon-br-nessa-quinta-feira\/","url":"https:\/\/lurdinha.org\/site\/invasao-caxiense-ao-cine-odeon-br-nessa-quinta-feira\/","name":"Invas\u00e3o caxiense ao Cine Odeon Br nessa quinta-feira - Lurdinha - Duque de Caxias para Est\u00f4magos Fortes","isPartOf":{"@id":"https:\/\/lurdinha.org\/site\/#website"},"primaryImageOfPage":{"@id":"https:\/\/lurdinha.org\/site\/invasao-caxiense-ao-cine-odeon-br-nessa-quinta-feira\/#primaryimage"},"image":{"@id":"https:\/\/lurdinha.org\/site\/invasao-caxiense-ao-cine-odeon-br-nessa-quinta-feira\/#primaryimage"},"thumbnailUrl":"http:\/\/lurdinha.org\/site\/wp-content\/uploads\/picapau-mate.jpg","datePublished":"2013-04-11T02:26:12+00:00","dateModified":"2022-09-11T18:18:58+00:00","breadcrumb":{"@id":"https:\/\/lurdinha.org\/site\/invasao-caxiense-ao-cine-odeon-br-nessa-quinta-feira\/#breadcrumb"},"inLanguage":"pt-BR","potentialAction":[{"@type":"ReadAction","target":["https:\/\/lurdinha.org\/site\/invasao-caxiense-ao-cine-odeon-br-nessa-quinta-feira\/"]}]},{"@type":"ImageObject","inLanguage":"pt-BR","@id":"https:\/\/lurdinha.org\/site\/invasao-caxiense-ao-cine-odeon-br-nessa-quinta-feira\/#primaryimage","url":"https:\/\/lurdinha.org\/site\/wp-content\/uploads\/picapau-mate.jpg","contentUrl":"https:\/\/lurdinha.org\/site\/wp-content\/uploads\/picapau-mate.jpg","width":349,"height":443},{"@type":"BreadcrumbList","@id":"https:\/\/lurdinha.org\/site\/invasao-caxiense-ao-cine-odeon-br-nessa-quinta-feira\/#breadcrumb","itemListElement":[{"@type":"ListItem","position":1,"name":"In\u00edcio","item":"https:\/\/lurdinha.org\/site\/"},{"@type":"ListItem","position":2,"name":"Invas\u00e3o caxiense ao Cine Odeon Br nessa quinta-feira"}]},{"@type":"WebSite","@id":"https:\/\/lurdinha.org\/site\/#website","url":"https:\/\/lurdinha.org\/site\/","name":"Lurdinha - Duque de Caxias para Est\u00f4magos Fortes","description":"Site sobre Arte, Cultura, Pol\u00edtica, Sociedade e curiosidades da cidade de Duque de Caxias, RJ","publisher":{"@id":"https:\/\/lurdinha.org\/site\/#organization"},"alternateName":"Lurdinha","potentialAction":[{"@type":"SearchAction","target":{"@type":"EntryPoint","urlTemplate":"https:\/\/lurdinha.org\/site\/?s={search_term_string}"},"query-input":{"@type":"PropertyValueSpecification","valueRequired":true,"valueName":"search_term_string"}}],"inLanguage":"pt-BR"},{"@type":"Organization","@id":"https:\/\/lurdinha.org\/site\/#organization","name":"Lurdinha de Caxias","url":"https:\/\/lurdinha.org\/site\/","logo":{"@type":"ImageObject","inLanguage":"pt-BR","@id":"https:\/\/lurdinha.org\/site\/#\/schema\/logo\/image\/","url":"https:\/\/lurdinha.org\/site\/wp-content\/uploads\/logo-lurdinha.jpg","contentUrl":"https:\/\/lurdinha.org\/site\/wp-content\/uploads\/logo-lurdinha.jpg","width":640,"height":60,"caption":"Lurdinha de Caxias"},"image":{"@id":"https:\/\/lurdinha.org\/site\/#\/schema\/logo\/image\/"},"sameAs":["https:\/\/www.facebook.com\/LurdinhadeCaxias","https:\/\/www.instagram.com\/lurdinhadecaxias"]},{"@type":"Person","@id":"https:\/\/lurdinha.org\/site\/#\/schema\/person\/6b0b6b83043cbaf7707ee275576b00ea","name":"Editoria","image":{"@type":"ImageObject","inLanguage":"pt-BR","@id":"https:\/\/secure.gravatar.com\/avatar\/0ba27ca5462d63e6c810ae4debe7159a69befcd2e33516be5bad4700d2dbfa72?s=96&d=mm&r=g","url":"https:\/\/secure.gravatar.com\/avatar\/0ba27ca5462d63e6c810ae4debe7159a69befcd2e33516be5bad4700d2dbfa72?s=96&d=mm&r=g","contentUrl":"https:\/\/secure.gravatar.com\/avatar\/0ba27ca5462d63e6c810ae4debe7159a69befcd2e33516be5bad4700d2dbfa72?s=96&d=mm&r=g","caption":"Editoria"},"url":"https:\/\/lurdinha.org\/site\/author\/editoria\/"}]}},"views":3440,"_links":{"self":[{"href":"https:\/\/lurdinha.org\/site\/wp-json\/wp\/v2\/posts\/3591","targetHints":{"allow":["GET"]}}],"collection":[{"href":"https:\/\/lurdinha.org\/site\/wp-json\/wp\/v2\/posts"}],"about":[{"href":"https:\/\/lurdinha.org\/site\/wp-json\/wp\/v2\/types\/post"}],"author":[{"embeddable":true,"href":"https:\/\/lurdinha.org\/site\/wp-json\/wp\/v2\/users\/87"}],"replies":[{"embeddable":true,"href":"https:\/\/lurdinha.org\/site\/wp-json\/wp\/v2\/comments?post=3591"}],"version-history":[{"count":5,"href":"https:\/\/lurdinha.org\/site\/wp-json\/wp\/v2\/posts\/3591\/revisions"}],"predecessor-version":[{"id":10661,"href":"https:\/\/lurdinha.org\/site\/wp-json\/wp\/v2\/posts\/3591\/revisions\/10661"}],"wp:attachment":[{"href":"https:\/\/lurdinha.org\/site\/wp-json\/wp\/v2\/media?parent=3591"}],"wp:term":[{"taxonomy":"category","embeddable":true,"href":"https:\/\/lurdinha.org\/site\/wp-json\/wp\/v2\/categories?post=3591"},{"taxonomy":"post_tag","embeddable":true,"href":"https:\/\/lurdinha.org\/site\/wp-json\/wp\/v2\/tags?post=3591"}],"curies":[{"name":"wp","href":"https:\/\/api.w.org\/{rel}","templated":true}]}}