{"id":3138,"date":"2012-10-20T23:50:18","date_gmt":"2012-10-20T23:50:18","guid":{"rendered":"http:\/\/lurdinha.org\/site\/?p=3138"},"modified":"2012-10-20T23:51:08","modified_gmt":"2012-10-20T23:51:08","slug":"eregeo-2012-em-duque-de-caxias","status":"publish","type":"post","link":"https:\/\/lurdinha.org\/site\/eregeo-2012-em-duque-de-caxias\/","title":{"rendered":"EREGEO-2012 em Duque de Caxias"},"content":{"rendered":"<p><img loading=\"lazy\" decoding=\"async\" class=\"alignnone size-full wp-image-3139\" title=\"eregeo 2012\" src=\"http:\/\/lurdinha.org\/site\/wp-content\/uploads\/eregeo_2012.jpg\" alt=\"eregeo 2012\" width=\"420\" height=\"347\" srcset=\"https:\/\/lurdinha.org\/site\/wp-content\/uploads\/eregeo_2012.jpg 420w, https:\/\/lurdinha.org\/site\/wp-content\/uploads\/eregeo_2012-300x248.jpg 300w\" sizes=\"auto, (max-width: 420px) 100vw, 420px\" \/><\/p>\n<p>&nbsp;<\/p>\n<p>Quem fez faculdade e teve a oportunidade de participar de encontros de estudantes sabe que essa \u00e9 uma das experi\u00eancias mais ricas e marcantes da vida acad\u00eamica. Eu mesmo, ao longo da minha gradua\u00e7\u00e3o em geografia, tive a oportunidade de participar de alguns encontros pelo Brasil.<\/p>\n<p>A minha primeira viagem foi no Encontro Nacional de Estudantes de geografia \u2013 ENEG \u2013 2007, realizado em C\u00e1rceres, no Mato Grosso. Foi uma experi\u00eancia incr\u00edvel. Depois de dois dias no bus\u00e3o, ficamos alojados em nossas barracas dentro de um CIEP, junto com mais de mil estudantes de todo o Brasil. Muitas festas, conversas sobre geografia, experi\u00eancias psicod\u00e9licas, descobertas pessoais e coletivas. Em nossas explora\u00e7\u00f5es sobre a regi\u00e3o, visitamos a Chapada do Guimar\u00e3es, descemos o Pantanal atrav\u00e9s do rio Paraguai e conhecemos uma cidade Boliviana na fronteira com o Brasil.<\/p>\n<p>Outra viagem na lembran\u00e7a foi o Encontro Regional de Estudantes de Geografia \u2013 EREGEO \u2013 2007 \u2013 Sudeste, realizado em Vit\u00f3ria. Esse foi muito mais politizado, com uma discuss\u00e3o forte sobre o papel da ARACRUZ CELULOSE no Esp\u00edrito Santo. Entre os principais impactos socioambientais da monocultura do eucalipto est\u00e3o o grande uso de \u00e1gua, o desaparecimento das nascentes, a expuls\u00e3o dos quilombolas, das comunidades ribeirinhas e das tribos ind\u00edgenas de suas terras tradicionais. Tivemos contato com a Rede Alerta contra o Deserto Verde e conhecemos suas estrat\u00e9gias de luta e de resist\u00eancia contra a explora\u00e7\u00e3o desmedida dos recursos naturais no Esp\u00edrito Santo e da viola\u00e7\u00e3o dos direitos das comunidades tradicionais.<\/p>\n<p>Essa hist\u00f3ria toda \u00e9 pra dizer que a roda gira, o vento sopra e dessa vez o Encontro Regional de Estudantes de Geografia \u2013 EREGEO \u2013 2012 \u2013 Sudeste \u2013 ser\u00e1 realizado aqui em Duque de Caxias. Cerca de 400 estudantes de SP, RJ, ES e MG estar\u00e3o alojados na FEBF, na Vila S\u00e3o Luis, entre os dias 15 e 18 de novembro. Entre as atividades previstas est\u00e3o visitas ao Museu Vivo do S\u00e3o Bento, aos problemas socioambientais de Duque de Caxias, \u00e0 favela Santa Marta (UPP) e ao Porto Maravilha. A programa\u00e7\u00e3o pretende fazer um panorama sobre alguns dos principais desafios das periferias da metr\u00f3pole carioca.<\/p>\n<p>Desde j\u00e1 quero parabenizar aos estudantes que est\u00e3o de frente no Centro Acad\u00eamico de Geografia da FEBF e tiveram a disposi\u00e7\u00e3o de trazer esse encontro para nossa cidade. A sociedade caxiense est\u00e1 ensaiando uma rea\u00e7\u00e3o social ao seu alongado de estado de apatia. Tor\u00e7o para que o EREGEO\/2012, atrav\u00e9s da energia dos estudantes, contribua para o fortalecimento de nossas possibilidades de constru\u00e7\u00e3o de uma agenda propositiva para Duque de Caxias.<\/p>\n<p>Link do blog <a href=\"http:\/\/eregeose2012.wordpress.com\/\" target=\"_blank\">http:\/\/eregeose2012.wordpress.com\/<\/a><\/p>\n<p>Contato do colunista:\u00a0<a href=\"http:\/\/conexaocaxiasbf.blogspot.com.br\/\" target=\"_blank\">http:\/\/conexaocaxiasbf.blogspot.com.br\/<\/a><\/p>\n","protected":false},"excerpt":{"rendered":"<p>&nbsp; Quem fez faculdade e teve a oportunidade de participar de encontros de estudantes sabe&#8230;<\/p>\n","protected":false},"author":16,"featured_media":0,"comment_status":"open","ping_status":"closed","sticky":false,"template":"","format":"standard","meta":{"footnotes":""},"categories":[8,5],"tags":[11,423,233,424],"class_list":["post-3138","post","type-post","status-publish","format-standard","hentry","category-evento","category-umaboa","tag-duque-de-caxias","tag-eregeo-2012","tag-febf","tag-geografia"],"yoast_head":"<!-- This site is optimized with the Yoast SEO plugin v27.3 - https:\/\/yoast.com\/product\/yoast-seo-wordpress\/ -->\n<title>EREGEO-2012 em Duque de Caxias - Lurdinha - Duque de Caxias para Est\u00f4magos Fortes<\/title>\n<meta name=\"robots\" content=\"index, follow, max-snippet:-1, max-image-preview:large, max-video-preview:-1\" \/>\n<link rel=\"canonical\" href=\"https:\/\/lurdinha.org\/site\/eregeo-2012-em-duque-de-caxias\/\" \/>\n<meta property=\"og:locale\" content=\"pt_BR\" \/>\n<meta property=\"og:type\" content=\"article\" \/>\n<meta property=\"og:title\" content=\"EREGEO-2012 em Duque de Caxias - Lurdinha - Duque de Caxias para Est\u00f4magos Fortes\" \/>\n<meta property=\"og:description\" content=\"&nbsp; Quem fez faculdade e teve a oportunidade de participar de encontros de estudantes sabe...\" \/>\n<meta property=\"og:url\" content=\"https:\/\/lurdinha.org\/site\/eregeo-2012-em-duque-de-caxias\/\" \/>\n<meta property=\"og:site_name\" content=\"Lurdinha - Duque de Caxias para Est\u00f4magos Fortes\" \/>\n<meta property=\"article:publisher\" content=\"https:\/\/www.facebook.com\/LurdinhadeCaxias\" \/>\n<meta property=\"article:author\" content=\"henrique.silveira.319\" \/>\n<meta property=\"article:published_time\" content=\"2012-10-20T23:50:18+00:00\" \/>\n<meta property=\"article:modified_time\" content=\"2012-10-20T23:51:08+00:00\" \/>\n<meta property=\"og:image\" content=\"https:\/\/lurdinha.org\/site\/wp-content\/uploads\/eregeo_2012.jpg\" \/>\n\t<meta property=\"og:image:width\" content=\"420\" \/>\n\t<meta property=\"og:image:height\" content=\"347\" \/>\n\t<meta property=\"og:image:type\" content=\"image\/jpeg\" \/>\n<meta name=\"author\" content=\"Henrique Silveira\" \/>\n<meta name=\"twitter:card\" content=\"summary_large_image\" \/>\n<meta name=\"twitter:label1\" content=\"Escrito por\" \/>\n\t<meta name=\"twitter:data1\" content=\"Henrique Silveira\" \/>\n\t<meta name=\"twitter:label2\" content=\"Est. tempo de leitura\" \/>\n\t<meta name=\"twitter:data2\" content=\"2 minutos\" \/>\n<script type=\"application\/ld+json\" class=\"yoast-schema-graph\">{\"@context\":\"https:\\\/\\\/schema.org\",\"@graph\":[{\"@type\":\"Article\",\"@id\":\"https:\\\/\\\/lurdinha.org\\\/site\\\/eregeo-2012-em-duque-de-caxias\\\/#article\",\"isPartOf\":{\"@id\":\"https:\\\/\\\/lurdinha.org\\\/site\\\/eregeo-2012-em-duque-de-caxias\\\/\"},\"author\":{\"name\":\"Henrique Silveira\",\"@id\":\"https:\\\/\\\/lurdinha.org\\\/site\\\/#\\\/schema\\\/person\\\/b7f36739e477fd3809ed9f880d85ba89\"},\"headline\":\"EREGEO-2012 em Duque de Caxias\",\"datePublished\":\"2012-10-20T23:50:18+00:00\",\"dateModified\":\"2012-10-20T23:51:08+00:00\",\"mainEntityOfPage\":{\"@id\":\"https:\\\/\\\/lurdinha.org\\\/site\\\/eregeo-2012-em-duque-de-caxias\\\/\"},\"wordCount\":465,\"commentCount\":0,\"publisher\":{\"@id\":\"https:\\\/\\\/lurdinha.org\\\/site\\\/#organization\"},\"image\":{\"@id\":\"https:\\\/\\\/lurdinha.org\\\/site\\\/eregeo-2012-em-duque-de-caxias\\\/#primaryimage\"},\"thumbnailUrl\":\"http:\\\/\\\/lurdinha.org\\\/site\\\/wp-content\\\/uploads\\\/eregeo_2012.jpg\",\"keywords\":[\"duque-de-caxias\",\"Eregeo 2012\",\"Febf\",\"geografia\"],\"articleSection\":[\"evento\",\"uma boa\"],\"inLanguage\":\"pt-BR\",\"potentialAction\":[{\"@type\":\"CommentAction\",\"name\":\"Comment\",\"target\":[\"https:\\\/\\\/lurdinha.org\\\/site\\\/eregeo-2012-em-duque-de-caxias\\\/#respond\"]}]},{\"@type\":\"WebPage\",\"@id\":\"https:\\\/\\\/lurdinha.org\\\/site\\\/eregeo-2012-em-duque-de-caxias\\\/\",\"url\":\"https:\\\/\\\/lurdinha.org\\\/site\\\/eregeo-2012-em-duque-de-caxias\\\/\",\"name\":\"EREGEO-2012 em Duque de Caxias - Lurdinha - Duque de Caxias para Est\u00f4magos Fortes\",\"isPartOf\":{\"@id\":\"https:\\\/\\\/lurdinha.org\\\/site\\\/#website\"},\"primaryImageOfPage\":{\"@id\":\"https:\\\/\\\/lurdinha.org\\\/site\\\/eregeo-2012-em-duque-de-caxias\\\/#primaryimage\"},\"image\":{\"@id\":\"https:\\\/\\\/lurdinha.org\\\/site\\\/eregeo-2012-em-duque-de-caxias\\\/#primaryimage\"},\"thumbnailUrl\":\"http:\\\/\\\/lurdinha.org\\\/site\\\/wp-content\\\/uploads\\\/eregeo_2012.jpg\",\"datePublished\":\"2012-10-20T23:50:18+00:00\",\"dateModified\":\"2012-10-20T23:51:08+00:00\",\"breadcrumb\":{\"@id\":\"https:\\\/\\\/lurdinha.org\\\/site\\\/eregeo-2012-em-duque-de-caxias\\\/#breadcrumb\"},\"inLanguage\":\"pt-BR\",\"potentialAction\":[{\"@type\":\"ReadAction\",\"target\":[\"https:\\\/\\\/lurdinha.org\\\/site\\\/eregeo-2012-em-duque-de-caxias\\\/\"]}]},{\"@type\":\"ImageObject\",\"inLanguage\":\"pt-BR\",\"@id\":\"https:\\\/\\\/lurdinha.org\\\/site\\\/eregeo-2012-em-duque-de-caxias\\\/#primaryimage\",\"url\":\"https:\\\/\\\/lurdinha.org\\\/site\\\/wp-content\\\/uploads\\\/eregeo_2012.jpg\",\"contentUrl\":\"https:\\\/\\\/lurdinha.org\\\/site\\\/wp-content\\\/uploads\\\/eregeo_2012.jpg\",\"width\":420,\"height\":347,\"caption\":\"eregeo 2012\"},{\"@type\":\"BreadcrumbList\",\"@id\":\"https:\\\/\\\/lurdinha.org\\\/site\\\/eregeo-2012-em-duque-de-caxias\\\/#breadcrumb\",\"itemListElement\":[{\"@type\":\"ListItem\",\"position\":1,\"name\":\"In\u00edcio\",\"item\":\"https:\\\/\\\/lurdinha.org\\\/site\\\/\"},{\"@type\":\"ListItem\",\"position\":2,\"name\":\"EREGEO-2012 em Duque de Caxias\"}]},{\"@type\":\"WebSite\",\"@id\":\"https:\\\/\\\/lurdinha.org\\\/site\\\/#website\",\"url\":\"https:\\\/\\\/lurdinha.org\\\/site\\\/\",\"name\":\"Lurdinha - Duque de Caxias para Est\u00f4magos Fortes\",\"description\":\"Site sobre Arte, Cultura, Pol\u00edtica, Sociedade e curiosidades da cidade de Duque de Caxias, RJ\",\"publisher\":{\"@id\":\"https:\\\/\\\/lurdinha.org\\\/site\\\/#organization\"},\"alternateName\":\"Lurdinha\",\"potentialAction\":[{\"@type\":\"SearchAction\",\"target\":{\"@type\":\"EntryPoint\",\"urlTemplate\":\"https:\\\/\\\/lurdinha.org\\\/site\\\/?s={search_term_string}\"},\"query-input\":{\"@type\":\"PropertyValueSpecification\",\"valueRequired\":true,\"valueName\":\"search_term_string\"}}],\"inLanguage\":\"pt-BR\"},{\"@type\":\"Organization\",\"@id\":\"https:\\\/\\\/lurdinha.org\\\/site\\\/#organization\",\"name\":\"Lurdinha de Caxias\",\"url\":\"https:\\\/\\\/lurdinha.org\\\/site\\\/\",\"logo\":{\"@type\":\"ImageObject\",\"inLanguage\":\"pt-BR\",\"@id\":\"https:\\\/\\\/lurdinha.org\\\/site\\\/#\\\/schema\\\/logo\\\/image\\\/\",\"url\":\"https:\\\/\\\/lurdinha.org\\\/site\\\/wp-content\\\/uploads\\\/logo-lurdinha.jpg\",\"contentUrl\":\"https:\\\/\\\/lurdinha.org\\\/site\\\/wp-content\\\/uploads\\\/logo-lurdinha.jpg\",\"width\":640,\"height\":60,\"caption\":\"Lurdinha de Caxias\"},\"image\":{\"@id\":\"https:\\\/\\\/lurdinha.org\\\/site\\\/#\\\/schema\\\/logo\\\/image\\\/\"},\"sameAs\":[\"https:\\\/\\\/www.facebook.com\\\/LurdinhadeCaxias\",\"https:\\\/\\\/www.instagram.com\\\/lurdinhadecaxias\"]},{\"@type\":\"Person\",\"@id\":\"https:\\\/\\\/lurdinha.org\\\/site\\\/#\\\/schema\\\/person\\\/b7f36739e477fd3809ed9f880d85ba89\",\"name\":\"Henrique Silveira\",\"image\":{\"@type\":\"ImageObject\",\"inLanguage\":\"pt-BR\",\"@id\":\"https:\\\/\\\/secure.gravatar.com\\\/avatar\\\/65ed9674651bf1e369939454eea465de6a6b2c680f11e9374ce65b4952afaefc?s=96&d=mm&r=g\",\"url\":\"https:\\\/\\\/secure.gravatar.com\\\/avatar\\\/65ed9674651bf1e369939454eea465de6a6b2c680f11e9374ce65b4952afaefc?s=96&d=mm&r=g\",\"contentUrl\":\"https:\\\/\\\/secure.gravatar.com\\\/avatar\\\/65ed9674651bf1e369939454eea465de6a6b2c680f11e9374ce65b4952afaefc?s=96&d=mm&r=g\",\"caption\":\"Henrique Silveira\"},\"description\":\"Henrique Silveira \u00e9 ge\u00f3grafo, cofundador da Casa Fluminense e autor do livro \u201cRio por Inteiro: reflex\u00f5es sobre a cidade metropolitana\u201d.\",\"sameAs\":[\"henrique.silveira.319\"],\"url\":\"https:\\\/\\\/lurdinha.org\\\/site\\\/author\\\/henriquesilveira\\\/\"}]}<\/script>\n<!-- \/ Yoast SEO plugin. -->","yoast_head_json":{"title":"EREGEO-2012 em Duque de Caxias - Lurdinha - Duque de Caxias para Est\u00f4magos Fortes","robots":{"index":"index","follow":"follow","max-snippet":"max-snippet:-1","max-image-preview":"max-image-preview:large","max-video-preview":"max-video-preview:-1"},"canonical":"https:\/\/lurdinha.org\/site\/eregeo-2012-em-duque-de-caxias\/","og_locale":"pt_BR","og_type":"article","og_title":"EREGEO-2012 em Duque de Caxias - Lurdinha - Duque de Caxias para Est\u00f4magos Fortes","og_description":"&nbsp; Quem fez faculdade e teve a oportunidade de participar de encontros de estudantes sabe...","og_url":"https:\/\/lurdinha.org\/site\/eregeo-2012-em-duque-de-caxias\/","og_site_name":"Lurdinha - Duque de Caxias para Est\u00f4magos Fortes","article_publisher":"https:\/\/www.facebook.com\/LurdinhadeCaxias","article_author":"henrique.silveira.319","article_published_time":"2012-10-20T23:50:18+00:00","article_modified_time":"2012-10-20T23:51:08+00:00","og_image":[{"width":420,"height":347,"url":"https:\/\/lurdinha.org\/site\/wp-content\/uploads\/eregeo_2012.jpg","type":"image\/jpeg"}],"author":"Henrique Silveira","twitter_card":"summary_large_image","twitter_misc":{"Escrito por":"Henrique Silveira","Est. tempo de leitura":"2 minutos"},"schema":{"@context":"https:\/\/schema.org","@graph":[{"@type":"Article","@id":"https:\/\/lurdinha.org\/site\/eregeo-2012-em-duque-de-caxias\/#article","isPartOf":{"@id":"https:\/\/lurdinha.org\/site\/eregeo-2012-em-duque-de-caxias\/"},"author":{"name":"Henrique Silveira","@id":"https:\/\/lurdinha.org\/site\/#\/schema\/person\/b7f36739e477fd3809ed9f880d85ba89"},"headline":"EREGEO-2012 em Duque de Caxias","datePublished":"2012-10-20T23:50:18+00:00","dateModified":"2012-10-20T23:51:08+00:00","mainEntityOfPage":{"@id":"https:\/\/lurdinha.org\/site\/eregeo-2012-em-duque-de-caxias\/"},"wordCount":465,"commentCount":0,"publisher":{"@id":"https:\/\/lurdinha.org\/site\/#organization"},"image":{"@id":"https:\/\/lurdinha.org\/site\/eregeo-2012-em-duque-de-caxias\/#primaryimage"},"thumbnailUrl":"http:\/\/lurdinha.org\/site\/wp-content\/uploads\/eregeo_2012.jpg","keywords":["duque-de-caxias","Eregeo 2012","Febf","geografia"],"articleSection":["evento","uma boa"],"inLanguage":"pt-BR","potentialAction":[{"@type":"CommentAction","name":"Comment","target":["https:\/\/lurdinha.org\/site\/eregeo-2012-em-duque-de-caxias\/#respond"]}]},{"@type":"WebPage","@id":"https:\/\/lurdinha.org\/site\/eregeo-2012-em-duque-de-caxias\/","url":"https:\/\/lurdinha.org\/site\/eregeo-2012-em-duque-de-caxias\/","name":"EREGEO-2012 em Duque de Caxias - Lurdinha - Duque de Caxias para Est\u00f4magos Fortes","isPartOf":{"@id":"https:\/\/lurdinha.org\/site\/#website"},"primaryImageOfPage":{"@id":"https:\/\/lurdinha.org\/site\/eregeo-2012-em-duque-de-caxias\/#primaryimage"},"image":{"@id":"https:\/\/lurdinha.org\/site\/eregeo-2012-em-duque-de-caxias\/#primaryimage"},"thumbnailUrl":"http:\/\/lurdinha.org\/site\/wp-content\/uploads\/eregeo_2012.jpg","datePublished":"2012-10-20T23:50:18+00:00","dateModified":"2012-10-20T23:51:08+00:00","breadcrumb":{"@id":"https:\/\/lurdinha.org\/site\/eregeo-2012-em-duque-de-caxias\/#breadcrumb"},"inLanguage":"pt-BR","potentialAction":[{"@type":"ReadAction","target":["https:\/\/lurdinha.org\/site\/eregeo-2012-em-duque-de-caxias\/"]}]},{"@type":"ImageObject","inLanguage":"pt-BR","@id":"https:\/\/lurdinha.org\/site\/eregeo-2012-em-duque-de-caxias\/#primaryimage","url":"https:\/\/lurdinha.org\/site\/wp-content\/uploads\/eregeo_2012.jpg","contentUrl":"https:\/\/lurdinha.org\/site\/wp-content\/uploads\/eregeo_2012.jpg","width":420,"height":347,"caption":"eregeo 2012"},{"@type":"BreadcrumbList","@id":"https:\/\/lurdinha.org\/site\/eregeo-2012-em-duque-de-caxias\/#breadcrumb","itemListElement":[{"@type":"ListItem","position":1,"name":"In\u00edcio","item":"https:\/\/lurdinha.org\/site\/"},{"@type":"ListItem","position":2,"name":"EREGEO-2012 em Duque de Caxias"}]},{"@type":"WebSite","@id":"https:\/\/lurdinha.org\/site\/#website","url":"https:\/\/lurdinha.org\/site\/","name":"Lurdinha - Duque de Caxias para Est\u00f4magos Fortes","description":"Site sobre Arte, Cultura, Pol\u00edtica, Sociedade e curiosidades da cidade de Duque de Caxias, RJ","publisher":{"@id":"https:\/\/lurdinha.org\/site\/#organization"},"alternateName":"Lurdinha","potentialAction":[{"@type":"SearchAction","target":{"@type":"EntryPoint","urlTemplate":"https:\/\/lurdinha.org\/site\/?s={search_term_string}"},"query-input":{"@type":"PropertyValueSpecification","valueRequired":true,"valueName":"search_term_string"}}],"inLanguage":"pt-BR"},{"@type":"Organization","@id":"https:\/\/lurdinha.org\/site\/#organization","name":"Lurdinha de Caxias","url":"https:\/\/lurdinha.org\/site\/","logo":{"@type":"ImageObject","inLanguage":"pt-BR","@id":"https:\/\/lurdinha.org\/site\/#\/schema\/logo\/image\/","url":"https:\/\/lurdinha.org\/site\/wp-content\/uploads\/logo-lurdinha.jpg","contentUrl":"https:\/\/lurdinha.org\/site\/wp-content\/uploads\/logo-lurdinha.jpg","width":640,"height":60,"caption":"Lurdinha de Caxias"},"image":{"@id":"https:\/\/lurdinha.org\/site\/#\/schema\/logo\/image\/"},"sameAs":["https:\/\/www.facebook.com\/LurdinhadeCaxias","https:\/\/www.instagram.com\/lurdinhadecaxias"]},{"@type":"Person","@id":"https:\/\/lurdinha.org\/site\/#\/schema\/person\/b7f36739e477fd3809ed9f880d85ba89","name":"Henrique Silveira","image":{"@type":"ImageObject","inLanguage":"pt-BR","@id":"https:\/\/secure.gravatar.com\/avatar\/65ed9674651bf1e369939454eea465de6a6b2c680f11e9374ce65b4952afaefc?s=96&d=mm&r=g","url":"https:\/\/secure.gravatar.com\/avatar\/65ed9674651bf1e369939454eea465de6a6b2c680f11e9374ce65b4952afaefc?s=96&d=mm&r=g","contentUrl":"https:\/\/secure.gravatar.com\/avatar\/65ed9674651bf1e369939454eea465de6a6b2c680f11e9374ce65b4952afaefc?s=96&d=mm&r=g","caption":"Henrique Silveira"},"description":"Henrique Silveira \u00e9 ge\u00f3grafo, cofundador da Casa Fluminense e autor do livro \u201cRio por Inteiro: reflex\u00f5es sobre a cidade metropolitana\u201d.","sameAs":["henrique.silveira.319"],"url":"https:\/\/lurdinha.org\/site\/author\/henriquesilveira\/"}]}},"views":3514,"_links":{"self":[{"href":"https:\/\/lurdinha.org\/site\/wp-json\/wp\/v2\/posts\/3138","targetHints":{"allow":["GET"]}}],"collection":[{"href":"https:\/\/lurdinha.org\/site\/wp-json\/wp\/v2\/posts"}],"about":[{"href":"https:\/\/lurdinha.org\/site\/wp-json\/wp\/v2\/types\/post"}],"author":[{"embeddable":true,"href":"https:\/\/lurdinha.org\/site\/wp-json\/wp\/v2\/users\/16"}],"replies":[{"embeddable":true,"href":"https:\/\/lurdinha.org\/site\/wp-json\/wp\/v2\/comments?post=3138"}],"version-history":[{"count":2,"href":"https:\/\/lurdinha.org\/site\/wp-json\/wp\/v2\/posts\/3138\/revisions"}],"predecessor-version":[{"id":3141,"href":"https:\/\/lurdinha.org\/site\/wp-json\/wp\/v2\/posts\/3138\/revisions\/3141"}],"wp:attachment":[{"href":"https:\/\/lurdinha.org\/site\/wp-json\/wp\/v2\/media?parent=3138"}],"wp:term":[{"taxonomy":"category","embeddable":true,"href":"https:\/\/lurdinha.org\/site\/wp-json\/wp\/v2\/categories?post=3138"},{"taxonomy":"post_tag","embeddable":true,"href":"https:\/\/lurdinha.org\/site\/wp-json\/wp\/v2\/tags?post=3138"}],"curies":[{"name":"wp","href":"https:\/\/api.w.org\/{rel}","templated":true}]}}