{"id":3038,"date":"2012-09-24T15:35:45","date_gmt":"2012-09-24T15:35:45","guid":{"rendered":"http:\/\/lurdinha.org\/site\/?p=3038"},"modified":"2012-09-24T18:53:17","modified_gmt":"2012-09-24T18:53:17","slug":"no-chao-raizes","status":"publish","type":"post","link":"https:\/\/lurdinha.org\/site\/no-chao-raizes\/","title":{"rendered":"No ch\u00e3o, ra\u00edzes"},"content":{"rendered":"<p>Vivi durante seis anos nas m\u00e1gicas Minas Gerais. Esbarrei no sertanejo mineiro, na calma das montanhas e no som de um Brasil profundo feito na viola de gente de muita f\u00e9. Gostei. E muito.<\/p>\n<p>Entretanto, n\u00e3o tirei o meu p\u00e9 desse ch\u00e3o que aqui ficou. O ch\u00e3o do Parque Amorim, do Lote XV, de Belford Roxo, do cal\u00e7ad\u00e3o de Caxias, do Gramacho, do Jardim Leal, do Amap\u00e1. Ch\u00e3o da inf\u00e2ncia, do cabelo solto, do calor das tr\u00eas da tarde, das luzes amareladas dos postes, ch\u00e3o de asfalto fr\u00e1gil onde todas minhas vontades sempre foram convocadas.<\/p>\n<p>O ch\u00e3o de terra batida da Rua do Ouvidor, \u201ca minha rua\u201d, foi o primeiro palco e onde, pela primeira vez, me foi dado a oportunidade de acessar a emo\u00e7\u00e3o teatral. No quintal de minha tia-av\u00f3, pude constatar como \u00e1rvores e c\u00e3es ficavam, sem pressa, mais velhos e como evang\u00e9licos eram recepcionados sob um abacateiro para tomar caf\u00e9 e conversar sobre a palavra do Senhor com aquela cat\u00f3lica t\u00e3o atenta \u00e0s outras religi\u00f5es e cren\u00e7as. Uma doce botafoguense roxa.<\/p>\n<p>Foi no mesmo ch\u00e3o, de lama e \u00e1gua suja, que ca\u00ed na tentativa de andar de patins, febre do momento. Coisa de norte-americano. N\u00e3o aprendi e devolvi aquilo que n\u00e3o era meu, primeira li\u00e7\u00e3o de civilidade. Ao longo do tempo, algumas ruas ganharam a roupagem de um asfalto mais duradouro, embora n\u00e3o menos resistente. Alguns esgotos a c\u00e9u aberto foram saneados. Orelh\u00f5es foram instalados, algumas pra\u00e7as constru\u00eddas, outras destru\u00eddas assim que um novo governo municipal tomava posse.<\/p>\n<p>Um longo trecho de mangue, que ficava quase em frente \u00e0 minha casa, foi soterrado por toneladas de barro retiradas da barreira da rua detr\u00e1s. Conclus\u00e3o: as fotografias do bairro vistas de cima nunca mais foram as mesmas e as cobras deixaram em paz os vizinhos.<br \/>\nO mangue hoje s\u00e3o tr\u00eas quarteir\u00f5es. Com casas, cal\u00e7adas, meio-fios e postes. Entretanto, porcos e vacas ainda perambulam pra l\u00e1 e pra c\u00e1. Voca\u00e7\u00e3o rural. Onde era a linha do trem, hoje \u00e9 uma estradinha sem gra\u00e7a, com muito mato e pedras que relembram a hist\u00f3ria de uma Baixada com muitos caminhos hist\u00f3ricos e de trens que apitavam um cheiro de interior que agora n\u00e3o existe mais.<\/p>\n<p>N\u00e3o, n\u00e3o \u00e9 que n\u00e3o tenha mais. \u00c9 que estamos t\u00e3o ocupados em envolver pelas bordas a cidade grande, que nos desligamos da din\u00e2mica da terra, da natureza e de nossa ancestralidade negra, nordestina, popular e mesti\u00e7a a qual originou, por exemplo, as matizes da capoeira, do samba-ritual e do jongo na Baixada Fluminense.<\/p>\n<p>Personagens de uma forma\u00e7\u00e3o territorial e humana t\u00e3o rica e significativa para a hist\u00f3ria do Rio de Janeiro e do Brasil, que se torna insuport\u00e1vel a burra insist\u00eancia dos meios tradicionais de comunica\u00e7\u00e3o em colar \u00e0 Baixada Fluminense a \u00fanica, est\u00e9ril e ign\u00f3bil imagem de uma regi\u00e3o cercada por viol\u00eancia, miserabilidade humana e corrup\u00e7\u00e3o.<\/p>\n<p>\u00c9 raso esse tal discurso em torno dos termos periferia e centro. \u00c9 preciso sacar qual o interesse que envolve a fragmenta\u00e7\u00e3o dos territ\u00f3rios e por onde anda o nosso direito de transitar pelo espa\u00e7o urbano.<\/p>\n<p>O fato \u00e9 que as classes dominantes sempre acreditaram, realmente, que possu\u00edam o dom\u00ednio das classes \u201cde baixo\u201d. Dessa maneira, foram e continuam a ser in\u00fameras as tentativas de esvaziamento de sentido dos valores da cultura popular. Tudo em nome de um modo classista de ver, apreender e amorda\u00e7ar o mundo.<\/p>\n<p>A quest\u00e3o que me coloco \u00e9 se estamos t\u00e3o na mira assim, t\u00e3o passivos assim, se merecemos ser e se vestimos a carapu\u00e7a dessa massa t\u00e3o subestimada e se somos mesmo t\u00e3o alienados a tudo que nos \u00e9 empurrado como verdades e fatos irrevog\u00e1veis.<\/p>\n<p>Sabendo que as retinas de todo o Brasil s\u00e3o teleguiadas a partir de uma \u201ccarioca way of life\u201d vendida a doses cavalares por telejornais, publicidades, programas de audit\u00f3rios e novelas, e que o resto \u00e9 p\u00e9 na jaca tamb\u00e9m, podemos bater no peito com orgulho e afirmar que somos uma na\u00e7\u00e3o de bestializados pelo dogma do controle remoto?<\/p>\n<p>E as nossas crian\u00e7as que crescem \u00e0 aura de formatos prontos, retr\u00f3grados e preconceituosos de se fazer not\u00edcia, teledramaturgia e entretenimento, est\u00e3o mesmo expostas e fadadas a todo esse drama xuxesco?<\/p>\n<p>Claro que n\u00e3o. Em primeiro lugar, n\u00e3o \u00e9 \u201ctodo o Brasil\u201d que t\u00e1 ligadinho no canal 4. Algumas partes do pa\u00eds simplesmente n\u00e3o ficam \u201cligadinhas\u201d: a energia el\u00e9trica nem chegou. Cidad\u00e3os e cidad\u00e3s em toda a parte do territ\u00f3rio nacional t\u00eam se organizado pra discutir, questionar, reivindicar e propor, atrav\u00e9s de horizontes \u00e9ticos, mudan\u00e7as de realidade. Amadurecendo, dessa maneira, a no\u00e7\u00e3o de democracia e gest\u00e3o participativa e o dever do Estado sobre o conjunto social. E ainda desligando a TV.<\/p>\n<p>Indo na contram\u00e3o de tudo que nos \u00e9 pautado, coletivos populares articulados e em din\u00e2mica conscientiza\u00e7\u00e3o da import\u00e2ncia da partilha de valores e v\u00ednculos sociais, tecem suas a\u00e7\u00f5es na for\u00e7a da criatividade, da coopera\u00e7\u00e3o e na id\u00e9ia que a exist\u00eancia humana \u00e9 uma exist\u00eancia dial\u00f3gica, pois o homem \u00e9, primordialmente, um ser de rela\u00e7\u00e3o. Eis a palavra: rela\u00e7\u00e3o.<\/p>\n<p>Metodologias e a\u00e7\u00f5es de educa\u00e7\u00e3o n\u00e3o-formal se espalham pelos quatro cantos do pa\u00eds: r\u00e1dios e jornais comunit\u00e1rios, audiovisuais realizados por pescadores, grupos l\u00e9sbicos feministas, t\u00e9cnicas circenses oferecidas em pra\u00e7a p\u00fablica, a\u00e7\u00f5es sociais promovidas por gr\u00eamios de estudantes da rede p\u00fablica, empreendimentos de economia solid\u00e1ria, escolas de comunica\u00e7\u00e3o cr\u00edtica, movimentos do campo pela reforma agr\u00e1ria, associa\u00e7\u00f5es de moradores, a sa\u00fade da mulher negra sendo debatida em terreiros de candombl\u00e9, espet\u00e1culos teatrais com tem\u00e1ticas sociais, cooperativas e associa\u00e7\u00f5es populares, entre tantas e tantas outras iniciativas as quais vislumbram um outro repert\u00f3rio sociopol\u00edtico para o pa\u00eds a partir da energia transformadora da mobiliza\u00e7\u00e3o social. Mobiliza\u00e7\u00e3o essa ativada, tamb\u00e9m, pelo poder da emo\u00e7\u00e3o vivida e sentida em grupo. V\u00e3o dizer que eu romantizo. N\u00e3o t\u00f4 nem a\u00ed.<\/p>\n<p>Essas a\u00e7\u00f5es, quando veiculadas pela grande m\u00eddia, s\u00e3o exibidas \u00e0s 6h da manh\u00e3 de s\u00e1bado. C\u00ea t\u00e1 acordado? Nem eu. As retinas enxergam a Baixada Fluminense da viol\u00eancia, da miserabilidade humana e da corrup\u00e7\u00e3o, mas n\u00e3o percebem a Baixada Fluminense das gentilezas, das tentativas de emancipa\u00e7\u00e3o, dos movimentos sociais, do cinema artesanal popular, da inventividade, do grito dos exclu\u00eddos, dos poetas marginais.<\/p>\n<p>Ser\u00e1 que s\u00f3 a carro\u00e7a dos enjeitados nos serve como manchete?<\/p>\n<p>Iniciativas que atuam pelo desenvolvimento humano de regi\u00f5es como a Baixada Fluminense n\u00e3o est\u00e3o no Caldeir\u00e3o do Huck. E por que estariam, cara p\u00e1lida? Muitas vezes elas passam pela gente, dizem al\u00f4, e a gente continua a olhar o sinal fechado e esse tr\u00e2nsito que n\u00e3o anda.<\/p>\n<p>O mangue soterrado, a linha de trem arrancada, o abacateiro de minha tia, as noites de lua cheia no Amap\u00e1, o teatro na Rua do Ouvidor e as pra\u00e7as inacabadas, hoje s\u00e3o retratos amarelados pela poeira da minha mem\u00f3ria. Por\u00e9m, vivos na emo\u00e7\u00e3o e na carne. Imagens que me impulsionam na dire\u00e7\u00e3o de tudo aquilo em que acredito e que n\u00e3o quero esquecer. E o ch\u00e3o disso tudo \u00e9 a valiosa cultura conservada nos p\u00e9s descal\u00e7os.<\/p>\n<p><img loading=\"lazy\" decoding=\"async\" class=\"alignnone size-full wp-image-3064\" title=\"No Ch\u00e3o, Ra\u00edzes - Dani Francisco\" src=\"http:\/\/lurdinha.org\/site\/wp-content\/uploads\/raizes.jpg\" alt=\"No Ch\u00e3o, Ra\u00edzes - Dani Francisco\" width=\"400\" height=\"300\" srcset=\"https:\/\/lurdinha.org\/site\/wp-content\/uploads\/raizes.jpg 400w, https:\/\/lurdinha.org\/site\/wp-content\/uploads\/raizes-300x225.jpg 300w\" sizes=\"auto, (max-width: 400px) 100vw, 400px\" \/><\/p>\n<p>&nbsp;<\/p>\n<p>contato:\u00a0<a href=\"mailto:dani@terreirodeideias.com.br\">dani@terreirode<wbr>ideias.com.br<\/wbr><\/a><\/p>\n<p>.<\/p>\n","protected":false},"excerpt":{"rendered":"<p>Vivi durante seis anos nas m\u00e1gicas Minas Gerais. Esbarrei no sertanejo mineiro, na calma das&#8230;<\/p>\n","protected":false},"author":9,"featured_media":0,"comment_status":"open","ping_status":"closed","sticky":false,"template":"","format":"standard","meta":{"footnotes":""},"categories":[4],"tags":[],"class_list":["post-3038","post","type-post","status-publish","format-standard","hentry","category-opiniao"],"yoast_head":"<!-- This site is optimized with the Yoast SEO plugin v27.3 - https:\/\/yoast.com\/product\/yoast-seo-wordpress\/ -->\n<title>No ch\u00e3o, ra\u00edzes - Lurdinha - Duque de Caxias para Est\u00f4magos Fortes<\/title>\n<meta name=\"robots\" content=\"index, follow, max-snippet:-1, max-image-preview:large, max-video-preview:-1\" \/>\n<link rel=\"canonical\" href=\"https:\/\/lurdinha.org\/site\/no-chao-raizes\/\" \/>\n<meta property=\"og:locale\" content=\"pt_BR\" \/>\n<meta property=\"og:type\" content=\"article\" \/>\n<meta property=\"og:title\" content=\"No ch\u00e3o, ra\u00edzes - Lurdinha - Duque de Caxias para Est\u00f4magos Fortes\" \/>\n<meta property=\"og:description\" content=\"Vivi durante seis anos nas m\u00e1gicas Minas Gerais. Esbarrei no sertanejo mineiro, na calma das...\" \/>\n<meta property=\"og:url\" content=\"https:\/\/lurdinha.org\/site\/no-chao-raizes\/\" \/>\n<meta property=\"og:site_name\" content=\"Lurdinha - Duque de Caxias para Est\u00f4magos Fortes\" \/>\n<meta property=\"article:publisher\" content=\"https:\/\/www.facebook.com\/LurdinhadeCaxias\" \/>\n<meta property=\"article:published_time\" content=\"2012-09-24T15:35:45+00:00\" \/>\n<meta property=\"article:modified_time\" content=\"2012-09-24T18:53:17+00:00\" \/>\n<meta property=\"og:image\" content=\"https:\/\/lurdinha.org\/site\/wp-content\/uploads\/raizes.jpg\" \/>\n\t<meta property=\"og:image:width\" content=\"400\" \/>\n\t<meta property=\"og:image:height\" content=\"300\" \/>\n\t<meta property=\"og:image:type\" content=\"image\/jpeg\" \/>\n<meta name=\"author\" content=\"Dani Francisco\" \/>\n<meta name=\"twitter:card\" content=\"summary_large_image\" \/>\n<meta name=\"twitter:label1\" content=\"Escrito por\" \/>\n\t<meta name=\"twitter:data1\" content=\"Dani Francisco\" \/>\n\t<meta name=\"twitter:label2\" content=\"Est. tempo de leitura\" \/>\n\t<meta name=\"twitter:data2\" content=\"7 minutos\" \/>\n<script type=\"application\/ld+json\" class=\"yoast-schema-graph\">{\"@context\":\"https:\\\/\\\/schema.org\",\"@graph\":[{\"@type\":\"Article\",\"@id\":\"https:\\\/\\\/lurdinha.org\\\/site\\\/no-chao-raizes\\\/#article\",\"isPartOf\":{\"@id\":\"https:\\\/\\\/lurdinha.org\\\/site\\\/no-chao-raizes\\\/\"},\"author\":{\"name\":\"Dani Francisco\",\"@id\":\"https:\\\/\\\/lurdinha.org\\\/site\\\/#\\\/schema\\\/person\\\/d230616f30a66a1c44ee82a0b2848ded\"},\"headline\":\"No ch\u00e3o, ra\u00edzes\",\"datePublished\":\"2012-09-24T15:35:45+00:00\",\"dateModified\":\"2012-09-24T18:53:17+00:00\",\"mainEntityOfPage\":{\"@id\":\"https:\\\/\\\/lurdinha.org\\\/site\\\/no-chao-raizes\\\/\"},\"wordCount\":1306,\"commentCount\":0,\"publisher\":{\"@id\":\"https:\\\/\\\/lurdinha.org\\\/site\\\/#organization\"},\"image\":{\"@id\":\"https:\\\/\\\/lurdinha.org\\\/site\\\/no-chao-raizes\\\/#primaryimage\"},\"thumbnailUrl\":\"http:\\\/\\\/lurdinha.org\\\/site\\\/wp-content\\\/uploads\\\/raizes.jpg\",\"articleSection\":[\"uma opini\u00e3o\"],\"inLanguage\":\"pt-BR\",\"potentialAction\":[{\"@type\":\"CommentAction\",\"name\":\"Comment\",\"target\":[\"https:\\\/\\\/lurdinha.org\\\/site\\\/no-chao-raizes\\\/#respond\"]}]},{\"@type\":\"WebPage\",\"@id\":\"https:\\\/\\\/lurdinha.org\\\/site\\\/no-chao-raizes\\\/\",\"url\":\"https:\\\/\\\/lurdinha.org\\\/site\\\/no-chao-raizes\\\/\",\"name\":\"No ch\u00e3o, ra\u00edzes - Lurdinha - Duque de Caxias para Est\u00f4magos Fortes\",\"isPartOf\":{\"@id\":\"https:\\\/\\\/lurdinha.org\\\/site\\\/#website\"},\"primaryImageOfPage\":{\"@id\":\"https:\\\/\\\/lurdinha.org\\\/site\\\/no-chao-raizes\\\/#primaryimage\"},\"image\":{\"@id\":\"https:\\\/\\\/lurdinha.org\\\/site\\\/no-chao-raizes\\\/#primaryimage\"},\"thumbnailUrl\":\"http:\\\/\\\/lurdinha.org\\\/site\\\/wp-content\\\/uploads\\\/raizes.jpg\",\"datePublished\":\"2012-09-24T15:35:45+00:00\",\"dateModified\":\"2012-09-24T18:53:17+00:00\",\"breadcrumb\":{\"@id\":\"https:\\\/\\\/lurdinha.org\\\/site\\\/no-chao-raizes\\\/#breadcrumb\"},\"inLanguage\":\"pt-BR\",\"potentialAction\":[{\"@type\":\"ReadAction\",\"target\":[\"https:\\\/\\\/lurdinha.org\\\/site\\\/no-chao-raizes\\\/\"]}]},{\"@type\":\"ImageObject\",\"inLanguage\":\"pt-BR\",\"@id\":\"https:\\\/\\\/lurdinha.org\\\/site\\\/no-chao-raizes\\\/#primaryimage\",\"url\":\"https:\\\/\\\/lurdinha.org\\\/site\\\/wp-content\\\/uploads\\\/raizes.jpg\",\"contentUrl\":\"https:\\\/\\\/lurdinha.org\\\/site\\\/wp-content\\\/uploads\\\/raizes.jpg\",\"width\":400,\"height\":300,\"caption\":\"No Ch\u00e3o, Ra\u00edzes - Dani Francisco\"},{\"@type\":\"BreadcrumbList\",\"@id\":\"https:\\\/\\\/lurdinha.org\\\/site\\\/no-chao-raizes\\\/#breadcrumb\",\"itemListElement\":[{\"@type\":\"ListItem\",\"position\":1,\"name\":\"In\u00edcio\",\"item\":\"https:\\\/\\\/lurdinha.org\\\/site\\\/\"},{\"@type\":\"ListItem\",\"position\":2,\"name\":\"No ch\u00e3o, ra\u00edzes\"}]},{\"@type\":\"WebSite\",\"@id\":\"https:\\\/\\\/lurdinha.org\\\/site\\\/#website\",\"url\":\"https:\\\/\\\/lurdinha.org\\\/site\\\/\",\"name\":\"Lurdinha - Duque de Caxias para Est\u00f4magos Fortes\",\"description\":\"Site sobre Arte, Cultura, Pol\u00edtica, Sociedade e curiosidades da cidade de Duque de Caxias, RJ\",\"publisher\":{\"@id\":\"https:\\\/\\\/lurdinha.org\\\/site\\\/#organization\"},\"alternateName\":\"Lurdinha\",\"potentialAction\":[{\"@type\":\"SearchAction\",\"target\":{\"@type\":\"EntryPoint\",\"urlTemplate\":\"https:\\\/\\\/lurdinha.org\\\/site\\\/?s={search_term_string}\"},\"query-input\":{\"@type\":\"PropertyValueSpecification\",\"valueRequired\":true,\"valueName\":\"search_term_string\"}}],\"inLanguage\":\"pt-BR\"},{\"@type\":\"Organization\",\"@id\":\"https:\\\/\\\/lurdinha.org\\\/site\\\/#organization\",\"name\":\"Lurdinha de Caxias\",\"url\":\"https:\\\/\\\/lurdinha.org\\\/site\\\/\",\"logo\":{\"@type\":\"ImageObject\",\"inLanguage\":\"pt-BR\",\"@id\":\"https:\\\/\\\/lurdinha.org\\\/site\\\/#\\\/schema\\\/logo\\\/image\\\/\",\"url\":\"https:\\\/\\\/lurdinha.org\\\/site\\\/wp-content\\\/uploads\\\/logo-lurdinha.jpg\",\"contentUrl\":\"https:\\\/\\\/lurdinha.org\\\/site\\\/wp-content\\\/uploads\\\/logo-lurdinha.jpg\",\"width\":640,\"height\":60,\"caption\":\"Lurdinha de Caxias\"},\"image\":{\"@id\":\"https:\\\/\\\/lurdinha.org\\\/site\\\/#\\\/schema\\\/logo\\\/image\\\/\"},\"sameAs\":[\"https:\\\/\\\/www.facebook.com\\\/LurdinhadeCaxias\",\"https:\\\/\\\/www.instagram.com\\\/lurdinhadecaxias\"]},{\"@type\":\"Person\",\"@id\":\"https:\\\/\\\/lurdinha.org\\\/site\\\/#\\\/schema\\\/person\\\/d230616f30a66a1c44ee82a0b2848ded\",\"name\":\"Dani Francisco\",\"image\":{\"@type\":\"ImageObject\",\"inLanguage\":\"pt-BR\",\"@id\":\"https:\\\/\\\/secure.gravatar.com\\\/avatar\\\/a0d361fcc6918446001bc994e6904a78ea3387670ae531ae8662a17467f6ac6c?s=96&d=mm&r=g\",\"url\":\"https:\\\/\\\/secure.gravatar.com\\\/avatar\\\/a0d361fcc6918446001bc994e6904a78ea3387670ae531ae8662a17467f6ac6c?s=96&d=mm&r=g\",\"contentUrl\":\"https:\\\/\\\/secure.gravatar.com\\\/avatar\\\/a0d361fcc6918446001bc994e6904a78ea3387670ae531ae8662a17467f6ac6c?s=96&d=mm&r=g\",\"caption\":\"Dani Francisco\"},\"url\":\"https:\\\/\\\/lurdinha.org\\\/site\\\/author\\\/danicisco\\\/\"}]}<\/script>\n<!-- \/ Yoast SEO plugin. -->","yoast_head_json":{"title":"No ch\u00e3o, ra\u00edzes - Lurdinha - Duque de Caxias para Est\u00f4magos Fortes","robots":{"index":"index","follow":"follow","max-snippet":"max-snippet:-1","max-image-preview":"max-image-preview:large","max-video-preview":"max-video-preview:-1"},"canonical":"https:\/\/lurdinha.org\/site\/no-chao-raizes\/","og_locale":"pt_BR","og_type":"article","og_title":"No ch\u00e3o, ra\u00edzes - Lurdinha - Duque de Caxias para Est\u00f4magos Fortes","og_description":"Vivi durante seis anos nas m\u00e1gicas Minas Gerais. Esbarrei no sertanejo mineiro, na calma das...","og_url":"https:\/\/lurdinha.org\/site\/no-chao-raizes\/","og_site_name":"Lurdinha - Duque de Caxias para Est\u00f4magos Fortes","article_publisher":"https:\/\/www.facebook.com\/LurdinhadeCaxias","article_published_time":"2012-09-24T15:35:45+00:00","article_modified_time":"2012-09-24T18:53:17+00:00","og_image":[{"width":400,"height":300,"url":"https:\/\/lurdinha.org\/site\/wp-content\/uploads\/raizes.jpg","type":"image\/jpeg"}],"author":"Dani Francisco","twitter_card":"summary_large_image","twitter_misc":{"Escrito por":"Dani Francisco","Est. tempo de leitura":"7 minutos"},"schema":{"@context":"https:\/\/schema.org","@graph":[{"@type":"Article","@id":"https:\/\/lurdinha.org\/site\/no-chao-raizes\/#article","isPartOf":{"@id":"https:\/\/lurdinha.org\/site\/no-chao-raizes\/"},"author":{"name":"Dani Francisco","@id":"https:\/\/lurdinha.org\/site\/#\/schema\/person\/d230616f30a66a1c44ee82a0b2848ded"},"headline":"No ch\u00e3o, ra\u00edzes","datePublished":"2012-09-24T15:35:45+00:00","dateModified":"2012-09-24T18:53:17+00:00","mainEntityOfPage":{"@id":"https:\/\/lurdinha.org\/site\/no-chao-raizes\/"},"wordCount":1306,"commentCount":0,"publisher":{"@id":"https:\/\/lurdinha.org\/site\/#organization"},"image":{"@id":"https:\/\/lurdinha.org\/site\/no-chao-raizes\/#primaryimage"},"thumbnailUrl":"http:\/\/lurdinha.org\/site\/wp-content\/uploads\/raizes.jpg","articleSection":["uma opini\u00e3o"],"inLanguage":"pt-BR","potentialAction":[{"@type":"CommentAction","name":"Comment","target":["https:\/\/lurdinha.org\/site\/no-chao-raizes\/#respond"]}]},{"@type":"WebPage","@id":"https:\/\/lurdinha.org\/site\/no-chao-raizes\/","url":"https:\/\/lurdinha.org\/site\/no-chao-raizes\/","name":"No ch\u00e3o, ra\u00edzes - Lurdinha - Duque de Caxias para Est\u00f4magos Fortes","isPartOf":{"@id":"https:\/\/lurdinha.org\/site\/#website"},"primaryImageOfPage":{"@id":"https:\/\/lurdinha.org\/site\/no-chao-raizes\/#primaryimage"},"image":{"@id":"https:\/\/lurdinha.org\/site\/no-chao-raizes\/#primaryimage"},"thumbnailUrl":"http:\/\/lurdinha.org\/site\/wp-content\/uploads\/raizes.jpg","datePublished":"2012-09-24T15:35:45+00:00","dateModified":"2012-09-24T18:53:17+00:00","breadcrumb":{"@id":"https:\/\/lurdinha.org\/site\/no-chao-raizes\/#breadcrumb"},"inLanguage":"pt-BR","potentialAction":[{"@type":"ReadAction","target":["https:\/\/lurdinha.org\/site\/no-chao-raizes\/"]}]},{"@type":"ImageObject","inLanguage":"pt-BR","@id":"https:\/\/lurdinha.org\/site\/no-chao-raizes\/#primaryimage","url":"https:\/\/lurdinha.org\/site\/wp-content\/uploads\/raizes.jpg","contentUrl":"https:\/\/lurdinha.org\/site\/wp-content\/uploads\/raizes.jpg","width":400,"height":300,"caption":"No Ch\u00e3o, Ra\u00edzes - Dani Francisco"},{"@type":"BreadcrumbList","@id":"https:\/\/lurdinha.org\/site\/no-chao-raizes\/#breadcrumb","itemListElement":[{"@type":"ListItem","position":1,"name":"In\u00edcio","item":"https:\/\/lurdinha.org\/site\/"},{"@type":"ListItem","position":2,"name":"No ch\u00e3o, ra\u00edzes"}]},{"@type":"WebSite","@id":"https:\/\/lurdinha.org\/site\/#website","url":"https:\/\/lurdinha.org\/site\/","name":"Lurdinha - Duque de Caxias para Est\u00f4magos Fortes","description":"Site sobre Arte, Cultura, Pol\u00edtica, Sociedade e curiosidades da cidade de Duque de Caxias, RJ","publisher":{"@id":"https:\/\/lurdinha.org\/site\/#organization"},"alternateName":"Lurdinha","potentialAction":[{"@type":"SearchAction","target":{"@type":"EntryPoint","urlTemplate":"https:\/\/lurdinha.org\/site\/?s={search_term_string}"},"query-input":{"@type":"PropertyValueSpecification","valueRequired":true,"valueName":"search_term_string"}}],"inLanguage":"pt-BR"},{"@type":"Organization","@id":"https:\/\/lurdinha.org\/site\/#organization","name":"Lurdinha de Caxias","url":"https:\/\/lurdinha.org\/site\/","logo":{"@type":"ImageObject","inLanguage":"pt-BR","@id":"https:\/\/lurdinha.org\/site\/#\/schema\/logo\/image\/","url":"https:\/\/lurdinha.org\/site\/wp-content\/uploads\/logo-lurdinha.jpg","contentUrl":"https:\/\/lurdinha.org\/site\/wp-content\/uploads\/logo-lurdinha.jpg","width":640,"height":60,"caption":"Lurdinha de Caxias"},"image":{"@id":"https:\/\/lurdinha.org\/site\/#\/schema\/logo\/image\/"},"sameAs":["https:\/\/www.facebook.com\/LurdinhadeCaxias","https:\/\/www.instagram.com\/lurdinhadecaxias"]},{"@type":"Person","@id":"https:\/\/lurdinha.org\/site\/#\/schema\/person\/d230616f30a66a1c44ee82a0b2848ded","name":"Dani Francisco","image":{"@type":"ImageObject","inLanguage":"pt-BR","@id":"https:\/\/secure.gravatar.com\/avatar\/a0d361fcc6918446001bc994e6904a78ea3387670ae531ae8662a17467f6ac6c?s=96&d=mm&r=g","url":"https:\/\/secure.gravatar.com\/avatar\/a0d361fcc6918446001bc994e6904a78ea3387670ae531ae8662a17467f6ac6c?s=96&d=mm&r=g","contentUrl":"https:\/\/secure.gravatar.com\/avatar\/a0d361fcc6918446001bc994e6904a78ea3387670ae531ae8662a17467f6ac6c?s=96&d=mm&r=g","caption":"Dani Francisco"},"url":"https:\/\/lurdinha.org\/site\/author\/danicisco\/"}]}},"views":5745,"_links":{"self":[{"href":"https:\/\/lurdinha.org\/site\/wp-json\/wp\/v2\/posts\/3038","targetHints":{"allow":["GET"]}}],"collection":[{"href":"https:\/\/lurdinha.org\/site\/wp-json\/wp\/v2\/posts"}],"about":[{"href":"https:\/\/lurdinha.org\/site\/wp-json\/wp\/v2\/types\/post"}],"author":[{"embeddable":true,"href":"https:\/\/lurdinha.org\/site\/wp-json\/wp\/v2\/users\/9"}],"replies":[{"embeddable":true,"href":"https:\/\/lurdinha.org\/site\/wp-json\/wp\/v2\/comments?post=3038"}],"version-history":[{"count":7,"href":"https:\/\/lurdinha.org\/site\/wp-json\/wp\/v2\/posts\/3038\/revisions"}],"predecessor-version":[{"id":3069,"href":"https:\/\/lurdinha.org\/site\/wp-json\/wp\/v2\/posts\/3038\/revisions\/3069"}],"wp:attachment":[{"href":"https:\/\/lurdinha.org\/site\/wp-json\/wp\/v2\/media?parent=3038"}],"wp:term":[{"taxonomy":"category","embeddable":true,"href":"https:\/\/lurdinha.org\/site\/wp-json\/wp\/v2\/categories?post=3038"},{"taxonomy":"post_tag","embeddable":true,"href":"https:\/\/lurdinha.org\/site\/wp-json\/wp\/v2\/tags?post=3038"}],"curies":[{"name":"wp","href":"https:\/\/api.w.org\/{rel}","templated":true}]}}