{"id":2940,"date":"2012-08-03T16:30:37","date_gmt":"2012-08-03T16:30:37","guid":{"rendered":"http:\/\/lurdinha.org\/site\/?p=2940"},"modified":"2012-08-03T17:08:16","modified_gmt":"2012-08-03T17:08:16","slug":"25-de-agosto-de-duque-de-caxias","status":"publish","type":"post","link":"https:\/\/lurdinha.org\/site\/25-de-agosto-de-duque-de-caxias\/","title":{"rendered":"25 de Agosto de Duque de Caxias"},"content":{"rendered":"<p>A cidade de Duque de Caxias possui um importante e vistoso cart\u00e3o de visitas: chegando pela Rodovia Washington Luiz, entrando pela Avenida Brigadeiro Lima e Silva depara-se com o bairro 25 de agosto. Urbanizado, organizado e com todos os servi\u00e7os p\u00fablicos funcionando. Diferente, muito diferente, dos outros bairros da cidade.<\/p>\n<p>Este bairro era parte da Fazenda Engenho Velho, conhecida como Fazenda das Macieiras. Entre 1940 e 1942 ela foi vendida \u00e0 Empresa de Melhoramento Duque de Caxias LTDA que em 1951 a loteou. Curiosamente Braulino Reis, o corretor respons\u00e1vel pelo loteamento, era tamb\u00e9m tabeli\u00e3o do Terceiro Of\u00edcio de Notas de Duque de Caxias, tornou-se prefeito da cidade e deputado estadual.<\/p>\n<p>Sendo um dos poucos bairros planejados da cidade quando foi loteado ele possu\u00eda uma pedreira onde hoje est\u00e1 instalada uma pra\u00e7a e parte da UNIGRANRIO. Os engenheiros Vicenzo Barrese e Jos\u00e9 Gaspar Corr\u00eaa Meyer o projetaram e o lotearam com a preocupa\u00e7\u00e3o de padronizar as futuras constru\u00e7\u00f5es. Este recurso encareceu os lotes e fez com que pessoas mais abastadas ali se instalassem, ao contr\u00e1rio do que ocorreu no restante da cidade que foram ocupados por pessoas com menos recursos.<\/p>\n<p>A Pra\u00e7a da Pedreira e a UNIGRANRIO instalaram-se na antiga pedreira que forneceu pedras para o cal\u00e7amento a Rio-Petr\u00f3polis, atual Presidente Kennedy, e para algumas ruas do bairro. No in\u00edcio da d\u00e9cada de 50 a luz chegou atrav\u00e9s de um \u201cpuxadinho\u201d que vinha de Vig\u00e1rio Geral. \u00c1gua encanada s\u00f3 chegaria em 1960. At\u00e9 hoje muitos moradores do bairro mant\u00e9m seu po\u00e7os.<\/p>\n<p>Em 1953 a Empresa de Melhoramentos doou para a cidade a \u201cCasa dos Prefeitos\u201d situada na rua Piaui. No ano seguinte, com Braulino Reis governando a cidade, doou o terreno e construiu o \u201cMaracan\u00e3zinho de Caxias\u201d, batizado como Est\u00e1dio Municipal de Duque de Caxias, atual Vila Ol\u00edmpica. Em 1957 a prefeitura instalou-se na Pra\u00e7a do Pra\u00e7a do Riachuelo, atual Pra\u00e7a Governador Roberto Silveira. Jo\u00e3o Bicheiro construiu sua mans\u00e3o onde hoje \u00e9 o Banco Bradesco e em 1969 a C\u00e2mara Municipal ocupou o pr\u00e9dio atual.<\/p>\n<p>Ap\u00f3s mais de cinco d\u00e9cadas poder\u00edamos fazer a seguinte indaga\u00e7\u00e3o: por que outros bairros que surgiram na mesma \u00e9poca n\u00e3o tiveram a mesma aten\u00e7\u00e3o do poder p\u00fablico e, conseq\u00fcentemente, n\u00e3o se desenvolveram da mesma forma?<\/p>\n<p>&nbsp;<\/p>\n<figure id=\"attachment_2943\" aria-describedby=\"caption-attachment-2943\" style=\"width: 300px\" class=\"wp-caption alignnone\"><img loading=\"lazy\" decoding=\"async\" class=\"size-full wp-image-2943\" title=\"25 de Agosto\" src=\"http:\/\/lurdinha.org\/site\/wp-content\/uploads\/25.jpg\" alt=\"25 de Agosto\" width=\"300\" height=\"400\" srcset=\"https:\/\/lurdinha.org\/site\/wp-content\/uploads\/25.jpg 300w, https:\/\/lurdinha.org\/site\/wp-content\/uploads\/25-225x300.jpg 225w\" sizes=\"auto, (max-width: 300px) 100vw, 300px\" \/><figcaption id=\"caption-attachment-2943\" class=\"wp-caption-text\">Rua da 25 de Agosto Foto: Ju Pestana &#8211; http:\/\/jupestana2.blogspot.com.br\/<\/figcaption><\/figure>\n<p>&nbsp;<\/p>\n<p><img loading=\"lazy\" decoding=\"async\" class=\"alignnone size-full wp-image-2944\" title=\"25deagosto\" src=\"http:\/\/lurdinha.org\/site\/wp-content\/uploads\/25deagosto.jpg\" alt=\"\" width=\"500\" height=\"360\" srcset=\"https:\/\/lurdinha.org\/site\/wp-content\/uploads\/25deagosto.jpg 500w, https:\/\/lurdinha.org\/site\/wp-content\/uploads\/25deagosto-300x216.jpg 300w\" sizes=\"auto, (max-width: 500px) 100vw, 500px\" \/><\/p>\n","protected":false},"excerpt":{"rendered":"<p>A cidade de Duque de Caxias possui um importante e vistoso cart\u00e3o de visitas: chegando&#8230;<\/p>\n","protected":false},"author":32,"featured_media":0,"comment_status":"open","ping_status":"closed","sticky":false,"template":"","format":"standard","meta":{"footnotes":""},"categories":[9],"tags":[231,12,11],"class_list":["post-2940","post","type-post","status-publish","format-standard","hentry","category-historia","tag-25-de-agosto","tag-baixada-fluminense","tag-duque-de-caxias"],"yoast_head":"<!-- This site is optimized with the Yoast SEO plugin v27.3 - https:\/\/yoast.com\/product\/yoast-seo-wordpress\/ -->\n<title>25 de Agosto de Duque de Caxias - Lurdinha - Duque de Caxias para Est\u00f4magos Fortes<\/title>\n<meta name=\"robots\" content=\"index, follow, max-snippet:-1, max-image-preview:large, max-video-preview:-1\" \/>\n<link rel=\"canonical\" href=\"https:\/\/lurdinha.org\/site\/25-de-agosto-de-duque-de-caxias\/\" \/>\n<meta property=\"og:locale\" content=\"pt_BR\" \/>\n<meta property=\"og:type\" content=\"article\" \/>\n<meta property=\"og:title\" content=\"25 de Agosto de Duque de Caxias - Lurdinha - Duque de Caxias para Est\u00f4magos Fortes\" \/>\n<meta property=\"og:description\" content=\"A cidade de Duque de Caxias possui um importante e vistoso cart\u00e3o de visitas: chegando...\" \/>\n<meta property=\"og:url\" content=\"https:\/\/lurdinha.org\/site\/25-de-agosto-de-duque-de-caxias\/\" \/>\n<meta property=\"og:site_name\" content=\"Lurdinha - Duque de Caxias para Est\u00f4magos Fortes\" \/>\n<meta property=\"article:publisher\" content=\"https:\/\/www.facebook.com\/LurdinhadeCaxias\" \/>\n<meta property=\"article:published_time\" content=\"2012-08-03T16:30:37+00:00\" \/>\n<meta property=\"article:modified_time\" content=\"2012-08-03T17:08:16+00:00\" \/>\n<meta property=\"og:image\" content=\"https:\/\/lurdinha.org\/site\/wp-content\/uploads\/25.jpg\" \/>\n\t<meta property=\"og:image:width\" content=\"300\" \/>\n\t<meta property=\"og:image:height\" content=\"400\" \/>\n\t<meta property=\"og:image:type\" content=\"image\/jpeg\" \/>\n<meta name=\"author\" content=\"Alexandre Marques\" \/>\n<meta name=\"twitter:card\" content=\"summary_large_image\" \/>\n<meta name=\"twitter:label1\" content=\"Escrito por\" \/>\n\t<meta name=\"twitter:data1\" content=\"Alexandre Marques\" \/>\n\t<meta name=\"twitter:label2\" content=\"Est. tempo de leitura\" \/>\n\t<meta name=\"twitter:data2\" content=\"2 minutos\" \/>\n<script type=\"application\/ld+json\" class=\"yoast-schema-graph\">{\"@context\":\"https:\\\/\\\/schema.org\",\"@graph\":[{\"@type\":\"Article\",\"@id\":\"https:\\\/\\\/lurdinha.org\\\/site\\\/25-de-agosto-de-duque-de-caxias\\\/#article\",\"isPartOf\":{\"@id\":\"https:\\\/\\\/lurdinha.org\\\/site\\\/25-de-agosto-de-duque-de-caxias\\\/\"},\"author\":{\"name\":\"Alexandre Marques\",\"@id\":\"https:\\\/\\\/lurdinha.org\\\/site\\\/#\\\/schema\\\/person\\\/095877f1f551f3cb946814b4c34d6c39\"},\"headline\":\"25 de Agosto de Duque de Caxias\",\"datePublished\":\"2012-08-03T16:30:37+00:00\",\"dateModified\":\"2012-08-03T17:08:16+00:00\",\"mainEntityOfPage\":{\"@id\":\"https:\\\/\\\/lurdinha.org\\\/site\\\/25-de-agosto-de-duque-de-caxias\\\/\"},\"wordCount\":427,\"commentCount\":2,\"publisher\":{\"@id\":\"https:\\\/\\\/lurdinha.org\\\/site\\\/#organization\"},\"image\":{\"@id\":\"https:\\\/\\\/lurdinha.org\\\/site\\\/25-de-agosto-de-duque-de-caxias\\\/#primaryimage\"},\"thumbnailUrl\":\"http:\\\/\\\/lurdinha.org\\\/site\\\/wp-content\\\/uploads\\\/25.jpg\",\"keywords\":[\"25 de Agosto\",\"baixada-fluminense\",\"duque-de-caxias\"],\"articleSection\":[\"hist\u00f3ria\"],\"inLanguage\":\"pt-BR\",\"potentialAction\":[{\"@type\":\"CommentAction\",\"name\":\"Comment\",\"target\":[\"https:\\\/\\\/lurdinha.org\\\/site\\\/25-de-agosto-de-duque-de-caxias\\\/#respond\"]}]},{\"@type\":\"WebPage\",\"@id\":\"https:\\\/\\\/lurdinha.org\\\/site\\\/25-de-agosto-de-duque-de-caxias\\\/\",\"url\":\"https:\\\/\\\/lurdinha.org\\\/site\\\/25-de-agosto-de-duque-de-caxias\\\/\",\"name\":\"25 de Agosto de Duque de Caxias - Lurdinha - Duque de Caxias para Est\u00f4magos Fortes\",\"isPartOf\":{\"@id\":\"https:\\\/\\\/lurdinha.org\\\/site\\\/#website\"},\"primaryImageOfPage\":{\"@id\":\"https:\\\/\\\/lurdinha.org\\\/site\\\/25-de-agosto-de-duque-de-caxias\\\/#primaryimage\"},\"image\":{\"@id\":\"https:\\\/\\\/lurdinha.org\\\/site\\\/25-de-agosto-de-duque-de-caxias\\\/#primaryimage\"},\"thumbnailUrl\":\"http:\\\/\\\/lurdinha.org\\\/site\\\/wp-content\\\/uploads\\\/25.jpg\",\"datePublished\":\"2012-08-03T16:30:37+00:00\",\"dateModified\":\"2012-08-03T17:08:16+00:00\",\"breadcrumb\":{\"@id\":\"https:\\\/\\\/lurdinha.org\\\/site\\\/25-de-agosto-de-duque-de-caxias\\\/#breadcrumb\"},\"inLanguage\":\"pt-BR\",\"potentialAction\":[{\"@type\":\"ReadAction\",\"target\":[\"https:\\\/\\\/lurdinha.org\\\/site\\\/25-de-agosto-de-duque-de-caxias\\\/\"]}]},{\"@type\":\"ImageObject\",\"inLanguage\":\"pt-BR\",\"@id\":\"https:\\\/\\\/lurdinha.org\\\/site\\\/25-de-agosto-de-duque-de-caxias\\\/#primaryimage\",\"url\":\"https:\\\/\\\/lurdinha.org\\\/site\\\/wp-content\\\/uploads\\\/25.jpg\",\"contentUrl\":\"https:\\\/\\\/lurdinha.org\\\/site\\\/wp-content\\\/uploads\\\/25.jpg\",\"width\":300,\"height\":400,\"caption\":\"Rua da 25 de Agosto Foto: Ju Pestana - http:\\\/\\\/jupestana2.blogspot.com.br\\\/\"},{\"@type\":\"BreadcrumbList\",\"@id\":\"https:\\\/\\\/lurdinha.org\\\/site\\\/25-de-agosto-de-duque-de-caxias\\\/#breadcrumb\",\"itemListElement\":[{\"@type\":\"ListItem\",\"position\":1,\"name\":\"In\u00edcio\",\"item\":\"https:\\\/\\\/lurdinha.org\\\/site\\\/\"},{\"@type\":\"ListItem\",\"position\":2,\"name\":\"25 de Agosto de Duque de Caxias\"}]},{\"@type\":\"WebSite\",\"@id\":\"https:\\\/\\\/lurdinha.org\\\/site\\\/#website\",\"url\":\"https:\\\/\\\/lurdinha.org\\\/site\\\/\",\"name\":\"Lurdinha - Duque de Caxias para Est\u00f4magos Fortes\",\"description\":\"Site sobre Arte, Cultura, Pol\u00edtica, Sociedade e curiosidades da cidade de Duque de Caxias, RJ\",\"publisher\":{\"@id\":\"https:\\\/\\\/lurdinha.org\\\/site\\\/#organization\"},\"alternateName\":\"Lurdinha\",\"potentialAction\":[{\"@type\":\"SearchAction\",\"target\":{\"@type\":\"EntryPoint\",\"urlTemplate\":\"https:\\\/\\\/lurdinha.org\\\/site\\\/?s={search_term_string}\"},\"query-input\":{\"@type\":\"PropertyValueSpecification\",\"valueRequired\":true,\"valueName\":\"search_term_string\"}}],\"inLanguage\":\"pt-BR\"},{\"@type\":\"Organization\",\"@id\":\"https:\\\/\\\/lurdinha.org\\\/site\\\/#organization\",\"name\":\"Lurdinha de Caxias\",\"url\":\"https:\\\/\\\/lurdinha.org\\\/site\\\/\",\"logo\":{\"@type\":\"ImageObject\",\"inLanguage\":\"pt-BR\",\"@id\":\"https:\\\/\\\/lurdinha.org\\\/site\\\/#\\\/schema\\\/logo\\\/image\\\/\",\"url\":\"https:\\\/\\\/lurdinha.org\\\/site\\\/wp-content\\\/uploads\\\/logo-lurdinha.jpg\",\"contentUrl\":\"https:\\\/\\\/lurdinha.org\\\/site\\\/wp-content\\\/uploads\\\/logo-lurdinha.jpg\",\"width\":640,\"height\":60,\"caption\":\"Lurdinha de Caxias\"},\"image\":{\"@id\":\"https:\\\/\\\/lurdinha.org\\\/site\\\/#\\\/schema\\\/logo\\\/image\\\/\"},\"sameAs\":[\"https:\\\/\\\/www.facebook.com\\\/LurdinhadeCaxias\",\"https:\\\/\\\/www.instagram.com\\\/lurdinhadecaxias\"]},{\"@type\":\"Person\",\"@id\":\"https:\\\/\\\/lurdinha.org\\\/site\\\/#\\\/schema\\\/person\\\/095877f1f551f3cb946814b4c34d6c39\",\"name\":\"Alexandre Marques\",\"image\":{\"@type\":\"ImageObject\",\"inLanguage\":\"pt-BR\",\"@id\":\"https:\\\/\\\/secure.gravatar.com\\\/avatar\\\/aa581a3ff5cc0facb8e71fb3e53e599e540cbf9d6f0e17ae650f63ce20cc1807?s=96&d=mm&r=g\",\"url\":\"https:\\\/\\\/secure.gravatar.com\\\/avatar\\\/aa581a3ff5cc0facb8e71fb3e53e599e540cbf9d6f0e17ae650f63ce20cc1807?s=96&d=mm&r=g\",\"contentUrl\":\"https:\\\/\\\/secure.gravatar.com\\\/avatar\\\/aa581a3ff5cc0facb8e71fb3e53e599e540cbf9d6f0e17ae650f63ce20cc1807?s=96&d=mm&r=g\",\"caption\":\"Alexandre Marques\"},\"description\":\"Alexandre Marques \u00e9 professor de Hist\u00f3ria. Contato: alxmarques@ig.com.br\",\"url\":\"https:\\\/\\\/lurdinha.org\\\/site\\\/author\\\/alexandremarques\\\/\"}]}<\/script>\n<!-- \/ Yoast SEO plugin. -->","yoast_head_json":{"title":"25 de Agosto de Duque de Caxias - Lurdinha - Duque de Caxias para Est\u00f4magos Fortes","robots":{"index":"index","follow":"follow","max-snippet":"max-snippet:-1","max-image-preview":"max-image-preview:large","max-video-preview":"max-video-preview:-1"},"canonical":"https:\/\/lurdinha.org\/site\/25-de-agosto-de-duque-de-caxias\/","og_locale":"pt_BR","og_type":"article","og_title":"25 de Agosto de Duque de Caxias - Lurdinha - Duque de Caxias para Est\u00f4magos Fortes","og_description":"A cidade de Duque de Caxias possui um importante e vistoso cart\u00e3o de visitas: chegando...","og_url":"https:\/\/lurdinha.org\/site\/25-de-agosto-de-duque-de-caxias\/","og_site_name":"Lurdinha - Duque de Caxias para Est\u00f4magos Fortes","article_publisher":"https:\/\/www.facebook.com\/LurdinhadeCaxias","article_published_time":"2012-08-03T16:30:37+00:00","article_modified_time":"2012-08-03T17:08:16+00:00","og_image":[{"width":300,"height":400,"url":"https:\/\/lurdinha.org\/site\/wp-content\/uploads\/25.jpg","type":"image\/jpeg"}],"author":"Alexandre Marques","twitter_card":"summary_large_image","twitter_misc":{"Escrito por":"Alexandre Marques","Est. tempo de leitura":"2 minutos"},"schema":{"@context":"https:\/\/schema.org","@graph":[{"@type":"Article","@id":"https:\/\/lurdinha.org\/site\/25-de-agosto-de-duque-de-caxias\/#article","isPartOf":{"@id":"https:\/\/lurdinha.org\/site\/25-de-agosto-de-duque-de-caxias\/"},"author":{"name":"Alexandre Marques","@id":"https:\/\/lurdinha.org\/site\/#\/schema\/person\/095877f1f551f3cb946814b4c34d6c39"},"headline":"25 de Agosto de Duque de Caxias","datePublished":"2012-08-03T16:30:37+00:00","dateModified":"2012-08-03T17:08:16+00:00","mainEntityOfPage":{"@id":"https:\/\/lurdinha.org\/site\/25-de-agosto-de-duque-de-caxias\/"},"wordCount":427,"commentCount":2,"publisher":{"@id":"https:\/\/lurdinha.org\/site\/#organization"},"image":{"@id":"https:\/\/lurdinha.org\/site\/25-de-agosto-de-duque-de-caxias\/#primaryimage"},"thumbnailUrl":"http:\/\/lurdinha.org\/site\/wp-content\/uploads\/25.jpg","keywords":["25 de Agosto","baixada-fluminense","duque-de-caxias"],"articleSection":["hist\u00f3ria"],"inLanguage":"pt-BR","potentialAction":[{"@type":"CommentAction","name":"Comment","target":["https:\/\/lurdinha.org\/site\/25-de-agosto-de-duque-de-caxias\/#respond"]}]},{"@type":"WebPage","@id":"https:\/\/lurdinha.org\/site\/25-de-agosto-de-duque-de-caxias\/","url":"https:\/\/lurdinha.org\/site\/25-de-agosto-de-duque-de-caxias\/","name":"25 de Agosto de Duque de Caxias - Lurdinha - Duque de Caxias para Est\u00f4magos Fortes","isPartOf":{"@id":"https:\/\/lurdinha.org\/site\/#website"},"primaryImageOfPage":{"@id":"https:\/\/lurdinha.org\/site\/25-de-agosto-de-duque-de-caxias\/#primaryimage"},"image":{"@id":"https:\/\/lurdinha.org\/site\/25-de-agosto-de-duque-de-caxias\/#primaryimage"},"thumbnailUrl":"http:\/\/lurdinha.org\/site\/wp-content\/uploads\/25.jpg","datePublished":"2012-08-03T16:30:37+00:00","dateModified":"2012-08-03T17:08:16+00:00","breadcrumb":{"@id":"https:\/\/lurdinha.org\/site\/25-de-agosto-de-duque-de-caxias\/#breadcrumb"},"inLanguage":"pt-BR","potentialAction":[{"@type":"ReadAction","target":["https:\/\/lurdinha.org\/site\/25-de-agosto-de-duque-de-caxias\/"]}]},{"@type":"ImageObject","inLanguage":"pt-BR","@id":"https:\/\/lurdinha.org\/site\/25-de-agosto-de-duque-de-caxias\/#primaryimage","url":"https:\/\/lurdinha.org\/site\/wp-content\/uploads\/25.jpg","contentUrl":"https:\/\/lurdinha.org\/site\/wp-content\/uploads\/25.jpg","width":300,"height":400,"caption":"Rua da 25 de Agosto Foto: Ju Pestana - http:\/\/jupestana2.blogspot.com.br\/"},{"@type":"BreadcrumbList","@id":"https:\/\/lurdinha.org\/site\/25-de-agosto-de-duque-de-caxias\/#breadcrumb","itemListElement":[{"@type":"ListItem","position":1,"name":"In\u00edcio","item":"https:\/\/lurdinha.org\/site\/"},{"@type":"ListItem","position":2,"name":"25 de Agosto de Duque de Caxias"}]},{"@type":"WebSite","@id":"https:\/\/lurdinha.org\/site\/#website","url":"https:\/\/lurdinha.org\/site\/","name":"Lurdinha - Duque de Caxias para Est\u00f4magos Fortes","description":"Site sobre Arte, Cultura, Pol\u00edtica, Sociedade e curiosidades da cidade de Duque de Caxias, RJ","publisher":{"@id":"https:\/\/lurdinha.org\/site\/#organization"},"alternateName":"Lurdinha","potentialAction":[{"@type":"SearchAction","target":{"@type":"EntryPoint","urlTemplate":"https:\/\/lurdinha.org\/site\/?s={search_term_string}"},"query-input":{"@type":"PropertyValueSpecification","valueRequired":true,"valueName":"search_term_string"}}],"inLanguage":"pt-BR"},{"@type":"Organization","@id":"https:\/\/lurdinha.org\/site\/#organization","name":"Lurdinha de Caxias","url":"https:\/\/lurdinha.org\/site\/","logo":{"@type":"ImageObject","inLanguage":"pt-BR","@id":"https:\/\/lurdinha.org\/site\/#\/schema\/logo\/image\/","url":"https:\/\/lurdinha.org\/site\/wp-content\/uploads\/logo-lurdinha.jpg","contentUrl":"https:\/\/lurdinha.org\/site\/wp-content\/uploads\/logo-lurdinha.jpg","width":640,"height":60,"caption":"Lurdinha de Caxias"},"image":{"@id":"https:\/\/lurdinha.org\/site\/#\/schema\/logo\/image\/"},"sameAs":["https:\/\/www.facebook.com\/LurdinhadeCaxias","https:\/\/www.instagram.com\/lurdinhadecaxias"]},{"@type":"Person","@id":"https:\/\/lurdinha.org\/site\/#\/schema\/person\/095877f1f551f3cb946814b4c34d6c39","name":"Alexandre Marques","image":{"@type":"ImageObject","inLanguage":"pt-BR","@id":"https:\/\/secure.gravatar.com\/avatar\/aa581a3ff5cc0facb8e71fb3e53e599e540cbf9d6f0e17ae650f63ce20cc1807?s=96&d=mm&r=g","url":"https:\/\/secure.gravatar.com\/avatar\/aa581a3ff5cc0facb8e71fb3e53e599e540cbf9d6f0e17ae650f63ce20cc1807?s=96&d=mm&r=g","contentUrl":"https:\/\/secure.gravatar.com\/avatar\/aa581a3ff5cc0facb8e71fb3e53e599e540cbf9d6f0e17ae650f63ce20cc1807?s=96&d=mm&r=g","caption":"Alexandre Marques"},"description":"Alexandre Marques \u00e9 professor de Hist\u00f3ria. Contato: alxmarques@ig.com.br","url":"https:\/\/lurdinha.org\/site\/author\/alexandremarques\/"}]}},"views":12480,"_links":{"self":[{"href":"https:\/\/lurdinha.org\/site\/wp-json\/wp\/v2\/posts\/2940","targetHints":{"allow":["GET"]}}],"collection":[{"href":"https:\/\/lurdinha.org\/site\/wp-json\/wp\/v2\/posts"}],"about":[{"href":"https:\/\/lurdinha.org\/site\/wp-json\/wp\/v2\/types\/post"}],"author":[{"embeddable":true,"href":"https:\/\/lurdinha.org\/site\/wp-json\/wp\/v2\/users\/32"}],"replies":[{"embeddable":true,"href":"https:\/\/lurdinha.org\/site\/wp-json\/wp\/v2\/comments?post=2940"}],"version-history":[{"count":5,"href":"https:\/\/lurdinha.org\/site\/wp-json\/wp\/v2\/posts\/2940\/revisions"}],"predecessor-version":[{"id":2946,"href":"https:\/\/lurdinha.org\/site\/wp-json\/wp\/v2\/posts\/2940\/revisions\/2946"}],"wp:attachment":[{"href":"https:\/\/lurdinha.org\/site\/wp-json\/wp\/v2\/media?parent=2940"}],"wp:term":[{"taxonomy":"category","embeddable":true,"href":"https:\/\/lurdinha.org\/site\/wp-json\/wp\/v2\/categories?post=2940"},{"taxonomy":"post_tag","embeddable":true,"href":"https:\/\/lurdinha.org\/site\/wp-json\/wp\/v2\/tags?post=2940"}],"curies":[{"name":"wp","href":"https:\/\/api.w.org\/{rel}","templated":true}]}}