{"id":2923,"date":"2012-07-13T15:33:47","date_gmt":"2012-07-13T15:33:47","guid":{"rendered":"http:\/\/lurdinha.org\/site\/?p=2923"},"modified":"2022-09-11T18:19:44","modified_gmt":"2022-09-11T18:19:44","slug":"cidade-mais-rica-da-baixada-caxias-tem-desocupacao-acima-das-medias-estadual-e-nacional","status":"publish","type":"post","link":"https:\/\/lurdinha.org\/site\/cidade-mais-rica-da-baixada-caxias-tem-desocupacao-acima-das-medias-estadual-e-nacional\/","title":{"rendered":"Cidade mais rica da Baixada, Caxias tem desocupa\u00e7\u00e3o acima das m\u00e9dias estadual e nacional"},"content":{"rendered":"<p>Jornal Extra de 12\/07\/12<\/p>\n<p><a href=\"http:\/\/extra.globo.com\/noticias\/rio\/baixada-fluminense\/cidade-mais-rica-da-baixada-caxias-tem-desocupacao-acima-das-medias-estadual-nacional-5453206.html\" target=\"_blank\" rel=\"noopener\"><img loading=\"lazy\" decoding=\"async\" class=\"alignnone size-full wp-image-2924\" title=\"extra1207\" src=\"http:\/\/lurdinha.org\/site\/wp-content\/uploads\/extra1207.jpg\" alt=\"\" width=\"580\" height=\"452\" srcset=\"https:\/\/lurdinha.org\/site\/wp-content\/uploads\/extra1207.jpg 580w, https:\/\/lurdinha.org\/site\/wp-content\/uploads\/extra1207-300x234.jpg 300w\" sizes=\"auto, (max-width: 580px) 100vw, 580px\" \/><\/a><\/p>\n<p>&nbsp;<\/p>\n<p><em>C\u00edntia Cruz<\/em><\/p>\n<p>Duque de Caxias \u00e9 a cidade mais rica da Baixada: representa 7,28% do PIB (soma das riquezas de uma regi\u00e3o) do Estado do Rio. Apesar disso, tem uma taxa de desocupa\u00e7\u00e3o (6,10%) superior \u00e0s m\u00e9dias estadual (4,77%) e nacional (4,41%), segundo dados do Censo 2010 do IBGE. Mais de 44.500 pessoas n\u00e3o t\u00eam qualquer ocupa\u00e7\u00e3o na cidade, que concentra a maior popula\u00e7\u00e3o economicamente ativa da Baixada Fluminense.<\/p>\n<p>O servente de obras Jaelson da Silva, de 23 anos, est\u00e1 nas estat\u00edsticas de 2010 e vive o mesmo drama desde mar\u00e7o deste ano.<\/p>\n<p>\u2014 Me acidentei e agora vou come\u00e7ar a procurar \u2014 contou Jaelson, que mora com os irm\u00e3os no bairro Parque Capivari.<\/p>\n<p>Para o IBGE, desocupa\u00e7\u00e3o inclui falta de trabalho formal ou informal. E de informalidade, o pedreiro Jeffrey de Sant\u2019ana, de 25 anos, entende. Ele trabalha desde os 10, mas na carteira tem apenas tr\u00eas anota\u00e7\u00f5es. Todas com menos de um ano.<\/p>\n<p>\u2014 Fa\u00e7o biscate como pedreiro e serralheiro.<\/p>\n<p>O secret\u00e1rio de Trabalho de Duque de Caxias, Jorge Cezar de Abreu, disse que se guia pelos dados do Cadastro Geral de Empregados e Desempregados (Caged), do Minist\u00e9rio do Trabalho, que considera apenas empregos com carteira assinada.<\/p>\n<p>\u2014 Se pegar o acumulado de 2009 a 2012, estamos \u00e0 frente de toda a Baixada.<\/p>\n<p>A Secretaria estadual de Trabalho e Renda informou que est\u00e1 buscando parcerias com grandes empregadores e que a ag\u00eancia do Sistema Nacional de Empregos (Sine) de Caxias tem se empenhado na capta\u00e7\u00e3o de vagas. J\u00e1 a Secretaria estadual de Desenvolvimento Econ\u00f4mico informou que vai estudar as causas do indicador.<\/p>\n<p><strong>Qualifica\u00e7\u00e3o \u00e9 determinante, diz especialista<\/strong><\/p>\n<p>O pesquisador Rodrigo Leandro de Moura, do Instituto Brasileiro de Economia da Funda\u00e7\u00e3o Get\u00falio Vargas (Ibre\/FGV), acredita que a qualifica\u00e7\u00e3o profissional seja determinante para o problema do emprego em Caxias:<\/p>\n<p>\u2014 Talvez falte mais trabalho para os menos qualificados \u2014 salientou.<\/p>\n<p>A especialista de Desenvolvimento Econ\u00f4mico da Firjan, Tatiana Sanchez, disse que, em Caxias, n\u00e3o h\u00e1 rela\u00e7\u00e3o entre desemprego e PIB:<\/p>\n<p>\u2014 O PIB \u00e9 pautado quase que somente pela Reduc (refinaria). \u00c9 uma atividade intensiva em capital, m\u00e1quina, equipamento, tecnologia. N\u00e3o em m\u00e3o de obra.<\/p>\n<p>Segundo estudo da Firjan, Caxias gerou 2.420 empregos no primeiro trimestre deste ano.<\/p>\n<p><strong>Os percentuais dos munic\u00edpios<\/strong><\/p>\n<p><strong>7,46 %<\/strong><\/p>\n<p>Guapimirim: 3.252 sem ocupa\u00e7\u00e3o.<\/p>\n<p><strong>6,72 %<\/strong><\/p>\n<p>Itagua\u00ed: 6.215 desocupados.<\/p>\n<p><strong>6,21 %<\/strong><\/p>\n<p>Serop\u00e9dica: 4.150.<\/p>\n<p><strong>6,15 %<\/strong><\/p>\n<p>Mag\u00e9: 11.850 desocupados.<\/p>\n<p><strong>6,10 %<\/strong><\/p>\n<p>Caxias: 44.524.<\/p>\n<p><strong>6%<\/strong><\/p>\n<p>Queimados: 7.001 pessoas desocupadas.<\/p>\n<p><strong>5,85 %<\/strong><\/p>\n<p>Nova Igua\u00e7u: 39.839 sem ocupa\u00e7\u00e3o.<\/p>\n<p><strong>5,65 %<\/strong><\/p>\n<p>Mesquita: 8.188 desocupados.<\/p>\n<p><strong>5,46 %<\/strong><\/p>\n<p>Belford Roxo: 21.749 desocupados.<\/p>\n<p><strong>5,28 %<\/strong><\/p>\n<p>Nil\u00f3polis: 7.253 pessoas sem ocupa\u00e7\u00e3o.<\/p>\n<p><strong>5,27 %<\/strong><\/p>\n<p>Japeri: 4.225 pessoas sem ocupa\u00e7\u00e3o.<\/p>\n<p><strong>5,18 %<\/strong><\/p>\n<p>S\u00e3o Jo\u00e3o de Meriti: 20.451 desocupados.<\/p>\n<p><strong>4,77 %<\/strong><\/p>\n<p>Paracambi: 2.008 desocupados.<\/p>\n<p>Leia as notas oficiais das secretarias estaduais de Desenvolvimento e de Trabalho e da Secretaria de Trabalho de Caxias:<\/p>\n<p><strong>Secretaria de Estado de Desenvolvimento Econ\u00f4mico:<\/strong><\/p>\n<p>A Secretaria de Desenvolvimento Econ\u00f4mico tomou conhecimento dos dados do IBGE no momento de sua divulga\u00e7\u00e3o. A partir desta constata\u00e7\u00e3o vai procurar estudar a fundo quais as causas que provocaram esse indicador, acima da m\u00e9dia de desemprego do pa\u00eds. Sem esse estudo seria imprudente emitir qualquer opini\u00e3o a respeito. Vale destacar, que o Governo do Estado, dentro de sua pol\u00edtica de atra\u00e7\u00e3o de novos investimentos, vem descentralizando a economia, promovendo o interior do Estado e a Regi\u00e3o Metropolitana.<\/p>\n<p><strong>Secretaria de Estado de Trabalho e Renda:<\/strong><\/p>\n<p>A ag\u00eancia Sine de Duque de Caxias tem se empenhado na capta\u00e7\u00e3o de vagas locais e na intermedia\u00e7\u00e3o de m\u00e3o de obra, al\u00e9m dos demais servi\u00e7os, como seguro-desemprego, microcr\u00e9dito e emiss\u00e3o de carteira de Trabalho (1\u00aa e 2\u00aa vias). A Secretaria de Estado de Trabalho e Renda (Setrab) est\u00e1 buscando a parcerias com grandes empregadores, visando fomentar o seu banco de vagas.<\/p>\n<p>J\u00e1 a Prefeitura de Duque de Caxias tem conv\u00eanio firmado diretamente com o Minist\u00e9rio do Trabalho e Renda (TEM) para a condu\u00e7\u00e3o de pol\u00edticas p\u00fablicas de trabalho e emprego, pelo qual tamb\u00e9m mant\u00e9m ag\u00eancias de atendimento ao trabalhador.<\/p>\n<p>Por conta disso, as a\u00e7\u00f5es da Setrab, atrav\u00e9s do Sine, que ficam limitadas \u00e0 intermedia\u00e7\u00e3o de m\u00e3o de obra para as vagas que j\u00e1 est\u00e3o \u00e0 disposi\u00e7\u00e3o no mercado. Uma pol\u00edtica de gera\u00e7\u00e3o de emprego deve ser desenvolvida n\u00e3o somente pela Setrab, como tamb\u00e9m pela Secretaria de Estado de Desenvolvimento Econ\u00f4mico, Energia, Ind\u00fastria e Servi\u00e7os e as Prefeituras Municipais, atrav\u00e9s dos seus \u00f3rg\u00e3os pertinentes, oferecendo, assim, incentivos para instala\u00e7\u00e3o de empresas em determinadas regi\u00f5es, que, nesta caso, aborda Duque de Caxias e cidades vizinhas.<\/p>\n<p>&nbsp;<\/p>\n<p><strong>Secretaria de Trabalho e Renda de Duque de Caxias<\/strong><\/p>\n<p>&nbsp;<\/p>\n<p>A Secretaria realiza um trabalho de mapeamento s\u00f3cio-econ\u00f4mico, onde atrav\u00e9s de tendas itinerantes visita as comunidades realizando um cadastro com dados ( Idade, Experi\u00eancia Profissional, Qualifica\u00e7\u00f5es anteriores e sugeridas, necessidades de documentos etc), este cadastro alimenta um sistema de gest\u00e3o, atrav\u00e9s do qual orientamos as necessidades da popula\u00e7\u00e3o desempregada. Este cadastro possui mais de 20.000 (vinte mil registros). \u00c9 possivel tamb\u00e9m realizar o cadastramente on-line, atrav\u00e9s do site da Prefeitura (Duquedecaxias.rj.gov.br), onde o cidad\u00e3o cria um login e uma senha, e consegue cadastrar e atualizar permanentemente seu cadastro. Cabe ressaltar que a Prefeitura de Duque de Caxias, foi a primeira em todo o Estado a disponibilizar esta ferramente on-line (Ano de 2009), inclusive sendo divulgado em reportagem do &#8220;JORNAL EXTRA &#8211; julho de 2009&#8221;.<\/p>\n<p>&nbsp;<\/p>\n<p>Quanto aos processos de qualifica\u00e7\u00e3o profissional, informo que as Secretarias de Trabalho, Emprego, Renda, Ci\u00eancia e Tecnologia \/ Assist\u00eancia Social e Direitos Humanos \/ Educa\u00e7\u00e3o \/ FUNDEC, qualificaram aproximadamente 20.000 cidad\u00e3os Duquecaxienses.<\/p>\n<p>&nbsp;<\/p>\n<p>Anualmente a FIRJAN &#8211; Federe\u00e7\u00e3o das Ind\u00fastrias do Estado do Rio de Janeiro, divulga o IFDM &#8211; Ind\u00edce Firjan de Desenvolvimento dos Munic\u00edpios, que foi criado com o objetivo de oferecer aos gestores p\u00fablicos uma ferramenta eficaz e atualizada para implementa\u00e7\u00e3o de pol\u00edticas p\u00fablicas e o acompanhamento dos resultado destas pol\u00edticas.<\/p>\n<p>&nbsp;<\/p>\n<p>O IFDMA mede as a\u00e7\u00f5es nas \u00e1reas de Educa\u00e7\u00e3o, Sa\u00fade, Trabalho e Renda. Os pesos variam de 0 a 1. As medi\u00e7\u00f5es s\u00e3o realizadas em todo o Brasil. No estado do Rio de Janeiro, pela primeira vez, Duque de Caxias ficou em primeiro lugar em todo o Estado do RJ, inclusive a frente da Capital. Outro dado important\u00edssimo &#8211; como a medi\u00e7\u00e3o \u00e9 nacional &#8211; Duque de Caxias ficous a frente tamb\u00e9m das principais capitais do Pa\u00eds.<\/p>\n<p>&nbsp;<\/p>\n<p>Para melhor ilustrar a argumenta\u00e7\u00e3o, segue abaixo as pontua\u00e7\u00f5es dos munic\u00edpios em Trabalho e Renda. Pode-se observar que Duque de Caxias, al\u00e9m de ficar pela primeira vez, em primeiro lugar em todo o Estado do RJ, tamb\u00e9m ficou \u00e0 frente de &#8220;pesos pesados&#8221; a n\u00edvel de Brasil.<\/p>\n<div>\nLeia mais: <a href=\"http:\/\/extra.globo.com\/noticias\/rio\/baixada-fluminense\/cidade-mais-rica-da-baixada-caxias-tem-desocupacao-acima-das-medias-estadual-nacional-5453206.html\" target=\"_blank\" rel=\"noopener\">http:\/\/extra.globo.com\/noticias\/rio\/baixada-fluminense\/cidade-mais-rica-da-baixada-caxias-tem-desocupacao-acima-das-medias-estadual-nacional-5453206.html<\/a><\/div>\n","protected":false},"excerpt":{"rendered":"<p>Jornal Extra de 12\/07\/12 &nbsp; C\u00edntia Cruz Duque de Caxias \u00e9 a cidade mais rica&#8230;<\/p>\n","protected":false},"author":87,"featured_media":0,"comment_status":"open","ping_status":"closed","sticky":false,"template":"","format":"standard","meta":{"footnotes":""},"categories":[1],"tags":[],"class_list":["post-2923","post","type-post","status-publish","format-standard","hentry","category-botinada"],"yoast_head":"<!-- This site is optimized with the Yoast SEO plugin v27.3 - https:\/\/yoast.com\/product\/yoast-seo-wordpress\/ -->\n<title>Cidade mais rica da Baixada, Caxias tem desocupa\u00e7\u00e3o acima das m\u00e9dias estadual e nacional - Lurdinha - Duque de Caxias para Est\u00f4magos Fortes<\/title>\n<meta name=\"robots\" content=\"index, follow, max-snippet:-1, max-image-preview:large, max-video-preview:-1\" \/>\n<link rel=\"canonical\" href=\"https:\/\/lurdinha.org\/site\/cidade-mais-rica-da-baixada-caxias-tem-desocupacao-acima-das-medias-estadual-e-nacional\/\" \/>\n<meta property=\"og:locale\" content=\"pt_BR\" \/>\n<meta property=\"og:type\" content=\"article\" \/>\n<meta property=\"og:title\" content=\"Cidade mais rica da Baixada, Caxias tem desocupa\u00e7\u00e3o acima das m\u00e9dias estadual e nacional - Lurdinha - Duque de Caxias para Est\u00f4magos Fortes\" \/>\n<meta property=\"og:description\" content=\"Jornal Extra de 12\/07\/12 &nbsp; C\u00edntia Cruz Duque de Caxias \u00e9 a cidade mais rica...\" \/>\n<meta property=\"og:url\" content=\"https:\/\/lurdinha.org\/site\/cidade-mais-rica-da-baixada-caxias-tem-desocupacao-acima-das-medias-estadual-e-nacional\/\" \/>\n<meta property=\"og:site_name\" content=\"Lurdinha - Duque de Caxias para Est\u00f4magos Fortes\" \/>\n<meta property=\"article:publisher\" content=\"https:\/\/www.facebook.com\/LurdinhadeCaxias\" \/>\n<meta property=\"article:published_time\" content=\"2012-07-13T15:33:47+00:00\" \/>\n<meta property=\"article:modified_time\" content=\"2022-09-11T18:19:44+00:00\" \/>\n<meta property=\"og:image\" content=\"https:\/\/lurdinha.org\/site\/wp-content\/uploads\/extra1207.jpg\" \/>\n\t<meta property=\"og:image:width\" content=\"580\" \/>\n\t<meta property=\"og:image:height\" content=\"452\" \/>\n\t<meta property=\"og:image:type\" content=\"image\/jpeg\" \/>\n<meta name=\"author\" content=\"Editoria\" \/>\n<meta name=\"twitter:card\" content=\"summary_large_image\" \/>\n<meta name=\"twitter:label1\" content=\"Escrito por\" \/>\n\t<meta name=\"twitter:data1\" content=\"Editoria\" \/>\n\t<meta name=\"twitter:label2\" content=\"Est. tempo de leitura\" \/>\n\t<meta name=\"twitter:data2\" content=\"6 minutos\" \/>\n<script type=\"application\/ld+json\" class=\"yoast-schema-graph\">{\"@context\":\"https:\\\/\\\/schema.org\",\"@graph\":[{\"@type\":\"Article\",\"@id\":\"https:\\\/\\\/lurdinha.org\\\/site\\\/cidade-mais-rica-da-baixada-caxias-tem-desocupacao-acima-das-medias-estadual-e-nacional\\\/#article\",\"isPartOf\":{\"@id\":\"https:\\\/\\\/lurdinha.org\\\/site\\\/cidade-mais-rica-da-baixada-caxias-tem-desocupacao-acima-das-medias-estadual-e-nacional\\\/\"},\"author\":{\"name\":\"Editoria\",\"@id\":\"https:\\\/\\\/lurdinha.org\\\/site\\\/#\\\/schema\\\/person\\\/6b0b6b83043cbaf7707ee275576b00ea\"},\"headline\":\"Cidade mais rica da Baixada, Caxias tem desocupa\u00e7\u00e3o acima das m\u00e9dias estadual e nacional\",\"datePublished\":\"2012-07-13T15:33:47+00:00\",\"dateModified\":\"2022-09-11T18:19:44+00:00\",\"mainEntityOfPage\":{\"@id\":\"https:\\\/\\\/lurdinha.org\\\/site\\\/cidade-mais-rica-da-baixada-caxias-tem-desocupacao-acima-das-medias-estadual-e-nacional\\\/\"},\"wordCount\":1166,\"commentCount\":1,\"publisher\":{\"@id\":\"https:\\\/\\\/lurdinha.org\\\/site\\\/#organization\"},\"image\":{\"@id\":\"https:\\\/\\\/lurdinha.org\\\/site\\\/cidade-mais-rica-da-baixada-caxias-tem-desocupacao-acima-das-medias-estadual-e-nacional\\\/#primaryimage\"},\"thumbnailUrl\":\"http:\\\/\\\/lurdinha.org\\\/site\\\/wp-content\\\/uploads\\\/extra1207.jpg\",\"articleSection\":[\"botinada\"],\"inLanguage\":\"pt-BR\",\"potentialAction\":[{\"@type\":\"CommentAction\",\"name\":\"Comment\",\"target\":[\"https:\\\/\\\/lurdinha.org\\\/site\\\/cidade-mais-rica-da-baixada-caxias-tem-desocupacao-acima-das-medias-estadual-e-nacional\\\/#respond\"]}]},{\"@type\":\"WebPage\",\"@id\":\"https:\\\/\\\/lurdinha.org\\\/site\\\/cidade-mais-rica-da-baixada-caxias-tem-desocupacao-acima-das-medias-estadual-e-nacional\\\/\",\"url\":\"https:\\\/\\\/lurdinha.org\\\/site\\\/cidade-mais-rica-da-baixada-caxias-tem-desocupacao-acima-das-medias-estadual-e-nacional\\\/\",\"name\":\"Cidade mais rica da Baixada, Caxias tem desocupa\u00e7\u00e3o acima das m\u00e9dias estadual e nacional - Lurdinha - Duque de Caxias para Est\u00f4magos Fortes\",\"isPartOf\":{\"@id\":\"https:\\\/\\\/lurdinha.org\\\/site\\\/#website\"},\"primaryImageOfPage\":{\"@id\":\"https:\\\/\\\/lurdinha.org\\\/site\\\/cidade-mais-rica-da-baixada-caxias-tem-desocupacao-acima-das-medias-estadual-e-nacional\\\/#primaryimage\"},\"image\":{\"@id\":\"https:\\\/\\\/lurdinha.org\\\/site\\\/cidade-mais-rica-da-baixada-caxias-tem-desocupacao-acima-das-medias-estadual-e-nacional\\\/#primaryimage\"},\"thumbnailUrl\":\"http:\\\/\\\/lurdinha.org\\\/site\\\/wp-content\\\/uploads\\\/extra1207.jpg\",\"datePublished\":\"2012-07-13T15:33:47+00:00\",\"dateModified\":\"2022-09-11T18:19:44+00:00\",\"breadcrumb\":{\"@id\":\"https:\\\/\\\/lurdinha.org\\\/site\\\/cidade-mais-rica-da-baixada-caxias-tem-desocupacao-acima-das-medias-estadual-e-nacional\\\/#breadcrumb\"},\"inLanguage\":\"pt-BR\",\"potentialAction\":[{\"@type\":\"ReadAction\",\"target\":[\"https:\\\/\\\/lurdinha.org\\\/site\\\/cidade-mais-rica-da-baixada-caxias-tem-desocupacao-acima-das-medias-estadual-e-nacional\\\/\"]}]},{\"@type\":\"ImageObject\",\"inLanguage\":\"pt-BR\",\"@id\":\"https:\\\/\\\/lurdinha.org\\\/site\\\/cidade-mais-rica-da-baixada-caxias-tem-desocupacao-acima-das-medias-estadual-e-nacional\\\/#primaryimage\",\"url\":\"https:\\\/\\\/lurdinha.org\\\/site\\\/wp-content\\\/uploads\\\/extra1207.jpg\",\"contentUrl\":\"https:\\\/\\\/lurdinha.org\\\/site\\\/wp-content\\\/uploads\\\/extra1207.jpg\",\"width\":580,\"height\":452},{\"@type\":\"BreadcrumbList\",\"@id\":\"https:\\\/\\\/lurdinha.org\\\/site\\\/cidade-mais-rica-da-baixada-caxias-tem-desocupacao-acima-das-medias-estadual-e-nacional\\\/#breadcrumb\",\"itemListElement\":[{\"@type\":\"ListItem\",\"position\":1,\"name\":\"In\u00edcio\",\"item\":\"https:\\\/\\\/lurdinha.org\\\/site\\\/\"},{\"@type\":\"ListItem\",\"position\":2,\"name\":\"Cidade mais rica da Baixada, Caxias tem desocupa\u00e7\u00e3o acima das m\u00e9dias estadual e nacional\"}]},{\"@type\":\"WebSite\",\"@id\":\"https:\\\/\\\/lurdinha.org\\\/site\\\/#website\",\"url\":\"https:\\\/\\\/lurdinha.org\\\/site\\\/\",\"name\":\"Lurdinha - Duque de Caxias para Est\u00f4magos Fortes\",\"description\":\"Site sobre Arte, Cultura, Pol\u00edtica, Sociedade e curiosidades da cidade de Duque de Caxias, RJ\",\"publisher\":{\"@id\":\"https:\\\/\\\/lurdinha.org\\\/site\\\/#organization\"},\"alternateName\":\"Lurdinha\",\"potentialAction\":[{\"@type\":\"SearchAction\",\"target\":{\"@type\":\"EntryPoint\",\"urlTemplate\":\"https:\\\/\\\/lurdinha.org\\\/site\\\/?s={search_term_string}\"},\"query-input\":{\"@type\":\"PropertyValueSpecification\",\"valueRequired\":true,\"valueName\":\"search_term_string\"}}],\"inLanguage\":\"pt-BR\"},{\"@type\":\"Organization\",\"@id\":\"https:\\\/\\\/lurdinha.org\\\/site\\\/#organization\",\"name\":\"Lurdinha de Caxias\",\"url\":\"https:\\\/\\\/lurdinha.org\\\/site\\\/\",\"logo\":{\"@type\":\"ImageObject\",\"inLanguage\":\"pt-BR\",\"@id\":\"https:\\\/\\\/lurdinha.org\\\/site\\\/#\\\/schema\\\/logo\\\/image\\\/\",\"url\":\"https:\\\/\\\/lurdinha.org\\\/site\\\/wp-content\\\/uploads\\\/logo-lurdinha.jpg\",\"contentUrl\":\"https:\\\/\\\/lurdinha.org\\\/site\\\/wp-content\\\/uploads\\\/logo-lurdinha.jpg\",\"width\":640,\"height\":60,\"caption\":\"Lurdinha de Caxias\"},\"image\":{\"@id\":\"https:\\\/\\\/lurdinha.org\\\/site\\\/#\\\/schema\\\/logo\\\/image\\\/\"},\"sameAs\":[\"https:\\\/\\\/www.facebook.com\\\/LurdinhadeCaxias\",\"https:\\\/\\\/www.instagram.com\\\/lurdinhadecaxias\"]},{\"@type\":\"Person\",\"@id\":\"https:\\\/\\\/lurdinha.org\\\/site\\\/#\\\/schema\\\/person\\\/6b0b6b83043cbaf7707ee275576b00ea\",\"name\":\"Editoria\",\"image\":{\"@type\":\"ImageObject\",\"inLanguage\":\"pt-BR\",\"@id\":\"https:\\\/\\\/secure.gravatar.com\\\/avatar\\\/0ba27ca5462d63e6c810ae4debe7159a69befcd2e33516be5bad4700d2dbfa72?s=96&d=mm&r=g\",\"url\":\"https:\\\/\\\/secure.gravatar.com\\\/avatar\\\/0ba27ca5462d63e6c810ae4debe7159a69befcd2e33516be5bad4700d2dbfa72?s=96&d=mm&r=g\",\"contentUrl\":\"https:\\\/\\\/secure.gravatar.com\\\/avatar\\\/0ba27ca5462d63e6c810ae4debe7159a69befcd2e33516be5bad4700d2dbfa72?s=96&d=mm&r=g\",\"caption\":\"Editoria\"},\"url\":\"https:\\\/\\\/lurdinha.org\\\/site\\\/author\\\/editoria\\\/\"}]}<\/script>\n<!-- \/ Yoast SEO plugin. -->","yoast_head_json":{"title":"Cidade mais rica da Baixada, Caxias tem desocupa\u00e7\u00e3o acima das m\u00e9dias estadual e nacional - Lurdinha - Duque de Caxias para Est\u00f4magos Fortes","robots":{"index":"index","follow":"follow","max-snippet":"max-snippet:-1","max-image-preview":"max-image-preview:large","max-video-preview":"max-video-preview:-1"},"canonical":"https:\/\/lurdinha.org\/site\/cidade-mais-rica-da-baixada-caxias-tem-desocupacao-acima-das-medias-estadual-e-nacional\/","og_locale":"pt_BR","og_type":"article","og_title":"Cidade mais rica da Baixada, Caxias tem desocupa\u00e7\u00e3o acima das m\u00e9dias estadual e nacional - Lurdinha - Duque de Caxias para Est\u00f4magos Fortes","og_description":"Jornal Extra de 12\/07\/12 &nbsp; C\u00edntia Cruz Duque de Caxias \u00e9 a cidade mais rica...","og_url":"https:\/\/lurdinha.org\/site\/cidade-mais-rica-da-baixada-caxias-tem-desocupacao-acima-das-medias-estadual-e-nacional\/","og_site_name":"Lurdinha - Duque de Caxias para Est\u00f4magos Fortes","article_publisher":"https:\/\/www.facebook.com\/LurdinhadeCaxias","article_published_time":"2012-07-13T15:33:47+00:00","article_modified_time":"2022-09-11T18:19:44+00:00","og_image":[{"width":580,"height":452,"url":"https:\/\/lurdinha.org\/site\/wp-content\/uploads\/extra1207.jpg","type":"image\/jpeg"}],"author":"Editoria","twitter_card":"summary_large_image","twitter_misc":{"Escrito por":"Editoria","Est. tempo de leitura":"6 minutos"},"schema":{"@context":"https:\/\/schema.org","@graph":[{"@type":"Article","@id":"https:\/\/lurdinha.org\/site\/cidade-mais-rica-da-baixada-caxias-tem-desocupacao-acima-das-medias-estadual-e-nacional\/#article","isPartOf":{"@id":"https:\/\/lurdinha.org\/site\/cidade-mais-rica-da-baixada-caxias-tem-desocupacao-acima-das-medias-estadual-e-nacional\/"},"author":{"name":"Editoria","@id":"https:\/\/lurdinha.org\/site\/#\/schema\/person\/6b0b6b83043cbaf7707ee275576b00ea"},"headline":"Cidade mais rica da Baixada, Caxias tem desocupa\u00e7\u00e3o acima das m\u00e9dias estadual e nacional","datePublished":"2012-07-13T15:33:47+00:00","dateModified":"2022-09-11T18:19:44+00:00","mainEntityOfPage":{"@id":"https:\/\/lurdinha.org\/site\/cidade-mais-rica-da-baixada-caxias-tem-desocupacao-acima-das-medias-estadual-e-nacional\/"},"wordCount":1166,"commentCount":1,"publisher":{"@id":"https:\/\/lurdinha.org\/site\/#organization"},"image":{"@id":"https:\/\/lurdinha.org\/site\/cidade-mais-rica-da-baixada-caxias-tem-desocupacao-acima-das-medias-estadual-e-nacional\/#primaryimage"},"thumbnailUrl":"http:\/\/lurdinha.org\/site\/wp-content\/uploads\/extra1207.jpg","articleSection":["botinada"],"inLanguage":"pt-BR","potentialAction":[{"@type":"CommentAction","name":"Comment","target":["https:\/\/lurdinha.org\/site\/cidade-mais-rica-da-baixada-caxias-tem-desocupacao-acima-das-medias-estadual-e-nacional\/#respond"]}]},{"@type":"WebPage","@id":"https:\/\/lurdinha.org\/site\/cidade-mais-rica-da-baixada-caxias-tem-desocupacao-acima-das-medias-estadual-e-nacional\/","url":"https:\/\/lurdinha.org\/site\/cidade-mais-rica-da-baixada-caxias-tem-desocupacao-acima-das-medias-estadual-e-nacional\/","name":"Cidade mais rica da Baixada, Caxias tem desocupa\u00e7\u00e3o acima das m\u00e9dias estadual e nacional - Lurdinha - Duque de Caxias para Est\u00f4magos Fortes","isPartOf":{"@id":"https:\/\/lurdinha.org\/site\/#website"},"primaryImageOfPage":{"@id":"https:\/\/lurdinha.org\/site\/cidade-mais-rica-da-baixada-caxias-tem-desocupacao-acima-das-medias-estadual-e-nacional\/#primaryimage"},"image":{"@id":"https:\/\/lurdinha.org\/site\/cidade-mais-rica-da-baixada-caxias-tem-desocupacao-acima-das-medias-estadual-e-nacional\/#primaryimage"},"thumbnailUrl":"http:\/\/lurdinha.org\/site\/wp-content\/uploads\/extra1207.jpg","datePublished":"2012-07-13T15:33:47+00:00","dateModified":"2022-09-11T18:19:44+00:00","breadcrumb":{"@id":"https:\/\/lurdinha.org\/site\/cidade-mais-rica-da-baixada-caxias-tem-desocupacao-acima-das-medias-estadual-e-nacional\/#breadcrumb"},"inLanguage":"pt-BR","potentialAction":[{"@type":"ReadAction","target":["https:\/\/lurdinha.org\/site\/cidade-mais-rica-da-baixada-caxias-tem-desocupacao-acima-das-medias-estadual-e-nacional\/"]}]},{"@type":"ImageObject","inLanguage":"pt-BR","@id":"https:\/\/lurdinha.org\/site\/cidade-mais-rica-da-baixada-caxias-tem-desocupacao-acima-das-medias-estadual-e-nacional\/#primaryimage","url":"https:\/\/lurdinha.org\/site\/wp-content\/uploads\/extra1207.jpg","contentUrl":"https:\/\/lurdinha.org\/site\/wp-content\/uploads\/extra1207.jpg","width":580,"height":452},{"@type":"BreadcrumbList","@id":"https:\/\/lurdinha.org\/site\/cidade-mais-rica-da-baixada-caxias-tem-desocupacao-acima-das-medias-estadual-e-nacional\/#breadcrumb","itemListElement":[{"@type":"ListItem","position":1,"name":"In\u00edcio","item":"https:\/\/lurdinha.org\/site\/"},{"@type":"ListItem","position":2,"name":"Cidade mais rica da Baixada, Caxias tem desocupa\u00e7\u00e3o acima das m\u00e9dias estadual e nacional"}]},{"@type":"WebSite","@id":"https:\/\/lurdinha.org\/site\/#website","url":"https:\/\/lurdinha.org\/site\/","name":"Lurdinha - Duque de Caxias para Est\u00f4magos Fortes","description":"Site sobre Arte, Cultura, Pol\u00edtica, Sociedade e curiosidades da cidade de Duque de Caxias, RJ","publisher":{"@id":"https:\/\/lurdinha.org\/site\/#organization"},"alternateName":"Lurdinha","potentialAction":[{"@type":"SearchAction","target":{"@type":"EntryPoint","urlTemplate":"https:\/\/lurdinha.org\/site\/?s={search_term_string}"},"query-input":{"@type":"PropertyValueSpecification","valueRequired":true,"valueName":"search_term_string"}}],"inLanguage":"pt-BR"},{"@type":"Organization","@id":"https:\/\/lurdinha.org\/site\/#organization","name":"Lurdinha de Caxias","url":"https:\/\/lurdinha.org\/site\/","logo":{"@type":"ImageObject","inLanguage":"pt-BR","@id":"https:\/\/lurdinha.org\/site\/#\/schema\/logo\/image\/","url":"https:\/\/lurdinha.org\/site\/wp-content\/uploads\/logo-lurdinha.jpg","contentUrl":"https:\/\/lurdinha.org\/site\/wp-content\/uploads\/logo-lurdinha.jpg","width":640,"height":60,"caption":"Lurdinha de Caxias"},"image":{"@id":"https:\/\/lurdinha.org\/site\/#\/schema\/logo\/image\/"},"sameAs":["https:\/\/www.facebook.com\/LurdinhadeCaxias","https:\/\/www.instagram.com\/lurdinhadecaxias"]},{"@type":"Person","@id":"https:\/\/lurdinha.org\/site\/#\/schema\/person\/6b0b6b83043cbaf7707ee275576b00ea","name":"Editoria","image":{"@type":"ImageObject","inLanguage":"pt-BR","@id":"https:\/\/secure.gravatar.com\/avatar\/0ba27ca5462d63e6c810ae4debe7159a69befcd2e33516be5bad4700d2dbfa72?s=96&d=mm&r=g","url":"https:\/\/secure.gravatar.com\/avatar\/0ba27ca5462d63e6c810ae4debe7159a69befcd2e33516be5bad4700d2dbfa72?s=96&d=mm&r=g","contentUrl":"https:\/\/secure.gravatar.com\/avatar\/0ba27ca5462d63e6c810ae4debe7159a69befcd2e33516be5bad4700d2dbfa72?s=96&d=mm&r=g","caption":"Editoria"},"url":"https:\/\/lurdinha.org\/site\/author\/editoria\/"}]}},"views":5372,"_links":{"self":[{"href":"https:\/\/lurdinha.org\/site\/wp-json\/wp\/v2\/posts\/2923","targetHints":{"allow":["GET"]}}],"collection":[{"href":"https:\/\/lurdinha.org\/site\/wp-json\/wp\/v2\/posts"}],"about":[{"href":"https:\/\/lurdinha.org\/site\/wp-json\/wp\/v2\/types\/post"}],"author":[{"embeddable":true,"href":"https:\/\/lurdinha.org\/site\/wp-json\/wp\/v2\/users\/87"}],"replies":[{"embeddable":true,"href":"https:\/\/lurdinha.org\/site\/wp-json\/wp\/v2\/comments?post=2923"}],"version-history":[{"count":2,"href":"https:\/\/lurdinha.org\/site\/wp-json\/wp\/v2\/posts\/2923\/revisions"}],"predecessor-version":[{"id":10683,"href":"https:\/\/lurdinha.org\/site\/wp-json\/wp\/v2\/posts\/2923\/revisions\/10683"}],"wp:attachment":[{"href":"https:\/\/lurdinha.org\/site\/wp-json\/wp\/v2\/media?parent=2923"}],"wp:term":[{"taxonomy":"category","embeddable":true,"href":"https:\/\/lurdinha.org\/site\/wp-json\/wp\/v2\/categories?post=2923"},{"taxonomy":"post_tag","embeddable":true,"href":"https:\/\/lurdinha.org\/site\/wp-json\/wp\/v2\/tags?post=2923"}],"curies":[{"name":"wp","href":"https:\/\/api.w.org\/{rel}","templated":true}]}}