{"id":2533,"date":"2012-04-07T21:24:18","date_gmt":"2012-04-07T21:24:18","guid":{"rendered":"http:\/\/lurdinha.org\/site\/?p=2533"},"modified":"2012-04-07T21:25:00","modified_gmt":"2012-04-07T21:25:00","slug":"qual-circo-voce-vai-bancar","status":"publish","type":"post","link":"https:\/\/lurdinha.org\/site\/qual-circo-voce-vai-bancar\/","title":{"rendered":"Qual circo voc\u00ea vai bancar?"},"content":{"rendered":"<div id=\"attachment_2048\"><a href=\"http:\/\/fabiopereira.files.wordpress.com\/2012\/04\/circo-baixada61.jpg\"><img loading=\"lazy\" decoding=\"async\" title=\"Circo Baixada6\" src=\"http:\/\/fabiopereira.files.wordpress.com\/2012\/04\/circo-baixada61.jpg?w=477&amp;h=301\" alt=\"\" width=\"477\" height=\"301\" \/><\/a>Fonte: http:\/\/www.circobaixada.org<\/p>\n<\/div>\n<p>Circo Baixada pode fechar por falta de patroc\u00ednio. Sabe o valor do projeto que h\u00e1 10 anos ensina arte e cidadania a crian\u00e7as e adolescentes em situa\u00e7\u00e3o de vulnerabilidade? 20 mil reais. Sabe quanto os vereadores de Duque de Caxias gastaram para alugar carros em 2011? Quase 800 mil reais. Ou seja, dava pra construir, s\u00f3 em Caxias, 40 (isso mesmo, quarenta!) polos desse Circo Social que resgataria muitas vidas de adolescentes em situa\u00e7\u00e3o de rua\/viol\u00eancia\/marginalidade. N\u00e3o \u00e9 hora da gente se envolver mais com as quest\u00f5es pol\u00edticas de nossa cidade para dar outro rumo nessa hist\u00f3ria? Ou vamos aceitar, passivamente, que uma cidade rica continue com povo pobre e sem recursos sociais b\u00e1sicos? \u00c9 uma quest\u00e3o de escolha que n\u00e3o existe margem pra neutralidade. E cada escolha \u00e9 uma semente que plantamos e vamos colher seus frutos\u2026<\/p>\n<p>Fabio Pereira<\/p>\n<p>&nbsp;<\/p>\n<p><strong>O que \u00e9 o Circo Baixada?<\/strong><\/p>\n<div id=\"attachment_2046\"><a href=\"http:\/\/fabiopereira.files.wordpress.com\/2012\/04\/circo-baixada5.jpg\"><img loading=\"lazy\" decoding=\"async\" title=\"Circo Baixada5\" src=\"http:\/\/fabiopereira.files.wordpress.com\/2012\/04\/circo-baixada5.jpg?w=477&amp;h=317\" alt=\"\" width=\"477\" height=\"317\" \/><\/a>Fonte: http:\/\/www.circobaixada.org<\/p>\n<\/div>\n<p>&nbsp;<\/p>\n<p>O Circo Baixada \u00e9 uma estrat\u00e9gia l\u00fadico-pedag\u00f3gica que contribui para reverter a situa\u00e7\u00e3o de rua e a preven\u00e7\u00e3o e erradica\u00e7\u00e3o do trabalho de crian\u00e7as e adolescentes no Munic\u00edpio de Queimados. Durante os 06 anos de exist\u00eancia, mais de 1550 crian\u00e7as, adolescentes e suas fam\u00edlias participaram do projeto, em uma lona de circo (atividades circenses, teatro, dan\u00e7a, canto, artes pl\u00e1sticas).<\/p>\n<div id=\"attachment_2049\"><a href=\"http:\/\/fabiopereira.files.wordpress.com\/2012\/04\/circo-social-baixada-participa-de-campanha-contra-o-crack.jpg\"><img loading=\"lazy\" decoding=\"async\" title=\"Circo Social Baixada participa de campanha contra o crack\" src=\"http:\/\/fabiopereira.files.wordpress.com\/2012\/04\/circo-social-baixada-participa-de-campanha-contra-o-crack.jpg?w=180&amp;h=135\" alt=\"\" width=\"180\" height=\"135\" \/><\/a>Circo Social Baixada participa de campanha contra o crack<\/p>\n<\/div>\n<p>A escuta, o cuidado e o trabalho em equipe e as atividades de arte-educa\u00e7\u00e3o s\u00e3o trampolins para a integra\u00e7\u00e3o familiar e comunit\u00e1ria e participa\u00e7\u00e3o social destes jovens cidad\u00e3os.<\/p>\n<p>Fonte:\u00a0<a href=\"http:\/\/www.circobaixada.org\/\">http:\/\/www.circobaixada.org<\/a><\/p>\n<p><strong>\u00a0<\/strong><\/p>\n<p><strong>Circo Baixada pode fechar por falta de patroc\u00ednio<\/strong><\/p>\n<div id=\"attachment_2045\"><a href=\"http:\/\/fabiopereira.files.wordpress.com\/2012\/04\/alunos-do-projeto-aprendem-a-fazer-malabarismo-entre-outras-coisas-foto-thiago-lontra-extra.jpg\"><img loading=\"lazy\" decoding=\"async\" title=\"Alunos do projeto aprendem a fazer malabarismo, entre outras coisas Foto Thiago Lontra  Extra\" src=\"http:\/\/fabiopereira.files.wordpress.com\/2012\/04\/alunos-do-projeto-aprendem-a-fazer-malabarismo-entre-outras-coisas-foto-thiago-lontra-extra.jpg?w=477&amp;h=268\" alt=\"\" width=\"477\" height=\"268\" \/><\/a>Alunos do projeto aprendem a fazer malabarismo, entre outras coisas. Foto: Thiago Lontra\/Extra<\/p>\n<\/div>\n<p>Elet\u00edcia Quint\u00e3o, Jornal Extra<\/p>\n<p>&nbsp;<\/p>\n<p>O Circo Social Baixada, projeto que h\u00e1 10 anos ensina arte e cidadania a crian\u00e7as e adolescentes em situa\u00e7\u00e3o de vulnerabilidade, est\u00e1 prestes a terminar por falta de financiamento.<\/p>\n<p>A lona, erguida em 2002 na Vila Camorim, em Queimados, ajudou a transformar a regi\u00e3o. Estima-se que em dez anos, cerca de cinco mil pessoas tenham sido beneficiadas pelo projeto, concebido pela funda\u00e7\u00e3o su\u00ed\u00e7a \u201cTerre des hommes\u201d, de apoio \u00e0 inf\u00e2ncia e adolesc\u00eancia.<\/p>\n<p>O programa oferecia todas as atividades de circo, al\u00e9m de percuss\u00e3o, teatro, artes pl\u00e1sticas, dan\u00e7a e cuidado com o meio ambiente a cerca de 200 crian\u00e7as, mensalmente. Agora, restaram apenas o ensino das atividades de circo nas escolas chamado \u201cEspa\u00e7o que protege\u201d e uma trupe com 15 adolescentes, que se apresentar\u00e1 no pr\u00f3ximo dia 19 no teatro Raul Cortez, em Duque de Caxias com o espet\u00e1culo: \u201cBrasil, a cara do mundo\u201d.<\/p>\n<p>A coordenadora do projeto, Nilcelene Moreira, de 43 anos, afirma que o projeto de arte-educa\u00e7\u00e3o, criado pela funda\u00e7\u00e3o, foi elaborado para durar dez anos. O repasse seria reduzido gradualmente e as atividades, assumidas pelo poder p\u00fablico, mas n\u00e3o foi o que aconteceu.<\/p>\n<p>supera\u00e7\u00e3o no picadeiro<\/p>\n<p>Foi no picadeiro que muitos amenizaram as dores da viol\u00eancia e de rela\u00e7\u00f5es familiares fr\u00e1geis. Leandro da Concei\u00e7\u00e3o, por exemplo, corre atr\u00e1s do tempo perdido. Aos 18 anos, ele acabou de ingressar no 6\u00ba ano do Ensino Fundamental:<\/p>\n<p>\u2014 O circo mudou minha vida. Poderia ser um traficante. O que vou fazer $o circo acabar? N\u00e3o me imagino longe do picadeiro \u2014 lamenta ele.<\/p>\n<p>Especialista em acrobacias de solo, Wanderson da Silva, de 18 anos, virou arte-educador no projeto, onde faz de tudo um pouco:<\/p>\n<p>\u2014 Tinha dificuldade em conviver com as pessoas. Tinha complexo de inferioridade. No circo venci os meus piores medos e traumas.<\/p>\n<p>Burocracia j\u00e1 dura um ano<\/p>\n<p>Foi no circo que Aniele Marinho, de 24 anos, percebeu que a vida estava lhe dando uma segunda chance. O lugar era, literalmente, o trampolim que a levaria a um novo patamar.<\/p>\n<p>Aniele foi morar na rua com a m\u00e3e, quando tinha apenas 5 anos. Aprendeu a pedir dinheiro e a vender balas para sobreviver.<\/p>\n<p>Aos 16 anos, j\u00e1 era viciada em drogas e no projeto aprendeu que a vida pode oferecer muito mais:<\/p>\n<p>\u2014 Pela primeira vez, me percebi fazendo parte de um todo \u2014 comenta ela, que concluiu os estudos e se tornou educadora social. Ela quer se tornar ju\u00edza da Vara da Inf\u00e2ncia.<\/p>\n<p>J\u00e1 Andreza Monteiro, de 17 anos, adora viver nas alturas. \u00c9 com as pernas de pau que se realiza.<\/p>\n<p>\u2014 Eu adoro me sentir grande \u2014diz ela.<\/p>\n<p>A coordenadora do Circo Social, Nilcelene Moreira, de 43 anos, diz que eles precisariam de R$ 16 a R$ 20 mil por m\u00eas:<\/p>\n<p>\u2014 Existe o desejo da prefeitura em assumir o projeto. Mas, desde maio de 2010 que nada ultrapassa o n\u00edvel do di\u00e1logo.<\/p>\n<p>Em nota, a Prefeitura de Queimados informou que o processo est\u00e1 em andamento e precisar\u00e1 passar por licita\u00e7\u00e3o. A prefeitura n\u00e3o informou os valores que ser\u00e3o destinados ao Circo.<\/p>\n<p>&nbsp;<\/p>\n<p>Fonte:\u00a0<a href=\"http:\/\/extra.globo.com\/noticias\/rio\/baixada-fluminense\/circo-baixada-pode-fechar-por-falta-de-patrocinio-4508216.html\" target=\"_blank\">http:\/\/extra.globo.com\/noticias\/rio\/baixada-fluminense\/circo-baixada-pode-fechar-por-falta-de-patrocinio-4508216.html<\/a><\/p>\n","protected":false},"excerpt":{"rendered":"<p>Fonte: http:\/\/www.circobaixada.org Circo Baixada pode fechar por falta de patroc\u00ednio. Sabe o valor do projeto&#8230;<\/p>\n","protected":false},"author":6,"featured_media":0,"comment_status":"open","ping_status":"closed","sticky":false,"template":"","format":"standard","meta":{"footnotes":""},"categories":[1],"tags":[12,364,365,366,210,367,368,369,370],"class_list":["post-2533","post","type-post","status-publish","format-standard","hentry","category-botinada","tag-baixada-fluminense","tag-circo","tag-circo-baixada","tag-circo-social","tag-cultura","tag-extra","tag-fechar","tag-financimento","tag-patrocinio"],"yoast_head":"<!-- This site is optimized with the Yoast SEO plugin v27.5 - https:\/\/yoast.com\/product\/yoast-seo-wordpress\/ -->\n<title>Qual circo voc\u00ea vai bancar? - Lurdinha - Duque de Caxias para Est\u00f4magos Fortes<\/title>\n<meta name=\"robots\" content=\"index, follow, max-snippet:-1, max-image-preview:large, max-video-preview:-1\" \/>\n<link rel=\"canonical\" href=\"https:\/\/lurdinha.org\/site\/qual-circo-voce-vai-bancar\/\" \/>\n<meta property=\"og:locale\" content=\"pt_BR\" \/>\n<meta property=\"og:type\" content=\"article\" \/>\n<meta property=\"og:title\" content=\"Qual circo voc\u00ea vai bancar? - Lurdinha - Duque de Caxias para Est\u00f4magos Fortes\" \/>\n<meta property=\"og:description\" content=\"Fonte: http:\/\/www.circobaixada.org Circo Baixada pode fechar por falta de patroc\u00ednio. Sabe o valor do projeto...\" \/>\n<meta property=\"og:url\" content=\"https:\/\/lurdinha.org\/site\/qual-circo-voce-vai-bancar\/\" \/>\n<meta property=\"og:site_name\" content=\"Lurdinha - Duque de Caxias para Est\u00f4magos Fortes\" \/>\n<meta property=\"article:publisher\" content=\"https:\/\/www.facebook.com\/LurdinhadeCaxias\" \/>\n<meta property=\"article:author\" content=\"http:\/\/www.facebook.com\/caxiasdecaranova\" \/>\n<meta property=\"article:published_time\" content=\"2012-04-07T21:24:18+00:00\" \/>\n<meta property=\"article:modified_time\" content=\"2012-04-07T21:25:00+00:00\" \/>\n<meta property=\"og:image\" content=\"http:\/\/fabiopereira.files.wordpress.com\/2012\/04\/circo-baixada61.jpg?w=477&amp;h=301\" \/>\n<meta name=\"author\" content=\"Fabio Pereira\" \/>\n<meta name=\"twitter:card\" content=\"summary_large_image\" \/>\n<meta name=\"twitter:creator\" content=\"@http:\/\/twitter.com\/pereirafabio\" \/>\n<meta name=\"twitter:label1\" content=\"Escrito por\" \/>\n\t<meta name=\"twitter:data1\" content=\"Fabio Pereira\" \/>\n\t<meta name=\"twitter:label2\" content=\"Est. tempo de leitura\" \/>\n\t<meta name=\"twitter:data2\" content=\"4 minutos\" \/>\n<script type=\"application\/ld+json\" class=\"yoast-schema-graph\">{\"@context\":\"https:\\\/\\\/schema.org\",\"@graph\":[{\"@type\":\"Article\",\"@id\":\"https:\\\/\\\/lurdinha.org\\\/site\\\/qual-circo-voce-vai-bancar\\\/#article\",\"isPartOf\":{\"@id\":\"https:\\\/\\\/lurdinha.org\\\/site\\\/qual-circo-voce-vai-bancar\\\/\"},\"author\":{\"name\":\"Fabio Pereira\",\"@id\":\"https:\\\/\\\/lurdinha.org\\\/site\\\/#\\\/schema\\\/person\\\/d37583d25050d938b79ef4129ea35df6\"},\"headline\":\"Qual circo voc\u00ea vai bancar?\",\"datePublished\":\"2012-04-07T21:24:18+00:00\",\"dateModified\":\"2012-04-07T21:25:00+00:00\",\"mainEntityOfPage\":{\"@id\":\"https:\\\/\\\/lurdinha.org\\\/site\\\/qual-circo-voce-vai-bancar\\\/\"},\"wordCount\":841,\"commentCount\":0,\"publisher\":{\"@id\":\"https:\\\/\\\/lurdinha.org\\\/site\\\/#organization\"},\"image\":{\"@id\":\"https:\\\/\\\/lurdinha.org\\\/site\\\/qual-circo-voce-vai-bancar\\\/#primaryimage\"},\"thumbnailUrl\":\"http:\\\/\\\/fabiopereira.files.wordpress.com\\\/2012\\\/04\\\/circo-baixada61.jpg?w=477&amp;h=301\",\"keywords\":[\"baixada-fluminense\",\"circo\",\"Circo Baixada\",\"Circo Social\",\"cultura\",\"Extra\",\"fechar\",\"financimento\",\"patroc\u00ednio\"],\"articleSection\":[\"botinada\"],\"inLanguage\":\"pt-BR\",\"potentialAction\":[{\"@type\":\"CommentAction\",\"name\":\"Comment\",\"target\":[\"https:\\\/\\\/lurdinha.org\\\/site\\\/qual-circo-voce-vai-bancar\\\/#respond\"]}]},{\"@type\":\"WebPage\",\"@id\":\"https:\\\/\\\/lurdinha.org\\\/site\\\/qual-circo-voce-vai-bancar\\\/\",\"url\":\"https:\\\/\\\/lurdinha.org\\\/site\\\/qual-circo-voce-vai-bancar\\\/\",\"name\":\"Qual circo voc\u00ea vai bancar? - Lurdinha - Duque de Caxias para Est\u00f4magos Fortes\",\"isPartOf\":{\"@id\":\"https:\\\/\\\/lurdinha.org\\\/site\\\/#website\"},\"primaryImageOfPage\":{\"@id\":\"https:\\\/\\\/lurdinha.org\\\/site\\\/qual-circo-voce-vai-bancar\\\/#primaryimage\"},\"image\":{\"@id\":\"https:\\\/\\\/lurdinha.org\\\/site\\\/qual-circo-voce-vai-bancar\\\/#primaryimage\"},\"thumbnailUrl\":\"http:\\\/\\\/fabiopereira.files.wordpress.com\\\/2012\\\/04\\\/circo-baixada61.jpg?w=477&amp;h=301\",\"datePublished\":\"2012-04-07T21:24:18+00:00\",\"dateModified\":\"2012-04-07T21:25:00+00:00\",\"breadcrumb\":{\"@id\":\"https:\\\/\\\/lurdinha.org\\\/site\\\/qual-circo-voce-vai-bancar\\\/#breadcrumb\"},\"inLanguage\":\"pt-BR\",\"potentialAction\":[{\"@type\":\"ReadAction\",\"target\":[\"https:\\\/\\\/lurdinha.org\\\/site\\\/qual-circo-voce-vai-bancar\\\/\"]}]},{\"@type\":\"ImageObject\",\"inLanguage\":\"pt-BR\",\"@id\":\"https:\\\/\\\/lurdinha.org\\\/site\\\/qual-circo-voce-vai-bancar\\\/#primaryimage\",\"url\":\"http:\\\/\\\/fabiopereira.files.wordpress.com\\\/2012\\\/04\\\/circo-baixada61.jpg?w=477&amp;h=301\",\"contentUrl\":\"http:\\\/\\\/fabiopereira.files.wordpress.com\\\/2012\\\/04\\\/circo-baixada61.jpg?w=477&amp;h=301\"},{\"@type\":\"BreadcrumbList\",\"@id\":\"https:\\\/\\\/lurdinha.org\\\/site\\\/qual-circo-voce-vai-bancar\\\/#breadcrumb\",\"itemListElement\":[{\"@type\":\"ListItem\",\"position\":1,\"name\":\"In\u00edcio\",\"item\":\"https:\\\/\\\/lurdinha.org\\\/site\\\/\"},{\"@type\":\"ListItem\",\"position\":2,\"name\":\"Qual circo voc\u00ea vai bancar?\"}]},{\"@type\":\"WebSite\",\"@id\":\"https:\\\/\\\/lurdinha.org\\\/site\\\/#website\",\"url\":\"https:\\\/\\\/lurdinha.org\\\/site\\\/\",\"name\":\"Lurdinha - Duque de Caxias para Est\u00f4magos Fortes\",\"description\":\"Site sobre Arte, Cultura, Pol\u00edtica, Sociedade e curiosidades da cidade de Duque de Caxias, RJ\",\"publisher\":{\"@id\":\"https:\\\/\\\/lurdinha.org\\\/site\\\/#organization\"},\"alternateName\":\"Lurdinha\",\"potentialAction\":[{\"@type\":\"SearchAction\",\"target\":{\"@type\":\"EntryPoint\",\"urlTemplate\":\"https:\\\/\\\/lurdinha.org\\\/site\\\/?s={search_term_string}\"},\"query-input\":{\"@type\":\"PropertyValueSpecification\",\"valueRequired\":true,\"valueName\":\"search_term_string\"}}],\"inLanguage\":\"pt-BR\"},{\"@type\":\"Organization\",\"@id\":\"https:\\\/\\\/lurdinha.org\\\/site\\\/#organization\",\"name\":\"Lurdinha de Caxias\",\"url\":\"https:\\\/\\\/lurdinha.org\\\/site\\\/\",\"logo\":{\"@type\":\"ImageObject\",\"inLanguage\":\"pt-BR\",\"@id\":\"https:\\\/\\\/lurdinha.org\\\/site\\\/#\\\/schema\\\/logo\\\/image\\\/\",\"url\":\"https:\\\/\\\/lurdinha.org\\\/site\\\/wp-content\\\/uploads\\\/logo-lurdinha.jpg\",\"contentUrl\":\"https:\\\/\\\/lurdinha.org\\\/site\\\/wp-content\\\/uploads\\\/logo-lurdinha.jpg\",\"width\":640,\"height\":60,\"caption\":\"Lurdinha de Caxias\"},\"image\":{\"@id\":\"https:\\\/\\\/lurdinha.org\\\/site\\\/#\\\/schema\\\/logo\\\/image\\\/\"},\"sameAs\":[\"https:\\\/\\\/www.facebook.com\\\/LurdinhadeCaxias\",\"https:\\\/\\\/www.instagram.com\\\/lurdinhadecaxias\"]},{\"@type\":\"Person\",\"@id\":\"https:\\\/\\\/lurdinha.org\\\/site\\\/#\\\/schema\\\/person\\\/d37583d25050d938b79ef4129ea35df6\",\"name\":\"Fabio Pereira\",\"image\":{\"@type\":\"ImageObject\",\"inLanguage\":\"pt-BR\",\"@id\":\"https:\\\/\\\/secure.gravatar.com\\\/avatar\\\/04dec83b11755f911a0956826a7fd2d7affc44412b101906ff9a658595aa06fe?s=96&d=mm&r=g\",\"url\":\"https:\\\/\\\/secure.gravatar.com\\\/avatar\\\/04dec83b11755f911a0956826a7fd2d7affc44412b101906ff9a658595aa06fe?s=96&d=mm&r=g\",\"contentUrl\":\"https:\\\/\\\/secure.gravatar.com\\\/avatar\\\/04dec83b11755f911a0956826a7fd2d7affc44412b101906ff9a658595aa06fe?s=96&d=mm&r=g\",\"caption\":\"Fabio Pereira\"},\"description\":\"http:\\\/\\\/fabiopereira.wordpress.com\\\/\",\"sameAs\":[\"http:\\\/\\\/fabiopereira.wordpress.com\\\/\",\"http:\\\/\\\/www.facebook.com\\\/caxiasdecaranova\",\"https:\\\/\\\/x.com\\\/http:\\\/\\\/twitter.com\\\/pereirafabio\"],\"url\":\"https:\\\/\\\/lurdinha.org\\\/site\\\/author\\\/fabiopereira\\\/\"}]}<\/script>\n<!-- \/ Yoast SEO plugin. -->","yoast_head_json":{"title":"Qual circo voc\u00ea vai bancar? - Lurdinha - Duque de Caxias para Est\u00f4magos Fortes","robots":{"index":"index","follow":"follow","max-snippet":"max-snippet:-1","max-image-preview":"max-image-preview:large","max-video-preview":"max-video-preview:-1"},"canonical":"https:\/\/lurdinha.org\/site\/qual-circo-voce-vai-bancar\/","og_locale":"pt_BR","og_type":"article","og_title":"Qual circo voc\u00ea vai bancar? - Lurdinha - Duque de Caxias para Est\u00f4magos Fortes","og_description":"Fonte: http:\/\/www.circobaixada.org Circo Baixada pode fechar por falta de patroc\u00ednio. Sabe o valor do projeto...","og_url":"https:\/\/lurdinha.org\/site\/qual-circo-voce-vai-bancar\/","og_site_name":"Lurdinha - Duque de Caxias para Est\u00f4magos Fortes","article_publisher":"https:\/\/www.facebook.com\/LurdinhadeCaxias","article_author":"http:\/\/www.facebook.com\/caxiasdecaranova","article_published_time":"2012-04-07T21:24:18+00:00","article_modified_time":"2012-04-07T21:25:00+00:00","og_image":[{"url":"http:\/\/fabiopereira.files.wordpress.com\/2012\/04\/circo-baixada61.jpg?w=477&amp;h=301","type":"","width":"","height":""}],"author":"Fabio Pereira","twitter_card":"summary_large_image","twitter_creator":"@http:\/\/twitter.com\/pereirafabio","twitter_misc":{"Escrito por":"Fabio Pereira","Est. tempo de leitura":"4 minutos"},"schema":{"@context":"https:\/\/schema.org","@graph":[{"@type":"Article","@id":"https:\/\/lurdinha.org\/site\/qual-circo-voce-vai-bancar\/#article","isPartOf":{"@id":"https:\/\/lurdinha.org\/site\/qual-circo-voce-vai-bancar\/"},"author":{"name":"Fabio Pereira","@id":"https:\/\/lurdinha.org\/site\/#\/schema\/person\/d37583d25050d938b79ef4129ea35df6"},"headline":"Qual circo voc\u00ea vai bancar?","datePublished":"2012-04-07T21:24:18+00:00","dateModified":"2012-04-07T21:25:00+00:00","mainEntityOfPage":{"@id":"https:\/\/lurdinha.org\/site\/qual-circo-voce-vai-bancar\/"},"wordCount":841,"commentCount":0,"publisher":{"@id":"https:\/\/lurdinha.org\/site\/#organization"},"image":{"@id":"https:\/\/lurdinha.org\/site\/qual-circo-voce-vai-bancar\/#primaryimage"},"thumbnailUrl":"http:\/\/fabiopereira.files.wordpress.com\/2012\/04\/circo-baixada61.jpg?w=477&amp;h=301","keywords":["baixada-fluminense","circo","Circo Baixada","Circo Social","cultura","Extra","fechar","financimento","patroc\u00ednio"],"articleSection":["botinada"],"inLanguage":"pt-BR","potentialAction":[{"@type":"CommentAction","name":"Comment","target":["https:\/\/lurdinha.org\/site\/qual-circo-voce-vai-bancar\/#respond"]}]},{"@type":"WebPage","@id":"https:\/\/lurdinha.org\/site\/qual-circo-voce-vai-bancar\/","url":"https:\/\/lurdinha.org\/site\/qual-circo-voce-vai-bancar\/","name":"Qual circo voc\u00ea vai bancar? - Lurdinha - Duque de Caxias para Est\u00f4magos Fortes","isPartOf":{"@id":"https:\/\/lurdinha.org\/site\/#website"},"primaryImageOfPage":{"@id":"https:\/\/lurdinha.org\/site\/qual-circo-voce-vai-bancar\/#primaryimage"},"image":{"@id":"https:\/\/lurdinha.org\/site\/qual-circo-voce-vai-bancar\/#primaryimage"},"thumbnailUrl":"http:\/\/fabiopereira.files.wordpress.com\/2012\/04\/circo-baixada61.jpg?w=477&amp;h=301","datePublished":"2012-04-07T21:24:18+00:00","dateModified":"2012-04-07T21:25:00+00:00","breadcrumb":{"@id":"https:\/\/lurdinha.org\/site\/qual-circo-voce-vai-bancar\/#breadcrumb"},"inLanguage":"pt-BR","potentialAction":[{"@type":"ReadAction","target":["https:\/\/lurdinha.org\/site\/qual-circo-voce-vai-bancar\/"]}]},{"@type":"ImageObject","inLanguage":"pt-BR","@id":"https:\/\/lurdinha.org\/site\/qual-circo-voce-vai-bancar\/#primaryimage","url":"http:\/\/fabiopereira.files.wordpress.com\/2012\/04\/circo-baixada61.jpg?w=477&amp;h=301","contentUrl":"http:\/\/fabiopereira.files.wordpress.com\/2012\/04\/circo-baixada61.jpg?w=477&amp;h=301"},{"@type":"BreadcrumbList","@id":"https:\/\/lurdinha.org\/site\/qual-circo-voce-vai-bancar\/#breadcrumb","itemListElement":[{"@type":"ListItem","position":1,"name":"In\u00edcio","item":"https:\/\/lurdinha.org\/site\/"},{"@type":"ListItem","position":2,"name":"Qual circo voc\u00ea vai bancar?"}]},{"@type":"WebSite","@id":"https:\/\/lurdinha.org\/site\/#website","url":"https:\/\/lurdinha.org\/site\/","name":"Lurdinha - Duque de Caxias para Est\u00f4magos Fortes","description":"Site sobre Arte, Cultura, Pol\u00edtica, Sociedade e curiosidades da cidade de Duque de Caxias, RJ","publisher":{"@id":"https:\/\/lurdinha.org\/site\/#organization"},"alternateName":"Lurdinha","potentialAction":[{"@type":"SearchAction","target":{"@type":"EntryPoint","urlTemplate":"https:\/\/lurdinha.org\/site\/?s={search_term_string}"},"query-input":{"@type":"PropertyValueSpecification","valueRequired":true,"valueName":"search_term_string"}}],"inLanguage":"pt-BR"},{"@type":"Organization","@id":"https:\/\/lurdinha.org\/site\/#organization","name":"Lurdinha de Caxias","url":"https:\/\/lurdinha.org\/site\/","logo":{"@type":"ImageObject","inLanguage":"pt-BR","@id":"https:\/\/lurdinha.org\/site\/#\/schema\/logo\/image\/","url":"https:\/\/lurdinha.org\/site\/wp-content\/uploads\/logo-lurdinha.jpg","contentUrl":"https:\/\/lurdinha.org\/site\/wp-content\/uploads\/logo-lurdinha.jpg","width":640,"height":60,"caption":"Lurdinha de Caxias"},"image":{"@id":"https:\/\/lurdinha.org\/site\/#\/schema\/logo\/image\/"},"sameAs":["https:\/\/www.facebook.com\/LurdinhadeCaxias","https:\/\/www.instagram.com\/lurdinhadecaxias"]},{"@type":"Person","@id":"https:\/\/lurdinha.org\/site\/#\/schema\/person\/d37583d25050d938b79ef4129ea35df6","name":"Fabio Pereira","image":{"@type":"ImageObject","inLanguage":"pt-BR","@id":"https:\/\/secure.gravatar.com\/avatar\/04dec83b11755f911a0956826a7fd2d7affc44412b101906ff9a658595aa06fe?s=96&d=mm&r=g","url":"https:\/\/secure.gravatar.com\/avatar\/04dec83b11755f911a0956826a7fd2d7affc44412b101906ff9a658595aa06fe?s=96&d=mm&r=g","contentUrl":"https:\/\/secure.gravatar.com\/avatar\/04dec83b11755f911a0956826a7fd2d7affc44412b101906ff9a658595aa06fe?s=96&d=mm&r=g","caption":"Fabio Pereira"},"description":"http:\/\/fabiopereira.wordpress.com\/","sameAs":["http:\/\/fabiopereira.wordpress.com\/","http:\/\/www.facebook.com\/caxiasdecaranova","https:\/\/x.com\/http:\/\/twitter.com\/pereirafabio"],"url":"https:\/\/lurdinha.org\/site\/author\/fabiopereira\/"}]}},"views":3994,"_links":{"self":[{"href":"https:\/\/lurdinha.org\/site\/wp-json\/wp\/v2\/posts\/2533","targetHints":{"allow":["GET"]}}],"collection":[{"href":"https:\/\/lurdinha.org\/site\/wp-json\/wp\/v2\/posts"}],"about":[{"href":"https:\/\/lurdinha.org\/site\/wp-json\/wp\/v2\/types\/post"}],"author":[{"embeddable":true,"href":"https:\/\/lurdinha.org\/site\/wp-json\/wp\/v2\/users\/6"}],"replies":[{"embeddable":true,"href":"https:\/\/lurdinha.org\/site\/wp-json\/wp\/v2\/comments?post=2533"}],"version-history":[{"count":2,"href":"https:\/\/lurdinha.org\/site\/wp-json\/wp\/v2\/posts\/2533\/revisions"}],"predecessor-version":[{"id":2535,"href":"https:\/\/lurdinha.org\/site\/wp-json\/wp\/v2\/posts\/2533\/revisions\/2535"}],"wp:attachment":[{"href":"https:\/\/lurdinha.org\/site\/wp-json\/wp\/v2\/media?parent=2533"}],"wp:term":[{"taxonomy":"category","embeddable":true,"href":"https:\/\/lurdinha.org\/site\/wp-json\/wp\/v2\/categories?post=2533"},{"taxonomy":"post_tag","embeddable":true,"href":"https:\/\/lurdinha.org\/site\/wp-json\/wp\/v2\/tags?post=2533"}],"curies":[{"name":"wp","href":"https:\/\/api.w.org\/{rel}","templated":true}]}}