{"id":219,"date":"2011-02-22T15:52:03","date_gmt":"2011-02-22T15:52:03","guid":{"rendered":"http:\/\/lurdinha.org\/site\/?p=219"},"modified":"2011-02-22T15:52:03","modified_gmt":"2011-02-22T15:52:03","slug":"90-anos-de-mate-com-angu","status":"publish","type":"post","link":"https:\/\/lurdinha.org\/site\/90-anos-de-mate-com-angu\/","title":{"rendered":"90 anos de Mate Com Angu!"},"content":{"rendered":"<p>Dia 21 de fevereiro de 2011 &#8211; 90 anos de Mate Com Angu!<\/p>\n<p>H\u00e1 exatos 90 anos nascia a Escola Prolet\u00e1ria de Merity, posteriormente  Escola Regional de Meriti, conhecida pelo povo como Mate Com Angu. Uma  incr\u00edvel hist\u00f3ria, capitaneada pela professora <strong>Armanda \u00c1lvaro Alberto<\/strong>,  figura fant\u00e1stica que aos poucos vai sendo redescoberta pela hist\u00f3ria do  pa\u00eds.<\/p>\n<p>A Regional representou a concretiza\u00e7\u00e3o de um sonho, uma  Utopia posta em pr\u00e1tica, no lugar onde hoje \u00e9 a cidade de Duque de  Caxias, sexto PIB do pa\u00eds, e onde Dona Armanda n\u00e3o tem o devido  reconhecimento.<\/p>\n<p>Uma experi\u00eancia revolucion\u00e1ria na veia.<\/p>\n<p>Um viva \u00e0 Mate Com Angu! Um salve com louvor \u00e0 mem\u00f3ria de Armanda Alvaro Alberto!<\/p>\n<figure id=\"attachment_220\" aria-describedby=\"caption-attachment-220\" style=\"width: 494px\" class=\"wp-caption alignnone\"><a href=\"http:\/\/lurdinha.org\/site\/wp-content\/uploads\/Dona_Armanda.jpg\"><img loading=\"lazy\" decoding=\"async\" class=\"size-full wp-image-220\" title=\"Dona Armanda\" src=\"http:\/\/lurdinha.org\/site\/wp-content\/uploads\/Dona_Armanda.jpg\" alt=\"Dona Armanda\" width=\"494\" height=\"745\" srcset=\"https:\/\/lurdinha.org\/site\/wp-content\/uploads\/Dona_Armanda.jpg 494w, https:\/\/lurdinha.org\/site\/wp-content\/uploads\/Dona_Armanda-199x300.jpg 199w\" sizes=\"auto, (max-width: 494px) 100vw, 494px\" \/><\/a><figcaption id=\"caption-attachment-220\" class=\"wp-caption-text\">Dona Armanda no in\u00edcio dos anos 50 - Arquivo do Proedes\/UFRJ<\/figcaption><\/figure>\n","protected":false},"excerpt":{"rendered":"<p>Dia 21 de fevereiro de 2011 &#8211; 90 anos de Mate Com Angu! H\u00e1 exatos&#8230;<\/p>\n","protected":false},"author":2,"featured_media":0,"comment_status":"open","ping_status":"closed","sticky":false,"template":"","format":"standard","meta":{"footnotes":""},"categories":[9,4],"tags":[45,12,11,46,21],"class_list":["post-219","post","type-post","status-publish","format-standard","hentry","category-historia","category-opiniao","tag-armanda-alvaro-alberto","tag-baixada-fluminense","tag-duque-de-caxias","tag-escola-regional-de-meriti","tag-lurdinha"],"yoast_head":"<!-- This site is optimized with the Yoast SEO plugin v27.3 - https:\/\/yoast.com\/product\/yoast-seo-wordpress\/ -->\n<title>90 anos de Mate Com Angu! - Lurdinha - Duque de Caxias para Est\u00f4magos Fortes<\/title>\n<meta name=\"robots\" content=\"index, follow, max-snippet:-1, max-image-preview:large, max-video-preview:-1\" \/>\n<link rel=\"canonical\" href=\"https:\/\/lurdinha.org\/site\/90-anos-de-mate-com-angu\/\" \/>\n<meta property=\"og:locale\" content=\"pt_BR\" \/>\n<meta property=\"og:type\" content=\"article\" \/>\n<meta property=\"og:title\" content=\"90 anos de Mate Com Angu! - Lurdinha - Duque de Caxias para Est\u00f4magos Fortes\" \/>\n<meta property=\"og:description\" content=\"Dia 21 de fevereiro de 2011 &#8211; 90 anos de Mate Com Angu! H\u00e1 exatos...\" \/>\n<meta property=\"og:url\" content=\"https:\/\/lurdinha.org\/site\/90-anos-de-mate-com-angu\/\" \/>\n<meta property=\"og:site_name\" content=\"Lurdinha - Duque de Caxias para Est\u00f4magos Fortes\" \/>\n<meta property=\"article:publisher\" content=\"https:\/\/www.facebook.com\/LurdinhadeCaxias\" \/>\n<meta property=\"article:author\" content=\"botocudo\" \/>\n<meta property=\"article:published_time\" content=\"2011-02-22T15:52:03+00:00\" \/>\n<meta property=\"og:image\" content=\"https:\/\/lurdinha.org\/site\/wp-content\/uploads\/Dona_Armanda.jpg\" \/>\n\t<meta property=\"og:image:width\" content=\"494\" \/>\n\t<meta property=\"og:image:height\" content=\"745\" \/>\n\t<meta property=\"og:image:type\" content=\"image\/jpeg\" \/>\n<meta name=\"author\" content=\"heraldo hb\" \/>\n<meta name=\"twitter:card\" content=\"summary_large_image\" \/>\n<meta name=\"twitter:label1\" content=\"Escrito por\" \/>\n\t<meta name=\"twitter:data1\" content=\"heraldo hb\" \/>\n\t<meta name=\"twitter:label2\" content=\"Est. tempo de leitura\" \/>\n\t<meta name=\"twitter:data2\" content=\"1 minuto\" \/>\n<script type=\"application\/ld+json\" class=\"yoast-schema-graph\">{\"@context\":\"https:\\\/\\\/schema.org\",\"@graph\":[{\"@type\":\"Article\",\"@id\":\"https:\\\/\\\/lurdinha.org\\\/site\\\/90-anos-de-mate-com-angu\\\/#article\",\"isPartOf\":{\"@id\":\"https:\\\/\\\/lurdinha.org\\\/site\\\/90-anos-de-mate-com-angu\\\/\"},\"author\":{\"name\":\"heraldo hb\",\"@id\":\"https:\\\/\\\/lurdinha.org\\\/site\\\/#\\\/schema\\\/person\\\/b833bb6a7f82598bf0e95e4c30874251\"},\"headline\":\"90 anos de Mate Com Angu!\",\"datePublished\":\"2011-02-22T15:52:03+00:00\",\"mainEntityOfPage\":{\"@id\":\"https:\\\/\\\/lurdinha.org\\\/site\\\/90-anos-de-mate-com-angu\\\/\"},\"wordCount\":145,\"commentCount\":0,\"publisher\":{\"@id\":\"https:\\\/\\\/lurdinha.org\\\/site\\\/#organization\"},\"image\":{\"@id\":\"https:\\\/\\\/lurdinha.org\\\/site\\\/90-anos-de-mate-com-angu\\\/#primaryimage\"},\"thumbnailUrl\":\"http:\\\/\\\/lurdinha.org\\\/site\\\/wp-content\\\/uploads\\\/Dona_Armanda.jpg\",\"keywords\":[\"armanda alvaro alberto\",\"baixada-fluminense\",\"duque-de-caxias\",\"escola regional de meriti\",\"lurdinha\"],\"articleSection\":[\"hist\u00f3ria\",\"uma opini\u00e3o\"],\"inLanguage\":\"pt-BR\",\"potentialAction\":[{\"@type\":\"CommentAction\",\"name\":\"Comment\",\"target\":[\"https:\\\/\\\/lurdinha.org\\\/site\\\/90-anos-de-mate-com-angu\\\/#respond\"]}]},{\"@type\":\"WebPage\",\"@id\":\"https:\\\/\\\/lurdinha.org\\\/site\\\/90-anos-de-mate-com-angu\\\/\",\"url\":\"https:\\\/\\\/lurdinha.org\\\/site\\\/90-anos-de-mate-com-angu\\\/\",\"name\":\"90 anos de Mate Com Angu! - Lurdinha - Duque de Caxias para Est\u00f4magos Fortes\",\"isPartOf\":{\"@id\":\"https:\\\/\\\/lurdinha.org\\\/site\\\/#website\"},\"primaryImageOfPage\":{\"@id\":\"https:\\\/\\\/lurdinha.org\\\/site\\\/90-anos-de-mate-com-angu\\\/#primaryimage\"},\"image\":{\"@id\":\"https:\\\/\\\/lurdinha.org\\\/site\\\/90-anos-de-mate-com-angu\\\/#primaryimage\"},\"thumbnailUrl\":\"http:\\\/\\\/lurdinha.org\\\/site\\\/wp-content\\\/uploads\\\/Dona_Armanda.jpg\",\"datePublished\":\"2011-02-22T15:52:03+00:00\",\"breadcrumb\":{\"@id\":\"https:\\\/\\\/lurdinha.org\\\/site\\\/90-anos-de-mate-com-angu\\\/#breadcrumb\"},\"inLanguage\":\"pt-BR\",\"potentialAction\":[{\"@type\":\"ReadAction\",\"target\":[\"https:\\\/\\\/lurdinha.org\\\/site\\\/90-anos-de-mate-com-angu\\\/\"]}]},{\"@type\":\"ImageObject\",\"inLanguage\":\"pt-BR\",\"@id\":\"https:\\\/\\\/lurdinha.org\\\/site\\\/90-anos-de-mate-com-angu\\\/#primaryimage\",\"url\":\"https:\\\/\\\/lurdinha.org\\\/site\\\/wp-content\\\/uploads\\\/Dona_Armanda.jpg\",\"contentUrl\":\"https:\\\/\\\/lurdinha.org\\\/site\\\/wp-content\\\/uploads\\\/Dona_Armanda.jpg\",\"width\":494,\"height\":745,\"caption\":\"Dona Armanda no in\u00edcio dos anos 50 - Arquivo do Proedes\\\/UFRJ\"},{\"@type\":\"BreadcrumbList\",\"@id\":\"https:\\\/\\\/lurdinha.org\\\/site\\\/90-anos-de-mate-com-angu\\\/#breadcrumb\",\"itemListElement\":[{\"@type\":\"ListItem\",\"position\":1,\"name\":\"In\u00edcio\",\"item\":\"https:\\\/\\\/lurdinha.org\\\/site\\\/\"},{\"@type\":\"ListItem\",\"position\":2,\"name\":\"90 anos de Mate Com Angu!\"}]},{\"@type\":\"WebSite\",\"@id\":\"https:\\\/\\\/lurdinha.org\\\/site\\\/#website\",\"url\":\"https:\\\/\\\/lurdinha.org\\\/site\\\/\",\"name\":\"Lurdinha - Duque de Caxias para Est\u00f4magos Fortes\",\"description\":\"Site sobre Arte, Cultura, Pol\u00edtica, Sociedade e curiosidades da cidade de Duque de Caxias, RJ\",\"publisher\":{\"@id\":\"https:\\\/\\\/lurdinha.org\\\/site\\\/#organization\"},\"alternateName\":\"Lurdinha\",\"potentialAction\":[{\"@type\":\"SearchAction\",\"target\":{\"@type\":\"EntryPoint\",\"urlTemplate\":\"https:\\\/\\\/lurdinha.org\\\/site\\\/?s={search_term_string}\"},\"query-input\":{\"@type\":\"PropertyValueSpecification\",\"valueRequired\":true,\"valueName\":\"search_term_string\"}}],\"inLanguage\":\"pt-BR\"},{\"@type\":\"Organization\",\"@id\":\"https:\\\/\\\/lurdinha.org\\\/site\\\/#organization\",\"name\":\"Lurdinha de Caxias\",\"url\":\"https:\\\/\\\/lurdinha.org\\\/site\\\/\",\"logo\":{\"@type\":\"ImageObject\",\"inLanguage\":\"pt-BR\",\"@id\":\"https:\\\/\\\/lurdinha.org\\\/site\\\/#\\\/schema\\\/logo\\\/image\\\/\",\"url\":\"https:\\\/\\\/lurdinha.org\\\/site\\\/wp-content\\\/uploads\\\/logo-lurdinha.jpg\",\"contentUrl\":\"https:\\\/\\\/lurdinha.org\\\/site\\\/wp-content\\\/uploads\\\/logo-lurdinha.jpg\",\"width\":640,\"height\":60,\"caption\":\"Lurdinha de Caxias\"},\"image\":{\"@id\":\"https:\\\/\\\/lurdinha.org\\\/site\\\/#\\\/schema\\\/logo\\\/image\\\/\"},\"sameAs\":[\"https:\\\/\\\/www.facebook.com\\\/LurdinhadeCaxias\",\"https:\\\/\\\/www.instagram.com\\\/lurdinhadecaxias\"]},{\"@type\":\"Person\",\"@id\":\"https:\\\/\\\/lurdinha.org\\\/site\\\/#\\\/schema\\\/person\\\/b833bb6a7f82598bf0e95e4c30874251\",\"name\":\"heraldo hb\",\"image\":{\"@type\":\"ImageObject\",\"inLanguage\":\"pt-BR\",\"@id\":\"https:\\\/\\\/secure.gravatar.com\\\/avatar\\\/5de9fe99c72cb6885bbdaa24b1c5738b0f673d265de18720fae7463d5f47b48d?s=96&d=mm&r=g\",\"url\":\"https:\\\/\\\/secure.gravatar.com\\\/avatar\\\/5de9fe99c72cb6885bbdaa24b1c5738b0f673d265de18720fae7463d5f47b48d?s=96&d=mm&r=g\",\"contentUrl\":\"https:\\\/\\\/secure.gravatar.com\\\/avatar\\\/5de9fe99c72cb6885bbdaa24b1c5738b0f673d265de18720fae7463d5f47b48d?s=96&d=mm&r=g\",\"caption\":\"heraldo hb\"},\"description\":\"Cineasta, animador cultural, escritor e educador nascido no s\u00e9culo XX\",\"sameAs\":[\"http:\\\/\\\/wwww.relinkare.org\",\"botocudo\",\"heraldohb\",\"relinkare\"],\"url\":\"https:\\\/\\\/lurdinha.org\\\/site\\\/author\\\/heraldohb\\\/\"}]}<\/script>\n<!-- \/ Yoast SEO plugin. -->","yoast_head_json":{"title":"90 anos de Mate Com Angu! - Lurdinha - Duque de Caxias para Est\u00f4magos Fortes","robots":{"index":"index","follow":"follow","max-snippet":"max-snippet:-1","max-image-preview":"max-image-preview:large","max-video-preview":"max-video-preview:-1"},"canonical":"https:\/\/lurdinha.org\/site\/90-anos-de-mate-com-angu\/","og_locale":"pt_BR","og_type":"article","og_title":"90 anos de Mate Com Angu! - Lurdinha - Duque de Caxias para Est\u00f4magos Fortes","og_description":"Dia 21 de fevereiro de 2011 &#8211; 90 anos de Mate Com Angu! H\u00e1 exatos...","og_url":"https:\/\/lurdinha.org\/site\/90-anos-de-mate-com-angu\/","og_site_name":"Lurdinha - Duque de Caxias para Est\u00f4magos Fortes","article_publisher":"https:\/\/www.facebook.com\/LurdinhadeCaxias","article_author":"botocudo","article_published_time":"2011-02-22T15:52:03+00:00","og_image":[{"width":494,"height":745,"url":"https:\/\/lurdinha.org\/site\/wp-content\/uploads\/Dona_Armanda.jpg","type":"image\/jpeg"}],"author":"heraldo hb","twitter_card":"summary_large_image","twitter_misc":{"Escrito por":"heraldo hb","Est. tempo de leitura":"1 minuto"},"schema":{"@context":"https:\/\/schema.org","@graph":[{"@type":"Article","@id":"https:\/\/lurdinha.org\/site\/90-anos-de-mate-com-angu\/#article","isPartOf":{"@id":"https:\/\/lurdinha.org\/site\/90-anos-de-mate-com-angu\/"},"author":{"name":"heraldo hb","@id":"https:\/\/lurdinha.org\/site\/#\/schema\/person\/b833bb6a7f82598bf0e95e4c30874251"},"headline":"90 anos de Mate Com Angu!","datePublished":"2011-02-22T15:52:03+00:00","mainEntityOfPage":{"@id":"https:\/\/lurdinha.org\/site\/90-anos-de-mate-com-angu\/"},"wordCount":145,"commentCount":0,"publisher":{"@id":"https:\/\/lurdinha.org\/site\/#organization"},"image":{"@id":"https:\/\/lurdinha.org\/site\/90-anos-de-mate-com-angu\/#primaryimage"},"thumbnailUrl":"http:\/\/lurdinha.org\/site\/wp-content\/uploads\/Dona_Armanda.jpg","keywords":["armanda alvaro alberto","baixada-fluminense","duque-de-caxias","escola regional de meriti","lurdinha"],"articleSection":["hist\u00f3ria","uma opini\u00e3o"],"inLanguage":"pt-BR","potentialAction":[{"@type":"CommentAction","name":"Comment","target":["https:\/\/lurdinha.org\/site\/90-anos-de-mate-com-angu\/#respond"]}]},{"@type":"WebPage","@id":"https:\/\/lurdinha.org\/site\/90-anos-de-mate-com-angu\/","url":"https:\/\/lurdinha.org\/site\/90-anos-de-mate-com-angu\/","name":"90 anos de Mate Com Angu! - Lurdinha - Duque de Caxias para Est\u00f4magos Fortes","isPartOf":{"@id":"https:\/\/lurdinha.org\/site\/#website"},"primaryImageOfPage":{"@id":"https:\/\/lurdinha.org\/site\/90-anos-de-mate-com-angu\/#primaryimage"},"image":{"@id":"https:\/\/lurdinha.org\/site\/90-anos-de-mate-com-angu\/#primaryimage"},"thumbnailUrl":"http:\/\/lurdinha.org\/site\/wp-content\/uploads\/Dona_Armanda.jpg","datePublished":"2011-02-22T15:52:03+00:00","breadcrumb":{"@id":"https:\/\/lurdinha.org\/site\/90-anos-de-mate-com-angu\/#breadcrumb"},"inLanguage":"pt-BR","potentialAction":[{"@type":"ReadAction","target":["https:\/\/lurdinha.org\/site\/90-anos-de-mate-com-angu\/"]}]},{"@type":"ImageObject","inLanguage":"pt-BR","@id":"https:\/\/lurdinha.org\/site\/90-anos-de-mate-com-angu\/#primaryimage","url":"https:\/\/lurdinha.org\/site\/wp-content\/uploads\/Dona_Armanda.jpg","contentUrl":"https:\/\/lurdinha.org\/site\/wp-content\/uploads\/Dona_Armanda.jpg","width":494,"height":745,"caption":"Dona Armanda no in\u00edcio dos anos 50 - Arquivo do Proedes\/UFRJ"},{"@type":"BreadcrumbList","@id":"https:\/\/lurdinha.org\/site\/90-anos-de-mate-com-angu\/#breadcrumb","itemListElement":[{"@type":"ListItem","position":1,"name":"In\u00edcio","item":"https:\/\/lurdinha.org\/site\/"},{"@type":"ListItem","position":2,"name":"90 anos de Mate Com Angu!"}]},{"@type":"WebSite","@id":"https:\/\/lurdinha.org\/site\/#website","url":"https:\/\/lurdinha.org\/site\/","name":"Lurdinha - Duque de Caxias para Est\u00f4magos Fortes","description":"Site sobre Arte, Cultura, Pol\u00edtica, Sociedade e curiosidades da cidade de Duque de Caxias, RJ","publisher":{"@id":"https:\/\/lurdinha.org\/site\/#organization"},"alternateName":"Lurdinha","potentialAction":[{"@type":"SearchAction","target":{"@type":"EntryPoint","urlTemplate":"https:\/\/lurdinha.org\/site\/?s={search_term_string}"},"query-input":{"@type":"PropertyValueSpecification","valueRequired":true,"valueName":"search_term_string"}}],"inLanguage":"pt-BR"},{"@type":"Organization","@id":"https:\/\/lurdinha.org\/site\/#organization","name":"Lurdinha de Caxias","url":"https:\/\/lurdinha.org\/site\/","logo":{"@type":"ImageObject","inLanguage":"pt-BR","@id":"https:\/\/lurdinha.org\/site\/#\/schema\/logo\/image\/","url":"https:\/\/lurdinha.org\/site\/wp-content\/uploads\/logo-lurdinha.jpg","contentUrl":"https:\/\/lurdinha.org\/site\/wp-content\/uploads\/logo-lurdinha.jpg","width":640,"height":60,"caption":"Lurdinha de Caxias"},"image":{"@id":"https:\/\/lurdinha.org\/site\/#\/schema\/logo\/image\/"},"sameAs":["https:\/\/www.facebook.com\/LurdinhadeCaxias","https:\/\/www.instagram.com\/lurdinhadecaxias"]},{"@type":"Person","@id":"https:\/\/lurdinha.org\/site\/#\/schema\/person\/b833bb6a7f82598bf0e95e4c30874251","name":"heraldo hb","image":{"@type":"ImageObject","inLanguage":"pt-BR","@id":"https:\/\/secure.gravatar.com\/avatar\/5de9fe99c72cb6885bbdaa24b1c5738b0f673d265de18720fae7463d5f47b48d?s=96&d=mm&r=g","url":"https:\/\/secure.gravatar.com\/avatar\/5de9fe99c72cb6885bbdaa24b1c5738b0f673d265de18720fae7463d5f47b48d?s=96&d=mm&r=g","contentUrl":"https:\/\/secure.gravatar.com\/avatar\/5de9fe99c72cb6885bbdaa24b1c5738b0f673d265de18720fae7463d5f47b48d?s=96&d=mm&r=g","caption":"heraldo hb"},"description":"Cineasta, animador cultural, escritor e educador nascido no s\u00e9culo XX","sameAs":["http:\/\/wwww.relinkare.org","botocudo","heraldohb","relinkare"],"url":"https:\/\/lurdinha.org\/site\/author\/heraldohb\/"}]}},"views":6376,"_links":{"self":[{"href":"https:\/\/lurdinha.org\/site\/wp-json\/wp\/v2\/posts\/219","targetHints":{"allow":["GET"]}}],"collection":[{"href":"https:\/\/lurdinha.org\/site\/wp-json\/wp\/v2\/posts"}],"about":[{"href":"https:\/\/lurdinha.org\/site\/wp-json\/wp\/v2\/types\/post"}],"author":[{"embeddable":true,"href":"https:\/\/lurdinha.org\/site\/wp-json\/wp\/v2\/users\/2"}],"replies":[{"embeddable":true,"href":"https:\/\/lurdinha.org\/site\/wp-json\/wp\/v2\/comments?post=219"}],"version-history":[{"count":1,"href":"https:\/\/lurdinha.org\/site\/wp-json\/wp\/v2\/posts\/219\/revisions"}],"predecessor-version":[{"id":221,"href":"https:\/\/lurdinha.org\/site\/wp-json\/wp\/v2\/posts\/219\/revisions\/221"}],"wp:attachment":[{"href":"https:\/\/lurdinha.org\/site\/wp-json\/wp\/v2\/media?parent=219"}],"wp:term":[{"taxonomy":"category","embeddable":true,"href":"https:\/\/lurdinha.org\/site\/wp-json\/wp\/v2\/categories?post=219"},{"taxonomy":"post_tag","embeddable":true,"href":"https:\/\/lurdinha.org\/site\/wp-json\/wp\/v2\/tags?post=219"}],"curies":[{"name":"wp","href":"https:\/\/api.w.org\/{rel}","templated":true}]}}