{"id":2156,"date":"2012-01-11T14:58:53","date_gmt":"2012-01-11T14:58:53","guid":{"rendered":"http:\/\/lurdinha.org\/site\/?p=2156"},"modified":"2012-01-11T14:59:41","modified_gmt":"2012-01-11T14:59:41","slug":"passageiros-reclamam-de-reajuste-de-onibus-em-caxias","status":"publish","type":"post","link":"https:\/\/lurdinha.org\/site\/passageiros-reclamam-de-reajuste-de-onibus-em-caxias\/","title":{"rendered":"Passageiros reclamam de reajuste de \u00f4nibus em Caxias"},"content":{"rendered":"<p><img loading=\"lazy\" decoding=\"async\" class=\"alignnone size-full wp-image-2157\" title=\"matc3a9ria-o-extra-aumento-10_01_1012_web\" src=\"http:\/\/lurdinha.org\/site\/wp-content\/uploads\/matc3a9ria-o-extra-aumento-10_01_1012_web.jpg\" alt=\"\" width=\"590\" height=\"872\" srcset=\"https:\/\/lurdinha.org\/site\/wp-content\/uploads\/matc3a9ria-o-extra-aumento-10_01_1012_web.jpg 590w, https:\/\/lurdinha.org\/site\/wp-content\/uploads\/matc3a9ria-o-extra-aumento-10_01_1012_web-203x300.jpg 203w\" sizes=\"auto, (max-width: 590px) 100vw, 590px\" \/><\/p>\n<p>&#8216;A Prefeitura Duque de Caxias informou que as solicita\u00e7\u00f5es no abaixo-assinado devem ser discutidas entre a C\u00e2mara Municipal, associa\u00e7\u00f5es de moradores, l\u00edderes pol\u00edticos e representantes do setor de transporte coletivo da cidade. Sobre o aumento das tarifas municipais, a prefeitura disse que \u00e9 autom\u00e1tico (sic) e autorizado pela C\u00e2mara Municipal para todo in\u00edcio de ano&#8217;. [Trecho da mat\u00e9ria do Jornal O Extra de ontem, 10\/01\/2012, p\u00e1g 04].<br \/>\nEngra\u00e7ado, para decidir o aumento autom\u00e1tico(!) das passagens n\u00e3o \u00e9 preciso esse tr\u00e2mite democr\u00e1tico de discutir com diversos setores da sociedade, mas para decidir sobre tarifa \u00fanica, bilhete \u00fanico, planilha de custos dos empres\u00e1rios abertas aos usu\u00e1rios, fiscaliza\u00e7\u00e3o da prefeitura, qualidade dos servi\u00e7os prestados, hor\u00e1rios, e gratuidades, da\u00ed vale chamar &#8216;Deus e mundo&#8217; como respons\u00e1veis. E que hist\u00f3ria \u00e9 essa de aumento autom\u00e1tico que foi autorizado pela C\u00e2mara Municipal para todo in\u00edcio de ano, hein, vereadores?<\/p>\n<p>&nbsp;<\/p>\n","protected":false},"excerpt":{"rendered":"<p>&#8216;A Prefeitura Duque de Caxias informou que as solicita\u00e7\u00f5es no abaixo-assinado devem ser discutidas entre&#8230;<\/p>\n","protected":false},"author":6,"featured_media":0,"comment_status":"open","ping_status":"closed","sticky":false,"template":"","format":"standard","meta":{"footnotes":""},"categories":[1,4],"tags":[312,11,163],"class_list":["post-2156","post","type-post","status-publish","format-standard","hentry","category-botinada","category-opiniao","tag-aumento-das-passagens","tag-duque-de-caxias","tag-transporte"],"yoast_head":"<!-- This site is optimized with the Yoast SEO plugin v27.5 - https:\/\/yoast.com\/product\/yoast-seo-wordpress\/ -->\n<title>Passageiros reclamam de reajuste de \u00f4nibus em Caxias - Lurdinha - Duque de Caxias para Est\u00f4magos Fortes<\/title>\n<meta name=\"robots\" content=\"index, follow, max-snippet:-1, max-image-preview:large, max-video-preview:-1\" \/>\n<link rel=\"canonical\" href=\"https:\/\/lurdinha.org\/site\/passageiros-reclamam-de-reajuste-de-onibus-em-caxias\/\" \/>\n<meta property=\"og:locale\" content=\"pt_BR\" \/>\n<meta property=\"og:type\" content=\"article\" \/>\n<meta property=\"og:title\" content=\"Passageiros reclamam de reajuste de \u00f4nibus em Caxias - Lurdinha - Duque de Caxias para Est\u00f4magos Fortes\" \/>\n<meta property=\"og:description\" content=\"&#8216;A Prefeitura Duque de Caxias informou que as solicita\u00e7\u00f5es no abaixo-assinado devem ser discutidas entre...\" \/>\n<meta property=\"og:url\" content=\"https:\/\/lurdinha.org\/site\/passageiros-reclamam-de-reajuste-de-onibus-em-caxias\/\" \/>\n<meta property=\"og:site_name\" content=\"Lurdinha - Duque de Caxias para Est\u00f4magos Fortes\" \/>\n<meta property=\"article:publisher\" content=\"https:\/\/www.facebook.com\/LurdinhadeCaxias\" \/>\n<meta property=\"article:author\" content=\"http:\/\/www.facebook.com\/caxiasdecaranova\" \/>\n<meta property=\"article:published_time\" content=\"2012-01-11T14:58:53+00:00\" \/>\n<meta property=\"article:modified_time\" content=\"2012-01-11T14:59:41+00:00\" \/>\n<meta property=\"og:image\" content=\"https:\/\/lurdinha.org\/site\/wp-content\/uploads\/matc3a9ria-o-extra-aumento-10_01_1012_web.jpg\" \/>\n\t<meta property=\"og:image:width\" content=\"590\" \/>\n\t<meta property=\"og:image:height\" content=\"872\" \/>\n\t<meta property=\"og:image:type\" content=\"image\/jpeg\" \/>\n<meta name=\"author\" content=\"Fabio Pereira\" \/>\n<meta name=\"twitter:card\" content=\"summary_large_image\" \/>\n<meta name=\"twitter:creator\" content=\"@http:\/\/twitter.com\/pereirafabio\" \/>\n<meta name=\"twitter:label1\" content=\"Escrito por\" \/>\n\t<meta name=\"twitter:data1\" content=\"Fabio Pereira\" \/>\n\t<meta name=\"twitter:label2\" content=\"Est. tempo de leitura\" \/>\n\t<meta name=\"twitter:data2\" content=\"1 minuto\" \/>\n<script type=\"application\/ld+json\" class=\"yoast-schema-graph\">{\"@context\":\"https:\\\/\\\/schema.org\",\"@graph\":[{\"@type\":\"Article\",\"@id\":\"https:\\\/\\\/lurdinha.org\\\/site\\\/passageiros-reclamam-de-reajuste-de-onibus-em-caxias\\\/#article\",\"isPartOf\":{\"@id\":\"https:\\\/\\\/lurdinha.org\\\/site\\\/passageiros-reclamam-de-reajuste-de-onibus-em-caxias\\\/\"},\"author\":{\"name\":\"Fabio Pereira\",\"@id\":\"https:\\\/\\\/lurdinha.org\\\/site\\\/#\\\/schema\\\/person\\\/d37583d25050d938b79ef4129ea35df6\"},\"headline\":\"Passageiros reclamam de reajuste de \u00f4nibus em Caxias\",\"datePublished\":\"2012-01-11T14:58:53+00:00\",\"dateModified\":\"2012-01-11T14:59:41+00:00\",\"mainEntityOfPage\":{\"@id\":\"https:\\\/\\\/lurdinha.org\\\/site\\\/passageiros-reclamam-de-reajuste-de-onibus-em-caxias\\\/\"},\"wordCount\":172,\"commentCount\":0,\"publisher\":{\"@id\":\"https:\\\/\\\/lurdinha.org\\\/site\\\/#organization\"},\"image\":{\"@id\":\"https:\\\/\\\/lurdinha.org\\\/site\\\/passageiros-reclamam-de-reajuste-de-onibus-em-caxias\\\/#primaryimage\"},\"thumbnailUrl\":\"http:\\\/\\\/lurdinha.org\\\/site\\\/wp-content\\\/uploads\\\/matc3a9ria-o-extra-aumento-10_01_1012_web.jpg\",\"keywords\":[\"aumento das passagens\",\"duque-de-caxias\",\"transporte\"],\"articleSection\":[\"botinada\",\"uma opini\u00e3o\"],\"inLanguage\":\"pt-BR\",\"potentialAction\":[{\"@type\":\"CommentAction\",\"name\":\"Comment\",\"target\":[\"https:\\\/\\\/lurdinha.org\\\/site\\\/passageiros-reclamam-de-reajuste-de-onibus-em-caxias\\\/#respond\"]}]},{\"@type\":\"WebPage\",\"@id\":\"https:\\\/\\\/lurdinha.org\\\/site\\\/passageiros-reclamam-de-reajuste-de-onibus-em-caxias\\\/\",\"url\":\"https:\\\/\\\/lurdinha.org\\\/site\\\/passageiros-reclamam-de-reajuste-de-onibus-em-caxias\\\/\",\"name\":\"Passageiros reclamam de reajuste de \u00f4nibus em Caxias - Lurdinha - Duque de Caxias para Est\u00f4magos Fortes\",\"isPartOf\":{\"@id\":\"https:\\\/\\\/lurdinha.org\\\/site\\\/#website\"},\"primaryImageOfPage\":{\"@id\":\"https:\\\/\\\/lurdinha.org\\\/site\\\/passageiros-reclamam-de-reajuste-de-onibus-em-caxias\\\/#primaryimage\"},\"image\":{\"@id\":\"https:\\\/\\\/lurdinha.org\\\/site\\\/passageiros-reclamam-de-reajuste-de-onibus-em-caxias\\\/#primaryimage\"},\"thumbnailUrl\":\"http:\\\/\\\/lurdinha.org\\\/site\\\/wp-content\\\/uploads\\\/matc3a9ria-o-extra-aumento-10_01_1012_web.jpg\",\"datePublished\":\"2012-01-11T14:58:53+00:00\",\"dateModified\":\"2012-01-11T14:59:41+00:00\",\"breadcrumb\":{\"@id\":\"https:\\\/\\\/lurdinha.org\\\/site\\\/passageiros-reclamam-de-reajuste-de-onibus-em-caxias\\\/#breadcrumb\"},\"inLanguage\":\"pt-BR\",\"potentialAction\":[{\"@type\":\"ReadAction\",\"target\":[\"https:\\\/\\\/lurdinha.org\\\/site\\\/passageiros-reclamam-de-reajuste-de-onibus-em-caxias\\\/\"]}]},{\"@type\":\"ImageObject\",\"inLanguage\":\"pt-BR\",\"@id\":\"https:\\\/\\\/lurdinha.org\\\/site\\\/passageiros-reclamam-de-reajuste-de-onibus-em-caxias\\\/#primaryimage\",\"url\":\"https:\\\/\\\/lurdinha.org\\\/site\\\/wp-content\\\/uploads\\\/matc3a9ria-o-extra-aumento-10_01_1012_web.jpg\",\"contentUrl\":\"https:\\\/\\\/lurdinha.org\\\/site\\\/wp-content\\\/uploads\\\/matc3a9ria-o-extra-aumento-10_01_1012_web.jpg\",\"width\":590,\"height\":872},{\"@type\":\"BreadcrumbList\",\"@id\":\"https:\\\/\\\/lurdinha.org\\\/site\\\/passageiros-reclamam-de-reajuste-de-onibus-em-caxias\\\/#breadcrumb\",\"itemListElement\":[{\"@type\":\"ListItem\",\"position\":1,\"name\":\"In\u00edcio\",\"item\":\"https:\\\/\\\/lurdinha.org\\\/site\\\/\"},{\"@type\":\"ListItem\",\"position\":2,\"name\":\"Passageiros reclamam de reajuste de \u00f4nibus em Caxias\"}]},{\"@type\":\"WebSite\",\"@id\":\"https:\\\/\\\/lurdinha.org\\\/site\\\/#website\",\"url\":\"https:\\\/\\\/lurdinha.org\\\/site\\\/\",\"name\":\"Lurdinha - Duque de Caxias para Est\u00f4magos Fortes\",\"description\":\"Site sobre Arte, Cultura, Pol\u00edtica, Sociedade e curiosidades da cidade de Duque de Caxias, RJ\",\"publisher\":{\"@id\":\"https:\\\/\\\/lurdinha.org\\\/site\\\/#organization\"},\"alternateName\":\"Lurdinha\",\"potentialAction\":[{\"@type\":\"SearchAction\",\"target\":{\"@type\":\"EntryPoint\",\"urlTemplate\":\"https:\\\/\\\/lurdinha.org\\\/site\\\/?s={search_term_string}\"},\"query-input\":{\"@type\":\"PropertyValueSpecification\",\"valueRequired\":true,\"valueName\":\"search_term_string\"}}],\"inLanguage\":\"pt-BR\"},{\"@type\":\"Organization\",\"@id\":\"https:\\\/\\\/lurdinha.org\\\/site\\\/#organization\",\"name\":\"Lurdinha de Caxias\",\"url\":\"https:\\\/\\\/lurdinha.org\\\/site\\\/\",\"logo\":{\"@type\":\"ImageObject\",\"inLanguage\":\"pt-BR\",\"@id\":\"https:\\\/\\\/lurdinha.org\\\/site\\\/#\\\/schema\\\/logo\\\/image\\\/\",\"url\":\"https:\\\/\\\/lurdinha.org\\\/site\\\/wp-content\\\/uploads\\\/logo-lurdinha.jpg\",\"contentUrl\":\"https:\\\/\\\/lurdinha.org\\\/site\\\/wp-content\\\/uploads\\\/logo-lurdinha.jpg\",\"width\":640,\"height\":60,\"caption\":\"Lurdinha de Caxias\"},\"image\":{\"@id\":\"https:\\\/\\\/lurdinha.org\\\/site\\\/#\\\/schema\\\/logo\\\/image\\\/\"},\"sameAs\":[\"https:\\\/\\\/www.facebook.com\\\/LurdinhadeCaxias\",\"https:\\\/\\\/www.instagram.com\\\/lurdinhadecaxias\"]},{\"@type\":\"Person\",\"@id\":\"https:\\\/\\\/lurdinha.org\\\/site\\\/#\\\/schema\\\/person\\\/d37583d25050d938b79ef4129ea35df6\",\"name\":\"Fabio Pereira\",\"image\":{\"@type\":\"ImageObject\",\"inLanguage\":\"pt-BR\",\"@id\":\"https:\\\/\\\/secure.gravatar.com\\\/avatar\\\/04dec83b11755f911a0956826a7fd2d7affc44412b101906ff9a658595aa06fe?s=96&d=mm&r=g\",\"url\":\"https:\\\/\\\/secure.gravatar.com\\\/avatar\\\/04dec83b11755f911a0956826a7fd2d7affc44412b101906ff9a658595aa06fe?s=96&d=mm&r=g\",\"contentUrl\":\"https:\\\/\\\/secure.gravatar.com\\\/avatar\\\/04dec83b11755f911a0956826a7fd2d7affc44412b101906ff9a658595aa06fe?s=96&d=mm&r=g\",\"caption\":\"Fabio Pereira\"},\"description\":\"http:\\\/\\\/fabiopereira.wordpress.com\\\/\",\"sameAs\":[\"http:\\\/\\\/fabiopereira.wordpress.com\\\/\",\"http:\\\/\\\/www.facebook.com\\\/caxiasdecaranova\",\"https:\\\/\\\/x.com\\\/http:\\\/\\\/twitter.com\\\/pereirafabio\"],\"url\":\"https:\\\/\\\/lurdinha.org\\\/site\\\/author\\\/fabiopereira\\\/\"}]}<\/script>\n<!-- \/ Yoast SEO plugin. -->","yoast_head_json":{"title":"Passageiros reclamam de reajuste de \u00f4nibus em Caxias - Lurdinha - Duque de Caxias para Est\u00f4magos Fortes","robots":{"index":"index","follow":"follow","max-snippet":"max-snippet:-1","max-image-preview":"max-image-preview:large","max-video-preview":"max-video-preview:-1"},"canonical":"https:\/\/lurdinha.org\/site\/passageiros-reclamam-de-reajuste-de-onibus-em-caxias\/","og_locale":"pt_BR","og_type":"article","og_title":"Passageiros reclamam de reajuste de \u00f4nibus em Caxias - Lurdinha - Duque de Caxias para Est\u00f4magos Fortes","og_description":"&#8216;A Prefeitura Duque de Caxias informou que as solicita\u00e7\u00f5es no abaixo-assinado devem ser discutidas entre...","og_url":"https:\/\/lurdinha.org\/site\/passageiros-reclamam-de-reajuste-de-onibus-em-caxias\/","og_site_name":"Lurdinha - Duque de Caxias para Est\u00f4magos Fortes","article_publisher":"https:\/\/www.facebook.com\/LurdinhadeCaxias","article_author":"http:\/\/www.facebook.com\/caxiasdecaranova","article_published_time":"2012-01-11T14:58:53+00:00","article_modified_time":"2012-01-11T14:59:41+00:00","og_image":[{"width":590,"height":872,"url":"https:\/\/lurdinha.org\/site\/wp-content\/uploads\/matc3a9ria-o-extra-aumento-10_01_1012_web.jpg","type":"image\/jpeg"}],"author":"Fabio Pereira","twitter_card":"summary_large_image","twitter_creator":"@http:\/\/twitter.com\/pereirafabio","twitter_misc":{"Escrito por":"Fabio Pereira","Est. tempo de leitura":"1 minuto"},"schema":{"@context":"https:\/\/schema.org","@graph":[{"@type":"Article","@id":"https:\/\/lurdinha.org\/site\/passageiros-reclamam-de-reajuste-de-onibus-em-caxias\/#article","isPartOf":{"@id":"https:\/\/lurdinha.org\/site\/passageiros-reclamam-de-reajuste-de-onibus-em-caxias\/"},"author":{"name":"Fabio Pereira","@id":"https:\/\/lurdinha.org\/site\/#\/schema\/person\/d37583d25050d938b79ef4129ea35df6"},"headline":"Passageiros reclamam de reajuste de \u00f4nibus em Caxias","datePublished":"2012-01-11T14:58:53+00:00","dateModified":"2012-01-11T14:59:41+00:00","mainEntityOfPage":{"@id":"https:\/\/lurdinha.org\/site\/passageiros-reclamam-de-reajuste-de-onibus-em-caxias\/"},"wordCount":172,"commentCount":0,"publisher":{"@id":"https:\/\/lurdinha.org\/site\/#organization"},"image":{"@id":"https:\/\/lurdinha.org\/site\/passageiros-reclamam-de-reajuste-de-onibus-em-caxias\/#primaryimage"},"thumbnailUrl":"http:\/\/lurdinha.org\/site\/wp-content\/uploads\/matc3a9ria-o-extra-aumento-10_01_1012_web.jpg","keywords":["aumento das passagens","duque-de-caxias","transporte"],"articleSection":["botinada","uma opini\u00e3o"],"inLanguage":"pt-BR","potentialAction":[{"@type":"CommentAction","name":"Comment","target":["https:\/\/lurdinha.org\/site\/passageiros-reclamam-de-reajuste-de-onibus-em-caxias\/#respond"]}]},{"@type":"WebPage","@id":"https:\/\/lurdinha.org\/site\/passageiros-reclamam-de-reajuste-de-onibus-em-caxias\/","url":"https:\/\/lurdinha.org\/site\/passageiros-reclamam-de-reajuste-de-onibus-em-caxias\/","name":"Passageiros reclamam de reajuste de \u00f4nibus em Caxias - Lurdinha - Duque de Caxias para Est\u00f4magos Fortes","isPartOf":{"@id":"https:\/\/lurdinha.org\/site\/#website"},"primaryImageOfPage":{"@id":"https:\/\/lurdinha.org\/site\/passageiros-reclamam-de-reajuste-de-onibus-em-caxias\/#primaryimage"},"image":{"@id":"https:\/\/lurdinha.org\/site\/passageiros-reclamam-de-reajuste-de-onibus-em-caxias\/#primaryimage"},"thumbnailUrl":"http:\/\/lurdinha.org\/site\/wp-content\/uploads\/matc3a9ria-o-extra-aumento-10_01_1012_web.jpg","datePublished":"2012-01-11T14:58:53+00:00","dateModified":"2012-01-11T14:59:41+00:00","breadcrumb":{"@id":"https:\/\/lurdinha.org\/site\/passageiros-reclamam-de-reajuste-de-onibus-em-caxias\/#breadcrumb"},"inLanguage":"pt-BR","potentialAction":[{"@type":"ReadAction","target":["https:\/\/lurdinha.org\/site\/passageiros-reclamam-de-reajuste-de-onibus-em-caxias\/"]}]},{"@type":"ImageObject","inLanguage":"pt-BR","@id":"https:\/\/lurdinha.org\/site\/passageiros-reclamam-de-reajuste-de-onibus-em-caxias\/#primaryimage","url":"https:\/\/lurdinha.org\/site\/wp-content\/uploads\/matc3a9ria-o-extra-aumento-10_01_1012_web.jpg","contentUrl":"https:\/\/lurdinha.org\/site\/wp-content\/uploads\/matc3a9ria-o-extra-aumento-10_01_1012_web.jpg","width":590,"height":872},{"@type":"BreadcrumbList","@id":"https:\/\/lurdinha.org\/site\/passageiros-reclamam-de-reajuste-de-onibus-em-caxias\/#breadcrumb","itemListElement":[{"@type":"ListItem","position":1,"name":"In\u00edcio","item":"https:\/\/lurdinha.org\/site\/"},{"@type":"ListItem","position":2,"name":"Passageiros reclamam de reajuste de \u00f4nibus em Caxias"}]},{"@type":"WebSite","@id":"https:\/\/lurdinha.org\/site\/#website","url":"https:\/\/lurdinha.org\/site\/","name":"Lurdinha - Duque de Caxias para Est\u00f4magos Fortes","description":"Site sobre Arte, Cultura, Pol\u00edtica, Sociedade e curiosidades da cidade de Duque de Caxias, RJ","publisher":{"@id":"https:\/\/lurdinha.org\/site\/#organization"},"alternateName":"Lurdinha","potentialAction":[{"@type":"SearchAction","target":{"@type":"EntryPoint","urlTemplate":"https:\/\/lurdinha.org\/site\/?s={search_term_string}"},"query-input":{"@type":"PropertyValueSpecification","valueRequired":true,"valueName":"search_term_string"}}],"inLanguage":"pt-BR"},{"@type":"Organization","@id":"https:\/\/lurdinha.org\/site\/#organization","name":"Lurdinha de Caxias","url":"https:\/\/lurdinha.org\/site\/","logo":{"@type":"ImageObject","inLanguage":"pt-BR","@id":"https:\/\/lurdinha.org\/site\/#\/schema\/logo\/image\/","url":"https:\/\/lurdinha.org\/site\/wp-content\/uploads\/logo-lurdinha.jpg","contentUrl":"https:\/\/lurdinha.org\/site\/wp-content\/uploads\/logo-lurdinha.jpg","width":640,"height":60,"caption":"Lurdinha de Caxias"},"image":{"@id":"https:\/\/lurdinha.org\/site\/#\/schema\/logo\/image\/"},"sameAs":["https:\/\/www.facebook.com\/LurdinhadeCaxias","https:\/\/www.instagram.com\/lurdinhadecaxias"]},{"@type":"Person","@id":"https:\/\/lurdinha.org\/site\/#\/schema\/person\/d37583d25050d938b79ef4129ea35df6","name":"Fabio Pereira","image":{"@type":"ImageObject","inLanguage":"pt-BR","@id":"https:\/\/secure.gravatar.com\/avatar\/04dec83b11755f911a0956826a7fd2d7affc44412b101906ff9a658595aa06fe?s=96&d=mm&r=g","url":"https:\/\/secure.gravatar.com\/avatar\/04dec83b11755f911a0956826a7fd2d7affc44412b101906ff9a658595aa06fe?s=96&d=mm&r=g","contentUrl":"https:\/\/secure.gravatar.com\/avatar\/04dec83b11755f911a0956826a7fd2d7affc44412b101906ff9a658595aa06fe?s=96&d=mm&r=g","caption":"Fabio Pereira"},"description":"http:\/\/fabiopereira.wordpress.com\/","sameAs":["http:\/\/fabiopereira.wordpress.com\/","http:\/\/www.facebook.com\/caxiasdecaranova","https:\/\/x.com\/http:\/\/twitter.com\/pereirafabio"],"url":"https:\/\/lurdinha.org\/site\/author\/fabiopereira\/"}]}},"views":4122,"_links":{"self":[{"href":"https:\/\/lurdinha.org\/site\/wp-json\/wp\/v2\/posts\/2156","targetHints":{"allow":["GET"]}}],"collection":[{"href":"https:\/\/lurdinha.org\/site\/wp-json\/wp\/v2\/posts"}],"about":[{"href":"https:\/\/lurdinha.org\/site\/wp-json\/wp\/v2\/types\/post"}],"author":[{"embeddable":true,"href":"https:\/\/lurdinha.org\/site\/wp-json\/wp\/v2\/users\/6"}],"replies":[{"embeddable":true,"href":"https:\/\/lurdinha.org\/site\/wp-json\/wp\/v2\/comments?post=2156"}],"version-history":[{"count":2,"href":"https:\/\/lurdinha.org\/site\/wp-json\/wp\/v2\/posts\/2156\/revisions"}],"predecessor-version":[{"id":2159,"href":"https:\/\/lurdinha.org\/site\/wp-json\/wp\/v2\/posts\/2156\/revisions\/2159"}],"wp:attachment":[{"href":"https:\/\/lurdinha.org\/site\/wp-json\/wp\/v2\/media?parent=2156"}],"wp:term":[{"taxonomy":"category","embeddable":true,"href":"https:\/\/lurdinha.org\/site\/wp-json\/wp\/v2\/categories?post=2156"},{"taxonomy":"post_tag","embeddable":true,"href":"https:\/\/lurdinha.org\/site\/wp-json\/wp\/v2\/tags?post=2156"}],"curies":[{"name":"wp","href":"https:\/\/api.w.org\/{rel}","templated":true}]}}