{"id":1952,"date":"2011-11-30T17:41:32","date_gmt":"2011-11-30T17:41:32","guid":{"rendered":"http:\/\/lurdinha.org\/site\/?p=1952"},"modified":"2013-10-10T00:07:21","modified_gmt":"2013-10-10T00:07:21","slug":"meeting-of-favela-onde-a-arte-se-mistura-com-tinta","status":"publish","type":"post","link":"https:\/\/lurdinha.org\/site\/meeting-of-favela-onde-a-arte-se-mistura-com-tinta\/","title":{"rendered":"Meeting of favela: onde a arte se mistura com tinta"},"content":{"rendered":"<p align=\"JUSTIFY\"><a href=\"http:\/\/lurdinha.org\/site\/wp-content\/uploads\/27112011181.jpg\"><img loading=\"lazy\" decoding=\"async\" class=\"alignright size-medium wp-image-1964\" alt=\"\" src=\"http:\/\/lurdinha.org\/site\/wp-content\/uploads\/27112011181-300x225.jpg\" width=\"300\" height=\"225\" srcset=\"https:\/\/lurdinha.org\/site\/wp-content\/uploads\/27112011181-300x225.jpg 300w, https:\/\/lurdinha.org\/site\/wp-content\/uploads\/27112011181-1024x768.jpg 1024w, https:\/\/lurdinha.org\/site\/wp-content\/uploads\/27112011181.jpg 1600w\" sizes=\"auto, (max-width: 300px) 100vw, 300px\" \/><\/a>A Vila Oper\u00e1ria respira arte. Das vielas e becos que cortam a favela localizada em Duque de Caxias, Baixada Fluminense, surgiu o Meeting of Favela (MOF), o maior evento de grafite volunt\u00e1rio da Am\u00e9rica Latina.<\/p>\n<p align=\"JUSTIFY\">Esquecida no sub\u00farbio do Rio, ofuscada pela fama da Cidade Maravilhosa, a Vila Oper\u00e1ria tem seus tr\u00eas dias de gl\u00f3ria anualmente, quando se transforma em ateli\u00ea a c\u00e9u aberto, pelas m\u00e3os e sprays de jovens e adultos, rapazes e mo\u00e7as, que se re\u00fanem desde 2005 para grafitar os muros da favela. Neste ano o MOF reuniu cerca de 500 pessoas durante os dias 25, 26 e 27 de novembro.<\/p>\n<p align=\"JUSTIFY\"><a href=\"http:\/\/lurdinha.org\/site\/wp-content\/uploads\/27112011250.jpg\"><img loading=\"lazy\" decoding=\"async\" class=\"alignleft size-medium wp-image-1955\" alt=\"\" src=\"http:\/\/lurdinha.org\/site\/wp-content\/uploads\/27112011250-300x225.jpg\" width=\"300\" height=\"225\" srcset=\"https:\/\/lurdinha.org\/site\/wp-content\/uploads\/27112011250-300x225.jpg 300w, https:\/\/lurdinha.org\/site\/wp-content\/uploads\/27112011250-1024x768.jpg 1024w, https:\/\/lurdinha.org\/site\/wp-content\/uploads\/27112011250.jpg 1600w\" sizes=\"auto, (max-width: 300px) 100vw, 300px\" \/><\/a><\/p>\n<p align=\"JUSTIFY\">Paulo Vin\u00edcius, conhecido como \u201cNex two\u201d no grafite, 23 anos, \u00e9 um dos organizadores do evento que j\u00e1 est\u00e1 na sua sexta edi\u00e7\u00e3o. H\u00e1 dois anos o rapaz, que d\u00e1 aulas de grafite em escolas e institui\u00e7\u00f5es, sai de Cavalcante, zona Norte do Rio, para fazer arte na Vila Oper\u00e1ria. \u201cA galera j\u00e1 estava querendo se reunir para pintar, mas n\u00e3o havia um lugar para fazer esse mutir\u00e3o. O Caj\u00e1 morava aqui e deu a ideia de reunir a galera na Vila Oper\u00e1ria\u201d, comentou Vin\u00edcius.<\/p>\n<p align=\"JUSTIFY\">\u201c<strong>O Meeting of favela \u00e9 um evento aberto para todo mundo\u201d<\/strong><\/p>\n<p align=\"JUSTIFY\">O nome veio inspirado no \u201cMeeting of styles\u201d (MOS), que \u00e9 um evento de grafite fechado, que acontece em v\u00e1rias cidades do mundo. \u201cO Caj\u00e1 batizou o nosso evento de Meeting of favela, que, ao contr\u00e1rio do MOS, \u00e9 aberto para todo mundo\u201d, explicou Vin\u00edcius.<a href=\"http:\/\/lurdinha.org\/site\/wp-content\/uploads\/27112011137.jpg\"><img loading=\"lazy\" decoding=\"async\" class=\"alignleft size-medium wp-image-1968\" alt=\"\" src=\"http:\/\/lurdinha.org\/site\/wp-content\/uploads\/27112011137-300x225.jpg\" width=\"300\" height=\"225\" srcset=\"https:\/\/lurdinha.org\/site\/wp-content\/uploads\/27112011137-300x225.jpg 300w, https:\/\/lurdinha.org\/site\/wp-content\/uploads\/27112011137-1024x768.jpg 1024w, https:\/\/lurdinha.org\/site\/wp-content\/uploads\/27112011137.jpg 1600w\" sizes=\"auto, (max-width: 300px) 100vw, 300px\" \/><\/a><\/p>\n<p align=\"JUSTIFY\">A realiza\u00e7\u00e3o do MOF \u00e9 totalmente independente. \u201c\u00c9 um evento que partiu da nossa iniciativa. Colocamos dinheiro do nosso bolso para que tudo isso aconte\u00e7a. As pessoas que v\u00eam de outros estados e at\u00e9 de outros pa\u00edses, como o pessoal do Chile que est\u00e1 aqui com a gente, podem dormir na escola (Col\u00e9gio Estadual Vin\u00edcius de Moraes), que al\u00e9m de ceder o espa\u00e7o, alimenta todo mundo nos tr\u00eas dias do evento. \u00c9 tudo na correria, &#8216;cada um d\u00e1 uma parada&#8217;, e assim a gente faz o MOF\u201d, disse Nex two.<\/p>\n<p align=\"JUSTIFY\"><strong>A festa da paz<\/strong><\/p>\n<p align=\"JUSTIFY\">No in\u00edcio do MOF havia um pouco de resist\u00eancia dos moradores, que confundiam o grafite com a picha\u00e7\u00e3o, mas passados seis anos, a popula\u00e7\u00e3o percebeu que a arte n\u00e3o tem limites. \u201cAqui \u00e9 bem louco. A galera vai chegando, e os moradores com o passar dos anos, j\u00e1 est\u00e3o perdendo o preconceito de achar que n\u00f3s somos pichadores. A gente chega na comunidade e os pr\u00f3prios moradores pedem para que a gente pinte o muro deles\u201d, comentou sorridente Vin\u00edcus.<\/p>\n<p align=\"JUSTIFY\"><a href=\"http:\/\/lurdinha.org\/site\/wp-content\/uploads\/27112011234.jpg\"><img loading=\"lazy\" decoding=\"async\" class=\"alignleft size-medium wp-image-1957\" alt=\"\" src=\"http:\/\/lurdinha.org\/site\/wp-content\/uploads\/27112011234-300x225.jpg\" width=\"300\" height=\"225\" srcset=\"https:\/\/lurdinha.org\/site\/wp-content\/uploads\/27112011234-300x225.jpg 300w, https:\/\/lurdinha.org\/site\/wp-content\/uploads\/27112011234-1024x768.jpg 1024w, https:\/\/lurdinha.org\/site\/wp-content\/uploads\/27112011234.jpg 1600w\" sizes=\"auto, (max-width: 300px) 100vw, 300px\" \/><\/a><\/p>\n<p align=\"JUSTIFY\">Denise Alves, 34 anos \u00e9 moradora da Vila Oper\u00e1ria, aprova o evento. \u201cN\u00e3o \u00e9 a primeira vez que pintam meu muro. \u00c0s vezes ofere\u00e7o ou \u00e0s vezes eles pedem para pintar. Eu acho bonito, gosto dos desenhos. Quando eles est\u00e3o grafitando converso com eles. Com o Grafite a comunidade fica mais bonita,\u201d conclui a dona de casa.<\/p>\n<p align=\"JUSTIFY\">Por ser realizado em uma favela controlada pelo tr\u00e1fico, o MOF precisou ganhar a confian\u00e7a da comunidade para se firmar no calend\u00e1rio local, al\u00e9m de garantir a seguran\u00e7a de todos no evento. \u201cOs bandidos n\u00e3o mexem com ningu\u00e9m. Nesses tr\u00eas dias de MOF a comunidade est\u00e1 em paz\u201d, falou Vin\u00edcius.<\/p>\n<p align=\"JUSTIFY\">\u201c<strong>O P\u00e3o de A\u00e7\u00facar e o Cristo eu vejo pela televis\u00e3o, mas isso s\u00f3 tem aqui na Vila Oper\u00e1ria. Se eu pudesse, ficaria mais tempo\u201d<\/strong><\/p>\n<p align=\"JUSTIFY\">\u201cGrafite \u00e9 arte, mas \u00e9 tamb\u00e9m um estilo de vida\u201d. \u00c9 assim que definem Ricardo Athayde, 25 anos e Thiago Fheit, de 23 anos, que viajaram mais de 400 quil\u00f4metros, de Santo Andr\u00e9 (SP) at\u00e9 Duque de Caxias, para participarem pela primeira vez do MOF. Athayde disse que conheceu o Meeting of favela atrav\u00e9s da internet. \u201cAlguns amigos j\u00e1 ligados ao grafite falaram sobre o MOF, e isso tamb\u00e9m foi divulgado nas redes sociais. Grafiti \u00e9 da hora <em>v\u00e9io<\/em>, nem tenho palavras para descrever esse momento. Eu vivo grafite\u201d, desabafou Athayde.<\/p>\n<p align=\"JUSTIFY\">Essa tamb\u00e9m foi a primeira vez que o grupo de amigos visitou o Rio de Janeiro. \u201cUns amigos sa\u00edram para visitar o Rio (capital), mas eu preferi ficar aqui mesmo. O P\u00e3o de A\u00e7\u00facar e o Cristo eu vejo pela televis\u00e3o, mas isso s\u00f3 tem aqui na Vila Oper\u00e1ria. Se eu pudesse, ficaria mais tempo\u201d, conclui Athayde, que j\u00e1 estava preparado para voltar para S\u00e3o Paulo.<a href=\"http:\/\/lurdinha.org\/site\/wp-content\/uploads\/27112011097.jpg\"><img loading=\"lazy\" decoding=\"async\" class=\"alignright size-medium wp-image-1971\" alt=\"\" src=\"http:\/\/lurdinha.org\/site\/wp-content\/uploads\/27112011097-225x300.jpg\" width=\"225\" height=\"300\" srcset=\"https:\/\/lurdinha.org\/site\/wp-content\/uploads\/27112011097-225x300.jpg 225w, https:\/\/lurdinha.org\/site\/wp-content\/uploads\/27112011097-768x1024.jpg 768w, https:\/\/lurdinha.org\/site\/wp-content\/uploads\/27112011097.jpg 1200w\" sizes=\"auto, (max-width: 225px) 100vw, 225px\" \/><\/a><\/p>\n<p align=\"JUSTIFY\">\u201c<strong>Tive uma inspira\u00e7\u00e3o Divina que me mostrou que o grafite \u00e9 o meu Minist\u00e9rio. N\u00e3o sei fazer outra coisa al\u00e9m disso\u201d<\/strong><\/p>\n<p align=\"JUSTIFY\">O Meeting of favela \u00e9 um evento democr\u00e1tico, aberto, sem preconceitos, sem limites, e isso vale tamb\u00e9m quando o assunto \u00e9 religi\u00e3o. Artur Cordeiro, 20 anos, \u00e9 um exemplo disto. Grafiteiro desde 2008, participa do MOF h\u00e1 quatro anos. \u201cSempre desenhei, e comecei a grafitar com um amigo que j\u00e1 estava nesse meio. Acabei me afastando do grupo de amigos porque estava ficando distante da Igreja. Mas depois tive uma inspira\u00e7\u00e3o Divina, que me mostrou que o grafite \u00e9 o meu Minist\u00e9rio na Igreja. Eu n\u00e3o sei cantar, n\u00e3o sei tocar instrumentos, n\u00e3o sei pregar, a \u00fanica coisa que sei fazer \u00e9 grafitar, e \u00e9 assim que eu levo a Palavra de Deus\u201d, contou o rapaz, que sempre deixa uma mensagem b\u00edblica nos seus grafites. O jovem participa do Grafiteen, Minist\u00e9rio de Grafite com adolescentes, feito pela ABC (Adolescente Batista Carioca). \u201cAs pessoas me olham grafitando, usando alargador na orelha. Nem imaginam que eu sou evang\u00e9lico. Mas eu sempre procuro fazer a diferen\u00e7a, e essa \u00e9 a forma que eu tenho de chegar nas pessoas e falar sobre Deus\u201d, finaliza Arthur.<\/p>\n<p align=\"JUSTIFY\">O Grafite transforma e traz novos horizontes para quem decidiu viver dessa arte. Felipe de Oliveira, Park, codinome no Grafite, tem 17 anos e \u00e9 estudante do segundo ano do Ensino M\u00e9dio. Morador da Ilha do Governador, participa do MOF h\u00e1 tr\u00eas anos. \u201cComecei a pichar com 12 anos. Fazia muita bagun\u00e7a na escola e a assistente social foi \u00e0 minha casa perguntar para minha m\u00e3e o que eu gostava de fazer. Nessa \u00e9poca havia sido lan\u00e7ada uma revista de Grafite de S\u00e3o Paulo, e eu me apaixonei. Eu rabiscava tentando imitar o que via. E minha m\u00e3e disse para a assistente social que eu gostava de fazer aquilo (que ela nem sabia exatamente o nome). Ent\u00e3o a assistente social indicou o curso de Grafite na Casa de Cultura Elbe de Holanda\u201d, contou Park.<\/p>\n<p align=\"JUSTIFY\"><a href=\"http:\/\/lurdinha.org\/site\/wp-content\/uploads\/27112011122.jpg\">\u00a0<img loading=\"lazy\" decoding=\"async\" class=\"size-medium wp-image-1970 alignnone\" alt=\"\" src=\"http:\/\/lurdinha.org\/site\/wp-content\/uploads\/27112011122-300x225.jpg\" width=\"270\" height=\"241\" \/><\/a>\u00a0\u00a0 <a href=\"http:\/\/lurdinha.org\/site\/wp-content\/uploads\/27112011135.jpg\"><img loading=\"lazy\" decoding=\"async\" class=\"alignnone size-medium wp-image-1969\" alt=\"\" src=\"http:\/\/lurdinha.org\/site\/wp-content\/uploads\/27112011135-300x225.jpg\" width=\"276\" height=\"241\" \/><\/a><\/p>\n<p align=\"JUSTIFY\">Amigo de Park, Luiz Cl\u00e1udio Oliveira, tamb\u00e9m morador da Ilha, tamb\u00e9m era pichador antes de fazer o curso de Grafite. \u201cQuero ser profissional do Grafite. Vou fazer faculdade de Artes Pl\u00e1sticas\u201d, comentou o rapaz, que j\u00e1 planeja o futuro. A terceira integrante do \u201cbonde da Ilha\u201d, Amanda Ara\u00fajo, ou Dix, de 15 anos, tamb\u00e9m v\u00ea o Grafite como profiss\u00e3o e retira inspira\u00e7\u00e3o das grandes grafiteiras que est\u00e3o invadindo uma \u00e1rea que era quase exclusiva para os homens. \u201cNA galera recebe bem as meninas no grafite. No curso que eu fazia eu era a \u00fanica garota. Hoje em dia s\u00f3 tem meninas l\u00e1. A professora do curso j\u00e1 ganhou tr\u00eas vezes o pr\u00eamio de destaque de Grafite\u201d, falou Dix.<\/p>\n<p align=\"JUSTIFY\"><a href=\"http:\/\/lurdinha.org\/site\/wp-content\/uploads\/27112011247.jpg\"><img loading=\"lazy\" decoding=\"async\" class=\"alignright size-medium wp-image-1956\" alt=\"\" src=\"http:\/\/lurdinha.org\/site\/wp-content\/uploads\/27112011247-225x300.jpg\" width=\"225\" height=\"300\" srcset=\"https:\/\/lurdinha.org\/site\/wp-content\/uploads\/27112011247-225x300.jpg 225w, https:\/\/lurdinha.org\/site\/wp-content\/uploads\/27112011247-768x1024.jpg 768w, https:\/\/lurdinha.org\/site\/wp-content\/uploads\/27112011247.jpg 1200w\" sizes=\"auto, (max-width: 225px) 100vw, 225px\" \/><\/a>&#8220;<strong>A cultura se constr\u00f3i na rua, que \u00e9 um espa\u00e7o p\u00fablico, e ocup\u00e1-la \u00e9 um direito nosso\u201d<\/strong><\/p>\n<p align=\"JUSTIFY\">Mas o Meeting of favela n\u00e3o se resume ao Grafite. O evento re\u00fane diversas artes, trazendo vida, cor e m\u00fasica para a Vila Oper\u00e1ria. Crian\u00e7as, velhos, homens e mulheres, moradores e at\u00e9 estrangeiros disputam um espa\u00e7o nas ruas estreitas que recebem os garotos B-boys, malabaristas, poetas do rap improvisado e curiosos. Tudo ao som do Hip-hop, reggae, funk. Para quem n\u00e3o est\u00e1 acostumado com essa uni\u00e3o e intera\u00e7\u00e3o art\u00edstica, pode parecer louco estar em um lugar com tanta coisa acontecendo ao mesmo tempo.<\/p>\n<p align=\"JUSTIFY\">Convidados para tocar no MOF, a Orquestra Voadora, j\u00e1 conhecida nos circuitos culturais do Rio, fez uma apresenta\u00e7\u00e3o empolgante que balan\u00e7ou comunidade durante o concerto ambulante. \u201cTocar aqui foi sensacional. Essa tipo de evento, com a integra\u00e7\u00e3o das artes e das pessoas \u00e9 dos que eu mais gosto de participar e, para mim, \u00e9 uma honra estar aqui com a Voadora\u201d, disse Juliano Pires, o Juba da Orquestra Voadora.<\/p>\n<p align=\"JUSTIFY\"><a href=\"http:\/\/lurdinha.org\/site\/wp-content\/uploads\/271120111591.jpg\"><img loading=\"lazy\" decoding=\"async\" class=\"alignleft size-medium wp-image-1959\" alt=\"\" src=\"http:\/\/lurdinha.org\/site\/wp-content\/uploads\/271120111591-300x225.jpg\" width=\"300\" height=\"225\" srcset=\"https:\/\/lurdinha.org\/site\/wp-content\/uploads\/271120111591-300x225.jpg 300w, https:\/\/lurdinha.org\/site\/wp-content\/uploads\/271120111591-1024x768.jpg 1024w, https:\/\/lurdinha.org\/site\/wp-content\/uploads\/271120111591.jpg 1600w\" sizes=\"auto, (max-width: 300px) 100vw, 300px\" \/><\/a>\u201cO que mais gostei durante a nossa apresenta\u00e7\u00e3o foi a intera\u00e7\u00e3o dos garotos B-boys fazendo um di\u00e1logo com a gente na base do improviso. Tamb\u00e9m foi legal quando a acompanhamos a galera do hip hop, fazendo as rimas na hora. As pinturas s\u00e3o incr\u00edveis. A cultura se constr\u00f3i na rua, que \u00e9 um espa\u00e7o p\u00fablico, e ocup\u00e1-la \u00e9 um direito nosso\u201d, concluiu o m\u00fasico.<\/p>\n","protected":false},"excerpt":{"rendered":"<p>A Vila Oper\u00e1ria respira arte. Das vielas e becos que cortam a favela localizada em&#8230;<\/p>\n","protected":false},"author":30,"featured_media":0,"comment_status":"open","ping_status":"closed","sticky":false,"template":"","format":"standard","meta":{"footnotes":""},"categories":[3,8],"tags":[12,11,452,451,345,453,299],"class_list":["post-1952","post","type-post","status-publish","format-standard","hentry","category-clique","category-evento","tag-baixada-fluminense","tag-duque-de-caxias","tag-grafiti","tag-kaja","tag-meeting-of-favela","tag-mof","tag-vila-operaria"],"yoast_head":"<!-- This site is optimized with the Yoast SEO plugin v27.5 - https:\/\/yoast.com\/product\/yoast-seo-wordpress\/ -->\n<title>Meeting of favela: onde a arte se mistura com tinta - Lurdinha - Duque de Caxias para Est\u00f4magos Fortes<\/title>\n<meta name=\"robots\" content=\"index, follow, max-snippet:-1, max-image-preview:large, max-video-preview:-1\" \/>\n<link rel=\"canonical\" href=\"https:\/\/lurdinha.org\/site\/meeting-of-favela-onde-a-arte-se-mistura-com-tinta\/\" \/>\n<meta property=\"og:locale\" content=\"pt_BR\" \/>\n<meta property=\"og:type\" content=\"article\" \/>\n<meta property=\"og:title\" content=\"Meeting of favela: onde a arte se mistura com tinta - Lurdinha - Duque de Caxias para Est\u00f4magos Fortes\" \/>\n<meta property=\"og:description\" content=\"A Vila Oper\u00e1ria respira arte. Das vielas e becos que cortam a favela localizada em...\" \/>\n<meta property=\"og:url\" content=\"https:\/\/lurdinha.org\/site\/meeting-of-favela-onde-a-arte-se-mistura-com-tinta\/\" \/>\n<meta property=\"og:site_name\" content=\"Lurdinha - Duque de Caxias para Est\u00f4magos Fortes\" \/>\n<meta property=\"article:publisher\" content=\"https:\/\/www.facebook.com\/LurdinhadeCaxias\" \/>\n<meta property=\"article:author\" content=\"www.facebook.com\/elisdeaquino\" \/>\n<meta property=\"article:published_time\" content=\"2011-11-30T17:41:32+00:00\" \/>\n<meta property=\"article:modified_time\" content=\"2013-10-10T00:07:21+00:00\" \/>\n<meta property=\"og:image\" content=\"https:\/\/lurdinha.org\/site\/wp-content\/uploads\/27112011181.jpg\" \/>\n\t<meta property=\"og:image:width\" content=\"1600\" \/>\n\t<meta property=\"og:image:height\" content=\"1200\" \/>\n\t<meta property=\"og:image:type\" content=\"image\/jpeg\" \/>\n<meta name=\"author\" content=\"Elis de Aquino\" \/>\n<meta name=\"twitter:card\" content=\"summary_large_image\" \/>\n<meta name=\"twitter:label1\" content=\"Escrito por\" \/>\n\t<meta name=\"twitter:data1\" content=\"Elis de Aquino\" \/>\n\t<meta name=\"twitter:label2\" content=\"Est. tempo de leitura\" \/>\n\t<meta name=\"twitter:data2\" content=\"7 minutos\" \/>\n<script type=\"application\/ld+json\" class=\"yoast-schema-graph\">{\"@context\":\"https:\\\/\\\/schema.org\",\"@graph\":[{\"@type\":\"Article\",\"@id\":\"https:\\\/\\\/lurdinha.org\\\/site\\\/meeting-of-favela-onde-a-arte-se-mistura-com-tinta\\\/#article\",\"isPartOf\":{\"@id\":\"https:\\\/\\\/lurdinha.org\\\/site\\\/meeting-of-favela-onde-a-arte-se-mistura-com-tinta\\\/\"},\"author\":{\"name\":\"Elis de Aquino\",\"@id\":\"https:\\\/\\\/lurdinha.org\\\/site\\\/#\\\/schema\\\/person\\\/b51e37762b2d27e3e470732926211959\"},\"headline\":\"Meeting of favela: onde a arte se mistura com tinta\",\"datePublished\":\"2011-11-30T17:41:32+00:00\",\"dateModified\":\"2013-10-10T00:07:21+00:00\",\"mainEntityOfPage\":{\"@id\":\"https:\\\/\\\/lurdinha.org\\\/site\\\/meeting-of-favela-onde-a-arte-se-mistura-com-tinta\\\/\"},\"wordCount\":1491,\"commentCount\":5,\"publisher\":{\"@id\":\"https:\\\/\\\/lurdinha.org\\\/site\\\/#organization\"},\"image\":{\"@id\":\"https:\\\/\\\/lurdinha.org\\\/site\\\/meeting-of-favela-onde-a-arte-se-mistura-com-tinta\\\/#primaryimage\"},\"thumbnailUrl\":\"http:\\\/\\\/lurdinha.org\\\/site\\\/wp-content\\\/uploads\\\/27112011181-300x225.jpg\",\"keywords\":[\"baixada-fluminense\",\"duque-de-caxias\",\"grafiti\",\"Kaj\u00e1\",\"Meeting Of Favela\",\"MOF\",\"Vila Oper\u00e1ria\"],\"articleSection\":[\"clique\",\"evento\"],\"inLanguage\":\"pt-BR\",\"potentialAction\":[{\"@type\":\"CommentAction\",\"name\":\"Comment\",\"target\":[\"https:\\\/\\\/lurdinha.org\\\/site\\\/meeting-of-favela-onde-a-arte-se-mistura-com-tinta\\\/#respond\"]}]},{\"@type\":\"WebPage\",\"@id\":\"https:\\\/\\\/lurdinha.org\\\/site\\\/meeting-of-favela-onde-a-arte-se-mistura-com-tinta\\\/\",\"url\":\"https:\\\/\\\/lurdinha.org\\\/site\\\/meeting-of-favela-onde-a-arte-se-mistura-com-tinta\\\/\",\"name\":\"Meeting of favela: onde a arte se mistura com tinta - Lurdinha - Duque de Caxias para Est\u00f4magos Fortes\",\"isPartOf\":{\"@id\":\"https:\\\/\\\/lurdinha.org\\\/site\\\/#website\"},\"primaryImageOfPage\":{\"@id\":\"https:\\\/\\\/lurdinha.org\\\/site\\\/meeting-of-favela-onde-a-arte-se-mistura-com-tinta\\\/#primaryimage\"},\"image\":{\"@id\":\"https:\\\/\\\/lurdinha.org\\\/site\\\/meeting-of-favela-onde-a-arte-se-mistura-com-tinta\\\/#primaryimage\"},\"thumbnailUrl\":\"http:\\\/\\\/lurdinha.org\\\/site\\\/wp-content\\\/uploads\\\/27112011181-300x225.jpg\",\"datePublished\":\"2011-11-30T17:41:32+00:00\",\"dateModified\":\"2013-10-10T00:07:21+00:00\",\"breadcrumb\":{\"@id\":\"https:\\\/\\\/lurdinha.org\\\/site\\\/meeting-of-favela-onde-a-arte-se-mistura-com-tinta\\\/#breadcrumb\"},\"inLanguage\":\"pt-BR\",\"potentialAction\":[{\"@type\":\"ReadAction\",\"target\":[\"https:\\\/\\\/lurdinha.org\\\/site\\\/meeting-of-favela-onde-a-arte-se-mistura-com-tinta\\\/\"]}]},{\"@type\":\"ImageObject\",\"inLanguage\":\"pt-BR\",\"@id\":\"https:\\\/\\\/lurdinha.org\\\/site\\\/meeting-of-favela-onde-a-arte-se-mistura-com-tinta\\\/#primaryimage\",\"url\":\"https:\\\/\\\/lurdinha.org\\\/site\\\/wp-content\\\/uploads\\\/27112011181.jpg\",\"contentUrl\":\"https:\\\/\\\/lurdinha.org\\\/site\\\/wp-content\\\/uploads\\\/27112011181.jpg\",\"width\":\"1600\",\"height\":\"1200\"},{\"@type\":\"BreadcrumbList\",\"@id\":\"https:\\\/\\\/lurdinha.org\\\/site\\\/meeting-of-favela-onde-a-arte-se-mistura-com-tinta\\\/#breadcrumb\",\"itemListElement\":[{\"@type\":\"ListItem\",\"position\":1,\"name\":\"In\u00edcio\",\"item\":\"https:\\\/\\\/lurdinha.org\\\/site\\\/\"},{\"@type\":\"ListItem\",\"position\":2,\"name\":\"Meeting of favela: onde a arte se mistura com tinta\"}]},{\"@type\":\"WebSite\",\"@id\":\"https:\\\/\\\/lurdinha.org\\\/site\\\/#website\",\"url\":\"https:\\\/\\\/lurdinha.org\\\/site\\\/\",\"name\":\"Lurdinha - Duque de Caxias para Est\u00f4magos Fortes\",\"description\":\"Site sobre Arte, Cultura, Pol\u00edtica, Sociedade e curiosidades da cidade de Duque de Caxias, RJ\",\"publisher\":{\"@id\":\"https:\\\/\\\/lurdinha.org\\\/site\\\/#organization\"},\"alternateName\":\"Lurdinha\",\"potentialAction\":[{\"@type\":\"SearchAction\",\"target\":{\"@type\":\"EntryPoint\",\"urlTemplate\":\"https:\\\/\\\/lurdinha.org\\\/site\\\/?s={search_term_string}\"},\"query-input\":{\"@type\":\"PropertyValueSpecification\",\"valueRequired\":true,\"valueName\":\"search_term_string\"}}],\"inLanguage\":\"pt-BR\"},{\"@type\":\"Organization\",\"@id\":\"https:\\\/\\\/lurdinha.org\\\/site\\\/#organization\",\"name\":\"Lurdinha de Caxias\",\"url\":\"https:\\\/\\\/lurdinha.org\\\/site\\\/\",\"logo\":{\"@type\":\"ImageObject\",\"inLanguage\":\"pt-BR\",\"@id\":\"https:\\\/\\\/lurdinha.org\\\/site\\\/#\\\/schema\\\/logo\\\/image\\\/\",\"url\":\"https:\\\/\\\/lurdinha.org\\\/site\\\/wp-content\\\/uploads\\\/logo-lurdinha.jpg\",\"contentUrl\":\"https:\\\/\\\/lurdinha.org\\\/site\\\/wp-content\\\/uploads\\\/logo-lurdinha.jpg\",\"width\":640,\"height\":60,\"caption\":\"Lurdinha de Caxias\"},\"image\":{\"@id\":\"https:\\\/\\\/lurdinha.org\\\/site\\\/#\\\/schema\\\/logo\\\/image\\\/\"},\"sameAs\":[\"https:\\\/\\\/www.facebook.com\\\/LurdinhadeCaxias\",\"https:\\\/\\\/www.instagram.com\\\/lurdinhadecaxias\"]},{\"@type\":\"Person\",\"@id\":\"https:\\\/\\\/lurdinha.org\\\/site\\\/#\\\/schema\\\/person\\\/b51e37762b2d27e3e470732926211959\",\"name\":\"Elis de Aquino\",\"image\":{\"@type\":\"ImageObject\",\"inLanguage\":\"pt-BR\",\"@id\":\"https:\\\/\\\/secure.gravatar.com\\\/avatar\\\/c9ba8d2c12c058f921bfbae405c70a8b14ad4395d962a2395498a3e9b10b8ae0?s=96&d=mm&r=g\",\"url\":\"https:\\\/\\\/secure.gravatar.com\\\/avatar\\\/c9ba8d2c12c058f921bfbae405c70a8b14ad4395d962a2395498a3e9b10b8ae0?s=96&d=mm&r=g\",\"contentUrl\":\"https:\\\/\\\/secure.gravatar.com\\\/avatar\\\/c9ba8d2c12c058f921bfbae405c70a8b14ad4395d962a2395498a3e9b10b8ae0?s=96&d=mm&r=g\",\"caption\":\"Elis de Aquino\"},\"sameAs\":[\"www.facebook.com\\\/elisdeaquino\"],\"url\":\"https:\\\/\\\/lurdinha.org\\\/site\\\/author\\\/elis\\\/\"}]}<\/script>\n<!-- \/ Yoast SEO plugin. -->","yoast_head_json":{"title":"Meeting of favela: onde a arte se mistura com tinta - Lurdinha - Duque de Caxias para Est\u00f4magos Fortes","robots":{"index":"index","follow":"follow","max-snippet":"max-snippet:-1","max-image-preview":"max-image-preview:large","max-video-preview":"max-video-preview:-1"},"canonical":"https:\/\/lurdinha.org\/site\/meeting-of-favela-onde-a-arte-se-mistura-com-tinta\/","og_locale":"pt_BR","og_type":"article","og_title":"Meeting of favela: onde a arte se mistura com tinta - Lurdinha - Duque de Caxias para Est\u00f4magos Fortes","og_description":"A Vila Oper\u00e1ria respira arte. Das vielas e becos que cortam a favela localizada em...","og_url":"https:\/\/lurdinha.org\/site\/meeting-of-favela-onde-a-arte-se-mistura-com-tinta\/","og_site_name":"Lurdinha - Duque de Caxias para Est\u00f4magos Fortes","article_publisher":"https:\/\/www.facebook.com\/LurdinhadeCaxias","article_author":"www.facebook.com\/elisdeaquino","article_published_time":"2011-11-30T17:41:32+00:00","article_modified_time":"2013-10-10T00:07:21+00:00","og_image":[{"width":1600,"height":1200,"url":"https:\/\/lurdinha.org\/site\/wp-content\/uploads\/27112011181.jpg","type":"image\/jpeg"}],"author":"Elis de Aquino","twitter_card":"summary_large_image","twitter_misc":{"Escrito por":"Elis de Aquino","Est. tempo de leitura":"7 minutos"},"schema":{"@context":"https:\/\/schema.org","@graph":[{"@type":"Article","@id":"https:\/\/lurdinha.org\/site\/meeting-of-favela-onde-a-arte-se-mistura-com-tinta\/#article","isPartOf":{"@id":"https:\/\/lurdinha.org\/site\/meeting-of-favela-onde-a-arte-se-mistura-com-tinta\/"},"author":{"name":"Elis de Aquino","@id":"https:\/\/lurdinha.org\/site\/#\/schema\/person\/b51e37762b2d27e3e470732926211959"},"headline":"Meeting of favela: onde a arte se mistura com tinta","datePublished":"2011-11-30T17:41:32+00:00","dateModified":"2013-10-10T00:07:21+00:00","mainEntityOfPage":{"@id":"https:\/\/lurdinha.org\/site\/meeting-of-favela-onde-a-arte-se-mistura-com-tinta\/"},"wordCount":1491,"commentCount":5,"publisher":{"@id":"https:\/\/lurdinha.org\/site\/#organization"},"image":{"@id":"https:\/\/lurdinha.org\/site\/meeting-of-favela-onde-a-arte-se-mistura-com-tinta\/#primaryimage"},"thumbnailUrl":"http:\/\/lurdinha.org\/site\/wp-content\/uploads\/27112011181-300x225.jpg","keywords":["baixada-fluminense","duque-de-caxias","grafiti","Kaj\u00e1","Meeting Of Favela","MOF","Vila Oper\u00e1ria"],"articleSection":["clique","evento"],"inLanguage":"pt-BR","potentialAction":[{"@type":"CommentAction","name":"Comment","target":["https:\/\/lurdinha.org\/site\/meeting-of-favela-onde-a-arte-se-mistura-com-tinta\/#respond"]}]},{"@type":"WebPage","@id":"https:\/\/lurdinha.org\/site\/meeting-of-favela-onde-a-arte-se-mistura-com-tinta\/","url":"https:\/\/lurdinha.org\/site\/meeting-of-favela-onde-a-arte-se-mistura-com-tinta\/","name":"Meeting of favela: onde a arte se mistura com tinta - Lurdinha - Duque de Caxias para Est\u00f4magos Fortes","isPartOf":{"@id":"https:\/\/lurdinha.org\/site\/#website"},"primaryImageOfPage":{"@id":"https:\/\/lurdinha.org\/site\/meeting-of-favela-onde-a-arte-se-mistura-com-tinta\/#primaryimage"},"image":{"@id":"https:\/\/lurdinha.org\/site\/meeting-of-favela-onde-a-arte-se-mistura-com-tinta\/#primaryimage"},"thumbnailUrl":"http:\/\/lurdinha.org\/site\/wp-content\/uploads\/27112011181-300x225.jpg","datePublished":"2011-11-30T17:41:32+00:00","dateModified":"2013-10-10T00:07:21+00:00","breadcrumb":{"@id":"https:\/\/lurdinha.org\/site\/meeting-of-favela-onde-a-arte-se-mistura-com-tinta\/#breadcrumb"},"inLanguage":"pt-BR","potentialAction":[{"@type":"ReadAction","target":["https:\/\/lurdinha.org\/site\/meeting-of-favela-onde-a-arte-se-mistura-com-tinta\/"]}]},{"@type":"ImageObject","inLanguage":"pt-BR","@id":"https:\/\/lurdinha.org\/site\/meeting-of-favela-onde-a-arte-se-mistura-com-tinta\/#primaryimage","url":"https:\/\/lurdinha.org\/site\/wp-content\/uploads\/27112011181.jpg","contentUrl":"https:\/\/lurdinha.org\/site\/wp-content\/uploads\/27112011181.jpg","width":"1600","height":"1200"},{"@type":"BreadcrumbList","@id":"https:\/\/lurdinha.org\/site\/meeting-of-favela-onde-a-arte-se-mistura-com-tinta\/#breadcrumb","itemListElement":[{"@type":"ListItem","position":1,"name":"In\u00edcio","item":"https:\/\/lurdinha.org\/site\/"},{"@type":"ListItem","position":2,"name":"Meeting of favela: onde a arte se mistura com tinta"}]},{"@type":"WebSite","@id":"https:\/\/lurdinha.org\/site\/#website","url":"https:\/\/lurdinha.org\/site\/","name":"Lurdinha - Duque de Caxias para Est\u00f4magos Fortes","description":"Site sobre Arte, Cultura, Pol\u00edtica, Sociedade e curiosidades da cidade de Duque de Caxias, RJ","publisher":{"@id":"https:\/\/lurdinha.org\/site\/#organization"},"alternateName":"Lurdinha","potentialAction":[{"@type":"SearchAction","target":{"@type":"EntryPoint","urlTemplate":"https:\/\/lurdinha.org\/site\/?s={search_term_string}"},"query-input":{"@type":"PropertyValueSpecification","valueRequired":true,"valueName":"search_term_string"}}],"inLanguage":"pt-BR"},{"@type":"Organization","@id":"https:\/\/lurdinha.org\/site\/#organization","name":"Lurdinha de Caxias","url":"https:\/\/lurdinha.org\/site\/","logo":{"@type":"ImageObject","inLanguage":"pt-BR","@id":"https:\/\/lurdinha.org\/site\/#\/schema\/logo\/image\/","url":"https:\/\/lurdinha.org\/site\/wp-content\/uploads\/logo-lurdinha.jpg","contentUrl":"https:\/\/lurdinha.org\/site\/wp-content\/uploads\/logo-lurdinha.jpg","width":640,"height":60,"caption":"Lurdinha de Caxias"},"image":{"@id":"https:\/\/lurdinha.org\/site\/#\/schema\/logo\/image\/"},"sameAs":["https:\/\/www.facebook.com\/LurdinhadeCaxias","https:\/\/www.instagram.com\/lurdinhadecaxias"]},{"@type":"Person","@id":"https:\/\/lurdinha.org\/site\/#\/schema\/person\/b51e37762b2d27e3e470732926211959","name":"Elis de Aquino","image":{"@type":"ImageObject","inLanguage":"pt-BR","@id":"https:\/\/secure.gravatar.com\/avatar\/c9ba8d2c12c058f921bfbae405c70a8b14ad4395d962a2395498a3e9b10b8ae0?s=96&d=mm&r=g","url":"https:\/\/secure.gravatar.com\/avatar\/c9ba8d2c12c058f921bfbae405c70a8b14ad4395d962a2395498a3e9b10b8ae0?s=96&d=mm&r=g","contentUrl":"https:\/\/secure.gravatar.com\/avatar\/c9ba8d2c12c058f921bfbae405c70a8b14ad4395d962a2395498a3e9b10b8ae0?s=96&d=mm&r=g","caption":"Elis de Aquino"},"sameAs":["www.facebook.com\/elisdeaquino"],"url":"https:\/\/lurdinha.org\/site\/author\/elis\/"}]}},"views":8761,"_links":{"self":[{"href":"https:\/\/lurdinha.org\/site\/wp-json\/wp\/v2\/posts\/1952","targetHints":{"allow":["GET"]}}],"collection":[{"href":"https:\/\/lurdinha.org\/site\/wp-json\/wp\/v2\/posts"}],"about":[{"href":"https:\/\/lurdinha.org\/site\/wp-json\/wp\/v2\/types\/post"}],"author":[{"embeddable":true,"href":"https:\/\/lurdinha.org\/site\/wp-json\/wp\/v2\/users\/30"}],"replies":[{"embeddable":true,"href":"https:\/\/lurdinha.org\/site\/wp-json\/wp\/v2\/comments?post=1952"}],"version-history":[{"count":14,"href":"https:\/\/lurdinha.org\/site\/wp-json\/wp\/v2\/posts\/1952\/revisions"}],"predecessor-version":[{"id":4139,"href":"https:\/\/lurdinha.org\/site\/wp-json\/wp\/v2\/posts\/1952\/revisions\/4139"}],"wp:attachment":[{"href":"https:\/\/lurdinha.org\/site\/wp-json\/wp\/v2\/media?parent=1952"}],"wp:term":[{"taxonomy":"category","embeddable":true,"href":"https:\/\/lurdinha.org\/site\/wp-json\/wp\/v2\/categories?post=1952"},{"taxonomy":"post_tag","embeddable":true,"href":"https:\/\/lurdinha.org\/site\/wp-json\/wp\/v2\/tags?post=1952"}],"curies":[{"name":"wp","href":"https:\/\/api.w.org\/{rel}","templated":true}]}}