{"id":1721,"date":"2011-10-20T17:25:11","date_gmt":"2011-10-20T17:25:11","guid":{"rendered":"http:\/\/lurdinha.org\/site\/?p=1721"},"modified":"2020-09-04T00:21:41","modified_gmt":"2020-09-04T00:21:41","slug":"a-minha-cadela-estava-no-cio","status":"publish","type":"post","link":"https:\/\/lurdinha.org\/site\/a-minha-cadela-estava-no-cio\/","title":{"rendered":"A minha cadela estava no cio [ Cr\u00f4nicas do Eldemar ]"},"content":{"rendered":"<p>Paulo C\u00e9sar do Esp\u00edrito Santo era o nome do cara. Tinha a minha idade e morava no Parque Lafayette, num sobrado de esquina \u2013 Nilo Pe\u00e7anha com Gon\u00e7alves Dias. Foi a mistura mais perfeita que j\u00e1 conheci de intelectual com delinquente. Bem nascido, seu pai era empres\u00e1rio em Petr\u00f3polis e o tio, deputado estadual por Caxias, com v\u00e1rios mandatos.<\/p>\n<p>Gostava muito de ler, o que lhe permitia discutir diversos assuntos, e tinha um discurso contundente na defesa de suas id\u00e9ias, muitas delas beirando o fascismo. Mas era um cara engra\u00e7ado. No item <em>profiss\u00e3o<\/em>, se apresentava como rela\u00e7\u00f5es p\u00fablicas, embora eu n\u00e3o me lembre de v\u00ea-lo jamais exercendo tais fun\u00e7\u00f5es ou qualquer outra atividade l\u00edcita. Vivia mesmo de arma\u00e7\u00e3o.<\/p>\n<p>Costumava dizer que boa parte das terras do bairro onde morava pertencera \u00e0 sua fam\u00edlia. Por conta disso, se apoderou de um terreno na Nilo Pe\u00e7anha, vizinho \u00e0quele parque de divers\u00f5es que sumiu recentemente do cen\u00e1rio caxiense. Ali, ele armou uma esp\u00e9cie de mafu\u00e1, misto de ferro-velho, boca de fumo e <em>abatedouro<\/em>. E era ali, tamb\u00e9m, que, em meio a uma porrada de tralhas, recebia os amigos, entre os quais me inclu\u00eda, pra dar dois e bater papo. Vender maconha, ele vendia, sim, mas \u201c<em>s\u00f3 pros chegados<\/em>\u201d \u2013 como frisava sempre, entre um baseado e outro, que oferecia como amostra.<\/p>\n<p>Numa das muitas idas \u00e0 casa de Paulo C\u00e9sar, descobri uma fam\u00edlia que tinha um Doberman marrom. Era a primeira vez que eu via um c\u00e3o daquela ra\u00e7a com esta cor. Como meu pai tinha uma cadela igual (mas preta, de nome Kelly), que estava no cio, resolvi sondar as possibilidades de um cruzamento. O adolescente que se apresentou como dono do animal concordou, desde que eu a deixasse l\u00e1 por alguns dias. Fiquei de faz\u00ea-lo, na manh\u00e3 seguinte.<\/p>\n<p>O meu amigo, quando soube dessa hist\u00f3ria, prontificou-se a colaborar com o frete. Ele tinha um carro velho (Karmann-Ghia), que pegava muito bem no tranco e tinha quase sempre uma das portas (quando n\u00e3o as duas) emperrada. Combinamos, assim, que eu passaria pelo mafu\u00e1, por volta das 10. Mas, antes de pegar a cachorra em minha casa, passar\u00edamos no local para confirmar o acasalamento.<\/p>\n<p>Tudo saiu mais ou menos como combinado, s\u00f3 o que melou foi justamente o acasalamento. Pra come\u00e7ar, fui recebido pela m\u00e3e do adolescente, que j\u00e1 tinha conhecimento de tudo e queria \u201c<em>algumas informa\u00e7\u00f5es<\/em>\u201d sobre a cadela. \u201c<em>Tem pedigri?<\/em>\u201d. Sim, foi a minha resposta, a mesma, ali\u00e1s, para a pergunta seguinte: \u201c<em>Tem<\/em> <em>as orelhas operadas e o rabo tosado?<\/em>\u201d. Mas a\u00ed&#8230; n\u00e3o, a Kelly n\u00e3o era amestrada e a mulher fez um \u201c<em>Huummm!&#8230;<\/em>\u201d de reprova\u00e7\u00e3o. O c\u00e3o dela o era e ela fez quest\u00e3o de comprovar. Mandou que o filho trouxesse o animal, no que foi atendida.<\/p>\n<p>O menino mandou que o cachorro deitasse, e ele n\u00e3o obedeceu. Ordem reiterada, mas o bicho n\u00e3o lhe deu a m\u00ednima. O adolescente, ent\u00e3o, deu de m\u00e3o num porrete que se achava pr\u00f3ximo e o fez cantar no lombo do Doberman. A\u00ed, ele cedeu. Imediatamente me lembrei de alguns companheiros, que, em situa\u00e7\u00e3o semelhante, revelaram no Dops suas atividades subversivas. Pra minha surpresa, ainda faltava a pergunta final. A mulher quis saber:<\/p>\n<p>&#8211; Meu filho j\u00e1 combinou o pre\u00e7o com o senhor?<\/p>\n<p>Diante da minha cara de <em>meu Deus, que \u00e9 isso?<\/em> a criatura explicou que cobrava uma grana pela porra do seu cachorro. Algo em torno de 300 reais, na moeda da \u00e9poca. Fiquei pasmo. Foi quando Paulo C\u00e9sar, que at\u00e9 ent\u00e3o se mantivera \u00e0 parte, encostado no carro, resolveu entrar na conversa. E a cena que se desenrolou, a partir da\u00ed, foi esta:<\/p>\n<p>&#8211; Madame, a senhora vai me desculpar&#8230; eu n\u00e3o tenho cachorra&#8230; a minha participa\u00e7\u00e3o nessa hist\u00f3ria \u00e9 s\u00f3 fazer o carreto pro meu amigo. Mas, n\u00e3o acha que 300 pratas t\u00e1 um pouco salgado, n\u00e3o?<\/p>\n<p>A mulher:<\/p>\n<p>&#8211; Que nada. H\u00e1 quem cobre muito mais. Diz a\u00ed, meu filho: quanto \u00e9 que est\u00e3o cobrando por a\u00ed?<\/p>\n<p>O menino:<\/p>\n<p>&#8211; Ah, uns 500 reais.<\/p>\n<p>Paulo C\u00e9sar, arrematando:<\/p>\n<p><strong>&#8211; Ora, madame, a senhora vai me desculpar de novo. Mas, se eu tivesse 500 <em>pau<\/em> sobrando no meu bolso, neste momento, n\u00e3o iria patrocinar foda de cachorro. Quem ia foder era eu.<\/strong><\/p>\n<p>&nbsp;<\/p>\n<p><img loading=\"lazy\" decoding=\"async\" class=\"alignnone size-full wp-image-1724\" title=\"meu_cachorro_praia\" src=\"http:\/\/lurdinha.org\/site\/wp-content\/uploads\/meu_cachorro_praia.jpg\" alt=\"\" width=\"350\" height=\"230\" srcset=\"https:\/\/lurdinha.org\/site\/wp-content\/uploads\/meu_cachorro_praia.jpg 350w, https:\/\/lurdinha.org\/site\/wp-content\/uploads\/meu_cachorro_praia-300x197.jpg 300w\" sizes=\"auto, (max-width: 350px) 100vw, 350px\" \/><\/p>\n","protected":false},"excerpt":{"rendered":"<p>Paulo C\u00e9sar do Esp\u00edrito Santo era o nome do cara. Tinha a minha idade e&#8230;<\/p>\n","protected":false},"author":5,"featured_media":1724,"comment_status":"open","ping_status":"closed","sticky":false,"template":"","format":"standard","meta":{"footnotes":""},"categories":[9],"tags":[],"class_list":["post-1721","post","type-post","status-publish","format-standard","has-post-thumbnail","hentry","category-historia"],"yoast_head":"<!-- This site is optimized with the Yoast SEO plugin v27.3 - https:\/\/yoast.com\/product\/yoast-seo-wordpress\/ -->\n<title>A minha cadela estava no cio [ Cr\u00f4nicas do Eldemar ] - Lurdinha - Duque de Caxias para Est\u00f4magos Fortes<\/title>\n<meta name=\"robots\" content=\"index, follow, max-snippet:-1, max-image-preview:large, max-video-preview:-1\" \/>\n<link rel=\"canonical\" href=\"https:\/\/lurdinha.org\/site\/a-minha-cadela-estava-no-cio\/\" \/>\n<meta property=\"og:locale\" content=\"pt_BR\" \/>\n<meta property=\"og:type\" content=\"article\" \/>\n<meta property=\"og:title\" content=\"A minha cadela estava no cio [ Cr\u00f4nicas do Eldemar ] - Lurdinha - Duque de Caxias para Est\u00f4magos Fortes\" \/>\n<meta property=\"og:description\" content=\"Paulo C\u00e9sar do Esp\u00edrito Santo era o nome do cara. Tinha a minha idade e...\" \/>\n<meta property=\"og:url\" content=\"https:\/\/lurdinha.org\/site\/a-minha-cadela-estava-no-cio\/\" \/>\n<meta property=\"og:site_name\" content=\"Lurdinha - Duque de Caxias para Est\u00f4magos Fortes\" \/>\n<meta property=\"article:publisher\" content=\"https:\/\/www.facebook.com\/LurdinhadeCaxias\" \/>\n<meta property=\"article:published_time\" content=\"2011-10-20T17:25:11+00:00\" \/>\n<meta property=\"article:modified_time\" content=\"2020-09-04T00:21:41+00:00\" \/>\n<meta property=\"og:image\" content=\"https:\/\/lurdinha.org\/site\/wp-content\/uploads\/meu_cachorro_praia.jpg\" \/>\n\t<meta property=\"og:image:width\" content=\"350\" \/>\n\t<meta property=\"og:image:height\" content=\"230\" \/>\n\t<meta property=\"og:image:type\" content=\"image\/jpeg\" \/>\n<meta name=\"author\" content=\"Eldemar de Souza\" \/>\n<meta name=\"twitter:card\" content=\"summary_large_image\" \/>\n<meta name=\"twitter:label1\" content=\"Escrito por\" \/>\n\t<meta name=\"twitter:data1\" content=\"Eldemar de Souza\" \/>\n\t<meta name=\"twitter:label2\" content=\"Est. tempo de leitura\" \/>\n\t<meta name=\"twitter:data2\" content=\"4 minutos\" \/>\n<script type=\"application\/ld+json\" class=\"yoast-schema-graph\">{\"@context\":\"https:\\\/\\\/schema.org\",\"@graph\":[{\"@type\":\"Article\",\"@id\":\"https:\\\/\\\/lurdinha.org\\\/site\\\/a-minha-cadela-estava-no-cio\\\/#article\",\"isPartOf\":{\"@id\":\"https:\\\/\\\/lurdinha.org\\\/site\\\/a-minha-cadela-estava-no-cio\\\/\"},\"author\":{\"name\":\"Eldemar de Souza\",\"@id\":\"https:\\\/\\\/lurdinha.org\\\/site\\\/#\\\/schema\\\/person\\\/ff0b97e899a87e9d648686ae9e7295d5\"},\"headline\":\"A minha cadela estava no cio [ Cr\u00f4nicas do Eldemar ]\",\"datePublished\":\"2011-10-20T17:25:11+00:00\",\"dateModified\":\"2020-09-04T00:21:41+00:00\",\"mainEntityOfPage\":{\"@id\":\"https:\\\/\\\/lurdinha.org\\\/site\\\/a-minha-cadela-estava-no-cio\\\/\"},\"wordCount\":758,\"commentCount\":2,\"publisher\":{\"@id\":\"https:\\\/\\\/lurdinha.org\\\/site\\\/#organization\"},\"image\":{\"@id\":\"https:\\\/\\\/lurdinha.org\\\/site\\\/a-minha-cadela-estava-no-cio\\\/#primaryimage\"},\"thumbnailUrl\":\"https:\\\/\\\/lurdinha.org\\\/site\\\/wp-content\\\/uploads\\\/meu_cachorro_praia.jpg\",\"articleSection\":[\"hist\u00f3ria\"],\"inLanguage\":\"pt-BR\",\"potentialAction\":[{\"@type\":\"CommentAction\",\"name\":\"Comment\",\"target\":[\"https:\\\/\\\/lurdinha.org\\\/site\\\/a-minha-cadela-estava-no-cio\\\/#respond\"]}]},{\"@type\":\"WebPage\",\"@id\":\"https:\\\/\\\/lurdinha.org\\\/site\\\/a-minha-cadela-estava-no-cio\\\/\",\"url\":\"https:\\\/\\\/lurdinha.org\\\/site\\\/a-minha-cadela-estava-no-cio\\\/\",\"name\":\"A minha cadela estava no cio [ Cr\u00f4nicas do Eldemar ] - Lurdinha - Duque de Caxias para Est\u00f4magos Fortes\",\"isPartOf\":{\"@id\":\"https:\\\/\\\/lurdinha.org\\\/site\\\/#website\"},\"primaryImageOfPage\":{\"@id\":\"https:\\\/\\\/lurdinha.org\\\/site\\\/a-minha-cadela-estava-no-cio\\\/#primaryimage\"},\"image\":{\"@id\":\"https:\\\/\\\/lurdinha.org\\\/site\\\/a-minha-cadela-estava-no-cio\\\/#primaryimage\"},\"thumbnailUrl\":\"https:\\\/\\\/lurdinha.org\\\/site\\\/wp-content\\\/uploads\\\/meu_cachorro_praia.jpg\",\"datePublished\":\"2011-10-20T17:25:11+00:00\",\"dateModified\":\"2020-09-04T00:21:41+00:00\",\"breadcrumb\":{\"@id\":\"https:\\\/\\\/lurdinha.org\\\/site\\\/a-minha-cadela-estava-no-cio\\\/#breadcrumb\"},\"inLanguage\":\"pt-BR\",\"potentialAction\":[{\"@type\":\"ReadAction\",\"target\":[\"https:\\\/\\\/lurdinha.org\\\/site\\\/a-minha-cadela-estava-no-cio\\\/\"]}]},{\"@type\":\"ImageObject\",\"inLanguage\":\"pt-BR\",\"@id\":\"https:\\\/\\\/lurdinha.org\\\/site\\\/a-minha-cadela-estava-no-cio\\\/#primaryimage\",\"url\":\"https:\\\/\\\/lurdinha.org\\\/site\\\/wp-content\\\/uploads\\\/meu_cachorro_praia.jpg\",\"contentUrl\":\"https:\\\/\\\/lurdinha.org\\\/site\\\/wp-content\\\/uploads\\\/meu_cachorro_praia.jpg\",\"width\":\"350\",\"height\":\"230\"},{\"@type\":\"BreadcrumbList\",\"@id\":\"https:\\\/\\\/lurdinha.org\\\/site\\\/a-minha-cadela-estava-no-cio\\\/#breadcrumb\",\"itemListElement\":[{\"@type\":\"ListItem\",\"position\":1,\"name\":\"In\u00edcio\",\"item\":\"https:\\\/\\\/lurdinha.org\\\/site\\\/\"},{\"@type\":\"ListItem\",\"position\":2,\"name\":\"A minha cadela estava no cio [ Cr\u00f4nicas do Eldemar ]\"}]},{\"@type\":\"WebSite\",\"@id\":\"https:\\\/\\\/lurdinha.org\\\/site\\\/#website\",\"url\":\"https:\\\/\\\/lurdinha.org\\\/site\\\/\",\"name\":\"Lurdinha - Duque de Caxias para Est\u00f4magos Fortes\",\"description\":\"Site sobre Arte, Cultura, Pol\u00edtica, Sociedade e curiosidades da cidade de Duque de Caxias, RJ\",\"publisher\":{\"@id\":\"https:\\\/\\\/lurdinha.org\\\/site\\\/#organization\"},\"alternateName\":\"Lurdinha\",\"potentialAction\":[{\"@type\":\"SearchAction\",\"target\":{\"@type\":\"EntryPoint\",\"urlTemplate\":\"https:\\\/\\\/lurdinha.org\\\/site\\\/?s={search_term_string}\"},\"query-input\":{\"@type\":\"PropertyValueSpecification\",\"valueRequired\":true,\"valueName\":\"search_term_string\"}}],\"inLanguage\":\"pt-BR\"},{\"@type\":\"Organization\",\"@id\":\"https:\\\/\\\/lurdinha.org\\\/site\\\/#organization\",\"name\":\"Lurdinha de Caxias\",\"url\":\"https:\\\/\\\/lurdinha.org\\\/site\\\/\",\"logo\":{\"@type\":\"ImageObject\",\"inLanguage\":\"pt-BR\",\"@id\":\"https:\\\/\\\/lurdinha.org\\\/site\\\/#\\\/schema\\\/logo\\\/image\\\/\",\"url\":\"https:\\\/\\\/lurdinha.org\\\/site\\\/wp-content\\\/uploads\\\/logo-lurdinha.jpg\",\"contentUrl\":\"https:\\\/\\\/lurdinha.org\\\/site\\\/wp-content\\\/uploads\\\/logo-lurdinha.jpg\",\"width\":640,\"height\":60,\"caption\":\"Lurdinha de Caxias\"},\"image\":{\"@id\":\"https:\\\/\\\/lurdinha.org\\\/site\\\/#\\\/schema\\\/logo\\\/image\\\/\"},\"sameAs\":[\"https:\\\/\\\/www.facebook.com\\\/LurdinhadeCaxias\",\"https:\\\/\\\/www.instagram.com\\\/lurdinhadecaxias\"]},{\"@type\":\"Person\",\"@id\":\"https:\\\/\\\/lurdinha.org\\\/site\\\/#\\\/schema\\\/person\\\/ff0b97e899a87e9d648686ae9e7295d5\",\"name\":\"Eldemar de Souza\",\"image\":{\"@type\":\"ImageObject\",\"inLanguage\":\"pt-BR\",\"@id\":\"https:\\\/\\\/secure.gravatar.com\\\/avatar\\\/0a4332f26817387b10dbfea1e861c6ba350da6fd3c58c7c68da09390e621c2dd?s=96&d=mm&r=g\",\"url\":\"https:\\\/\\\/secure.gravatar.com\\\/avatar\\\/0a4332f26817387b10dbfea1e861c6ba350da6fd3c58c7c68da09390e621c2dd?s=96&d=mm&r=g\",\"contentUrl\":\"https:\\\/\\\/secure.gravatar.com\\\/avatar\\\/0a4332f26817387b10dbfea1e861c6ba350da6fd3c58c7c68da09390e621c2dd?s=96&d=mm&r=g\",\"caption\":\"Eldemar de Souza\"},\"url\":\"https:\\\/\\\/lurdinha.org\\\/site\\\/author\\\/eldemarsouza\\\/\"}]}<\/script>\n<!-- \/ Yoast SEO plugin. -->","yoast_head_json":{"title":"A minha cadela estava no cio [ Cr\u00f4nicas do Eldemar ] - Lurdinha - Duque de Caxias para Est\u00f4magos Fortes","robots":{"index":"index","follow":"follow","max-snippet":"max-snippet:-1","max-image-preview":"max-image-preview:large","max-video-preview":"max-video-preview:-1"},"canonical":"https:\/\/lurdinha.org\/site\/a-minha-cadela-estava-no-cio\/","og_locale":"pt_BR","og_type":"article","og_title":"A minha cadela estava no cio [ Cr\u00f4nicas do Eldemar ] - Lurdinha - Duque de Caxias para Est\u00f4magos Fortes","og_description":"Paulo C\u00e9sar do Esp\u00edrito Santo era o nome do cara. Tinha a minha idade e...","og_url":"https:\/\/lurdinha.org\/site\/a-minha-cadela-estava-no-cio\/","og_site_name":"Lurdinha - Duque de Caxias para Est\u00f4magos Fortes","article_publisher":"https:\/\/www.facebook.com\/LurdinhadeCaxias","article_published_time":"2011-10-20T17:25:11+00:00","article_modified_time":"2020-09-04T00:21:41+00:00","og_image":[{"width":350,"height":230,"url":"https:\/\/lurdinha.org\/site\/wp-content\/uploads\/meu_cachorro_praia.jpg","type":"image\/jpeg"}],"author":"Eldemar de Souza","twitter_card":"summary_large_image","twitter_misc":{"Escrito por":"Eldemar de Souza","Est. tempo de leitura":"4 minutos"},"schema":{"@context":"https:\/\/schema.org","@graph":[{"@type":"Article","@id":"https:\/\/lurdinha.org\/site\/a-minha-cadela-estava-no-cio\/#article","isPartOf":{"@id":"https:\/\/lurdinha.org\/site\/a-minha-cadela-estava-no-cio\/"},"author":{"name":"Eldemar de Souza","@id":"https:\/\/lurdinha.org\/site\/#\/schema\/person\/ff0b97e899a87e9d648686ae9e7295d5"},"headline":"A minha cadela estava no cio [ Cr\u00f4nicas do Eldemar ]","datePublished":"2011-10-20T17:25:11+00:00","dateModified":"2020-09-04T00:21:41+00:00","mainEntityOfPage":{"@id":"https:\/\/lurdinha.org\/site\/a-minha-cadela-estava-no-cio\/"},"wordCount":758,"commentCount":2,"publisher":{"@id":"https:\/\/lurdinha.org\/site\/#organization"},"image":{"@id":"https:\/\/lurdinha.org\/site\/a-minha-cadela-estava-no-cio\/#primaryimage"},"thumbnailUrl":"https:\/\/lurdinha.org\/site\/wp-content\/uploads\/meu_cachorro_praia.jpg","articleSection":["hist\u00f3ria"],"inLanguage":"pt-BR","potentialAction":[{"@type":"CommentAction","name":"Comment","target":["https:\/\/lurdinha.org\/site\/a-minha-cadela-estava-no-cio\/#respond"]}]},{"@type":"WebPage","@id":"https:\/\/lurdinha.org\/site\/a-minha-cadela-estava-no-cio\/","url":"https:\/\/lurdinha.org\/site\/a-minha-cadela-estava-no-cio\/","name":"A minha cadela estava no cio [ Cr\u00f4nicas do Eldemar ] - Lurdinha - Duque de Caxias para Est\u00f4magos Fortes","isPartOf":{"@id":"https:\/\/lurdinha.org\/site\/#website"},"primaryImageOfPage":{"@id":"https:\/\/lurdinha.org\/site\/a-minha-cadela-estava-no-cio\/#primaryimage"},"image":{"@id":"https:\/\/lurdinha.org\/site\/a-minha-cadela-estava-no-cio\/#primaryimage"},"thumbnailUrl":"https:\/\/lurdinha.org\/site\/wp-content\/uploads\/meu_cachorro_praia.jpg","datePublished":"2011-10-20T17:25:11+00:00","dateModified":"2020-09-04T00:21:41+00:00","breadcrumb":{"@id":"https:\/\/lurdinha.org\/site\/a-minha-cadela-estava-no-cio\/#breadcrumb"},"inLanguage":"pt-BR","potentialAction":[{"@type":"ReadAction","target":["https:\/\/lurdinha.org\/site\/a-minha-cadela-estava-no-cio\/"]}]},{"@type":"ImageObject","inLanguage":"pt-BR","@id":"https:\/\/lurdinha.org\/site\/a-minha-cadela-estava-no-cio\/#primaryimage","url":"https:\/\/lurdinha.org\/site\/wp-content\/uploads\/meu_cachorro_praia.jpg","contentUrl":"https:\/\/lurdinha.org\/site\/wp-content\/uploads\/meu_cachorro_praia.jpg","width":"350","height":"230"},{"@type":"BreadcrumbList","@id":"https:\/\/lurdinha.org\/site\/a-minha-cadela-estava-no-cio\/#breadcrumb","itemListElement":[{"@type":"ListItem","position":1,"name":"In\u00edcio","item":"https:\/\/lurdinha.org\/site\/"},{"@type":"ListItem","position":2,"name":"A minha cadela estava no cio [ Cr\u00f4nicas do Eldemar ]"}]},{"@type":"WebSite","@id":"https:\/\/lurdinha.org\/site\/#website","url":"https:\/\/lurdinha.org\/site\/","name":"Lurdinha - Duque de Caxias para Est\u00f4magos Fortes","description":"Site sobre Arte, Cultura, Pol\u00edtica, Sociedade e curiosidades da cidade de Duque de Caxias, RJ","publisher":{"@id":"https:\/\/lurdinha.org\/site\/#organization"},"alternateName":"Lurdinha","potentialAction":[{"@type":"SearchAction","target":{"@type":"EntryPoint","urlTemplate":"https:\/\/lurdinha.org\/site\/?s={search_term_string}"},"query-input":{"@type":"PropertyValueSpecification","valueRequired":true,"valueName":"search_term_string"}}],"inLanguage":"pt-BR"},{"@type":"Organization","@id":"https:\/\/lurdinha.org\/site\/#organization","name":"Lurdinha de Caxias","url":"https:\/\/lurdinha.org\/site\/","logo":{"@type":"ImageObject","inLanguage":"pt-BR","@id":"https:\/\/lurdinha.org\/site\/#\/schema\/logo\/image\/","url":"https:\/\/lurdinha.org\/site\/wp-content\/uploads\/logo-lurdinha.jpg","contentUrl":"https:\/\/lurdinha.org\/site\/wp-content\/uploads\/logo-lurdinha.jpg","width":640,"height":60,"caption":"Lurdinha de Caxias"},"image":{"@id":"https:\/\/lurdinha.org\/site\/#\/schema\/logo\/image\/"},"sameAs":["https:\/\/www.facebook.com\/LurdinhadeCaxias","https:\/\/www.instagram.com\/lurdinhadecaxias"]},{"@type":"Person","@id":"https:\/\/lurdinha.org\/site\/#\/schema\/person\/ff0b97e899a87e9d648686ae9e7295d5","name":"Eldemar de Souza","image":{"@type":"ImageObject","inLanguage":"pt-BR","@id":"https:\/\/secure.gravatar.com\/avatar\/0a4332f26817387b10dbfea1e861c6ba350da6fd3c58c7c68da09390e621c2dd?s=96&d=mm&r=g","url":"https:\/\/secure.gravatar.com\/avatar\/0a4332f26817387b10dbfea1e861c6ba350da6fd3c58c7c68da09390e621c2dd?s=96&d=mm&r=g","contentUrl":"https:\/\/secure.gravatar.com\/avatar\/0a4332f26817387b10dbfea1e861c6ba350da6fd3c58c7c68da09390e621c2dd?s=96&d=mm&r=g","caption":"Eldemar de Souza"},"url":"https:\/\/lurdinha.org\/site\/author\/eldemarsouza\/"}]}},"views":12361,"_links":{"self":[{"href":"https:\/\/lurdinha.org\/site\/wp-json\/wp\/v2\/posts\/1721","targetHints":{"allow":["GET"]}}],"collection":[{"href":"https:\/\/lurdinha.org\/site\/wp-json\/wp\/v2\/posts"}],"about":[{"href":"https:\/\/lurdinha.org\/site\/wp-json\/wp\/v2\/types\/post"}],"author":[{"embeddable":true,"href":"https:\/\/lurdinha.org\/site\/wp-json\/wp\/v2\/users\/5"}],"replies":[{"embeddable":true,"href":"https:\/\/lurdinha.org\/site\/wp-json\/wp\/v2\/comments?post=1721"}],"version-history":[{"count":5,"href":"https:\/\/lurdinha.org\/site\/wp-json\/wp\/v2\/posts\/1721\/revisions"}],"predecessor-version":[{"id":9192,"href":"https:\/\/lurdinha.org\/site\/wp-json\/wp\/v2\/posts\/1721\/revisions\/9192"}],"wp:featuredmedia":[{"embeddable":true,"href":"https:\/\/lurdinha.org\/site\/wp-json\/wp\/v2\/media\/1724"}],"wp:attachment":[{"href":"https:\/\/lurdinha.org\/site\/wp-json\/wp\/v2\/media?parent=1721"}],"wp:term":[{"taxonomy":"category","embeddable":true,"href":"https:\/\/lurdinha.org\/site\/wp-json\/wp\/v2\/categories?post=1721"},{"taxonomy":"post_tag","embeddable":true,"href":"https:\/\/lurdinha.org\/site\/wp-json\/wp\/v2\/tags?post=1721"}],"curies":[{"name":"wp","href":"https:\/\/api.w.org\/{rel}","templated":true}]}}