{"id":1445,"date":"2011-08-25T20:26:54","date_gmt":"2011-08-25T20:26:54","guid":{"rendered":"http:\/\/lurdinha.org\/site\/?p=1445"},"modified":"2011-08-25T20:31:12","modified_gmt":"2011-08-25T20:31:12","slug":"ambiental-e-seu-lixo-zero-de-respeito-ao-meio-ambiente","status":"publish","type":"post","link":"https:\/\/lurdinha.org\/site\/ambiental-e-seu-lixo-zero-de-respeito-ao-meio-ambiente\/","title":{"rendered":"Ambiental e seu lixo: zero de respeito ao meio ambiente!"},"content":{"rendered":"<p>Fui convidado por moradores, que me ligaram em desespero, a visitar o  bairro Figueira, em Duque de Caxias. Mais precisamente nos arredores da  empresa <strong>AMBIENTAL LIXO ZERO<\/strong>. O que vi, ouvi e senti  foi aterrorizante, indigno: um mau cheiro insuport\u00e1vel, essa empresa \u00e9  um deposito de lixo constante, com chorume no ch\u00e3o, trabalhadores sem  equipamentos b\u00e1sicos, desrespeito aos moradores vizinhos que, ap\u00f3s a  instala\u00e7\u00e3o dessa empresa, t\u00eam sua sa\u00fade e bem estar violados pelo  constante e terr\u00edvel mau cheiro. S\u00f3 para que o leitor tenha uma ideia,  eu fiquei pouco menos de 3 (tr\u00eas) horas no entorno da empresa, ouvindo  relatos desesperados dos vizinhos e sai dali com ard\u00eancia nas vias  nasais e dor de cabe\u00e7a. Fico imaginando aquela popula\u00e7\u00e3o que \u00e9 obrigada a  suportar aquilo todos os dias, com esse mart\u00edrio j\u00e1 durando anos.  Infelizmente a prefeitura de Duque de Caxias, atrav\u00e9s da sua secretaria  de meio ambiente, est\u00e1 omissa em rela\u00e7\u00e3o ao caso, transferindo a  responsabilidade para o Minist\u00e9rio P\u00fablico, este, por sua vez, tamb\u00e9m  prorroga o prazo de funcionamento daquele lix\u00e3o que se chama empresa por  sucessivas vezes.<\/p>\n<p>Os moradores organizaram abaixo-assinado, tentaram di\u00e1logo com a  empresa, buscaram a prefeitura, a Justi\u00e7a e nada. Cabe agora, ampliarmos  a denuncia para que toda Duque de Caxias saiba desse desrespeito ao  meio ambiente e a sa\u00fade dos moradores da Figueira.<\/p>\n<p>Fiz algumas fotos e v\u00eddeos do local e da mobiliza\u00e7\u00e3o. Pe\u00e7o,  sensibilizado com o que vi e senti, que repassem essa not\u00edcia com toda  for\u00e7a e meios que puderem. A dignidade e bem estar dessa gente j\u00e1 t\u00e3o  sofrida pela car\u00eancia de servi\u00e7os p\u00fablicos b\u00e1sicos \u2013 como rua cal\u00e7ada,  por exemplo \u2013 precisa ser amenizada com a interdi\u00e7\u00e3o desse lix\u00e3o  travestido de empresa.<\/p>\n<p>\u00c9 hora da prefeitura e demais governos, tomar vergonha na cara e,  al\u00e9m de impedir que aquela empresa funcione, trate aqueles moradores  como cidad\u00e3os e restaure a dignidade violada pela quase total aus\u00eancia  de pol\u00edticas p\u00fablicas. <strong>Quem tem ouvidos para ouvir, que ou\u00e7a! Quem tem cora\u00e7\u00e3o para partilhar, que compartilhe!<\/strong><\/p>\n<p>&nbsp;<\/p>\n<p><a href=\"http:\/\/fabiopereira.files.wordpress.com\/2011\/08\/160820112347.jpg\"><img loading=\"lazy\" decoding=\"async\" title=\"160820112347\" src=\"http:\/\/fabiopereira.files.wordpress.com\/2011\/08\/160820112347.jpg?w=300&amp;h=225\" alt=\"\" width=\"300\" height=\"225\" \/><\/a><\/p>\n<p><a href=\"http:\/\/lurdinha.org\/site\/wp-content\/uploads\/ambiental-lixo.jpg\"><img loading=\"lazy\" decoding=\"async\" class=\"alignnone size-full wp-image-1450\" title=\"ambiental-lixo\" src=\"http:\/\/lurdinha.org\/site\/wp-content\/uploads\/ambiental-lixo.jpg\" alt=\"\" width=\"300\" height=\"224\" \/><\/a><\/p>\n<p>&nbsp;<\/p>\n<p><a href=\"http:\/\/fabiopereira.files.wordpress.com\/2011\/08\/160820112349.jpg\"><img loading=\"lazy\" decoding=\"async\" title=\"160820112349\" src=\"http:\/\/fabiopereira.files.wordpress.com\/2011\/08\/160820112349.jpg?w=300&amp;h=225\" alt=\"\" width=\"300\" height=\"225\" \/><\/a><\/p>\n<div id=\"attachment_1613\"><a href=\"http:\/\/fabiopereira.files.wordpress.com\/2011\/08\/160820112350.jpg\"><img loading=\"lazy\" decoding=\"async\" title=\"160820112350\" src=\"http:\/\/fabiopereira.files.wordpress.com\/2011\/08\/160820112350.jpg?w=300&amp;h=225\" alt=\"\" width=\"300\" height=\"225\" \/><br \/>\n<\/a>Uma das diversas resid\u00eancias que divide muro com a empresa do mau cheiro.&nbsp;<\/p>\n<\/div>\n<div id=\"attachment_1614\"><a href=\"http:\/\/fabiopereira.files.wordpress.com\/2011\/08\/160820112351.jpg\"><img loading=\"lazy\" decoding=\"async\" title=\"160820112351\" src=\"http:\/\/fabiopereira.files.wordpress.com\/2011\/08\/160820112351.jpg?w=300&amp;h=187\" alt=\"\" width=\"300\" height=\"187\" \/><br \/>\n<\/a>Moscas, ratos e baratas se proliferam no entorno da empresa Ambiental Lixo Zero&nbsp;<\/p>\n<\/div>\n<div id=\"attachment_1615\"><a href=\"http:\/\/fabiopereira.files.wordpress.com\/2011\/08\/160820112353.jpg\"><img loading=\"lazy\" decoding=\"async\" title=\"160820112353\" src=\"http:\/\/fabiopereira.files.wordpress.com\/2011\/08\/160820112353.jpg?w=300&amp;h=225\" alt=\"\" width=\"300\" height=\"225\" \/><br \/>\n<\/a>Den\u00fancia de prolifera\u00e7\u00e3o de mosquitos e casos de dengue, inclusive com mortes&nbsp;<\/p>\n<\/div>\n<div id=\"attachment_1616\"><a href=\"http:\/\/fabiopereira.files.wordpress.com\/2011\/08\/160820112354.jpg\"><img loading=\"lazy\" decoding=\"async\" title=\"160820112354\" src=\"http:\/\/fabiopereira.files.wordpress.com\/2011\/08\/160820112354.jpg?w=258&amp;h=300\" alt=\"\" width=\"258\" height=\"300\" \/><\/a><\/div>\n<div><a href=\"http:\/\/fabiopereira.files.wordpress.com\/2011\/08\/160820112354.jpg\"><\/a>Autoriza\u00e7\u00e3o de funcionamento dada no governo anterior<\/div>\n<div id=\"attachment_1616\">\n<p>&nbsp;<\/p>\n<\/div>\n<div id=\"attachment_1617\"><a href=\"http:\/\/fabiopereira.files.wordpress.com\/2011\/08\/160820112355.jpg\"><img loading=\"lazy\" decoding=\"async\" title=\"160820112355\" src=\"http:\/\/fabiopereira.files.wordpress.com\/2011\/08\/160820112355.jpg?w=300&amp;h=226\" alt=\"\" width=\"300\" height=\"226\" \/><\/a><\/div>\n<div><a href=\"http:\/\/fabiopereira.files.wordpress.com\/2011\/08\/160820112355.jpg\"><\/a>O desrespeito da empresa com a comunidade e o meio ambiente. Com possui licen\u00e7a?<\/div>\n<div id=\"attachment_1617\">\n<p>&nbsp;<\/p>\n<\/div>\n<div id=\"attachment_1618\"><a href=\"http:\/\/fabiopereira.files.wordpress.com\/2011\/08\/160820112357.jpg\"><img loading=\"lazy\" decoding=\"async\" title=\"160820112357\" src=\"http:\/\/fabiopereira.files.wordpress.com\/2011\/08\/160820112357.jpg?w=212&amp;h=300\" alt=\"\" width=\"212\" height=\"300\" \/><\/a><\/div>\n<div><a href=\"http:\/\/fabiopereira.files.wordpress.com\/2011\/08\/160820112357.jpg\"><\/a>Prefeitura  j\u00e1 deu auto de interdi\u00e7\u00e3o e depois liberou a empresa para funcionar,  sendo que esta n\u00e3o mudou nada. Perguntar o por que ofende?<\/div>\n<div id=\"attachment_1618\">\n<p>&nbsp;<\/p>\n<\/div>\n<div id=\"attachment_1619\"><a href=\"http:\/\/fabiopereira.files.wordpress.com\/2011\/08\/160820112359.jpg\"><img loading=\"lazy\" decoding=\"async\" title=\"160820112359\" src=\"http:\/\/fabiopereira.files.wordpress.com\/2011\/08\/160820112359.jpg?w=300&amp;h=225\" alt=\"\" width=\"300\" height=\"225\" \/><\/a><\/div>\n<div><a href=\"http:\/\/fabiopereira.files.wordpress.com\/2011\/08\/160820112359.jpg\"><\/a>Abaixo assinado dos moradores contra os desmandos dessa empresa na Figueira<\/div>\n<div id=\"attachment_1619\">\n<p>&nbsp;<\/p>\n<\/div>\n<div id=\"attachment_1620\"><a href=\"http:\/\/fabiopereira.files.wordpress.com\/2011\/08\/160820112362.jpg\"><img loading=\"lazy\" decoding=\"async\" title=\"160820112362\" src=\"http:\/\/fabiopereira.files.wordpress.com\/2011\/08\/160820112362.jpg?w=242&amp;h=300\" alt=\"\" width=\"242\" height=\"300\" \/><\/a><\/div>\n<div><a href=\"http:\/\/fabiopereira.files.wordpress.com\/2011\/08\/160820112362.jpg\"><\/a>Lixo de tudo quanto \u00e9 tipo e chorume no p\u00e1tio da empresa Ambiental Lixo Zero<\/div>\n<div id=\"attachment_1620\">\n<p>&nbsp;<\/p>\n<\/div>\n<p>&nbsp;<\/p>\n<p><strong>V\u00eddeos:<\/strong><\/p>\n<p>[youtube]http:\/\/www.youtube.com\/watch?v=q2WuA5G8Bdk&amp;feature=player_embedded[\/youtube]<\/p>\n<p>&nbsp;<\/p>\n<p>[youtube]http:\/\/www.youtube.com\/watch?v=p0kstFhKnyo&amp;feature=player_embedded[\/youtube]<\/p>\n<p>&nbsp;<\/p>\n<p>[youtube]http:\/\/www.youtube.com\/watch?v=EXHKnjpb_kk&amp;feature=player_embedded[\/youtube]<\/p>\n<p>&nbsp;<\/p>\n<p><em>Veja mais no blog\u00a0<a href=\"http:\/\/www.fabiopereira.wordpress.com\" target=\"_blank\">www.fabiopereira.wordpress.com<\/a> <\/em><\/p>\n<p>&nbsp;<\/p>\n<p>.<\/p>\n","protected":false},"excerpt":{"rendered":"<p>Fui convidado por moradores, que me ligaram em desespero, a visitar o bairro Figueira, em&#8230;<\/p>\n","protected":false},"author":6,"featured_media":0,"comment_status":"open","ping_status":"closed","sticky":false,"template":"","format":"standard","meta":{"footnotes":""},"categories":[1,3],"tags":[237,238,239,240,241,51,242,11,243,244,245,246,247,248,249,250,251,252,253,254,255,256],"class_list":["post-1445","post","type-post","status-publish","format-standard","hentry","category-botinada","category-clique","tag-ambiental-lixo-zero","tag-baratas","tag-caxias","tag-chorume","tag-contaminacao","tag-descaso","tag-desrespeito","tag-duque-de-caxias","tag-fedor","tag-figueira","tag-justica","tag-lencol-freatico","tag-mau-cheiro","tag-meio-ambiente","tag-ministerio-publico","tag-moscas","tag-omissao","tag-poluicao-do-ar","tag-prefeitura","tag-ratos","tag-secretaria-de-meio-ambiente","tag-trabalhadores"],"yoast_head":"<!-- This site is optimized with the Yoast SEO plugin v27.3 - https:\/\/yoast.com\/product\/yoast-seo-wordpress\/ -->\n<title>Ambiental e seu lixo: zero de respeito ao meio ambiente! - Lurdinha - Duque de Caxias para Est\u00f4magos Fortes<\/title>\n<meta name=\"robots\" content=\"index, follow, max-snippet:-1, max-image-preview:large, max-video-preview:-1\" \/>\n<link rel=\"canonical\" href=\"https:\/\/lurdinha.org\/site\/ambiental-e-seu-lixo-zero-de-respeito-ao-meio-ambiente\/\" \/>\n<meta property=\"og:locale\" content=\"pt_BR\" \/>\n<meta property=\"og:type\" content=\"article\" \/>\n<meta property=\"og:title\" content=\"Ambiental e seu lixo: zero de respeito ao meio ambiente! - Lurdinha - Duque de Caxias para Est\u00f4magos Fortes\" \/>\n<meta property=\"og:description\" content=\"Fui convidado por moradores, que me ligaram em desespero, a visitar o bairro Figueira, em...\" \/>\n<meta property=\"og:url\" content=\"https:\/\/lurdinha.org\/site\/ambiental-e-seu-lixo-zero-de-respeito-ao-meio-ambiente\/\" \/>\n<meta property=\"og:site_name\" content=\"Lurdinha - Duque de Caxias para Est\u00f4magos Fortes\" \/>\n<meta property=\"article:publisher\" content=\"https:\/\/www.facebook.com\/LurdinhadeCaxias\" \/>\n<meta property=\"article:author\" content=\"http:\/\/www.facebook.com\/caxiasdecaranova\" \/>\n<meta property=\"article:published_time\" content=\"2011-08-25T20:26:54+00:00\" \/>\n<meta property=\"article:modified_time\" content=\"2011-08-25T20:31:12+00:00\" \/>\n<meta property=\"og:image\" content=\"http:\/\/fabiopereira.files.wordpress.com\/2011\/08\/160820112347.jpg?w=300&amp;h=225\" \/>\n<meta name=\"author\" content=\"Fabio Pereira\" \/>\n<meta name=\"twitter:card\" content=\"summary_large_image\" \/>\n<meta name=\"twitter:creator\" content=\"@http:\/\/twitter.com\/pereirafabio\" \/>\n<meta name=\"twitter:label1\" content=\"Escrito por\" \/>\n\t<meta name=\"twitter:data1\" content=\"Fabio Pereira\" \/>\n\t<meta name=\"twitter:label2\" content=\"Est. tempo de leitura\" \/>\n\t<meta name=\"twitter:data2\" content=\"3 minutos\" \/>\n<script type=\"application\/ld+json\" class=\"yoast-schema-graph\">{\"@context\":\"https:\\\/\\\/schema.org\",\"@graph\":[{\"@type\":\"Article\",\"@id\":\"https:\\\/\\\/lurdinha.org\\\/site\\\/ambiental-e-seu-lixo-zero-de-respeito-ao-meio-ambiente\\\/#article\",\"isPartOf\":{\"@id\":\"https:\\\/\\\/lurdinha.org\\\/site\\\/ambiental-e-seu-lixo-zero-de-respeito-ao-meio-ambiente\\\/\"},\"author\":{\"name\":\"Fabio Pereira\",\"@id\":\"https:\\\/\\\/lurdinha.org\\\/site\\\/#\\\/schema\\\/person\\\/d37583d25050d938b79ef4129ea35df6\"},\"headline\":\"Ambiental e seu lixo: zero de respeito ao meio ambiente!\",\"datePublished\":\"2011-08-25T20:26:54+00:00\",\"dateModified\":\"2011-08-25T20:31:12+00:00\",\"mainEntityOfPage\":{\"@id\":\"https:\\\/\\\/lurdinha.org\\\/site\\\/ambiental-e-seu-lixo-zero-de-respeito-ao-meio-ambiente\\\/\"},\"wordCount\":565,\"commentCount\":2,\"publisher\":{\"@id\":\"https:\\\/\\\/lurdinha.org\\\/site\\\/#organization\"},\"image\":{\"@id\":\"https:\\\/\\\/lurdinha.org\\\/site\\\/ambiental-e-seu-lixo-zero-de-respeito-ao-meio-ambiente\\\/#primaryimage\"},\"thumbnailUrl\":\"http:\\\/\\\/fabiopereira.files.wordpress.com\\\/2011\\\/08\\\/160820112347.jpg?w=300&amp;h=225\",\"keywords\":[\"Ambiental Lixo Zero\",\"baratas\",\"caxias\",\"chorume\",\"contamina\u00e7\u00e3o\",\"descaso\",\"desrespeito\",\"duque-de-caxias\",\"fedor\",\"Figueira\",\"justi\u00e7a\",\"len\u00e7ol fre\u00e1tico\",\"mau cheiro\",\"meio ambiente\",\"Minist\u00e9rio P\u00fablico\",\"moscas\",\"omiss\u00e3o\",\"polui\u00e7\u00e3o do ar\",\"prefeitura\",\"ratos\",\"secretaria de meio ambiente\",\"trabalhadores\"],\"articleSection\":[\"botinada\",\"clique\"],\"inLanguage\":\"pt-BR\",\"potentialAction\":[{\"@type\":\"CommentAction\",\"name\":\"Comment\",\"target\":[\"https:\\\/\\\/lurdinha.org\\\/site\\\/ambiental-e-seu-lixo-zero-de-respeito-ao-meio-ambiente\\\/#respond\"]}]},{\"@type\":\"WebPage\",\"@id\":\"https:\\\/\\\/lurdinha.org\\\/site\\\/ambiental-e-seu-lixo-zero-de-respeito-ao-meio-ambiente\\\/\",\"url\":\"https:\\\/\\\/lurdinha.org\\\/site\\\/ambiental-e-seu-lixo-zero-de-respeito-ao-meio-ambiente\\\/\",\"name\":\"Ambiental e seu lixo: zero de respeito ao meio ambiente! - Lurdinha - Duque de Caxias para Est\u00f4magos Fortes\",\"isPartOf\":{\"@id\":\"https:\\\/\\\/lurdinha.org\\\/site\\\/#website\"},\"primaryImageOfPage\":{\"@id\":\"https:\\\/\\\/lurdinha.org\\\/site\\\/ambiental-e-seu-lixo-zero-de-respeito-ao-meio-ambiente\\\/#primaryimage\"},\"image\":{\"@id\":\"https:\\\/\\\/lurdinha.org\\\/site\\\/ambiental-e-seu-lixo-zero-de-respeito-ao-meio-ambiente\\\/#primaryimage\"},\"thumbnailUrl\":\"http:\\\/\\\/fabiopereira.files.wordpress.com\\\/2011\\\/08\\\/160820112347.jpg?w=300&amp;h=225\",\"datePublished\":\"2011-08-25T20:26:54+00:00\",\"dateModified\":\"2011-08-25T20:31:12+00:00\",\"breadcrumb\":{\"@id\":\"https:\\\/\\\/lurdinha.org\\\/site\\\/ambiental-e-seu-lixo-zero-de-respeito-ao-meio-ambiente\\\/#breadcrumb\"},\"inLanguage\":\"pt-BR\",\"potentialAction\":[{\"@type\":\"ReadAction\",\"target\":[\"https:\\\/\\\/lurdinha.org\\\/site\\\/ambiental-e-seu-lixo-zero-de-respeito-ao-meio-ambiente\\\/\"]}]},{\"@type\":\"ImageObject\",\"inLanguage\":\"pt-BR\",\"@id\":\"https:\\\/\\\/lurdinha.org\\\/site\\\/ambiental-e-seu-lixo-zero-de-respeito-ao-meio-ambiente\\\/#primaryimage\",\"url\":\"http:\\\/\\\/fabiopereira.files.wordpress.com\\\/2011\\\/08\\\/160820112347.jpg?w=300&amp;h=225\",\"contentUrl\":\"http:\\\/\\\/fabiopereira.files.wordpress.com\\\/2011\\\/08\\\/160820112347.jpg?w=300&amp;h=225\"},{\"@type\":\"BreadcrumbList\",\"@id\":\"https:\\\/\\\/lurdinha.org\\\/site\\\/ambiental-e-seu-lixo-zero-de-respeito-ao-meio-ambiente\\\/#breadcrumb\",\"itemListElement\":[{\"@type\":\"ListItem\",\"position\":1,\"name\":\"In\u00edcio\",\"item\":\"https:\\\/\\\/lurdinha.org\\\/site\\\/\"},{\"@type\":\"ListItem\",\"position\":2,\"name\":\"Ambiental e seu lixo: zero de respeito ao meio ambiente!\"}]},{\"@type\":\"WebSite\",\"@id\":\"https:\\\/\\\/lurdinha.org\\\/site\\\/#website\",\"url\":\"https:\\\/\\\/lurdinha.org\\\/site\\\/\",\"name\":\"Lurdinha - Duque de Caxias para Est\u00f4magos Fortes\",\"description\":\"Site sobre Arte, Cultura, Pol\u00edtica, Sociedade e curiosidades da cidade de Duque de Caxias, RJ\",\"publisher\":{\"@id\":\"https:\\\/\\\/lurdinha.org\\\/site\\\/#organization\"},\"alternateName\":\"Lurdinha\",\"potentialAction\":[{\"@type\":\"SearchAction\",\"target\":{\"@type\":\"EntryPoint\",\"urlTemplate\":\"https:\\\/\\\/lurdinha.org\\\/site\\\/?s={search_term_string}\"},\"query-input\":{\"@type\":\"PropertyValueSpecification\",\"valueRequired\":true,\"valueName\":\"search_term_string\"}}],\"inLanguage\":\"pt-BR\"},{\"@type\":\"Organization\",\"@id\":\"https:\\\/\\\/lurdinha.org\\\/site\\\/#organization\",\"name\":\"Lurdinha de Caxias\",\"url\":\"https:\\\/\\\/lurdinha.org\\\/site\\\/\",\"logo\":{\"@type\":\"ImageObject\",\"inLanguage\":\"pt-BR\",\"@id\":\"https:\\\/\\\/lurdinha.org\\\/site\\\/#\\\/schema\\\/logo\\\/image\\\/\",\"url\":\"https:\\\/\\\/lurdinha.org\\\/site\\\/wp-content\\\/uploads\\\/logo-lurdinha.jpg\",\"contentUrl\":\"https:\\\/\\\/lurdinha.org\\\/site\\\/wp-content\\\/uploads\\\/logo-lurdinha.jpg\",\"width\":640,\"height\":60,\"caption\":\"Lurdinha de Caxias\"},\"image\":{\"@id\":\"https:\\\/\\\/lurdinha.org\\\/site\\\/#\\\/schema\\\/logo\\\/image\\\/\"},\"sameAs\":[\"https:\\\/\\\/www.facebook.com\\\/LurdinhadeCaxias\",\"https:\\\/\\\/www.instagram.com\\\/lurdinhadecaxias\"]},{\"@type\":\"Person\",\"@id\":\"https:\\\/\\\/lurdinha.org\\\/site\\\/#\\\/schema\\\/person\\\/d37583d25050d938b79ef4129ea35df6\",\"name\":\"Fabio Pereira\",\"image\":{\"@type\":\"ImageObject\",\"inLanguage\":\"pt-BR\",\"@id\":\"https:\\\/\\\/secure.gravatar.com\\\/avatar\\\/04dec83b11755f911a0956826a7fd2d7affc44412b101906ff9a658595aa06fe?s=96&d=mm&r=g\",\"url\":\"https:\\\/\\\/secure.gravatar.com\\\/avatar\\\/04dec83b11755f911a0956826a7fd2d7affc44412b101906ff9a658595aa06fe?s=96&d=mm&r=g\",\"contentUrl\":\"https:\\\/\\\/secure.gravatar.com\\\/avatar\\\/04dec83b11755f911a0956826a7fd2d7affc44412b101906ff9a658595aa06fe?s=96&d=mm&r=g\",\"caption\":\"Fabio Pereira\"},\"description\":\"http:\\\/\\\/fabiopereira.wordpress.com\\\/\",\"sameAs\":[\"http:\\\/\\\/fabiopereira.wordpress.com\\\/\",\"http:\\\/\\\/www.facebook.com\\\/caxiasdecaranova\",\"https:\\\/\\\/x.com\\\/http:\\\/\\\/twitter.com\\\/pereirafabio\"],\"url\":\"https:\\\/\\\/lurdinha.org\\\/site\\\/author\\\/fabiopereira\\\/\"}]}<\/script>\n<!-- \/ Yoast SEO plugin. -->","yoast_head_json":{"title":"Ambiental e seu lixo: zero de respeito ao meio ambiente! - Lurdinha - Duque de Caxias para Est\u00f4magos Fortes","robots":{"index":"index","follow":"follow","max-snippet":"max-snippet:-1","max-image-preview":"max-image-preview:large","max-video-preview":"max-video-preview:-1"},"canonical":"https:\/\/lurdinha.org\/site\/ambiental-e-seu-lixo-zero-de-respeito-ao-meio-ambiente\/","og_locale":"pt_BR","og_type":"article","og_title":"Ambiental e seu lixo: zero de respeito ao meio ambiente! - Lurdinha - Duque de Caxias para Est\u00f4magos Fortes","og_description":"Fui convidado por moradores, que me ligaram em desespero, a visitar o bairro Figueira, em...","og_url":"https:\/\/lurdinha.org\/site\/ambiental-e-seu-lixo-zero-de-respeito-ao-meio-ambiente\/","og_site_name":"Lurdinha - Duque de Caxias para Est\u00f4magos Fortes","article_publisher":"https:\/\/www.facebook.com\/LurdinhadeCaxias","article_author":"http:\/\/www.facebook.com\/caxiasdecaranova","article_published_time":"2011-08-25T20:26:54+00:00","article_modified_time":"2011-08-25T20:31:12+00:00","og_image":[{"url":"http:\/\/fabiopereira.files.wordpress.com\/2011\/08\/160820112347.jpg?w=300&amp;h=225","type":"","width":"","height":""}],"author":"Fabio Pereira","twitter_card":"summary_large_image","twitter_creator":"@http:\/\/twitter.com\/pereirafabio","twitter_misc":{"Escrito por":"Fabio Pereira","Est. tempo de leitura":"3 minutos"},"schema":{"@context":"https:\/\/schema.org","@graph":[{"@type":"Article","@id":"https:\/\/lurdinha.org\/site\/ambiental-e-seu-lixo-zero-de-respeito-ao-meio-ambiente\/#article","isPartOf":{"@id":"https:\/\/lurdinha.org\/site\/ambiental-e-seu-lixo-zero-de-respeito-ao-meio-ambiente\/"},"author":{"name":"Fabio Pereira","@id":"https:\/\/lurdinha.org\/site\/#\/schema\/person\/d37583d25050d938b79ef4129ea35df6"},"headline":"Ambiental e seu lixo: zero de respeito ao meio ambiente!","datePublished":"2011-08-25T20:26:54+00:00","dateModified":"2011-08-25T20:31:12+00:00","mainEntityOfPage":{"@id":"https:\/\/lurdinha.org\/site\/ambiental-e-seu-lixo-zero-de-respeito-ao-meio-ambiente\/"},"wordCount":565,"commentCount":2,"publisher":{"@id":"https:\/\/lurdinha.org\/site\/#organization"},"image":{"@id":"https:\/\/lurdinha.org\/site\/ambiental-e-seu-lixo-zero-de-respeito-ao-meio-ambiente\/#primaryimage"},"thumbnailUrl":"http:\/\/fabiopereira.files.wordpress.com\/2011\/08\/160820112347.jpg?w=300&amp;h=225","keywords":["Ambiental Lixo Zero","baratas","caxias","chorume","contamina\u00e7\u00e3o","descaso","desrespeito","duque-de-caxias","fedor","Figueira","justi\u00e7a","len\u00e7ol fre\u00e1tico","mau cheiro","meio ambiente","Minist\u00e9rio P\u00fablico","moscas","omiss\u00e3o","polui\u00e7\u00e3o do ar","prefeitura","ratos","secretaria de meio ambiente","trabalhadores"],"articleSection":["botinada","clique"],"inLanguage":"pt-BR","potentialAction":[{"@type":"CommentAction","name":"Comment","target":["https:\/\/lurdinha.org\/site\/ambiental-e-seu-lixo-zero-de-respeito-ao-meio-ambiente\/#respond"]}]},{"@type":"WebPage","@id":"https:\/\/lurdinha.org\/site\/ambiental-e-seu-lixo-zero-de-respeito-ao-meio-ambiente\/","url":"https:\/\/lurdinha.org\/site\/ambiental-e-seu-lixo-zero-de-respeito-ao-meio-ambiente\/","name":"Ambiental e seu lixo: zero de respeito ao meio ambiente! - Lurdinha - Duque de Caxias para Est\u00f4magos Fortes","isPartOf":{"@id":"https:\/\/lurdinha.org\/site\/#website"},"primaryImageOfPage":{"@id":"https:\/\/lurdinha.org\/site\/ambiental-e-seu-lixo-zero-de-respeito-ao-meio-ambiente\/#primaryimage"},"image":{"@id":"https:\/\/lurdinha.org\/site\/ambiental-e-seu-lixo-zero-de-respeito-ao-meio-ambiente\/#primaryimage"},"thumbnailUrl":"http:\/\/fabiopereira.files.wordpress.com\/2011\/08\/160820112347.jpg?w=300&amp;h=225","datePublished":"2011-08-25T20:26:54+00:00","dateModified":"2011-08-25T20:31:12+00:00","breadcrumb":{"@id":"https:\/\/lurdinha.org\/site\/ambiental-e-seu-lixo-zero-de-respeito-ao-meio-ambiente\/#breadcrumb"},"inLanguage":"pt-BR","potentialAction":[{"@type":"ReadAction","target":["https:\/\/lurdinha.org\/site\/ambiental-e-seu-lixo-zero-de-respeito-ao-meio-ambiente\/"]}]},{"@type":"ImageObject","inLanguage":"pt-BR","@id":"https:\/\/lurdinha.org\/site\/ambiental-e-seu-lixo-zero-de-respeito-ao-meio-ambiente\/#primaryimage","url":"http:\/\/fabiopereira.files.wordpress.com\/2011\/08\/160820112347.jpg?w=300&amp;h=225","contentUrl":"http:\/\/fabiopereira.files.wordpress.com\/2011\/08\/160820112347.jpg?w=300&amp;h=225"},{"@type":"BreadcrumbList","@id":"https:\/\/lurdinha.org\/site\/ambiental-e-seu-lixo-zero-de-respeito-ao-meio-ambiente\/#breadcrumb","itemListElement":[{"@type":"ListItem","position":1,"name":"In\u00edcio","item":"https:\/\/lurdinha.org\/site\/"},{"@type":"ListItem","position":2,"name":"Ambiental e seu lixo: zero de respeito ao meio ambiente!"}]},{"@type":"WebSite","@id":"https:\/\/lurdinha.org\/site\/#website","url":"https:\/\/lurdinha.org\/site\/","name":"Lurdinha - Duque de Caxias para Est\u00f4magos Fortes","description":"Site sobre Arte, Cultura, Pol\u00edtica, Sociedade e curiosidades da cidade de Duque de Caxias, RJ","publisher":{"@id":"https:\/\/lurdinha.org\/site\/#organization"},"alternateName":"Lurdinha","potentialAction":[{"@type":"SearchAction","target":{"@type":"EntryPoint","urlTemplate":"https:\/\/lurdinha.org\/site\/?s={search_term_string}"},"query-input":{"@type":"PropertyValueSpecification","valueRequired":true,"valueName":"search_term_string"}}],"inLanguage":"pt-BR"},{"@type":"Organization","@id":"https:\/\/lurdinha.org\/site\/#organization","name":"Lurdinha de Caxias","url":"https:\/\/lurdinha.org\/site\/","logo":{"@type":"ImageObject","inLanguage":"pt-BR","@id":"https:\/\/lurdinha.org\/site\/#\/schema\/logo\/image\/","url":"https:\/\/lurdinha.org\/site\/wp-content\/uploads\/logo-lurdinha.jpg","contentUrl":"https:\/\/lurdinha.org\/site\/wp-content\/uploads\/logo-lurdinha.jpg","width":640,"height":60,"caption":"Lurdinha de Caxias"},"image":{"@id":"https:\/\/lurdinha.org\/site\/#\/schema\/logo\/image\/"},"sameAs":["https:\/\/www.facebook.com\/LurdinhadeCaxias","https:\/\/www.instagram.com\/lurdinhadecaxias"]},{"@type":"Person","@id":"https:\/\/lurdinha.org\/site\/#\/schema\/person\/d37583d25050d938b79ef4129ea35df6","name":"Fabio Pereira","image":{"@type":"ImageObject","inLanguage":"pt-BR","@id":"https:\/\/secure.gravatar.com\/avatar\/04dec83b11755f911a0956826a7fd2d7affc44412b101906ff9a658595aa06fe?s=96&d=mm&r=g","url":"https:\/\/secure.gravatar.com\/avatar\/04dec83b11755f911a0956826a7fd2d7affc44412b101906ff9a658595aa06fe?s=96&d=mm&r=g","contentUrl":"https:\/\/secure.gravatar.com\/avatar\/04dec83b11755f911a0956826a7fd2d7affc44412b101906ff9a658595aa06fe?s=96&d=mm&r=g","caption":"Fabio Pereira"},"description":"http:\/\/fabiopereira.wordpress.com\/","sameAs":["http:\/\/fabiopereira.wordpress.com\/","http:\/\/www.facebook.com\/caxiasdecaranova","https:\/\/x.com\/http:\/\/twitter.com\/pereirafabio"],"url":"https:\/\/lurdinha.org\/site\/author\/fabiopereira\/"}]}},"views":5774,"_links":{"self":[{"href":"https:\/\/lurdinha.org\/site\/wp-json\/wp\/v2\/posts\/1445","targetHints":{"allow":["GET"]}}],"collection":[{"href":"https:\/\/lurdinha.org\/site\/wp-json\/wp\/v2\/posts"}],"about":[{"href":"https:\/\/lurdinha.org\/site\/wp-json\/wp\/v2\/types\/post"}],"author":[{"embeddable":true,"href":"https:\/\/lurdinha.org\/site\/wp-json\/wp\/v2\/users\/6"}],"replies":[{"embeddable":true,"href":"https:\/\/lurdinha.org\/site\/wp-json\/wp\/v2\/comments?post=1445"}],"version-history":[{"count":5,"href":"https:\/\/lurdinha.org\/site\/wp-json\/wp\/v2\/posts\/1445\/revisions"}],"predecessor-version":[{"id":1449,"href":"https:\/\/lurdinha.org\/site\/wp-json\/wp\/v2\/posts\/1445\/revisions\/1449"}],"wp:attachment":[{"href":"https:\/\/lurdinha.org\/site\/wp-json\/wp\/v2\/media?parent=1445"}],"wp:term":[{"taxonomy":"category","embeddable":true,"href":"https:\/\/lurdinha.org\/site\/wp-json\/wp\/v2\/categories?post=1445"},{"taxonomy":"post_tag","embeddable":true,"href":"https:\/\/lurdinha.org\/site\/wp-json\/wp\/v2\/tags?post=1445"}],"curies":[{"name":"wp","href":"https:\/\/api.w.org\/{rel}","templated":true}]}}