{"id":12662,"date":"2026-08-31T16:15:14","date_gmt":"2026-08-31T16:15:14","guid":{"rendered":"https:\/\/lurdinha.org\/site\/?p=12662"},"modified":"2026-08-31T16:16:11","modified_gmt":"2026-08-31T16:16:11","slug":"dez-anos-de-primeiro-a-gente-tira-a-dilma","status":"publish","type":"post","link":"https:\/\/lurdinha.org\/site\/dez-anos-de-primeiro-a-gente-tira-a-dilma\/","title":{"rendered":"DEZ ANOS DE \u201cPRIMEIRO A GENTE TIRA A DILMA\u201d"},"content":{"rendered":"<p>Hoje s\u00e3o dez anos daquele fat\u00eddico julgamento no Senado onde foi sacramentado o golpe que tirou do cargo a primeira mulher eleita presidente do Brasil, reeleita em 2014 com 54,5 milh\u00f5es de votos. Um teatro de horror s\u00f3 comparado \u00e0 vota\u00e7\u00e3o na C\u00e2mara em abril daquele mesmo ano.<br \/>\nMas daquela sess\u00e3o de cartas marcadas, \u00e9 inspirador lembrar de Dilma Roussef ali, altiva, oito horas em p\u00e9, se defendendo com a maior dignidade e coragem, coisa que nenhum desses machinhos valent\u00f5es aguentariam nem um d\u00e9cimo daquela press\u00e3o.<br \/>\nDez anos de uma fraude e da conclus\u00e3o de um golpe violento que jogou o pa\u00eds ladeira abaixo e abriu caminhos para a extrema direita e sua sanha assassina.<br \/>\nDez anos que a funesta \u201cponte para o futuro\u201d se imp\u00f4s ao voto popular e deixou claro a que veio: implementa\u00e7\u00e3o da agenda de destrui\u00e7\u00e3o da nossa economia pelos capachos do imperialismo estadunidense, a destrui\u00e7\u00e3o da dignidade m\u00ednima do trabalhadores, congelamento de investimentos sociais e a garantia da manuten\u00e7\u00e3o da impunidade.<br \/>\nE foi tanta vergonha naquele dia que n\u00e3o tiveram a coragem de cassar os direitos pol\u00edticos da presidenta, sobre a qual tiveram que admitir n\u00e3o haver nenhuma den\u00fancia de corrup\u00e7\u00e3o.<br \/>\nD\u00favida que nunca tive: independente da \u201cfalta de jogo de cintura\u201d de Dilma, argumento sofr\u00edvel da \u00e9poca e ainda propalado, seus acertos \u00e9 que foram demais para o carr\u00eago pesado que o pa\u00eds tem por conta de suas elites atrasadas.<br \/>\nE os motivos me parecem f\u00e1ceis de auferir, a come\u00e7ar pela assinatura, em 2011, da cria\u00e7\u00e3o da Comiss\u00e3o Nacional da Verdade, que tinha por objetivo investigar os crimes cometidos pelos militares durante a ditadura, fato que bota o dedo numa ferida purulenta do Brasil.<br \/>\nSome-se mais quatro que s\u00e3o batata: autonomia (Brics+pr\u00e9-sal); Mais M\u00e9dicos (ah, esses malditos cubanos que \u201cnem tem cara de m\u00e9dicos\u201d); o nunca tolerado e sempre questionado Bolsa Fam\u00edlia e a PEC das empregadas dom\u00e9sticas, projeto que vai no cora\u00e7\u00e3o da mem\u00f3ria escravista de grande parte da nossa classe m\u00e9dia metida a besta.<br \/>\nNunca foi contra a corrup\u00e7\u00e3o, nunca foi \u201cpela fam\u00edlia\u201d.<br \/>\nSEMPRE FOI \u00d3DIO DE CLASSE.<\/p>\n<p>_<br \/>\n[ @heraldohb \u2013 pitacol\u00e2ndia \u2013 agosto de 2026 ]<\/p>\n","protected":false},"excerpt":{"rendered":"<p>Hoje s\u00e3o dez anos daquele fat\u00eddico julgamento no Senado onde foi sacramentado o golpe que&#8230;<\/p>\n","protected":false},"author":2,"featured_media":12664,"comment_status":"open","ping_status":"closed","sticky":false,"template":"","format":"standard","meta":{"footnotes":""},"categories":[1,4],"tags":[],"class_list":["post-12662","post","type-post","status-publish","format-standard","has-post-thumbnail","hentry","category-botinada","category-opiniao"],"yoast_head":"<!-- This site is optimized with the Yoast SEO plugin v28.2 - https:\/\/yoast.com\/product\/yoast-seo-wordpress\/ -->\n<title>DEZ ANOS DE \u201cPRIMEIRO A GENTE TIRA A DILMA\u201d - Lurdinha - Duque de Caxias para Est\u00f4magos Fortes<\/title>\n<meta name=\"robots\" content=\"index, follow, max-snippet:-1, max-image-preview:large, max-video-preview:-1\" \/>\n<link rel=\"canonical\" href=\"https:\/\/lurdinha.org\/site\/dez-anos-de-primeiro-a-gente-tira-a-dilma\/\" \/>\n<meta property=\"og:locale\" content=\"pt_BR\" \/>\n<meta property=\"og:type\" content=\"article\" \/>\n<meta property=\"og:title\" content=\"DEZ ANOS DE \u201cPRIMEIRO A GENTE TIRA A DILMA\u201d - Lurdinha - Duque de Caxias para Est\u00f4magos Fortes\" \/>\n<meta property=\"og:description\" content=\"Hoje s\u00e3o dez anos daquele fat\u00eddico julgamento no Senado onde foi sacramentado o golpe que...\" \/>\n<meta property=\"og:url\" content=\"https:\/\/lurdinha.org\/site\/dez-anos-de-primeiro-a-gente-tira-a-dilma\/\" \/>\n<meta property=\"og:site_name\" content=\"Lurdinha - Duque de Caxias para Est\u00f4magos Fortes\" \/>\n<meta property=\"article:publisher\" content=\"https:\/\/www.facebook.com\/LurdinhadeCaxias\" \/>\n<meta property=\"article:author\" content=\"botocudo\" \/>\n<meta property=\"article:published_time\" content=\"2026-08-31T16:15:14+00:00\" \/>\n<meta property=\"article:modified_time\" content=\"2026-08-31T16:16:11+00:00\" \/>\n<meta property=\"og:image\" content=\"https:\/\/lurdinha.org\/site\/wp-content\/uploads\/DILMA.jpg\" \/>\n\t<meta property=\"og:image:width\" content=\"384\" \/>\n\t<meta property=\"og:image:height\" content=\"384\" \/>\n\t<meta property=\"og:image:type\" content=\"image\/jpeg\" \/>\n<meta name=\"author\" content=\"heraldo hb\" \/>\n<meta name=\"twitter:card\" content=\"summary_large_image\" \/>\n<meta name=\"twitter:label1\" content=\"Escrito por\" \/>\n\t<meta name=\"twitter:data1\" content=\"heraldo hb\" \/>\n\t<meta name=\"twitter:label2\" content=\"Est. tempo de leitura\" \/>\n\t<meta name=\"twitter:data2\" content=\"3 minutos\" \/>\n<script type=\"application\/ld+json\" class=\"yoast-schema-graph\">{\"@context\":\"https:\\\/\\\/schema.org\",\"@graph\":[{\"@type\":\"Article\",\"@id\":\"https:\\\/\\\/lurdinha.org\\\/site\\\/dez-anos-de-primeiro-a-gente-tira-a-dilma\\\/#article\",\"isPartOf\":{\"@id\":\"https:\\\/\\\/lurdinha.org\\\/site\\\/dez-anos-de-primeiro-a-gente-tira-a-dilma\\\/\"},\"author\":{\"name\":\"heraldo hb\",\"@id\":\"https:\\\/\\\/lurdinha.org\\\/site\\\/#\\\/schema\\\/person\\\/b833bb6a7f82598bf0e95e4c30874251\"},\"headline\":\"DEZ ANOS DE \u201cPRIMEIRO A GENTE TIRA A DILMA\u201d\",\"datePublished\":\"2026-08-31T16:15:14+00:00\",\"dateModified\":\"2026-08-31T16:16:11+00:00\",\"mainEntityOfPage\":{\"@id\":\"https:\\\/\\\/lurdinha.org\\\/site\\\/dez-anos-de-primeiro-a-gente-tira-a-dilma\\\/\"},\"wordCount\":396,\"commentCount\":0,\"publisher\":{\"@id\":\"https:\\\/\\\/lurdinha.org\\\/site\\\/#organization\"},\"image\":{\"@id\":\"https:\\\/\\\/lurdinha.org\\\/site\\\/dez-anos-de-primeiro-a-gente-tira-a-dilma\\\/#primaryimage\"},\"thumbnailUrl\":\"https:\\\/\\\/lurdinha.org\\\/site\\\/wp-content\\\/uploads\\\/DILMA.jpg\",\"articleSection\":[\"botinada\",\"uma opini\u00e3o\"],\"inLanguage\":\"pt-BR\",\"potentialAction\":[{\"@type\":\"CommentAction\",\"name\":\"Comment\",\"target\":[\"https:\\\/\\\/lurdinha.org\\\/site\\\/dez-anos-de-primeiro-a-gente-tira-a-dilma\\\/#respond\"]}]},{\"@type\":\"WebPage\",\"@id\":\"https:\\\/\\\/lurdinha.org\\\/site\\\/dez-anos-de-primeiro-a-gente-tira-a-dilma\\\/\",\"url\":\"https:\\\/\\\/lurdinha.org\\\/site\\\/dez-anos-de-primeiro-a-gente-tira-a-dilma\\\/\",\"name\":\"DEZ ANOS DE \u201cPRIMEIRO A GENTE TIRA A DILMA\u201d - Lurdinha - Duque de Caxias para Est\u00f4magos Fortes\",\"isPartOf\":{\"@id\":\"https:\\\/\\\/lurdinha.org\\\/site\\\/#website\"},\"primaryImageOfPage\":{\"@id\":\"https:\\\/\\\/lurdinha.org\\\/site\\\/dez-anos-de-primeiro-a-gente-tira-a-dilma\\\/#primaryimage\"},\"image\":{\"@id\":\"https:\\\/\\\/lurdinha.org\\\/site\\\/dez-anos-de-primeiro-a-gente-tira-a-dilma\\\/#primaryimage\"},\"thumbnailUrl\":\"https:\\\/\\\/lurdinha.org\\\/site\\\/wp-content\\\/uploads\\\/DILMA.jpg\",\"datePublished\":\"2026-08-31T16:15:14+00:00\",\"dateModified\":\"2026-08-31T16:16:11+00:00\",\"breadcrumb\":{\"@id\":\"https:\\\/\\\/lurdinha.org\\\/site\\\/dez-anos-de-primeiro-a-gente-tira-a-dilma\\\/#breadcrumb\"},\"inLanguage\":\"pt-BR\",\"potentialAction\":[{\"@type\":\"ReadAction\",\"target\":[\"https:\\\/\\\/lurdinha.org\\\/site\\\/dez-anos-de-primeiro-a-gente-tira-a-dilma\\\/\"]}]},{\"@type\":\"ImageObject\",\"inLanguage\":\"pt-BR\",\"@id\":\"https:\\\/\\\/lurdinha.org\\\/site\\\/dez-anos-de-primeiro-a-gente-tira-a-dilma\\\/#primaryimage\",\"url\":\"https:\\\/\\\/lurdinha.org\\\/site\\\/wp-content\\\/uploads\\\/DILMA.jpg\",\"contentUrl\":\"https:\\\/\\\/lurdinha.org\\\/site\\\/wp-content\\\/uploads\\\/DILMA.jpg\",\"width\":384,\"height\":384},{\"@type\":\"BreadcrumbList\",\"@id\":\"https:\\\/\\\/lurdinha.org\\\/site\\\/dez-anos-de-primeiro-a-gente-tira-a-dilma\\\/#breadcrumb\",\"itemListElement\":[{\"@type\":\"ListItem\",\"position\":1,\"name\":\"In\u00edcio\",\"item\":\"https:\\\/\\\/lurdinha.org\\\/site\\\/\"},{\"@type\":\"ListItem\",\"position\":2,\"name\":\"DEZ ANOS DE \u201cPRIMEIRO A GENTE TIRA A DILMA\u201d\"}]},{\"@type\":\"WebSite\",\"@id\":\"https:\\\/\\\/lurdinha.org\\\/site\\\/#website\",\"url\":\"https:\\\/\\\/lurdinha.org\\\/site\\\/\",\"name\":\"Lurdinha - Duque de Caxias para Est\u00f4magos Fortes\",\"description\":\"Site sobre Arte, Cultura, Pol\u00edtica, Sociedade e curiosidades da cidade de Duque de Caxias, RJ\",\"publisher\":{\"@id\":\"https:\\\/\\\/lurdinha.org\\\/site\\\/#organization\"},\"alternateName\":\"Lurdinha\",\"potentialAction\":[{\"@type\":\"SearchAction\",\"target\":{\"@type\":\"EntryPoint\",\"urlTemplate\":\"https:\\\/\\\/lurdinha.org\\\/site\\\/?s={search_term_string}\"},\"query-input\":{\"@type\":\"PropertyValueSpecification\",\"valueRequired\":true,\"valueName\":\"search_term_string\"}}],\"inLanguage\":\"pt-BR\"},{\"@type\":\"Organization\",\"@id\":\"https:\\\/\\\/lurdinha.org\\\/site\\\/#organization\",\"name\":\"Lurdinha de Caxias\",\"url\":\"https:\\\/\\\/lurdinha.org\\\/site\\\/\",\"logo\":{\"@type\":\"ImageObject\",\"inLanguage\":\"pt-BR\",\"@id\":\"https:\\\/\\\/lurdinha.org\\\/site\\\/#\\\/schema\\\/logo\\\/image\\\/\",\"url\":\"https:\\\/\\\/lurdinha.org\\\/site\\\/wp-content\\\/uploads\\\/logo-lurdinha.jpg\",\"contentUrl\":\"https:\\\/\\\/lurdinha.org\\\/site\\\/wp-content\\\/uploads\\\/logo-lurdinha.jpg\",\"width\":640,\"height\":60,\"caption\":\"Lurdinha de Caxias\"},\"image\":{\"@id\":\"https:\\\/\\\/lurdinha.org\\\/site\\\/#\\\/schema\\\/logo\\\/image\\\/\"},\"sameAs\":[\"https:\\\/\\\/www.facebook.com\\\/LurdinhadeCaxias\",\"https:\\\/\\\/www.instagram.com\\\/lurdinhadecaxias\"]},{\"@type\":\"Person\",\"@id\":\"https:\\\/\\\/lurdinha.org\\\/site\\\/#\\\/schema\\\/person\\\/b833bb6a7f82598bf0e95e4c30874251\",\"name\":\"heraldo hb\",\"image\":{\"@type\":\"ImageObject\",\"inLanguage\":\"pt-BR\",\"@id\":\"https:\\\/\\\/secure.gravatar.com\\\/avatar\\\/5de9fe99c72cb6885bbdaa24b1c5738b0f673d265de18720fae7463d5f47b48d?s=96&d=mm&r=g\",\"url\":\"https:\\\/\\\/secure.gravatar.com\\\/avatar\\\/5de9fe99c72cb6885bbdaa24b1c5738b0f673d265de18720fae7463d5f47b48d?s=96&d=mm&r=g\",\"contentUrl\":\"https:\\\/\\\/secure.gravatar.com\\\/avatar\\\/5de9fe99c72cb6885bbdaa24b1c5738b0f673d265de18720fae7463d5f47b48d?s=96&d=mm&r=g\",\"caption\":\"heraldo hb\"},\"description\":\"Cineasta, animador cultural, escritor e educador nascido no s\u00e9culo XX\",\"sameAs\":[\"http:\\\/\\\/wwww.relinkare.org\",\"botocudo\",\"heraldohb\",\"relinkare\"],\"url\":\"https:\\\/\\\/lurdinha.org\\\/site\\\/author\\\/heraldohb\\\/\"}]}<\/script>\n<!-- \/ Yoast SEO plugin. -->","yoast_head_json":{"title":"DEZ ANOS DE \u201cPRIMEIRO A GENTE TIRA A DILMA\u201d - Lurdinha - Duque de Caxias para Est\u00f4magos Fortes","robots":{"index":"index","follow":"follow","max-snippet":"max-snippet:-1","max-image-preview":"max-image-preview:large","max-video-preview":"max-video-preview:-1"},"canonical":"https:\/\/lurdinha.org\/site\/dez-anos-de-primeiro-a-gente-tira-a-dilma\/","og_locale":"pt_BR","og_type":"article","og_title":"DEZ ANOS DE \u201cPRIMEIRO A GENTE TIRA A DILMA\u201d - Lurdinha - Duque de Caxias para Est\u00f4magos Fortes","og_description":"Hoje s\u00e3o dez anos daquele fat\u00eddico julgamento no Senado onde foi sacramentado o golpe que...","og_url":"https:\/\/lurdinha.org\/site\/dez-anos-de-primeiro-a-gente-tira-a-dilma\/","og_site_name":"Lurdinha - Duque de Caxias para Est\u00f4magos Fortes","article_publisher":"https:\/\/www.facebook.com\/LurdinhadeCaxias","article_author":"botocudo","article_published_time":"2026-08-31T16:15:14+00:00","article_modified_time":"2026-08-31T16:16:11+00:00","og_image":[{"width":384,"height":384,"url":"https:\/\/lurdinha.org\/site\/wp-content\/uploads\/DILMA.jpg","type":"image\/jpeg"}],"author":"heraldo hb","twitter_card":"summary_large_image","twitter_misc":{"Escrito por":"heraldo hb","Est. tempo de leitura":"3 minutos"},"schema":{"@context":"https:\/\/schema.org","@graph":[{"@type":"Article","@id":"https:\/\/lurdinha.org\/site\/dez-anos-de-primeiro-a-gente-tira-a-dilma\/#article","isPartOf":{"@id":"https:\/\/lurdinha.org\/site\/dez-anos-de-primeiro-a-gente-tira-a-dilma\/"},"author":{"name":"heraldo hb","@id":"https:\/\/lurdinha.org\/site\/#\/schema\/person\/b833bb6a7f82598bf0e95e4c30874251"},"headline":"DEZ ANOS DE \u201cPRIMEIRO A GENTE TIRA A DILMA\u201d","datePublished":"2026-08-31T16:15:14+00:00","dateModified":"2026-08-31T16:16:11+00:00","mainEntityOfPage":{"@id":"https:\/\/lurdinha.org\/site\/dez-anos-de-primeiro-a-gente-tira-a-dilma\/"},"wordCount":396,"commentCount":0,"publisher":{"@id":"https:\/\/lurdinha.org\/site\/#organization"},"image":{"@id":"https:\/\/lurdinha.org\/site\/dez-anos-de-primeiro-a-gente-tira-a-dilma\/#primaryimage"},"thumbnailUrl":"https:\/\/lurdinha.org\/site\/wp-content\/uploads\/DILMA.jpg","articleSection":["botinada","uma opini\u00e3o"],"inLanguage":"pt-BR","potentialAction":[{"@type":"CommentAction","name":"Comment","target":["https:\/\/lurdinha.org\/site\/dez-anos-de-primeiro-a-gente-tira-a-dilma\/#respond"]}]},{"@type":"WebPage","@id":"https:\/\/lurdinha.org\/site\/dez-anos-de-primeiro-a-gente-tira-a-dilma\/","url":"https:\/\/lurdinha.org\/site\/dez-anos-de-primeiro-a-gente-tira-a-dilma\/","name":"DEZ ANOS DE \u201cPRIMEIRO A GENTE TIRA A DILMA\u201d - Lurdinha - Duque de Caxias para Est\u00f4magos Fortes","isPartOf":{"@id":"https:\/\/lurdinha.org\/site\/#website"},"primaryImageOfPage":{"@id":"https:\/\/lurdinha.org\/site\/dez-anos-de-primeiro-a-gente-tira-a-dilma\/#primaryimage"},"image":{"@id":"https:\/\/lurdinha.org\/site\/dez-anos-de-primeiro-a-gente-tira-a-dilma\/#primaryimage"},"thumbnailUrl":"https:\/\/lurdinha.org\/site\/wp-content\/uploads\/DILMA.jpg","datePublished":"2026-08-31T16:15:14+00:00","dateModified":"2026-08-31T16:16:11+00:00","breadcrumb":{"@id":"https:\/\/lurdinha.org\/site\/dez-anos-de-primeiro-a-gente-tira-a-dilma\/#breadcrumb"},"inLanguage":"pt-BR","potentialAction":[{"@type":"ReadAction","target":["https:\/\/lurdinha.org\/site\/dez-anos-de-primeiro-a-gente-tira-a-dilma\/"]}]},{"@type":"ImageObject","inLanguage":"pt-BR","@id":"https:\/\/lurdinha.org\/site\/dez-anos-de-primeiro-a-gente-tira-a-dilma\/#primaryimage","url":"https:\/\/lurdinha.org\/site\/wp-content\/uploads\/DILMA.jpg","contentUrl":"https:\/\/lurdinha.org\/site\/wp-content\/uploads\/DILMA.jpg","width":384,"height":384},{"@type":"BreadcrumbList","@id":"https:\/\/lurdinha.org\/site\/dez-anos-de-primeiro-a-gente-tira-a-dilma\/#breadcrumb","itemListElement":[{"@type":"ListItem","position":1,"name":"In\u00edcio","item":"https:\/\/lurdinha.org\/site\/"},{"@type":"ListItem","position":2,"name":"DEZ ANOS DE \u201cPRIMEIRO A GENTE TIRA A DILMA\u201d"}]},{"@type":"WebSite","@id":"https:\/\/lurdinha.org\/site\/#website","url":"https:\/\/lurdinha.org\/site\/","name":"Lurdinha - Duque de Caxias para Est\u00f4magos Fortes","description":"Site sobre Arte, Cultura, Pol\u00edtica, Sociedade e curiosidades da cidade de Duque de Caxias, RJ","publisher":{"@id":"https:\/\/lurdinha.org\/site\/#organization"},"alternateName":"Lurdinha","potentialAction":[{"@type":"SearchAction","target":{"@type":"EntryPoint","urlTemplate":"https:\/\/lurdinha.org\/site\/?s={search_term_string}"},"query-input":{"@type":"PropertyValueSpecification","valueRequired":true,"valueName":"search_term_string"}}],"inLanguage":"pt-BR"},{"@type":"Organization","@id":"https:\/\/lurdinha.org\/site\/#organization","name":"Lurdinha de Caxias","url":"https:\/\/lurdinha.org\/site\/","logo":{"@type":"ImageObject","inLanguage":"pt-BR","@id":"https:\/\/lurdinha.org\/site\/#\/schema\/logo\/image\/","url":"https:\/\/lurdinha.org\/site\/wp-content\/uploads\/logo-lurdinha.jpg","contentUrl":"https:\/\/lurdinha.org\/site\/wp-content\/uploads\/logo-lurdinha.jpg","width":640,"height":60,"caption":"Lurdinha de Caxias"},"image":{"@id":"https:\/\/lurdinha.org\/site\/#\/schema\/logo\/image\/"},"sameAs":["https:\/\/www.facebook.com\/LurdinhadeCaxias","https:\/\/www.instagram.com\/lurdinhadecaxias"]},{"@type":"Person","@id":"https:\/\/lurdinha.org\/site\/#\/schema\/person\/b833bb6a7f82598bf0e95e4c30874251","name":"heraldo hb","image":{"@type":"ImageObject","inLanguage":"pt-BR","@id":"https:\/\/secure.gravatar.com\/avatar\/5de9fe99c72cb6885bbdaa24b1c5738b0f673d265de18720fae7463d5f47b48d?s=96&d=mm&r=g","url":"https:\/\/secure.gravatar.com\/avatar\/5de9fe99c72cb6885bbdaa24b1c5738b0f673d265de18720fae7463d5f47b48d?s=96&d=mm&r=g","contentUrl":"https:\/\/secure.gravatar.com\/avatar\/5de9fe99c72cb6885bbdaa24b1c5738b0f673d265de18720fae7463d5f47b48d?s=96&d=mm&r=g","caption":"heraldo hb"},"description":"Cineasta, animador cultural, escritor e educador nascido no s\u00e9culo XX","sameAs":["http:\/\/wwww.relinkare.org","botocudo","heraldohb","relinkare"],"url":"https:\/\/lurdinha.org\/site\/author\/heraldohb\/"}]}},"views":16,"_links":{"self":[{"href":"https:\/\/lurdinha.org\/site\/wp-json\/wp\/v2\/posts\/12662","targetHints":{"allow":["GET"]}}],"collection":[{"href":"https:\/\/lurdinha.org\/site\/wp-json\/wp\/v2\/posts"}],"about":[{"href":"https:\/\/lurdinha.org\/site\/wp-json\/wp\/v2\/types\/post"}],"author":[{"embeddable":true,"href":"https:\/\/lurdinha.org\/site\/wp-json\/wp\/v2\/users\/2"}],"replies":[{"embeddable":true,"href":"https:\/\/lurdinha.org\/site\/wp-json\/wp\/v2\/comments?post=12662"}],"version-history":[{"count":1,"href":"https:\/\/lurdinha.org\/site\/wp-json\/wp\/v2\/posts\/12662\/revisions"}],"predecessor-version":[{"id":12663,"href":"https:\/\/lurdinha.org\/site\/wp-json\/wp\/v2\/posts\/12662\/revisions\/12663"}],"wp:featuredmedia":[{"embeddable":true,"href":"https:\/\/lurdinha.org\/site\/wp-json\/wp\/v2\/media\/12664"}],"wp:attachment":[{"href":"https:\/\/lurdinha.org\/site\/wp-json\/wp\/v2\/media?parent=12662"}],"wp:term":[{"taxonomy":"category","embeddable":true,"href":"https:\/\/lurdinha.org\/site\/wp-json\/wp\/v2\/categories?post=12662"},{"taxonomy":"post_tag","embeddable":true,"href":"https:\/\/lurdinha.org\/site\/wp-json\/wp\/v2\/tags?post=12662"}],"curies":[{"name":"wp","href":"https:\/\/api.w.org\/{rel}","templated":true}]}}