{"id":12528,"date":"2026-03-16T05:42:35","date_gmt":"2026-03-16T05:42:35","guid":{"rendered":"https:\/\/lurdinha.org\/site\/?p=12528"},"modified":"2026-03-16T05:49:35","modified_gmt":"2026-03-16T05:49:35","slug":"um-encontro-uma-foto-e-umas-lembrancas-boas-com-jorge-pica-pau","status":"publish","type":"post","link":"https:\/\/lurdinha.org\/site\/um-encontro-uma-foto-e-umas-lembrancas-boas-com-jorge-pica-pau\/","title":{"rendered":"Um encontro, uma foto e umas lembran\u00e7as boas (com Jorge Pica Pau)"},"content":{"rendered":"<p><img loading=\"lazy\" decoding=\"async\" class=\"alignnone size-full wp-image-12530\" src=\"https:\/\/lurdinha.org\/site\/wp-content\/uploads\/foto-trazida-pelo-pica-pau-noite.jpg\" alt=\"\" width=\"700\" height=\"933\" srcset=\"https:\/\/lurdinha.org\/site\/wp-content\/uploads\/foto-trazida-pelo-pica-pau-noite.jpg 700w, https:\/\/lurdinha.org\/site\/wp-content\/uploads\/foto-trazida-pelo-pica-pau-noite-225x300.jpg 225w, https:\/\/lurdinha.org\/site\/wp-content\/uploads\/foto-trazida-pelo-pica-pau-noite-610x813.jpg 610w\" sizes=\"auto, (max-width: 700px) 100vw, 700px\" \/><\/p>\n<p>\u201cRapaz, que coincid\u00eancia te encontrar agora. Sa\u00ed de casa hoje com essa foto aqui, doido pra te mostrar\u201d. \u00c9 o<strong> Jorge Pica Pau<\/strong>, amigo querido, uma figura\u00e7a daquelas cl\u00e1ssicas dessa cidade. Tenho duas entrevistas sensacionais com ele na Lurdinha e que d\u00e1 pra achar f\u00e1cil l\u00e1 no site. <a href=\"https:\/\/lurdinha.org\/site\/papo-caxias-jorge-pica-pau\/\">Em uma delas<\/a> tem a hist\u00f3ria de quando o Escadinha foi no bar dele, um bar que ficou mais de dez anos funcionando vinte e quatro horas; na <a href=\"https:\/\/lurdinha.org\/site\/jorge-pica-pau-cercado-pelos-7-no-bloco-do-china\/\">outra<\/a> ele conta como ganhou um samba no Bloco do China falando sobre o bicho. Hil\u00e1rio.<br \/>\nA foto em quest\u00e3o \u00e9 uma surrada xerox colorida de uma foto impressa, sa\u00edda n\u00e3o tenho ideia de onde; s\u00f3 sei que tem tempo. Mostra ele, eu, o jornalista Eldemar de Souza, o artista pl\u00e1stico Marco Bomfim, aka Marquinho Maluco, o Vidigal, que era cana e tinha um conceito no mundo do samba, e o grande e saudoso Kim. De fato, mesmo com a qualidade bem ruim, gostei muito de ver a imagem.<br \/>\nMarquinho e Eldemar continuam a\u00ed aprontando e sempre esbarro nas nossas realiza\u00e7\u00f5es.<br \/>\nMas deu saudade do Seu Kim, nome art\u00edstico de Joaquim Bernardo da Costa (tamb\u00e9m chamavam ele de Seu Quinho). J\u00e1 <a href=\"https:\/\/lurdinha.org\/site\/samba-perde-seu-kim-mestre-do-violao-e-da-cultura-popular\/\">escrevi<\/a> sobre ele tamb\u00e9m. Em seus \u00faltimos cinco anos de vida encontrava com ele direto, toda semana, no centro, ou no Gilberto, bar em frente aos Correios, ou no lend\u00e1rio Zequinha, boteco point surreal dentro do Mercado Municipal. Boa parte do que sei sobre hist\u00f3rias do samba e do Carnaval na Baixada aprendi com ele. Era uma \u00e9poca em que eu viajava muito a trabalho e na desorganiza\u00e7\u00e3o acabou que nunca consegui botar pra rolo de fato o projeto de uma entrevista decente com ele. Me arrependo demais.<br \/>\nPica Pau n\u00e3o tem nem celular, que dir\u00e1 rede social, por isso n\u00e3o ler\u00e1 essas linhas, mas sei que ele sabe que estou aqui mandando um abra\u00e7o e agradecendo por esbarrar com ele por essas noites caxienses.<\/p>\n<p>_<br \/>\n[ #croniquinhas, heraldohb, mar\u00e7o 2026 ]<\/p>\n<figure id=\"attachment_12531\" aria-describedby=\"caption-attachment-12531\" style=\"width: 800px\" class=\"wp-caption alignnone\"><img loading=\"lazy\" decoding=\"async\" class=\"wp-image-12531 size-full\" src=\"https:\/\/lurdinha.org\/site\/wp-content\/uploads\/foto-trazida-pelo-pica-pau.jpg\" alt=\"\" width=\"800\" height=\"576\" srcset=\"https:\/\/lurdinha.org\/site\/wp-content\/uploads\/foto-trazida-pelo-pica-pau.jpg 800w, https:\/\/lurdinha.org\/site\/wp-content\/uploads\/foto-trazida-pelo-pica-pau-300x216.jpg 300w, https:\/\/lurdinha.org\/site\/wp-content\/uploads\/foto-trazida-pelo-pica-pau-610x439.jpg 610w, https:\/\/lurdinha.org\/site\/wp-content\/uploads\/foto-trazida-pelo-pica-pau-768x553.jpg 768w\" sizes=\"auto, (max-width: 800px) 100vw, 800px\" \/><figcaption id=\"caption-attachment-12531\" class=\"wp-caption-text\">Jorge Pica Pau, Vidigal (de chap\u00e9u), Marco Bomfim, KIm, Eldemar de Souza e Heraldo HB. Autor n\u00e3o identificado. Por volta de 2010.<\/figcaption><\/figure>\n<p><img loading=\"lazy\" decoding=\"async\" class=\"alignnone size-full wp-image-12532\" src=\"https:\/\/lurdinha.org\/site\/wp-content\/uploads\/Kim-e-PicaPau_2012.jpg\" alt=\"\" width=\"800\" height=\"600\" srcset=\"https:\/\/lurdinha.org\/site\/wp-content\/uploads\/Kim-e-PicaPau_2012.jpg 800w, https:\/\/lurdinha.org\/site\/wp-content\/uploads\/Kim-e-PicaPau_2012-300x225.jpg 300w, https:\/\/lurdinha.org\/site\/wp-content\/uploads\/Kim-e-PicaPau_2012-610x458.jpg 610w, https:\/\/lurdinha.org\/site\/wp-content\/uploads\/Kim-e-PicaPau_2012-768x576.jpg 768w\" sizes=\"auto, (max-width: 800px) 100vw, 800px\" \/><\/p>\n<p><img loading=\"lazy\" decoding=\"async\" class=\"alignnone size-full wp-image-12533\" src=\"https:\/\/lurdinha.org\/site\/wp-content\/uploads\/picapau-na-noitee.jpg\" alt=\"\" width=\"800\" height=\"563\" srcset=\"https:\/\/lurdinha.org\/site\/wp-content\/uploads\/picapau-na-noitee.jpg 800w, https:\/\/lurdinha.org\/site\/wp-content\/uploads\/picapau-na-noitee-300x211.jpg 300w, https:\/\/lurdinha.org\/site\/wp-content\/uploads\/picapau-na-noitee-610x429.jpg 610w, https:\/\/lurdinha.org\/site\/wp-content\/uploads\/picapau-na-noitee-768x540.jpg 768w\" sizes=\"auto, (max-width: 800px) 100vw, 800px\" \/> <img loading=\"lazy\" decoding=\"async\" class=\"alignnone size-full wp-image-12534\" src=\"https:\/\/lurdinha.org\/site\/wp-content\/uploads\/picapau-na-noite.jpg\" alt=\"\" width=\"800\" height=\"600\" srcset=\"https:\/\/lurdinha.org\/site\/wp-content\/uploads\/picapau-na-noite.jpg 800w, https:\/\/lurdinha.org\/site\/wp-content\/uploads\/picapau-na-noite-300x225.jpg 300w, https:\/\/lurdinha.org\/site\/wp-content\/uploads\/picapau-na-noite-610x458.jpg 610w, https:\/\/lurdinha.org\/site\/wp-content\/uploads\/picapau-na-noite-768x576.jpg 768w\" sizes=\"auto, (max-width: 800px) 100vw, 800px\" \/><\/p>\n<p><img loading=\"lazy\" decoding=\"async\" class=\"alignnone size-full wp-image-12535\" src=\"https:\/\/lurdinha.org\/site\/wp-content\/uploads\/seu-kim_2012.jpg\" alt=\"\" width=\"443\" height=\"443\" srcset=\"https:\/\/lurdinha.org\/site\/wp-content\/uploads\/seu-kim_2012.jpg 443w, https:\/\/lurdinha.org\/site\/wp-content\/uploads\/seu-kim_2012-300x300.jpg 300w, https:\/\/lurdinha.org\/site\/wp-content\/uploads\/seu-kim_2012-150x150.jpg 150w, https:\/\/lurdinha.org\/site\/wp-content\/uploads\/seu-kim_2012-120x120.jpg 120w\" sizes=\"auto, (max-width: 443px) 100vw, 443px\" \/><\/p>\n","protected":false},"excerpt":{"rendered":"<p>\u201cRapaz, que coincid\u00eancia te encontrar agora. Sa\u00ed de casa hoje com essa foto aqui, doido&#8230;<\/p>\n","protected":false},"author":2,"featured_media":12530,"comment_status":"open","ping_status":"closed","sticky":false,"template":"","format":"standard","meta":{"footnotes":""},"categories":[3,14,9],"tags":[11,32,637,404,1439],"class_list":["post-12528","post","type-post","status-publish","format-standard","has-post-thumbnail","hentry","category-clique","category-gente","category-historia","tag-duque-de-caxias","tag-eldemar-de-souza","tag-jorge-pica-pau","tag-marco-bomfim","tag-seu-kim"],"yoast_head":"<!-- This site is optimized with the Yoast SEO plugin v27.5 - https:\/\/yoast.com\/product\/yoast-seo-wordpress\/ -->\n<title>Um encontro, uma foto e umas lembran\u00e7as boas (com Jorge Pica Pau) - Lurdinha - Duque de Caxias para Est\u00f4magos Fortes<\/title>\n<meta name=\"robots\" content=\"index, follow, max-snippet:-1, max-image-preview:large, max-video-preview:-1\" \/>\n<link rel=\"canonical\" href=\"https:\/\/lurdinha.org\/site\/um-encontro-uma-foto-e-umas-lembrancas-boas-com-jorge-pica-pau\/\" \/>\n<meta property=\"og:locale\" content=\"pt_BR\" \/>\n<meta property=\"og:type\" content=\"article\" \/>\n<meta property=\"og:title\" content=\"Um encontro, uma foto e umas lembran\u00e7as boas (com Jorge Pica Pau) - Lurdinha - Duque de Caxias para Est\u00f4magos Fortes\" \/>\n<meta property=\"og:description\" content=\"\u201cRapaz, que coincid\u00eancia te encontrar agora. Sa\u00ed de casa hoje com essa foto aqui, doido...\" \/>\n<meta property=\"og:url\" content=\"https:\/\/lurdinha.org\/site\/um-encontro-uma-foto-e-umas-lembrancas-boas-com-jorge-pica-pau\/\" \/>\n<meta property=\"og:site_name\" content=\"Lurdinha - Duque de Caxias para Est\u00f4magos Fortes\" \/>\n<meta property=\"article:publisher\" content=\"https:\/\/www.facebook.com\/LurdinhadeCaxias\" \/>\n<meta property=\"article:author\" content=\"botocudo\" \/>\n<meta property=\"article:published_time\" content=\"2026-03-16T05:42:35+00:00\" \/>\n<meta property=\"article:modified_time\" content=\"2026-03-16T05:49:35+00:00\" \/>\n<meta property=\"og:image\" content=\"https:\/\/lurdinha.org\/site\/wp-content\/uploads\/foto-trazida-pelo-pica-pau-noite.jpg\" \/>\n\t<meta property=\"og:image:width\" content=\"700\" \/>\n\t<meta property=\"og:image:height\" content=\"933\" \/>\n\t<meta property=\"og:image:type\" content=\"image\/jpeg\" \/>\n<meta name=\"author\" content=\"heraldo hb\" \/>\n<meta name=\"twitter:card\" content=\"summary_large_image\" \/>\n<meta name=\"twitter:label1\" content=\"Escrito por\" \/>\n\t<meta name=\"twitter:data1\" content=\"heraldo hb\" \/>\n\t<meta name=\"twitter:label2\" content=\"Est. tempo de leitura\" \/>\n\t<meta name=\"twitter:data2\" content=\"4 minutos\" \/>\n<script type=\"application\/ld+json\" class=\"yoast-schema-graph\">{\"@context\":\"https:\\\/\\\/schema.org\",\"@graph\":[{\"@type\":\"Article\",\"@id\":\"https:\\\/\\\/lurdinha.org\\\/site\\\/um-encontro-uma-foto-e-umas-lembrancas-boas-com-jorge-pica-pau\\\/#article\",\"isPartOf\":{\"@id\":\"https:\\\/\\\/lurdinha.org\\\/site\\\/um-encontro-uma-foto-e-umas-lembrancas-boas-com-jorge-pica-pau\\\/\"},\"author\":{\"name\":\"heraldo hb\",\"@id\":\"https:\\\/\\\/lurdinha.org\\\/site\\\/#\\\/schema\\\/person\\\/b833bb6a7f82598bf0e95e4c30874251\"},\"headline\":\"Um encontro, uma foto e umas lembran\u00e7as boas (com Jorge Pica Pau)\",\"datePublished\":\"2026-03-16T05:42:35+00:00\",\"dateModified\":\"2026-03-16T05:49:35+00:00\",\"mainEntityOfPage\":{\"@id\":\"https:\\\/\\\/lurdinha.org\\\/site\\\/um-encontro-uma-foto-e-umas-lembrancas-boas-com-jorge-pica-pau\\\/\"},\"wordCount\":387,\"commentCount\":0,\"publisher\":{\"@id\":\"https:\\\/\\\/lurdinha.org\\\/site\\\/#organization\"},\"image\":{\"@id\":\"https:\\\/\\\/lurdinha.org\\\/site\\\/um-encontro-uma-foto-e-umas-lembrancas-boas-com-jorge-pica-pau\\\/#primaryimage\"},\"thumbnailUrl\":\"https:\\\/\\\/lurdinha.org\\\/site\\\/wp-content\\\/uploads\\\/foto-trazida-pelo-pica-pau-noite.jpg\",\"keywords\":[\"duque-de-caxias\",\"eldemar de souza\",\"Jorge Pica Pau\",\"Marco Bomfim\",\"seu kim\"],\"articleSection\":[\"clique\",\"gente\",\"hist\u00f3ria\"],\"inLanguage\":\"pt-BR\",\"potentialAction\":[{\"@type\":\"CommentAction\",\"name\":\"Comment\",\"target\":[\"https:\\\/\\\/lurdinha.org\\\/site\\\/um-encontro-uma-foto-e-umas-lembrancas-boas-com-jorge-pica-pau\\\/#respond\"]}]},{\"@type\":\"WebPage\",\"@id\":\"https:\\\/\\\/lurdinha.org\\\/site\\\/um-encontro-uma-foto-e-umas-lembrancas-boas-com-jorge-pica-pau\\\/\",\"url\":\"https:\\\/\\\/lurdinha.org\\\/site\\\/um-encontro-uma-foto-e-umas-lembrancas-boas-com-jorge-pica-pau\\\/\",\"name\":\"Um encontro, uma foto e umas lembran\u00e7as boas (com Jorge Pica Pau) - Lurdinha - Duque de Caxias para Est\u00f4magos Fortes\",\"isPartOf\":{\"@id\":\"https:\\\/\\\/lurdinha.org\\\/site\\\/#website\"},\"primaryImageOfPage\":{\"@id\":\"https:\\\/\\\/lurdinha.org\\\/site\\\/um-encontro-uma-foto-e-umas-lembrancas-boas-com-jorge-pica-pau\\\/#primaryimage\"},\"image\":{\"@id\":\"https:\\\/\\\/lurdinha.org\\\/site\\\/um-encontro-uma-foto-e-umas-lembrancas-boas-com-jorge-pica-pau\\\/#primaryimage\"},\"thumbnailUrl\":\"https:\\\/\\\/lurdinha.org\\\/site\\\/wp-content\\\/uploads\\\/foto-trazida-pelo-pica-pau-noite.jpg\",\"datePublished\":\"2026-03-16T05:42:35+00:00\",\"dateModified\":\"2026-03-16T05:49:35+00:00\",\"breadcrumb\":{\"@id\":\"https:\\\/\\\/lurdinha.org\\\/site\\\/um-encontro-uma-foto-e-umas-lembrancas-boas-com-jorge-pica-pau\\\/#breadcrumb\"},\"inLanguage\":\"pt-BR\",\"potentialAction\":[{\"@type\":\"ReadAction\",\"target\":[\"https:\\\/\\\/lurdinha.org\\\/site\\\/um-encontro-uma-foto-e-umas-lembrancas-boas-com-jorge-pica-pau\\\/\"]}]},{\"@type\":\"ImageObject\",\"inLanguage\":\"pt-BR\",\"@id\":\"https:\\\/\\\/lurdinha.org\\\/site\\\/um-encontro-uma-foto-e-umas-lembrancas-boas-com-jorge-pica-pau\\\/#primaryimage\",\"url\":\"https:\\\/\\\/lurdinha.org\\\/site\\\/wp-content\\\/uploads\\\/foto-trazida-pelo-pica-pau-noite.jpg\",\"contentUrl\":\"https:\\\/\\\/lurdinha.org\\\/site\\\/wp-content\\\/uploads\\\/foto-trazida-pelo-pica-pau-noite.jpg\",\"width\":700,\"height\":933},{\"@type\":\"BreadcrumbList\",\"@id\":\"https:\\\/\\\/lurdinha.org\\\/site\\\/um-encontro-uma-foto-e-umas-lembrancas-boas-com-jorge-pica-pau\\\/#breadcrumb\",\"itemListElement\":[{\"@type\":\"ListItem\",\"position\":1,\"name\":\"In\u00edcio\",\"item\":\"https:\\\/\\\/lurdinha.org\\\/site\\\/\"},{\"@type\":\"ListItem\",\"position\":2,\"name\":\"Um encontro, uma foto e umas lembran\u00e7as boas (com Jorge Pica Pau)\"}]},{\"@type\":\"WebSite\",\"@id\":\"https:\\\/\\\/lurdinha.org\\\/site\\\/#website\",\"url\":\"https:\\\/\\\/lurdinha.org\\\/site\\\/\",\"name\":\"Lurdinha - Duque de Caxias para Est\u00f4magos Fortes\",\"description\":\"Site sobre Arte, Cultura, Pol\u00edtica, Sociedade e curiosidades da cidade de Duque de Caxias, RJ\",\"publisher\":{\"@id\":\"https:\\\/\\\/lurdinha.org\\\/site\\\/#organization\"},\"alternateName\":\"Lurdinha\",\"potentialAction\":[{\"@type\":\"SearchAction\",\"target\":{\"@type\":\"EntryPoint\",\"urlTemplate\":\"https:\\\/\\\/lurdinha.org\\\/site\\\/?s={search_term_string}\"},\"query-input\":{\"@type\":\"PropertyValueSpecification\",\"valueRequired\":true,\"valueName\":\"search_term_string\"}}],\"inLanguage\":\"pt-BR\"},{\"@type\":\"Organization\",\"@id\":\"https:\\\/\\\/lurdinha.org\\\/site\\\/#organization\",\"name\":\"Lurdinha de Caxias\",\"url\":\"https:\\\/\\\/lurdinha.org\\\/site\\\/\",\"logo\":{\"@type\":\"ImageObject\",\"inLanguage\":\"pt-BR\",\"@id\":\"https:\\\/\\\/lurdinha.org\\\/site\\\/#\\\/schema\\\/logo\\\/image\\\/\",\"url\":\"https:\\\/\\\/lurdinha.org\\\/site\\\/wp-content\\\/uploads\\\/logo-lurdinha.jpg\",\"contentUrl\":\"https:\\\/\\\/lurdinha.org\\\/site\\\/wp-content\\\/uploads\\\/logo-lurdinha.jpg\",\"width\":640,\"height\":60,\"caption\":\"Lurdinha de Caxias\"},\"image\":{\"@id\":\"https:\\\/\\\/lurdinha.org\\\/site\\\/#\\\/schema\\\/logo\\\/image\\\/\"},\"sameAs\":[\"https:\\\/\\\/www.facebook.com\\\/LurdinhadeCaxias\",\"https:\\\/\\\/www.instagram.com\\\/lurdinhadecaxias\"]},{\"@type\":\"Person\",\"@id\":\"https:\\\/\\\/lurdinha.org\\\/site\\\/#\\\/schema\\\/person\\\/b833bb6a7f82598bf0e95e4c30874251\",\"name\":\"heraldo hb\",\"image\":{\"@type\":\"ImageObject\",\"inLanguage\":\"pt-BR\",\"@id\":\"https:\\\/\\\/secure.gravatar.com\\\/avatar\\\/5de9fe99c72cb6885bbdaa24b1c5738b0f673d265de18720fae7463d5f47b48d?s=96&d=mm&r=g\",\"url\":\"https:\\\/\\\/secure.gravatar.com\\\/avatar\\\/5de9fe99c72cb6885bbdaa24b1c5738b0f673d265de18720fae7463d5f47b48d?s=96&d=mm&r=g\",\"contentUrl\":\"https:\\\/\\\/secure.gravatar.com\\\/avatar\\\/5de9fe99c72cb6885bbdaa24b1c5738b0f673d265de18720fae7463d5f47b48d?s=96&d=mm&r=g\",\"caption\":\"heraldo hb\"},\"description\":\"Cineasta, animador cultural, escritor e educador nascido no s\u00e9culo XX\",\"sameAs\":[\"http:\\\/\\\/wwww.relinkare.org\",\"botocudo\",\"heraldohb\",\"relinkare\"],\"url\":\"https:\\\/\\\/lurdinha.org\\\/site\\\/author\\\/heraldohb\\\/\"}]}<\/script>\n<!-- \/ Yoast SEO plugin. -->","yoast_head_json":{"title":"Um encontro, uma foto e umas lembran\u00e7as boas (com Jorge Pica Pau) - Lurdinha - Duque de Caxias para Est\u00f4magos Fortes","robots":{"index":"index","follow":"follow","max-snippet":"max-snippet:-1","max-image-preview":"max-image-preview:large","max-video-preview":"max-video-preview:-1"},"canonical":"https:\/\/lurdinha.org\/site\/um-encontro-uma-foto-e-umas-lembrancas-boas-com-jorge-pica-pau\/","og_locale":"pt_BR","og_type":"article","og_title":"Um encontro, uma foto e umas lembran\u00e7as boas (com Jorge Pica Pau) - Lurdinha - Duque de Caxias para Est\u00f4magos Fortes","og_description":"\u201cRapaz, que coincid\u00eancia te encontrar agora. Sa\u00ed de casa hoje com essa foto aqui, doido...","og_url":"https:\/\/lurdinha.org\/site\/um-encontro-uma-foto-e-umas-lembrancas-boas-com-jorge-pica-pau\/","og_site_name":"Lurdinha - Duque de Caxias para Est\u00f4magos Fortes","article_publisher":"https:\/\/www.facebook.com\/LurdinhadeCaxias","article_author":"botocudo","article_published_time":"2026-03-16T05:42:35+00:00","article_modified_time":"2026-03-16T05:49:35+00:00","og_image":[{"width":700,"height":933,"url":"https:\/\/lurdinha.org\/site\/wp-content\/uploads\/foto-trazida-pelo-pica-pau-noite.jpg","type":"image\/jpeg"}],"author":"heraldo hb","twitter_card":"summary_large_image","twitter_misc":{"Escrito por":"heraldo hb","Est. tempo de leitura":"4 minutos"},"schema":{"@context":"https:\/\/schema.org","@graph":[{"@type":"Article","@id":"https:\/\/lurdinha.org\/site\/um-encontro-uma-foto-e-umas-lembrancas-boas-com-jorge-pica-pau\/#article","isPartOf":{"@id":"https:\/\/lurdinha.org\/site\/um-encontro-uma-foto-e-umas-lembrancas-boas-com-jorge-pica-pau\/"},"author":{"name":"heraldo hb","@id":"https:\/\/lurdinha.org\/site\/#\/schema\/person\/b833bb6a7f82598bf0e95e4c30874251"},"headline":"Um encontro, uma foto e umas lembran\u00e7as boas (com Jorge Pica Pau)","datePublished":"2026-03-16T05:42:35+00:00","dateModified":"2026-03-16T05:49:35+00:00","mainEntityOfPage":{"@id":"https:\/\/lurdinha.org\/site\/um-encontro-uma-foto-e-umas-lembrancas-boas-com-jorge-pica-pau\/"},"wordCount":387,"commentCount":0,"publisher":{"@id":"https:\/\/lurdinha.org\/site\/#organization"},"image":{"@id":"https:\/\/lurdinha.org\/site\/um-encontro-uma-foto-e-umas-lembrancas-boas-com-jorge-pica-pau\/#primaryimage"},"thumbnailUrl":"https:\/\/lurdinha.org\/site\/wp-content\/uploads\/foto-trazida-pelo-pica-pau-noite.jpg","keywords":["duque-de-caxias","eldemar de souza","Jorge Pica Pau","Marco Bomfim","seu kim"],"articleSection":["clique","gente","hist\u00f3ria"],"inLanguage":"pt-BR","potentialAction":[{"@type":"CommentAction","name":"Comment","target":["https:\/\/lurdinha.org\/site\/um-encontro-uma-foto-e-umas-lembrancas-boas-com-jorge-pica-pau\/#respond"]}]},{"@type":"WebPage","@id":"https:\/\/lurdinha.org\/site\/um-encontro-uma-foto-e-umas-lembrancas-boas-com-jorge-pica-pau\/","url":"https:\/\/lurdinha.org\/site\/um-encontro-uma-foto-e-umas-lembrancas-boas-com-jorge-pica-pau\/","name":"Um encontro, uma foto e umas lembran\u00e7as boas (com Jorge Pica Pau) - Lurdinha - Duque de Caxias para Est\u00f4magos Fortes","isPartOf":{"@id":"https:\/\/lurdinha.org\/site\/#website"},"primaryImageOfPage":{"@id":"https:\/\/lurdinha.org\/site\/um-encontro-uma-foto-e-umas-lembrancas-boas-com-jorge-pica-pau\/#primaryimage"},"image":{"@id":"https:\/\/lurdinha.org\/site\/um-encontro-uma-foto-e-umas-lembrancas-boas-com-jorge-pica-pau\/#primaryimage"},"thumbnailUrl":"https:\/\/lurdinha.org\/site\/wp-content\/uploads\/foto-trazida-pelo-pica-pau-noite.jpg","datePublished":"2026-03-16T05:42:35+00:00","dateModified":"2026-03-16T05:49:35+00:00","breadcrumb":{"@id":"https:\/\/lurdinha.org\/site\/um-encontro-uma-foto-e-umas-lembrancas-boas-com-jorge-pica-pau\/#breadcrumb"},"inLanguage":"pt-BR","potentialAction":[{"@type":"ReadAction","target":["https:\/\/lurdinha.org\/site\/um-encontro-uma-foto-e-umas-lembrancas-boas-com-jorge-pica-pau\/"]}]},{"@type":"ImageObject","inLanguage":"pt-BR","@id":"https:\/\/lurdinha.org\/site\/um-encontro-uma-foto-e-umas-lembrancas-boas-com-jorge-pica-pau\/#primaryimage","url":"https:\/\/lurdinha.org\/site\/wp-content\/uploads\/foto-trazida-pelo-pica-pau-noite.jpg","contentUrl":"https:\/\/lurdinha.org\/site\/wp-content\/uploads\/foto-trazida-pelo-pica-pau-noite.jpg","width":700,"height":933},{"@type":"BreadcrumbList","@id":"https:\/\/lurdinha.org\/site\/um-encontro-uma-foto-e-umas-lembrancas-boas-com-jorge-pica-pau\/#breadcrumb","itemListElement":[{"@type":"ListItem","position":1,"name":"In\u00edcio","item":"https:\/\/lurdinha.org\/site\/"},{"@type":"ListItem","position":2,"name":"Um encontro, uma foto e umas lembran\u00e7as boas (com Jorge Pica Pau)"}]},{"@type":"WebSite","@id":"https:\/\/lurdinha.org\/site\/#website","url":"https:\/\/lurdinha.org\/site\/","name":"Lurdinha - Duque de Caxias para Est\u00f4magos Fortes","description":"Site sobre Arte, Cultura, Pol\u00edtica, Sociedade e curiosidades da cidade de Duque de Caxias, RJ","publisher":{"@id":"https:\/\/lurdinha.org\/site\/#organization"},"alternateName":"Lurdinha","potentialAction":[{"@type":"SearchAction","target":{"@type":"EntryPoint","urlTemplate":"https:\/\/lurdinha.org\/site\/?s={search_term_string}"},"query-input":{"@type":"PropertyValueSpecification","valueRequired":true,"valueName":"search_term_string"}}],"inLanguage":"pt-BR"},{"@type":"Organization","@id":"https:\/\/lurdinha.org\/site\/#organization","name":"Lurdinha de Caxias","url":"https:\/\/lurdinha.org\/site\/","logo":{"@type":"ImageObject","inLanguage":"pt-BR","@id":"https:\/\/lurdinha.org\/site\/#\/schema\/logo\/image\/","url":"https:\/\/lurdinha.org\/site\/wp-content\/uploads\/logo-lurdinha.jpg","contentUrl":"https:\/\/lurdinha.org\/site\/wp-content\/uploads\/logo-lurdinha.jpg","width":640,"height":60,"caption":"Lurdinha de Caxias"},"image":{"@id":"https:\/\/lurdinha.org\/site\/#\/schema\/logo\/image\/"},"sameAs":["https:\/\/www.facebook.com\/LurdinhadeCaxias","https:\/\/www.instagram.com\/lurdinhadecaxias"]},{"@type":"Person","@id":"https:\/\/lurdinha.org\/site\/#\/schema\/person\/b833bb6a7f82598bf0e95e4c30874251","name":"heraldo hb","image":{"@type":"ImageObject","inLanguage":"pt-BR","@id":"https:\/\/secure.gravatar.com\/avatar\/5de9fe99c72cb6885bbdaa24b1c5738b0f673d265de18720fae7463d5f47b48d?s=96&d=mm&r=g","url":"https:\/\/secure.gravatar.com\/avatar\/5de9fe99c72cb6885bbdaa24b1c5738b0f673d265de18720fae7463d5f47b48d?s=96&d=mm&r=g","contentUrl":"https:\/\/secure.gravatar.com\/avatar\/5de9fe99c72cb6885bbdaa24b1c5738b0f673d265de18720fae7463d5f47b48d?s=96&d=mm&r=g","caption":"heraldo hb"},"description":"Cineasta, animador cultural, escritor e educador nascido no s\u00e9culo XX","sameAs":["http:\/\/wwww.relinkare.org","botocudo","heraldohb","relinkare"],"url":"https:\/\/lurdinha.org\/site\/author\/heraldohb\/"}]}},"views":233,"_links":{"self":[{"href":"https:\/\/lurdinha.org\/site\/wp-json\/wp\/v2\/posts\/12528","targetHints":{"allow":["GET"]}}],"collection":[{"href":"https:\/\/lurdinha.org\/site\/wp-json\/wp\/v2\/posts"}],"about":[{"href":"https:\/\/lurdinha.org\/site\/wp-json\/wp\/v2\/types\/post"}],"author":[{"embeddable":true,"href":"https:\/\/lurdinha.org\/site\/wp-json\/wp\/v2\/users\/2"}],"replies":[{"embeddable":true,"href":"https:\/\/lurdinha.org\/site\/wp-json\/wp\/v2\/comments?post=12528"}],"version-history":[{"count":6,"href":"https:\/\/lurdinha.org\/site\/wp-json\/wp\/v2\/posts\/12528\/revisions"}],"predecessor-version":[{"id":12540,"href":"https:\/\/lurdinha.org\/site\/wp-json\/wp\/v2\/posts\/12528\/revisions\/12540"}],"wp:featuredmedia":[{"embeddable":true,"href":"https:\/\/lurdinha.org\/site\/wp-json\/wp\/v2\/media\/12530"}],"wp:attachment":[{"href":"https:\/\/lurdinha.org\/site\/wp-json\/wp\/v2\/media?parent=12528"}],"wp:term":[{"taxonomy":"category","embeddable":true,"href":"https:\/\/lurdinha.org\/site\/wp-json\/wp\/v2\/categories?post=12528"},{"taxonomy":"post_tag","embeddable":true,"href":"https:\/\/lurdinha.org\/site\/wp-json\/wp\/v2\/tags?post=12528"}],"curies":[{"name":"wp","href":"https:\/\/api.w.org\/{rel}","templated":true}]}}