{"id":12479,"date":"2025-12-18T02:27:38","date_gmt":"2025-12-18T02:27:38","guid":{"rendered":"https:\/\/lurdinha.org\/site\/?p=12479"},"modified":"2026-03-06T19:36:00","modified_gmt":"2026-03-06T19:36:00","slug":"documentario-sobre-a-favela-da-vila-operaria-ganha-exibicao-especial-em-duque-de-caxias","status":"publish","type":"post","link":"https:\/\/lurdinha.org\/site\/documentario-sobre-a-favela-da-vila-operaria-ganha-exibicao-especial-em-duque-de-caxias\/","title":{"rendered":"Document\u00e1rio sobre a Favela da Vila Oper\u00e1ria ganha exibi\u00e7\u00e3o especial em Duque de Caxias"},"content":{"rendered":"<p>O curta-metragem &#8220;<strong>Vila Oper\u00e1ria &#8211; Uma hist\u00f3ria de resist\u00eancia constru\u00edda por Jos\u00e9 de Jesus, Sr. Barbosa<\/strong>&#8220;, dirigido por <a href=\"https:\/\/lurdinha.org\/site\/author\/lubrasil\/\"><strong>Lu Brasil<\/strong><\/a>, ser\u00e1 exibido em sess\u00e3o especial no dia 20 de dezembro de 2025, \u00e0s 19h, na Pra\u00e7a Jos\u00e9 de Jesus, em Duque de Caxias, na Baixada Fluminense. A entrada \u00e9 gratuita e aberta ao p\u00fablico.<\/p>\n<p>O filme \u00e9 um document\u00e1rio brasileiro que aborda a hist\u00f3ria de resist\u00eancia da comunidade local, a partir da trajet\u00f3ria de Jos\u00e9 de Jesus, conhecido como Sr. Barbosa, uma das principais lideran\u00e7as da luta por moradia na Vila Oper\u00e1ria de Caxias. O filme reconstr\u00f3i, por meio de mem\u00f3rias, relatos e imagens de arquivo, o processo coletivo de ocupa\u00e7\u00e3o, organiza\u00e7\u00e3o e perman\u00eancia da comunidade no territ\u00f3rio.<\/p>\n<p>Em sua realiza\u00e7\u00e3o, o curta contou com o apoio do N\u00facleo de Pesquisa de Mem\u00f3ria da Moradia Popular, vinculado \u00e0 Faculdade de Educa\u00e7\u00e3o da Baixada Fluminense \u2013 FEBF, institui\u00e7\u00e3o onde a diretora concluiu gradua\u00e7\u00e3o e mestrado. Al\u00e9m de cineasta, Lu Brasil \u00e9 artista de graffiti e pesquisadora, trazendo para o filme um olhar sens\u00edvel que dialoga com pr\u00e1ticas art\u00edsticas e com o compromisso pol\u00edtico de preserva\u00e7\u00e3o da hist\u00f3ria local atrav\u00e9s da mem\u00f3ria dos moradores.<\/p>\n<p>Mais do que um registro hist\u00f3rico, o document\u00e1rio prop\u00f5e um encontro entre cinema, mem\u00f3ria e territ\u00f3rio, reafirmando a import\u00e2ncia das narrativas constru\u00eddas pelos pr\u00f3prios moradores. A exibi\u00e7\u00e3o na pra\u00e7a p\u00fablica refor\u00e7a o car\u00e1ter coletivo do projeto e convida o p\u00fablico a reconhecer a Vila Oper\u00e1ria como espa\u00e7o de luta, pertencimento e identidade.<\/p>\n<p>No fim da exibi\u00e7\u00e3o a diretora ir\u00e1 sortear o <a href=\"https:\/\/lurdinha.org\/site\/livro-sobre-a-vila-operaria-sera-lancado-no-sabado-em-caxias\/\">livro que ajudou a escrever sobre a Vila Oper\u00e1ria<\/a>.<\/p>\n<p>A finaliza\u00e7\u00e3o s\u00f3 foi poss\u00edvel com os recursos do Edital de Cultura Paulo Gustavo.<\/p>\n","protected":false},"excerpt":{"rendered":"<p>O curta-metragem &#8220;Vila Oper\u00e1ria &#8211; Uma hist\u00f3ria de resist\u00eancia constru\u00edda por Jos\u00e9 de Jesus, Sr&#8230;.<\/p>\n","protected":false},"author":87,"featured_media":12481,"comment_status":"open","ping_status":"closed","sticky":false,"template":"","format":"standard","meta":{"footnotes":""},"categories":[8,5,4],"tags":[979,962,577,710,11,870,299],"class_list":["post-12479","post","type-post","status-publish","format-standard","has-post-thumbnail","hentry","category-evento","category-umaboa","category-opiniao","tag-baixada-audiovisual","tag-baixada-filma","tag-cinema","tag-cultura-em-caxias","tag-duque-de-caxias","tag-lu-brasil","tag-vila-operaria"],"yoast_head":"<!-- This site is optimized with the Yoast SEO plugin v27.5 - https:\/\/yoast.com\/product\/yoast-seo-wordpress\/ -->\n<title>Document\u00e1rio sobre a Favela da Vila Oper\u00e1ria ganha exibi\u00e7\u00e3o especial em Duque de Caxias - Lurdinha - Duque de Caxias para Est\u00f4magos Fortes<\/title>\n<meta name=\"robots\" content=\"index, follow, max-snippet:-1, max-image-preview:large, max-video-preview:-1\" \/>\n<link rel=\"canonical\" href=\"https:\/\/lurdinha.org\/site\/documentario-sobre-a-favela-da-vila-operaria-ganha-exibicao-especial-em-duque-de-caxias\/\" \/>\n<meta property=\"og:locale\" content=\"pt_BR\" \/>\n<meta property=\"og:type\" content=\"article\" \/>\n<meta property=\"og:title\" content=\"Document\u00e1rio sobre a Favela da Vila Oper\u00e1ria ganha exibi\u00e7\u00e3o especial em Duque de Caxias - Lurdinha - Duque de Caxias para Est\u00f4magos Fortes\" \/>\n<meta property=\"og:description\" content=\"O curta-metragem &#8220;Vila Oper\u00e1ria &#8211; Uma hist\u00f3ria de resist\u00eancia constru\u00edda por Jos\u00e9 de Jesus, Sr....\" \/>\n<meta property=\"og:url\" content=\"https:\/\/lurdinha.org\/site\/documentario-sobre-a-favela-da-vila-operaria-ganha-exibicao-especial-em-duque-de-caxias\/\" \/>\n<meta property=\"og:site_name\" content=\"Lurdinha - Duque de Caxias para Est\u00f4magos Fortes\" \/>\n<meta property=\"article:publisher\" content=\"https:\/\/www.facebook.com\/LurdinhadeCaxias\" \/>\n<meta property=\"article:published_time\" content=\"2025-12-18T02:27:38+00:00\" \/>\n<meta property=\"article:modified_time\" content=\"2026-03-06T19:36:00+00:00\" \/>\n<meta property=\"og:image\" content=\"https:\/\/lurdinha.org\/site\/wp-content\/uploads\/filme_VilaOperaria_exibicao.jpg\" \/>\n\t<meta property=\"og:image:width\" content=\"800\" \/>\n\t<meta property=\"og:image:height\" content=\"610\" \/>\n\t<meta property=\"og:image:type\" content=\"image\/jpeg\" \/>\n<meta name=\"author\" content=\"Editoria\" \/>\n<meta name=\"twitter:card\" content=\"summary_large_image\" \/>\n<meta name=\"twitter:label1\" content=\"Escrito por\" \/>\n\t<meta name=\"twitter:data1\" content=\"Editoria\" \/>\n\t<meta name=\"twitter:label2\" content=\"Est. tempo de leitura\" \/>\n\t<meta name=\"twitter:data2\" content=\"2 minutos\" \/>\n<script type=\"application\/ld+json\" class=\"yoast-schema-graph\">{\"@context\":\"https:\\\/\\\/schema.org\",\"@graph\":[{\"@type\":\"Article\",\"@id\":\"https:\\\/\\\/lurdinha.org\\\/site\\\/documentario-sobre-a-favela-da-vila-operaria-ganha-exibicao-especial-em-duque-de-caxias\\\/#article\",\"isPartOf\":{\"@id\":\"https:\\\/\\\/lurdinha.org\\\/site\\\/documentario-sobre-a-favela-da-vila-operaria-ganha-exibicao-especial-em-duque-de-caxias\\\/\"},\"author\":{\"name\":\"Editoria\",\"@id\":\"https:\\\/\\\/lurdinha.org\\\/site\\\/#\\\/schema\\\/person\\\/6b0b6b83043cbaf7707ee275576b00ea\"},\"headline\":\"Document\u00e1rio sobre a Favela da Vila Oper\u00e1ria ganha exibi\u00e7\u00e3o especial em Duque de Caxias\",\"datePublished\":\"2025-12-18T02:27:38+00:00\",\"dateModified\":\"2026-03-06T19:36:00+00:00\",\"mainEntityOfPage\":{\"@id\":\"https:\\\/\\\/lurdinha.org\\\/site\\\/documentario-sobre-a-favela-da-vila-operaria-ganha-exibicao-especial-em-duque-de-caxias\\\/\"},\"wordCount\":340,\"commentCount\":0,\"publisher\":{\"@id\":\"https:\\\/\\\/lurdinha.org\\\/site\\\/#organization\"},\"image\":{\"@id\":\"https:\\\/\\\/lurdinha.org\\\/site\\\/documentario-sobre-a-favela-da-vila-operaria-ganha-exibicao-especial-em-duque-de-caxias\\\/#primaryimage\"},\"thumbnailUrl\":\"https:\\\/\\\/lurdinha.org\\\/site\\\/wp-content\\\/uploads\\\/filme_VilaOperaria_exibicao.jpg\",\"keywords\":[\"baixada audiovisual\",\"baixada filma\",\"cinema\",\"cultura em caxias\",\"duque-de-caxias\",\"lu brasil\",\"Vila Oper\u00e1ria\"],\"articleSection\":[\"evento\",\"uma boa\",\"uma opini\u00e3o\"],\"inLanguage\":\"pt-BR\",\"potentialAction\":[{\"@type\":\"CommentAction\",\"name\":\"Comment\",\"target\":[\"https:\\\/\\\/lurdinha.org\\\/site\\\/documentario-sobre-a-favela-da-vila-operaria-ganha-exibicao-especial-em-duque-de-caxias\\\/#respond\"]}]},{\"@type\":\"WebPage\",\"@id\":\"https:\\\/\\\/lurdinha.org\\\/site\\\/documentario-sobre-a-favela-da-vila-operaria-ganha-exibicao-especial-em-duque-de-caxias\\\/\",\"url\":\"https:\\\/\\\/lurdinha.org\\\/site\\\/documentario-sobre-a-favela-da-vila-operaria-ganha-exibicao-especial-em-duque-de-caxias\\\/\",\"name\":\"Document\u00e1rio sobre a Favela da Vila Oper\u00e1ria ganha exibi\u00e7\u00e3o especial em Duque de Caxias - Lurdinha - Duque de Caxias para Est\u00f4magos Fortes\",\"isPartOf\":{\"@id\":\"https:\\\/\\\/lurdinha.org\\\/site\\\/#website\"},\"primaryImageOfPage\":{\"@id\":\"https:\\\/\\\/lurdinha.org\\\/site\\\/documentario-sobre-a-favela-da-vila-operaria-ganha-exibicao-especial-em-duque-de-caxias\\\/#primaryimage\"},\"image\":{\"@id\":\"https:\\\/\\\/lurdinha.org\\\/site\\\/documentario-sobre-a-favela-da-vila-operaria-ganha-exibicao-especial-em-duque-de-caxias\\\/#primaryimage\"},\"thumbnailUrl\":\"https:\\\/\\\/lurdinha.org\\\/site\\\/wp-content\\\/uploads\\\/filme_VilaOperaria_exibicao.jpg\",\"datePublished\":\"2025-12-18T02:27:38+00:00\",\"dateModified\":\"2026-03-06T19:36:00+00:00\",\"breadcrumb\":{\"@id\":\"https:\\\/\\\/lurdinha.org\\\/site\\\/documentario-sobre-a-favela-da-vila-operaria-ganha-exibicao-especial-em-duque-de-caxias\\\/#breadcrumb\"},\"inLanguage\":\"pt-BR\",\"potentialAction\":[{\"@type\":\"ReadAction\",\"target\":[\"https:\\\/\\\/lurdinha.org\\\/site\\\/documentario-sobre-a-favela-da-vila-operaria-ganha-exibicao-especial-em-duque-de-caxias\\\/\"]}]},{\"@type\":\"ImageObject\",\"inLanguage\":\"pt-BR\",\"@id\":\"https:\\\/\\\/lurdinha.org\\\/site\\\/documentario-sobre-a-favela-da-vila-operaria-ganha-exibicao-especial-em-duque-de-caxias\\\/#primaryimage\",\"url\":\"https:\\\/\\\/lurdinha.org\\\/site\\\/wp-content\\\/uploads\\\/filme_VilaOperaria_exibicao.jpg\",\"contentUrl\":\"https:\\\/\\\/lurdinha.org\\\/site\\\/wp-content\\\/uploads\\\/filme_VilaOperaria_exibicao.jpg\",\"width\":800,\"height\":610},{\"@type\":\"BreadcrumbList\",\"@id\":\"https:\\\/\\\/lurdinha.org\\\/site\\\/documentario-sobre-a-favela-da-vila-operaria-ganha-exibicao-especial-em-duque-de-caxias\\\/#breadcrumb\",\"itemListElement\":[{\"@type\":\"ListItem\",\"position\":1,\"name\":\"In\u00edcio\",\"item\":\"https:\\\/\\\/lurdinha.org\\\/site\\\/\"},{\"@type\":\"ListItem\",\"position\":2,\"name\":\"Document\u00e1rio sobre a Favela da Vila Oper\u00e1ria ganha exibi\u00e7\u00e3o especial em Duque de Caxias\"}]},{\"@type\":\"WebSite\",\"@id\":\"https:\\\/\\\/lurdinha.org\\\/site\\\/#website\",\"url\":\"https:\\\/\\\/lurdinha.org\\\/site\\\/\",\"name\":\"Lurdinha - Duque de Caxias para Est\u00f4magos Fortes\",\"description\":\"Site sobre Arte, Cultura, Pol\u00edtica, Sociedade e curiosidades da cidade de Duque de Caxias, RJ\",\"publisher\":{\"@id\":\"https:\\\/\\\/lurdinha.org\\\/site\\\/#organization\"},\"alternateName\":\"Lurdinha\",\"potentialAction\":[{\"@type\":\"SearchAction\",\"target\":{\"@type\":\"EntryPoint\",\"urlTemplate\":\"https:\\\/\\\/lurdinha.org\\\/site\\\/?s={search_term_string}\"},\"query-input\":{\"@type\":\"PropertyValueSpecification\",\"valueRequired\":true,\"valueName\":\"search_term_string\"}}],\"inLanguage\":\"pt-BR\"},{\"@type\":\"Organization\",\"@id\":\"https:\\\/\\\/lurdinha.org\\\/site\\\/#organization\",\"name\":\"Lurdinha de Caxias\",\"url\":\"https:\\\/\\\/lurdinha.org\\\/site\\\/\",\"logo\":{\"@type\":\"ImageObject\",\"inLanguage\":\"pt-BR\",\"@id\":\"https:\\\/\\\/lurdinha.org\\\/site\\\/#\\\/schema\\\/logo\\\/image\\\/\",\"url\":\"https:\\\/\\\/lurdinha.org\\\/site\\\/wp-content\\\/uploads\\\/logo-lurdinha.jpg\",\"contentUrl\":\"https:\\\/\\\/lurdinha.org\\\/site\\\/wp-content\\\/uploads\\\/logo-lurdinha.jpg\",\"width\":640,\"height\":60,\"caption\":\"Lurdinha de Caxias\"},\"image\":{\"@id\":\"https:\\\/\\\/lurdinha.org\\\/site\\\/#\\\/schema\\\/logo\\\/image\\\/\"},\"sameAs\":[\"https:\\\/\\\/www.facebook.com\\\/LurdinhadeCaxias\",\"https:\\\/\\\/www.instagram.com\\\/lurdinhadecaxias\"]},{\"@type\":\"Person\",\"@id\":\"https:\\\/\\\/lurdinha.org\\\/site\\\/#\\\/schema\\\/person\\\/6b0b6b83043cbaf7707ee275576b00ea\",\"name\":\"Editoria\",\"image\":{\"@type\":\"ImageObject\",\"inLanguage\":\"pt-BR\",\"@id\":\"https:\\\/\\\/secure.gravatar.com\\\/avatar\\\/0ba27ca5462d63e6c810ae4debe7159a69befcd2e33516be5bad4700d2dbfa72?s=96&d=mm&r=g\",\"url\":\"https:\\\/\\\/secure.gravatar.com\\\/avatar\\\/0ba27ca5462d63e6c810ae4debe7159a69befcd2e33516be5bad4700d2dbfa72?s=96&d=mm&r=g\",\"contentUrl\":\"https:\\\/\\\/secure.gravatar.com\\\/avatar\\\/0ba27ca5462d63e6c810ae4debe7159a69befcd2e33516be5bad4700d2dbfa72?s=96&d=mm&r=g\",\"caption\":\"Editoria\"},\"url\":\"https:\\\/\\\/lurdinha.org\\\/site\\\/author\\\/editoria\\\/\"}]}<\/script>\n<!-- \/ Yoast SEO plugin. -->","yoast_head_json":{"title":"Document\u00e1rio sobre a Favela da Vila Oper\u00e1ria ganha exibi\u00e7\u00e3o especial em Duque de Caxias - Lurdinha - Duque de Caxias para Est\u00f4magos Fortes","robots":{"index":"index","follow":"follow","max-snippet":"max-snippet:-1","max-image-preview":"max-image-preview:large","max-video-preview":"max-video-preview:-1"},"canonical":"https:\/\/lurdinha.org\/site\/documentario-sobre-a-favela-da-vila-operaria-ganha-exibicao-especial-em-duque-de-caxias\/","og_locale":"pt_BR","og_type":"article","og_title":"Document\u00e1rio sobre a Favela da Vila Oper\u00e1ria ganha exibi\u00e7\u00e3o especial em Duque de Caxias - Lurdinha - Duque de Caxias para Est\u00f4magos Fortes","og_description":"O curta-metragem &#8220;Vila Oper\u00e1ria &#8211; Uma hist\u00f3ria de resist\u00eancia constru\u00edda por Jos\u00e9 de Jesus, Sr....","og_url":"https:\/\/lurdinha.org\/site\/documentario-sobre-a-favela-da-vila-operaria-ganha-exibicao-especial-em-duque-de-caxias\/","og_site_name":"Lurdinha - Duque de Caxias para Est\u00f4magos Fortes","article_publisher":"https:\/\/www.facebook.com\/LurdinhadeCaxias","article_published_time":"2025-12-18T02:27:38+00:00","article_modified_time":"2026-03-06T19:36:00+00:00","og_image":[{"width":800,"height":610,"url":"https:\/\/lurdinha.org\/site\/wp-content\/uploads\/filme_VilaOperaria_exibicao.jpg","type":"image\/jpeg"}],"author":"Editoria","twitter_card":"summary_large_image","twitter_misc":{"Escrito por":"Editoria","Est. tempo de leitura":"2 minutos"},"schema":{"@context":"https:\/\/schema.org","@graph":[{"@type":"Article","@id":"https:\/\/lurdinha.org\/site\/documentario-sobre-a-favela-da-vila-operaria-ganha-exibicao-especial-em-duque-de-caxias\/#article","isPartOf":{"@id":"https:\/\/lurdinha.org\/site\/documentario-sobre-a-favela-da-vila-operaria-ganha-exibicao-especial-em-duque-de-caxias\/"},"author":{"name":"Editoria","@id":"https:\/\/lurdinha.org\/site\/#\/schema\/person\/6b0b6b83043cbaf7707ee275576b00ea"},"headline":"Document\u00e1rio sobre a Favela da Vila Oper\u00e1ria ganha exibi\u00e7\u00e3o especial em Duque de Caxias","datePublished":"2025-12-18T02:27:38+00:00","dateModified":"2026-03-06T19:36:00+00:00","mainEntityOfPage":{"@id":"https:\/\/lurdinha.org\/site\/documentario-sobre-a-favela-da-vila-operaria-ganha-exibicao-especial-em-duque-de-caxias\/"},"wordCount":340,"commentCount":0,"publisher":{"@id":"https:\/\/lurdinha.org\/site\/#organization"},"image":{"@id":"https:\/\/lurdinha.org\/site\/documentario-sobre-a-favela-da-vila-operaria-ganha-exibicao-especial-em-duque-de-caxias\/#primaryimage"},"thumbnailUrl":"https:\/\/lurdinha.org\/site\/wp-content\/uploads\/filme_VilaOperaria_exibicao.jpg","keywords":["baixada audiovisual","baixada filma","cinema","cultura em caxias","duque-de-caxias","lu brasil","Vila Oper\u00e1ria"],"articleSection":["evento","uma boa","uma opini\u00e3o"],"inLanguage":"pt-BR","potentialAction":[{"@type":"CommentAction","name":"Comment","target":["https:\/\/lurdinha.org\/site\/documentario-sobre-a-favela-da-vila-operaria-ganha-exibicao-especial-em-duque-de-caxias\/#respond"]}]},{"@type":"WebPage","@id":"https:\/\/lurdinha.org\/site\/documentario-sobre-a-favela-da-vila-operaria-ganha-exibicao-especial-em-duque-de-caxias\/","url":"https:\/\/lurdinha.org\/site\/documentario-sobre-a-favela-da-vila-operaria-ganha-exibicao-especial-em-duque-de-caxias\/","name":"Document\u00e1rio sobre a Favela da Vila Oper\u00e1ria ganha exibi\u00e7\u00e3o especial em Duque de Caxias - Lurdinha - Duque de Caxias para Est\u00f4magos Fortes","isPartOf":{"@id":"https:\/\/lurdinha.org\/site\/#website"},"primaryImageOfPage":{"@id":"https:\/\/lurdinha.org\/site\/documentario-sobre-a-favela-da-vila-operaria-ganha-exibicao-especial-em-duque-de-caxias\/#primaryimage"},"image":{"@id":"https:\/\/lurdinha.org\/site\/documentario-sobre-a-favela-da-vila-operaria-ganha-exibicao-especial-em-duque-de-caxias\/#primaryimage"},"thumbnailUrl":"https:\/\/lurdinha.org\/site\/wp-content\/uploads\/filme_VilaOperaria_exibicao.jpg","datePublished":"2025-12-18T02:27:38+00:00","dateModified":"2026-03-06T19:36:00+00:00","breadcrumb":{"@id":"https:\/\/lurdinha.org\/site\/documentario-sobre-a-favela-da-vila-operaria-ganha-exibicao-especial-em-duque-de-caxias\/#breadcrumb"},"inLanguage":"pt-BR","potentialAction":[{"@type":"ReadAction","target":["https:\/\/lurdinha.org\/site\/documentario-sobre-a-favela-da-vila-operaria-ganha-exibicao-especial-em-duque-de-caxias\/"]}]},{"@type":"ImageObject","inLanguage":"pt-BR","@id":"https:\/\/lurdinha.org\/site\/documentario-sobre-a-favela-da-vila-operaria-ganha-exibicao-especial-em-duque-de-caxias\/#primaryimage","url":"https:\/\/lurdinha.org\/site\/wp-content\/uploads\/filme_VilaOperaria_exibicao.jpg","contentUrl":"https:\/\/lurdinha.org\/site\/wp-content\/uploads\/filme_VilaOperaria_exibicao.jpg","width":800,"height":610},{"@type":"BreadcrumbList","@id":"https:\/\/lurdinha.org\/site\/documentario-sobre-a-favela-da-vila-operaria-ganha-exibicao-especial-em-duque-de-caxias\/#breadcrumb","itemListElement":[{"@type":"ListItem","position":1,"name":"In\u00edcio","item":"https:\/\/lurdinha.org\/site\/"},{"@type":"ListItem","position":2,"name":"Document\u00e1rio sobre a Favela da Vila Oper\u00e1ria ganha exibi\u00e7\u00e3o especial em Duque de Caxias"}]},{"@type":"WebSite","@id":"https:\/\/lurdinha.org\/site\/#website","url":"https:\/\/lurdinha.org\/site\/","name":"Lurdinha - Duque de Caxias para Est\u00f4magos Fortes","description":"Site sobre Arte, Cultura, Pol\u00edtica, Sociedade e curiosidades da cidade de Duque de Caxias, RJ","publisher":{"@id":"https:\/\/lurdinha.org\/site\/#organization"},"alternateName":"Lurdinha","potentialAction":[{"@type":"SearchAction","target":{"@type":"EntryPoint","urlTemplate":"https:\/\/lurdinha.org\/site\/?s={search_term_string}"},"query-input":{"@type":"PropertyValueSpecification","valueRequired":true,"valueName":"search_term_string"}}],"inLanguage":"pt-BR"},{"@type":"Organization","@id":"https:\/\/lurdinha.org\/site\/#organization","name":"Lurdinha de Caxias","url":"https:\/\/lurdinha.org\/site\/","logo":{"@type":"ImageObject","inLanguage":"pt-BR","@id":"https:\/\/lurdinha.org\/site\/#\/schema\/logo\/image\/","url":"https:\/\/lurdinha.org\/site\/wp-content\/uploads\/logo-lurdinha.jpg","contentUrl":"https:\/\/lurdinha.org\/site\/wp-content\/uploads\/logo-lurdinha.jpg","width":640,"height":60,"caption":"Lurdinha de Caxias"},"image":{"@id":"https:\/\/lurdinha.org\/site\/#\/schema\/logo\/image\/"},"sameAs":["https:\/\/www.facebook.com\/LurdinhadeCaxias","https:\/\/www.instagram.com\/lurdinhadecaxias"]},{"@type":"Person","@id":"https:\/\/lurdinha.org\/site\/#\/schema\/person\/6b0b6b83043cbaf7707ee275576b00ea","name":"Editoria","image":{"@type":"ImageObject","inLanguage":"pt-BR","@id":"https:\/\/secure.gravatar.com\/avatar\/0ba27ca5462d63e6c810ae4debe7159a69befcd2e33516be5bad4700d2dbfa72?s=96&d=mm&r=g","url":"https:\/\/secure.gravatar.com\/avatar\/0ba27ca5462d63e6c810ae4debe7159a69befcd2e33516be5bad4700d2dbfa72?s=96&d=mm&r=g","contentUrl":"https:\/\/secure.gravatar.com\/avatar\/0ba27ca5462d63e6c810ae4debe7159a69befcd2e33516be5bad4700d2dbfa72?s=96&d=mm&r=g","caption":"Editoria"},"url":"https:\/\/lurdinha.org\/site\/author\/editoria\/"}]}},"views":417,"_links":{"self":[{"href":"https:\/\/lurdinha.org\/site\/wp-json\/wp\/v2\/posts\/12479","targetHints":{"allow":["GET"]}}],"collection":[{"href":"https:\/\/lurdinha.org\/site\/wp-json\/wp\/v2\/posts"}],"about":[{"href":"https:\/\/lurdinha.org\/site\/wp-json\/wp\/v2\/types\/post"}],"author":[{"embeddable":true,"href":"https:\/\/lurdinha.org\/site\/wp-json\/wp\/v2\/users\/87"}],"replies":[{"embeddable":true,"href":"https:\/\/lurdinha.org\/site\/wp-json\/wp\/v2\/comments?post=12479"}],"version-history":[{"count":1,"href":"https:\/\/lurdinha.org\/site\/wp-json\/wp\/v2\/posts\/12479\/revisions"}],"predecessor-version":[{"id":12480,"href":"https:\/\/lurdinha.org\/site\/wp-json\/wp\/v2\/posts\/12479\/revisions\/12480"}],"wp:featuredmedia":[{"embeddable":true,"href":"https:\/\/lurdinha.org\/site\/wp-json\/wp\/v2\/media\/12481"}],"wp:attachment":[{"href":"https:\/\/lurdinha.org\/site\/wp-json\/wp\/v2\/media?parent=12479"}],"wp:term":[{"taxonomy":"category","embeddable":true,"href":"https:\/\/lurdinha.org\/site\/wp-json\/wp\/v2\/categories?post=12479"},{"taxonomy":"post_tag","embeddable":true,"href":"https:\/\/lurdinha.org\/site\/wp-json\/wp\/v2\/tags?post=12479"}],"curies":[{"name":"wp","href":"https:\/\/api.w.org\/{rel}","templated":true}]}}