{"id":12406,"date":"2025-10-08T03:55:37","date_gmt":"2025-10-08T03:55:37","guid":{"rendered":"https:\/\/lurdinha.org\/site\/?p=12406"},"modified":"2025-10-09T03:57:02","modified_gmt":"2025-10-09T03:57:02","slug":"lembrando-rogerio-torres","status":"publish","type":"post","link":"https:\/\/lurdinha.org\/site\/lembrando-rogerio-torres\/","title":{"rendered":"Lembrando Rog\u00e9rio Torres"},"content":{"rendered":"<p>Ontem completaram quatro anos da passagem de Rog\u00e9rio Torres, um cara fenomenal, professor, historiador, escritor de fic\u00e7\u00e3o, fot\u00f3grafo, entre outras coisas. E um amigo querido de quem sinto saudade das conversas sempre inspiradoras e divertidas.<br \/>\nTem uma frase po\u00e9tica do Fernando Pessoa que gosto muito e usei na abertura do meu segundo livro, O Cerol Fininho da Baixada: \u201ctodo come\u00e7o \u00e9 involunt\u00e1rio\u201d. Ela se aplica muito nesse caso, porque Rog\u00e9rio tem uma liga\u00e7\u00e3o forte com nosso filme Amuleto, que estreou neste final de semana no Festival do Rio. Foi ele quem me falou algumas vezes entusiasticamente sobre Chico Santos &#8211; roteirista, argumentista de O Amuleto de Ogum, artista popular, contador de hist\u00f3rias, empreendedor nato, figura central em nosso filme. Durante v\u00e1rias vezes em que Chico Santos surgia em alguma conversa, Rog\u00e9rio sempre dizia que a gente tinha que entrevist\u00e1-lo. At\u00e9 que um dia me ligou dizendo que o Menezes, o Velho Menezes, tinha encontrado o h\u00f4mi e da\u00ed marcaram com ele no Instituto Hist\u00f3rico da cidade para uma entrevista, de um dia para o outro, e ele iria com sua camerazinha Digital-8.<br \/>\nDos integrantes do Mate Com Angu da \u00e9poca, a maioria n\u00e3o conseguiu estar, mas Igor Barradas p\u00f4de e Manoel Mathias j\u00e1 trabalhava no Instituto Hist\u00f3rico. E a\u00ed junto com o Velho Menezes e o jornalista Alberto Marques, entrevistamos o lend\u00e1rio Chico Santos, com Rog\u00e9rio Torres na c\u00e2mera, nessa que \u00e9 a entrevista que hoje \u00e9 a guia-mestra do nosso filme. Que j\u00e1 nascia ali, mesmo que a gente ainda n\u00e3o soubesse.<br \/>\nUma curiosidade que pouca gente sabe: Rog\u00e9rio, al\u00e9m de professor dedicado, escritor prof\u00edcuo e pesquisador admir\u00e1vel, tamb\u00e9m teve forte liga\u00e7\u00e3o com o audiovisual. Na d\u00e9cada de 1960 fundou com Barbosa Leite e Armando Valente o grupo ARCO, Arte e Comunica\u00e7\u00e3o, com o qual fizeram exposi\u00e7\u00f5es fotogr\u00e1ficas, produziram filmes em 8mm e projetavam pela cidade \u2013 acervo que infelizmente se perdeu. Quando as c\u00e2meras come\u00e7aram a se popularizar no VHS, Digital-8 e Mini-DV, ele tamb\u00e9m estava sempre filmando, antenado com o papel da tecnologia na preserva\u00e7\u00e3o da mem\u00f3ria. Vision\u00e1rio.<br \/>\nPublicou v\u00e1rios livros, tr\u00eas dos quais \u00e9 poss\u00edvel baixar no nosso site da Lurdinha. Seu impacto nos estudos historiogr\u00e1ficos da Baixada \u00e9 imenso; o enorme acervo iconogr\u00e1fico que guardou e que produziu durante anos alimentou dezenas de estudos sobre a regi\u00e3o. Imposs\u00edvel falar da mem\u00f3ria da Baixada sem citar seu nome.<br \/>\nProfundo conhecedor da obra de Machado de Assis, vinha preparando um livro que prometia ser muito bom sobre o cara, numa perspectiva bastante original, em formato de cartas. Infelizmente, Rog\u00e9rio faleceu antes de concluir a obra.<br \/>\nEstou em um momento muito feliz com o lan\u00e7amento e a repercuss\u00e3o do Amuleto e o filme tem com muito carinho Rog\u00e9rio na dedicat\u00f3ria, figura especial que est\u00e1 desde o in\u00edcio da ideia.<br \/>\nRog\u00e9rio Torres, presente!<\/p>\n","protected":false},"excerpt":{"rendered":"<p>Ontem completaram quatro anos da passagem de Rog\u00e9rio Torres, um cara fenomenal, professor, historiador, escritor&#8230;<\/p>\n","protected":false},"author":2,"featured_media":10179,"comment_status":"open","ping_status":"closed","sticky":false,"template":"","format":"standard","meta":{"footnotes":""},"categories":[14,9,4],"tags":[1423,1426,68,932],"class_list":["post-12406","post","type-post","status-publish","format-standard","has-post-thumbnail","hentry","category-gente","category-historia","category-opiniao","tag-amuleto","tag-chico-santos","tag-mate-com-angu","tag-rogerio-torres"],"yoast_head":"<!-- This site is optimized with the Yoast SEO plugin v27.5 - https:\/\/yoast.com\/product\/yoast-seo-wordpress\/ -->\n<title>Lembrando Rog\u00e9rio Torres - Lurdinha - Duque de Caxias para Est\u00f4magos Fortes<\/title>\n<meta name=\"robots\" content=\"index, follow, max-snippet:-1, max-image-preview:large, max-video-preview:-1\" \/>\n<link rel=\"canonical\" href=\"https:\/\/lurdinha.org\/site\/lembrando-rogerio-torres\/\" \/>\n<meta property=\"og:locale\" content=\"pt_BR\" \/>\n<meta property=\"og:type\" content=\"article\" \/>\n<meta property=\"og:title\" content=\"Lembrando Rog\u00e9rio Torres - Lurdinha - Duque de Caxias para Est\u00f4magos Fortes\" \/>\n<meta property=\"og:description\" content=\"Ontem completaram quatro anos da passagem de Rog\u00e9rio Torres, um cara fenomenal, professor, historiador, escritor...\" \/>\n<meta property=\"og:url\" content=\"https:\/\/lurdinha.org\/site\/lembrando-rogerio-torres\/\" \/>\n<meta property=\"og:site_name\" content=\"Lurdinha - Duque de Caxias para Est\u00f4magos Fortes\" \/>\n<meta property=\"article:publisher\" content=\"https:\/\/www.facebook.com\/LurdinhadeCaxias\" \/>\n<meta property=\"article:author\" content=\"botocudo\" \/>\n<meta property=\"article:published_time\" content=\"2025-10-08T03:55:37+00:00\" \/>\n<meta property=\"article:modified_time\" content=\"2025-10-09T03:57:02+00:00\" \/>\n<meta property=\"og:image\" content=\"https:\/\/lurdinha.org\/site\/wp-content\/uploads\/rogeriotorres_lapa-1.jpg\" \/>\n\t<meta property=\"og:image:width\" content=\"200\" \/>\n\t<meta property=\"og:image:height\" content=\"262\" \/>\n\t<meta property=\"og:image:type\" content=\"image\/jpeg\" \/>\n<meta name=\"author\" content=\"heraldo hb\" \/>\n<meta name=\"twitter:card\" content=\"summary_large_image\" \/>\n<meta name=\"twitter:label1\" content=\"Escrito por\" \/>\n\t<meta name=\"twitter:data1\" content=\"heraldo hb\" \/>\n\t<meta name=\"twitter:label2\" content=\"Est. tempo de leitura\" \/>\n\t<meta name=\"twitter:data2\" content=\"3 minutos\" \/>\n<script type=\"application\/ld+json\" class=\"yoast-schema-graph\">{\"@context\":\"https:\\\/\\\/schema.org\",\"@graph\":[{\"@type\":\"Article\",\"@id\":\"https:\\\/\\\/lurdinha.org\\\/site\\\/lembrando-rogerio-torres\\\/#article\",\"isPartOf\":{\"@id\":\"https:\\\/\\\/lurdinha.org\\\/site\\\/lembrando-rogerio-torres\\\/\"},\"author\":{\"name\":\"heraldo hb\",\"@id\":\"https:\\\/\\\/lurdinha.org\\\/site\\\/#\\\/schema\\\/person\\\/b833bb6a7f82598bf0e95e4c30874251\"},\"headline\":\"Lembrando Rog\u00e9rio Torres\",\"datePublished\":\"2025-10-08T03:55:37+00:00\",\"dateModified\":\"2025-10-09T03:57:02+00:00\",\"mainEntityOfPage\":{\"@id\":\"https:\\\/\\\/lurdinha.org\\\/site\\\/lembrando-rogerio-torres\\\/\"},\"wordCount\":513,\"commentCount\":0,\"publisher\":{\"@id\":\"https:\\\/\\\/lurdinha.org\\\/site\\\/#organization\"},\"image\":{\"@id\":\"https:\\\/\\\/lurdinha.org\\\/site\\\/lembrando-rogerio-torres\\\/#primaryimage\"},\"thumbnailUrl\":\"https:\\\/\\\/lurdinha.org\\\/site\\\/wp-content\\\/uploads\\\/rogeriotorres_lapa-1.jpg\",\"keywords\":[\"amuleto\",\"chico santos\",\"Mate Com Angu\",\"rog\u00e9rio torres\"],\"articleSection\":[\"gente\",\"hist\u00f3ria\",\"uma opini\u00e3o\"],\"inLanguage\":\"pt-BR\",\"potentialAction\":[{\"@type\":\"CommentAction\",\"name\":\"Comment\",\"target\":[\"https:\\\/\\\/lurdinha.org\\\/site\\\/lembrando-rogerio-torres\\\/#respond\"]}]},{\"@type\":\"WebPage\",\"@id\":\"https:\\\/\\\/lurdinha.org\\\/site\\\/lembrando-rogerio-torres\\\/\",\"url\":\"https:\\\/\\\/lurdinha.org\\\/site\\\/lembrando-rogerio-torres\\\/\",\"name\":\"Lembrando Rog\u00e9rio Torres - Lurdinha - Duque de Caxias para Est\u00f4magos Fortes\",\"isPartOf\":{\"@id\":\"https:\\\/\\\/lurdinha.org\\\/site\\\/#website\"},\"primaryImageOfPage\":{\"@id\":\"https:\\\/\\\/lurdinha.org\\\/site\\\/lembrando-rogerio-torres\\\/#primaryimage\"},\"image\":{\"@id\":\"https:\\\/\\\/lurdinha.org\\\/site\\\/lembrando-rogerio-torres\\\/#primaryimage\"},\"thumbnailUrl\":\"https:\\\/\\\/lurdinha.org\\\/site\\\/wp-content\\\/uploads\\\/rogeriotorres_lapa-1.jpg\",\"datePublished\":\"2025-10-08T03:55:37+00:00\",\"dateModified\":\"2025-10-09T03:57:02+00:00\",\"breadcrumb\":{\"@id\":\"https:\\\/\\\/lurdinha.org\\\/site\\\/lembrando-rogerio-torres\\\/#breadcrumb\"},\"inLanguage\":\"pt-BR\",\"potentialAction\":[{\"@type\":\"ReadAction\",\"target\":[\"https:\\\/\\\/lurdinha.org\\\/site\\\/lembrando-rogerio-torres\\\/\"]}]},{\"@type\":\"ImageObject\",\"inLanguage\":\"pt-BR\",\"@id\":\"https:\\\/\\\/lurdinha.org\\\/site\\\/lembrando-rogerio-torres\\\/#primaryimage\",\"url\":\"https:\\\/\\\/lurdinha.org\\\/site\\\/wp-content\\\/uploads\\\/rogeriotorres_lapa-1.jpg\",\"contentUrl\":\"https:\\\/\\\/lurdinha.org\\\/site\\\/wp-content\\\/uploads\\\/rogeriotorres_lapa-1.jpg\",\"width\":200,\"height\":262},{\"@type\":\"BreadcrumbList\",\"@id\":\"https:\\\/\\\/lurdinha.org\\\/site\\\/lembrando-rogerio-torres\\\/#breadcrumb\",\"itemListElement\":[{\"@type\":\"ListItem\",\"position\":1,\"name\":\"In\u00edcio\",\"item\":\"https:\\\/\\\/lurdinha.org\\\/site\\\/\"},{\"@type\":\"ListItem\",\"position\":2,\"name\":\"Lembrando Rog\u00e9rio Torres\"}]},{\"@type\":\"WebSite\",\"@id\":\"https:\\\/\\\/lurdinha.org\\\/site\\\/#website\",\"url\":\"https:\\\/\\\/lurdinha.org\\\/site\\\/\",\"name\":\"Lurdinha - Duque de Caxias para Est\u00f4magos Fortes\",\"description\":\"Site sobre Arte, Cultura, Pol\u00edtica, Sociedade e curiosidades da cidade de Duque de Caxias, RJ\",\"publisher\":{\"@id\":\"https:\\\/\\\/lurdinha.org\\\/site\\\/#organization\"},\"alternateName\":\"Lurdinha\",\"potentialAction\":[{\"@type\":\"SearchAction\",\"target\":{\"@type\":\"EntryPoint\",\"urlTemplate\":\"https:\\\/\\\/lurdinha.org\\\/site\\\/?s={search_term_string}\"},\"query-input\":{\"@type\":\"PropertyValueSpecification\",\"valueRequired\":true,\"valueName\":\"search_term_string\"}}],\"inLanguage\":\"pt-BR\"},{\"@type\":\"Organization\",\"@id\":\"https:\\\/\\\/lurdinha.org\\\/site\\\/#organization\",\"name\":\"Lurdinha de Caxias\",\"url\":\"https:\\\/\\\/lurdinha.org\\\/site\\\/\",\"logo\":{\"@type\":\"ImageObject\",\"inLanguage\":\"pt-BR\",\"@id\":\"https:\\\/\\\/lurdinha.org\\\/site\\\/#\\\/schema\\\/logo\\\/image\\\/\",\"url\":\"https:\\\/\\\/lurdinha.org\\\/site\\\/wp-content\\\/uploads\\\/logo-lurdinha.jpg\",\"contentUrl\":\"https:\\\/\\\/lurdinha.org\\\/site\\\/wp-content\\\/uploads\\\/logo-lurdinha.jpg\",\"width\":640,\"height\":60,\"caption\":\"Lurdinha de Caxias\"},\"image\":{\"@id\":\"https:\\\/\\\/lurdinha.org\\\/site\\\/#\\\/schema\\\/logo\\\/image\\\/\"},\"sameAs\":[\"https:\\\/\\\/www.facebook.com\\\/LurdinhadeCaxias\",\"https:\\\/\\\/www.instagram.com\\\/lurdinhadecaxias\"]},{\"@type\":\"Person\",\"@id\":\"https:\\\/\\\/lurdinha.org\\\/site\\\/#\\\/schema\\\/person\\\/b833bb6a7f82598bf0e95e4c30874251\",\"name\":\"heraldo hb\",\"image\":{\"@type\":\"ImageObject\",\"inLanguage\":\"pt-BR\",\"@id\":\"https:\\\/\\\/secure.gravatar.com\\\/avatar\\\/5de9fe99c72cb6885bbdaa24b1c5738b0f673d265de18720fae7463d5f47b48d?s=96&d=mm&r=g\",\"url\":\"https:\\\/\\\/secure.gravatar.com\\\/avatar\\\/5de9fe99c72cb6885bbdaa24b1c5738b0f673d265de18720fae7463d5f47b48d?s=96&d=mm&r=g\",\"contentUrl\":\"https:\\\/\\\/secure.gravatar.com\\\/avatar\\\/5de9fe99c72cb6885bbdaa24b1c5738b0f673d265de18720fae7463d5f47b48d?s=96&d=mm&r=g\",\"caption\":\"heraldo hb\"},\"description\":\"Cineasta, animador cultural, escritor e educador nascido no s\u00e9culo XX\",\"sameAs\":[\"http:\\\/\\\/wwww.relinkare.org\",\"botocudo\",\"heraldohb\",\"relinkare\"],\"url\":\"https:\\\/\\\/lurdinha.org\\\/site\\\/author\\\/heraldohb\\\/\"}]}<\/script>\n<!-- \/ Yoast SEO plugin. -->","yoast_head_json":{"title":"Lembrando Rog\u00e9rio Torres - Lurdinha - Duque de Caxias para Est\u00f4magos Fortes","robots":{"index":"index","follow":"follow","max-snippet":"max-snippet:-1","max-image-preview":"max-image-preview:large","max-video-preview":"max-video-preview:-1"},"canonical":"https:\/\/lurdinha.org\/site\/lembrando-rogerio-torres\/","og_locale":"pt_BR","og_type":"article","og_title":"Lembrando Rog\u00e9rio Torres - Lurdinha - Duque de Caxias para Est\u00f4magos Fortes","og_description":"Ontem completaram quatro anos da passagem de Rog\u00e9rio Torres, um cara fenomenal, professor, historiador, escritor...","og_url":"https:\/\/lurdinha.org\/site\/lembrando-rogerio-torres\/","og_site_name":"Lurdinha - Duque de Caxias para Est\u00f4magos Fortes","article_publisher":"https:\/\/www.facebook.com\/LurdinhadeCaxias","article_author":"botocudo","article_published_time":"2025-10-08T03:55:37+00:00","article_modified_time":"2025-10-09T03:57:02+00:00","og_image":[{"width":200,"height":262,"url":"https:\/\/lurdinha.org\/site\/wp-content\/uploads\/rogeriotorres_lapa-1.jpg","type":"image\/jpeg"}],"author":"heraldo hb","twitter_card":"summary_large_image","twitter_misc":{"Escrito por":"heraldo hb","Est. tempo de leitura":"3 minutos"},"schema":{"@context":"https:\/\/schema.org","@graph":[{"@type":"Article","@id":"https:\/\/lurdinha.org\/site\/lembrando-rogerio-torres\/#article","isPartOf":{"@id":"https:\/\/lurdinha.org\/site\/lembrando-rogerio-torres\/"},"author":{"name":"heraldo hb","@id":"https:\/\/lurdinha.org\/site\/#\/schema\/person\/b833bb6a7f82598bf0e95e4c30874251"},"headline":"Lembrando Rog\u00e9rio Torres","datePublished":"2025-10-08T03:55:37+00:00","dateModified":"2025-10-09T03:57:02+00:00","mainEntityOfPage":{"@id":"https:\/\/lurdinha.org\/site\/lembrando-rogerio-torres\/"},"wordCount":513,"commentCount":0,"publisher":{"@id":"https:\/\/lurdinha.org\/site\/#organization"},"image":{"@id":"https:\/\/lurdinha.org\/site\/lembrando-rogerio-torres\/#primaryimage"},"thumbnailUrl":"https:\/\/lurdinha.org\/site\/wp-content\/uploads\/rogeriotorres_lapa-1.jpg","keywords":["amuleto","chico santos","Mate Com Angu","rog\u00e9rio torres"],"articleSection":["gente","hist\u00f3ria","uma opini\u00e3o"],"inLanguage":"pt-BR","potentialAction":[{"@type":"CommentAction","name":"Comment","target":["https:\/\/lurdinha.org\/site\/lembrando-rogerio-torres\/#respond"]}]},{"@type":"WebPage","@id":"https:\/\/lurdinha.org\/site\/lembrando-rogerio-torres\/","url":"https:\/\/lurdinha.org\/site\/lembrando-rogerio-torres\/","name":"Lembrando Rog\u00e9rio Torres - Lurdinha - Duque de Caxias para Est\u00f4magos Fortes","isPartOf":{"@id":"https:\/\/lurdinha.org\/site\/#website"},"primaryImageOfPage":{"@id":"https:\/\/lurdinha.org\/site\/lembrando-rogerio-torres\/#primaryimage"},"image":{"@id":"https:\/\/lurdinha.org\/site\/lembrando-rogerio-torres\/#primaryimage"},"thumbnailUrl":"https:\/\/lurdinha.org\/site\/wp-content\/uploads\/rogeriotorres_lapa-1.jpg","datePublished":"2025-10-08T03:55:37+00:00","dateModified":"2025-10-09T03:57:02+00:00","breadcrumb":{"@id":"https:\/\/lurdinha.org\/site\/lembrando-rogerio-torres\/#breadcrumb"},"inLanguage":"pt-BR","potentialAction":[{"@type":"ReadAction","target":["https:\/\/lurdinha.org\/site\/lembrando-rogerio-torres\/"]}]},{"@type":"ImageObject","inLanguage":"pt-BR","@id":"https:\/\/lurdinha.org\/site\/lembrando-rogerio-torres\/#primaryimage","url":"https:\/\/lurdinha.org\/site\/wp-content\/uploads\/rogeriotorres_lapa-1.jpg","contentUrl":"https:\/\/lurdinha.org\/site\/wp-content\/uploads\/rogeriotorres_lapa-1.jpg","width":200,"height":262},{"@type":"BreadcrumbList","@id":"https:\/\/lurdinha.org\/site\/lembrando-rogerio-torres\/#breadcrumb","itemListElement":[{"@type":"ListItem","position":1,"name":"In\u00edcio","item":"https:\/\/lurdinha.org\/site\/"},{"@type":"ListItem","position":2,"name":"Lembrando Rog\u00e9rio Torres"}]},{"@type":"WebSite","@id":"https:\/\/lurdinha.org\/site\/#website","url":"https:\/\/lurdinha.org\/site\/","name":"Lurdinha - Duque de Caxias para Est\u00f4magos Fortes","description":"Site sobre Arte, Cultura, Pol\u00edtica, Sociedade e curiosidades da cidade de Duque de Caxias, RJ","publisher":{"@id":"https:\/\/lurdinha.org\/site\/#organization"},"alternateName":"Lurdinha","potentialAction":[{"@type":"SearchAction","target":{"@type":"EntryPoint","urlTemplate":"https:\/\/lurdinha.org\/site\/?s={search_term_string}"},"query-input":{"@type":"PropertyValueSpecification","valueRequired":true,"valueName":"search_term_string"}}],"inLanguage":"pt-BR"},{"@type":"Organization","@id":"https:\/\/lurdinha.org\/site\/#organization","name":"Lurdinha de Caxias","url":"https:\/\/lurdinha.org\/site\/","logo":{"@type":"ImageObject","inLanguage":"pt-BR","@id":"https:\/\/lurdinha.org\/site\/#\/schema\/logo\/image\/","url":"https:\/\/lurdinha.org\/site\/wp-content\/uploads\/logo-lurdinha.jpg","contentUrl":"https:\/\/lurdinha.org\/site\/wp-content\/uploads\/logo-lurdinha.jpg","width":640,"height":60,"caption":"Lurdinha de Caxias"},"image":{"@id":"https:\/\/lurdinha.org\/site\/#\/schema\/logo\/image\/"},"sameAs":["https:\/\/www.facebook.com\/LurdinhadeCaxias","https:\/\/www.instagram.com\/lurdinhadecaxias"]},{"@type":"Person","@id":"https:\/\/lurdinha.org\/site\/#\/schema\/person\/b833bb6a7f82598bf0e95e4c30874251","name":"heraldo hb","image":{"@type":"ImageObject","inLanguage":"pt-BR","@id":"https:\/\/secure.gravatar.com\/avatar\/5de9fe99c72cb6885bbdaa24b1c5738b0f673d265de18720fae7463d5f47b48d?s=96&d=mm&r=g","url":"https:\/\/secure.gravatar.com\/avatar\/5de9fe99c72cb6885bbdaa24b1c5738b0f673d265de18720fae7463d5f47b48d?s=96&d=mm&r=g","contentUrl":"https:\/\/secure.gravatar.com\/avatar\/5de9fe99c72cb6885bbdaa24b1c5738b0f673d265de18720fae7463d5f47b48d?s=96&d=mm&r=g","caption":"heraldo hb"},"description":"Cineasta, animador cultural, escritor e educador nascido no s\u00e9culo XX","sameAs":["http:\/\/wwww.relinkare.org","botocudo","heraldohb","relinkare"],"url":"https:\/\/lurdinha.org\/site\/author\/heraldohb\/"}]}},"views":502,"_links":{"self":[{"href":"https:\/\/lurdinha.org\/site\/wp-json\/wp\/v2\/posts\/12406","targetHints":{"allow":["GET"]}}],"collection":[{"href":"https:\/\/lurdinha.org\/site\/wp-json\/wp\/v2\/posts"}],"about":[{"href":"https:\/\/lurdinha.org\/site\/wp-json\/wp\/v2\/types\/post"}],"author":[{"embeddable":true,"href":"https:\/\/lurdinha.org\/site\/wp-json\/wp\/v2\/users\/2"}],"replies":[{"embeddable":true,"href":"https:\/\/lurdinha.org\/site\/wp-json\/wp\/v2\/comments?post=12406"}],"version-history":[{"count":1,"href":"https:\/\/lurdinha.org\/site\/wp-json\/wp\/v2\/posts\/12406\/revisions"}],"predecessor-version":[{"id":12407,"href":"https:\/\/lurdinha.org\/site\/wp-json\/wp\/v2\/posts\/12406\/revisions\/12407"}],"wp:featuredmedia":[{"embeddable":true,"href":"https:\/\/lurdinha.org\/site\/wp-json\/wp\/v2\/media\/10179"}],"wp:attachment":[{"href":"https:\/\/lurdinha.org\/site\/wp-json\/wp\/v2\/media?parent=12406"}],"wp:term":[{"taxonomy":"category","embeddable":true,"href":"https:\/\/lurdinha.org\/site\/wp-json\/wp\/v2\/categories?post=12406"},{"taxonomy":"post_tag","embeddable":true,"href":"https:\/\/lurdinha.org\/site\/wp-json\/wp\/v2\/tags?post=12406"}],"curies":[{"name":"wp","href":"https:\/\/api.w.org\/{rel}","templated":true}]}}