{"id":12398,"date":"2025-09-29T18:28:46","date_gmt":"2025-09-29T18:28:46","guid":{"rendered":"https:\/\/lurdinha.org\/site\/?p=12398"},"modified":"2026-03-06T19:37:12","modified_gmt":"2026-03-06T19:37:12","slug":"amuleto-1o-longa-metragem-do-mate-com-angu-tem-estreia-nacional-no-festival-do-rio","status":"publish","type":"post","link":"https:\/\/lurdinha.org\/site\/amuleto-1o-longa-metragem-do-mate-com-angu-tem-estreia-nacional-no-festival-do-rio\/","title":{"rendered":"&#8220;Amuleto&#8221;, 1\u00ba longa-metragem do Mate Com Angu tem estreia nacional no Festival do Rio"},"content":{"rendered":"<p>Document\u00e1rio aborda a hist\u00f3ria do cinema feito na Baixada Fluminense, destacando sua relev\u00e2ncia e trajet\u00f3ria<br \/>\nRio de Janeiro, setembro de 2025 &#8211; O document\u00e1rio &#8220;Amuleto&#8221;, dirigido por Heraldo HB e Igor Barradas, far\u00e1 sua estreia nacional na Premi\u00e8re Brasil do Festival do Rio, a maior vitrine do cinema brasileiro. O filme foi selecionado para a categoria \u201cCompeti\u00e7\u00e3o \u2013 Document\u00e1rio\u201d, um reconhecimento da sua relev\u00e2ncia e da sua pot\u00eancia narrativa e hist\u00f3rica.<br \/>\nO filme resgata a hist\u00f3ria por tr\u00e1s de &#8220;O Amuleto de Ogum&#8221;, um faroeste m\u00edstico de 1975 dirigido por Nelson Pereira dos Santos. A trama, que se passa em Duque de Caxias, na Baixada Fluminense, \u00e9 revisitada quase 50 anos depois por uma dupla de cineastas da regi\u00e3o. Heraldo HB e Igor Barradas, que atuam no Cineclube Mate com Angu h\u00e1 cerca de 20 anos, empreenderam uma busca pelos membros da equipe original, revelando como a periferia n\u00e3o apenas foi representada, mas tamb\u00e9m produziu cinema em um dos per\u00edodos mais dif\u00edceis da hist\u00f3ria do Brasil: a ditadura militar.<br \/>\nMais do que um registro hist\u00f3rico, &#8220;Amuleto&#8221; \u00e9 um ato pol\u00edtico que celebra o cinema feito na periferia. O document\u00e1rio mostra a jornada de artistas como o cineasta de Caxias, Chico Santos, cujo sonho de fazer filmes se cruzou com o de Nelson Pereira dos Santos. A imers\u00e3o de Luisa Pitanga, Heraldo HB, Chico Serra e Igor Barradas, que incluiu a localiza\u00e7\u00e3o e o registro de depoimentos de personagens fundamentais para o filme original, muitos dos quais j\u00e1 falecidos, enriquece a narrativa e preserva a mem\u00f3ria da produ\u00e7\u00e3o cinematogr\u00e1fica da Baixada Fluminense.<br \/>\nA sele\u00e7\u00e3o para o Festival do Rio na Premi\u00e8re Brasil \u00e9 \u201ca confirma\u00e7\u00e3o de que o cinema feito na Baixada Fluminense tem for\u00e7a, hist\u00f3ria e um futuro promissor. E ainda celebra o resultado de anos de luta e resist\u00eancia do Cineclube Mate com Angu, que, atrav\u00e9s da exibi\u00e7\u00e3o de curtas e da oferta de oficinas de cinema, fortalece o audiovisual no territ\u00f3rio &#8220;, comemora Heraldo HB.<br \/>\nAl\u00e9m da hist\u00f3ria que resgata as ra\u00edzes do cinema perif\u00e9rico, Igor Barradas revela que &#8216;Amuleto&#8217; tem um elemento surpresa: \u201cuma trilha sonora original que dita o ritmo e a emo\u00e7\u00e3o, convidando o p\u00fablico a uma jornada sonora inesperada.&#8221; conta.<br \/>\n\u201cAmuleto \u00e9 um document\u00e1rio de aventura, que n\u00e3o tem medo da emo\u00e7\u00e3o, que n\u00e3o se isenta de ir ao encontro do pov\u00e3o. \u00c9 a hist\u00f3ria do cinema brasileiro, visto a partir de Caxias, da classe popular, falando de nossas contradi\u00e7\u00f5es, mas tamb\u00e9m tudo aquilo que nos une.\u201d conta. \u201c\u00c9 uma obra que chega no cora\u00e7\u00e3o do p\u00fablico, seja ele da sala de cinema ou da TV em um boteco esporrento. Nosso filme n\u00e3o faz bico, ele quer tocar, abra\u00e7ar e encorajar. Amuleto \u00e9 um manifesto sobre o cinema e o Brasil que a gente acredita.\u201d Explica Barradas.<\/p>\n<p><em>Sinopse: A hist\u00f3ria de &#8220;O Amuleto de Ogum&#8221;, filme de Nelson Pereira dos Santos de 1974, a partir da perspectiva de Duque de Caxias, revelando de que maneira artistas perif\u00e9ricos tamb\u00e9m sonharam o cinema brasileiro. \u00c9 um ato pol\u00edtico que mostra como a periferia n\u00e3o apenas foi representada, mas tamb\u00e9m produziu contra todas as probabilidades. Classifica\u00e7\u00e3o indicativa: Livre.<\/em><\/p>\n<p><strong>Servi\u00e7o<\/strong>:<br \/>\nFilme: Estreia do filme Amuleto<br \/>\nDire\u00e7\u00e3o: Heraldo HB e Igor Barradas<br \/>\nLocal e Data das Exibi\u00e7\u00f5es:<br \/>\nFestival do Rio, Premi\u00e8re Brasil &#8211; Document\u00e1rio<br \/>\n4\/10 \u00e0s 17h: Sess\u00e3o fechada para convidados e imprensa, no Esta\u00e7\u00e3o G\u00e1vea<br \/>\n5\/10 \u00e0s 10h30: Sess\u00e3o aberta ao p\u00fablico, seguida de debate, no Cine Odeon<br \/>\nPre\u00e7os populares atrav\u00e9s da ingresso.com a partir do dia 30\/9<\/p>\n<p>6\/10 \u00e0s 13h45: Sess\u00e3o aberta ao p\u00fablico no Cinesystem Belas Artes 5, com venda tamb\u00e9m pela ingresso.com<\/p>\n<p>pra seguir no instagram: @amuletofilme<\/p>\n<p>Trailer<br \/>\n<iframe loading=\"lazy\" title=\"Amuleto, Doc, 2025, RJ (trailer)\" width=\"640\" height=\"360\" src=\"https:\/\/www.youtube.com\/embed\/5YLxIevsBC4?feature=oembed\" frameborder=\"0\" allow=\"accelerometer; autoplay; clipboard-write; encrypted-media; gyroscope; picture-in-picture; web-share\" referrerpolicy=\"strict-origin-when-cross-origin\" allowfullscreen><\/iframe><\/p>\n<p>&nbsp;<\/p>\n","protected":false},"excerpt":{"rendered":"<p>Document\u00e1rio aborda a hist\u00f3ria do cinema feito na Baixada Fluminense, destacando sua relev\u00e2ncia e trajet\u00f3ria&#8230;<\/p>\n","protected":false},"author":87,"featured_media":12402,"comment_status":"open","ping_status":"closed","sticky":false,"template":"","format":"standard","meta":{"footnotes":""},"categories":[8,5],"tags":[1423,962,12,577,1425,710,74,1424,68,725],"class_list":["post-12398","post","type-post","status-publish","format-standard","has-post-thumbnail","hentry","category-evento","category-umaboa","tag-amuleto","tag-baixada-filma","tag-baixada-fluminense","tag-cinema","tag-circular-filmes","tag-cultura-em-caxias","tag-heraldo-hb","tag-igor-barradas","tag-mate-com-angu","tag-nelson-pereira-dos-santos"],"yoast_head":"<!-- This site is optimized with the Yoast SEO plugin v27.5 - https:\/\/yoast.com\/product\/yoast-seo-wordpress\/ -->\n<title>&quot;Amuleto&quot;, 1\u00ba longa-metragem do Mate Com Angu tem estreia nacional no Festival do Rio - Lurdinha - Duque de Caxias para Est\u00f4magos Fortes<\/title>\n<meta name=\"robots\" content=\"index, follow, max-snippet:-1, max-image-preview:large, max-video-preview:-1\" \/>\n<link rel=\"canonical\" href=\"https:\/\/lurdinha.org\/site\/amuleto-1o-longa-metragem-do-mate-com-angu-tem-estreia-nacional-no-festival-do-rio\/\" \/>\n<meta property=\"og:locale\" content=\"pt_BR\" \/>\n<meta property=\"og:type\" content=\"article\" \/>\n<meta property=\"og:title\" content=\"&quot;Amuleto&quot;, 1\u00ba longa-metragem do Mate Com Angu tem estreia nacional no Festival do Rio - Lurdinha - Duque de Caxias para Est\u00f4magos Fortes\" \/>\n<meta property=\"og:description\" content=\"Document\u00e1rio aborda a hist\u00f3ria do cinema feito na Baixada Fluminense, destacando sua relev\u00e2ncia e trajet\u00f3ria...\" \/>\n<meta property=\"og:url\" content=\"https:\/\/lurdinha.org\/site\/amuleto-1o-longa-metragem-do-mate-com-angu-tem-estreia-nacional-no-festival-do-rio\/\" \/>\n<meta property=\"og:site_name\" content=\"Lurdinha - Duque de Caxias para Est\u00f4magos Fortes\" \/>\n<meta property=\"article:publisher\" content=\"https:\/\/www.facebook.com\/LurdinhadeCaxias\" \/>\n<meta property=\"article:published_time\" content=\"2025-09-29T18:28:46+00:00\" \/>\n<meta property=\"article:modified_time\" content=\"2026-03-06T19:37:12+00:00\" \/>\n<meta property=\"og:image\" content=\"https:\/\/lurdinha.org\/site\/wp-content\/uploads\/cartaz_Amuleto.jpg\" \/>\n\t<meta property=\"og:image:width\" content=\"561\" \/>\n\t<meta property=\"og:image:height\" content=\"702\" \/>\n\t<meta property=\"og:image:type\" content=\"image\/jpeg\" \/>\n<meta name=\"author\" content=\"Editoria\" \/>\n<meta name=\"twitter:card\" content=\"summary_large_image\" \/>\n<meta name=\"twitter:label1\" content=\"Escrito por\" \/>\n\t<meta name=\"twitter:data1\" content=\"Editoria\" \/>\n\t<meta name=\"twitter:label2\" content=\"Est. tempo de leitura\" \/>\n\t<meta name=\"twitter:data2\" content=\"4 minutos\" \/>\n<script type=\"application\/ld+json\" class=\"yoast-schema-graph\">{\"@context\":\"https:\\\/\\\/schema.org\",\"@graph\":[{\"@type\":\"Article\",\"@id\":\"https:\\\/\\\/lurdinha.org\\\/site\\\/amuleto-1o-longa-metragem-do-mate-com-angu-tem-estreia-nacional-no-festival-do-rio\\\/#article\",\"isPartOf\":{\"@id\":\"https:\\\/\\\/lurdinha.org\\\/site\\\/amuleto-1o-longa-metragem-do-mate-com-angu-tem-estreia-nacional-no-festival-do-rio\\\/\"},\"author\":{\"name\":\"Editoria\",\"@id\":\"https:\\\/\\\/lurdinha.org\\\/site\\\/#\\\/schema\\\/person\\\/6b0b6b83043cbaf7707ee275576b00ea\"},\"headline\":\"&#8220;Amuleto&#8221;, 1\u00ba longa-metragem do Mate Com Angu tem estreia nacional no Festival do Rio\",\"datePublished\":\"2025-09-29T18:28:46+00:00\",\"dateModified\":\"2026-03-06T19:37:12+00:00\",\"mainEntityOfPage\":{\"@id\":\"https:\\\/\\\/lurdinha.org\\\/site\\\/amuleto-1o-longa-metragem-do-mate-com-angu-tem-estreia-nacional-no-festival-do-rio\\\/\"},\"wordCount\":683,\"commentCount\":0,\"publisher\":{\"@id\":\"https:\\\/\\\/lurdinha.org\\\/site\\\/#organization\"},\"image\":{\"@id\":\"https:\\\/\\\/lurdinha.org\\\/site\\\/amuleto-1o-longa-metragem-do-mate-com-angu-tem-estreia-nacional-no-festival-do-rio\\\/#primaryimage\"},\"thumbnailUrl\":\"https:\\\/\\\/lurdinha.org\\\/site\\\/wp-content\\\/uploads\\\/cartaz_Amuleto.jpg\",\"keywords\":[\"amuleto\",\"baixada filma\",\"baixada-fluminense\",\"cinema\",\"circular filmes\",\"cultura em caxias\",\"Heraldo HB\",\"igor barradas\",\"Mate Com Angu\",\"nelson pereira dos santos\"],\"articleSection\":[\"evento\",\"uma boa\"],\"inLanguage\":\"pt-BR\",\"potentialAction\":[{\"@type\":\"CommentAction\",\"name\":\"Comment\",\"target\":[\"https:\\\/\\\/lurdinha.org\\\/site\\\/amuleto-1o-longa-metragem-do-mate-com-angu-tem-estreia-nacional-no-festival-do-rio\\\/#respond\"]}]},{\"@type\":\"WebPage\",\"@id\":\"https:\\\/\\\/lurdinha.org\\\/site\\\/amuleto-1o-longa-metragem-do-mate-com-angu-tem-estreia-nacional-no-festival-do-rio\\\/\",\"url\":\"https:\\\/\\\/lurdinha.org\\\/site\\\/amuleto-1o-longa-metragem-do-mate-com-angu-tem-estreia-nacional-no-festival-do-rio\\\/\",\"name\":\"\\\"Amuleto\\\", 1\u00ba longa-metragem do Mate Com Angu tem estreia nacional no Festival do Rio - Lurdinha - Duque de Caxias para Est\u00f4magos Fortes\",\"isPartOf\":{\"@id\":\"https:\\\/\\\/lurdinha.org\\\/site\\\/#website\"},\"primaryImageOfPage\":{\"@id\":\"https:\\\/\\\/lurdinha.org\\\/site\\\/amuleto-1o-longa-metragem-do-mate-com-angu-tem-estreia-nacional-no-festival-do-rio\\\/#primaryimage\"},\"image\":{\"@id\":\"https:\\\/\\\/lurdinha.org\\\/site\\\/amuleto-1o-longa-metragem-do-mate-com-angu-tem-estreia-nacional-no-festival-do-rio\\\/#primaryimage\"},\"thumbnailUrl\":\"https:\\\/\\\/lurdinha.org\\\/site\\\/wp-content\\\/uploads\\\/cartaz_Amuleto.jpg\",\"datePublished\":\"2025-09-29T18:28:46+00:00\",\"dateModified\":\"2026-03-06T19:37:12+00:00\",\"breadcrumb\":{\"@id\":\"https:\\\/\\\/lurdinha.org\\\/site\\\/amuleto-1o-longa-metragem-do-mate-com-angu-tem-estreia-nacional-no-festival-do-rio\\\/#breadcrumb\"},\"inLanguage\":\"pt-BR\",\"potentialAction\":[{\"@type\":\"ReadAction\",\"target\":[\"https:\\\/\\\/lurdinha.org\\\/site\\\/amuleto-1o-longa-metragem-do-mate-com-angu-tem-estreia-nacional-no-festival-do-rio\\\/\"]}]},{\"@type\":\"ImageObject\",\"inLanguage\":\"pt-BR\",\"@id\":\"https:\\\/\\\/lurdinha.org\\\/site\\\/amuleto-1o-longa-metragem-do-mate-com-angu-tem-estreia-nacional-no-festival-do-rio\\\/#primaryimage\",\"url\":\"https:\\\/\\\/lurdinha.org\\\/site\\\/wp-content\\\/uploads\\\/cartaz_Amuleto.jpg\",\"contentUrl\":\"https:\\\/\\\/lurdinha.org\\\/site\\\/wp-content\\\/uploads\\\/cartaz_Amuleto.jpg\",\"width\":561,\"height\":702},{\"@type\":\"BreadcrumbList\",\"@id\":\"https:\\\/\\\/lurdinha.org\\\/site\\\/amuleto-1o-longa-metragem-do-mate-com-angu-tem-estreia-nacional-no-festival-do-rio\\\/#breadcrumb\",\"itemListElement\":[{\"@type\":\"ListItem\",\"position\":1,\"name\":\"In\u00edcio\",\"item\":\"https:\\\/\\\/lurdinha.org\\\/site\\\/\"},{\"@type\":\"ListItem\",\"position\":2,\"name\":\"&#8220;Amuleto&#8221;, 1\u00ba longa-metragem do Mate Com Angu tem estreia nacional no Festival do Rio\"}]},{\"@type\":\"WebSite\",\"@id\":\"https:\\\/\\\/lurdinha.org\\\/site\\\/#website\",\"url\":\"https:\\\/\\\/lurdinha.org\\\/site\\\/\",\"name\":\"Lurdinha - Duque de Caxias para Est\u00f4magos Fortes\",\"description\":\"Site sobre Arte, Cultura, Pol\u00edtica, Sociedade e curiosidades da cidade de Duque de Caxias, RJ\",\"publisher\":{\"@id\":\"https:\\\/\\\/lurdinha.org\\\/site\\\/#organization\"},\"alternateName\":\"Lurdinha\",\"potentialAction\":[{\"@type\":\"SearchAction\",\"target\":{\"@type\":\"EntryPoint\",\"urlTemplate\":\"https:\\\/\\\/lurdinha.org\\\/site\\\/?s={search_term_string}\"},\"query-input\":{\"@type\":\"PropertyValueSpecification\",\"valueRequired\":true,\"valueName\":\"search_term_string\"}}],\"inLanguage\":\"pt-BR\"},{\"@type\":\"Organization\",\"@id\":\"https:\\\/\\\/lurdinha.org\\\/site\\\/#organization\",\"name\":\"Lurdinha de Caxias\",\"url\":\"https:\\\/\\\/lurdinha.org\\\/site\\\/\",\"logo\":{\"@type\":\"ImageObject\",\"inLanguage\":\"pt-BR\",\"@id\":\"https:\\\/\\\/lurdinha.org\\\/site\\\/#\\\/schema\\\/logo\\\/image\\\/\",\"url\":\"https:\\\/\\\/lurdinha.org\\\/site\\\/wp-content\\\/uploads\\\/logo-lurdinha.jpg\",\"contentUrl\":\"https:\\\/\\\/lurdinha.org\\\/site\\\/wp-content\\\/uploads\\\/logo-lurdinha.jpg\",\"width\":640,\"height\":60,\"caption\":\"Lurdinha de Caxias\"},\"image\":{\"@id\":\"https:\\\/\\\/lurdinha.org\\\/site\\\/#\\\/schema\\\/logo\\\/image\\\/\"},\"sameAs\":[\"https:\\\/\\\/www.facebook.com\\\/LurdinhadeCaxias\",\"https:\\\/\\\/www.instagram.com\\\/lurdinhadecaxias\"]},{\"@type\":\"Person\",\"@id\":\"https:\\\/\\\/lurdinha.org\\\/site\\\/#\\\/schema\\\/person\\\/6b0b6b83043cbaf7707ee275576b00ea\",\"name\":\"Editoria\",\"image\":{\"@type\":\"ImageObject\",\"inLanguage\":\"pt-BR\",\"@id\":\"https:\\\/\\\/secure.gravatar.com\\\/avatar\\\/0ba27ca5462d63e6c810ae4debe7159a69befcd2e33516be5bad4700d2dbfa72?s=96&d=mm&r=g\",\"url\":\"https:\\\/\\\/secure.gravatar.com\\\/avatar\\\/0ba27ca5462d63e6c810ae4debe7159a69befcd2e33516be5bad4700d2dbfa72?s=96&d=mm&r=g\",\"contentUrl\":\"https:\\\/\\\/secure.gravatar.com\\\/avatar\\\/0ba27ca5462d63e6c810ae4debe7159a69befcd2e33516be5bad4700d2dbfa72?s=96&d=mm&r=g\",\"caption\":\"Editoria\"},\"url\":\"https:\\\/\\\/lurdinha.org\\\/site\\\/author\\\/editoria\\\/\"}]}<\/script>\n<!-- \/ Yoast SEO plugin. -->","yoast_head_json":{"title":"\"Amuleto\", 1\u00ba longa-metragem do Mate Com Angu tem estreia nacional no Festival do Rio - Lurdinha - Duque de Caxias para Est\u00f4magos Fortes","robots":{"index":"index","follow":"follow","max-snippet":"max-snippet:-1","max-image-preview":"max-image-preview:large","max-video-preview":"max-video-preview:-1"},"canonical":"https:\/\/lurdinha.org\/site\/amuleto-1o-longa-metragem-do-mate-com-angu-tem-estreia-nacional-no-festival-do-rio\/","og_locale":"pt_BR","og_type":"article","og_title":"\"Amuleto\", 1\u00ba longa-metragem do Mate Com Angu tem estreia nacional no Festival do Rio - Lurdinha - Duque de Caxias para Est\u00f4magos Fortes","og_description":"Document\u00e1rio aborda a hist\u00f3ria do cinema feito na Baixada Fluminense, destacando sua relev\u00e2ncia e trajet\u00f3ria...","og_url":"https:\/\/lurdinha.org\/site\/amuleto-1o-longa-metragem-do-mate-com-angu-tem-estreia-nacional-no-festival-do-rio\/","og_site_name":"Lurdinha - Duque de Caxias para Est\u00f4magos Fortes","article_publisher":"https:\/\/www.facebook.com\/LurdinhadeCaxias","article_published_time":"2025-09-29T18:28:46+00:00","article_modified_time":"2026-03-06T19:37:12+00:00","og_image":[{"width":561,"height":702,"url":"https:\/\/lurdinha.org\/site\/wp-content\/uploads\/cartaz_Amuleto.jpg","type":"image\/jpeg"}],"author":"Editoria","twitter_card":"summary_large_image","twitter_misc":{"Escrito por":"Editoria","Est. tempo de leitura":"4 minutos"},"schema":{"@context":"https:\/\/schema.org","@graph":[{"@type":"Article","@id":"https:\/\/lurdinha.org\/site\/amuleto-1o-longa-metragem-do-mate-com-angu-tem-estreia-nacional-no-festival-do-rio\/#article","isPartOf":{"@id":"https:\/\/lurdinha.org\/site\/amuleto-1o-longa-metragem-do-mate-com-angu-tem-estreia-nacional-no-festival-do-rio\/"},"author":{"name":"Editoria","@id":"https:\/\/lurdinha.org\/site\/#\/schema\/person\/6b0b6b83043cbaf7707ee275576b00ea"},"headline":"&#8220;Amuleto&#8221;, 1\u00ba longa-metragem do Mate Com Angu tem estreia nacional no Festival do Rio","datePublished":"2025-09-29T18:28:46+00:00","dateModified":"2026-03-06T19:37:12+00:00","mainEntityOfPage":{"@id":"https:\/\/lurdinha.org\/site\/amuleto-1o-longa-metragem-do-mate-com-angu-tem-estreia-nacional-no-festival-do-rio\/"},"wordCount":683,"commentCount":0,"publisher":{"@id":"https:\/\/lurdinha.org\/site\/#organization"},"image":{"@id":"https:\/\/lurdinha.org\/site\/amuleto-1o-longa-metragem-do-mate-com-angu-tem-estreia-nacional-no-festival-do-rio\/#primaryimage"},"thumbnailUrl":"https:\/\/lurdinha.org\/site\/wp-content\/uploads\/cartaz_Amuleto.jpg","keywords":["amuleto","baixada filma","baixada-fluminense","cinema","circular filmes","cultura em caxias","Heraldo HB","igor barradas","Mate Com Angu","nelson pereira dos santos"],"articleSection":["evento","uma boa"],"inLanguage":"pt-BR","potentialAction":[{"@type":"CommentAction","name":"Comment","target":["https:\/\/lurdinha.org\/site\/amuleto-1o-longa-metragem-do-mate-com-angu-tem-estreia-nacional-no-festival-do-rio\/#respond"]}]},{"@type":"WebPage","@id":"https:\/\/lurdinha.org\/site\/amuleto-1o-longa-metragem-do-mate-com-angu-tem-estreia-nacional-no-festival-do-rio\/","url":"https:\/\/lurdinha.org\/site\/amuleto-1o-longa-metragem-do-mate-com-angu-tem-estreia-nacional-no-festival-do-rio\/","name":"\"Amuleto\", 1\u00ba longa-metragem do Mate Com Angu tem estreia nacional no Festival do Rio - Lurdinha - Duque de Caxias para Est\u00f4magos Fortes","isPartOf":{"@id":"https:\/\/lurdinha.org\/site\/#website"},"primaryImageOfPage":{"@id":"https:\/\/lurdinha.org\/site\/amuleto-1o-longa-metragem-do-mate-com-angu-tem-estreia-nacional-no-festival-do-rio\/#primaryimage"},"image":{"@id":"https:\/\/lurdinha.org\/site\/amuleto-1o-longa-metragem-do-mate-com-angu-tem-estreia-nacional-no-festival-do-rio\/#primaryimage"},"thumbnailUrl":"https:\/\/lurdinha.org\/site\/wp-content\/uploads\/cartaz_Amuleto.jpg","datePublished":"2025-09-29T18:28:46+00:00","dateModified":"2026-03-06T19:37:12+00:00","breadcrumb":{"@id":"https:\/\/lurdinha.org\/site\/amuleto-1o-longa-metragem-do-mate-com-angu-tem-estreia-nacional-no-festival-do-rio\/#breadcrumb"},"inLanguage":"pt-BR","potentialAction":[{"@type":"ReadAction","target":["https:\/\/lurdinha.org\/site\/amuleto-1o-longa-metragem-do-mate-com-angu-tem-estreia-nacional-no-festival-do-rio\/"]}]},{"@type":"ImageObject","inLanguage":"pt-BR","@id":"https:\/\/lurdinha.org\/site\/amuleto-1o-longa-metragem-do-mate-com-angu-tem-estreia-nacional-no-festival-do-rio\/#primaryimage","url":"https:\/\/lurdinha.org\/site\/wp-content\/uploads\/cartaz_Amuleto.jpg","contentUrl":"https:\/\/lurdinha.org\/site\/wp-content\/uploads\/cartaz_Amuleto.jpg","width":561,"height":702},{"@type":"BreadcrumbList","@id":"https:\/\/lurdinha.org\/site\/amuleto-1o-longa-metragem-do-mate-com-angu-tem-estreia-nacional-no-festival-do-rio\/#breadcrumb","itemListElement":[{"@type":"ListItem","position":1,"name":"In\u00edcio","item":"https:\/\/lurdinha.org\/site\/"},{"@type":"ListItem","position":2,"name":"&#8220;Amuleto&#8221;, 1\u00ba longa-metragem do Mate Com Angu tem estreia nacional no Festival do Rio"}]},{"@type":"WebSite","@id":"https:\/\/lurdinha.org\/site\/#website","url":"https:\/\/lurdinha.org\/site\/","name":"Lurdinha - Duque de Caxias para Est\u00f4magos Fortes","description":"Site sobre Arte, Cultura, Pol\u00edtica, Sociedade e curiosidades da cidade de Duque de Caxias, RJ","publisher":{"@id":"https:\/\/lurdinha.org\/site\/#organization"},"alternateName":"Lurdinha","potentialAction":[{"@type":"SearchAction","target":{"@type":"EntryPoint","urlTemplate":"https:\/\/lurdinha.org\/site\/?s={search_term_string}"},"query-input":{"@type":"PropertyValueSpecification","valueRequired":true,"valueName":"search_term_string"}}],"inLanguage":"pt-BR"},{"@type":"Organization","@id":"https:\/\/lurdinha.org\/site\/#organization","name":"Lurdinha de Caxias","url":"https:\/\/lurdinha.org\/site\/","logo":{"@type":"ImageObject","inLanguage":"pt-BR","@id":"https:\/\/lurdinha.org\/site\/#\/schema\/logo\/image\/","url":"https:\/\/lurdinha.org\/site\/wp-content\/uploads\/logo-lurdinha.jpg","contentUrl":"https:\/\/lurdinha.org\/site\/wp-content\/uploads\/logo-lurdinha.jpg","width":640,"height":60,"caption":"Lurdinha de Caxias"},"image":{"@id":"https:\/\/lurdinha.org\/site\/#\/schema\/logo\/image\/"},"sameAs":["https:\/\/www.facebook.com\/LurdinhadeCaxias","https:\/\/www.instagram.com\/lurdinhadecaxias"]},{"@type":"Person","@id":"https:\/\/lurdinha.org\/site\/#\/schema\/person\/6b0b6b83043cbaf7707ee275576b00ea","name":"Editoria","image":{"@type":"ImageObject","inLanguage":"pt-BR","@id":"https:\/\/secure.gravatar.com\/avatar\/0ba27ca5462d63e6c810ae4debe7159a69befcd2e33516be5bad4700d2dbfa72?s=96&d=mm&r=g","url":"https:\/\/secure.gravatar.com\/avatar\/0ba27ca5462d63e6c810ae4debe7159a69befcd2e33516be5bad4700d2dbfa72?s=96&d=mm&r=g","contentUrl":"https:\/\/secure.gravatar.com\/avatar\/0ba27ca5462d63e6c810ae4debe7159a69befcd2e33516be5bad4700d2dbfa72?s=96&d=mm&r=g","caption":"Editoria"},"url":"https:\/\/lurdinha.org\/site\/author\/editoria\/"}]}},"views":444,"_links":{"self":[{"href":"https:\/\/lurdinha.org\/site\/wp-json\/wp\/v2\/posts\/12398","targetHints":{"allow":["GET"]}}],"collection":[{"href":"https:\/\/lurdinha.org\/site\/wp-json\/wp\/v2\/posts"}],"about":[{"href":"https:\/\/lurdinha.org\/site\/wp-json\/wp\/v2\/types\/post"}],"author":[{"embeddable":true,"href":"https:\/\/lurdinha.org\/site\/wp-json\/wp\/v2\/users\/87"}],"replies":[{"embeddable":true,"href":"https:\/\/lurdinha.org\/site\/wp-json\/wp\/v2\/comments?post=12398"}],"version-history":[{"count":3,"href":"https:\/\/lurdinha.org\/site\/wp-json\/wp\/v2\/posts\/12398\/revisions"}],"predecessor-version":[{"id":12404,"href":"https:\/\/lurdinha.org\/site\/wp-json\/wp\/v2\/posts\/12398\/revisions\/12404"}],"wp:featuredmedia":[{"embeddable":true,"href":"https:\/\/lurdinha.org\/site\/wp-json\/wp\/v2\/media\/12402"}],"wp:attachment":[{"href":"https:\/\/lurdinha.org\/site\/wp-json\/wp\/v2\/media?parent=12398"}],"wp:term":[{"taxonomy":"category","embeddable":true,"href":"https:\/\/lurdinha.org\/site\/wp-json\/wp\/v2\/categories?post=12398"},{"taxonomy":"post_tag","embeddable":true,"href":"https:\/\/lurdinha.org\/site\/wp-json\/wp\/v2\/tags?post=12398"}],"curies":[{"name":"wp","href":"https:\/\/api.w.org\/{rel}","templated":true}]}}