{"id":12395,"date":"2025-09-25T20:18:54","date_gmt":"2025-09-25T20:18:54","guid":{"rendered":"https:\/\/lurdinha.org\/site\/?p=12395"},"modified":"2025-09-25T20:19:09","modified_gmt":"2025-09-25T20:19:09","slug":"o-primeiro-edificio-garagem-de-duque-de-caxias","status":"publish","type":"post","link":"https:\/\/lurdinha.org\/site\/o-primeiro-edificio-garagem-de-duque-de-caxias\/","title":{"rendered":"O primeiro Edif\u00edcio Garagem de Duque de Caxias"},"content":{"rendered":"<p>O primeiro Edif\u00edcio Garagem de Duque de Caxias que viraria um pr\u00e9dio fantasma e assombraria o munic\u00edpio por d\u00e9cadas. Em demoli\u00e7\u00e3o. Qual gramachense n\u00e3o o conhece? Quem? Quando? Onde? Hist\u00f3ria do Gramacho e Arredores.<\/p>\n<p>Atualmente<br \/>\nQual gramachense ou morador dos bairros arredores n\u00e3o conhece o grande im\u00f3vel, que se tornou um trombolho de concreto de quase dez andares. O pr\u00e9dio est\u00e1 h\u00e1 aproximadamente cinco d\u00e9cadas no Centro de Duque de Caxias, no entorno do antigo Shopping Center, do Restaurante Popular e da quadra da Escola de Samba Grande Rio.<br \/>\nO im\u00f3vel foi desapropriado pela Prefeitura Municipal de Duque de Caxias &#8211; em setembro\/25 entrou na fase final de demoli\u00e7\u00e3o &#8211; que anuncia a constru\u00e7\u00e3o de uma creche e uma Casa da Fam\u00edlia, dentro do programa de revitaliza\u00e7\u00e3o daquela parte do Centro duquecaxiense.<br \/>\nIm\u00f3vel abandonado por conta de interdi\u00e7\u00e3o e demandas judiciais. Mas, como pr\u00e9dio abandonado, diz-se, nunca esteve totalmente abandonado. De forma irregular, houve quem ocupasse partes de suas depend\u00eancias com ve\u00edculos e as lojas.<br \/>\nHist\u00f3rico<br \/>\nH\u00e1 declara\u00e7\u00f5es de contempor\u00e2neos de que o empreendimento, pioneiro nessa \u00e1rea, foi lan\u00e7ado com o nome de \u201cEdif\u00edcio Garagem Jair Alves\u201d. Tamb\u00e9m dizem que o nome que permanece atualmente \u00e9 \u201cEd\u00edf\u00edcio Zod\u00edaco\u201d. Ele foi constru\u00eddo na d\u00e9cada de 70, aproveitando a onda do lan\u00e7amento do antigo Shopping Center no Centro com sua rodovi\u00e1ria. E boatos de uma futura rodovi\u00e1ria interestadual. Tudo indicava que haveria uma grande demanda para estacionamento de ve\u00edculos, da\u00ed a ideia de se construir o primeiro Edif\u00edcio-Garagem na cidade.<br \/>\nE foi, seguindo essa previs\u00e3o otimista, que o empres\u00e1rio do ramo do ensino, o professor Jair Alves \u2013 fundador e propriet\u00e1rio do Educand\u00e1rio Cruzeiro do Sul, do Externato Cruzeiro do Sul e do Instituto Cruzeiro do Sul \u2013 teria sido convencido a abra\u00e7ar o projeto e a investir uma soma consider\u00e1vel na constru\u00e7\u00e3o do enorme Edif\u00edcio-Garagem.<br \/>\nErros, caos e interdi\u00e7\u00e3o<br \/>\nConsta que a constru\u00e7\u00e3o ficou a cargo da empresa carioca Cocibra. Para grande azar do investidor, depois do pr\u00e9dio conclu\u00eddo, houve den\u00fancias de que devido \u00e0 instabilidade do solo (em sua origem, um manguezal), o gigantismo da obra e a erros de c\u00e1lculo estrutural e funda\u00e7\u00f5es insuficientes, o pr\u00e9dio corria alto risco de cair se fosse totalmente ocupado por ve\u00edculos (m\u00e9dia de 500 kg cada). Depois de conclu\u00eddo, o poder p\u00fablico n\u00e3o quis arriscar: o pr\u00e9dio foi interditado, n\u00e3o chegando a funcionar legalmente. Preju\u00edzo total, irrevers\u00edvel, para quem o construiu.<br \/>\nConsequ\u00eancias<br \/>\nBem, o pr\u00e9dio estava l\u00e1, de p\u00e9, h\u00e1 meio s\u00e9culo, por\u00e9m praticamente vazio. Mas, n\u00e3o se sabe o que aconteceria se tivesse que suportar todo o peso projetado. O certo \u00e9 que se tivesse funcionando regularmente, como deveria, teria sido um refor\u00e7o para a vida comercial do Centro.<br \/>\nAlguns professores e alunos que o conheceram, s\u00e3o de opini\u00e3o que i imenso investimento feito e perdido pelo Professor Jair Alves no Edif\u00edcio Garagem abalou as finan\u00e7as do grupo, impactando as tr\u00eas unidades educacionais, que j\u00e1 sofriam com a concorr\u00eancia da crescente rede p\u00fablica de ensino e novos estabelecimentos de ensino com recursos mais modernos (GPI, Alfa, Flama etc.). A confirmar.<br \/>\nTudo s\u00e3o conjecturas e leituras de pessoas pr\u00f3ximas, dif\u00edcil aferir a precis\u00e3o. Mas, o fato \u00e9 que, tamb\u00e9m a partir da d\u00e9cada de 70, a rede Cruzeiro do Sul entrou em um processo de decad\u00eancia, dificuldades financeiras e, em colapso, seus tr\u00eas estabelecimentos foram, infelizmente, fechando um a um, tornando-se cap\u00edtulos do passado glorioso da Hist\u00f3ria da Educa\u00e7\u00e3o do munic\u00edpio.<br \/>\nA demoli\u00e7\u00e3o<br \/>\nComo era de se esperar, nesses casos h\u00e1 batalhas judiciais para definir responsabilidades e quem vai arcar com os imensos custos financeiros. Essa quest\u00e3o impediu, certamente, a demoli\u00e7\u00e3o do Edif\u00edcio-Garagem por anos.<br \/>\nEm muitos casos, ap\u00f3s tempos excessivos sem vislumbres de resolu\u00e7\u00e3o e para salvaguardar o interesse da comunidade, o poder publico toma a iniciativa e age ele pr\u00f3prio, superando impasses.<br \/>\nAssim sendo, o im\u00f3vel foi desapropriado pela Prefeitura Municipal de Duque de Caxias &#8211; em setembro\/25 entrou na fase final de demoli\u00e7\u00e3o &#8211; que anuncia a constru\u00e7\u00e3o de uma creche e uma Casa da Fam\u00edlia no o local desocupado, dentro do programa de revitaliza\u00e7\u00e3o daquela parte do Centro duquecaxiense.<br \/>\n<strong>Cr\u00e9ditos:<\/strong><br \/>\n<strong>Pesquisa e texto: jornalista Roberto Aires;<\/strong><br \/>\n<strong>Foto: Sergio Santos, publicada em coment\u00e1rio na P\u00e1gina \u201cD de Caxias, Cidade Saudade\u201d, em postagem de Gilberto Gomes, de 28.04.24;<\/strong><br \/>\n<strong>Direitos autorais protegidos pela Lei 9610\/98. Autorizada a reprodu\u00e7\u00e3o, desde que citados o Autor e a fonte.<\/strong><\/p>\n","protected":false},"excerpt":{"rendered":"<p>O primeiro Edif\u00edcio Garagem de Duque de Caxias que viraria um pr\u00e9dio fantasma e assombraria&#8230;<\/p>\n","protected":false},"author":89,"featured_media":12397,"comment_status":"open","ping_status":"closed","sticky":false,"template":"","format":"standard","meta":{"footnotes":""},"categories":[9],"tags":[],"class_list":["post-12395","post","type-post","status-publish","format-standard","has-post-thumbnail","hentry","category-historia"],"yoast_head":"<!-- This site is optimized with the Yoast SEO plugin v27.5 - https:\/\/yoast.com\/product\/yoast-seo-wordpress\/ -->\n<title>O primeiro Edif\u00edcio Garagem de Duque de Caxias - Lurdinha - Duque de Caxias para Est\u00f4magos Fortes<\/title>\n<meta name=\"robots\" content=\"index, follow, max-snippet:-1, max-image-preview:large, max-video-preview:-1\" \/>\n<link rel=\"canonical\" href=\"https:\/\/lurdinha.org\/site\/o-primeiro-edificio-garagem-de-duque-de-caxias\/\" \/>\n<meta property=\"og:locale\" content=\"pt_BR\" \/>\n<meta property=\"og:type\" content=\"article\" \/>\n<meta property=\"og:title\" content=\"O primeiro Edif\u00edcio Garagem de Duque de Caxias - Lurdinha - Duque de Caxias para Est\u00f4magos Fortes\" \/>\n<meta property=\"og:description\" content=\"O primeiro Edif\u00edcio Garagem de Duque de Caxias que viraria um pr\u00e9dio fantasma e assombraria...\" \/>\n<meta property=\"og:url\" content=\"https:\/\/lurdinha.org\/site\/o-primeiro-edificio-garagem-de-duque-de-caxias\/\" \/>\n<meta property=\"og:site_name\" content=\"Lurdinha - Duque de Caxias para Est\u00f4magos Fortes\" \/>\n<meta property=\"article:publisher\" content=\"https:\/\/www.facebook.com\/LurdinhadeCaxias\" \/>\n<meta property=\"article:author\" content=\"https:\/\/www.facebook.com\/roberto.aires.12\" \/>\n<meta property=\"article:published_time\" content=\"2025-09-25T20:18:54+00:00\" \/>\n<meta property=\"article:modified_time\" content=\"2025-09-25T20:19:09+00:00\" \/>\n<meta property=\"og:image\" content=\"https:\/\/lurdinha.org\/site\/wp-content\/uploads\/primeiro-edificio-garagem-de-duque-de-caxias.jpg\" \/>\n\t<meta property=\"og:image:width\" content=\"600\" \/>\n\t<meta property=\"og:image:height\" content=\"843\" \/>\n\t<meta property=\"og:image:type\" content=\"image\/jpeg\" \/>\n<meta name=\"author\" content=\"Roberto Aires\" \/>\n<meta name=\"twitter:card\" content=\"summary_large_image\" \/>\n<meta name=\"twitter:label1\" content=\"Escrito por\" \/>\n\t<meta name=\"twitter:data1\" content=\"Roberto Aires\" \/>\n\t<meta name=\"twitter:label2\" content=\"Est. tempo de leitura\" \/>\n\t<meta name=\"twitter:data2\" content=\"5 minutos\" \/>\n<script type=\"application\/ld+json\" class=\"yoast-schema-graph\">{\"@context\":\"https:\\\/\\\/schema.org\",\"@graph\":[{\"@type\":\"Article\",\"@id\":\"https:\\\/\\\/lurdinha.org\\\/site\\\/o-primeiro-edificio-garagem-de-duque-de-caxias\\\/#article\",\"isPartOf\":{\"@id\":\"https:\\\/\\\/lurdinha.org\\\/site\\\/o-primeiro-edificio-garagem-de-duque-de-caxias\\\/\"},\"author\":{\"name\":\"Roberto Aires\",\"@id\":\"https:\\\/\\\/lurdinha.org\\\/site\\\/#\\\/schema\\\/person\\\/5ed6e8beb30dbf7b961afb3f4dc991e8\"},\"headline\":\"O primeiro Edif\u00edcio Garagem de Duque de Caxias\",\"datePublished\":\"2025-09-25T20:18:54+00:00\",\"dateModified\":\"2025-09-25T20:19:09+00:00\",\"mainEntityOfPage\":{\"@id\":\"https:\\\/\\\/lurdinha.org\\\/site\\\/o-primeiro-edificio-garagem-de-duque-de-caxias\\\/\"},\"wordCount\":825,\"commentCount\":0,\"publisher\":{\"@id\":\"https:\\\/\\\/lurdinha.org\\\/site\\\/#organization\"},\"image\":{\"@id\":\"https:\\\/\\\/lurdinha.org\\\/site\\\/o-primeiro-edificio-garagem-de-duque-de-caxias\\\/#primaryimage\"},\"thumbnailUrl\":\"https:\\\/\\\/lurdinha.org\\\/site\\\/wp-content\\\/uploads\\\/primeiro-edificio-garagem-de-duque-de-caxias.jpg\",\"articleSection\":[\"hist\u00f3ria\"],\"inLanguage\":\"pt-BR\",\"potentialAction\":[{\"@type\":\"CommentAction\",\"name\":\"Comment\",\"target\":[\"https:\\\/\\\/lurdinha.org\\\/site\\\/o-primeiro-edificio-garagem-de-duque-de-caxias\\\/#respond\"]}]},{\"@type\":\"WebPage\",\"@id\":\"https:\\\/\\\/lurdinha.org\\\/site\\\/o-primeiro-edificio-garagem-de-duque-de-caxias\\\/\",\"url\":\"https:\\\/\\\/lurdinha.org\\\/site\\\/o-primeiro-edificio-garagem-de-duque-de-caxias\\\/\",\"name\":\"O primeiro Edif\u00edcio Garagem de Duque de Caxias - Lurdinha - Duque de Caxias para Est\u00f4magos Fortes\",\"isPartOf\":{\"@id\":\"https:\\\/\\\/lurdinha.org\\\/site\\\/#website\"},\"primaryImageOfPage\":{\"@id\":\"https:\\\/\\\/lurdinha.org\\\/site\\\/o-primeiro-edificio-garagem-de-duque-de-caxias\\\/#primaryimage\"},\"image\":{\"@id\":\"https:\\\/\\\/lurdinha.org\\\/site\\\/o-primeiro-edificio-garagem-de-duque-de-caxias\\\/#primaryimage\"},\"thumbnailUrl\":\"https:\\\/\\\/lurdinha.org\\\/site\\\/wp-content\\\/uploads\\\/primeiro-edificio-garagem-de-duque-de-caxias.jpg\",\"datePublished\":\"2025-09-25T20:18:54+00:00\",\"dateModified\":\"2025-09-25T20:19:09+00:00\",\"breadcrumb\":{\"@id\":\"https:\\\/\\\/lurdinha.org\\\/site\\\/o-primeiro-edificio-garagem-de-duque-de-caxias\\\/#breadcrumb\"},\"inLanguage\":\"pt-BR\",\"potentialAction\":[{\"@type\":\"ReadAction\",\"target\":[\"https:\\\/\\\/lurdinha.org\\\/site\\\/o-primeiro-edificio-garagem-de-duque-de-caxias\\\/\"]}]},{\"@type\":\"ImageObject\",\"inLanguage\":\"pt-BR\",\"@id\":\"https:\\\/\\\/lurdinha.org\\\/site\\\/o-primeiro-edificio-garagem-de-duque-de-caxias\\\/#primaryimage\",\"url\":\"https:\\\/\\\/lurdinha.org\\\/site\\\/wp-content\\\/uploads\\\/primeiro-edificio-garagem-de-duque-de-caxias.jpg\",\"contentUrl\":\"https:\\\/\\\/lurdinha.org\\\/site\\\/wp-content\\\/uploads\\\/primeiro-edificio-garagem-de-duque-de-caxias.jpg\",\"width\":600,\"height\":843},{\"@type\":\"BreadcrumbList\",\"@id\":\"https:\\\/\\\/lurdinha.org\\\/site\\\/o-primeiro-edificio-garagem-de-duque-de-caxias\\\/#breadcrumb\",\"itemListElement\":[{\"@type\":\"ListItem\",\"position\":1,\"name\":\"In\u00edcio\",\"item\":\"https:\\\/\\\/lurdinha.org\\\/site\\\/\"},{\"@type\":\"ListItem\",\"position\":2,\"name\":\"O primeiro Edif\u00edcio Garagem de Duque de Caxias\"}]},{\"@type\":\"WebSite\",\"@id\":\"https:\\\/\\\/lurdinha.org\\\/site\\\/#website\",\"url\":\"https:\\\/\\\/lurdinha.org\\\/site\\\/\",\"name\":\"Lurdinha - Duque de Caxias para Est\u00f4magos Fortes\",\"description\":\"Site sobre Arte, Cultura, Pol\u00edtica, Sociedade e curiosidades da cidade de Duque de Caxias, RJ\",\"publisher\":{\"@id\":\"https:\\\/\\\/lurdinha.org\\\/site\\\/#organization\"},\"alternateName\":\"Lurdinha\",\"potentialAction\":[{\"@type\":\"SearchAction\",\"target\":{\"@type\":\"EntryPoint\",\"urlTemplate\":\"https:\\\/\\\/lurdinha.org\\\/site\\\/?s={search_term_string}\"},\"query-input\":{\"@type\":\"PropertyValueSpecification\",\"valueRequired\":true,\"valueName\":\"search_term_string\"}}],\"inLanguage\":\"pt-BR\"},{\"@type\":\"Organization\",\"@id\":\"https:\\\/\\\/lurdinha.org\\\/site\\\/#organization\",\"name\":\"Lurdinha de Caxias\",\"url\":\"https:\\\/\\\/lurdinha.org\\\/site\\\/\",\"logo\":{\"@type\":\"ImageObject\",\"inLanguage\":\"pt-BR\",\"@id\":\"https:\\\/\\\/lurdinha.org\\\/site\\\/#\\\/schema\\\/logo\\\/image\\\/\",\"url\":\"https:\\\/\\\/lurdinha.org\\\/site\\\/wp-content\\\/uploads\\\/logo-lurdinha.jpg\",\"contentUrl\":\"https:\\\/\\\/lurdinha.org\\\/site\\\/wp-content\\\/uploads\\\/logo-lurdinha.jpg\",\"width\":640,\"height\":60,\"caption\":\"Lurdinha de Caxias\"},\"image\":{\"@id\":\"https:\\\/\\\/lurdinha.org\\\/site\\\/#\\\/schema\\\/logo\\\/image\\\/\"},\"sameAs\":[\"https:\\\/\\\/www.facebook.com\\\/LurdinhadeCaxias\",\"https:\\\/\\\/www.instagram.com\\\/lurdinhadecaxias\"]},{\"@type\":\"Person\",\"@id\":\"https:\\\/\\\/lurdinha.org\\\/site\\\/#\\\/schema\\\/person\\\/5ed6e8beb30dbf7b961afb3f4dc991e8\",\"name\":\"Roberto Aires\",\"image\":{\"@type\":\"ImageObject\",\"inLanguage\":\"pt-BR\",\"@id\":\"https:\\\/\\\/secure.gravatar.com\\\/avatar\\\/6c919f13e76d8ca908e57ec9e5d988b0ffebbffe36e088a47917c2f5a7cdfc85?s=96&d=mm&r=g\",\"url\":\"https:\\\/\\\/secure.gravatar.com\\\/avatar\\\/6c919f13e76d8ca908e57ec9e5d988b0ffebbffe36e088a47917c2f5a7cdfc85?s=96&d=mm&r=g\",\"contentUrl\":\"https:\\\/\\\/secure.gravatar.com\\\/avatar\\\/6c919f13e76d8ca908e57ec9e5d988b0ffebbffe36e088a47917c2f5a7cdfc85?s=96&d=mm&r=g\",\"caption\":\"Roberto Aires\"},\"description\":\"Jornalista; administra o grupo \u201cGramacho das Antigas\u201d no Facebook.\",\"sameAs\":[\"https:\\\/\\\/robertoaires.com.br\",\"https:\\\/\\\/www.facebook.com\\\/roberto.aires.12\"],\"url\":\"https:\\\/\\\/lurdinha.org\\\/site\\\/author\\\/robertoaires\\\/\"}]}<\/script>\n<!-- \/ Yoast SEO plugin. -->","yoast_head_json":{"title":"O primeiro Edif\u00edcio Garagem de Duque de Caxias - Lurdinha - Duque de Caxias para Est\u00f4magos Fortes","robots":{"index":"index","follow":"follow","max-snippet":"max-snippet:-1","max-image-preview":"max-image-preview:large","max-video-preview":"max-video-preview:-1"},"canonical":"https:\/\/lurdinha.org\/site\/o-primeiro-edificio-garagem-de-duque-de-caxias\/","og_locale":"pt_BR","og_type":"article","og_title":"O primeiro Edif\u00edcio Garagem de Duque de Caxias - Lurdinha - Duque de Caxias para Est\u00f4magos Fortes","og_description":"O primeiro Edif\u00edcio Garagem de Duque de Caxias que viraria um pr\u00e9dio fantasma e assombraria...","og_url":"https:\/\/lurdinha.org\/site\/o-primeiro-edificio-garagem-de-duque-de-caxias\/","og_site_name":"Lurdinha - Duque de Caxias para Est\u00f4magos Fortes","article_publisher":"https:\/\/www.facebook.com\/LurdinhadeCaxias","article_author":"https:\/\/www.facebook.com\/roberto.aires.12","article_published_time":"2025-09-25T20:18:54+00:00","article_modified_time":"2025-09-25T20:19:09+00:00","og_image":[{"width":600,"height":843,"url":"https:\/\/lurdinha.org\/site\/wp-content\/uploads\/primeiro-edificio-garagem-de-duque-de-caxias.jpg","type":"image\/jpeg"}],"author":"Roberto Aires","twitter_card":"summary_large_image","twitter_misc":{"Escrito por":"Roberto Aires","Est. tempo de leitura":"5 minutos"},"schema":{"@context":"https:\/\/schema.org","@graph":[{"@type":"Article","@id":"https:\/\/lurdinha.org\/site\/o-primeiro-edificio-garagem-de-duque-de-caxias\/#article","isPartOf":{"@id":"https:\/\/lurdinha.org\/site\/o-primeiro-edificio-garagem-de-duque-de-caxias\/"},"author":{"name":"Roberto Aires","@id":"https:\/\/lurdinha.org\/site\/#\/schema\/person\/5ed6e8beb30dbf7b961afb3f4dc991e8"},"headline":"O primeiro Edif\u00edcio Garagem de Duque de Caxias","datePublished":"2025-09-25T20:18:54+00:00","dateModified":"2025-09-25T20:19:09+00:00","mainEntityOfPage":{"@id":"https:\/\/lurdinha.org\/site\/o-primeiro-edificio-garagem-de-duque-de-caxias\/"},"wordCount":825,"commentCount":0,"publisher":{"@id":"https:\/\/lurdinha.org\/site\/#organization"},"image":{"@id":"https:\/\/lurdinha.org\/site\/o-primeiro-edificio-garagem-de-duque-de-caxias\/#primaryimage"},"thumbnailUrl":"https:\/\/lurdinha.org\/site\/wp-content\/uploads\/primeiro-edificio-garagem-de-duque-de-caxias.jpg","articleSection":["hist\u00f3ria"],"inLanguage":"pt-BR","potentialAction":[{"@type":"CommentAction","name":"Comment","target":["https:\/\/lurdinha.org\/site\/o-primeiro-edificio-garagem-de-duque-de-caxias\/#respond"]}]},{"@type":"WebPage","@id":"https:\/\/lurdinha.org\/site\/o-primeiro-edificio-garagem-de-duque-de-caxias\/","url":"https:\/\/lurdinha.org\/site\/o-primeiro-edificio-garagem-de-duque-de-caxias\/","name":"O primeiro Edif\u00edcio Garagem de Duque de Caxias - Lurdinha - Duque de Caxias para Est\u00f4magos Fortes","isPartOf":{"@id":"https:\/\/lurdinha.org\/site\/#website"},"primaryImageOfPage":{"@id":"https:\/\/lurdinha.org\/site\/o-primeiro-edificio-garagem-de-duque-de-caxias\/#primaryimage"},"image":{"@id":"https:\/\/lurdinha.org\/site\/o-primeiro-edificio-garagem-de-duque-de-caxias\/#primaryimage"},"thumbnailUrl":"https:\/\/lurdinha.org\/site\/wp-content\/uploads\/primeiro-edificio-garagem-de-duque-de-caxias.jpg","datePublished":"2025-09-25T20:18:54+00:00","dateModified":"2025-09-25T20:19:09+00:00","breadcrumb":{"@id":"https:\/\/lurdinha.org\/site\/o-primeiro-edificio-garagem-de-duque-de-caxias\/#breadcrumb"},"inLanguage":"pt-BR","potentialAction":[{"@type":"ReadAction","target":["https:\/\/lurdinha.org\/site\/o-primeiro-edificio-garagem-de-duque-de-caxias\/"]}]},{"@type":"ImageObject","inLanguage":"pt-BR","@id":"https:\/\/lurdinha.org\/site\/o-primeiro-edificio-garagem-de-duque-de-caxias\/#primaryimage","url":"https:\/\/lurdinha.org\/site\/wp-content\/uploads\/primeiro-edificio-garagem-de-duque-de-caxias.jpg","contentUrl":"https:\/\/lurdinha.org\/site\/wp-content\/uploads\/primeiro-edificio-garagem-de-duque-de-caxias.jpg","width":600,"height":843},{"@type":"BreadcrumbList","@id":"https:\/\/lurdinha.org\/site\/o-primeiro-edificio-garagem-de-duque-de-caxias\/#breadcrumb","itemListElement":[{"@type":"ListItem","position":1,"name":"In\u00edcio","item":"https:\/\/lurdinha.org\/site\/"},{"@type":"ListItem","position":2,"name":"O primeiro Edif\u00edcio Garagem de Duque de Caxias"}]},{"@type":"WebSite","@id":"https:\/\/lurdinha.org\/site\/#website","url":"https:\/\/lurdinha.org\/site\/","name":"Lurdinha - Duque de Caxias para Est\u00f4magos Fortes","description":"Site sobre Arte, Cultura, Pol\u00edtica, Sociedade e curiosidades da cidade de Duque de Caxias, RJ","publisher":{"@id":"https:\/\/lurdinha.org\/site\/#organization"},"alternateName":"Lurdinha","potentialAction":[{"@type":"SearchAction","target":{"@type":"EntryPoint","urlTemplate":"https:\/\/lurdinha.org\/site\/?s={search_term_string}"},"query-input":{"@type":"PropertyValueSpecification","valueRequired":true,"valueName":"search_term_string"}}],"inLanguage":"pt-BR"},{"@type":"Organization","@id":"https:\/\/lurdinha.org\/site\/#organization","name":"Lurdinha de Caxias","url":"https:\/\/lurdinha.org\/site\/","logo":{"@type":"ImageObject","inLanguage":"pt-BR","@id":"https:\/\/lurdinha.org\/site\/#\/schema\/logo\/image\/","url":"https:\/\/lurdinha.org\/site\/wp-content\/uploads\/logo-lurdinha.jpg","contentUrl":"https:\/\/lurdinha.org\/site\/wp-content\/uploads\/logo-lurdinha.jpg","width":640,"height":60,"caption":"Lurdinha de Caxias"},"image":{"@id":"https:\/\/lurdinha.org\/site\/#\/schema\/logo\/image\/"},"sameAs":["https:\/\/www.facebook.com\/LurdinhadeCaxias","https:\/\/www.instagram.com\/lurdinhadecaxias"]},{"@type":"Person","@id":"https:\/\/lurdinha.org\/site\/#\/schema\/person\/5ed6e8beb30dbf7b961afb3f4dc991e8","name":"Roberto Aires","image":{"@type":"ImageObject","inLanguage":"pt-BR","@id":"https:\/\/secure.gravatar.com\/avatar\/6c919f13e76d8ca908e57ec9e5d988b0ffebbffe36e088a47917c2f5a7cdfc85?s=96&d=mm&r=g","url":"https:\/\/secure.gravatar.com\/avatar\/6c919f13e76d8ca908e57ec9e5d988b0ffebbffe36e088a47917c2f5a7cdfc85?s=96&d=mm&r=g","contentUrl":"https:\/\/secure.gravatar.com\/avatar\/6c919f13e76d8ca908e57ec9e5d988b0ffebbffe36e088a47917c2f5a7cdfc85?s=96&d=mm&r=g","caption":"Roberto Aires"},"description":"Jornalista; administra o grupo \u201cGramacho das Antigas\u201d no Facebook.","sameAs":["https:\/\/robertoaires.com.br","https:\/\/www.facebook.com\/roberto.aires.12"],"url":"https:\/\/lurdinha.org\/site\/author\/robertoaires\/"}]}},"views":537,"_links":{"self":[{"href":"https:\/\/lurdinha.org\/site\/wp-json\/wp\/v2\/posts\/12395","targetHints":{"allow":["GET"]}}],"collection":[{"href":"https:\/\/lurdinha.org\/site\/wp-json\/wp\/v2\/posts"}],"about":[{"href":"https:\/\/lurdinha.org\/site\/wp-json\/wp\/v2\/types\/post"}],"author":[{"embeddable":true,"href":"https:\/\/lurdinha.org\/site\/wp-json\/wp\/v2\/users\/89"}],"replies":[{"embeddable":true,"href":"https:\/\/lurdinha.org\/site\/wp-json\/wp\/v2\/comments?post=12395"}],"version-history":[{"count":1,"href":"https:\/\/lurdinha.org\/site\/wp-json\/wp\/v2\/posts\/12395\/revisions"}],"predecessor-version":[{"id":12396,"href":"https:\/\/lurdinha.org\/site\/wp-json\/wp\/v2\/posts\/12395\/revisions\/12396"}],"wp:featuredmedia":[{"embeddable":true,"href":"https:\/\/lurdinha.org\/site\/wp-json\/wp\/v2\/media\/12397"}],"wp:attachment":[{"href":"https:\/\/lurdinha.org\/site\/wp-json\/wp\/v2\/media?parent=12395"}],"wp:term":[{"taxonomy":"category","embeddable":true,"href":"https:\/\/lurdinha.org\/site\/wp-json\/wp\/v2\/categories?post=12395"},{"taxonomy":"post_tag","embeddable":true,"href":"https:\/\/lurdinha.org\/site\/wp-json\/wp\/v2\/tags?post=12395"}],"curies":[{"name":"wp","href":"https:\/\/api.w.org\/{rel}","templated":true}]}}