{"id":12381,"date":"2025-09-15T02:42:44","date_gmt":"2025-09-15T02:42:44","guid":{"rendered":"https:\/\/lurdinha.org\/site\/?p=12381"},"modified":"2025-09-18T02:43:25","modified_gmt":"2025-09-18T02:43:25","slug":"hermeto-pascoal-22-06-1936-13-09-2025","status":"publish","type":"post","link":"https:\/\/lurdinha.org\/site\/hermeto-pascoal-22-06-1936-13-09-2025\/","title":{"rendered":"Hermeto Pascoal (22\/06\/1936 &#8211; 13\/09\/2025)"},"content":{"rendered":"<p>\u201c\ud835\udd38 \ud835\udd5e\u00fa\ud835\udd64\ud835\udd5a\ud835\udd54\ud835\udd52 \ud835\udd5f\ud835\udd52\u0303\ud835\udd60 \ud835\udd61\ud835\udd63\ud835\udd56\ud835\udd54\ud835\udd5a\ud835\udd64\ud835\udd52 \ud835\udd64\ud835\udd56\ud835\udd63 \ud835\udd65\ud835\udd60\ud835\udd54\ud835\udd52\ud835\udd55\ud835\udd52 \ud835\udd56\ud835\udd5e \ud835\udd66\ud835\udd5e \ud835\udd5a\ud835\udd5f\ud835\udd64\ud835\udd65\ud835\udd63\ud835\udd66\ud835\udd5e\ud835\udd56\ud835\udd5f\ud835\udd65\ud835\udd60 \ud835\udd57\ud835\udd60\ud835\udd63\ud835\udd5e\ud835\udd52\ud835\udd5d \ud835\udd61\ud835\udd52\ud835\udd63\ud835\udd52 \ud835\udd64\ud835\udd56\ud835\udd63 \ud835\udd5e\u00fa\ud835\udd64\ud835\udd5a\ud835\udd54\ud835\udd52\u201d \u2013 <span style=\"font-family: Liberation Serif, serif;\"><span style=\"font-size: medium;\">HP.<\/span><\/span><\/p>\n<p>Vou dizer: eu gosto muit\u00edssimo de Hermeto Pascoal. Eis a\u00ed uma das minhas boas qualidades. Dito isto, vou confessar um dos meus pecados mais graves: eu nunca vi Hermeto Pascoal ao vivo. Mas posso dizer algo que talvez me redima um pouco: eu praticamente acompanho a carreira do Bruxo &#8211; via TV, via disco &#8211; desde a raiz.<\/p>\n<p>Me lembro que a primeira vez em que vi o G\u00eanio, ele ainda n\u00e3o era reconhecido como tal, mas j\u00e1 dava o que falar como flautista do Quarteto Novo. Isto foi em 1966, durante o II Festival da MPB (TV Record), quando em companhia de Theo de Barros (viola), Heraldo do Monte (viol\u00e3o) e Ayrton Moreira (percuss\u00e3o)ajudou a dar a roupagem caipira, que levou Disparada (Theo e Vandr\u00e9), interpretada por Jair Rodrigues e Trio Maray\u00e1, a dividir no primeiro pr\u00eamio com A Banda, de Chico Buarque.<\/p>\n<p>Nos anos pr\u00f3ximos o Quarteto Novo gravou dois LPs e se dissolveu. S\u00f3 em 1970 fiquei sabendo not\u00edcias de Hermeto Pascoal: estava nos Estados Unidos, aonde j\u00e1 se achavam o percussionista Ayrton Moreira (com a cantora Flora Purim), Edu L\u00f4bo, Ol\u00edvia e Francis Hime, ]al\u00e9m da cantora Wanda S\u00e1. Os tr\u00eas \u00faltimos participaram de um disco memor\u00e1vel do Edu, gravado nos States, no qual o Bruxo reaparece (pelo menos para mim) assinando arranjos e tocando piano.<\/p>\n<p>Depois disso, foi aquilo que todo mundo sabe. Hermeto gravou dezenas de LPs e CDs, fez in\u00fameras temporadas aqui e mundo afora, deixou sua marca em diversos festivais de jazz e deu contribui\u00e7\u00e3o valios\u00edssima ao filme \ud835\udd4b\ud835\udd63\ud835\udd5a\ud835\udd5f\ud835\udd55\ud835\udd52\ud835\udd55\ud835\udd56 &#8211; \ud835\udd54\ud835\udd66\ud835\udd63\ud835\udd65\ud835\udd60 \ud835\udd54\ud835\udd52\ud835\udd5e\ud835\udd5a\ud835\udd5f\ud835\udd59\ud835\udd60 \ud835\udd5d\ud835\udd60\ud835\udd5f\ud835\udd58\ud835\udd60, de T\u00e2nia Quaresma e Luiz Keller. O document\u00e1rio longa-metragem conta com a presen\u00e7a de diversos artistas do quilate de Joyce Moreno, Wagner Tiso, Egberto Gismonti, Marcos Resende, Nivaldo Ornelas, Waltel Branco e tantos outros. Mas \u00e9 Hermeto Pascoal quem mostra verdadeiramente a que veio, percorrendo uma feira nordestina, tocando (muito!) e arrastando a galera com ele.<\/p>\n<p>\ud835\udd4b\ud835\udd63\ud835\udd5a\ud835\udd5f\ud835\udd55\ud835\udd52\ud835\udd55\ud835\udd56 rendeu um \u00e1lbum duplo hom\u00f4nimo, lan\u00e7ado na estreia do filme, no antigo cinema Roxy, em Copacabana. Naquela noite, na condi\u00e7\u00e3o de cr\u00edtico de m\u00fasica e amigo do diretor desde a adolesc\u00eancia, eu pintei no peda\u00e7o. V\u00e1rios dos participantes tamb\u00e9m pintaram. Menos Hermeto Pascoal, que estava levando a sua criatividade musical a algum outro canto do planeta.<\/p>\n<p>PS &#8211; No primeiro coment\u00e1rio abaixo, deixo o endere\u00e7o do filme \ud835\udd4b\ud835\udd63\ud835\udd5a\ud835\udd5f\ud835\udd55\ud835\udd52\ud835\udd55\ud835\udd56 &#8211; \ud835\udd54\ud835\udd66\ud835\udd63\ud835\udd65\ud835\udd60 \ud835\udd54\ud835\udd52\ud835\udd5e\ud835\udd5a\ud835\udd5f\ud835\udd59\ud835\udd60 \ud835\udd5d\ud835\udd60\ud835\udd5f\ud835\udd58\ud835\udd60, na integra. Vale a pena conferir.<\/p>\n","protected":false},"excerpt":{"rendered":"<p>\u201c\ud835\udd38 \ud835\udd5e\u00fa\ud835\udd64\ud835\udd5a\ud835\udd54\ud835\udd52 \ud835\udd5f\ud835\udd52\u0303\ud835\udd60 \ud835\udd61\ud835\udd63\ud835\udd56\ud835\udd54\ud835\udd5a\ud835\udd64\ud835\udd52 \ud835\udd64\ud835\udd56\ud835\udd63 \ud835\udd65\ud835\udd60\ud835\udd54\ud835\udd52\ud835\udd55\ud835\udd52 \ud835\udd56\ud835\udd5e \ud835\udd66\ud835\udd5e \ud835\udd5a\ud835\udd5f\ud835\udd64\ud835\udd65\ud835\udd63\ud835\udd66\ud835\udd5e\ud835\udd56\ud835\udd5f\ud835\udd65\ud835\udd60 \ud835\udd57\ud835\udd60\ud835\udd63\ud835\udd5e\ud835\udd52\ud835\udd5d \ud835\udd61\ud835\udd52\ud835\udd63\ud835\udd52 \ud835\udd64\ud835\udd56\ud835\udd63 \ud835\udd5e\u00fa\ud835\udd64\ud835\udd5a\ud835\udd54\ud835\udd52\u201d \u2013 HP&#8230;.<\/p>\n","protected":false},"author":5,"featured_media":12380,"comment_status":"open","ping_status":"closed","sticky":false,"template":"","format":"standard","meta":{"footnotes":""},"categories":[14,7,4],"tags":[1422],"class_list":["post-12381","post","type-post","status-publish","format-standard","has-post-thumbnail","hentry","category-gente","category-musica","category-opiniao","tag-hermeto-pascoal"],"yoast_head":"<!-- This site is optimized with the Yoast SEO plugin v27.5 - https:\/\/yoast.com\/product\/yoast-seo-wordpress\/ -->\n<title>Hermeto Pascoal (22\/06\/1936 - 13\/09\/2025) - Lurdinha - Duque de Caxias para Est\u00f4magos Fortes<\/title>\n<meta name=\"robots\" content=\"index, follow, max-snippet:-1, max-image-preview:large, max-video-preview:-1\" \/>\n<link rel=\"canonical\" href=\"https:\/\/lurdinha.org\/site\/hermeto-pascoal-22-06-1936-13-09-2025\/\" \/>\n<meta property=\"og:locale\" content=\"pt_BR\" \/>\n<meta property=\"og:type\" content=\"article\" \/>\n<meta property=\"og:title\" content=\"Hermeto Pascoal (22\/06\/1936 - 13\/09\/2025) - Lurdinha - Duque de Caxias para Est\u00f4magos Fortes\" \/>\n<meta property=\"og:description\" content=\"\u201c\ud835\udd38 \ud835\udd5e\u00fa\ud835\udd64\ud835\udd5a\ud835\udd54\ud835\udd52 \ud835\udd5f\ud835\udd52\u0303\ud835\udd60 \ud835\udd61\ud835\udd63\ud835\udd56\ud835\udd54\ud835\udd5a\ud835\udd64\ud835\udd52 \ud835\udd64\ud835\udd56\ud835\udd63 \ud835\udd65\ud835\udd60\ud835\udd54\ud835\udd52\ud835\udd55\ud835\udd52 \ud835\udd56\ud835\udd5e \ud835\udd66\ud835\udd5e \ud835\udd5a\ud835\udd5f\ud835\udd64\ud835\udd65\ud835\udd63\ud835\udd66\ud835\udd5e\ud835\udd56\ud835\udd5f\ud835\udd65\ud835\udd60 \ud835\udd57\ud835\udd60\ud835\udd63\ud835\udd5e\ud835\udd52\ud835\udd5d \ud835\udd61\ud835\udd52\ud835\udd63\ud835\udd52 \ud835\udd64\ud835\udd56\ud835\udd63 \ud835\udd5e\u00fa\ud835\udd64\ud835\udd5a\ud835\udd54\ud835\udd52\u201d \u2013 HP....\" \/>\n<meta property=\"og:url\" content=\"https:\/\/lurdinha.org\/site\/hermeto-pascoal-22-06-1936-13-09-2025\/\" \/>\n<meta property=\"og:site_name\" content=\"Lurdinha - Duque de Caxias para Est\u00f4magos Fortes\" \/>\n<meta property=\"article:publisher\" content=\"https:\/\/www.facebook.com\/LurdinhadeCaxias\" \/>\n<meta property=\"article:published_time\" content=\"2025-09-15T02:42:44+00:00\" \/>\n<meta property=\"article:modified_time\" content=\"2025-09-18T02:43:25+00:00\" \/>\n<meta property=\"og:image\" content=\"https:\/\/lurdinha.org\/site\/wp-content\/uploads\/hermeto-pascoal.jpg\" \/>\n\t<meta property=\"og:image:width\" content=\"480\" \/>\n\t<meta property=\"og:image:height\" content=\"345\" \/>\n\t<meta property=\"og:image:type\" content=\"image\/jpeg\" \/>\n<meta name=\"author\" content=\"Eldemar de Souza\" \/>\n<meta name=\"twitter:card\" content=\"summary_large_image\" \/>\n<meta name=\"twitter:label1\" content=\"Escrito por\" \/>\n\t<meta name=\"twitter:data1\" content=\"Eldemar de Souza\" \/>\n\t<meta name=\"twitter:label2\" content=\"Est. tempo de leitura\" \/>\n\t<meta name=\"twitter:data2\" content=\"3 minutos\" \/>\n<script type=\"application\/ld+json\" class=\"yoast-schema-graph\">{\"@context\":\"https:\\\/\\\/schema.org\",\"@graph\":[{\"@type\":\"Article\",\"@id\":\"https:\\\/\\\/lurdinha.org\\\/site\\\/hermeto-pascoal-22-06-1936-13-09-2025\\\/#article\",\"isPartOf\":{\"@id\":\"https:\\\/\\\/lurdinha.org\\\/site\\\/hermeto-pascoal-22-06-1936-13-09-2025\\\/\"},\"author\":{\"name\":\"Eldemar de Souza\",\"@id\":\"https:\\\/\\\/lurdinha.org\\\/site\\\/#\\\/schema\\\/person\\\/ff0b97e899a87e9d648686ae9e7295d5\"},\"headline\":\"Hermeto Pascoal (22\\\/06\\\/1936 &#8211; 13\\\/09\\\/2025)\",\"datePublished\":\"2025-09-15T02:42:44+00:00\",\"dateModified\":\"2025-09-18T02:43:25+00:00\",\"mainEntityOfPage\":{\"@id\":\"https:\\\/\\\/lurdinha.org\\\/site\\\/hermeto-pascoal-22-06-1936-13-09-2025\\\/\"},\"wordCount\":419,\"commentCount\":0,\"publisher\":{\"@id\":\"https:\\\/\\\/lurdinha.org\\\/site\\\/#organization\"},\"image\":{\"@id\":\"https:\\\/\\\/lurdinha.org\\\/site\\\/hermeto-pascoal-22-06-1936-13-09-2025\\\/#primaryimage\"},\"thumbnailUrl\":\"https:\\\/\\\/lurdinha.org\\\/site\\\/wp-content\\\/uploads\\\/hermeto-pascoal.jpg\",\"keywords\":[\"hermeto pascoal\"],\"articleSection\":[\"gente\",\"m\u00fasica\",\"uma opini\u00e3o\"],\"inLanguage\":\"pt-BR\",\"potentialAction\":[{\"@type\":\"CommentAction\",\"name\":\"Comment\",\"target\":[\"https:\\\/\\\/lurdinha.org\\\/site\\\/hermeto-pascoal-22-06-1936-13-09-2025\\\/#respond\"]}]},{\"@type\":\"WebPage\",\"@id\":\"https:\\\/\\\/lurdinha.org\\\/site\\\/hermeto-pascoal-22-06-1936-13-09-2025\\\/\",\"url\":\"https:\\\/\\\/lurdinha.org\\\/site\\\/hermeto-pascoal-22-06-1936-13-09-2025\\\/\",\"name\":\"Hermeto Pascoal (22\\\/06\\\/1936 - 13\\\/09\\\/2025) - Lurdinha - Duque de Caxias para Est\u00f4magos Fortes\",\"isPartOf\":{\"@id\":\"https:\\\/\\\/lurdinha.org\\\/site\\\/#website\"},\"primaryImageOfPage\":{\"@id\":\"https:\\\/\\\/lurdinha.org\\\/site\\\/hermeto-pascoal-22-06-1936-13-09-2025\\\/#primaryimage\"},\"image\":{\"@id\":\"https:\\\/\\\/lurdinha.org\\\/site\\\/hermeto-pascoal-22-06-1936-13-09-2025\\\/#primaryimage\"},\"thumbnailUrl\":\"https:\\\/\\\/lurdinha.org\\\/site\\\/wp-content\\\/uploads\\\/hermeto-pascoal.jpg\",\"datePublished\":\"2025-09-15T02:42:44+00:00\",\"dateModified\":\"2025-09-18T02:43:25+00:00\",\"breadcrumb\":{\"@id\":\"https:\\\/\\\/lurdinha.org\\\/site\\\/hermeto-pascoal-22-06-1936-13-09-2025\\\/#breadcrumb\"},\"inLanguage\":\"pt-BR\",\"potentialAction\":[{\"@type\":\"ReadAction\",\"target\":[\"https:\\\/\\\/lurdinha.org\\\/site\\\/hermeto-pascoal-22-06-1936-13-09-2025\\\/\"]}]},{\"@type\":\"ImageObject\",\"inLanguage\":\"pt-BR\",\"@id\":\"https:\\\/\\\/lurdinha.org\\\/site\\\/hermeto-pascoal-22-06-1936-13-09-2025\\\/#primaryimage\",\"url\":\"https:\\\/\\\/lurdinha.org\\\/site\\\/wp-content\\\/uploads\\\/hermeto-pascoal.jpg\",\"contentUrl\":\"https:\\\/\\\/lurdinha.org\\\/site\\\/wp-content\\\/uploads\\\/hermeto-pascoal.jpg\",\"width\":480,\"height\":345},{\"@type\":\"BreadcrumbList\",\"@id\":\"https:\\\/\\\/lurdinha.org\\\/site\\\/hermeto-pascoal-22-06-1936-13-09-2025\\\/#breadcrumb\",\"itemListElement\":[{\"@type\":\"ListItem\",\"position\":1,\"name\":\"In\u00edcio\",\"item\":\"https:\\\/\\\/lurdinha.org\\\/site\\\/\"},{\"@type\":\"ListItem\",\"position\":2,\"name\":\"Hermeto Pascoal (22\\\/06\\\/1936 &#8211; 13\\\/09\\\/2025)\"}]},{\"@type\":\"WebSite\",\"@id\":\"https:\\\/\\\/lurdinha.org\\\/site\\\/#website\",\"url\":\"https:\\\/\\\/lurdinha.org\\\/site\\\/\",\"name\":\"Lurdinha - Duque de Caxias para Est\u00f4magos Fortes\",\"description\":\"Site sobre Arte, Cultura, Pol\u00edtica, Sociedade e curiosidades da cidade de Duque de Caxias, RJ\",\"publisher\":{\"@id\":\"https:\\\/\\\/lurdinha.org\\\/site\\\/#organization\"},\"alternateName\":\"Lurdinha\",\"potentialAction\":[{\"@type\":\"SearchAction\",\"target\":{\"@type\":\"EntryPoint\",\"urlTemplate\":\"https:\\\/\\\/lurdinha.org\\\/site\\\/?s={search_term_string}\"},\"query-input\":{\"@type\":\"PropertyValueSpecification\",\"valueRequired\":true,\"valueName\":\"search_term_string\"}}],\"inLanguage\":\"pt-BR\"},{\"@type\":\"Organization\",\"@id\":\"https:\\\/\\\/lurdinha.org\\\/site\\\/#organization\",\"name\":\"Lurdinha de Caxias\",\"url\":\"https:\\\/\\\/lurdinha.org\\\/site\\\/\",\"logo\":{\"@type\":\"ImageObject\",\"inLanguage\":\"pt-BR\",\"@id\":\"https:\\\/\\\/lurdinha.org\\\/site\\\/#\\\/schema\\\/logo\\\/image\\\/\",\"url\":\"https:\\\/\\\/lurdinha.org\\\/site\\\/wp-content\\\/uploads\\\/logo-lurdinha.jpg\",\"contentUrl\":\"https:\\\/\\\/lurdinha.org\\\/site\\\/wp-content\\\/uploads\\\/logo-lurdinha.jpg\",\"width\":640,\"height\":60,\"caption\":\"Lurdinha de Caxias\"},\"image\":{\"@id\":\"https:\\\/\\\/lurdinha.org\\\/site\\\/#\\\/schema\\\/logo\\\/image\\\/\"},\"sameAs\":[\"https:\\\/\\\/www.facebook.com\\\/LurdinhadeCaxias\",\"https:\\\/\\\/www.instagram.com\\\/lurdinhadecaxias\"]},{\"@type\":\"Person\",\"@id\":\"https:\\\/\\\/lurdinha.org\\\/site\\\/#\\\/schema\\\/person\\\/ff0b97e899a87e9d648686ae9e7295d5\",\"name\":\"Eldemar de Souza\",\"image\":{\"@type\":\"ImageObject\",\"inLanguage\":\"pt-BR\",\"@id\":\"https:\\\/\\\/secure.gravatar.com\\\/avatar\\\/0a4332f26817387b10dbfea1e861c6ba350da6fd3c58c7c68da09390e621c2dd?s=96&d=mm&r=g\",\"url\":\"https:\\\/\\\/secure.gravatar.com\\\/avatar\\\/0a4332f26817387b10dbfea1e861c6ba350da6fd3c58c7c68da09390e621c2dd?s=96&d=mm&r=g\",\"contentUrl\":\"https:\\\/\\\/secure.gravatar.com\\\/avatar\\\/0a4332f26817387b10dbfea1e861c6ba350da6fd3c58c7c68da09390e621c2dd?s=96&d=mm&r=g\",\"caption\":\"Eldemar de Souza\"},\"url\":\"https:\\\/\\\/lurdinha.org\\\/site\\\/author\\\/eldemarsouza\\\/\"}]}<\/script>\n<!-- \/ Yoast SEO plugin. -->","yoast_head_json":{"title":"Hermeto Pascoal (22\/06\/1936 - 13\/09\/2025) - Lurdinha - Duque de Caxias para Est\u00f4magos Fortes","robots":{"index":"index","follow":"follow","max-snippet":"max-snippet:-1","max-image-preview":"max-image-preview:large","max-video-preview":"max-video-preview:-1"},"canonical":"https:\/\/lurdinha.org\/site\/hermeto-pascoal-22-06-1936-13-09-2025\/","og_locale":"pt_BR","og_type":"article","og_title":"Hermeto Pascoal (22\/06\/1936 - 13\/09\/2025) - Lurdinha - Duque de Caxias para Est\u00f4magos Fortes","og_description":"\u201c\ud835\udd38 \ud835\udd5e\u00fa\ud835\udd64\ud835\udd5a\ud835\udd54\ud835\udd52 \ud835\udd5f\ud835\udd52\u0303\ud835\udd60 \ud835\udd61\ud835\udd63\ud835\udd56\ud835\udd54\ud835\udd5a\ud835\udd64\ud835\udd52 \ud835\udd64\ud835\udd56\ud835\udd63 \ud835\udd65\ud835\udd60\ud835\udd54\ud835\udd52\ud835\udd55\ud835\udd52 \ud835\udd56\ud835\udd5e \ud835\udd66\ud835\udd5e \ud835\udd5a\ud835\udd5f\ud835\udd64\ud835\udd65\ud835\udd63\ud835\udd66\ud835\udd5e\ud835\udd56\ud835\udd5f\ud835\udd65\ud835\udd60 \ud835\udd57\ud835\udd60\ud835\udd63\ud835\udd5e\ud835\udd52\ud835\udd5d \ud835\udd61\ud835\udd52\ud835\udd63\ud835\udd52 \ud835\udd64\ud835\udd56\ud835\udd63 \ud835\udd5e\u00fa\ud835\udd64\ud835\udd5a\ud835\udd54\ud835\udd52\u201d \u2013 HP....","og_url":"https:\/\/lurdinha.org\/site\/hermeto-pascoal-22-06-1936-13-09-2025\/","og_site_name":"Lurdinha - Duque de Caxias para Est\u00f4magos Fortes","article_publisher":"https:\/\/www.facebook.com\/LurdinhadeCaxias","article_published_time":"2025-09-15T02:42:44+00:00","article_modified_time":"2025-09-18T02:43:25+00:00","og_image":[{"width":480,"height":345,"url":"https:\/\/lurdinha.org\/site\/wp-content\/uploads\/hermeto-pascoal.jpg","type":"image\/jpeg"}],"author":"Eldemar de Souza","twitter_card":"summary_large_image","twitter_misc":{"Escrito por":"Eldemar de Souza","Est. tempo de leitura":"3 minutos"},"schema":{"@context":"https:\/\/schema.org","@graph":[{"@type":"Article","@id":"https:\/\/lurdinha.org\/site\/hermeto-pascoal-22-06-1936-13-09-2025\/#article","isPartOf":{"@id":"https:\/\/lurdinha.org\/site\/hermeto-pascoal-22-06-1936-13-09-2025\/"},"author":{"name":"Eldemar de Souza","@id":"https:\/\/lurdinha.org\/site\/#\/schema\/person\/ff0b97e899a87e9d648686ae9e7295d5"},"headline":"Hermeto Pascoal (22\/06\/1936 &#8211; 13\/09\/2025)","datePublished":"2025-09-15T02:42:44+00:00","dateModified":"2025-09-18T02:43:25+00:00","mainEntityOfPage":{"@id":"https:\/\/lurdinha.org\/site\/hermeto-pascoal-22-06-1936-13-09-2025\/"},"wordCount":419,"commentCount":0,"publisher":{"@id":"https:\/\/lurdinha.org\/site\/#organization"},"image":{"@id":"https:\/\/lurdinha.org\/site\/hermeto-pascoal-22-06-1936-13-09-2025\/#primaryimage"},"thumbnailUrl":"https:\/\/lurdinha.org\/site\/wp-content\/uploads\/hermeto-pascoal.jpg","keywords":["hermeto pascoal"],"articleSection":["gente","m\u00fasica","uma opini\u00e3o"],"inLanguage":"pt-BR","potentialAction":[{"@type":"CommentAction","name":"Comment","target":["https:\/\/lurdinha.org\/site\/hermeto-pascoal-22-06-1936-13-09-2025\/#respond"]}]},{"@type":"WebPage","@id":"https:\/\/lurdinha.org\/site\/hermeto-pascoal-22-06-1936-13-09-2025\/","url":"https:\/\/lurdinha.org\/site\/hermeto-pascoal-22-06-1936-13-09-2025\/","name":"Hermeto Pascoal (22\/06\/1936 - 13\/09\/2025) - Lurdinha - Duque de Caxias para Est\u00f4magos Fortes","isPartOf":{"@id":"https:\/\/lurdinha.org\/site\/#website"},"primaryImageOfPage":{"@id":"https:\/\/lurdinha.org\/site\/hermeto-pascoal-22-06-1936-13-09-2025\/#primaryimage"},"image":{"@id":"https:\/\/lurdinha.org\/site\/hermeto-pascoal-22-06-1936-13-09-2025\/#primaryimage"},"thumbnailUrl":"https:\/\/lurdinha.org\/site\/wp-content\/uploads\/hermeto-pascoal.jpg","datePublished":"2025-09-15T02:42:44+00:00","dateModified":"2025-09-18T02:43:25+00:00","breadcrumb":{"@id":"https:\/\/lurdinha.org\/site\/hermeto-pascoal-22-06-1936-13-09-2025\/#breadcrumb"},"inLanguage":"pt-BR","potentialAction":[{"@type":"ReadAction","target":["https:\/\/lurdinha.org\/site\/hermeto-pascoal-22-06-1936-13-09-2025\/"]}]},{"@type":"ImageObject","inLanguage":"pt-BR","@id":"https:\/\/lurdinha.org\/site\/hermeto-pascoal-22-06-1936-13-09-2025\/#primaryimage","url":"https:\/\/lurdinha.org\/site\/wp-content\/uploads\/hermeto-pascoal.jpg","contentUrl":"https:\/\/lurdinha.org\/site\/wp-content\/uploads\/hermeto-pascoal.jpg","width":480,"height":345},{"@type":"BreadcrumbList","@id":"https:\/\/lurdinha.org\/site\/hermeto-pascoal-22-06-1936-13-09-2025\/#breadcrumb","itemListElement":[{"@type":"ListItem","position":1,"name":"In\u00edcio","item":"https:\/\/lurdinha.org\/site\/"},{"@type":"ListItem","position":2,"name":"Hermeto Pascoal (22\/06\/1936 &#8211; 13\/09\/2025)"}]},{"@type":"WebSite","@id":"https:\/\/lurdinha.org\/site\/#website","url":"https:\/\/lurdinha.org\/site\/","name":"Lurdinha - Duque de Caxias para Est\u00f4magos Fortes","description":"Site sobre Arte, Cultura, Pol\u00edtica, Sociedade e curiosidades da cidade de Duque de Caxias, RJ","publisher":{"@id":"https:\/\/lurdinha.org\/site\/#organization"},"alternateName":"Lurdinha","potentialAction":[{"@type":"SearchAction","target":{"@type":"EntryPoint","urlTemplate":"https:\/\/lurdinha.org\/site\/?s={search_term_string}"},"query-input":{"@type":"PropertyValueSpecification","valueRequired":true,"valueName":"search_term_string"}}],"inLanguage":"pt-BR"},{"@type":"Organization","@id":"https:\/\/lurdinha.org\/site\/#organization","name":"Lurdinha de Caxias","url":"https:\/\/lurdinha.org\/site\/","logo":{"@type":"ImageObject","inLanguage":"pt-BR","@id":"https:\/\/lurdinha.org\/site\/#\/schema\/logo\/image\/","url":"https:\/\/lurdinha.org\/site\/wp-content\/uploads\/logo-lurdinha.jpg","contentUrl":"https:\/\/lurdinha.org\/site\/wp-content\/uploads\/logo-lurdinha.jpg","width":640,"height":60,"caption":"Lurdinha de Caxias"},"image":{"@id":"https:\/\/lurdinha.org\/site\/#\/schema\/logo\/image\/"},"sameAs":["https:\/\/www.facebook.com\/LurdinhadeCaxias","https:\/\/www.instagram.com\/lurdinhadecaxias"]},{"@type":"Person","@id":"https:\/\/lurdinha.org\/site\/#\/schema\/person\/ff0b97e899a87e9d648686ae9e7295d5","name":"Eldemar de Souza","image":{"@type":"ImageObject","inLanguage":"pt-BR","@id":"https:\/\/secure.gravatar.com\/avatar\/0a4332f26817387b10dbfea1e861c6ba350da6fd3c58c7c68da09390e621c2dd?s=96&d=mm&r=g","url":"https:\/\/secure.gravatar.com\/avatar\/0a4332f26817387b10dbfea1e861c6ba350da6fd3c58c7c68da09390e621c2dd?s=96&d=mm&r=g","contentUrl":"https:\/\/secure.gravatar.com\/avatar\/0a4332f26817387b10dbfea1e861c6ba350da6fd3c58c7c68da09390e621c2dd?s=96&d=mm&r=g","caption":"Eldemar de Souza"},"url":"https:\/\/lurdinha.org\/site\/author\/eldemarsouza\/"}]}},"views":445,"_links":{"self":[{"href":"https:\/\/lurdinha.org\/site\/wp-json\/wp\/v2\/posts\/12381","targetHints":{"allow":["GET"]}}],"collection":[{"href":"https:\/\/lurdinha.org\/site\/wp-json\/wp\/v2\/posts"}],"about":[{"href":"https:\/\/lurdinha.org\/site\/wp-json\/wp\/v2\/types\/post"}],"author":[{"embeddable":true,"href":"https:\/\/lurdinha.org\/site\/wp-json\/wp\/v2\/users\/5"}],"replies":[{"embeddable":true,"href":"https:\/\/lurdinha.org\/site\/wp-json\/wp\/v2\/comments?post=12381"}],"version-history":[{"count":1,"href":"https:\/\/lurdinha.org\/site\/wp-json\/wp\/v2\/posts\/12381\/revisions"}],"predecessor-version":[{"id":12382,"href":"https:\/\/lurdinha.org\/site\/wp-json\/wp\/v2\/posts\/12381\/revisions\/12382"}],"wp:featuredmedia":[{"embeddable":true,"href":"https:\/\/lurdinha.org\/site\/wp-json\/wp\/v2\/media\/12380"}],"wp:attachment":[{"href":"https:\/\/lurdinha.org\/site\/wp-json\/wp\/v2\/media?parent=12381"}],"wp:term":[{"taxonomy":"category","embeddable":true,"href":"https:\/\/lurdinha.org\/site\/wp-json\/wp\/v2\/categories?post=12381"},{"taxonomy":"post_tag","embeddable":true,"href":"https:\/\/lurdinha.org\/site\/wp-json\/wp\/v2\/tags?post=12381"}],"curies":[{"name":"wp","href":"https:\/\/api.w.org\/{rel}","templated":true}]}}