{"id":12347,"date":"2025-07-24T18:22:50","date_gmt":"2025-07-24T18:22:50","guid":{"rendered":"https:\/\/lurdinha.org\/site\/?p=12347"},"modified":"2025-07-24T18:41:21","modified_gmt":"2025-07-24T18:41:21","slug":"homenagem-aos-cinquenta-anos-de-solano-trindade-pelo-jornal-topico-1958","status":"publish","type":"post","link":"https:\/\/lurdinha.org\/site\/homenagem-aos-cinquenta-anos-de-solano-trindade-pelo-jornal-topico-1958\/","title":{"rendered":"Homenagem aos cinquenta anos de Solano Trindade pelo Jornal T\u00f3pico (1958)"},"content":{"rendered":"<p>Hoje \u00e9 anivers\u00e1rio de <strong>Solano Trindade<\/strong> e trazemos aqui uma p\u00e1gina em homenagem a ele feita pelo GRUPO Arte e Cultura, galera respons\u00e1vel pelo suplemento cultural do Jornal T\u00f3pico. A publica\u00e7\u00e3o da coluna era dirigida por Waldair Jos\u00e9 da Costa e pelo querido e saudoso Newton Menezes, o Velho Menezes, amigo pessoal do poeta.<br \/>\nViva Solano Trindade!<\/p>\n<p>\u201cSOLANO E O SEU CINQUENTEN\u00c1RIO<\/p>\n<p>Solano Trindade \u00e9, por excel\u00eancia, o poeta negro, o poeta simples, o poeta do povo. Suas mensagens s\u00e3o, portanto de envolvente conte\u00fado humano, vibrando ao toque das inocentes evoca\u00e7\u00f5es populares.<br \/>\nO cunho social de sua poesia \u00e9 uma chama de esperan\u00e7a: empresta seus ideais a toda uma ra\u00e7a.<br \/>\nPoeta da vida simples, n\u00eale falam alto os instintos do homem do povo, seus irm\u00e3os de lutas e sofrimentos, que \u00eale evoca em versos t\u00e3o simples.<br \/>\nQuando a 24 do corrente Solano fizer o seu cinquenten\u00e1rio, GRUPO se associar\u00e1 \u00e0s homenagens que ser\u00e3o prestadas ao poeta pelos seus amigos desta cidade \u00e0 qual tanto ama e a que dedicou, al\u00e9m de um grande peda\u00e7o de sua pr\u00f3pria vida, muitos de seus belos versos.\u201d<\/p>\n<p><em>Jornal T\u00f3pico, 12 de julho de 1958<\/em><\/p>\n","protected":false},"excerpt":{"rendered":"<p>Hoje \u00e9 anivers\u00e1rio de Solano Trindade e trazemos aqui uma p\u00e1gina em homenagem a ele&#8230;<\/p>\n","protected":false},"author":2,"featured_media":12348,"comment_status":"open","ping_status":"closed","sticky":false,"template":"","format":"standard","meta":{"footnotes":""},"categories":[4],"tags":[11,1420,28],"class_list":["post-12347","post","type-post","status-publish","format-standard","has-post-thumbnail","hentry","category-opiniao","tag-duque-de-caxias","tag-jornal-topico","tag-solano-trindade"],"yoast_head":"<!-- This site is optimized with the Yoast SEO plugin v27.5 - https:\/\/yoast.com\/product\/yoast-seo-wordpress\/ -->\n<title>Homenagem aos cinquenta anos de Solano Trindade pelo Jornal T\u00f3pico (1958) - Lurdinha - Duque de Caxias para Est\u00f4magos Fortes<\/title>\n<meta name=\"robots\" content=\"index, follow, max-snippet:-1, max-image-preview:large, max-video-preview:-1\" \/>\n<link rel=\"canonical\" href=\"https:\/\/lurdinha.org\/site\/homenagem-aos-cinquenta-anos-de-solano-trindade-pelo-jornal-topico-1958\/\" \/>\n<meta property=\"og:locale\" content=\"pt_BR\" \/>\n<meta property=\"og:type\" content=\"article\" \/>\n<meta property=\"og:title\" content=\"Homenagem aos cinquenta anos de Solano Trindade pelo Jornal T\u00f3pico (1958) - Lurdinha - Duque de Caxias para Est\u00f4magos Fortes\" \/>\n<meta property=\"og:description\" content=\"Hoje \u00e9 anivers\u00e1rio de Solano Trindade e trazemos aqui uma p\u00e1gina em homenagem a ele...\" \/>\n<meta property=\"og:url\" content=\"https:\/\/lurdinha.org\/site\/homenagem-aos-cinquenta-anos-de-solano-trindade-pelo-jornal-topico-1958\/\" \/>\n<meta property=\"og:site_name\" content=\"Lurdinha - Duque de Caxias para Est\u00f4magos Fortes\" \/>\n<meta property=\"article:publisher\" content=\"https:\/\/www.facebook.com\/LurdinhadeCaxias\" \/>\n<meta property=\"article:author\" content=\"botocudo\" \/>\n<meta property=\"article:published_time\" content=\"2025-07-24T18:22:50+00:00\" \/>\n<meta property=\"article:modified_time\" content=\"2025-07-24T18:41:21+00:00\" \/>\n<meta property=\"og:image\" content=\"https:\/\/lurdinha.org\/site\/wp-content\/uploads\/SolanoTrindade_jornal-Topico_1958_.jpg\" \/>\n\t<meta property=\"og:image:width\" content=\"1200\" \/>\n\t<meta property=\"og:image:height\" content=\"1112\" \/>\n\t<meta property=\"og:image:type\" content=\"image\/jpeg\" \/>\n<meta name=\"author\" content=\"heraldo hb\" \/>\n<meta name=\"twitter:card\" content=\"summary_large_image\" \/>\n<meta name=\"twitter:label1\" content=\"Escrito por\" \/>\n\t<meta name=\"twitter:data1\" content=\"heraldo hb\" \/>\n\t<meta name=\"twitter:label2\" content=\"Est. tempo de leitura\" \/>\n\t<meta name=\"twitter:data2\" content=\"2 minutos\" \/>\n<script type=\"application\/ld+json\" class=\"yoast-schema-graph\">{\"@context\":\"https:\\\/\\\/schema.org\",\"@graph\":[{\"@type\":\"Article\",\"@id\":\"https:\\\/\\\/lurdinha.org\\\/site\\\/homenagem-aos-cinquenta-anos-de-solano-trindade-pelo-jornal-topico-1958\\\/#article\",\"isPartOf\":{\"@id\":\"https:\\\/\\\/lurdinha.org\\\/site\\\/homenagem-aos-cinquenta-anos-de-solano-trindade-pelo-jornal-topico-1958\\\/\"},\"author\":{\"name\":\"heraldo hb\",\"@id\":\"https:\\\/\\\/lurdinha.org\\\/site\\\/#\\\/schema\\\/person\\\/b833bb6a7f82598bf0e95e4c30874251\"},\"headline\":\"Homenagem aos cinquenta anos de Solano Trindade pelo Jornal T\u00f3pico (1958)\",\"datePublished\":\"2025-07-24T18:22:50+00:00\",\"dateModified\":\"2025-07-24T18:41:21+00:00\",\"mainEntityOfPage\":{\"@id\":\"https:\\\/\\\/lurdinha.org\\\/site\\\/homenagem-aos-cinquenta-anos-de-solano-trindade-pelo-jornal-topico-1958\\\/\"},\"wordCount\":215,\"commentCount\":0,\"publisher\":{\"@id\":\"https:\\\/\\\/lurdinha.org\\\/site\\\/#organization\"},\"image\":{\"@id\":\"https:\\\/\\\/lurdinha.org\\\/site\\\/homenagem-aos-cinquenta-anos-de-solano-trindade-pelo-jornal-topico-1958\\\/#primaryimage\"},\"thumbnailUrl\":\"https:\\\/\\\/lurdinha.org\\\/site\\\/wp-content\\\/uploads\\\/SolanoTrindade_jornal-Topico_1958_.jpg\",\"keywords\":[\"duque-de-caxias\",\"jornal topico\",\"solano trindade\"],\"articleSection\":[\"uma opini\u00e3o\"],\"inLanguage\":\"pt-BR\",\"potentialAction\":[{\"@type\":\"CommentAction\",\"name\":\"Comment\",\"target\":[\"https:\\\/\\\/lurdinha.org\\\/site\\\/homenagem-aos-cinquenta-anos-de-solano-trindade-pelo-jornal-topico-1958\\\/#respond\"]}]},{\"@type\":\"WebPage\",\"@id\":\"https:\\\/\\\/lurdinha.org\\\/site\\\/homenagem-aos-cinquenta-anos-de-solano-trindade-pelo-jornal-topico-1958\\\/\",\"url\":\"https:\\\/\\\/lurdinha.org\\\/site\\\/homenagem-aos-cinquenta-anos-de-solano-trindade-pelo-jornal-topico-1958\\\/\",\"name\":\"Homenagem aos cinquenta anos de Solano Trindade pelo Jornal T\u00f3pico (1958) - Lurdinha - Duque de Caxias para Est\u00f4magos Fortes\",\"isPartOf\":{\"@id\":\"https:\\\/\\\/lurdinha.org\\\/site\\\/#website\"},\"primaryImageOfPage\":{\"@id\":\"https:\\\/\\\/lurdinha.org\\\/site\\\/homenagem-aos-cinquenta-anos-de-solano-trindade-pelo-jornal-topico-1958\\\/#primaryimage\"},\"image\":{\"@id\":\"https:\\\/\\\/lurdinha.org\\\/site\\\/homenagem-aos-cinquenta-anos-de-solano-trindade-pelo-jornal-topico-1958\\\/#primaryimage\"},\"thumbnailUrl\":\"https:\\\/\\\/lurdinha.org\\\/site\\\/wp-content\\\/uploads\\\/SolanoTrindade_jornal-Topico_1958_.jpg\",\"datePublished\":\"2025-07-24T18:22:50+00:00\",\"dateModified\":\"2025-07-24T18:41:21+00:00\",\"breadcrumb\":{\"@id\":\"https:\\\/\\\/lurdinha.org\\\/site\\\/homenagem-aos-cinquenta-anos-de-solano-trindade-pelo-jornal-topico-1958\\\/#breadcrumb\"},\"inLanguage\":\"pt-BR\",\"potentialAction\":[{\"@type\":\"ReadAction\",\"target\":[\"https:\\\/\\\/lurdinha.org\\\/site\\\/homenagem-aos-cinquenta-anos-de-solano-trindade-pelo-jornal-topico-1958\\\/\"]}]},{\"@type\":\"ImageObject\",\"inLanguage\":\"pt-BR\",\"@id\":\"https:\\\/\\\/lurdinha.org\\\/site\\\/homenagem-aos-cinquenta-anos-de-solano-trindade-pelo-jornal-topico-1958\\\/#primaryimage\",\"url\":\"https:\\\/\\\/lurdinha.org\\\/site\\\/wp-content\\\/uploads\\\/SolanoTrindade_jornal-Topico_1958_.jpg\",\"contentUrl\":\"https:\\\/\\\/lurdinha.org\\\/site\\\/wp-content\\\/uploads\\\/SolanoTrindade_jornal-Topico_1958_.jpg\",\"width\":1200,\"height\":1112,\"caption\":\"Solano Trindade no Jornal T\u00f3pico (1958)\"},{\"@type\":\"BreadcrumbList\",\"@id\":\"https:\\\/\\\/lurdinha.org\\\/site\\\/homenagem-aos-cinquenta-anos-de-solano-trindade-pelo-jornal-topico-1958\\\/#breadcrumb\",\"itemListElement\":[{\"@type\":\"ListItem\",\"position\":1,\"name\":\"In\u00edcio\",\"item\":\"https:\\\/\\\/lurdinha.org\\\/site\\\/\"},{\"@type\":\"ListItem\",\"position\":2,\"name\":\"Homenagem aos cinquenta anos de Solano Trindade pelo Jornal T\u00f3pico (1958)\"}]},{\"@type\":\"WebSite\",\"@id\":\"https:\\\/\\\/lurdinha.org\\\/site\\\/#website\",\"url\":\"https:\\\/\\\/lurdinha.org\\\/site\\\/\",\"name\":\"Lurdinha - Duque de Caxias para Est\u00f4magos Fortes\",\"description\":\"Site sobre Arte, Cultura, Pol\u00edtica, Sociedade e curiosidades da cidade de Duque de Caxias, RJ\",\"publisher\":{\"@id\":\"https:\\\/\\\/lurdinha.org\\\/site\\\/#organization\"},\"alternateName\":\"Lurdinha\",\"potentialAction\":[{\"@type\":\"SearchAction\",\"target\":{\"@type\":\"EntryPoint\",\"urlTemplate\":\"https:\\\/\\\/lurdinha.org\\\/site\\\/?s={search_term_string}\"},\"query-input\":{\"@type\":\"PropertyValueSpecification\",\"valueRequired\":true,\"valueName\":\"search_term_string\"}}],\"inLanguage\":\"pt-BR\"},{\"@type\":\"Organization\",\"@id\":\"https:\\\/\\\/lurdinha.org\\\/site\\\/#organization\",\"name\":\"Lurdinha de Caxias\",\"url\":\"https:\\\/\\\/lurdinha.org\\\/site\\\/\",\"logo\":{\"@type\":\"ImageObject\",\"inLanguage\":\"pt-BR\",\"@id\":\"https:\\\/\\\/lurdinha.org\\\/site\\\/#\\\/schema\\\/logo\\\/image\\\/\",\"url\":\"https:\\\/\\\/lurdinha.org\\\/site\\\/wp-content\\\/uploads\\\/logo-lurdinha.jpg\",\"contentUrl\":\"https:\\\/\\\/lurdinha.org\\\/site\\\/wp-content\\\/uploads\\\/logo-lurdinha.jpg\",\"width\":640,\"height\":60,\"caption\":\"Lurdinha de Caxias\"},\"image\":{\"@id\":\"https:\\\/\\\/lurdinha.org\\\/site\\\/#\\\/schema\\\/logo\\\/image\\\/\"},\"sameAs\":[\"https:\\\/\\\/www.facebook.com\\\/LurdinhadeCaxias\",\"https:\\\/\\\/www.instagram.com\\\/lurdinhadecaxias\"]},{\"@type\":\"Person\",\"@id\":\"https:\\\/\\\/lurdinha.org\\\/site\\\/#\\\/schema\\\/person\\\/b833bb6a7f82598bf0e95e4c30874251\",\"name\":\"heraldo hb\",\"image\":{\"@type\":\"ImageObject\",\"inLanguage\":\"pt-BR\",\"@id\":\"https:\\\/\\\/secure.gravatar.com\\\/avatar\\\/5de9fe99c72cb6885bbdaa24b1c5738b0f673d265de18720fae7463d5f47b48d?s=96&d=mm&r=g\",\"url\":\"https:\\\/\\\/secure.gravatar.com\\\/avatar\\\/5de9fe99c72cb6885bbdaa24b1c5738b0f673d265de18720fae7463d5f47b48d?s=96&d=mm&r=g\",\"contentUrl\":\"https:\\\/\\\/secure.gravatar.com\\\/avatar\\\/5de9fe99c72cb6885bbdaa24b1c5738b0f673d265de18720fae7463d5f47b48d?s=96&d=mm&r=g\",\"caption\":\"heraldo hb\"},\"description\":\"Cineasta, animador cultural, escritor e educador nascido no s\u00e9culo XX\",\"sameAs\":[\"http:\\\/\\\/wwww.relinkare.org\",\"botocudo\",\"heraldohb\",\"relinkare\"],\"url\":\"https:\\\/\\\/lurdinha.org\\\/site\\\/author\\\/heraldohb\\\/\"}]}<\/script>\n<!-- \/ Yoast SEO plugin. -->","yoast_head_json":{"title":"Homenagem aos cinquenta anos de Solano Trindade pelo Jornal T\u00f3pico (1958) - Lurdinha - Duque de Caxias para Est\u00f4magos Fortes","robots":{"index":"index","follow":"follow","max-snippet":"max-snippet:-1","max-image-preview":"max-image-preview:large","max-video-preview":"max-video-preview:-1"},"canonical":"https:\/\/lurdinha.org\/site\/homenagem-aos-cinquenta-anos-de-solano-trindade-pelo-jornal-topico-1958\/","og_locale":"pt_BR","og_type":"article","og_title":"Homenagem aos cinquenta anos de Solano Trindade pelo Jornal T\u00f3pico (1958) - Lurdinha - Duque de Caxias para Est\u00f4magos Fortes","og_description":"Hoje \u00e9 anivers\u00e1rio de Solano Trindade e trazemos aqui uma p\u00e1gina em homenagem a ele...","og_url":"https:\/\/lurdinha.org\/site\/homenagem-aos-cinquenta-anos-de-solano-trindade-pelo-jornal-topico-1958\/","og_site_name":"Lurdinha - Duque de Caxias para Est\u00f4magos Fortes","article_publisher":"https:\/\/www.facebook.com\/LurdinhadeCaxias","article_author":"botocudo","article_published_time":"2025-07-24T18:22:50+00:00","article_modified_time":"2025-07-24T18:41:21+00:00","og_image":[{"width":1200,"height":1112,"url":"https:\/\/lurdinha.org\/site\/wp-content\/uploads\/SolanoTrindade_jornal-Topico_1958_.jpg","type":"image\/jpeg"}],"author":"heraldo hb","twitter_card":"summary_large_image","twitter_misc":{"Escrito por":"heraldo hb","Est. tempo de leitura":"2 minutos"},"schema":{"@context":"https:\/\/schema.org","@graph":[{"@type":"Article","@id":"https:\/\/lurdinha.org\/site\/homenagem-aos-cinquenta-anos-de-solano-trindade-pelo-jornal-topico-1958\/#article","isPartOf":{"@id":"https:\/\/lurdinha.org\/site\/homenagem-aos-cinquenta-anos-de-solano-trindade-pelo-jornal-topico-1958\/"},"author":{"name":"heraldo hb","@id":"https:\/\/lurdinha.org\/site\/#\/schema\/person\/b833bb6a7f82598bf0e95e4c30874251"},"headline":"Homenagem aos cinquenta anos de Solano Trindade pelo Jornal T\u00f3pico (1958)","datePublished":"2025-07-24T18:22:50+00:00","dateModified":"2025-07-24T18:41:21+00:00","mainEntityOfPage":{"@id":"https:\/\/lurdinha.org\/site\/homenagem-aos-cinquenta-anos-de-solano-trindade-pelo-jornal-topico-1958\/"},"wordCount":215,"commentCount":0,"publisher":{"@id":"https:\/\/lurdinha.org\/site\/#organization"},"image":{"@id":"https:\/\/lurdinha.org\/site\/homenagem-aos-cinquenta-anos-de-solano-trindade-pelo-jornal-topico-1958\/#primaryimage"},"thumbnailUrl":"https:\/\/lurdinha.org\/site\/wp-content\/uploads\/SolanoTrindade_jornal-Topico_1958_.jpg","keywords":["duque-de-caxias","jornal topico","solano trindade"],"articleSection":["uma opini\u00e3o"],"inLanguage":"pt-BR","potentialAction":[{"@type":"CommentAction","name":"Comment","target":["https:\/\/lurdinha.org\/site\/homenagem-aos-cinquenta-anos-de-solano-trindade-pelo-jornal-topico-1958\/#respond"]}]},{"@type":"WebPage","@id":"https:\/\/lurdinha.org\/site\/homenagem-aos-cinquenta-anos-de-solano-trindade-pelo-jornal-topico-1958\/","url":"https:\/\/lurdinha.org\/site\/homenagem-aos-cinquenta-anos-de-solano-trindade-pelo-jornal-topico-1958\/","name":"Homenagem aos cinquenta anos de Solano Trindade pelo Jornal T\u00f3pico (1958) - Lurdinha - Duque de Caxias para Est\u00f4magos Fortes","isPartOf":{"@id":"https:\/\/lurdinha.org\/site\/#website"},"primaryImageOfPage":{"@id":"https:\/\/lurdinha.org\/site\/homenagem-aos-cinquenta-anos-de-solano-trindade-pelo-jornal-topico-1958\/#primaryimage"},"image":{"@id":"https:\/\/lurdinha.org\/site\/homenagem-aos-cinquenta-anos-de-solano-trindade-pelo-jornal-topico-1958\/#primaryimage"},"thumbnailUrl":"https:\/\/lurdinha.org\/site\/wp-content\/uploads\/SolanoTrindade_jornal-Topico_1958_.jpg","datePublished":"2025-07-24T18:22:50+00:00","dateModified":"2025-07-24T18:41:21+00:00","breadcrumb":{"@id":"https:\/\/lurdinha.org\/site\/homenagem-aos-cinquenta-anos-de-solano-trindade-pelo-jornal-topico-1958\/#breadcrumb"},"inLanguage":"pt-BR","potentialAction":[{"@type":"ReadAction","target":["https:\/\/lurdinha.org\/site\/homenagem-aos-cinquenta-anos-de-solano-trindade-pelo-jornal-topico-1958\/"]}]},{"@type":"ImageObject","inLanguage":"pt-BR","@id":"https:\/\/lurdinha.org\/site\/homenagem-aos-cinquenta-anos-de-solano-trindade-pelo-jornal-topico-1958\/#primaryimage","url":"https:\/\/lurdinha.org\/site\/wp-content\/uploads\/SolanoTrindade_jornal-Topico_1958_.jpg","contentUrl":"https:\/\/lurdinha.org\/site\/wp-content\/uploads\/SolanoTrindade_jornal-Topico_1958_.jpg","width":1200,"height":1112,"caption":"Solano Trindade no Jornal T\u00f3pico (1958)"},{"@type":"BreadcrumbList","@id":"https:\/\/lurdinha.org\/site\/homenagem-aos-cinquenta-anos-de-solano-trindade-pelo-jornal-topico-1958\/#breadcrumb","itemListElement":[{"@type":"ListItem","position":1,"name":"In\u00edcio","item":"https:\/\/lurdinha.org\/site\/"},{"@type":"ListItem","position":2,"name":"Homenagem aos cinquenta anos de Solano Trindade pelo Jornal T\u00f3pico (1958)"}]},{"@type":"WebSite","@id":"https:\/\/lurdinha.org\/site\/#website","url":"https:\/\/lurdinha.org\/site\/","name":"Lurdinha - Duque de Caxias para Est\u00f4magos Fortes","description":"Site sobre Arte, Cultura, Pol\u00edtica, Sociedade e curiosidades da cidade de Duque de Caxias, RJ","publisher":{"@id":"https:\/\/lurdinha.org\/site\/#organization"},"alternateName":"Lurdinha","potentialAction":[{"@type":"SearchAction","target":{"@type":"EntryPoint","urlTemplate":"https:\/\/lurdinha.org\/site\/?s={search_term_string}"},"query-input":{"@type":"PropertyValueSpecification","valueRequired":true,"valueName":"search_term_string"}}],"inLanguage":"pt-BR"},{"@type":"Organization","@id":"https:\/\/lurdinha.org\/site\/#organization","name":"Lurdinha de Caxias","url":"https:\/\/lurdinha.org\/site\/","logo":{"@type":"ImageObject","inLanguage":"pt-BR","@id":"https:\/\/lurdinha.org\/site\/#\/schema\/logo\/image\/","url":"https:\/\/lurdinha.org\/site\/wp-content\/uploads\/logo-lurdinha.jpg","contentUrl":"https:\/\/lurdinha.org\/site\/wp-content\/uploads\/logo-lurdinha.jpg","width":640,"height":60,"caption":"Lurdinha de Caxias"},"image":{"@id":"https:\/\/lurdinha.org\/site\/#\/schema\/logo\/image\/"},"sameAs":["https:\/\/www.facebook.com\/LurdinhadeCaxias","https:\/\/www.instagram.com\/lurdinhadecaxias"]},{"@type":"Person","@id":"https:\/\/lurdinha.org\/site\/#\/schema\/person\/b833bb6a7f82598bf0e95e4c30874251","name":"heraldo hb","image":{"@type":"ImageObject","inLanguage":"pt-BR","@id":"https:\/\/secure.gravatar.com\/avatar\/5de9fe99c72cb6885bbdaa24b1c5738b0f673d265de18720fae7463d5f47b48d?s=96&d=mm&r=g","url":"https:\/\/secure.gravatar.com\/avatar\/5de9fe99c72cb6885bbdaa24b1c5738b0f673d265de18720fae7463d5f47b48d?s=96&d=mm&r=g","contentUrl":"https:\/\/secure.gravatar.com\/avatar\/5de9fe99c72cb6885bbdaa24b1c5738b0f673d265de18720fae7463d5f47b48d?s=96&d=mm&r=g","caption":"heraldo hb"},"description":"Cineasta, animador cultural, escritor e educador nascido no s\u00e9culo XX","sameAs":["http:\/\/wwww.relinkare.org","botocudo","heraldohb","relinkare"],"url":"https:\/\/lurdinha.org\/site\/author\/heraldohb\/"}]}},"views":470,"_links":{"self":[{"href":"https:\/\/lurdinha.org\/site\/wp-json\/wp\/v2\/posts\/12347","targetHints":{"allow":["GET"]}}],"collection":[{"href":"https:\/\/lurdinha.org\/site\/wp-json\/wp\/v2\/posts"}],"about":[{"href":"https:\/\/lurdinha.org\/site\/wp-json\/wp\/v2\/types\/post"}],"author":[{"embeddable":true,"href":"https:\/\/lurdinha.org\/site\/wp-json\/wp\/v2\/users\/2"}],"replies":[{"embeddable":true,"href":"https:\/\/lurdinha.org\/site\/wp-json\/wp\/v2\/comments?post=12347"}],"version-history":[{"count":2,"href":"https:\/\/lurdinha.org\/site\/wp-json\/wp\/v2\/posts\/12347\/revisions"}],"predecessor-version":[{"id":12350,"href":"https:\/\/lurdinha.org\/site\/wp-json\/wp\/v2\/posts\/12347\/revisions\/12350"}],"wp:featuredmedia":[{"embeddable":true,"href":"https:\/\/lurdinha.org\/site\/wp-json\/wp\/v2\/media\/12348"}],"wp:attachment":[{"href":"https:\/\/lurdinha.org\/site\/wp-json\/wp\/v2\/media?parent=12347"}],"wp:term":[{"taxonomy":"category","embeddable":true,"href":"https:\/\/lurdinha.org\/site\/wp-json\/wp\/v2\/categories?post=12347"},{"taxonomy":"post_tag","embeddable":true,"href":"https:\/\/lurdinha.org\/site\/wp-json\/wp\/v2\/tags?post=12347"}],"curies":[{"name":"wp","href":"https:\/\/api.w.org\/{rel}","templated":true}]}}