{"id":123,"date":"2011-01-10T02:01:32","date_gmt":"2011-01-10T02:01:32","guid":{"rendered":"http:\/\/lurdinha.org\/site\/?p=123"},"modified":"2011-02-12T02:31:15","modified_gmt":"2011-02-12T02:31:15","slug":"a-antropofagia-do-vento-forte-do-levante","status":"publish","type":"post","link":"https:\/\/lurdinha.org\/site\/a-antropofagia-do-vento-forte-do-levante\/","title":{"rendered":"A Antropofagia do Vento Forte do Levante"},"content":{"rendered":"<p><a href=\"http:\/\/lurdinha.org\/site\/wp-content\/uploads\/solano.jpg\"><img loading=\"lazy\" decoding=\"async\" class=\"alignnone size-full wp-image-124\" title=\"Solano Trindade\" src=\"http:\/\/lurdinha.org\/site\/wp-content\/uploads\/solano.jpg\" alt=\"Solano Trindade\" width=\"287\" height=\"440\" srcset=\"https:\/\/lurdinha.org\/site\/wp-content\/uploads\/solano.jpg 287w, https:\/\/lurdinha.org\/site\/wp-content\/uploads\/solano-196x300.jpg 196w\" sizes=\"auto, (max-width: 287px) 100vw, 287px\" \/><\/a><\/p>\n<p>A Antropofagia do Vento Forte do Levante,\u00a0<em>por Rodrigo Dutra<\/em><\/p>\n<p>Do latim, a palavra Solano significa \u201cO Vento Forte do Levante\u201d, ou como explorou a escola de samba Vai-Vai no carnaval de 1979 \u201cO Vento Forte da \u00c1frica\u201d, ou at\u00e9 mesmo como define Newton Menezes\u00a0\u00a0\u201cVento Forte da \u00c1frica que se sente \u00e0s vezes na Espanha\u201d. Dessa mir\u00edade de tradu\u00e7\u00f5es o que mais importa \u00e9 saber que todas correspondem a um \u00fanico personagem, \u201cforte\u201d na coer\u00eancia de sua trajet\u00f3ria e como o \u201cvento\u201d vol\u00e1til na versatilidade de sua arte, eis assim Solano Trindade, homem negro nascido vinte anos depois do fim oficial da escravid\u00e3o e que n\u00e3o se curvou diante da opress\u00e3o de cor, de classe e de cultura.<\/p>\n<p><strong><a href=\"http:\/\/lurdinha.org\/a-antropofagia-do-vento-forte_por_Rodrigo-Dutra.pdf\" target=\"_blank\">Clique aqui para ler ou baixar o ensaio na \u00edntegra<\/a><\/strong>.<\/p>\n","protected":false},"excerpt":{"rendered":"<p>A Antropofagia do Vento Forte do Levante,\u00a0por Rodrigo Dutra Do latim, a palavra Solano significa&#8230;<\/p>\n","protected":false},"author":7,"featured_media":0,"comment_status":"open","ping_status":"closed","sticky":false,"template":"","format":"standard","meta":{"footnotes":""},"categories":[14,9],"tags":[12,11,21,27,28,29],"class_list":["post-123","post","type-post","status-publish","format-standard","hentry","category-gente","category-historia","tag-baixada-fluminense","tag-duque-de-caxias","tag-lurdinha","tag-rodrigo-dutra","tag-solano-trindade","tag-vento-forte-do-levante"],"yoast_head":"<!-- This site is optimized with the Yoast SEO plugin v27.5 - https:\/\/yoast.com\/product\/yoast-seo-wordpress\/ -->\n<title>A Antropofagia do Vento Forte do Levante - Lurdinha - Duque de Caxias para Est\u00f4magos Fortes<\/title>\n<meta name=\"robots\" content=\"index, follow, max-snippet:-1, max-image-preview:large, max-video-preview:-1\" \/>\n<link rel=\"canonical\" href=\"https:\/\/lurdinha.org\/site\/a-antropofagia-do-vento-forte-do-levante\/\" \/>\n<meta property=\"og:locale\" content=\"pt_BR\" \/>\n<meta property=\"og:type\" content=\"article\" \/>\n<meta property=\"og:title\" content=\"A Antropofagia do Vento Forte do Levante - Lurdinha - Duque de Caxias para Est\u00f4magos Fortes\" \/>\n<meta property=\"og:description\" content=\"A Antropofagia do Vento Forte do Levante,\u00a0por Rodrigo Dutra Do latim, a palavra Solano significa...\" \/>\n<meta property=\"og:url\" content=\"https:\/\/lurdinha.org\/site\/a-antropofagia-do-vento-forte-do-levante\/\" \/>\n<meta property=\"og:site_name\" content=\"Lurdinha - Duque de Caxias para Est\u00f4magos Fortes\" \/>\n<meta property=\"article:publisher\" content=\"https:\/\/www.facebook.com\/LurdinhadeCaxias\" \/>\n<meta property=\"article:published_time\" content=\"2011-01-10T02:01:32+00:00\" \/>\n<meta property=\"article:modified_time\" content=\"2011-02-12T02:31:15+00:00\" \/>\n<meta property=\"og:image\" content=\"https:\/\/lurdinha.org\/site\/wp-content\/uploads\/solano.jpg\" \/>\n\t<meta property=\"og:image:width\" content=\"287\" \/>\n\t<meta property=\"og:image:height\" content=\"440\" \/>\n\t<meta property=\"og:image:type\" content=\"image\/jpeg\" \/>\n<meta name=\"author\" content=\"Rodrigo Dutra\" \/>\n<meta name=\"twitter:card\" content=\"summary_large_image\" \/>\n<meta name=\"twitter:label1\" content=\"Escrito por\" \/>\n\t<meta name=\"twitter:data1\" content=\"Rodrigo Dutra\" \/>\n\t<meta name=\"twitter:label2\" content=\"Est. tempo de leitura\" \/>\n\t<meta name=\"twitter:data2\" content=\"1 minuto\" \/>\n<script type=\"application\/ld+json\" class=\"yoast-schema-graph\">{\"@context\":\"https:\\\/\\\/schema.org\",\"@graph\":[{\"@type\":\"Article\",\"@id\":\"https:\\\/\\\/lurdinha.org\\\/site\\\/a-antropofagia-do-vento-forte-do-levante\\\/#article\",\"isPartOf\":{\"@id\":\"https:\\\/\\\/lurdinha.org\\\/site\\\/a-antropofagia-do-vento-forte-do-levante\\\/\"},\"author\":{\"name\":\"Rodrigo Dutra\",\"@id\":\"https:\\\/\\\/lurdinha.org\\\/site\\\/#\\\/schema\\\/person\\\/70aed0cd160a509d34a1fe569786b148\"},\"headline\":\"A Antropofagia do Vento Forte do Levante\",\"datePublished\":\"2011-01-10T02:01:32+00:00\",\"dateModified\":\"2011-02-12T02:31:15+00:00\",\"mainEntityOfPage\":{\"@id\":\"https:\\\/\\\/lurdinha.org\\\/site\\\/a-antropofagia-do-vento-forte-do-levante\\\/\"},\"wordCount\":142,\"commentCount\":0,\"publisher\":{\"@id\":\"https:\\\/\\\/lurdinha.org\\\/site\\\/#organization\"},\"image\":{\"@id\":\"https:\\\/\\\/lurdinha.org\\\/site\\\/a-antropofagia-do-vento-forte-do-levante\\\/#primaryimage\"},\"thumbnailUrl\":\"http:\\\/\\\/lurdinha.org\\\/site\\\/wp-content\\\/uploads\\\/solano.jpg\",\"keywords\":[\"baixada-fluminense\",\"duque-de-caxias\",\"lurdinha\",\"rodrigo dutra\",\"solano trindade\",\"vento forte do levante\"],\"articleSection\":[\"gente\",\"hist\u00f3ria\"],\"inLanguage\":\"pt-BR\",\"potentialAction\":[{\"@type\":\"CommentAction\",\"name\":\"Comment\",\"target\":[\"https:\\\/\\\/lurdinha.org\\\/site\\\/a-antropofagia-do-vento-forte-do-levante\\\/#respond\"]}]},{\"@type\":\"WebPage\",\"@id\":\"https:\\\/\\\/lurdinha.org\\\/site\\\/a-antropofagia-do-vento-forte-do-levante\\\/\",\"url\":\"https:\\\/\\\/lurdinha.org\\\/site\\\/a-antropofagia-do-vento-forte-do-levante\\\/\",\"name\":\"A Antropofagia do Vento Forte do Levante - Lurdinha - Duque de Caxias para Est\u00f4magos Fortes\",\"isPartOf\":{\"@id\":\"https:\\\/\\\/lurdinha.org\\\/site\\\/#website\"},\"primaryImageOfPage\":{\"@id\":\"https:\\\/\\\/lurdinha.org\\\/site\\\/a-antropofagia-do-vento-forte-do-levante\\\/#primaryimage\"},\"image\":{\"@id\":\"https:\\\/\\\/lurdinha.org\\\/site\\\/a-antropofagia-do-vento-forte-do-levante\\\/#primaryimage\"},\"thumbnailUrl\":\"http:\\\/\\\/lurdinha.org\\\/site\\\/wp-content\\\/uploads\\\/solano.jpg\",\"datePublished\":\"2011-01-10T02:01:32+00:00\",\"dateModified\":\"2011-02-12T02:31:15+00:00\",\"breadcrumb\":{\"@id\":\"https:\\\/\\\/lurdinha.org\\\/site\\\/a-antropofagia-do-vento-forte-do-levante\\\/#breadcrumb\"},\"inLanguage\":\"pt-BR\",\"potentialAction\":[{\"@type\":\"ReadAction\",\"target\":[\"https:\\\/\\\/lurdinha.org\\\/site\\\/a-antropofagia-do-vento-forte-do-levante\\\/\"]}]},{\"@type\":\"ImageObject\",\"inLanguage\":\"pt-BR\",\"@id\":\"https:\\\/\\\/lurdinha.org\\\/site\\\/a-antropofagia-do-vento-forte-do-levante\\\/#primaryimage\",\"url\":\"https:\\\/\\\/lurdinha.org\\\/site\\\/wp-content\\\/uploads\\\/solano.jpg\",\"contentUrl\":\"https:\\\/\\\/lurdinha.org\\\/site\\\/wp-content\\\/uploads\\\/solano.jpg\",\"width\":287,\"height\":440,\"caption\":\"Solano Trindade\"},{\"@type\":\"BreadcrumbList\",\"@id\":\"https:\\\/\\\/lurdinha.org\\\/site\\\/a-antropofagia-do-vento-forte-do-levante\\\/#breadcrumb\",\"itemListElement\":[{\"@type\":\"ListItem\",\"position\":1,\"name\":\"In\u00edcio\",\"item\":\"https:\\\/\\\/lurdinha.org\\\/site\\\/\"},{\"@type\":\"ListItem\",\"position\":2,\"name\":\"A Antropofagia do Vento Forte do Levante\"}]},{\"@type\":\"WebSite\",\"@id\":\"https:\\\/\\\/lurdinha.org\\\/site\\\/#website\",\"url\":\"https:\\\/\\\/lurdinha.org\\\/site\\\/\",\"name\":\"Lurdinha - Duque de Caxias para Est\u00f4magos Fortes\",\"description\":\"Site sobre Arte, Cultura, Pol\u00edtica, Sociedade e curiosidades da cidade de Duque de Caxias, RJ\",\"publisher\":{\"@id\":\"https:\\\/\\\/lurdinha.org\\\/site\\\/#organization\"},\"alternateName\":\"Lurdinha\",\"potentialAction\":[{\"@type\":\"SearchAction\",\"target\":{\"@type\":\"EntryPoint\",\"urlTemplate\":\"https:\\\/\\\/lurdinha.org\\\/site\\\/?s={search_term_string}\"},\"query-input\":{\"@type\":\"PropertyValueSpecification\",\"valueRequired\":true,\"valueName\":\"search_term_string\"}}],\"inLanguage\":\"pt-BR\"},{\"@type\":\"Organization\",\"@id\":\"https:\\\/\\\/lurdinha.org\\\/site\\\/#organization\",\"name\":\"Lurdinha de Caxias\",\"url\":\"https:\\\/\\\/lurdinha.org\\\/site\\\/\",\"logo\":{\"@type\":\"ImageObject\",\"inLanguage\":\"pt-BR\",\"@id\":\"https:\\\/\\\/lurdinha.org\\\/site\\\/#\\\/schema\\\/logo\\\/image\\\/\",\"url\":\"https:\\\/\\\/lurdinha.org\\\/site\\\/wp-content\\\/uploads\\\/logo-lurdinha.jpg\",\"contentUrl\":\"https:\\\/\\\/lurdinha.org\\\/site\\\/wp-content\\\/uploads\\\/logo-lurdinha.jpg\",\"width\":640,\"height\":60,\"caption\":\"Lurdinha de Caxias\"},\"image\":{\"@id\":\"https:\\\/\\\/lurdinha.org\\\/site\\\/#\\\/schema\\\/logo\\\/image\\\/\"},\"sameAs\":[\"https:\\\/\\\/www.facebook.com\\\/LurdinhadeCaxias\",\"https:\\\/\\\/www.instagram.com\\\/lurdinhadecaxias\"]},{\"@type\":\"Person\",\"@id\":\"https:\\\/\\\/lurdinha.org\\\/site\\\/#\\\/schema\\\/person\\\/70aed0cd160a509d34a1fe569786b148\",\"name\":\"Rodrigo Dutra\",\"image\":{\"@type\":\"ImageObject\",\"inLanguage\":\"pt-BR\",\"@id\":\"https:\\\/\\\/secure.gravatar.com\\\/avatar\\\/b5d0e633c89070d3a2557675f1883bf4c7b819c4a081cc0522a66f14a5d86f7b?s=96&d=mm&r=g\",\"url\":\"https:\\\/\\\/secure.gravatar.com\\\/avatar\\\/b5d0e633c89070d3a2557675f1883bf4c7b819c4a081cc0522a66f14a5d86f7b?s=96&d=mm&r=g\",\"contentUrl\":\"https:\\\/\\\/secure.gravatar.com\\\/avatar\\\/b5d0e633c89070d3a2557675f1883bf4c7b819c4a081cc0522a66f14a5d86f7b?s=96&d=mm&r=g\",\"caption\":\"Rodrigo Dutra\"},\"url\":\"https:\\\/\\\/lurdinha.org\\\/site\\\/author\\\/rodrigodutra\\\/\"}]}<\/script>\n<!-- \/ Yoast SEO plugin. -->","yoast_head_json":{"title":"A Antropofagia do Vento Forte do Levante - Lurdinha - Duque de Caxias para Est\u00f4magos Fortes","robots":{"index":"index","follow":"follow","max-snippet":"max-snippet:-1","max-image-preview":"max-image-preview:large","max-video-preview":"max-video-preview:-1"},"canonical":"https:\/\/lurdinha.org\/site\/a-antropofagia-do-vento-forte-do-levante\/","og_locale":"pt_BR","og_type":"article","og_title":"A Antropofagia do Vento Forte do Levante - Lurdinha - Duque de Caxias para Est\u00f4magos Fortes","og_description":"A Antropofagia do Vento Forte do Levante,\u00a0por Rodrigo Dutra Do latim, a palavra Solano significa...","og_url":"https:\/\/lurdinha.org\/site\/a-antropofagia-do-vento-forte-do-levante\/","og_site_name":"Lurdinha - Duque de Caxias para Est\u00f4magos Fortes","article_publisher":"https:\/\/www.facebook.com\/LurdinhadeCaxias","article_published_time":"2011-01-10T02:01:32+00:00","article_modified_time":"2011-02-12T02:31:15+00:00","og_image":[{"width":287,"height":440,"url":"https:\/\/lurdinha.org\/site\/wp-content\/uploads\/solano.jpg","type":"image\/jpeg"}],"author":"Rodrigo Dutra","twitter_card":"summary_large_image","twitter_misc":{"Escrito por":"Rodrigo Dutra","Est. tempo de leitura":"1 minuto"},"schema":{"@context":"https:\/\/schema.org","@graph":[{"@type":"Article","@id":"https:\/\/lurdinha.org\/site\/a-antropofagia-do-vento-forte-do-levante\/#article","isPartOf":{"@id":"https:\/\/lurdinha.org\/site\/a-antropofagia-do-vento-forte-do-levante\/"},"author":{"name":"Rodrigo Dutra","@id":"https:\/\/lurdinha.org\/site\/#\/schema\/person\/70aed0cd160a509d34a1fe569786b148"},"headline":"A Antropofagia do Vento Forte do Levante","datePublished":"2011-01-10T02:01:32+00:00","dateModified":"2011-02-12T02:31:15+00:00","mainEntityOfPage":{"@id":"https:\/\/lurdinha.org\/site\/a-antropofagia-do-vento-forte-do-levante\/"},"wordCount":142,"commentCount":0,"publisher":{"@id":"https:\/\/lurdinha.org\/site\/#organization"},"image":{"@id":"https:\/\/lurdinha.org\/site\/a-antropofagia-do-vento-forte-do-levante\/#primaryimage"},"thumbnailUrl":"http:\/\/lurdinha.org\/site\/wp-content\/uploads\/solano.jpg","keywords":["baixada-fluminense","duque-de-caxias","lurdinha","rodrigo dutra","solano trindade","vento forte do levante"],"articleSection":["gente","hist\u00f3ria"],"inLanguage":"pt-BR","potentialAction":[{"@type":"CommentAction","name":"Comment","target":["https:\/\/lurdinha.org\/site\/a-antropofagia-do-vento-forte-do-levante\/#respond"]}]},{"@type":"WebPage","@id":"https:\/\/lurdinha.org\/site\/a-antropofagia-do-vento-forte-do-levante\/","url":"https:\/\/lurdinha.org\/site\/a-antropofagia-do-vento-forte-do-levante\/","name":"A Antropofagia do Vento Forte do Levante - Lurdinha - Duque de Caxias para Est\u00f4magos Fortes","isPartOf":{"@id":"https:\/\/lurdinha.org\/site\/#website"},"primaryImageOfPage":{"@id":"https:\/\/lurdinha.org\/site\/a-antropofagia-do-vento-forte-do-levante\/#primaryimage"},"image":{"@id":"https:\/\/lurdinha.org\/site\/a-antropofagia-do-vento-forte-do-levante\/#primaryimage"},"thumbnailUrl":"http:\/\/lurdinha.org\/site\/wp-content\/uploads\/solano.jpg","datePublished":"2011-01-10T02:01:32+00:00","dateModified":"2011-02-12T02:31:15+00:00","breadcrumb":{"@id":"https:\/\/lurdinha.org\/site\/a-antropofagia-do-vento-forte-do-levante\/#breadcrumb"},"inLanguage":"pt-BR","potentialAction":[{"@type":"ReadAction","target":["https:\/\/lurdinha.org\/site\/a-antropofagia-do-vento-forte-do-levante\/"]}]},{"@type":"ImageObject","inLanguage":"pt-BR","@id":"https:\/\/lurdinha.org\/site\/a-antropofagia-do-vento-forte-do-levante\/#primaryimage","url":"https:\/\/lurdinha.org\/site\/wp-content\/uploads\/solano.jpg","contentUrl":"https:\/\/lurdinha.org\/site\/wp-content\/uploads\/solano.jpg","width":287,"height":440,"caption":"Solano Trindade"},{"@type":"BreadcrumbList","@id":"https:\/\/lurdinha.org\/site\/a-antropofagia-do-vento-forte-do-levante\/#breadcrumb","itemListElement":[{"@type":"ListItem","position":1,"name":"In\u00edcio","item":"https:\/\/lurdinha.org\/site\/"},{"@type":"ListItem","position":2,"name":"A Antropofagia do Vento Forte do Levante"}]},{"@type":"WebSite","@id":"https:\/\/lurdinha.org\/site\/#website","url":"https:\/\/lurdinha.org\/site\/","name":"Lurdinha - Duque de Caxias para Est\u00f4magos Fortes","description":"Site sobre Arte, Cultura, Pol\u00edtica, Sociedade e curiosidades da cidade de Duque de Caxias, RJ","publisher":{"@id":"https:\/\/lurdinha.org\/site\/#organization"},"alternateName":"Lurdinha","potentialAction":[{"@type":"SearchAction","target":{"@type":"EntryPoint","urlTemplate":"https:\/\/lurdinha.org\/site\/?s={search_term_string}"},"query-input":{"@type":"PropertyValueSpecification","valueRequired":true,"valueName":"search_term_string"}}],"inLanguage":"pt-BR"},{"@type":"Organization","@id":"https:\/\/lurdinha.org\/site\/#organization","name":"Lurdinha de Caxias","url":"https:\/\/lurdinha.org\/site\/","logo":{"@type":"ImageObject","inLanguage":"pt-BR","@id":"https:\/\/lurdinha.org\/site\/#\/schema\/logo\/image\/","url":"https:\/\/lurdinha.org\/site\/wp-content\/uploads\/logo-lurdinha.jpg","contentUrl":"https:\/\/lurdinha.org\/site\/wp-content\/uploads\/logo-lurdinha.jpg","width":640,"height":60,"caption":"Lurdinha de Caxias"},"image":{"@id":"https:\/\/lurdinha.org\/site\/#\/schema\/logo\/image\/"},"sameAs":["https:\/\/www.facebook.com\/LurdinhadeCaxias","https:\/\/www.instagram.com\/lurdinhadecaxias"]},{"@type":"Person","@id":"https:\/\/lurdinha.org\/site\/#\/schema\/person\/70aed0cd160a509d34a1fe569786b148","name":"Rodrigo Dutra","image":{"@type":"ImageObject","inLanguage":"pt-BR","@id":"https:\/\/secure.gravatar.com\/avatar\/b5d0e633c89070d3a2557675f1883bf4c7b819c4a081cc0522a66f14a5d86f7b?s=96&d=mm&r=g","url":"https:\/\/secure.gravatar.com\/avatar\/b5d0e633c89070d3a2557675f1883bf4c7b819c4a081cc0522a66f14a5d86f7b?s=96&d=mm&r=g","contentUrl":"https:\/\/secure.gravatar.com\/avatar\/b5d0e633c89070d3a2557675f1883bf4c7b819c4a081cc0522a66f14a5d86f7b?s=96&d=mm&r=g","caption":"Rodrigo Dutra"},"url":"https:\/\/lurdinha.org\/site\/author\/rodrigodutra\/"}]}},"views":5610,"_links":{"self":[{"href":"https:\/\/lurdinha.org\/site\/wp-json\/wp\/v2\/posts\/123","targetHints":{"allow":["GET"]}}],"collection":[{"href":"https:\/\/lurdinha.org\/site\/wp-json\/wp\/v2\/posts"}],"about":[{"href":"https:\/\/lurdinha.org\/site\/wp-json\/wp\/v2\/types\/post"}],"author":[{"embeddable":true,"href":"https:\/\/lurdinha.org\/site\/wp-json\/wp\/v2\/users\/7"}],"replies":[{"embeddable":true,"href":"https:\/\/lurdinha.org\/site\/wp-json\/wp\/v2\/comments?post=123"}],"version-history":[{"count":3,"href":"https:\/\/lurdinha.org\/site\/wp-json\/wp\/v2\/posts\/123\/revisions"}],"predecessor-version":[{"id":126,"href":"https:\/\/lurdinha.org\/site\/wp-json\/wp\/v2\/posts\/123\/revisions\/126"}],"wp:attachment":[{"href":"https:\/\/lurdinha.org\/site\/wp-json\/wp\/v2\/media?parent=123"}],"wp:term":[{"taxonomy":"category","embeddable":true,"href":"https:\/\/lurdinha.org\/site\/wp-json\/wp\/v2\/categories?post=123"},{"taxonomy":"post_tag","embeddable":true,"href":"https:\/\/lurdinha.org\/site\/wp-json\/wp\/v2\/tags?post=123"}],"curies":[{"name":"wp","href":"https:\/\/api.w.org\/{rel}","templated":true}]}}