{"id":11979,"date":"2025-04-30T20:45:29","date_gmt":"2025-04-30T20:45:29","guid":{"rendered":"https:\/\/lurdinha.org\/site\/?p=11979"},"modified":"2026-03-06T19:39:49","modified_gmt":"2026-03-06T19:39:49","slug":"a-carta-cultural-da-baixada-de-2000-e-o-dia-da-baixada-fluminense","status":"publish","type":"post","link":"https:\/\/lurdinha.org\/site\/a-carta-cultural-da-baixada-de-2000-e-o-dia-da-baixada-fluminense\/","title":{"rendered":"A Carta Cultural da Baixada, de 2000, e o Dia da Baixada Fluminense"},"content":{"rendered":"<p>Pouca gente hoje lembra ou sabe que o <strong>Dia da Baixada Fluminense<\/strong> foi uma iniciativa que veio junto com uma articula\u00e7\u00e3o intensa do come\u00e7o do s\u00e9culo vinte, juntando muita gente e muitas organiza\u00e7\u00f5es em torno da ideia de levantar a bola da regi\u00e3o.<br \/>\nDia desses, no incr\u00edvel servi\u00e7o archive.org encontrei o site do IPAHB (Instituto de Pesquisas e An\u00e1lises Hist\u00f3ricas e de Ci\u00eancias Sociais da Baixada Fluminense), institui\u00e7\u00e3o da qual eu era webmaster, que \u00e9 o cara que produzia e mantinha sites (nem sei se essa atividade ainda existe hehe).<br \/>\nDa\u00ed esbarrei com a Carta Cultural da Baixada Fluminense, de 09 de dezembro de 2000, publicada l\u00e1 no site e trago aqui como um resgate desse documento hist\u00f3rico importante. E aproveitando pra homenagear duas figuras que j\u00e1 se foram e tiveram bastante protagonismo nisso, os professores Paulo Mainhard e G\u00eanesis Torres.<\/p>\n<p><strong>O link do archive:<\/strong> <a href=\"https:\/\/web.archive.org\/web\/20021016182910\/http:\/\/ipahb.com.br\/cartacul.php\" target=\"_blank\" rel=\"noopener\">https:\/\/web.archive.org\/web\/20021016182910\/http:\/\/ipahb.com.br\/cartacul.php<\/a><\/p>\n<p><strong>O texto completo da Carta. A men\u00e7\u00e3o \u00e0 cria\u00e7\u00e3o do dia da Baixada est\u00e1 no final do documento.<\/strong><\/p>\n<p>&#8220;<em>Reuniram-se no dia 09 de dezembro de 2000, no hor\u00e1rio das 09 \u00e0s 17h, no Campus da Faculdade de Educa\u00e7\u00e3o da Baixada Fluminense (UERJ) no Bairro Vila S\u00e3o Lu\u00eds em Duque de Caxias, sob a Coordena\u00e7\u00e3o do PINBA (Programa Integrado de Pesquisas e Coopera\u00e7\u00e3o T\u00e9cnica na Baixada Fluminense) e do IPAHB (Instituto de Pesquisas e An\u00e1lises Hist\u00f3ricas e de Ci\u00eancias Sociais da Baixada Fluminense), com a presen\u00e7a de 78 (setenta e oito) agentes culturais, representando os mais diversos setores do universo cultural da Baixada Fluminense, tais como: Teatro, M\u00fasica, Literatura, Folclore, Artesanato, Imprensa, Pesquisa Social, Ecologia, Artes Pl\u00e1sticas, etc, em torno da chamada inicial &#8220;Quem \u00e9 quem no cen\u00e1rio cultural da Baixada Fluminense&#8221;.<\/em><\/p>\n<p><em>Primeiramente, \u00e9 necess\u00e1rio definir que esta regi\u00e3o hoje \u00e9 composta dos munic\u00edpios de Mag\u00e9, Guapimirim, Duque de Caxias, S\u00e3o Jo\u00e3o de Meriti, Nil\u00f3polis, Belford Roxo, Mesquita, Nova Igua\u00e7u, Queimados, Japeri e Paracambi, que, somados, possuem uma popula\u00e7\u00e3o em torno de quatro milh\u00f5es de habitantes, em um espa\u00e7o aproximado de 4 mil Km2.<\/em><\/p>\n<p><em>Sua hist\u00f3ria liga-se \u00e0 da Cidade do Rio de Janeiro, e esta cresceu e se tornou capital pol\u00edtica, econ\u00f4mica, social, cultural e tur\u00edstica, gra\u00e7as \u00e0 exist\u00eancia de uma grande ba\u00eda e, no seu entorno, de uma grande malha hidrovi\u00e1ria importante no seu passado. A seguir veio a ferrovia e hoje \u00e9 cortada por duas grandes rodovias nacionais: a Presidente Dutra e a Washington Luiz. Mais recentemente foram completadas nos seus acessos pela Linha Vermelha e pela Via Light. Est\u00e1 em curso o projeto da rodovia que ligar\u00e1 pela BR 109 o Porto de Sepetiba, em Itagua\u00ed, a Petr\u00f3polis, a Mag\u00e9, a Teres\u00f3polis e ao restante do pa\u00eds.<\/em><\/p>\n<p><em>O que se visualiza para a Baixada no decorrer do pr\u00f3ximo s\u00e9culo, al\u00e9m do desenvolvimento econ\u00f4mico, \u00e9 sem d\u00favida a melhoria da qualidade de vida, alcan\u00e7ada como fruto das mudan\u00e7as estruturais em n\u00edvel s\u00f3cio-econ\u00f4mico. Inevitavelmente estas melhorias j\u00e1 est\u00e3o trazendo aumento das atividades de lazer, representadas, ainda, nas suas formas massificadas da vida urbana, pelas casas de espet\u00e1culos acopladas \u00e0s casas de gastronomia. Observa-se total falta de infra-estrutura das atividades culturais para oferecer lazer e entretenimento de qualidade.<\/em><\/p>\n<p><em>Com o objetivo de refletir sobre a cultura, v\u00e1rias tentativas foram feitas no decorrer desta d\u00e9cada que ora termina. Por iniciativa do Estado foi motivada a cria\u00e7\u00e3o do F\u00f3rum Estadual de Cultura, em n\u00edvel do Estado e em n\u00edvel Regional. Reuniram-se algumas vezes no in\u00edcio da d\u00e9cada, no entanto, seus resultados foram infrut\u00edferos. O \u00faltimo encontro do Estado com a regi\u00e3o foi em abril de 1999, em Duque de Caxias. Naquele momento foi tirado um documento contemplando os anseios dos v\u00e1rios segmentos reunidos no SESI. Deste encontro nasceu a Carta da Baixada, &#8220;um documento-s\u00edntese&#8221; que reafirmou a convic\u00e7\u00e3o dos participantes no potencial dos artistas, pesquisadores, historiadores e promotores culturais locais, ao mesmo tempo que foram destacadas diversas diretrizes para nortear a formula\u00e7\u00e3o de uma pol\u00edtica cultural para a regi\u00e3o, entre elas:<\/em><\/p>\n<p><em>\u00b7 A cria\u00e7\u00e3o de formas institucionais de interlocu\u00e7\u00e3o entre o poder p\u00fablico e os agentes culturais locais;<\/em><\/p>\n<p><em>\u00b7 A promo\u00e7\u00e3o de a\u00e7\u00f5es que visem \u00e0 qualifica\u00e7\u00e3o profissional desses agentes;<\/em><\/p>\n<p><em>\u00b7 O resgate do patrim\u00f4nio hist\u00f3rico e cultural dos munic\u00edpios que comp\u00f5em a regi\u00e3o.<\/em><\/p>\n<p><em>Em Ato do Secret\u00e1rio de Estado de Cultura, estabelecido pela Resolu\u00e7\u00e3o n\u00ba 010 de 10 de fevereiro de 2000, foram ratificadas as reivindica\u00e7\u00f5es daquele encontro com nomea\u00e7\u00e3o da Comiss\u00e3o Intermunicipal da Baixada, tendo sido os nomes sido publicados em di\u00e1rio oficial no dia 11 de agosto de 2000.<\/em><\/p>\n<p><em>Esta Comiss\u00e3o com prazo de um ano para proceder juntamente com os \u00d3rg\u00e3os T\u00e9cnicos ao levantamento do Patrim\u00f4nio Hist\u00f3rico-cultural, at\u00e9 o presente momento ainda n\u00e3o se reuniu por falta de iniciativa da pr\u00f3pria Secretaria de Cultura. Tememos que seja mais um ato resolutivo, que n\u00e3o passe das inten\u00e7\u00f5es.<\/em><\/p>\n<p><em>Neste sentido, os diversos segmentos culturais, apreensivos quanto aos destinos da cultura na Baixada Fluminense, resolvem reunir-se neste encontro para refletir democraticamente sobre quest\u00f5es pertinentes, buscar sa\u00eddas e encaminhar sugest\u00f5es. Nos grupos foram definidas algumas quest\u00f5es pontuais que v\u00e3o abaixo elencadas:<\/em><\/p>\n<p><em>Considerando:<\/em><\/p>\n<p><em>1. Que o Patrim\u00f4nio Cultural de nosso povo n\u00e3o tem recebido a devida aten\u00e7\u00e3o das autoridades p\u00fablicas, ferindo princ\u00edpios constitucionais;<\/em><\/p>\n<p><em>2. Que a produ\u00e7\u00e3o cultural ora tem sido vista como atividade de lazer, ora como fonte de renda das camadas carentes da popula\u00e7\u00e3o, sem projetos que fa\u00e7am crescer a consci\u00eancia cr\u00edtica sobre a cultura como fator de desenvolvimento de nosso povo;<\/em><\/p>\n<p><em>3. A falta de espa\u00e7os culturais p\u00fablicos adequados ao desenvolvimento de atividades c\u00eanicas, circenses, confer\u00eancias e grandes eventos;<\/em><\/p>\n<p><em>4. Que a cultura tem sido vista pelos segmentos dominantes e elitizados da sociedade como privil\u00e9gio dos mais ricos;<\/em><\/p>\n<p><em>5. Que a cultura \u00e9 um instrumento vivo da realiza\u00e7\u00e3o do cidad\u00e3o como membro de uma comunidade;<\/em><\/p>\n<p><em>6. Que o folclore (dan\u00e7a, folguedos e m\u00fasicas) re\u00fane manifesta\u00e7\u00f5es profundas dos sentimentos dos diversos povos que ocuparam esta regi\u00e3o e que por falta de apoio das diversas Secretarias de Cultura, encontra-se em processo de extin\u00e7\u00e3o;<\/em><\/p>\n<p><em>7. Que o Patrim\u00f4nio Hist\u00f3rico ao longo das \u00faltimas d\u00e9cadas deste s\u00e9culo foi destru\u00eddo sem que houvesse interesse em preserv\u00e1-lo;<\/em><\/p>\n<p><em>8. Que as fontes da hist\u00f3ria, entre elas, a escrita, a fotogr\u00e1fica, a arqueol\u00f3gica, a etnogr\u00e1fica e a antropol\u00f3gica, v\u00eam sofrendo um processo de destrui\u00e7\u00e3o, sem que a elas tenhamos acesso, seja por falta de pesquisa, seja por falta de divulga\u00e7\u00e3o, quer do Poder P\u00fablico ou da iniciativa privada, j\u00e1 que \u00e9 do Estado o dever constitucional de garantir o seu acesso e a sua preserva\u00e7\u00e3o;<\/em><\/p>\n<p><em>9. Que as pol\u00edticas p\u00fablicas em n\u00edvel Federal, Estadual e Municipal, pouco t\u00eam feito no sentido de garantir a preserva\u00e7\u00e3o e o acesso ao pouco que restou;<\/em><\/p>\n<p><em>10. Que n\u00e3o se justificam tais entendimentos, haja vista ser a hist\u00f3ria uma ci\u00eancia importante na forma\u00e7\u00e3o de conte\u00fados para o adequado planejamento e desenvolvimento de projetos, numa Baixada que desponta como regi\u00e3o promissora do Estado com conseq\u00fc\u00eancia do crescimento do espa\u00e7o urbano e econ\u00f4mico e, por que n\u00e3o dizer, de decis\u00e3o pol\u00edtica;<\/em><\/p>\n<p><em>11. Que o grande patrim\u00f4nio natural e ecol\u00f3gico como as serras (Mar, \u00d3rg\u00e3os, Gericin\u00f3 e Medanha), as florestas nativas, os manguezais, os rios, o solo, sofreram ao longo da ocupa\u00e7\u00e3o uma a\u00e7\u00e3o predat\u00f3ria e irrespons\u00e1vel.<\/em><\/p>\n<p><em>Neste sentido propomos:<\/em><\/p>\n<p><em>1. Que o conte\u00fado da hist\u00f3ria, da cultura e da geografia da Baixada seja inclu\u00eddo como conte\u00fado obrigat\u00f3rio nas Escolas do Ensino Fundamental, nas 4\u00aa, 5\u00aa e 6\u00aa s\u00e9ries, em todos os munic\u00edpios da regi\u00e3o. Com este objetivo recomenda-se sejam feita gest\u00f5es junto aos conselhos municipais de educa\u00e7\u00e3o, j\u00e1 em funcionamento, e junto ao Conselho Estadual de Educa\u00e7\u00e3o;<\/em><\/p>\n<p><em>2. Implanta\u00e7\u00e3o, com car\u00e1ter deliberativo, do Conselho Municipal de Cultura em cada Munic\u00edpio;<\/em><\/p>\n<p><em>3. Desmembrar a Cultura da Educa\u00e7\u00e3o, dando status de Secretaria, nos munic\u00edpios em que ainda n\u00e3o foram desmembradas;<\/em><\/p>\n<p><em>4. Cria\u00e7\u00e3o do Curso de Produ\u00e7\u00e3o Cultural, de prefer\u00eancia em n\u00edvel superior (extens\u00e3o, gradua\u00e7\u00e3o ou p\u00f3s-gradua\u00e7\u00e3o);<\/em><\/p>\n<p><em>5. Assento no Conselho Estadual de Cultura de dois membros da Baixada Fluminense, sendo um institucional e outro da comunidade;<\/em><\/p>\n<p><em>6. Que seja procedido em cada munic\u00edpio o levantamento hist\u00f3rico, cultural e patrimonial, dentro de um processo de tombamento e conserva\u00e7\u00e3o;<\/em><\/p>\n<p><em>7. Que seja criada em cada munic\u00edpio Comiss\u00e3o com o objetivo de levantamento, tombamento e preserva\u00e7\u00e3o do Patrim\u00f4nio Hist\u00f3rico e Cultural, incentivando a iniciativa privada a participar deste processo, visando a desenvolver o turismo hist\u00f3rico na regi\u00e3o.<\/em><\/p>\n<p><em>8. Em car\u00e1ter de urg\u00eancia sejam destinadas verbas para recupera\u00e7\u00e3o dos seguintes Patrim\u00f4nios Hist\u00f3ricos Arquitet\u00f4nicos, que se acham em estado prec\u00e1rio:<\/em><\/p>\n<p><em>\u00b7 Torre Sineira da Igreja de N. S. da Piedade Iguass\u00fa, em N.Igua\u00e7u;<\/em><\/p>\n<p><em>\u00b7 Fazenda S\u00e3o Bento, em Duque de Caxias;<\/em><\/p>\n<p><em>\u00b7 Igreja de Nossa Senhora da Piedade de Inhomirim, em Mag\u00e9;<\/em><\/p>\n<p><em>\u00b7 Esta\u00e7\u00e3o Ferrovi\u00e1ria de Guia de Pacopa\u00edba, em Mag\u00e9;<\/em><\/p>\n<p><em>\u00b7 Casa da Grota, em S\u00e3o Jo\u00e3o de Meriti;<\/em><\/p>\n<p><em>\u00b7 Fazenda do Brejo, em Belford Roxo;<\/em><\/p>\n<p><em>\u00b7 Fazenda S\u00e3o Bernardino, em Nova Igua\u00e7u;<\/em><\/p>\n<p><em>\u00b7 Igreja do Pilar, em Duque de Caxias;<\/em><\/p>\n<p><em>9. Que seja criada na Secretaria de Desenvolvimento da Baixada um Departamento de Patrim\u00f4nio Hist\u00f3rico, com vistas ao Centro de Refer\u00eancia Hist\u00f3rica ou mesmo ao Museu da Baixada, que seja din\u00e2mico, capaz de produzir todo o referencial de cidadania \u00e0queles que aqui se fixaram ao longo dos s\u00e9culos (Portugueses, Espanh\u00f3is, Italianos, Alem\u00e3es, Judeus, \u00c1rabes, S\u00edrio Libaneses, Japoneses, Afros e Ind\u00edgenas e outros, al\u00e9m de gente de todas as regi\u00f5es do Brasil).<\/em><\/p>\n<p><em>10. Que sejam feitas pelas Prefeituras da regi\u00e3o campanhas de doa\u00e7\u00f5es para forma\u00e7\u00e3o do acervo hist\u00f3rico, nas suas diversas fontes. Assim tamb\u00e9m, campanhas educativas de preserva\u00e7\u00e3o do Patrim\u00f4nio Hist\u00f3rico nas Escolas e na Sociedade.<\/em><\/p>\n<p><em>11. Cria\u00e7\u00e3o de uma Biblioteca P\u00fablica de porte em cada munic\u00edpio da Baixada, de f\u00e1cil acesso a todos os mun\u00edcipes;<\/em><\/p>\n<p><em>12. Fortalecimento nos munic\u00edpios das feiras e dos espa\u00e7os dedicados ao artesanato como fonte de produ\u00e7\u00e3o cultural;<\/em><\/p>\n<p><em>13. Cria\u00e7\u00e3o no \u00e2mbito das Secretarias de Cultura de um Departamento dedicado ao Folclore Nacional e Regional, com interc\u00e2mbio entre os diversos grupos da Regi\u00e3o e dos demais Estados da Federa\u00e7\u00e3o;<\/em><\/p>\n<p><em>14. Que as Prefeituras dos Munic\u00edpios e Cidades da Baixada garantam efetivamente nas dota\u00e7\u00f5es or\u00e7ament\u00e1rias um percentual m\u00ednimo de 3% para o desenvolvimento de Projetos Culturais, e que os mesmos sejam definidos pelas comunidades;<\/em><\/p>\n<p><em>15. Cria\u00e7\u00e3o do Cons\u00f3rcio Intermunicipal de Cultura, entre munic\u00edpios que possuem identidade geogr\u00e1fica e de comunica\u00e7\u00e3o, que facilite os acessos, objetivando a cria\u00e7\u00e3o de multiespa\u00e7os culturais, visando ao desenvolvimento de megaprojetos;<\/em><\/p>\n<p><em>16. Que as Universidades e Faculdades da Baixada motivem os seus alunos dos cursos de gradua\u00e7\u00e3o e p\u00f3s-gradua\u00e7\u00e3o e nas diferentes \u00e1reas de conhecimento, a pesquisarem sobre a realidade da Baixada;<\/em><\/p>\n<p><em>17. Que o setor p\u00fablico efetive concretamente o seu apoio na produ\u00e7\u00e3o liter\u00e1ria e cient\u00edfica;<\/em><\/p>\n<p><em>18. Que seja incentivado o setor privado a apoiar as atividades de car\u00e1ter cultural;<\/em><\/p>\n<p><em>19. Conscientiza\u00e7\u00e3o do 3\u00ba setor (das ONGs) no sentido de desenvolver projetos independentes do setor p\u00fablico, entendendo-se que a cultura n\u00e3o pode esperar somente do Poder P\u00fablico, ou a ele ficar atrelada;<\/em><\/p>\n<p><em>20. Cria\u00e7\u00e3o, nos munic\u00edpios, de leis que venham a incentivar a cultura;<\/em><\/p>\n<p><strong><em>21. Que a data de 30 de Abril de cada ano seja comemorada como o dia da BAIXADA FLUMINENSE.<\/em><\/strong><\/p>\n<p><em>Justificativa:<\/em><\/p>\n<p><em>Esta data refere-se \u00e0 inaugura\u00e7\u00e3o da primeira estrada de ferro constru\u00edda no Brasil, que ligava o porto de Mau\u00e1 &#8211; Esta\u00e7\u00e3o da Guia de Pacopa\u00edba \u00e0 regi\u00e3o de Fragoso. A estrada de Ferro tornou-se um marco hist\u00f3rico da ocupa\u00e7\u00e3o urbana, dando um novo perfil na ocupa\u00e7\u00e3o do solo. Foi o fim dos portos fluviais, da navega\u00e7\u00e3o pelos rios e dos caminhos de tropeiros.<\/em><\/p>\n<p><em>Dentro dos considerandos e propostas aqui apresentadas e relacionadas, as entidades, grupos e pessoas que produzem, divulgam e promovem todas as formas de cultura na regi\u00e3o, que participaram do encontro (conforme livro de presen\u00e7a \u00e0 disposi\u00e7\u00e3o dos interessados), colocam-se ao inteiro dispor das Prefeituras e demais \u00f3rg\u00e3os Estaduais e Federais, para colaborar na produ\u00e7\u00e3o, divulga\u00e7\u00e3o e preserva\u00e7\u00e3o do Patrim\u00f4nio Hist\u00f3rico e Cultural da Baixada Fluminense. Acreditamos acima de tudo em nossas potencialidades.<\/em><\/p>\n<p><em>FEBF, Duque de Caxias, 09 de Dezembro de 2000.<\/em><\/p>\n<p><em>Pela Coordena\u00e7\u00e3o do Encontro,<\/em><\/p>\n<p><em>Paulo Christiano Mainhard<br \/>\n<\/em><em>Coordenador do PINBA<\/em><\/p>\n<p><em>G\u00eanesis Pereira Torres<br \/>\n<\/em><em>Presidente do IPAHB<\/em> &#8221;<\/p>\n<p>&#8211;<\/p>\n<p><strong>Link b\u00f4nus:<\/strong><br \/>\nEncontro cultural em homenagem \u00e0 Baixada Fluminense<br \/>\nF\u00d3RUM CULTURAL DA BAIXADA FLUMINENSE DEFESA PERMANENTE DOS VALORES CULTURAIS<br \/>\n<a href=\"https:\/\/web.archive.org\/web\/20021123081848\/http:\/\/baixadaon.com\/noticias\/baixada_cultural_0108.php\" target=\"_blank\" rel=\"noopener\"><em>https:\/\/web.archive.org\/web\/20021123081848\/http:\/\/baixadaon.com\/noticias\/baixada_cultural_0108.php<\/em><\/a><\/p>\n","protected":false},"excerpt":{"rendered":"<p>Pouca gente hoje lembra ou sabe que o Dia da Baixada Fluminense foi uma iniciativa&#8230;<\/p>\n","protected":false},"author":2,"featured_media":11990,"comment_status":"open","ping_status":"closed","sticky":false,"template":"","format":"standard","meta":{"footnotes":""},"categories":[9],"tags":[12,1435,710,11,1436],"class_list":["post-11979","post","type-post","status-publish","format-standard","has-post-thumbnail","hentry","category-historia","tag-baixada-fluminense","tag-carta-cultural-da-baixada","tag-cultura-em-caxias","tag-duque-de-caxias","tag-pinba"],"yoast_head":"<!-- This site is optimized with the Yoast SEO plugin v27.5 - https:\/\/yoast.com\/product\/yoast-seo-wordpress\/ -->\n<title>A Carta Cultural da Baixada, de 2000, e o Dia da Baixada Fluminense - Lurdinha - Duque de Caxias para Est\u00f4magos Fortes<\/title>\n<meta name=\"robots\" content=\"index, follow, max-snippet:-1, max-image-preview:large, max-video-preview:-1\" \/>\n<link rel=\"canonical\" href=\"https:\/\/lurdinha.org\/site\/a-carta-cultural-da-baixada-de-2000-e-o-dia-da-baixada-fluminense\/\" \/>\n<meta property=\"og:locale\" content=\"pt_BR\" \/>\n<meta property=\"og:type\" content=\"article\" \/>\n<meta property=\"og:title\" content=\"A Carta Cultural da Baixada, de 2000, e o Dia da Baixada Fluminense - Lurdinha - Duque de Caxias para Est\u00f4magos Fortes\" \/>\n<meta property=\"og:description\" content=\"Pouca gente hoje lembra ou sabe que o Dia da Baixada Fluminense foi uma iniciativa...\" \/>\n<meta property=\"og:url\" content=\"https:\/\/lurdinha.org\/site\/a-carta-cultural-da-baixada-de-2000-e-o-dia-da-baixada-fluminense\/\" \/>\n<meta property=\"og:site_name\" content=\"Lurdinha - Duque de Caxias para Est\u00f4magos Fortes\" \/>\n<meta property=\"article:publisher\" content=\"https:\/\/www.facebook.com\/LurdinhadeCaxias\" \/>\n<meta property=\"article:author\" content=\"botocudo\" \/>\n<meta property=\"article:published_time\" content=\"2025-04-30T20:45:29+00:00\" \/>\n<meta property=\"article:modified_time\" content=\"2026-03-06T19:39:49+00:00\" \/>\n<meta property=\"og:image\" content=\"https:\/\/lurdinha.org\/site\/wp-content\/uploads\/cartacultura-da-Baixada.jpg\" \/>\n\t<meta property=\"og:image:width\" content=\"647\" \/>\n\t<meta property=\"og:image:height\" content=\"744\" \/>\n\t<meta property=\"og:image:type\" content=\"image\/jpeg\" \/>\n<meta name=\"author\" content=\"heraldo hb\" \/>\n<meta name=\"twitter:card\" content=\"summary_large_image\" \/>\n<meta name=\"twitter:label1\" content=\"Escrito por\" \/>\n\t<meta name=\"twitter:data1\" content=\"heraldo hb\" \/>\n\t<meta name=\"twitter:label2\" content=\"Est. tempo de leitura\" \/>\n\t<meta name=\"twitter:data2\" content=\"11 minutos\" \/>\n<script type=\"application\/ld+json\" class=\"yoast-schema-graph\">{\"@context\":\"https:\\\/\\\/schema.org\",\"@graph\":[{\"@type\":\"Article\",\"@id\":\"https:\\\/\\\/lurdinha.org\\\/site\\\/a-carta-cultural-da-baixada-de-2000-e-o-dia-da-baixada-fluminense\\\/#article\",\"isPartOf\":{\"@id\":\"https:\\\/\\\/lurdinha.org\\\/site\\\/a-carta-cultural-da-baixada-de-2000-e-o-dia-da-baixada-fluminense\\\/\"},\"author\":{\"name\":\"heraldo hb\",\"@id\":\"https:\\\/\\\/lurdinha.org\\\/site\\\/#\\\/schema\\\/person\\\/b833bb6a7f82598bf0e95e4c30874251\"},\"headline\":\"A Carta Cultural da Baixada, de 2000, e o Dia da Baixada Fluminense\",\"datePublished\":\"2025-04-30T20:45:29+00:00\",\"dateModified\":\"2026-03-06T19:39:49+00:00\",\"mainEntityOfPage\":{\"@id\":\"https:\\\/\\\/lurdinha.org\\\/site\\\/a-carta-cultural-da-baixada-de-2000-e-o-dia-da-baixada-fluminense\\\/\"},\"wordCount\":2257,\"commentCount\":0,\"publisher\":{\"@id\":\"https:\\\/\\\/lurdinha.org\\\/site\\\/#organization\"},\"image\":{\"@id\":\"https:\\\/\\\/lurdinha.org\\\/site\\\/a-carta-cultural-da-baixada-de-2000-e-o-dia-da-baixada-fluminense\\\/#primaryimage\"},\"thumbnailUrl\":\"https:\\\/\\\/lurdinha.org\\\/site\\\/wp-content\\\/uploads\\\/cartacultura-da-Baixada.jpg\",\"keywords\":[\"baixada-fluminense\",\"carta cultural da baixada\",\"cultura em caxias\",\"duque-de-caxias\",\"pinba\"],\"articleSection\":[\"hist\u00f3ria\"],\"inLanguage\":\"pt-BR\",\"potentialAction\":[{\"@type\":\"CommentAction\",\"name\":\"Comment\",\"target\":[\"https:\\\/\\\/lurdinha.org\\\/site\\\/a-carta-cultural-da-baixada-de-2000-e-o-dia-da-baixada-fluminense\\\/#respond\"]}]},{\"@type\":\"WebPage\",\"@id\":\"https:\\\/\\\/lurdinha.org\\\/site\\\/a-carta-cultural-da-baixada-de-2000-e-o-dia-da-baixada-fluminense\\\/\",\"url\":\"https:\\\/\\\/lurdinha.org\\\/site\\\/a-carta-cultural-da-baixada-de-2000-e-o-dia-da-baixada-fluminense\\\/\",\"name\":\"A Carta Cultural da Baixada, de 2000, e o Dia da Baixada Fluminense - Lurdinha - Duque de Caxias para Est\u00f4magos Fortes\",\"isPartOf\":{\"@id\":\"https:\\\/\\\/lurdinha.org\\\/site\\\/#website\"},\"primaryImageOfPage\":{\"@id\":\"https:\\\/\\\/lurdinha.org\\\/site\\\/a-carta-cultural-da-baixada-de-2000-e-o-dia-da-baixada-fluminense\\\/#primaryimage\"},\"image\":{\"@id\":\"https:\\\/\\\/lurdinha.org\\\/site\\\/a-carta-cultural-da-baixada-de-2000-e-o-dia-da-baixada-fluminense\\\/#primaryimage\"},\"thumbnailUrl\":\"https:\\\/\\\/lurdinha.org\\\/site\\\/wp-content\\\/uploads\\\/cartacultura-da-Baixada.jpg\",\"datePublished\":\"2025-04-30T20:45:29+00:00\",\"dateModified\":\"2026-03-06T19:39:49+00:00\",\"breadcrumb\":{\"@id\":\"https:\\\/\\\/lurdinha.org\\\/site\\\/a-carta-cultural-da-baixada-de-2000-e-o-dia-da-baixada-fluminense\\\/#breadcrumb\"},\"inLanguage\":\"pt-BR\",\"potentialAction\":[{\"@type\":\"ReadAction\",\"target\":[\"https:\\\/\\\/lurdinha.org\\\/site\\\/a-carta-cultural-da-baixada-de-2000-e-o-dia-da-baixada-fluminense\\\/\"]}]},{\"@type\":\"ImageObject\",\"inLanguage\":\"pt-BR\",\"@id\":\"https:\\\/\\\/lurdinha.org\\\/site\\\/a-carta-cultural-da-baixada-de-2000-e-o-dia-da-baixada-fluminense\\\/#primaryimage\",\"url\":\"https:\\\/\\\/lurdinha.org\\\/site\\\/wp-content\\\/uploads\\\/cartacultura-da-Baixada.jpg\",\"contentUrl\":\"https:\\\/\\\/lurdinha.org\\\/site\\\/wp-content\\\/uploads\\\/cartacultura-da-Baixada.jpg\",\"width\":647,\"height\":744},{\"@type\":\"BreadcrumbList\",\"@id\":\"https:\\\/\\\/lurdinha.org\\\/site\\\/a-carta-cultural-da-baixada-de-2000-e-o-dia-da-baixada-fluminense\\\/#breadcrumb\",\"itemListElement\":[{\"@type\":\"ListItem\",\"position\":1,\"name\":\"In\u00edcio\",\"item\":\"https:\\\/\\\/lurdinha.org\\\/site\\\/\"},{\"@type\":\"ListItem\",\"position\":2,\"name\":\"A Carta Cultural da Baixada, de 2000, e o Dia da Baixada Fluminense\"}]},{\"@type\":\"WebSite\",\"@id\":\"https:\\\/\\\/lurdinha.org\\\/site\\\/#website\",\"url\":\"https:\\\/\\\/lurdinha.org\\\/site\\\/\",\"name\":\"Lurdinha - Duque de Caxias para Est\u00f4magos Fortes\",\"description\":\"Site sobre Arte, Cultura, Pol\u00edtica, Sociedade e curiosidades da cidade de Duque de Caxias, RJ\",\"publisher\":{\"@id\":\"https:\\\/\\\/lurdinha.org\\\/site\\\/#organization\"},\"alternateName\":\"Lurdinha\",\"potentialAction\":[{\"@type\":\"SearchAction\",\"target\":{\"@type\":\"EntryPoint\",\"urlTemplate\":\"https:\\\/\\\/lurdinha.org\\\/site\\\/?s={search_term_string}\"},\"query-input\":{\"@type\":\"PropertyValueSpecification\",\"valueRequired\":true,\"valueName\":\"search_term_string\"}}],\"inLanguage\":\"pt-BR\"},{\"@type\":\"Organization\",\"@id\":\"https:\\\/\\\/lurdinha.org\\\/site\\\/#organization\",\"name\":\"Lurdinha de Caxias\",\"url\":\"https:\\\/\\\/lurdinha.org\\\/site\\\/\",\"logo\":{\"@type\":\"ImageObject\",\"inLanguage\":\"pt-BR\",\"@id\":\"https:\\\/\\\/lurdinha.org\\\/site\\\/#\\\/schema\\\/logo\\\/image\\\/\",\"url\":\"https:\\\/\\\/lurdinha.org\\\/site\\\/wp-content\\\/uploads\\\/logo-lurdinha.jpg\",\"contentUrl\":\"https:\\\/\\\/lurdinha.org\\\/site\\\/wp-content\\\/uploads\\\/logo-lurdinha.jpg\",\"width\":640,\"height\":60,\"caption\":\"Lurdinha de Caxias\"},\"image\":{\"@id\":\"https:\\\/\\\/lurdinha.org\\\/site\\\/#\\\/schema\\\/logo\\\/image\\\/\"},\"sameAs\":[\"https:\\\/\\\/www.facebook.com\\\/LurdinhadeCaxias\",\"https:\\\/\\\/www.instagram.com\\\/lurdinhadecaxias\"]},{\"@type\":\"Person\",\"@id\":\"https:\\\/\\\/lurdinha.org\\\/site\\\/#\\\/schema\\\/person\\\/b833bb6a7f82598bf0e95e4c30874251\",\"name\":\"heraldo hb\",\"image\":{\"@type\":\"ImageObject\",\"inLanguage\":\"pt-BR\",\"@id\":\"https:\\\/\\\/secure.gravatar.com\\\/avatar\\\/5de9fe99c72cb6885bbdaa24b1c5738b0f673d265de18720fae7463d5f47b48d?s=96&d=mm&r=g\",\"url\":\"https:\\\/\\\/secure.gravatar.com\\\/avatar\\\/5de9fe99c72cb6885bbdaa24b1c5738b0f673d265de18720fae7463d5f47b48d?s=96&d=mm&r=g\",\"contentUrl\":\"https:\\\/\\\/secure.gravatar.com\\\/avatar\\\/5de9fe99c72cb6885bbdaa24b1c5738b0f673d265de18720fae7463d5f47b48d?s=96&d=mm&r=g\",\"caption\":\"heraldo hb\"},\"description\":\"Cineasta, animador cultural, escritor e educador nascido no s\u00e9culo XX\",\"sameAs\":[\"http:\\\/\\\/wwww.relinkare.org\",\"botocudo\",\"heraldohb\",\"relinkare\"],\"url\":\"https:\\\/\\\/lurdinha.org\\\/site\\\/author\\\/heraldohb\\\/\"}]}<\/script>\n<!-- \/ Yoast SEO plugin. -->","yoast_head_json":{"title":"A Carta Cultural da Baixada, de 2000, e o Dia da Baixada Fluminense - Lurdinha - Duque de Caxias para Est\u00f4magos Fortes","robots":{"index":"index","follow":"follow","max-snippet":"max-snippet:-1","max-image-preview":"max-image-preview:large","max-video-preview":"max-video-preview:-1"},"canonical":"https:\/\/lurdinha.org\/site\/a-carta-cultural-da-baixada-de-2000-e-o-dia-da-baixada-fluminense\/","og_locale":"pt_BR","og_type":"article","og_title":"A Carta Cultural da Baixada, de 2000, e o Dia da Baixada Fluminense - Lurdinha - Duque de Caxias para Est\u00f4magos Fortes","og_description":"Pouca gente hoje lembra ou sabe que o Dia da Baixada Fluminense foi uma iniciativa...","og_url":"https:\/\/lurdinha.org\/site\/a-carta-cultural-da-baixada-de-2000-e-o-dia-da-baixada-fluminense\/","og_site_name":"Lurdinha - Duque de Caxias para Est\u00f4magos Fortes","article_publisher":"https:\/\/www.facebook.com\/LurdinhadeCaxias","article_author":"botocudo","article_published_time":"2025-04-30T20:45:29+00:00","article_modified_time":"2026-03-06T19:39:49+00:00","og_image":[{"width":647,"height":744,"url":"https:\/\/lurdinha.org\/site\/wp-content\/uploads\/cartacultura-da-Baixada.jpg","type":"image\/jpeg"}],"author":"heraldo hb","twitter_card":"summary_large_image","twitter_misc":{"Escrito por":"heraldo hb","Est. tempo de leitura":"11 minutos"},"schema":{"@context":"https:\/\/schema.org","@graph":[{"@type":"Article","@id":"https:\/\/lurdinha.org\/site\/a-carta-cultural-da-baixada-de-2000-e-o-dia-da-baixada-fluminense\/#article","isPartOf":{"@id":"https:\/\/lurdinha.org\/site\/a-carta-cultural-da-baixada-de-2000-e-o-dia-da-baixada-fluminense\/"},"author":{"name":"heraldo hb","@id":"https:\/\/lurdinha.org\/site\/#\/schema\/person\/b833bb6a7f82598bf0e95e4c30874251"},"headline":"A Carta Cultural da Baixada, de 2000, e o Dia da Baixada Fluminense","datePublished":"2025-04-30T20:45:29+00:00","dateModified":"2026-03-06T19:39:49+00:00","mainEntityOfPage":{"@id":"https:\/\/lurdinha.org\/site\/a-carta-cultural-da-baixada-de-2000-e-o-dia-da-baixada-fluminense\/"},"wordCount":2257,"commentCount":0,"publisher":{"@id":"https:\/\/lurdinha.org\/site\/#organization"},"image":{"@id":"https:\/\/lurdinha.org\/site\/a-carta-cultural-da-baixada-de-2000-e-o-dia-da-baixada-fluminense\/#primaryimage"},"thumbnailUrl":"https:\/\/lurdinha.org\/site\/wp-content\/uploads\/cartacultura-da-Baixada.jpg","keywords":["baixada-fluminense","carta cultural da baixada","cultura em caxias","duque-de-caxias","pinba"],"articleSection":["hist\u00f3ria"],"inLanguage":"pt-BR","potentialAction":[{"@type":"CommentAction","name":"Comment","target":["https:\/\/lurdinha.org\/site\/a-carta-cultural-da-baixada-de-2000-e-o-dia-da-baixada-fluminense\/#respond"]}]},{"@type":"WebPage","@id":"https:\/\/lurdinha.org\/site\/a-carta-cultural-da-baixada-de-2000-e-o-dia-da-baixada-fluminense\/","url":"https:\/\/lurdinha.org\/site\/a-carta-cultural-da-baixada-de-2000-e-o-dia-da-baixada-fluminense\/","name":"A Carta Cultural da Baixada, de 2000, e o Dia da Baixada Fluminense - Lurdinha - Duque de Caxias para Est\u00f4magos Fortes","isPartOf":{"@id":"https:\/\/lurdinha.org\/site\/#website"},"primaryImageOfPage":{"@id":"https:\/\/lurdinha.org\/site\/a-carta-cultural-da-baixada-de-2000-e-o-dia-da-baixada-fluminense\/#primaryimage"},"image":{"@id":"https:\/\/lurdinha.org\/site\/a-carta-cultural-da-baixada-de-2000-e-o-dia-da-baixada-fluminense\/#primaryimage"},"thumbnailUrl":"https:\/\/lurdinha.org\/site\/wp-content\/uploads\/cartacultura-da-Baixada.jpg","datePublished":"2025-04-30T20:45:29+00:00","dateModified":"2026-03-06T19:39:49+00:00","breadcrumb":{"@id":"https:\/\/lurdinha.org\/site\/a-carta-cultural-da-baixada-de-2000-e-o-dia-da-baixada-fluminense\/#breadcrumb"},"inLanguage":"pt-BR","potentialAction":[{"@type":"ReadAction","target":["https:\/\/lurdinha.org\/site\/a-carta-cultural-da-baixada-de-2000-e-o-dia-da-baixada-fluminense\/"]}]},{"@type":"ImageObject","inLanguage":"pt-BR","@id":"https:\/\/lurdinha.org\/site\/a-carta-cultural-da-baixada-de-2000-e-o-dia-da-baixada-fluminense\/#primaryimage","url":"https:\/\/lurdinha.org\/site\/wp-content\/uploads\/cartacultura-da-Baixada.jpg","contentUrl":"https:\/\/lurdinha.org\/site\/wp-content\/uploads\/cartacultura-da-Baixada.jpg","width":647,"height":744},{"@type":"BreadcrumbList","@id":"https:\/\/lurdinha.org\/site\/a-carta-cultural-da-baixada-de-2000-e-o-dia-da-baixada-fluminense\/#breadcrumb","itemListElement":[{"@type":"ListItem","position":1,"name":"In\u00edcio","item":"https:\/\/lurdinha.org\/site\/"},{"@type":"ListItem","position":2,"name":"A Carta Cultural da Baixada, de 2000, e o Dia da Baixada Fluminense"}]},{"@type":"WebSite","@id":"https:\/\/lurdinha.org\/site\/#website","url":"https:\/\/lurdinha.org\/site\/","name":"Lurdinha - Duque de Caxias para Est\u00f4magos Fortes","description":"Site sobre Arte, Cultura, Pol\u00edtica, Sociedade e curiosidades da cidade de Duque de Caxias, RJ","publisher":{"@id":"https:\/\/lurdinha.org\/site\/#organization"},"alternateName":"Lurdinha","potentialAction":[{"@type":"SearchAction","target":{"@type":"EntryPoint","urlTemplate":"https:\/\/lurdinha.org\/site\/?s={search_term_string}"},"query-input":{"@type":"PropertyValueSpecification","valueRequired":true,"valueName":"search_term_string"}}],"inLanguage":"pt-BR"},{"@type":"Organization","@id":"https:\/\/lurdinha.org\/site\/#organization","name":"Lurdinha de Caxias","url":"https:\/\/lurdinha.org\/site\/","logo":{"@type":"ImageObject","inLanguage":"pt-BR","@id":"https:\/\/lurdinha.org\/site\/#\/schema\/logo\/image\/","url":"https:\/\/lurdinha.org\/site\/wp-content\/uploads\/logo-lurdinha.jpg","contentUrl":"https:\/\/lurdinha.org\/site\/wp-content\/uploads\/logo-lurdinha.jpg","width":640,"height":60,"caption":"Lurdinha de Caxias"},"image":{"@id":"https:\/\/lurdinha.org\/site\/#\/schema\/logo\/image\/"},"sameAs":["https:\/\/www.facebook.com\/LurdinhadeCaxias","https:\/\/www.instagram.com\/lurdinhadecaxias"]},{"@type":"Person","@id":"https:\/\/lurdinha.org\/site\/#\/schema\/person\/b833bb6a7f82598bf0e95e4c30874251","name":"heraldo hb","image":{"@type":"ImageObject","inLanguage":"pt-BR","@id":"https:\/\/secure.gravatar.com\/avatar\/5de9fe99c72cb6885bbdaa24b1c5738b0f673d265de18720fae7463d5f47b48d?s=96&d=mm&r=g","url":"https:\/\/secure.gravatar.com\/avatar\/5de9fe99c72cb6885bbdaa24b1c5738b0f673d265de18720fae7463d5f47b48d?s=96&d=mm&r=g","contentUrl":"https:\/\/secure.gravatar.com\/avatar\/5de9fe99c72cb6885bbdaa24b1c5738b0f673d265de18720fae7463d5f47b48d?s=96&d=mm&r=g","caption":"heraldo hb"},"description":"Cineasta, animador cultural, escritor e educador nascido no s\u00e9culo XX","sameAs":["http:\/\/wwww.relinkare.org","botocudo","heraldohb","relinkare"],"url":"https:\/\/lurdinha.org\/site\/author\/heraldohb\/"}]}},"views":500,"_links":{"self":[{"href":"https:\/\/lurdinha.org\/site\/wp-json\/wp\/v2\/posts\/11979","targetHints":{"allow":["GET"]}}],"collection":[{"href":"https:\/\/lurdinha.org\/site\/wp-json\/wp\/v2\/posts"}],"about":[{"href":"https:\/\/lurdinha.org\/site\/wp-json\/wp\/v2\/types\/post"}],"author":[{"embeddable":true,"href":"https:\/\/lurdinha.org\/site\/wp-json\/wp\/v2\/users\/2"}],"replies":[{"embeddable":true,"href":"https:\/\/lurdinha.org\/site\/wp-json\/wp\/v2\/comments?post=11979"}],"version-history":[{"count":6,"href":"https:\/\/lurdinha.org\/site\/wp-json\/wp\/v2\/posts\/11979\/revisions"}],"predecessor-version":[{"id":11995,"href":"https:\/\/lurdinha.org\/site\/wp-json\/wp\/v2\/posts\/11979\/revisions\/11995"}],"wp:featuredmedia":[{"embeddable":true,"href":"https:\/\/lurdinha.org\/site\/wp-json\/wp\/v2\/media\/11990"}],"wp:attachment":[{"href":"https:\/\/lurdinha.org\/site\/wp-json\/wp\/v2\/media?parent=11979"}],"wp:term":[{"taxonomy":"category","embeddable":true,"href":"https:\/\/lurdinha.org\/site\/wp-json\/wp\/v2\/categories?post=11979"},{"taxonomy":"post_tag","embeddable":true,"href":"https:\/\/lurdinha.org\/site\/wp-json\/wp\/v2\/tags?post=11979"}],"curies":[{"name":"wp","href":"https:\/\/api.w.org\/{rel}","templated":true}]}}