{"id":11968,"date":"2025-04-30T18:50:03","date_gmt":"2025-04-30T18:50:03","guid":{"rendered":"https:\/\/lurdinha.org\/site\/?p=11968"},"modified":"2026-03-06T19:40:16","modified_gmt":"2026-03-06T19:40:16","slug":"nas-aguas-do-sarapui","status":"publish","type":"post","link":"https:\/\/lurdinha.org\/site\/nas-aguas-do-sarapui\/","title":{"rendered":"Nas \u00c1guas do Sarapu\u00ed, precisando de mais verde"},"content":{"rendered":"<p>\u00c0s v\u00e9speras de celebrar seus 82 anos de emancipa\u00e7\u00e3o pol\u00edtica, atrav\u00e9s do Decreto Lei 1.055, de 31 de dezembro de 1943, o munic\u00edpio Duque de Caxias, que abriga atualmente quase um milh\u00e3o de habitantes, al\u00e9m de possuir ra\u00edzes de uma fabulosa e encantadora diversidade cultural e de f\u00e1cil acesso pelas vias federais, tem ainda o privil\u00e9gio \u00fanico de ser a sede matriz da primeira refinaria de petr\u00f3leo do Brasil, a REDUC.<\/p>\n<p>Este importante munic\u00edpio, no contexto nacional, tem todos os atributos para ser orgulhosamente, destaque no \u00e2mbito da preserva\u00e7\u00e3o ambiental, bem como de a\u00e7\u00f5es efetivas que mostrem o munic\u00edpio sendo refer\u00eancia nos cuidados de sua pr\u00f3pria casa, rumo ao Desenvolvimento Sustent\u00e1vel, previsto com \u00eanfase mais recentemente, na Agenda Global 2030. No entanto, infelizmente por aqui n\u00e3o temos nada de boas not\u00edcias neste quesito.<\/p>\n<p>A degrada\u00e7\u00e3o ambiental nesta regi\u00e3o, \u00e9 um fato doloroso de se ver presencialmente e muito triste, em raz\u00e3o do descaso e da inoper\u00e2ncia quase que generalizada dos nossos \u00f3rg\u00e3os competentes, digo, das nossas autoridades chamadas competentes, compeendendo-se, especialmente, agentes do Legislativo e do Executivo.<\/p>\n<p>Meu Deus, eu j\u00e1 n\u00e3o diria incompet\u00eancia, ou falta de gest\u00e3o especializada, mas sim, eu diria, respeitosamente, muita ingratid\u00e3o dessa gente importante que nos representa nos poderes legalmente constitu\u00eddos! Sim, ingratid\u00e3o para com a m\u00e3e natureza.<\/p>\n<p>Rios todos assoreados, aus\u00eancia total de programas de arboriza\u00e7\u00e3o urbana, inexist\u00eancia de uma engenharia de mobilidade urbana atuando com presteza e efici\u00eancia, etc. Um caos. Entre os rios abandonados, o Sarapu\u00ed parece ser o que mais d\u00f3i nosso cora\u00e7\u00e3o assistir a imund\u00edcie de lixo, um misto de deseduca\u00e7\u00e3o da popula\u00e7\u00e3o e de inger\u00eancia governamental.<\/p>\n<p>APELO AO EXECUTIVO MUNICIPAL, URGENTE<\/p>\n<p>Por falar em preserva\u00e7\u00e3o ambiental, solicitamos ao jovem prefeito Netinho Reis, que, com a disposi\u00e7\u00e3o que tem demonstrado, iniciando sua trajet\u00f3ria pol\u00edtica como prefeito, procure ser justo e competente, fazendo a diferen\u00e7a, em uma das maiores demandas de sua Gest\u00e3o, que \u00e9 tirar Duque de Caxias da lista negra do descaso ambiental.<\/p>\n<p>Lembrando que Duque de Caxias teve, na pr\u00e1tica, o maior projeto de arboriza\u00e7\u00e3o urbana de toda a sua hist\u00f3ria, implementado nos idos de 2009\/10\/11\/12, atrav\u00e9s de ONG G7, em parceria com a prefeitura e a secretaria municipal de Meio Ambiente. O grupo plantou mais de 3.000 \u00e1rvores, no per\u00edodo citado, sendo respons\u00e1vel, por exemplo, pelo total reflorestamento da Av. Autom\u00f3vel Clube, trecho de Santa Cruz da Serra, Parque Equitativa, Barro Branco, entre outros. Louv\u00e1vel \u00e9 aplaus\u00edvel a iniciativa da ONG G7 que mobilizou as comunidades, incluindo crian\u00e7as e adolescentes, acompanhados dos pais para assistirem os plantios e receberem informa\u00e7\u00f5es sobre os benef\u00edcios e as vantagens de uma rua arborizada.<\/p>\n<figure id=\"attachment_11972\" aria-describedby=\"caption-attachment-11972\" style=\"width: 719px\" class=\"wp-caption alignnone\"><img loading=\"lazy\" decoding=\"async\" class=\"wp-image-11972 size-full\" src=\"https:\/\/lurdinha.org\/site\/wp-content\/uploads\/parceria.jpeg\" alt=\"\" width=\"719\" height=\"514\" srcset=\"https:\/\/lurdinha.org\/site\/wp-content\/uploads\/parceria.jpeg 719w, https:\/\/lurdinha.org\/site\/wp-content\/uploads\/parceria-300x214.jpeg 300w, https:\/\/lurdinha.org\/site\/wp-content\/uploads\/parceria-610x436.jpeg 610w\" sizes=\"auto, (max-width: 719px) 100vw, 719px\" \/><figcaption id=\"caption-attachment-11972\" class=\"wp-caption-text\">A ONG G7 promoveu o Plantio de cerca de 3.000 \u00e1rvores em Duque de Caxias, nos idos de 2008\/10\/11\/12<\/figcaption><\/figure>\n<figure id=\"attachment_11971\" aria-describedby=\"caption-attachment-11971\" style=\"width: 720px\" class=\"wp-caption alignnone\"><img loading=\"lazy\" decoding=\"async\" class=\"wp-image-11971 size-full\" src=\"https:\/\/lurdinha.org\/site\/wp-content\/uploads\/arborizacao.jpeg\" alt=\"\" width=\"720\" height=\"477\" srcset=\"https:\/\/lurdinha.org\/site\/wp-content\/uploads\/arborizacao.jpeg 720w, https:\/\/lurdinha.org\/site\/wp-content\/uploads\/arborizacao-300x199.jpeg 300w, https:\/\/lurdinha.org\/site\/wp-content\/uploads\/arborizacao-610x404.jpeg 610w\" sizes=\"auto, (max-width: 720px) 100vw, 720px\" \/><figcaption id=\"caption-attachment-11971\" class=\"wp-caption-text\">Av Autom\u00f3vel Clube Sanra Cruz da Serra, 2009<\/figcaption><\/figure>\n<p><img loading=\"lazy\" decoding=\"async\" class=\"alignnone size-full wp-image-11970\" src=\"https:\/\/lurdinha.org\/site\/wp-content\/uploads\/caxiasmaisverde.jpeg\" alt=\"\" width=\"576\" height=\"720\" srcset=\"https:\/\/lurdinha.org\/site\/wp-content\/uploads\/caxiasmaisverde.jpeg 576w, https:\/\/lurdinha.org\/site\/wp-content\/uploads\/caxiasmaisverde-240x300.jpeg 240w\" sizes=\"auto, (max-width: 576px) 100vw, 576px\" \/><\/p>\n<p>_<br \/>\n<em>Por <a href=\"https:\/\/lurdinha.org\/site\/author\/arimateia\/\">J Arimateia Ferreira<\/a><\/em><\/p>\n<p>&nbsp;<\/p>\n","protected":false},"excerpt":{"rendered":"<p>\u00c0s v\u00e9speras de celebrar seus 82 anos de emancipa\u00e7\u00e3o pol\u00edtica, atrav\u00e9s do Decreto Lei 1.055,&#8230;<\/p>\n","protected":false},"author":45,"featured_media":11970,"comment_status":"open","ping_status":"closed","sticky":false,"template":"","format":"standard","meta":{"footnotes":""},"categories":[4],"tags":[1437,181,184,485],"class_list":["post-11968","post","type-post","status-publish","format-standard","has-post-thumbnail","hentry","category-opiniao","tag-arimateia","tag-cordel","tag-poesia","tag-sarapui"],"yoast_head":"<!-- This site is optimized with the Yoast SEO plugin v27.5 - https:\/\/yoast.com\/product\/yoast-seo-wordpress\/ -->\n<title>Nas \u00c1guas do Sarapu\u00ed, precisando de mais verde - Lurdinha - Duque de Caxias para Est\u00f4magos Fortes<\/title>\n<meta name=\"robots\" content=\"index, follow, max-snippet:-1, max-image-preview:large, max-video-preview:-1\" \/>\n<link rel=\"canonical\" href=\"https:\/\/lurdinha.org\/site\/nas-aguas-do-sarapui\/\" \/>\n<meta property=\"og:locale\" content=\"pt_BR\" \/>\n<meta property=\"og:type\" content=\"article\" \/>\n<meta property=\"og:title\" content=\"Nas \u00c1guas do Sarapu\u00ed, precisando de mais verde - Lurdinha - Duque de Caxias para Est\u00f4magos Fortes\" \/>\n<meta property=\"og:description\" content=\"\u00c0s v\u00e9speras de celebrar seus 82 anos de emancipa\u00e7\u00e3o pol\u00edtica, atrav\u00e9s do Decreto Lei 1.055,...\" \/>\n<meta property=\"og:url\" content=\"https:\/\/lurdinha.org\/site\/nas-aguas-do-sarapui\/\" \/>\n<meta property=\"og:site_name\" content=\"Lurdinha - Duque de Caxias para Est\u00f4magos Fortes\" \/>\n<meta property=\"article:publisher\" content=\"https:\/\/www.facebook.com\/LurdinhadeCaxias\" \/>\n<meta property=\"article:author\" content=\"jarimateia.ferreira\" \/>\n<meta property=\"article:published_time\" content=\"2025-04-30T18:50:03+00:00\" \/>\n<meta property=\"article:modified_time\" content=\"2026-03-06T19:40:16+00:00\" \/>\n<meta property=\"og:image\" content=\"https:\/\/lurdinha.org\/site\/wp-content\/uploads\/caxiasmaisverde.jpeg\" \/>\n\t<meta property=\"og:image:width\" content=\"576\" \/>\n\t<meta property=\"og:image:height\" content=\"720\" \/>\n\t<meta property=\"og:image:type\" content=\"image\/jpeg\" \/>\n<meta name=\"author\" content=\"J. Arimat\u00e9ria Ferreira\" \/>\n<meta name=\"twitter:card\" content=\"summary_large_image\" \/>\n<meta name=\"twitter:label1\" content=\"Escrito por\" \/>\n\t<meta name=\"twitter:data1\" content=\"J. Arimat\u00e9ria Ferreira\" \/>\n\t<meta name=\"twitter:label2\" content=\"Est. tempo de leitura\" \/>\n\t<meta name=\"twitter:data2\" content=\"3 minutos\" \/>\n<script type=\"application\/ld+json\" class=\"yoast-schema-graph\">{\"@context\":\"https:\\\/\\\/schema.org\",\"@graph\":[{\"@type\":\"Article\",\"@id\":\"https:\\\/\\\/lurdinha.org\\\/site\\\/nas-aguas-do-sarapui\\\/#article\",\"isPartOf\":{\"@id\":\"https:\\\/\\\/lurdinha.org\\\/site\\\/nas-aguas-do-sarapui\\\/\"},\"author\":{\"name\":\"J. Arimat\u00e9ria Ferreira\",\"@id\":\"https:\\\/\\\/lurdinha.org\\\/site\\\/#\\\/schema\\\/person\\\/9c54ae2961ed6a2ea723597bd38c7d33\"},\"headline\":\"Nas \u00c1guas do Sarapu\u00ed, precisando de mais verde\",\"datePublished\":\"2025-04-30T18:50:03+00:00\",\"dateModified\":\"2026-03-06T19:40:16+00:00\",\"mainEntityOfPage\":{\"@id\":\"https:\\\/\\\/lurdinha.org\\\/site\\\/nas-aguas-do-sarapui\\\/\"},\"wordCount\":535,\"commentCount\":0,\"publisher\":{\"@id\":\"https:\\\/\\\/lurdinha.org\\\/site\\\/#organization\"},\"image\":{\"@id\":\"https:\\\/\\\/lurdinha.org\\\/site\\\/nas-aguas-do-sarapui\\\/#primaryimage\"},\"thumbnailUrl\":\"https:\\\/\\\/lurdinha.org\\\/site\\\/wp-content\\\/uploads\\\/caxiasmaisverde.jpeg\",\"keywords\":[\"arimateia\",\"cordel\",\"poesia\",\"Sarapu\u00ed\"],\"articleSection\":[\"uma opini\u00e3o\"],\"inLanguage\":\"pt-BR\",\"potentialAction\":[{\"@type\":\"CommentAction\",\"name\":\"Comment\",\"target\":[\"https:\\\/\\\/lurdinha.org\\\/site\\\/nas-aguas-do-sarapui\\\/#respond\"]}]},{\"@type\":\"WebPage\",\"@id\":\"https:\\\/\\\/lurdinha.org\\\/site\\\/nas-aguas-do-sarapui\\\/\",\"url\":\"https:\\\/\\\/lurdinha.org\\\/site\\\/nas-aguas-do-sarapui\\\/\",\"name\":\"Nas \u00c1guas do Sarapu\u00ed, precisando de mais verde - Lurdinha - Duque de Caxias para Est\u00f4magos Fortes\",\"isPartOf\":{\"@id\":\"https:\\\/\\\/lurdinha.org\\\/site\\\/#website\"},\"primaryImageOfPage\":{\"@id\":\"https:\\\/\\\/lurdinha.org\\\/site\\\/nas-aguas-do-sarapui\\\/#primaryimage\"},\"image\":{\"@id\":\"https:\\\/\\\/lurdinha.org\\\/site\\\/nas-aguas-do-sarapui\\\/#primaryimage\"},\"thumbnailUrl\":\"https:\\\/\\\/lurdinha.org\\\/site\\\/wp-content\\\/uploads\\\/caxiasmaisverde.jpeg\",\"datePublished\":\"2025-04-30T18:50:03+00:00\",\"dateModified\":\"2026-03-06T19:40:16+00:00\",\"breadcrumb\":{\"@id\":\"https:\\\/\\\/lurdinha.org\\\/site\\\/nas-aguas-do-sarapui\\\/#breadcrumb\"},\"inLanguage\":\"pt-BR\",\"potentialAction\":[{\"@type\":\"ReadAction\",\"target\":[\"https:\\\/\\\/lurdinha.org\\\/site\\\/nas-aguas-do-sarapui\\\/\"]}]},{\"@type\":\"ImageObject\",\"inLanguage\":\"pt-BR\",\"@id\":\"https:\\\/\\\/lurdinha.org\\\/site\\\/nas-aguas-do-sarapui\\\/#primaryimage\",\"url\":\"https:\\\/\\\/lurdinha.org\\\/site\\\/wp-content\\\/uploads\\\/caxiasmaisverde.jpeg\",\"contentUrl\":\"https:\\\/\\\/lurdinha.org\\\/site\\\/wp-content\\\/uploads\\\/caxiasmaisverde.jpeg\",\"width\":576,\"height\":720},{\"@type\":\"BreadcrumbList\",\"@id\":\"https:\\\/\\\/lurdinha.org\\\/site\\\/nas-aguas-do-sarapui\\\/#breadcrumb\",\"itemListElement\":[{\"@type\":\"ListItem\",\"position\":1,\"name\":\"In\u00edcio\",\"item\":\"https:\\\/\\\/lurdinha.org\\\/site\\\/\"},{\"@type\":\"ListItem\",\"position\":2,\"name\":\"Nas \u00c1guas do Sarapu\u00ed, precisando de mais verde\"}]},{\"@type\":\"WebSite\",\"@id\":\"https:\\\/\\\/lurdinha.org\\\/site\\\/#website\",\"url\":\"https:\\\/\\\/lurdinha.org\\\/site\\\/\",\"name\":\"Lurdinha - Duque de Caxias para Est\u00f4magos Fortes\",\"description\":\"Site sobre Arte, Cultura, Pol\u00edtica, Sociedade e curiosidades da cidade de Duque de Caxias, RJ\",\"publisher\":{\"@id\":\"https:\\\/\\\/lurdinha.org\\\/site\\\/#organization\"},\"alternateName\":\"Lurdinha\",\"potentialAction\":[{\"@type\":\"SearchAction\",\"target\":{\"@type\":\"EntryPoint\",\"urlTemplate\":\"https:\\\/\\\/lurdinha.org\\\/site\\\/?s={search_term_string}\"},\"query-input\":{\"@type\":\"PropertyValueSpecification\",\"valueRequired\":true,\"valueName\":\"search_term_string\"}}],\"inLanguage\":\"pt-BR\"},{\"@type\":\"Organization\",\"@id\":\"https:\\\/\\\/lurdinha.org\\\/site\\\/#organization\",\"name\":\"Lurdinha de Caxias\",\"url\":\"https:\\\/\\\/lurdinha.org\\\/site\\\/\",\"logo\":{\"@type\":\"ImageObject\",\"inLanguage\":\"pt-BR\",\"@id\":\"https:\\\/\\\/lurdinha.org\\\/site\\\/#\\\/schema\\\/logo\\\/image\\\/\",\"url\":\"https:\\\/\\\/lurdinha.org\\\/site\\\/wp-content\\\/uploads\\\/logo-lurdinha.jpg\",\"contentUrl\":\"https:\\\/\\\/lurdinha.org\\\/site\\\/wp-content\\\/uploads\\\/logo-lurdinha.jpg\",\"width\":640,\"height\":60,\"caption\":\"Lurdinha de Caxias\"},\"image\":{\"@id\":\"https:\\\/\\\/lurdinha.org\\\/site\\\/#\\\/schema\\\/logo\\\/image\\\/\"},\"sameAs\":[\"https:\\\/\\\/www.facebook.com\\\/LurdinhadeCaxias\",\"https:\\\/\\\/www.instagram.com\\\/lurdinhadecaxias\"]},{\"@type\":\"Person\",\"@id\":\"https:\\\/\\\/lurdinha.org\\\/site\\\/#\\\/schema\\\/person\\\/9c54ae2961ed6a2ea723597bd38c7d33\",\"name\":\"J. Arimat\u00e9ria Ferreira\",\"image\":{\"@type\":\"ImageObject\",\"inLanguage\":\"pt-BR\",\"@id\":\"https:\\\/\\\/secure.gravatar.com\\\/avatar\\\/898c76499f3edd79c1ddb8550282f056c716b40b3b2c21d923d8befcbb93efcd?s=96&d=mm&r=g\",\"url\":\"https:\\\/\\\/secure.gravatar.com\\\/avatar\\\/898c76499f3edd79c1ddb8550282f056c716b40b3b2c21d923d8befcbb93efcd?s=96&d=mm&r=g\",\"contentUrl\":\"https:\\\/\\\/secure.gravatar.com\\\/avatar\\\/898c76499f3edd79c1ddb8550282f056c716b40b3b2c21d923d8befcbb93efcd?s=96&d=mm&r=g\",\"caption\":\"J. Arimat\u00e9ria Ferreira\"},\"description\":\"Radialista\\\/Jornalista, poeta popular e idealizador do Projeto Poesia &amp; Ecologia\",\"sameAs\":[\"jarimateia.ferreira\"],\"url\":\"https:\\\/\\\/lurdinha.org\\\/site\\\/author\\\/arimateia\\\/\"}]}<\/script>\n<!-- \/ Yoast SEO plugin. -->","yoast_head_json":{"title":"Nas \u00c1guas do Sarapu\u00ed, precisando de mais verde - Lurdinha - Duque de Caxias para Est\u00f4magos Fortes","robots":{"index":"index","follow":"follow","max-snippet":"max-snippet:-1","max-image-preview":"max-image-preview:large","max-video-preview":"max-video-preview:-1"},"canonical":"https:\/\/lurdinha.org\/site\/nas-aguas-do-sarapui\/","og_locale":"pt_BR","og_type":"article","og_title":"Nas \u00c1guas do Sarapu\u00ed, precisando de mais verde - Lurdinha - Duque de Caxias para Est\u00f4magos Fortes","og_description":"\u00c0s v\u00e9speras de celebrar seus 82 anos de emancipa\u00e7\u00e3o pol\u00edtica, atrav\u00e9s do Decreto Lei 1.055,...","og_url":"https:\/\/lurdinha.org\/site\/nas-aguas-do-sarapui\/","og_site_name":"Lurdinha - Duque de Caxias para Est\u00f4magos Fortes","article_publisher":"https:\/\/www.facebook.com\/LurdinhadeCaxias","article_author":"jarimateia.ferreira","article_published_time":"2025-04-30T18:50:03+00:00","article_modified_time":"2026-03-06T19:40:16+00:00","og_image":[{"width":576,"height":720,"url":"https:\/\/lurdinha.org\/site\/wp-content\/uploads\/caxiasmaisverde.jpeg","type":"image\/jpeg"}],"author":"J. Arimat\u00e9ria Ferreira","twitter_card":"summary_large_image","twitter_misc":{"Escrito por":"J. Arimat\u00e9ria Ferreira","Est. tempo de leitura":"3 minutos"},"schema":{"@context":"https:\/\/schema.org","@graph":[{"@type":"Article","@id":"https:\/\/lurdinha.org\/site\/nas-aguas-do-sarapui\/#article","isPartOf":{"@id":"https:\/\/lurdinha.org\/site\/nas-aguas-do-sarapui\/"},"author":{"name":"J. Arimat\u00e9ria Ferreira","@id":"https:\/\/lurdinha.org\/site\/#\/schema\/person\/9c54ae2961ed6a2ea723597bd38c7d33"},"headline":"Nas \u00c1guas do Sarapu\u00ed, precisando de mais verde","datePublished":"2025-04-30T18:50:03+00:00","dateModified":"2026-03-06T19:40:16+00:00","mainEntityOfPage":{"@id":"https:\/\/lurdinha.org\/site\/nas-aguas-do-sarapui\/"},"wordCount":535,"commentCount":0,"publisher":{"@id":"https:\/\/lurdinha.org\/site\/#organization"},"image":{"@id":"https:\/\/lurdinha.org\/site\/nas-aguas-do-sarapui\/#primaryimage"},"thumbnailUrl":"https:\/\/lurdinha.org\/site\/wp-content\/uploads\/caxiasmaisverde.jpeg","keywords":["arimateia","cordel","poesia","Sarapu\u00ed"],"articleSection":["uma opini\u00e3o"],"inLanguage":"pt-BR","potentialAction":[{"@type":"CommentAction","name":"Comment","target":["https:\/\/lurdinha.org\/site\/nas-aguas-do-sarapui\/#respond"]}]},{"@type":"WebPage","@id":"https:\/\/lurdinha.org\/site\/nas-aguas-do-sarapui\/","url":"https:\/\/lurdinha.org\/site\/nas-aguas-do-sarapui\/","name":"Nas \u00c1guas do Sarapu\u00ed, precisando de mais verde - Lurdinha - Duque de Caxias para Est\u00f4magos Fortes","isPartOf":{"@id":"https:\/\/lurdinha.org\/site\/#website"},"primaryImageOfPage":{"@id":"https:\/\/lurdinha.org\/site\/nas-aguas-do-sarapui\/#primaryimage"},"image":{"@id":"https:\/\/lurdinha.org\/site\/nas-aguas-do-sarapui\/#primaryimage"},"thumbnailUrl":"https:\/\/lurdinha.org\/site\/wp-content\/uploads\/caxiasmaisverde.jpeg","datePublished":"2025-04-30T18:50:03+00:00","dateModified":"2026-03-06T19:40:16+00:00","breadcrumb":{"@id":"https:\/\/lurdinha.org\/site\/nas-aguas-do-sarapui\/#breadcrumb"},"inLanguage":"pt-BR","potentialAction":[{"@type":"ReadAction","target":["https:\/\/lurdinha.org\/site\/nas-aguas-do-sarapui\/"]}]},{"@type":"ImageObject","inLanguage":"pt-BR","@id":"https:\/\/lurdinha.org\/site\/nas-aguas-do-sarapui\/#primaryimage","url":"https:\/\/lurdinha.org\/site\/wp-content\/uploads\/caxiasmaisverde.jpeg","contentUrl":"https:\/\/lurdinha.org\/site\/wp-content\/uploads\/caxiasmaisverde.jpeg","width":576,"height":720},{"@type":"BreadcrumbList","@id":"https:\/\/lurdinha.org\/site\/nas-aguas-do-sarapui\/#breadcrumb","itemListElement":[{"@type":"ListItem","position":1,"name":"In\u00edcio","item":"https:\/\/lurdinha.org\/site\/"},{"@type":"ListItem","position":2,"name":"Nas \u00c1guas do Sarapu\u00ed, precisando de mais verde"}]},{"@type":"WebSite","@id":"https:\/\/lurdinha.org\/site\/#website","url":"https:\/\/lurdinha.org\/site\/","name":"Lurdinha - Duque de Caxias para Est\u00f4magos Fortes","description":"Site sobre Arte, Cultura, Pol\u00edtica, Sociedade e curiosidades da cidade de Duque de Caxias, RJ","publisher":{"@id":"https:\/\/lurdinha.org\/site\/#organization"},"alternateName":"Lurdinha","potentialAction":[{"@type":"SearchAction","target":{"@type":"EntryPoint","urlTemplate":"https:\/\/lurdinha.org\/site\/?s={search_term_string}"},"query-input":{"@type":"PropertyValueSpecification","valueRequired":true,"valueName":"search_term_string"}}],"inLanguage":"pt-BR"},{"@type":"Organization","@id":"https:\/\/lurdinha.org\/site\/#organization","name":"Lurdinha de Caxias","url":"https:\/\/lurdinha.org\/site\/","logo":{"@type":"ImageObject","inLanguage":"pt-BR","@id":"https:\/\/lurdinha.org\/site\/#\/schema\/logo\/image\/","url":"https:\/\/lurdinha.org\/site\/wp-content\/uploads\/logo-lurdinha.jpg","contentUrl":"https:\/\/lurdinha.org\/site\/wp-content\/uploads\/logo-lurdinha.jpg","width":640,"height":60,"caption":"Lurdinha de Caxias"},"image":{"@id":"https:\/\/lurdinha.org\/site\/#\/schema\/logo\/image\/"},"sameAs":["https:\/\/www.facebook.com\/LurdinhadeCaxias","https:\/\/www.instagram.com\/lurdinhadecaxias"]},{"@type":"Person","@id":"https:\/\/lurdinha.org\/site\/#\/schema\/person\/9c54ae2961ed6a2ea723597bd38c7d33","name":"J. Arimat\u00e9ria Ferreira","image":{"@type":"ImageObject","inLanguage":"pt-BR","@id":"https:\/\/secure.gravatar.com\/avatar\/898c76499f3edd79c1ddb8550282f056c716b40b3b2c21d923d8befcbb93efcd?s=96&d=mm&r=g","url":"https:\/\/secure.gravatar.com\/avatar\/898c76499f3edd79c1ddb8550282f056c716b40b3b2c21d923d8befcbb93efcd?s=96&d=mm&r=g","contentUrl":"https:\/\/secure.gravatar.com\/avatar\/898c76499f3edd79c1ddb8550282f056c716b40b3b2c21d923d8befcbb93efcd?s=96&d=mm&r=g","caption":"J. Arimat\u00e9ria Ferreira"},"description":"Radialista\/Jornalista, poeta popular e idealizador do Projeto Poesia &amp; Ecologia","sameAs":["jarimateia.ferreira"],"url":"https:\/\/lurdinha.org\/site\/author\/arimateia\/"}]}},"views":509,"_links":{"self":[{"href":"https:\/\/lurdinha.org\/site\/wp-json\/wp\/v2\/posts\/11968","targetHints":{"allow":["GET"]}}],"collection":[{"href":"https:\/\/lurdinha.org\/site\/wp-json\/wp\/v2\/posts"}],"about":[{"href":"https:\/\/lurdinha.org\/site\/wp-json\/wp\/v2\/types\/post"}],"author":[{"embeddable":true,"href":"https:\/\/lurdinha.org\/site\/wp-json\/wp\/v2\/users\/45"}],"replies":[{"embeddable":true,"href":"https:\/\/lurdinha.org\/site\/wp-json\/wp\/v2\/comments?post=11968"}],"version-history":[{"count":4,"href":"https:\/\/lurdinha.org\/site\/wp-json\/wp\/v2\/posts\/11968\/revisions"}],"predecessor-version":[{"id":11975,"href":"https:\/\/lurdinha.org\/site\/wp-json\/wp\/v2\/posts\/11968\/revisions\/11975"}],"wp:featuredmedia":[{"embeddable":true,"href":"https:\/\/lurdinha.org\/site\/wp-json\/wp\/v2\/media\/11970"}],"wp:attachment":[{"href":"https:\/\/lurdinha.org\/site\/wp-json\/wp\/v2\/media?parent=11968"}],"wp:term":[{"taxonomy":"category","embeddable":true,"href":"https:\/\/lurdinha.org\/site\/wp-json\/wp\/v2\/categories?post=11968"},{"taxonomy":"post_tag","embeddable":true,"href":"https:\/\/lurdinha.org\/site\/wp-json\/wp\/v2\/tags?post=11968"}],"curies":[{"name":"wp","href":"https:\/\/api.w.org\/{rel}","templated":true}]}}