{"id":11951,"date":"2025-04-30T19:30:10","date_gmt":"2025-04-30T19:30:10","guid":{"rendered":"https:\/\/lurdinha.org\/site\/?p=11951"},"modified":"2025-04-30T20:56:44","modified_gmt":"2025-04-30T20:56:44","slug":"nova-unidade-de-conservacao-em-caxias-legal-mas-e-as-outras","status":"publish","type":"post","link":"https:\/\/lurdinha.org\/site\/nova-unidade-de-conservacao-em-caxias-legal-mas-e-as-outras\/","title":{"rendered":"Nova unidade de conserva\u00e7\u00e3o em Caxias. Legal! Mas e as outras?"},"content":{"rendered":"<p>Aconteceu nos dias 02 e 03 de abril, no campus da UFRJ Professor Geraldo Cidade, em Santa Cruz da Serra, o \u201c1\u00ba F\u00f3rum Lazer e Turismo na Natureza em Xer\u00e9m: Desafios e Oportunidades\u201d. Uma iniciativa do Observat\u00f3rio de Turismo e Lazer Baixada Verde, em parceria com a Prefeitura de Duque de Caxias, Reserva Biol\u00f3gica do Tingu\u00e1 (ICMBIO), Cedae e Serra Verde 98,7 FM.<br \/>\nParticipei das discuss\u00f5es do segundo dia, 03\/04, onde foi apresentado o projeto de cria\u00e7\u00e3o de uma nova unidade de conserva\u00e7\u00e3o denominada \u201cParque Natural Municipal \u00c1guas de Xer\u00e9m\u201d, na localidade conhecida como Fazenda Mineira, nas margens da Rebio Tingu\u00e1. O projeto prev\u00ea desapropria\u00e7\u00f5es e implementa\u00e7\u00e3o de projetos urban\u00edsticos, para favorecer \u00e0 popula\u00e7\u00e3o, carente de espa\u00e7os gratuitos de lazer, sobretudo nos dias mais quentes, uma alternativa \u00e0 Cachoeira da Mata, que segundo relatos recebeu em um \u00fanico dia mais de duas mil pessoas durante a onda de calor do ver\u00e3o deste ano.<br \/>\nCabe destacar que a Cachoeira da Mata fica dentro da Rebio Tingu\u00e1, que na letra fria da lei s\u00f3 poderia receber visita\u00e7\u00e3o mediante autoriza\u00e7\u00e3o. Desde sua cria\u00e7\u00e3o, em 1989, sempre houve debates a respeito da categoriza\u00e7\u00e3o, com propostas para mudar de Rebio para Parque, que facilitaria o acesso da popula\u00e7\u00e3o, o que nunca aconteceu por causa da resist\u00eancia de entidades da sociedade civil organizada que desejam exatamente uma unidade mais restritiva com vistas \u00e0 preserva\u00e7\u00e3o. A preocupa\u00e7\u00e3o \u00e9 n\u00e3o s\u00f3 com o impacto que um grande n\u00famero de visitantes poderia trazer \u00e0 fauna e flora, como tamb\u00e9m a especula\u00e7\u00e3o imobili\u00e1ria da parceria p\u00fablico-privada no territ\u00f3rio. O ex- prefeito de Duque de Caxias, Washington Reis, por exemplo, foi condenado na justi\u00e7a por crime ambiental, ao realizar um loteamento dentro da Rebio.<br \/>\nA \u00faltima discuss\u00e3o a respeito da Rebio Tingu\u00e1 aconteceu exatamente dias antes do F\u00f3rum, exatamente no mesmo local (UFRJ Santa Cruz da Serra), no dia 29 de mar\u00e7o. Foi uma audi\u00eancia p\u00fablica promovida pelo mandato do Deputado Federal Glauber Braga, do PSOL, onde estiveram presentes na mesa o ICMBIO e a Secretaria de Meio Ambiente de Nova Igua\u00e7u, mas nenhuma representa\u00e7\u00e3o da Prefeitura de Duque de Caxias compareceu, apesar de tamb\u00e9m ter sido convidada. Nessa audi\u00eancia as entidades da sociedade civil presentes referendaram de forma un\u00e2nime a perman\u00eancia da categoriza\u00e7\u00e3o \u201cRebio\u201d.<br \/>\nApesar de n\u00e3o ser esse o tema do f\u00f3rum, mencionei o debate ocorrido na audi\u00eancia p\u00fablica ao pedir a palavra, lamentando tamb\u00e9m a aus\u00eancia de representa\u00e7\u00e3o do governo municipal. E prossegui mencionando a situa\u00e7\u00e3o das unidades de conserva\u00e7\u00e3o j\u00e1 existentes. Como a nova unidade prev\u00ea desapropria\u00e7\u00f5es, lembrei do Parque Natural Municipal da Taquara, criado em 1992, que possui sitiantes at\u00e9 hoje, nunca indenizados. Nos \u00faltimos anos o Parque sofreu com o total abandono da gest\u00e3o p\u00fablica, o que pode ser notado pelo visitante logo ao adentrar, dado o estado das placas, quiosques e banheiro. Com a estiagem das chuvas desse ano, at\u00e9 a balneabilidade est\u00e1 amea\u00e7ada.<br \/>\nCom rela\u00e7\u00e3o \u00e0 APA S\u00e3o Bento, unidade de conserva\u00e7\u00e3o municipal mais antiga e mais devastada, o governo no ano passado chegou a anunciar a cria\u00e7\u00e3o do \u201cCentral Park\u201d (https:\/\/lurdinha.org\/site\/construcao-de-parque-ecologico-na-gestao-da-familia-reis-parece-ate- mentira-entao\/) nas terras da antiga Feuduc. Mas a \u00fanica coisa que aconteceu at\u00e9 o dia de hoje foi a derrubada das \u00e1rvores, o que soa ir\u00f4nico. A obra foi paralisada e o grande terreno, agora limpo e sem \u00e1rvores, pode sofrer com invas\u00f5es ou novos loteamentos irregulares.<br \/>\nJ\u00e1 a Rebio Equitativa, desde sua cria\u00e7\u00e3o, em 2009, tem seu per\u00edmetro diminu\u00eddo na C\u00e2mara de Vereadores para favorecer a forte especula\u00e7\u00e3o imobili\u00e1ria (venda de lotes), incluindo tamb\u00e9m abertura de ruas onde antes era mata fechada. Tamb\u00e9m foi retirada de seu territ\u00f3rio uma \u00e1rea denominada \u201cMonte do Azeite\u201d, onde grupos religiosos utilizam o espa\u00e7o para fazer suas ora\u00e7\u00f5es, geralmente a noite. Com isso, alguns clar\u00f5es j\u00e1 foram abertos na \u00e1rea de mata com fins de acampamento e fogueiras, afetando tamb\u00e9m a rica fauna local. E por fim, no ano passado deu-se in\u00edcio a um imenso loteamento em uma propriedade particular vizinha \u00e0 Rebio, conhecida como<br \/>\nFazenda do Surdo. A devasta\u00e7\u00e3o \u00e9 sem precedentes, com a retirada n\u00e3o s\u00f3 da vegeta\u00e7\u00e3o como tamb\u00e9m de um morro inteiro.<br \/>\nEnt\u00e3o, mesmo que o projeto \u201cParque Natural Municipal \u00c1guas de Xer\u00e9m\u201d seja \u00f3timo e bem- intencionado, como confiar na sua viabilidade diante de tantas atrocidades ambientais que ocorrem em Duque de Caxias? Como garantir as obras necess\u00e1rias e material humano para trabalhar e manter a unidade, se as j\u00e1 existentes sofrem com o abandono e com a constante amea\u00e7a de desaparecerem? Infelizmente as representantes do governo na mesa n\u00e3o puderam me trazer essas respostas. Possivelmente nem elas as teriam. S\u00f3 resta a esperan\u00e7a de que, uma vez concretizado o projeto de uma nova unidade de conserva\u00e7\u00e3o, o governo tamb\u00e9m volte seu olhar para a realidade das demais.<br \/>\nPara quem quiser conhecer mais sobre as unidades de conserva\u00e7\u00e3o de Duque de Caxias, visite a exposi\u00e7\u00e3o virtual \u201cCaxias verde: olhares de encantamento\u201d, do Museu Vivo do S\u00e3o Bento, dispon\u00edvel em https:\/\/www.caxiasverde.mvsb.com.br\/. Pode ser que apare\u00e7a uma mensagem de conex\u00e3o n\u00e3o segura, mas basta ignorar e prosseguir ;).<\/p>\n<figure id=\"attachment_11953\" aria-describedby=\"caption-attachment-11953\" style=\"width: 800px\" class=\"wp-caption alignnone\"><img loading=\"lazy\" decoding=\"async\" class=\"wp-image-11953 size-full\" src=\"https:\/\/lurdinha.org\/site\/wp-content\/uploads\/panamax.jpg\" alt=\"\" width=\"800\" height=\"452\" srcset=\"https:\/\/lurdinha.org\/site\/wp-content\/uploads\/panamax.jpg 800w, https:\/\/lurdinha.org\/site\/wp-content\/uploads\/panamax-300x170.jpg 300w, https:\/\/lurdinha.org\/site\/wp-content\/uploads\/panamax-610x345.jpg 610w, https:\/\/lurdinha.org\/site\/wp-content\/uploads\/panamax-768x434.jpg 768w\" sizes=\"auto, (max-width: 800px) 100vw, 800px\" \/><figcaption id=\"caption-attachment-11953\" class=\"wp-caption-text\">Figura 1: Projeto &#8220;Parque Natural Municipal \u00c1guas de Xer\u00e9m&#8221;, apresentado em 03\/04\/2025<\/figcaption><\/figure>\n<figure id=\"attachment_11954\" aria-describedby=\"caption-attachment-11954\" style=\"width: 800px\" class=\"wp-caption alignnone\"><img loading=\"lazy\" decoding=\"async\" class=\"wp-image-11954 size-full\" src=\"https:\/\/lurdinha.org\/site\/wp-content\/uploads\/parque-taquara.jpg\" alt=\"Estado do quiosque e banheiro Do Parque Natural Municipal da Taquara, 2021\" width=\"800\" height=\"534\" srcset=\"https:\/\/lurdinha.org\/site\/wp-content\/uploads\/parque-taquara.jpg 800w, https:\/\/lurdinha.org\/site\/wp-content\/uploads\/parque-taquara-300x200.jpg 300w, https:\/\/lurdinha.org\/site\/wp-content\/uploads\/parque-taquara-610x407.jpg 610w, https:\/\/lurdinha.org\/site\/wp-content\/uploads\/parque-taquara-768x513.jpg 768w\" sizes=\"auto, (max-width: 800px) 100vw, 800px\" \/><figcaption id=\"caption-attachment-11954\" class=\"wp-caption-text\">Figura 2: Estado do quiosque e banheiro Do Parque Natural Municipal da Taquara, 2021<\/figcaption><\/figure>\n<figure id=\"attachment_11955\" aria-describedby=\"caption-attachment-11955\" style=\"width: 800px\" class=\"wp-caption alignnone\"><img loading=\"lazy\" decoding=\"async\" class=\"wp-image-11955 size-full\" src=\"https:\/\/lurdinha.org\/site\/wp-content\/uploads\/terrenoatual-centralpark.jpg\" alt=\"\" width=\"800\" height=\"600\" srcset=\"https:\/\/lurdinha.org\/site\/wp-content\/uploads\/terrenoatual-centralpark.jpg 800w, https:\/\/lurdinha.org\/site\/wp-content\/uploads\/terrenoatual-centralpark-300x225.jpg 300w, https:\/\/lurdinha.org\/site\/wp-content\/uploads\/terrenoatual-centralpark-610x458.jpg 610w, https:\/\/lurdinha.org\/site\/wp-content\/uploads\/terrenoatual-centralpark-768x576.jpg 768w\" sizes=\"auto, (max-width: 800px) 100vw, 800px\" \/><figcaption id=\"caption-attachment-11955\" class=\"wp-caption-text\">Figura 3: situa\u00e7\u00e3o atual do terreno previsto para receber o &#8220;Central Park Fluminense&#8221;<\/figcaption><\/figure>\n<figure id=\"attachment_11956\" aria-describedby=\"caption-attachment-11956\" style=\"width: 800px\" class=\"wp-caption alignnone\"><img loading=\"lazy\" decoding=\"async\" class=\"wp-image-11956 size-full\" src=\"https:\/\/lurdinha.org\/site\/wp-content\/uploads\/loteamento-fazendasdossurdos.jpg\" alt=\"\" width=\"800\" height=\"600\" srcset=\"https:\/\/lurdinha.org\/site\/wp-content\/uploads\/loteamento-fazendasdossurdos.jpg 800w, https:\/\/lurdinha.org\/site\/wp-content\/uploads\/loteamento-fazendasdossurdos-300x225.jpg 300w, https:\/\/lurdinha.org\/site\/wp-content\/uploads\/loteamento-fazendasdossurdos-610x458.jpg 610w, https:\/\/lurdinha.org\/site\/wp-content\/uploads\/loteamento-fazendasdossurdos-768x576.jpg 768w\" sizes=\"auto, (max-width: 800px) 100vw, 800px\" \/><figcaption id=\"caption-attachment-11956\" class=\"wp-caption-text\">Figura 4: Loteamento nas terras da Fazenda do Surdo, vizinha \u00e0 Rebio Equitativa, 2024<\/figcaption><\/figure>\n","protected":false},"excerpt":{"rendered":"<p>Aconteceu nos dias 02 e 03 de abril, no campus da UFRJ Professor Geraldo Cidade,&#8230;<\/p>\n","protected":false},"author":51,"featured_media":11956,"comment_status":"open","ping_status":"closed","sticky":false,"template":"","format":"standard","meta":{"footnotes":""},"categories":[1,4],"tags":[],"class_list":["post-11951","post","type-post","status-publish","format-standard","has-post-thumbnail","hentry","category-botinada","category-opiniao"],"yoast_head":"<!-- This site is optimized with the Yoast SEO plugin v27.5 - https:\/\/yoast.com\/product\/yoast-seo-wordpress\/ -->\n<title>Nova unidade de conserva\u00e7\u00e3o em Caxias. Legal! Mas e as outras? - Lurdinha - Duque de Caxias para Est\u00f4magos Fortes<\/title>\n<meta name=\"robots\" content=\"index, follow, max-snippet:-1, max-image-preview:large, max-video-preview:-1\" \/>\n<link rel=\"canonical\" href=\"https:\/\/lurdinha.org\/site\/nova-unidade-de-conservacao-em-caxias-legal-mas-e-as-outras\/\" \/>\n<meta property=\"og:locale\" content=\"pt_BR\" \/>\n<meta property=\"og:type\" content=\"article\" \/>\n<meta property=\"og:title\" content=\"Nova unidade de conserva\u00e7\u00e3o em Caxias. Legal! Mas e as outras? - Lurdinha - Duque de Caxias para Est\u00f4magos Fortes\" \/>\n<meta property=\"og:description\" content=\"Aconteceu nos dias 02 e 03 de abril, no campus da UFRJ Professor Geraldo Cidade,...\" \/>\n<meta property=\"og:url\" content=\"https:\/\/lurdinha.org\/site\/nova-unidade-de-conservacao-em-caxias-legal-mas-e-as-outras\/\" \/>\n<meta property=\"og:site_name\" content=\"Lurdinha - Duque de Caxias para Est\u00f4magos Fortes\" \/>\n<meta property=\"article:publisher\" content=\"https:\/\/www.facebook.com\/LurdinhadeCaxias\" \/>\n<meta property=\"article:author\" content=\"https:\/\/www.facebook.com\/filipotardim\" \/>\n<meta property=\"article:published_time\" content=\"2025-04-30T19:30:10+00:00\" \/>\n<meta property=\"article:modified_time\" content=\"2025-04-30T20:56:44+00:00\" \/>\n<meta property=\"og:image\" content=\"https:\/\/lurdinha.org\/site\/wp-content\/uploads\/loteamento-fazendasdossurdos.jpg\" \/>\n\t<meta property=\"og:image:width\" content=\"800\" \/>\n\t<meta property=\"og:image:height\" content=\"600\" \/>\n\t<meta property=\"og:image:type\" content=\"image\/jpeg\" \/>\n<meta name=\"author\" content=\"Filipo Tardim\" \/>\n<meta name=\"twitter:card\" content=\"summary_large_image\" \/>\n<meta name=\"twitter:label1\" content=\"Escrito por\" \/>\n\t<meta name=\"twitter:data1\" content=\"Filipo Tardim\" \/>\n\t<meta name=\"twitter:label2\" content=\"Est. tempo de leitura\" \/>\n\t<meta name=\"twitter:data2\" content=\"5 minutos\" \/>\n<script type=\"application\/ld+json\" class=\"yoast-schema-graph\">{\"@context\":\"https:\\\/\\\/schema.org\",\"@graph\":[{\"@type\":\"Article\",\"@id\":\"https:\\\/\\\/lurdinha.org\\\/site\\\/nova-unidade-de-conservacao-em-caxias-legal-mas-e-as-outras\\\/#article\",\"isPartOf\":{\"@id\":\"https:\\\/\\\/lurdinha.org\\\/site\\\/nova-unidade-de-conservacao-em-caxias-legal-mas-e-as-outras\\\/\"},\"author\":{\"name\":\"Filipo Tardim\",\"@id\":\"https:\\\/\\\/lurdinha.org\\\/site\\\/#\\\/schema\\\/person\\\/9e6cb9994a30b287e5ef677b616a6d4f\"},\"headline\":\"Nova unidade de conserva\u00e7\u00e3o em Caxias. Legal! Mas e as outras?\",\"datePublished\":\"2025-04-30T19:30:10+00:00\",\"dateModified\":\"2025-04-30T20:56:44+00:00\",\"mainEntityOfPage\":{\"@id\":\"https:\\\/\\\/lurdinha.org\\\/site\\\/nova-unidade-de-conservacao-em-caxias-legal-mas-e-as-outras\\\/\"},\"wordCount\":1009,\"commentCount\":0,\"publisher\":{\"@id\":\"https:\\\/\\\/lurdinha.org\\\/site\\\/#organization\"},\"image\":{\"@id\":\"https:\\\/\\\/lurdinha.org\\\/site\\\/nova-unidade-de-conservacao-em-caxias-legal-mas-e-as-outras\\\/#primaryimage\"},\"thumbnailUrl\":\"https:\\\/\\\/lurdinha.org\\\/site\\\/wp-content\\\/uploads\\\/loteamento-fazendasdossurdos.jpg\",\"articleSection\":[\"botinada\",\"uma opini\u00e3o\"],\"inLanguage\":\"pt-BR\",\"potentialAction\":[{\"@type\":\"CommentAction\",\"name\":\"Comment\",\"target\":[\"https:\\\/\\\/lurdinha.org\\\/site\\\/nova-unidade-de-conservacao-em-caxias-legal-mas-e-as-outras\\\/#respond\"]}]},{\"@type\":\"WebPage\",\"@id\":\"https:\\\/\\\/lurdinha.org\\\/site\\\/nova-unidade-de-conservacao-em-caxias-legal-mas-e-as-outras\\\/\",\"url\":\"https:\\\/\\\/lurdinha.org\\\/site\\\/nova-unidade-de-conservacao-em-caxias-legal-mas-e-as-outras\\\/\",\"name\":\"Nova unidade de conserva\u00e7\u00e3o em Caxias. Legal! Mas e as outras? - Lurdinha - Duque de Caxias para Est\u00f4magos Fortes\",\"isPartOf\":{\"@id\":\"https:\\\/\\\/lurdinha.org\\\/site\\\/#website\"},\"primaryImageOfPage\":{\"@id\":\"https:\\\/\\\/lurdinha.org\\\/site\\\/nova-unidade-de-conservacao-em-caxias-legal-mas-e-as-outras\\\/#primaryimage\"},\"image\":{\"@id\":\"https:\\\/\\\/lurdinha.org\\\/site\\\/nova-unidade-de-conservacao-em-caxias-legal-mas-e-as-outras\\\/#primaryimage\"},\"thumbnailUrl\":\"https:\\\/\\\/lurdinha.org\\\/site\\\/wp-content\\\/uploads\\\/loteamento-fazendasdossurdos.jpg\",\"datePublished\":\"2025-04-30T19:30:10+00:00\",\"dateModified\":\"2025-04-30T20:56:44+00:00\",\"breadcrumb\":{\"@id\":\"https:\\\/\\\/lurdinha.org\\\/site\\\/nova-unidade-de-conservacao-em-caxias-legal-mas-e-as-outras\\\/#breadcrumb\"},\"inLanguage\":\"pt-BR\",\"potentialAction\":[{\"@type\":\"ReadAction\",\"target\":[\"https:\\\/\\\/lurdinha.org\\\/site\\\/nova-unidade-de-conservacao-em-caxias-legal-mas-e-as-outras\\\/\"]}]},{\"@type\":\"ImageObject\",\"inLanguage\":\"pt-BR\",\"@id\":\"https:\\\/\\\/lurdinha.org\\\/site\\\/nova-unidade-de-conservacao-em-caxias-legal-mas-e-as-outras\\\/#primaryimage\",\"url\":\"https:\\\/\\\/lurdinha.org\\\/site\\\/wp-content\\\/uploads\\\/loteamento-fazendasdossurdos.jpg\",\"contentUrl\":\"https:\\\/\\\/lurdinha.org\\\/site\\\/wp-content\\\/uploads\\\/loteamento-fazendasdossurdos.jpg\",\"width\":800,\"height\":600},{\"@type\":\"BreadcrumbList\",\"@id\":\"https:\\\/\\\/lurdinha.org\\\/site\\\/nova-unidade-de-conservacao-em-caxias-legal-mas-e-as-outras\\\/#breadcrumb\",\"itemListElement\":[{\"@type\":\"ListItem\",\"position\":1,\"name\":\"In\u00edcio\",\"item\":\"https:\\\/\\\/lurdinha.org\\\/site\\\/\"},{\"@type\":\"ListItem\",\"position\":2,\"name\":\"Nova unidade de conserva\u00e7\u00e3o em Caxias. Legal! Mas e as outras?\"}]},{\"@type\":\"WebSite\",\"@id\":\"https:\\\/\\\/lurdinha.org\\\/site\\\/#website\",\"url\":\"https:\\\/\\\/lurdinha.org\\\/site\\\/\",\"name\":\"Lurdinha - Duque de Caxias para Est\u00f4magos Fortes\",\"description\":\"Site sobre Arte, Cultura, Pol\u00edtica, Sociedade e curiosidades da cidade de Duque de Caxias, RJ\",\"publisher\":{\"@id\":\"https:\\\/\\\/lurdinha.org\\\/site\\\/#organization\"},\"alternateName\":\"Lurdinha\",\"potentialAction\":[{\"@type\":\"SearchAction\",\"target\":{\"@type\":\"EntryPoint\",\"urlTemplate\":\"https:\\\/\\\/lurdinha.org\\\/site\\\/?s={search_term_string}\"},\"query-input\":{\"@type\":\"PropertyValueSpecification\",\"valueRequired\":true,\"valueName\":\"search_term_string\"}}],\"inLanguage\":\"pt-BR\"},{\"@type\":\"Organization\",\"@id\":\"https:\\\/\\\/lurdinha.org\\\/site\\\/#organization\",\"name\":\"Lurdinha de Caxias\",\"url\":\"https:\\\/\\\/lurdinha.org\\\/site\\\/\",\"logo\":{\"@type\":\"ImageObject\",\"inLanguage\":\"pt-BR\",\"@id\":\"https:\\\/\\\/lurdinha.org\\\/site\\\/#\\\/schema\\\/logo\\\/image\\\/\",\"url\":\"https:\\\/\\\/lurdinha.org\\\/site\\\/wp-content\\\/uploads\\\/logo-lurdinha.jpg\",\"contentUrl\":\"https:\\\/\\\/lurdinha.org\\\/site\\\/wp-content\\\/uploads\\\/logo-lurdinha.jpg\",\"width\":640,\"height\":60,\"caption\":\"Lurdinha de Caxias\"},\"image\":{\"@id\":\"https:\\\/\\\/lurdinha.org\\\/site\\\/#\\\/schema\\\/logo\\\/image\\\/\"},\"sameAs\":[\"https:\\\/\\\/www.facebook.com\\\/LurdinhadeCaxias\",\"https:\\\/\\\/www.instagram.com\\\/lurdinhadecaxias\"]},{\"@type\":\"Person\",\"@id\":\"https:\\\/\\\/lurdinha.org\\\/site\\\/#\\\/schema\\\/person\\\/9e6cb9994a30b287e5ef677b616a6d4f\",\"name\":\"Filipo Tardim\",\"image\":{\"@type\":\"ImageObject\",\"inLanguage\":\"pt-BR\",\"@id\":\"https:\\\/\\\/secure.gravatar.com\\\/avatar\\\/c3ce620e643873cc01217fa86fc236dcdceb2f57285b3dccf2da5c96be93d336?s=96&d=mm&r=g\",\"url\":\"https:\\\/\\\/secure.gravatar.com\\\/avatar\\\/c3ce620e643873cc01217fa86fc236dcdceb2f57285b3dccf2da5c96be93d336?s=96&d=mm&r=g\",\"contentUrl\":\"https:\\\/\\\/secure.gravatar.com\\\/avatar\\\/c3ce620e643873cc01217fa86fc236dcdceb2f57285b3dccf2da5c96be93d336?s=96&d=mm&r=g\",\"caption\":\"Filipo Tardim\"},\"sameAs\":[\"https:\\\/\\\/www.facebook.com\\\/filipotardim\"],\"url\":\"https:\\\/\\\/lurdinha.org\\\/site\\\/author\\\/filipo\\\/\"}]}<\/script>\n<!-- \/ Yoast SEO plugin. -->","yoast_head_json":{"title":"Nova unidade de conserva\u00e7\u00e3o em Caxias. Legal! Mas e as outras? - Lurdinha - Duque de Caxias para Est\u00f4magos Fortes","robots":{"index":"index","follow":"follow","max-snippet":"max-snippet:-1","max-image-preview":"max-image-preview:large","max-video-preview":"max-video-preview:-1"},"canonical":"https:\/\/lurdinha.org\/site\/nova-unidade-de-conservacao-em-caxias-legal-mas-e-as-outras\/","og_locale":"pt_BR","og_type":"article","og_title":"Nova unidade de conserva\u00e7\u00e3o em Caxias. Legal! Mas e as outras? - Lurdinha - Duque de Caxias para Est\u00f4magos Fortes","og_description":"Aconteceu nos dias 02 e 03 de abril, no campus da UFRJ Professor Geraldo Cidade,...","og_url":"https:\/\/lurdinha.org\/site\/nova-unidade-de-conservacao-em-caxias-legal-mas-e-as-outras\/","og_site_name":"Lurdinha - Duque de Caxias para Est\u00f4magos Fortes","article_publisher":"https:\/\/www.facebook.com\/LurdinhadeCaxias","article_author":"https:\/\/www.facebook.com\/filipotardim","article_published_time":"2025-04-30T19:30:10+00:00","article_modified_time":"2025-04-30T20:56:44+00:00","og_image":[{"width":800,"height":600,"url":"https:\/\/lurdinha.org\/site\/wp-content\/uploads\/loteamento-fazendasdossurdos.jpg","type":"image\/jpeg"}],"author":"Filipo Tardim","twitter_card":"summary_large_image","twitter_misc":{"Escrito por":"Filipo Tardim","Est. tempo de leitura":"5 minutos"},"schema":{"@context":"https:\/\/schema.org","@graph":[{"@type":"Article","@id":"https:\/\/lurdinha.org\/site\/nova-unidade-de-conservacao-em-caxias-legal-mas-e-as-outras\/#article","isPartOf":{"@id":"https:\/\/lurdinha.org\/site\/nova-unidade-de-conservacao-em-caxias-legal-mas-e-as-outras\/"},"author":{"name":"Filipo Tardim","@id":"https:\/\/lurdinha.org\/site\/#\/schema\/person\/9e6cb9994a30b287e5ef677b616a6d4f"},"headline":"Nova unidade de conserva\u00e7\u00e3o em Caxias. Legal! Mas e as outras?","datePublished":"2025-04-30T19:30:10+00:00","dateModified":"2025-04-30T20:56:44+00:00","mainEntityOfPage":{"@id":"https:\/\/lurdinha.org\/site\/nova-unidade-de-conservacao-em-caxias-legal-mas-e-as-outras\/"},"wordCount":1009,"commentCount":0,"publisher":{"@id":"https:\/\/lurdinha.org\/site\/#organization"},"image":{"@id":"https:\/\/lurdinha.org\/site\/nova-unidade-de-conservacao-em-caxias-legal-mas-e-as-outras\/#primaryimage"},"thumbnailUrl":"https:\/\/lurdinha.org\/site\/wp-content\/uploads\/loteamento-fazendasdossurdos.jpg","articleSection":["botinada","uma opini\u00e3o"],"inLanguage":"pt-BR","potentialAction":[{"@type":"CommentAction","name":"Comment","target":["https:\/\/lurdinha.org\/site\/nova-unidade-de-conservacao-em-caxias-legal-mas-e-as-outras\/#respond"]}]},{"@type":"WebPage","@id":"https:\/\/lurdinha.org\/site\/nova-unidade-de-conservacao-em-caxias-legal-mas-e-as-outras\/","url":"https:\/\/lurdinha.org\/site\/nova-unidade-de-conservacao-em-caxias-legal-mas-e-as-outras\/","name":"Nova unidade de conserva\u00e7\u00e3o em Caxias. Legal! Mas e as outras? - Lurdinha - Duque de Caxias para Est\u00f4magos Fortes","isPartOf":{"@id":"https:\/\/lurdinha.org\/site\/#website"},"primaryImageOfPage":{"@id":"https:\/\/lurdinha.org\/site\/nova-unidade-de-conservacao-em-caxias-legal-mas-e-as-outras\/#primaryimage"},"image":{"@id":"https:\/\/lurdinha.org\/site\/nova-unidade-de-conservacao-em-caxias-legal-mas-e-as-outras\/#primaryimage"},"thumbnailUrl":"https:\/\/lurdinha.org\/site\/wp-content\/uploads\/loteamento-fazendasdossurdos.jpg","datePublished":"2025-04-30T19:30:10+00:00","dateModified":"2025-04-30T20:56:44+00:00","breadcrumb":{"@id":"https:\/\/lurdinha.org\/site\/nova-unidade-de-conservacao-em-caxias-legal-mas-e-as-outras\/#breadcrumb"},"inLanguage":"pt-BR","potentialAction":[{"@type":"ReadAction","target":["https:\/\/lurdinha.org\/site\/nova-unidade-de-conservacao-em-caxias-legal-mas-e-as-outras\/"]}]},{"@type":"ImageObject","inLanguage":"pt-BR","@id":"https:\/\/lurdinha.org\/site\/nova-unidade-de-conservacao-em-caxias-legal-mas-e-as-outras\/#primaryimage","url":"https:\/\/lurdinha.org\/site\/wp-content\/uploads\/loteamento-fazendasdossurdos.jpg","contentUrl":"https:\/\/lurdinha.org\/site\/wp-content\/uploads\/loteamento-fazendasdossurdos.jpg","width":800,"height":600},{"@type":"BreadcrumbList","@id":"https:\/\/lurdinha.org\/site\/nova-unidade-de-conservacao-em-caxias-legal-mas-e-as-outras\/#breadcrumb","itemListElement":[{"@type":"ListItem","position":1,"name":"In\u00edcio","item":"https:\/\/lurdinha.org\/site\/"},{"@type":"ListItem","position":2,"name":"Nova unidade de conserva\u00e7\u00e3o em Caxias. Legal! Mas e as outras?"}]},{"@type":"WebSite","@id":"https:\/\/lurdinha.org\/site\/#website","url":"https:\/\/lurdinha.org\/site\/","name":"Lurdinha - Duque de Caxias para Est\u00f4magos Fortes","description":"Site sobre Arte, Cultura, Pol\u00edtica, Sociedade e curiosidades da cidade de Duque de Caxias, RJ","publisher":{"@id":"https:\/\/lurdinha.org\/site\/#organization"},"alternateName":"Lurdinha","potentialAction":[{"@type":"SearchAction","target":{"@type":"EntryPoint","urlTemplate":"https:\/\/lurdinha.org\/site\/?s={search_term_string}"},"query-input":{"@type":"PropertyValueSpecification","valueRequired":true,"valueName":"search_term_string"}}],"inLanguage":"pt-BR"},{"@type":"Organization","@id":"https:\/\/lurdinha.org\/site\/#organization","name":"Lurdinha de Caxias","url":"https:\/\/lurdinha.org\/site\/","logo":{"@type":"ImageObject","inLanguage":"pt-BR","@id":"https:\/\/lurdinha.org\/site\/#\/schema\/logo\/image\/","url":"https:\/\/lurdinha.org\/site\/wp-content\/uploads\/logo-lurdinha.jpg","contentUrl":"https:\/\/lurdinha.org\/site\/wp-content\/uploads\/logo-lurdinha.jpg","width":640,"height":60,"caption":"Lurdinha de Caxias"},"image":{"@id":"https:\/\/lurdinha.org\/site\/#\/schema\/logo\/image\/"},"sameAs":["https:\/\/www.facebook.com\/LurdinhadeCaxias","https:\/\/www.instagram.com\/lurdinhadecaxias"]},{"@type":"Person","@id":"https:\/\/lurdinha.org\/site\/#\/schema\/person\/9e6cb9994a30b287e5ef677b616a6d4f","name":"Filipo Tardim","image":{"@type":"ImageObject","inLanguage":"pt-BR","@id":"https:\/\/secure.gravatar.com\/avatar\/c3ce620e643873cc01217fa86fc236dcdceb2f57285b3dccf2da5c96be93d336?s=96&d=mm&r=g","url":"https:\/\/secure.gravatar.com\/avatar\/c3ce620e643873cc01217fa86fc236dcdceb2f57285b3dccf2da5c96be93d336?s=96&d=mm&r=g","contentUrl":"https:\/\/secure.gravatar.com\/avatar\/c3ce620e643873cc01217fa86fc236dcdceb2f57285b3dccf2da5c96be93d336?s=96&d=mm&r=g","caption":"Filipo Tardim"},"sameAs":["https:\/\/www.facebook.com\/filipotardim"],"url":"https:\/\/lurdinha.org\/site\/author\/filipo\/"}]}},"views":678,"_links":{"self":[{"href":"https:\/\/lurdinha.org\/site\/wp-json\/wp\/v2\/posts\/11951","targetHints":{"allow":["GET"]}}],"collection":[{"href":"https:\/\/lurdinha.org\/site\/wp-json\/wp\/v2\/posts"}],"about":[{"href":"https:\/\/lurdinha.org\/site\/wp-json\/wp\/v2\/types\/post"}],"author":[{"embeddable":true,"href":"https:\/\/lurdinha.org\/site\/wp-json\/wp\/v2\/users\/51"}],"replies":[{"embeddable":true,"href":"https:\/\/lurdinha.org\/site\/wp-json\/wp\/v2\/comments?post=11951"}],"version-history":[{"count":3,"href":"https:\/\/lurdinha.org\/site\/wp-json\/wp\/v2\/posts\/11951\/revisions"}],"predecessor-version":[{"id":11958,"href":"https:\/\/lurdinha.org\/site\/wp-json\/wp\/v2\/posts\/11951\/revisions\/11958"}],"wp:featuredmedia":[{"embeddable":true,"href":"https:\/\/lurdinha.org\/site\/wp-json\/wp\/v2\/media\/11956"}],"wp:attachment":[{"href":"https:\/\/lurdinha.org\/site\/wp-json\/wp\/v2\/media?parent=11951"}],"wp:term":[{"taxonomy":"category","embeddable":true,"href":"https:\/\/lurdinha.org\/site\/wp-json\/wp\/v2\/categories?post=11951"},{"taxonomy":"post_tag","embeddable":true,"href":"https:\/\/lurdinha.org\/site\/wp-json\/wp\/v2\/tags?post=11951"}],"curies":[{"name":"wp","href":"https:\/\/api.w.org\/{rel}","templated":true}]}}