{"id":11945,"date":"2025-04-30T20:47:18","date_gmt":"2025-04-30T20:47:18","guid":{"rendered":"https:\/\/lurdinha.org\/site\/?p=11945"},"modified":"2026-03-06T19:39:19","modified_gmt":"2026-03-06T19:39:19","slug":"caxias-e-terra-de-festa-popular","status":"publish","type":"post","link":"https:\/\/lurdinha.org\/site\/caxias-e-terra-de-festa-popular\/","title":{"rendered":"Caxias \u00e9 terra de festa popular"},"content":{"rendered":"<p>Neste dia da Baixada, a gente brinca com o sofisticado letreiro na Ba\u00eda de Guanabara para afirmar que Caxias, al\u00e9m de terra de mulher bonita, tamb\u00e9m \u00e9 terra de festa popular. Longe de uma perspectiva hist\u00f3rica &#8211; e cabe pedir passagem aos historiadores e crias da Baixada, como: Marlucia Souza, Eliana Laurentino, Am\u00e1lia Dias, Nielson Bezerra, T\u00e2nia Amaro -, essa conversa vem em ritmo comemorativo ao Dia da Baixada e aos 15 anos da Revista Lurdinha para lembrar que \u201cCaxias \u00e9 a capital cultural do Brasil\u201d, como diz o mestre heraldo hb por a\u00ed.<\/p>\n<p>Entre andarilhagens, di\u00e1sporas, migra\u00e7\u00f5es e fluxos de toda ordem, nossa cidade se insere num ch\u00e3o que se reedita permanentemente. Como nos lembra o quilombola N\u00eago Bispo, que j\u00e1 teve andan\u00e7as nesse lugar: \u00e9 preciso alimentar a trajet\u00f3ria. O que chamamos hoje de cidade, pode ser nomeado por aldeia, sambaqui, quilombo, terreiro, favela, distrito, igreja, escola, sindicato, bar, feira\u2026 Tantos espa\u00e7os que significamos &#8211; a depender da rela\u00e7\u00e3o &#8211; como formadores ou estimuladores do nosso v\u00ednculo com a terra, ou melhor, com a \u00e1gua Baixada Fluminense.<\/p>\n<p>Num tempo que faz curva, diferente do nosso papo, a forma\u00e7\u00e3o cultural brasileira se deu em cima de um calend\u00e1rio eurocat\u00f3lico (Natal, Carnaval, S\u00e3o Jo\u00e3o, etc), a partir das interven\u00e7\u00f5es das m\u00faltiplas formas culturais ind\u00edgenas e africanas, como bem interpreta a intelectual, ativista e festeira L\u00e9lia Gonzalez (1935-1994) em seu livro Festas Populares no Brasil.<\/p>\n<p>Essa forma cultural brasileira fundamenta os festejos populares, que s\u00e3o manifesta\u00e7\u00f5es vivas na\/da Baixada. Em Caxias, de onde nos cabe falar, temos diversas festas populares que s\u00e3o permanentemente reinterpretadas numa condi\u00e7\u00e3o de disputa pela identidade da pr\u00f3pria cidade. Aqui, levanto s\u00f3 tr\u00eas tipos pra gente j\u00e1 se ligar que o buraco \u00e9 muito mais embaixo e s\u00f3 n\u00e3o curte a cidade quem n\u00e3o quer.<\/p>\n<ul>\n<li>As festas de igreja, que se instauram no catolicismo popular e est\u00e3o espalhadas por todo o Brasil, como C\u00edrio de Nazar\u00e9 em Bel\u00e9m-PA, Senhor do Bonfim em Salvador-BA, Nossa Senhora da Penha no Rio de Janeiro-RJ, etc. Esse \u00e9 o festejo que o povo tece v\u00ednculos de intimidade profunda com o santo de devo\u00e7\u00e3o, cada um \u00e0 sua maneira de sacralizar e profanar. Nossas festas de igreja mais populares aqui em Caxias s\u00e3o de <strong>Nossa Senhora do Pilar<\/strong>, padroeira da Diocese de Duque de Caxias e de <strong>Santo Ant\u00f4nio<\/strong>, padroeiro da cidade de Duque de Caxias. A festa pra Ant\u00f4nio e seus simpatizantes \u00e9 tamanha que, al\u00e9m de feriado municipal em 13 de junho, virou <strong>patrim\u00f4nio cultural imaterial<\/strong> do Estado do Rio de Janeiro pela Lei n\u00ba 10.713 de 27 de mar\u00e7o de 2025.<\/li>\n<li>As festas natalinas, que se organizam entre a v\u00e9spera Natal e o Dia de Reis, que numa encruzilhada festeira vai se alongando at\u00e9 20 de janeiro (Dia de S\u00e3o Sebasti\u00e3o) ou at\u00e9 quando a folia quiser. Na cultura popular elas se sagram como pastoris, reisados, folias e chegan\u00e7as. Em Caxias, assim como em todo estado do Rio de Janeiro, \u00e9 forte a presen\u00e7a das Folias de Reis. Temos a <strong>Folia de Reis Reisado Flor do Oriente<\/strong>, que come\u00e7ou num n\u00facleo rural em Minas Gerais e que h\u00e1 v\u00e1rias d\u00e9cadas \u00e9 radicada em Caxias, totalizando mais de 150 anos; al\u00e9m da <strong>Folia de Reis Reisado Flor de Primavera<\/strong> que mant\u00e9m seu legado na cidade. Vale lembrar que o calend\u00e1rio duquecaxiense tamb\u00e9m guarda a data de 25 de mar\u00e7o para celebrar o Dia Municipal do Foli\u00e3o de Reis, atrav\u00e9s da Lei n\u00b0 2621 de 07 de abril 2014.<\/li>\n<li>As festas de carnaval tamb\u00e9m ocupam um espa\u00e7o significativo no cotidiano da cidade h\u00e1 muitos anos. Como um festejo que se estabelece oficialmente sete domingos antes do domingo de p\u00e1scoa, o carnaval existe na ritualiza\u00e7\u00e3o da vida a partir comunidades negras na di\u00e1spora. Em Caxias, pouco se fala sobre escola de samba nas primeiras d\u00e9cadas do s\u00e9culo passado, junto a forma\u00e7\u00e3o social das escolas de samba no Rio de Janeiro, mas n\u00e3o podemos esquecer (e a Lurdinha n\u00e3o permite isso) que l\u00e1 pras bandas da d\u00e9cada de 30 j\u00e1 tinha escola de samba nessa cidade que pintava e bordava. Aqui cito s\u00f3 duas das quase centen\u00e1rias, que pra mim s\u00e3o fundamentais para entender as festas em Caxias: <strong>Uni\u00e3o do Centen\u00e1rio<\/strong> e a <strong>Cartolinhas de Caxias<\/strong>. H\u00e1 pouco mais de tr\u00eas d\u00e9cadas, temos a tricolor caxiense <strong>Acad\u00eamicos do Grande Rio<\/strong>, que ocupa um lugar de relev\u00e2ncia indiscut\u00edvel no cen\u00e1rio atual das escolas de samba do estado. J\u00e1 os blocos carnavalescos e culturais, assumem uma das faces das festas de carnaval na cidade, que tamb\u00e9m possuem sua marcada historicidade e pot\u00eancia, destaco: <strong>Bloco do China, Imp\u00e9rio do Gramacho e Imp\u00e9rio da Leopoldina<\/strong>. E os blocos culturais de rua: <strong><strong>Bloco Cultural Lira de Ouro, Plante uma Muda e Alegria do Centen\u00e1rio.<\/strong><\/strong><\/li>\n<\/ul>\n<p>Longe de ser tudo de festa popular que temos, mas perto de lembrar que a Lurdinha h\u00e1 15 anos vem afirmando isso tudo e muito mais nessa brincadeira que \u00e9 s\u00f3 pra quem tem est\u00f4mago forte!<\/p>\n<p>&nbsp;<\/p>\n<p>Parada obrigat\u00f3ria pra quem t\u00e1 de bobeira sobre as festas populares de Caxias:<\/p>\n<p><strong>As Folias de Reis est\u00e3o a\u00ed firmes e fortes!<\/strong><\/p>\n<p><a href=\"https:\/\/lurdinha.org\/site\/as-folias-de-reis-estao-ai-firmes-e-fortes\/\">https:\/\/lurdinha.org\/site\/as-folias-de-reis-estao-ai-firmes-e-fortes\/<\/a><\/p>\n<p><strong>Dia 25 de mar\u00e7o \u2013 Dia Municipal do Foli\u00e3o de Reis<\/strong><\/p>\n<p><a href=\"https:\/\/lurdinha.org\/site\/dia-25-de-marco-dia-municipal-do-foliao-de-reis\/\">https:\/\/lurdinha.org\/site\/dia-25-de-marco-dia-municipal-do-foliao-de-reis\/<\/a><\/p>\n<p><strong>Escolas de samba em Caxias, por Nei Lopes<\/strong><\/p>\n<p><a href=\"https:\/\/lurdinha.org\/site\/escolas-de-samba-em-caxias-por-nei-lopes\/\">https:\/\/lurdinha.org\/site\/escolas-de-samba-em-caxias-por-nei-lopes\/<\/a><\/p>\n<p><strong>O SANTO PADROEIRO<\/strong><\/p>\n<p><a href=\"https:\/\/lurdinha.org\/site\/o-santo-padroeiro\/\">https:\/\/lurdinha.org\/site\/o-santo-padroeiro\/<\/a><\/p>\n<p><strong>Bate-papo musical sobre a Cartolinhas de Caxias<\/strong><\/p>\n<p><a href=\"https:\/\/lurdinha.org\/site\/bate-papo-musical-sobre-a-cartolinhas-de-caxias\/\">https:\/\/lurdinha.org\/site\/bate-papo-musical-sobre-a-cartolinhas-de-caxias\/<\/a><\/p>\n<p><strong>Um pouco sobre o Carnaval de 1934 em Caxias<\/strong><\/p>\n<p><a href=\"https:\/\/lurdinha.org\/site\/um-pouco-sobre-o-carnaval-de-1934-em-caxias\/\">https:\/\/lurdinha.org\/site\/um-pouco-sobre-o-carnaval-de-1934-em-caxias\/<\/a><\/p>\n<p><strong>Escola de Samba Uni\u00e3o do Centen\u00e1rio em 1936<\/strong><\/p>\n<p><a href=\"https:\/\/lurdinha.org\/site\/escola-de-samba-uniao-do-centenario-em-1936\/\">https:\/\/lurdinha.org\/site\/escola-de-samba-uniao-do-centenario-em-1936\/<\/a><\/p>\n<p><strong>Raquel Trindade e o elo perdido caxiense<\/strong><\/p>\n<p><a href=\"https:\/\/lurdinha.org\/site\/raquel-trindade-e-o-elo-perdido-caxiense\/\">https:\/\/lurdinha.org\/site\/raquel-trindade-e-o-elo-perdido-caxiense\/<\/a><\/p>\n<p><strong>Atividades culturais marcam 50 anos do Bloco do China<\/strong><br \/>\n<a href=\"https:\/\/lurdinha.org\/site\/atividades-culturais-marcam-50-anos-do-bloco-do-china\/\">https:\/\/lurdinha.org\/site\/atividades-culturais-marcam-50-anos-do-bloco-do-china\/<\/a><\/p>\n","protected":false},"excerpt":{"rendered":"<p>Neste dia da Baixada, a gente brinca com o sofisticado letreiro na Ba\u00eda de Guanabara&#8230;<\/p>\n","protected":false},"author":91,"featured_media":11946,"comment_status":"open","ping_status":"closed","sticky":false,"template":"","format":"standard","meta":{"footnotes":""},"categories":[14,5],"tags":[17,710,11,330],"class_list":["post-11945","post","type-post","status-publish","format-standard","has-post-thumbnail","hentry","category-gente","category-umaboa","tag-carnaval","tag-cultura-em-caxias","tag-duque-de-caxias","tag-grande-rio"],"yoast_head":"<!-- This site is optimized with the Yoast SEO plugin v27.5 - https:\/\/yoast.com\/product\/yoast-seo-wordpress\/ -->\n<title>Caxias \u00e9 terra de festa popular - Lurdinha - Duque de Caxias para Est\u00f4magos Fortes<\/title>\n<meta name=\"robots\" content=\"index, follow, max-snippet:-1, max-image-preview:large, max-video-preview:-1\" \/>\n<link rel=\"canonical\" href=\"https:\/\/lurdinha.org\/site\/caxias-e-terra-de-festa-popular\/\" \/>\n<meta property=\"og:locale\" content=\"pt_BR\" \/>\n<meta property=\"og:type\" content=\"article\" \/>\n<meta property=\"og:title\" content=\"Caxias \u00e9 terra de festa popular - Lurdinha - Duque de Caxias para Est\u00f4magos Fortes\" \/>\n<meta property=\"og:description\" content=\"Neste dia da Baixada, a gente brinca com o sofisticado letreiro na Ba\u00eda de Guanabara...\" \/>\n<meta property=\"og:url\" content=\"https:\/\/lurdinha.org\/site\/caxias-e-terra-de-festa-popular\/\" \/>\n<meta property=\"og:site_name\" content=\"Lurdinha - Duque de Caxias para Est\u00f4magos Fortes\" \/>\n<meta property=\"article:publisher\" content=\"https:\/\/www.facebook.com\/LurdinhadeCaxias\" \/>\n<meta property=\"article:published_time\" content=\"2025-04-30T20:47:18+00:00\" \/>\n<meta property=\"article:modified_time\" content=\"2026-03-06T19:39:19+00:00\" \/>\n<meta property=\"og:image\" content=\"https:\/\/lurdinha.org\/site\/wp-content\/uploads\/e-festa-popular-e1745948934211.png\" \/>\n\t<meta property=\"og:image:width\" content=\"940\" \/>\n\t<meta property=\"og:image:height\" content=\"697\" \/>\n\t<meta property=\"og:image:type\" content=\"image\/png\" \/>\n<meta name=\"author\" content=\"Yasmin Menezes\" \/>\n<meta name=\"twitter:card\" content=\"summary_large_image\" \/>\n<meta name=\"twitter:label1\" content=\"Escrito por\" \/>\n\t<meta name=\"twitter:data1\" content=\"Yasmin Menezes\" \/>\n\t<meta name=\"twitter:label2\" content=\"Est. tempo de leitura\" \/>\n\t<meta name=\"twitter:data2\" content=\"5 minutos\" \/>\n<script type=\"application\/ld+json\" class=\"yoast-schema-graph\">{\"@context\":\"https:\\\/\\\/schema.org\",\"@graph\":[{\"@type\":\"Article\",\"@id\":\"https:\\\/\\\/lurdinha.org\\\/site\\\/caxias-e-terra-de-festa-popular\\\/#article\",\"isPartOf\":{\"@id\":\"https:\\\/\\\/lurdinha.org\\\/site\\\/caxias-e-terra-de-festa-popular\\\/\"},\"author\":{\"name\":\"Yasmin Menezes\",\"@id\":\"https:\\\/\\\/lurdinha.org\\\/site\\\/#\\\/schema\\\/person\\\/26b248fe4deafdae9624c750f660477c\"},\"headline\":\"Caxias \u00e9 terra de festa popular\",\"datePublished\":\"2025-04-30T20:47:18+00:00\",\"dateModified\":\"2026-03-06T19:39:19+00:00\",\"mainEntityOfPage\":{\"@id\":\"https:\\\/\\\/lurdinha.org\\\/site\\\/caxias-e-terra-de-festa-popular\\\/\"},\"wordCount\":1025,\"commentCount\":1,\"publisher\":{\"@id\":\"https:\\\/\\\/lurdinha.org\\\/site\\\/#organization\"},\"image\":{\"@id\":\"https:\\\/\\\/lurdinha.org\\\/site\\\/caxias-e-terra-de-festa-popular\\\/#primaryimage\"},\"thumbnailUrl\":\"https:\\\/\\\/lurdinha.org\\\/site\\\/wp-content\\\/uploads\\\/e-festa-popular-e1745948934211.png\",\"keywords\":[\"carnaval\",\"cultura em caxias\",\"duque-de-caxias\",\"Grande Rio\"],\"articleSection\":[\"gente\",\"uma boa\"],\"inLanguage\":\"pt-BR\",\"potentialAction\":[{\"@type\":\"CommentAction\",\"name\":\"Comment\",\"target\":[\"https:\\\/\\\/lurdinha.org\\\/site\\\/caxias-e-terra-de-festa-popular\\\/#respond\"]}]},{\"@type\":\"WebPage\",\"@id\":\"https:\\\/\\\/lurdinha.org\\\/site\\\/caxias-e-terra-de-festa-popular\\\/\",\"url\":\"https:\\\/\\\/lurdinha.org\\\/site\\\/caxias-e-terra-de-festa-popular\\\/\",\"name\":\"Caxias \u00e9 terra de festa popular - Lurdinha - Duque de Caxias para Est\u00f4magos Fortes\",\"isPartOf\":{\"@id\":\"https:\\\/\\\/lurdinha.org\\\/site\\\/#website\"},\"primaryImageOfPage\":{\"@id\":\"https:\\\/\\\/lurdinha.org\\\/site\\\/caxias-e-terra-de-festa-popular\\\/#primaryimage\"},\"image\":{\"@id\":\"https:\\\/\\\/lurdinha.org\\\/site\\\/caxias-e-terra-de-festa-popular\\\/#primaryimage\"},\"thumbnailUrl\":\"https:\\\/\\\/lurdinha.org\\\/site\\\/wp-content\\\/uploads\\\/e-festa-popular-e1745948934211.png\",\"datePublished\":\"2025-04-30T20:47:18+00:00\",\"dateModified\":\"2026-03-06T19:39:19+00:00\",\"breadcrumb\":{\"@id\":\"https:\\\/\\\/lurdinha.org\\\/site\\\/caxias-e-terra-de-festa-popular\\\/#breadcrumb\"},\"inLanguage\":\"pt-BR\",\"potentialAction\":[{\"@type\":\"ReadAction\",\"target\":[\"https:\\\/\\\/lurdinha.org\\\/site\\\/caxias-e-terra-de-festa-popular\\\/\"]}]},{\"@type\":\"ImageObject\",\"inLanguage\":\"pt-BR\",\"@id\":\"https:\\\/\\\/lurdinha.org\\\/site\\\/caxias-e-terra-de-festa-popular\\\/#primaryimage\",\"url\":\"https:\\\/\\\/lurdinha.org\\\/site\\\/wp-content\\\/uploads\\\/e-festa-popular-e1745948934211.png\",\"contentUrl\":\"https:\\\/\\\/lurdinha.org\\\/site\\\/wp-content\\\/uploads\\\/e-festa-popular-e1745948934211.png\",\"width\":940,\"height\":697},{\"@type\":\"BreadcrumbList\",\"@id\":\"https:\\\/\\\/lurdinha.org\\\/site\\\/caxias-e-terra-de-festa-popular\\\/#breadcrumb\",\"itemListElement\":[{\"@type\":\"ListItem\",\"position\":1,\"name\":\"In\u00edcio\",\"item\":\"https:\\\/\\\/lurdinha.org\\\/site\\\/\"},{\"@type\":\"ListItem\",\"position\":2,\"name\":\"Caxias \u00e9 terra de festa popular\"}]},{\"@type\":\"WebSite\",\"@id\":\"https:\\\/\\\/lurdinha.org\\\/site\\\/#website\",\"url\":\"https:\\\/\\\/lurdinha.org\\\/site\\\/\",\"name\":\"Lurdinha - Duque de Caxias para Est\u00f4magos Fortes\",\"description\":\"Site sobre Arte, Cultura, Pol\u00edtica, Sociedade e curiosidades da cidade de Duque de Caxias, RJ\",\"publisher\":{\"@id\":\"https:\\\/\\\/lurdinha.org\\\/site\\\/#organization\"},\"alternateName\":\"Lurdinha\",\"potentialAction\":[{\"@type\":\"SearchAction\",\"target\":{\"@type\":\"EntryPoint\",\"urlTemplate\":\"https:\\\/\\\/lurdinha.org\\\/site\\\/?s={search_term_string}\"},\"query-input\":{\"@type\":\"PropertyValueSpecification\",\"valueRequired\":true,\"valueName\":\"search_term_string\"}}],\"inLanguage\":\"pt-BR\"},{\"@type\":\"Organization\",\"@id\":\"https:\\\/\\\/lurdinha.org\\\/site\\\/#organization\",\"name\":\"Lurdinha de Caxias\",\"url\":\"https:\\\/\\\/lurdinha.org\\\/site\\\/\",\"logo\":{\"@type\":\"ImageObject\",\"inLanguage\":\"pt-BR\",\"@id\":\"https:\\\/\\\/lurdinha.org\\\/site\\\/#\\\/schema\\\/logo\\\/image\\\/\",\"url\":\"https:\\\/\\\/lurdinha.org\\\/site\\\/wp-content\\\/uploads\\\/logo-lurdinha.jpg\",\"contentUrl\":\"https:\\\/\\\/lurdinha.org\\\/site\\\/wp-content\\\/uploads\\\/logo-lurdinha.jpg\",\"width\":640,\"height\":60,\"caption\":\"Lurdinha de Caxias\"},\"image\":{\"@id\":\"https:\\\/\\\/lurdinha.org\\\/site\\\/#\\\/schema\\\/logo\\\/image\\\/\"},\"sameAs\":[\"https:\\\/\\\/www.facebook.com\\\/LurdinhadeCaxias\",\"https:\\\/\\\/www.instagram.com\\\/lurdinhadecaxias\"]},{\"@type\":\"Person\",\"@id\":\"https:\\\/\\\/lurdinha.org\\\/site\\\/#\\\/schema\\\/person\\\/26b248fe4deafdae9624c750f660477c\",\"name\":\"Yasmin Menezes\",\"image\":{\"@type\":\"ImageObject\",\"inLanguage\":\"pt-BR\",\"@id\":\"https:\\\/\\\/secure.gravatar.com\\\/avatar\\\/31e9bcce9b8c32d9665f6697fb901d4d57c47f9a4902cb66334b9e1682415f6a?s=96&d=mm&r=g\",\"url\":\"https:\\\/\\\/secure.gravatar.com\\\/avatar\\\/31e9bcce9b8c32d9665f6697fb901d4d57c47f9a4902cb66334b9e1682415f6a?s=96&d=mm&r=g\",\"contentUrl\":\"https:\\\/\\\/secure.gravatar.com\\\/avatar\\\/31e9bcce9b8c32d9665f6697fb901d4d57c47f9a4902cb66334b9e1682415f6a?s=96&d=mm&r=g\",\"caption\":\"Yasmin Menezes\"},\"description\":\"pesquisadora-educadora-sambista. agente cultural e mestranda em educa\u00e7\u00e3o, cultura e comunica\u00e7\u00e3o na FEBF-UERJ\",\"url\":\"https:\\\/\\\/lurdinha.org\\\/site\\\/author\\\/yasmin\\\/\"}]}<\/script>\n<!-- \/ Yoast SEO plugin. -->","yoast_head_json":{"title":"Caxias \u00e9 terra de festa popular - Lurdinha - Duque de Caxias para Est\u00f4magos Fortes","robots":{"index":"index","follow":"follow","max-snippet":"max-snippet:-1","max-image-preview":"max-image-preview:large","max-video-preview":"max-video-preview:-1"},"canonical":"https:\/\/lurdinha.org\/site\/caxias-e-terra-de-festa-popular\/","og_locale":"pt_BR","og_type":"article","og_title":"Caxias \u00e9 terra de festa popular - Lurdinha - Duque de Caxias para Est\u00f4magos Fortes","og_description":"Neste dia da Baixada, a gente brinca com o sofisticado letreiro na Ba\u00eda de Guanabara...","og_url":"https:\/\/lurdinha.org\/site\/caxias-e-terra-de-festa-popular\/","og_site_name":"Lurdinha - Duque de Caxias para Est\u00f4magos Fortes","article_publisher":"https:\/\/www.facebook.com\/LurdinhadeCaxias","article_published_time":"2025-04-30T20:47:18+00:00","article_modified_time":"2026-03-06T19:39:19+00:00","og_image":[{"width":940,"height":697,"url":"https:\/\/lurdinha.org\/site\/wp-content\/uploads\/e-festa-popular-e1745948934211.png","type":"image\/png"}],"author":"Yasmin Menezes","twitter_card":"summary_large_image","twitter_misc":{"Escrito por":"Yasmin Menezes","Est. tempo de leitura":"5 minutos"},"schema":{"@context":"https:\/\/schema.org","@graph":[{"@type":"Article","@id":"https:\/\/lurdinha.org\/site\/caxias-e-terra-de-festa-popular\/#article","isPartOf":{"@id":"https:\/\/lurdinha.org\/site\/caxias-e-terra-de-festa-popular\/"},"author":{"name":"Yasmin Menezes","@id":"https:\/\/lurdinha.org\/site\/#\/schema\/person\/26b248fe4deafdae9624c750f660477c"},"headline":"Caxias \u00e9 terra de festa popular","datePublished":"2025-04-30T20:47:18+00:00","dateModified":"2026-03-06T19:39:19+00:00","mainEntityOfPage":{"@id":"https:\/\/lurdinha.org\/site\/caxias-e-terra-de-festa-popular\/"},"wordCount":1025,"commentCount":1,"publisher":{"@id":"https:\/\/lurdinha.org\/site\/#organization"},"image":{"@id":"https:\/\/lurdinha.org\/site\/caxias-e-terra-de-festa-popular\/#primaryimage"},"thumbnailUrl":"https:\/\/lurdinha.org\/site\/wp-content\/uploads\/e-festa-popular-e1745948934211.png","keywords":["carnaval","cultura em caxias","duque-de-caxias","Grande Rio"],"articleSection":["gente","uma boa"],"inLanguage":"pt-BR","potentialAction":[{"@type":"CommentAction","name":"Comment","target":["https:\/\/lurdinha.org\/site\/caxias-e-terra-de-festa-popular\/#respond"]}]},{"@type":"WebPage","@id":"https:\/\/lurdinha.org\/site\/caxias-e-terra-de-festa-popular\/","url":"https:\/\/lurdinha.org\/site\/caxias-e-terra-de-festa-popular\/","name":"Caxias \u00e9 terra de festa popular - Lurdinha - Duque de Caxias para Est\u00f4magos Fortes","isPartOf":{"@id":"https:\/\/lurdinha.org\/site\/#website"},"primaryImageOfPage":{"@id":"https:\/\/lurdinha.org\/site\/caxias-e-terra-de-festa-popular\/#primaryimage"},"image":{"@id":"https:\/\/lurdinha.org\/site\/caxias-e-terra-de-festa-popular\/#primaryimage"},"thumbnailUrl":"https:\/\/lurdinha.org\/site\/wp-content\/uploads\/e-festa-popular-e1745948934211.png","datePublished":"2025-04-30T20:47:18+00:00","dateModified":"2026-03-06T19:39:19+00:00","breadcrumb":{"@id":"https:\/\/lurdinha.org\/site\/caxias-e-terra-de-festa-popular\/#breadcrumb"},"inLanguage":"pt-BR","potentialAction":[{"@type":"ReadAction","target":["https:\/\/lurdinha.org\/site\/caxias-e-terra-de-festa-popular\/"]}]},{"@type":"ImageObject","inLanguage":"pt-BR","@id":"https:\/\/lurdinha.org\/site\/caxias-e-terra-de-festa-popular\/#primaryimage","url":"https:\/\/lurdinha.org\/site\/wp-content\/uploads\/e-festa-popular-e1745948934211.png","contentUrl":"https:\/\/lurdinha.org\/site\/wp-content\/uploads\/e-festa-popular-e1745948934211.png","width":940,"height":697},{"@type":"BreadcrumbList","@id":"https:\/\/lurdinha.org\/site\/caxias-e-terra-de-festa-popular\/#breadcrumb","itemListElement":[{"@type":"ListItem","position":1,"name":"In\u00edcio","item":"https:\/\/lurdinha.org\/site\/"},{"@type":"ListItem","position":2,"name":"Caxias \u00e9 terra de festa popular"}]},{"@type":"WebSite","@id":"https:\/\/lurdinha.org\/site\/#website","url":"https:\/\/lurdinha.org\/site\/","name":"Lurdinha - Duque de Caxias para Est\u00f4magos Fortes","description":"Site sobre Arte, Cultura, Pol\u00edtica, Sociedade e curiosidades da cidade de Duque de Caxias, RJ","publisher":{"@id":"https:\/\/lurdinha.org\/site\/#organization"},"alternateName":"Lurdinha","potentialAction":[{"@type":"SearchAction","target":{"@type":"EntryPoint","urlTemplate":"https:\/\/lurdinha.org\/site\/?s={search_term_string}"},"query-input":{"@type":"PropertyValueSpecification","valueRequired":true,"valueName":"search_term_string"}}],"inLanguage":"pt-BR"},{"@type":"Organization","@id":"https:\/\/lurdinha.org\/site\/#organization","name":"Lurdinha de Caxias","url":"https:\/\/lurdinha.org\/site\/","logo":{"@type":"ImageObject","inLanguage":"pt-BR","@id":"https:\/\/lurdinha.org\/site\/#\/schema\/logo\/image\/","url":"https:\/\/lurdinha.org\/site\/wp-content\/uploads\/logo-lurdinha.jpg","contentUrl":"https:\/\/lurdinha.org\/site\/wp-content\/uploads\/logo-lurdinha.jpg","width":640,"height":60,"caption":"Lurdinha de Caxias"},"image":{"@id":"https:\/\/lurdinha.org\/site\/#\/schema\/logo\/image\/"},"sameAs":["https:\/\/www.facebook.com\/LurdinhadeCaxias","https:\/\/www.instagram.com\/lurdinhadecaxias"]},{"@type":"Person","@id":"https:\/\/lurdinha.org\/site\/#\/schema\/person\/26b248fe4deafdae9624c750f660477c","name":"Yasmin Menezes","image":{"@type":"ImageObject","inLanguage":"pt-BR","@id":"https:\/\/secure.gravatar.com\/avatar\/31e9bcce9b8c32d9665f6697fb901d4d57c47f9a4902cb66334b9e1682415f6a?s=96&d=mm&r=g","url":"https:\/\/secure.gravatar.com\/avatar\/31e9bcce9b8c32d9665f6697fb901d4d57c47f9a4902cb66334b9e1682415f6a?s=96&d=mm&r=g","contentUrl":"https:\/\/secure.gravatar.com\/avatar\/31e9bcce9b8c32d9665f6697fb901d4d57c47f9a4902cb66334b9e1682415f6a?s=96&d=mm&r=g","caption":"Yasmin Menezes"},"description":"pesquisadora-educadora-sambista. agente cultural e mestranda em educa\u00e7\u00e3o, cultura e comunica\u00e7\u00e3o na FEBF-UERJ","url":"https:\/\/lurdinha.org\/site\/author\/yasmin\/"}]}},"views":788,"_links":{"self":[{"href":"https:\/\/lurdinha.org\/site\/wp-json\/wp\/v2\/posts\/11945","targetHints":{"allow":["GET"]}}],"collection":[{"href":"https:\/\/lurdinha.org\/site\/wp-json\/wp\/v2\/posts"}],"about":[{"href":"https:\/\/lurdinha.org\/site\/wp-json\/wp\/v2\/types\/post"}],"author":[{"embeddable":true,"href":"https:\/\/lurdinha.org\/site\/wp-json\/wp\/v2\/users\/91"}],"replies":[{"embeddable":true,"href":"https:\/\/lurdinha.org\/site\/wp-json\/wp\/v2\/comments?post=11945"}],"version-history":[{"count":7,"href":"https:\/\/lurdinha.org\/site\/wp-json\/wp\/v2\/posts\/11945\/revisions"}],"predecessor-version":[{"id":11997,"href":"https:\/\/lurdinha.org\/site\/wp-json\/wp\/v2\/posts\/11945\/revisions\/11997"}],"wp:featuredmedia":[{"embeddable":true,"href":"https:\/\/lurdinha.org\/site\/wp-json\/wp\/v2\/media\/11946"}],"wp:attachment":[{"href":"https:\/\/lurdinha.org\/site\/wp-json\/wp\/v2\/media?parent=11945"}],"wp:term":[{"taxonomy":"category","embeddable":true,"href":"https:\/\/lurdinha.org\/site\/wp-json\/wp\/v2\/categories?post=11945"},{"taxonomy":"post_tag","embeddable":true,"href":"https:\/\/lurdinha.org\/site\/wp-json\/wp\/v2\/tags?post=11945"}],"curies":[{"name":"wp","href":"https:\/\/api.w.org\/{rel}","templated":true}]}}