{"id":11932,"date":"2025-04-27T23:07:29","date_gmt":"2025-04-27T23:07:29","guid":{"rendered":"https:\/\/lurdinha.org\/site\/?p=11932"},"modified":"2026-03-06T19:41:23","modified_gmt":"2026-03-06T19:41:23","slug":"como-foi-o-lancamento-do-curso-de-cinema-da-uerj-baixada","status":"publish","type":"post","link":"https:\/\/lurdinha.org\/site\/como-foi-o-lancamento-do-curso-de-cinema-da-uerj-baixada\/","title":{"rendered":"Como foi o lan\u00e7amento do curso de Cinema da Uerj Baixada"},"content":{"rendered":"<p><iframe loading=\"lazy\" title=\"Lan\u00e7amento da Licenciatura em Cinema na FEBF | Uerj em Pauta\" width=\"640\" height=\"360\" src=\"https:\/\/www.youtube.com\/embed\/ky3ipm8h-K8?feature=oembed\" frameborder=\"0\" allow=\"accelerometer; autoplay; clipboard-write; encrypted-media; gyroscope; picture-in-picture; web-share\" referrerpolicy=\"strict-origin-when-cross-origin\" allowfullscreen><\/iframe><\/p>\n<p>Pela primeira vez na UERJ, o curso de Cinema e Audiovisual \u00e9 uma das forma\u00e7\u00f5es oferecidas na Universidade. O lan\u00e7amento aconteceu na Faculdade de Educa\u00e7\u00e3o da Baixada Fluminense FEBF\/UERJ.<\/p>\n<p>A cobertura \u00e9 da TV UERJ .<\/p>\n","protected":false},"excerpt":{"rendered":"<p>Pela primeira vez na UERJ, o curso de Cinema e Audiovisual \u00e9 uma das forma\u00e7\u00f5es&#8230;<\/p>\n","protected":false},"author":87,"featured_media":11831,"comment_status":"open","ping_status":"closed","sticky":false,"template":"","format":"standard","meta":{"footnotes":""},"categories":[8,5],"tags":[717,962,12,577,11,233],"class_list":["post-11932","post","type-post","status-publish","format-standard","has-post-thumbnail","hentry","category-evento","category-umaboa","tag-audiovisual-baixada","tag-baixada-filma","tag-baixada-fluminense","tag-cinema","tag-duque-de-caxias","tag-febf"],"yoast_head":"<!-- This site is optimized with the Yoast SEO plugin v27.5 - https:\/\/yoast.com\/product\/yoast-seo-wordpress\/ -->\n<title>Como foi o lan\u00e7amento do curso de Cinema da Uerj Baixada - Lurdinha - Duque de Caxias para Est\u00f4magos Fortes<\/title>\n<meta name=\"robots\" content=\"index, follow, max-snippet:-1, max-image-preview:large, max-video-preview:-1\" \/>\n<link rel=\"canonical\" href=\"https:\/\/lurdinha.org\/site\/como-foi-o-lancamento-do-curso-de-cinema-da-uerj-baixada\/\" \/>\n<meta property=\"og:locale\" content=\"pt_BR\" \/>\n<meta property=\"og:type\" content=\"article\" \/>\n<meta property=\"og:title\" content=\"Como foi o lan\u00e7amento do curso de Cinema da Uerj Baixada - Lurdinha - Duque de Caxias para Est\u00f4magos Fortes\" \/>\n<meta property=\"og:description\" content=\"Pela primeira vez na UERJ, o curso de Cinema e Audiovisual \u00e9 uma das forma\u00e7\u00f5es...\" \/>\n<meta property=\"og:url\" content=\"https:\/\/lurdinha.org\/site\/como-foi-o-lancamento-do-curso-de-cinema-da-uerj-baixada\/\" \/>\n<meta property=\"og:site_name\" content=\"Lurdinha - Duque de Caxias para Est\u00f4magos Fortes\" \/>\n<meta property=\"article:publisher\" content=\"https:\/\/www.facebook.com\/LurdinhadeCaxias\" \/>\n<meta property=\"article:published_time\" content=\"2025-04-27T23:07:29+00:00\" \/>\n<meta property=\"article:modified_time\" content=\"2026-03-06T19:41:23+00:00\" \/>\n<meta property=\"og:image\" content=\"https:\/\/lurdinha.org\/site\/wp-content\/uploads\/cinema-na-febf-uerj.jpeg\" \/>\n\t<meta property=\"og:image:width\" content=\"1024\" \/>\n\t<meta property=\"og:image:height\" content=\"1280\" \/>\n\t<meta property=\"og:image:type\" content=\"image\/jpeg\" \/>\n<meta name=\"author\" content=\"Editoria\" \/>\n<meta name=\"twitter:card\" content=\"summary_large_image\" \/>\n<meta name=\"twitter:label1\" content=\"Escrito por\" \/>\n\t<meta name=\"twitter:data1\" content=\"Editoria\" \/>\n<script type=\"application\/ld+json\" class=\"yoast-schema-graph\">{\"@context\":\"https:\\\/\\\/schema.org\",\"@graph\":[{\"@type\":\"Article\",\"@id\":\"https:\\\/\\\/lurdinha.org\\\/site\\\/como-foi-o-lancamento-do-curso-de-cinema-da-uerj-baixada\\\/#article\",\"isPartOf\":{\"@id\":\"https:\\\/\\\/lurdinha.org\\\/site\\\/como-foi-o-lancamento-do-curso-de-cinema-da-uerj-baixada\\\/\"},\"author\":{\"name\":\"Editoria\",\"@id\":\"https:\\\/\\\/lurdinha.org\\\/site\\\/#\\\/schema\\\/person\\\/6b0b6b83043cbaf7707ee275576b00ea\"},\"headline\":\"Como foi o lan\u00e7amento do curso de Cinema da Uerj Baixada\",\"datePublished\":\"2025-04-27T23:07:29+00:00\",\"dateModified\":\"2026-03-06T19:41:23+00:00\",\"mainEntityOfPage\":{\"@id\":\"https:\\\/\\\/lurdinha.org\\\/site\\\/como-foi-o-lancamento-do-curso-de-cinema-da-uerj-baixada\\\/\"},\"wordCount\":58,\"commentCount\":0,\"publisher\":{\"@id\":\"https:\\\/\\\/lurdinha.org\\\/site\\\/#organization\"},\"image\":{\"@id\":\"https:\\\/\\\/lurdinha.org\\\/site\\\/como-foi-o-lancamento-do-curso-de-cinema-da-uerj-baixada\\\/#primaryimage\"},\"thumbnailUrl\":\"https:\\\/\\\/lurdinha.org\\\/site\\\/wp-content\\\/uploads\\\/cinema-na-febf-uerj.jpeg\",\"keywords\":[\"audiovisual baixada\",\"baixada filma\",\"baixada-fluminense\",\"cinema\",\"duque-de-caxias\",\"Febf\"],\"articleSection\":[\"evento\",\"uma boa\"],\"inLanguage\":\"pt-BR\",\"potentialAction\":[{\"@type\":\"CommentAction\",\"name\":\"Comment\",\"target\":[\"https:\\\/\\\/lurdinha.org\\\/site\\\/como-foi-o-lancamento-do-curso-de-cinema-da-uerj-baixada\\\/#respond\"]}]},{\"@type\":\"WebPage\",\"@id\":\"https:\\\/\\\/lurdinha.org\\\/site\\\/como-foi-o-lancamento-do-curso-de-cinema-da-uerj-baixada\\\/\",\"url\":\"https:\\\/\\\/lurdinha.org\\\/site\\\/como-foi-o-lancamento-do-curso-de-cinema-da-uerj-baixada\\\/\",\"name\":\"Como foi o lan\u00e7amento do curso de Cinema da Uerj Baixada - Lurdinha - Duque de Caxias para Est\u00f4magos Fortes\",\"isPartOf\":{\"@id\":\"https:\\\/\\\/lurdinha.org\\\/site\\\/#website\"},\"primaryImageOfPage\":{\"@id\":\"https:\\\/\\\/lurdinha.org\\\/site\\\/como-foi-o-lancamento-do-curso-de-cinema-da-uerj-baixada\\\/#primaryimage\"},\"image\":{\"@id\":\"https:\\\/\\\/lurdinha.org\\\/site\\\/como-foi-o-lancamento-do-curso-de-cinema-da-uerj-baixada\\\/#primaryimage\"},\"thumbnailUrl\":\"https:\\\/\\\/lurdinha.org\\\/site\\\/wp-content\\\/uploads\\\/cinema-na-febf-uerj.jpeg\",\"datePublished\":\"2025-04-27T23:07:29+00:00\",\"dateModified\":\"2026-03-06T19:41:23+00:00\",\"breadcrumb\":{\"@id\":\"https:\\\/\\\/lurdinha.org\\\/site\\\/como-foi-o-lancamento-do-curso-de-cinema-da-uerj-baixada\\\/#breadcrumb\"},\"inLanguage\":\"pt-BR\",\"potentialAction\":[{\"@type\":\"ReadAction\",\"target\":[\"https:\\\/\\\/lurdinha.org\\\/site\\\/como-foi-o-lancamento-do-curso-de-cinema-da-uerj-baixada\\\/\"]}]},{\"@type\":\"ImageObject\",\"inLanguage\":\"pt-BR\",\"@id\":\"https:\\\/\\\/lurdinha.org\\\/site\\\/como-foi-o-lancamento-do-curso-de-cinema-da-uerj-baixada\\\/#primaryimage\",\"url\":\"https:\\\/\\\/lurdinha.org\\\/site\\\/wp-content\\\/uploads\\\/cinema-na-febf-uerj.jpeg\",\"contentUrl\":\"https:\\\/\\\/lurdinha.org\\\/site\\\/wp-content\\\/uploads\\\/cinema-na-febf-uerj.jpeg\",\"width\":1024,\"height\":1280},{\"@type\":\"BreadcrumbList\",\"@id\":\"https:\\\/\\\/lurdinha.org\\\/site\\\/como-foi-o-lancamento-do-curso-de-cinema-da-uerj-baixada\\\/#breadcrumb\",\"itemListElement\":[{\"@type\":\"ListItem\",\"position\":1,\"name\":\"In\u00edcio\",\"item\":\"https:\\\/\\\/lurdinha.org\\\/site\\\/\"},{\"@type\":\"ListItem\",\"position\":2,\"name\":\"Como foi o lan\u00e7amento do curso de Cinema da Uerj Baixada\"}]},{\"@type\":\"WebSite\",\"@id\":\"https:\\\/\\\/lurdinha.org\\\/site\\\/#website\",\"url\":\"https:\\\/\\\/lurdinha.org\\\/site\\\/\",\"name\":\"Lurdinha - Duque de Caxias para Est\u00f4magos Fortes\",\"description\":\"Site sobre Arte, Cultura, Pol\u00edtica, Sociedade e curiosidades da cidade de Duque de Caxias, RJ\",\"publisher\":{\"@id\":\"https:\\\/\\\/lurdinha.org\\\/site\\\/#organization\"},\"alternateName\":\"Lurdinha\",\"potentialAction\":[{\"@type\":\"SearchAction\",\"target\":{\"@type\":\"EntryPoint\",\"urlTemplate\":\"https:\\\/\\\/lurdinha.org\\\/site\\\/?s={search_term_string}\"},\"query-input\":{\"@type\":\"PropertyValueSpecification\",\"valueRequired\":true,\"valueName\":\"search_term_string\"}}],\"inLanguage\":\"pt-BR\"},{\"@type\":\"Organization\",\"@id\":\"https:\\\/\\\/lurdinha.org\\\/site\\\/#organization\",\"name\":\"Lurdinha de Caxias\",\"url\":\"https:\\\/\\\/lurdinha.org\\\/site\\\/\",\"logo\":{\"@type\":\"ImageObject\",\"inLanguage\":\"pt-BR\",\"@id\":\"https:\\\/\\\/lurdinha.org\\\/site\\\/#\\\/schema\\\/logo\\\/image\\\/\",\"url\":\"https:\\\/\\\/lurdinha.org\\\/site\\\/wp-content\\\/uploads\\\/logo-lurdinha.jpg\",\"contentUrl\":\"https:\\\/\\\/lurdinha.org\\\/site\\\/wp-content\\\/uploads\\\/logo-lurdinha.jpg\",\"width\":640,\"height\":60,\"caption\":\"Lurdinha de Caxias\"},\"image\":{\"@id\":\"https:\\\/\\\/lurdinha.org\\\/site\\\/#\\\/schema\\\/logo\\\/image\\\/\"},\"sameAs\":[\"https:\\\/\\\/www.facebook.com\\\/LurdinhadeCaxias\",\"https:\\\/\\\/www.instagram.com\\\/lurdinhadecaxias\"]},{\"@type\":\"Person\",\"@id\":\"https:\\\/\\\/lurdinha.org\\\/site\\\/#\\\/schema\\\/person\\\/6b0b6b83043cbaf7707ee275576b00ea\",\"name\":\"Editoria\",\"image\":{\"@type\":\"ImageObject\",\"inLanguage\":\"pt-BR\",\"@id\":\"https:\\\/\\\/secure.gravatar.com\\\/avatar\\\/0ba27ca5462d63e6c810ae4debe7159a69befcd2e33516be5bad4700d2dbfa72?s=96&d=mm&r=g\",\"url\":\"https:\\\/\\\/secure.gravatar.com\\\/avatar\\\/0ba27ca5462d63e6c810ae4debe7159a69befcd2e33516be5bad4700d2dbfa72?s=96&d=mm&r=g\",\"contentUrl\":\"https:\\\/\\\/secure.gravatar.com\\\/avatar\\\/0ba27ca5462d63e6c810ae4debe7159a69befcd2e33516be5bad4700d2dbfa72?s=96&d=mm&r=g\",\"caption\":\"Editoria\"},\"url\":\"https:\\\/\\\/lurdinha.org\\\/site\\\/author\\\/editoria\\\/\"}]}<\/script>\n<!-- \/ Yoast SEO plugin. -->","yoast_head_json":{"title":"Como foi o lan\u00e7amento do curso de Cinema da Uerj Baixada - Lurdinha - Duque de Caxias para Est\u00f4magos Fortes","robots":{"index":"index","follow":"follow","max-snippet":"max-snippet:-1","max-image-preview":"max-image-preview:large","max-video-preview":"max-video-preview:-1"},"canonical":"https:\/\/lurdinha.org\/site\/como-foi-o-lancamento-do-curso-de-cinema-da-uerj-baixada\/","og_locale":"pt_BR","og_type":"article","og_title":"Como foi o lan\u00e7amento do curso de Cinema da Uerj Baixada - Lurdinha - Duque de Caxias para Est\u00f4magos Fortes","og_description":"Pela primeira vez na UERJ, o curso de Cinema e Audiovisual \u00e9 uma das forma\u00e7\u00f5es...","og_url":"https:\/\/lurdinha.org\/site\/como-foi-o-lancamento-do-curso-de-cinema-da-uerj-baixada\/","og_site_name":"Lurdinha - Duque de Caxias para Est\u00f4magos Fortes","article_publisher":"https:\/\/www.facebook.com\/LurdinhadeCaxias","article_published_time":"2025-04-27T23:07:29+00:00","article_modified_time":"2026-03-06T19:41:23+00:00","og_image":[{"width":1024,"height":1280,"url":"https:\/\/lurdinha.org\/site\/wp-content\/uploads\/cinema-na-febf-uerj.jpeg","type":"image\/jpeg"}],"author":"Editoria","twitter_card":"summary_large_image","twitter_misc":{"Escrito por":"Editoria"},"schema":{"@context":"https:\/\/schema.org","@graph":[{"@type":"Article","@id":"https:\/\/lurdinha.org\/site\/como-foi-o-lancamento-do-curso-de-cinema-da-uerj-baixada\/#article","isPartOf":{"@id":"https:\/\/lurdinha.org\/site\/como-foi-o-lancamento-do-curso-de-cinema-da-uerj-baixada\/"},"author":{"name":"Editoria","@id":"https:\/\/lurdinha.org\/site\/#\/schema\/person\/6b0b6b83043cbaf7707ee275576b00ea"},"headline":"Como foi o lan\u00e7amento do curso de Cinema da Uerj Baixada","datePublished":"2025-04-27T23:07:29+00:00","dateModified":"2026-03-06T19:41:23+00:00","mainEntityOfPage":{"@id":"https:\/\/lurdinha.org\/site\/como-foi-o-lancamento-do-curso-de-cinema-da-uerj-baixada\/"},"wordCount":58,"commentCount":0,"publisher":{"@id":"https:\/\/lurdinha.org\/site\/#organization"},"image":{"@id":"https:\/\/lurdinha.org\/site\/como-foi-o-lancamento-do-curso-de-cinema-da-uerj-baixada\/#primaryimage"},"thumbnailUrl":"https:\/\/lurdinha.org\/site\/wp-content\/uploads\/cinema-na-febf-uerj.jpeg","keywords":["audiovisual baixada","baixada filma","baixada-fluminense","cinema","duque-de-caxias","Febf"],"articleSection":["evento","uma boa"],"inLanguage":"pt-BR","potentialAction":[{"@type":"CommentAction","name":"Comment","target":["https:\/\/lurdinha.org\/site\/como-foi-o-lancamento-do-curso-de-cinema-da-uerj-baixada\/#respond"]}]},{"@type":"WebPage","@id":"https:\/\/lurdinha.org\/site\/como-foi-o-lancamento-do-curso-de-cinema-da-uerj-baixada\/","url":"https:\/\/lurdinha.org\/site\/como-foi-o-lancamento-do-curso-de-cinema-da-uerj-baixada\/","name":"Como foi o lan\u00e7amento do curso de Cinema da Uerj Baixada - Lurdinha - Duque de Caxias para Est\u00f4magos Fortes","isPartOf":{"@id":"https:\/\/lurdinha.org\/site\/#website"},"primaryImageOfPage":{"@id":"https:\/\/lurdinha.org\/site\/como-foi-o-lancamento-do-curso-de-cinema-da-uerj-baixada\/#primaryimage"},"image":{"@id":"https:\/\/lurdinha.org\/site\/como-foi-o-lancamento-do-curso-de-cinema-da-uerj-baixada\/#primaryimage"},"thumbnailUrl":"https:\/\/lurdinha.org\/site\/wp-content\/uploads\/cinema-na-febf-uerj.jpeg","datePublished":"2025-04-27T23:07:29+00:00","dateModified":"2026-03-06T19:41:23+00:00","breadcrumb":{"@id":"https:\/\/lurdinha.org\/site\/como-foi-o-lancamento-do-curso-de-cinema-da-uerj-baixada\/#breadcrumb"},"inLanguage":"pt-BR","potentialAction":[{"@type":"ReadAction","target":["https:\/\/lurdinha.org\/site\/como-foi-o-lancamento-do-curso-de-cinema-da-uerj-baixada\/"]}]},{"@type":"ImageObject","inLanguage":"pt-BR","@id":"https:\/\/lurdinha.org\/site\/como-foi-o-lancamento-do-curso-de-cinema-da-uerj-baixada\/#primaryimage","url":"https:\/\/lurdinha.org\/site\/wp-content\/uploads\/cinema-na-febf-uerj.jpeg","contentUrl":"https:\/\/lurdinha.org\/site\/wp-content\/uploads\/cinema-na-febf-uerj.jpeg","width":1024,"height":1280},{"@type":"BreadcrumbList","@id":"https:\/\/lurdinha.org\/site\/como-foi-o-lancamento-do-curso-de-cinema-da-uerj-baixada\/#breadcrumb","itemListElement":[{"@type":"ListItem","position":1,"name":"In\u00edcio","item":"https:\/\/lurdinha.org\/site\/"},{"@type":"ListItem","position":2,"name":"Como foi o lan\u00e7amento do curso de Cinema da Uerj Baixada"}]},{"@type":"WebSite","@id":"https:\/\/lurdinha.org\/site\/#website","url":"https:\/\/lurdinha.org\/site\/","name":"Lurdinha - Duque de Caxias para Est\u00f4magos Fortes","description":"Site sobre Arte, Cultura, Pol\u00edtica, Sociedade e curiosidades da cidade de Duque de Caxias, RJ","publisher":{"@id":"https:\/\/lurdinha.org\/site\/#organization"},"alternateName":"Lurdinha","potentialAction":[{"@type":"SearchAction","target":{"@type":"EntryPoint","urlTemplate":"https:\/\/lurdinha.org\/site\/?s={search_term_string}"},"query-input":{"@type":"PropertyValueSpecification","valueRequired":true,"valueName":"search_term_string"}}],"inLanguage":"pt-BR"},{"@type":"Organization","@id":"https:\/\/lurdinha.org\/site\/#organization","name":"Lurdinha de Caxias","url":"https:\/\/lurdinha.org\/site\/","logo":{"@type":"ImageObject","inLanguage":"pt-BR","@id":"https:\/\/lurdinha.org\/site\/#\/schema\/logo\/image\/","url":"https:\/\/lurdinha.org\/site\/wp-content\/uploads\/logo-lurdinha.jpg","contentUrl":"https:\/\/lurdinha.org\/site\/wp-content\/uploads\/logo-lurdinha.jpg","width":640,"height":60,"caption":"Lurdinha de Caxias"},"image":{"@id":"https:\/\/lurdinha.org\/site\/#\/schema\/logo\/image\/"},"sameAs":["https:\/\/www.facebook.com\/LurdinhadeCaxias","https:\/\/www.instagram.com\/lurdinhadecaxias"]},{"@type":"Person","@id":"https:\/\/lurdinha.org\/site\/#\/schema\/person\/6b0b6b83043cbaf7707ee275576b00ea","name":"Editoria","image":{"@type":"ImageObject","inLanguage":"pt-BR","@id":"https:\/\/secure.gravatar.com\/avatar\/0ba27ca5462d63e6c810ae4debe7159a69befcd2e33516be5bad4700d2dbfa72?s=96&d=mm&r=g","url":"https:\/\/secure.gravatar.com\/avatar\/0ba27ca5462d63e6c810ae4debe7159a69befcd2e33516be5bad4700d2dbfa72?s=96&d=mm&r=g","contentUrl":"https:\/\/secure.gravatar.com\/avatar\/0ba27ca5462d63e6c810ae4debe7159a69befcd2e33516be5bad4700d2dbfa72?s=96&d=mm&r=g","caption":"Editoria"},"url":"https:\/\/lurdinha.org\/site\/author\/editoria\/"}]}},"views":552,"_links":{"self":[{"href":"https:\/\/lurdinha.org\/site\/wp-json\/wp\/v2\/posts\/11932","targetHints":{"allow":["GET"]}}],"collection":[{"href":"https:\/\/lurdinha.org\/site\/wp-json\/wp\/v2\/posts"}],"about":[{"href":"https:\/\/lurdinha.org\/site\/wp-json\/wp\/v2\/types\/post"}],"author":[{"embeddable":true,"href":"https:\/\/lurdinha.org\/site\/wp-json\/wp\/v2\/users\/87"}],"replies":[{"embeddable":true,"href":"https:\/\/lurdinha.org\/site\/wp-json\/wp\/v2\/comments?post=11932"}],"version-history":[{"count":4,"href":"https:\/\/lurdinha.org\/site\/wp-json\/wp\/v2\/posts\/11932\/revisions"}],"predecessor-version":[{"id":11937,"href":"https:\/\/lurdinha.org\/site\/wp-json\/wp\/v2\/posts\/11932\/revisions\/11937"}],"wp:featuredmedia":[{"embeddable":true,"href":"https:\/\/lurdinha.org\/site\/wp-json\/wp\/v2\/media\/11831"}],"wp:attachment":[{"href":"https:\/\/lurdinha.org\/site\/wp-json\/wp\/v2\/media?parent=11932"}],"wp:term":[{"taxonomy":"category","embeddable":true,"href":"https:\/\/lurdinha.org\/site\/wp-json\/wp\/v2\/categories?post=11932"},{"taxonomy":"post_tag","embeddable":true,"href":"https:\/\/lurdinha.org\/site\/wp-json\/wp\/v2\/tags?post=11932"}],"curies":[{"name":"wp","href":"https:\/\/api.w.org\/{rel}","templated":true}]}}