{"id":11792,"date":"2025-03-07T16:51:12","date_gmt":"2025-03-07T16:51:12","guid":{"rendered":"https:\/\/lurdinha.org\/site\/?p=11792"},"modified":"2025-03-11T16:52:12","modified_gmt":"2025-03-11T16:52:12","slug":"valeu-beija-flor-de-nilopolis","status":"publish","type":"post","link":"https:\/\/lurdinha.org\/site\/valeu-beija-flor-de-nilopolis\/","title":{"rendered":"Valeu, Beija-Flor de Nil\u00f3polis"},"content":{"rendered":"<p>Beija-Flor Campe\u00e3 do Carnaval 2025. Nada \u00e9 coincid\u00eancia ou acaso. \u1e62\u00e0ng\u00f3 e Yans\u00e3, o casal dend\u00ea, s\u00e3o os \u00d2r\u00ec\u1e63\u00e0s regentes deste ano. O carro abre-alas da Beija-Flor fez refer\u00eancia a \u1e62\u00e0ng\u00f3, regente do Or\u00ed de La\u00edla. Estava escrito.<br \/>\nForam 12 Escolas de Samba no Grupo Especial em 2025: Padre Miguel, Imperatriz Leopoldinense, Viradouro, Mangueira, Unidos da Tijuca, Beija-Flor, Salgueiro, Vila Isabel, Padre Miguel, Para\u00edso do Tuiuti, Grande Rio e Portela. A maioria esmagadora com enredos sobre nossa Ancestralidade Negra. Carnaval, lugar onde somos maioria, mesmo essa festa tendo origem branca.<br \/>\nAgora as Escolas de Samba, em especial no Grupo Especial meu povo negro \u00e9 inexistente nos cargos de comando institucional. Das 12 Escolas de Samba somente duas mulheres, uma branca, Catia Drumond, da Imperatriz, e a \u00fanica negra, Guanayra Firmino, da Mangueira. Presidentes negros somente, Almir Reis, da Beija-Flor, e Renato Thor, da Para\u00edso do Tuiuti. Todos os outros brancos. Dez homens e duas mulheres.<br \/>\nQuando partimos para os carnavalescos somente uma mulher e 12 homens. Sendo negros na linha de frente somente Jo\u00e3o Vitor Ara\u00fajo, da Beija-Flor e Ant\u00f4nio Gonzaga e Andr\u00e9 Rodrigues, da Portela.<br \/>\nLa\u00edla dizia que a vit\u00f3ria vem com valorizar a prata da casa, adotar perfil caseiro, trabalhar em equipe, n\u00e3o se limitar no samba-enredo, manter o time ativo, injetar recursos, ensaiar sempre, investir na comunidade, n\u00e3o bajular famosos, usar a for\u00e7a dos \u00d2r\u00ec\u1e63\u00e0s. Tudo com muito respeito, afeto e gratid\u00e3o. Essa receita d\u00e1 certo, s\u00e3o 15 vit\u00f3rias.<br \/>\nLembrando aqui, em janeiro de 2007, fiz contato com La\u00edla e Ubiratan Silva, carnavalescos da Beija-Flor, para falar da hist\u00f3ria do meu Pai Baiano ou Valdemiro de \u1e62\u00e0ng\u00f3. Foram muito receptivos e marcaram uma recep\u00e7\u00e3o para o meu Pai, que n\u00e3o pode ir por estar internado (Pai Baiano foi para o Orum, na Quarta de Cinzas deste ano). A mesma aten\u00e7\u00e3o n\u00e3o aconteceu por parte de outra escola de samba do grupo especial, tamb\u00e9m da BXD. As artes e o envolvimento acontecem o ano todo na Beija-Flor.<br \/>\nBaixada Fluminense \u00e9 Resist\u00eancia. Somos 13 munic\u00edpios que fazem acontecer. Aqui \u00e9 tiroteio de poesia, tr\u00e1fico de rima. \u00c9 BXD!<\/p>\n","protected":false},"excerpt":{"rendered":"<p>Beija-Flor Campe\u00e3 do Carnaval 2025. Nada \u00e9 coincid\u00eancia ou acaso. \u1e62\u00e0ng\u00f3 e Yans\u00e3, o casal&#8230;<\/p>\n","protected":false},"author":72,"featured_media":11794,"comment_status":"open","ping_status":"closed","sticky":false,"template":"","format":"standard","meta":{"footnotes":""},"categories":[4],"tags":[],"class_list":["post-11792","post","type-post","status-publish","format-standard","has-post-thumbnail","hentry","category-opiniao"],"yoast_head":"<!-- This site is optimized with the Yoast SEO plugin v27.5 - https:\/\/yoast.com\/product\/yoast-seo-wordpress\/ -->\n<title>Valeu, Beija-Flor de Nil\u00f3polis - Lurdinha - Duque de Caxias para Est\u00f4magos Fortes<\/title>\n<meta name=\"robots\" content=\"index, follow, max-snippet:-1, max-image-preview:large, max-video-preview:-1\" \/>\n<link rel=\"canonical\" href=\"https:\/\/lurdinha.org\/site\/valeu-beija-flor-de-nilopolis\/\" \/>\n<meta property=\"og:locale\" content=\"pt_BR\" \/>\n<meta property=\"og:type\" content=\"article\" \/>\n<meta property=\"og:title\" content=\"Valeu, Beija-Flor de Nil\u00f3polis - Lurdinha - Duque de Caxias para Est\u00f4magos Fortes\" \/>\n<meta property=\"og:description\" content=\"Beija-Flor Campe\u00e3 do Carnaval 2025. Nada \u00e9 coincid\u00eancia ou acaso. \u1e62\u00e0ng\u00f3 e Yans\u00e3, o casal...\" \/>\n<meta property=\"og:url\" content=\"https:\/\/lurdinha.org\/site\/valeu-beija-flor-de-nilopolis\/\" \/>\n<meta property=\"og:site_name\" content=\"Lurdinha - Duque de Caxias para Est\u00f4magos Fortes\" \/>\n<meta property=\"article:publisher\" content=\"https:\/\/www.facebook.com\/LurdinhadeCaxias\" \/>\n<meta property=\"article:published_time\" content=\"2025-03-07T16:51:12+00:00\" \/>\n<meta property=\"article:modified_time\" content=\"2025-03-11T16:52:12+00:00\" \/>\n<meta property=\"og:image\" content=\"https:\/\/lurdinha.org\/site\/wp-content\/uploads\/beijaflor.jpg\" \/>\n\t<meta property=\"og:image:width\" content=\"800\" \/>\n\t<meta property=\"og:image:height\" content=\"603\" \/>\n\t<meta property=\"og:image:type\" content=\"image\/jpeg\" \/>\n<meta name=\"author\" content=\"S\u00edlvia de Mendon\u00e7a\" \/>\n<meta name=\"twitter:card\" content=\"summary_large_image\" \/>\n<meta name=\"twitter:label1\" content=\"Escrito por\" \/>\n\t<meta name=\"twitter:data1\" content=\"S\u00edlvia de Mendon\u00e7a\" \/>\n\t<meta name=\"twitter:label2\" content=\"Est. tempo de leitura\" \/>\n\t<meta name=\"twitter:data2\" content=\"2 minutos\" \/>\n<script type=\"application\/ld+json\" class=\"yoast-schema-graph\">{\"@context\":\"https:\\\/\\\/schema.org\",\"@graph\":[{\"@type\":\"Article\",\"@id\":\"https:\\\/\\\/lurdinha.org\\\/site\\\/valeu-beija-flor-de-nilopolis\\\/#article\",\"isPartOf\":{\"@id\":\"https:\\\/\\\/lurdinha.org\\\/site\\\/valeu-beija-flor-de-nilopolis\\\/\"},\"author\":{\"name\":\"S\u00edlvia de Mendon\u00e7a\",\"@id\":\"https:\\\/\\\/lurdinha.org\\\/site\\\/#\\\/schema\\\/person\\\/b96b167df9de3d0730955ed07839768b\"},\"headline\":\"Valeu, Beija-Flor de Nil\u00f3polis\",\"datePublished\":\"2025-03-07T16:51:12+00:00\",\"dateModified\":\"2025-03-11T16:52:12+00:00\",\"mainEntityOfPage\":{\"@id\":\"https:\\\/\\\/lurdinha.org\\\/site\\\/valeu-beija-flor-de-nilopolis\\\/\"},\"wordCount\":370,\"commentCount\":0,\"publisher\":{\"@id\":\"https:\\\/\\\/lurdinha.org\\\/site\\\/#organization\"},\"image\":{\"@id\":\"https:\\\/\\\/lurdinha.org\\\/site\\\/valeu-beija-flor-de-nilopolis\\\/#primaryimage\"},\"thumbnailUrl\":\"https:\\\/\\\/lurdinha.org\\\/site\\\/wp-content\\\/uploads\\\/beijaflor.jpg\",\"articleSection\":[\"uma opini\u00e3o\"],\"inLanguage\":\"pt-BR\",\"potentialAction\":[{\"@type\":\"CommentAction\",\"name\":\"Comment\",\"target\":[\"https:\\\/\\\/lurdinha.org\\\/site\\\/valeu-beija-flor-de-nilopolis\\\/#respond\"]}]},{\"@type\":\"WebPage\",\"@id\":\"https:\\\/\\\/lurdinha.org\\\/site\\\/valeu-beija-flor-de-nilopolis\\\/\",\"url\":\"https:\\\/\\\/lurdinha.org\\\/site\\\/valeu-beija-flor-de-nilopolis\\\/\",\"name\":\"Valeu, Beija-Flor de Nil\u00f3polis - Lurdinha - Duque de Caxias para Est\u00f4magos Fortes\",\"isPartOf\":{\"@id\":\"https:\\\/\\\/lurdinha.org\\\/site\\\/#website\"},\"primaryImageOfPage\":{\"@id\":\"https:\\\/\\\/lurdinha.org\\\/site\\\/valeu-beija-flor-de-nilopolis\\\/#primaryimage\"},\"image\":{\"@id\":\"https:\\\/\\\/lurdinha.org\\\/site\\\/valeu-beija-flor-de-nilopolis\\\/#primaryimage\"},\"thumbnailUrl\":\"https:\\\/\\\/lurdinha.org\\\/site\\\/wp-content\\\/uploads\\\/beijaflor.jpg\",\"datePublished\":\"2025-03-07T16:51:12+00:00\",\"dateModified\":\"2025-03-11T16:52:12+00:00\",\"breadcrumb\":{\"@id\":\"https:\\\/\\\/lurdinha.org\\\/site\\\/valeu-beija-flor-de-nilopolis\\\/#breadcrumb\"},\"inLanguage\":\"pt-BR\",\"potentialAction\":[{\"@type\":\"ReadAction\",\"target\":[\"https:\\\/\\\/lurdinha.org\\\/site\\\/valeu-beija-flor-de-nilopolis\\\/\"]}]},{\"@type\":\"ImageObject\",\"inLanguage\":\"pt-BR\",\"@id\":\"https:\\\/\\\/lurdinha.org\\\/site\\\/valeu-beija-flor-de-nilopolis\\\/#primaryimage\",\"url\":\"https:\\\/\\\/lurdinha.org\\\/site\\\/wp-content\\\/uploads\\\/beijaflor.jpg\",\"contentUrl\":\"https:\\\/\\\/lurdinha.org\\\/site\\\/wp-content\\\/uploads\\\/beijaflor.jpg\",\"width\":800,\"height\":603},{\"@type\":\"BreadcrumbList\",\"@id\":\"https:\\\/\\\/lurdinha.org\\\/site\\\/valeu-beija-flor-de-nilopolis\\\/#breadcrumb\",\"itemListElement\":[{\"@type\":\"ListItem\",\"position\":1,\"name\":\"In\u00edcio\",\"item\":\"https:\\\/\\\/lurdinha.org\\\/site\\\/\"},{\"@type\":\"ListItem\",\"position\":2,\"name\":\"Valeu, Beija-Flor de Nil\u00f3polis\"}]},{\"@type\":\"WebSite\",\"@id\":\"https:\\\/\\\/lurdinha.org\\\/site\\\/#website\",\"url\":\"https:\\\/\\\/lurdinha.org\\\/site\\\/\",\"name\":\"Lurdinha - Duque de Caxias para Est\u00f4magos Fortes\",\"description\":\"Site sobre Arte, Cultura, Pol\u00edtica, Sociedade e curiosidades da cidade de Duque de Caxias, RJ\",\"publisher\":{\"@id\":\"https:\\\/\\\/lurdinha.org\\\/site\\\/#organization\"},\"alternateName\":\"Lurdinha\",\"potentialAction\":[{\"@type\":\"SearchAction\",\"target\":{\"@type\":\"EntryPoint\",\"urlTemplate\":\"https:\\\/\\\/lurdinha.org\\\/site\\\/?s={search_term_string}\"},\"query-input\":{\"@type\":\"PropertyValueSpecification\",\"valueRequired\":true,\"valueName\":\"search_term_string\"}}],\"inLanguage\":\"pt-BR\"},{\"@type\":\"Organization\",\"@id\":\"https:\\\/\\\/lurdinha.org\\\/site\\\/#organization\",\"name\":\"Lurdinha de Caxias\",\"url\":\"https:\\\/\\\/lurdinha.org\\\/site\\\/\",\"logo\":{\"@type\":\"ImageObject\",\"inLanguage\":\"pt-BR\",\"@id\":\"https:\\\/\\\/lurdinha.org\\\/site\\\/#\\\/schema\\\/logo\\\/image\\\/\",\"url\":\"https:\\\/\\\/lurdinha.org\\\/site\\\/wp-content\\\/uploads\\\/logo-lurdinha.jpg\",\"contentUrl\":\"https:\\\/\\\/lurdinha.org\\\/site\\\/wp-content\\\/uploads\\\/logo-lurdinha.jpg\",\"width\":640,\"height\":60,\"caption\":\"Lurdinha de Caxias\"},\"image\":{\"@id\":\"https:\\\/\\\/lurdinha.org\\\/site\\\/#\\\/schema\\\/logo\\\/image\\\/\"},\"sameAs\":[\"https:\\\/\\\/www.facebook.com\\\/LurdinhadeCaxias\",\"https:\\\/\\\/www.instagram.com\\\/lurdinhadecaxias\"]},{\"@type\":\"Person\",\"@id\":\"https:\\\/\\\/lurdinha.org\\\/site\\\/#\\\/schema\\\/person\\\/b96b167df9de3d0730955ed07839768b\",\"name\":\"S\u00edlvia de Mendon\u00e7a\",\"image\":{\"@type\":\"ImageObject\",\"inLanguage\":\"pt-BR\",\"@id\":\"https:\\\/\\\/secure.gravatar.com\\\/avatar\\\/fffbf622b9949890c0b8be45889258aed34024e701a40971792f2a81c1c0e19f?s=96&d=mm&r=g\",\"url\":\"https:\\\/\\\/secure.gravatar.com\\\/avatar\\\/fffbf622b9949890c0b8be45889258aed34024e701a40971792f2a81c1c0e19f?s=96&d=mm&r=g\",\"contentUrl\":\"https:\\\/\\\/secure.gravatar.com\\\/avatar\\\/fffbf622b9949890c0b8be45889258aed34024e701a40971792f2a81c1c0e19f?s=96&d=mm&r=g\",\"caption\":\"S\u00edlvia de Mendon\u00e7a\"},\"description\":\"Formada em jornalismo e produ\u00e7\u00e3o cultural, S\u00edlvia de Mendon\u00e7a tamb\u00e9m \u00e9 atriz e ativista do Movimento Negro Unificado (MNU). Tamb\u00e9m tem presen\u00e7a nas lutas contra intoler\u00e2ncia religiosa, juventude negra e direitos humanos.\",\"url\":\"https:\\\/\\\/lurdinha.org\\\/site\\\/author\\\/silvia\\\/\"}]}<\/script>\n<!-- \/ Yoast SEO plugin. -->","yoast_head_json":{"title":"Valeu, Beija-Flor de Nil\u00f3polis - Lurdinha - Duque de Caxias para Est\u00f4magos Fortes","robots":{"index":"index","follow":"follow","max-snippet":"max-snippet:-1","max-image-preview":"max-image-preview:large","max-video-preview":"max-video-preview:-1"},"canonical":"https:\/\/lurdinha.org\/site\/valeu-beija-flor-de-nilopolis\/","og_locale":"pt_BR","og_type":"article","og_title":"Valeu, Beija-Flor de Nil\u00f3polis - Lurdinha - Duque de Caxias para Est\u00f4magos Fortes","og_description":"Beija-Flor Campe\u00e3 do Carnaval 2025. Nada \u00e9 coincid\u00eancia ou acaso. \u1e62\u00e0ng\u00f3 e Yans\u00e3, o casal...","og_url":"https:\/\/lurdinha.org\/site\/valeu-beija-flor-de-nilopolis\/","og_site_name":"Lurdinha - Duque de Caxias para Est\u00f4magos Fortes","article_publisher":"https:\/\/www.facebook.com\/LurdinhadeCaxias","article_published_time":"2025-03-07T16:51:12+00:00","article_modified_time":"2025-03-11T16:52:12+00:00","og_image":[{"width":800,"height":603,"url":"https:\/\/lurdinha.org\/site\/wp-content\/uploads\/beijaflor.jpg","type":"image\/jpeg"}],"author":"S\u00edlvia de Mendon\u00e7a","twitter_card":"summary_large_image","twitter_misc":{"Escrito por":"S\u00edlvia de Mendon\u00e7a","Est. tempo de leitura":"2 minutos"},"schema":{"@context":"https:\/\/schema.org","@graph":[{"@type":"Article","@id":"https:\/\/lurdinha.org\/site\/valeu-beija-flor-de-nilopolis\/#article","isPartOf":{"@id":"https:\/\/lurdinha.org\/site\/valeu-beija-flor-de-nilopolis\/"},"author":{"name":"S\u00edlvia de Mendon\u00e7a","@id":"https:\/\/lurdinha.org\/site\/#\/schema\/person\/b96b167df9de3d0730955ed07839768b"},"headline":"Valeu, Beija-Flor de Nil\u00f3polis","datePublished":"2025-03-07T16:51:12+00:00","dateModified":"2025-03-11T16:52:12+00:00","mainEntityOfPage":{"@id":"https:\/\/lurdinha.org\/site\/valeu-beija-flor-de-nilopolis\/"},"wordCount":370,"commentCount":0,"publisher":{"@id":"https:\/\/lurdinha.org\/site\/#organization"},"image":{"@id":"https:\/\/lurdinha.org\/site\/valeu-beija-flor-de-nilopolis\/#primaryimage"},"thumbnailUrl":"https:\/\/lurdinha.org\/site\/wp-content\/uploads\/beijaflor.jpg","articleSection":["uma opini\u00e3o"],"inLanguage":"pt-BR","potentialAction":[{"@type":"CommentAction","name":"Comment","target":["https:\/\/lurdinha.org\/site\/valeu-beija-flor-de-nilopolis\/#respond"]}]},{"@type":"WebPage","@id":"https:\/\/lurdinha.org\/site\/valeu-beija-flor-de-nilopolis\/","url":"https:\/\/lurdinha.org\/site\/valeu-beija-flor-de-nilopolis\/","name":"Valeu, Beija-Flor de Nil\u00f3polis - Lurdinha - Duque de Caxias para Est\u00f4magos Fortes","isPartOf":{"@id":"https:\/\/lurdinha.org\/site\/#website"},"primaryImageOfPage":{"@id":"https:\/\/lurdinha.org\/site\/valeu-beija-flor-de-nilopolis\/#primaryimage"},"image":{"@id":"https:\/\/lurdinha.org\/site\/valeu-beija-flor-de-nilopolis\/#primaryimage"},"thumbnailUrl":"https:\/\/lurdinha.org\/site\/wp-content\/uploads\/beijaflor.jpg","datePublished":"2025-03-07T16:51:12+00:00","dateModified":"2025-03-11T16:52:12+00:00","breadcrumb":{"@id":"https:\/\/lurdinha.org\/site\/valeu-beija-flor-de-nilopolis\/#breadcrumb"},"inLanguage":"pt-BR","potentialAction":[{"@type":"ReadAction","target":["https:\/\/lurdinha.org\/site\/valeu-beija-flor-de-nilopolis\/"]}]},{"@type":"ImageObject","inLanguage":"pt-BR","@id":"https:\/\/lurdinha.org\/site\/valeu-beija-flor-de-nilopolis\/#primaryimage","url":"https:\/\/lurdinha.org\/site\/wp-content\/uploads\/beijaflor.jpg","contentUrl":"https:\/\/lurdinha.org\/site\/wp-content\/uploads\/beijaflor.jpg","width":800,"height":603},{"@type":"BreadcrumbList","@id":"https:\/\/lurdinha.org\/site\/valeu-beija-flor-de-nilopolis\/#breadcrumb","itemListElement":[{"@type":"ListItem","position":1,"name":"In\u00edcio","item":"https:\/\/lurdinha.org\/site\/"},{"@type":"ListItem","position":2,"name":"Valeu, Beija-Flor de Nil\u00f3polis"}]},{"@type":"WebSite","@id":"https:\/\/lurdinha.org\/site\/#website","url":"https:\/\/lurdinha.org\/site\/","name":"Lurdinha - Duque de Caxias para Est\u00f4magos Fortes","description":"Site sobre Arte, Cultura, Pol\u00edtica, Sociedade e curiosidades da cidade de Duque de Caxias, RJ","publisher":{"@id":"https:\/\/lurdinha.org\/site\/#organization"},"alternateName":"Lurdinha","potentialAction":[{"@type":"SearchAction","target":{"@type":"EntryPoint","urlTemplate":"https:\/\/lurdinha.org\/site\/?s={search_term_string}"},"query-input":{"@type":"PropertyValueSpecification","valueRequired":true,"valueName":"search_term_string"}}],"inLanguage":"pt-BR"},{"@type":"Organization","@id":"https:\/\/lurdinha.org\/site\/#organization","name":"Lurdinha de Caxias","url":"https:\/\/lurdinha.org\/site\/","logo":{"@type":"ImageObject","inLanguage":"pt-BR","@id":"https:\/\/lurdinha.org\/site\/#\/schema\/logo\/image\/","url":"https:\/\/lurdinha.org\/site\/wp-content\/uploads\/logo-lurdinha.jpg","contentUrl":"https:\/\/lurdinha.org\/site\/wp-content\/uploads\/logo-lurdinha.jpg","width":640,"height":60,"caption":"Lurdinha de Caxias"},"image":{"@id":"https:\/\/lurdinha.org\/site\/#\/schema\/logo\/image\/"},"sameAs":["https:\/\/www.facebook.com\/LurdinhadeCaxias","https:\/\/www.instagram.com\/lurdinhadecaxias"]},{"@type":"Person","@id":"https:\/\/lurdinha.org\/site\/#\/schema\/person\/b96b167df9de3d0730955ed07839768b","name":"S\u00edlvia de Mendon\u00e7a","image":{"@type":"ImageObject","inLanguage":"pt-BR","@id":"https:\/\/secure.gravatar.com\/avatar\/fffbf622b9949890c0b8be45889258aed34024e701a40971792f2a81c1c0e19f?s=96&d=mm&r=g","url":"https:\/\/secure.gravatar.com\/avatar\/fffbf622b9949890c0b8be45889258aed34024e701a40971792f2a81c1c0e19f?s=96&d=mm&r=g","contentUrl":"https:\/\/secure.gravatar.com\/avatar\/fffbf622b9949890c0b8be45889258aed34024e701a40971792f2a81c1c0e19f?s=96&d=mm&r=g","caption":"S\u00edlvia de Mendon\u00e7a"},"description":"Formada em jornalismo e produ\u00e7\u00e3o cultural, S\u00edlvia de Mendon\u00e7a tamb\u00e9m \u00e9 atriz e ativista do Movimento Negro Unificado (MNU). Tamb\u00e9m tem presen\u00e7a nas lutas contra intoler\u00e2ncia religiosa, juventude negra e direitos humanos.","url":"https:\/\/lurdinha.org\/site\/author\/silvia\/"}]}},"views":494,"_links":{"self":[{"href":"https:\/\/lurdinha.org\/site\/wp-json\/wp\/v2\/posts\/11792","targetHints":{"allow":["GET"]}}],"collection":[{"href":"https:\/\/lurdinha.org\/site\/wp-json\/wp\/v2\/posts"}],"about":[{"href":"https:\/\/lurdinha.org\/site\/wp-json\/wp\/v2\/types\/post"}],"author":[{"embeddable":true,"href":"https:\/\/lurdinha.org\/site\/wp-json\/wp\/v2\/users\/72"}],"replies":[{"embeddable":true,"href":"https:\/\/lurdinha.org\/site\/wp-json\/wp\/v2\/comments?post=11792"}],"version-history":[{"count":1,"href":"https:\/\/lurdinha.org\/site\/wp-json\/wp\/v2\/posts\/11792\/revisions"}],"predecessor-version":[{"id":11793,"href":"https:\/\/lurdinha.org\/site\/wp-json\/wp\/v2\/posts\/11792\/revisions\/11793"}],"wp:featuredmedia":[{"embeddable":true,"href":"https:\/\/lurdinha.org\/site\/wp-json\/wp\/v2\/media\/11794"}],"wp:attachment":[{"href":"https:\/\/lurdinha.org\/site\/wp-json\/wp\/v2\/media?parent=11792"}],"wp:term":[{"taxonomy":"category","embeddable":true,"href":"https:\/\/lurdinha.org\/site\/wp-json\/wp\/v2\/categories?post=11792"},{"taxonomy":"post_tag","embeddable":true,"href":"https:\/\/lurdinha.org\/site\/wp-json\/wp\/v2\/tags?post=11792"}],"curies":[{"name":"wp","href":"https:\/\/api.w.org\/{rel}","templated":true}]}}