{"id":11711,"date":"2024-11-18T15:27:05","date_gmt":"2024-11-18T15:27:05","guid":{"rendered":"https:\/\/lurdinha.org\/site\/?p=11711"},"modified":"2024-11-18T23:30:20","modified_gmt":"2024-11-18T23:30:20","slug":"vem-ai-o-curta-metragem-alvorada-uma-historia-de-amor-a-margem-do-amanhecer","status":"publish","type":"post","link":"https:\/\/lurdinha.org\/site\/vem-ai-o-curta-metragem-alvorada-uma-historia-de-amor-a-margem-do-amanhecer\/","title":{"rendered":"Vem a\u00ed o curta-metragem &#8220;ALVORADA&#8221;: Uma hist\u00f3ria de amor \u00e0 margem do amanhecer"},"content":{"rendered":"<p><em><strong>Filmagens come\u00e7am em Duque de Caxias nesta ter\u00e7a-feira<\/strong><\/em><\/p>\n<p>Duque de Caxias, 18 de novembro de 2024 &#8211; Quando a noite cai na Baixada Fluminense, as ruas de Caxias se transformam em palco de amores imposs\u00edveis e cora\u00e7\u00f5es partidos. \u00c9 nesse cen\u00e1rio que come\u00e7a, nesta ter\u00e7a-feira (19), as filmagens de &#8220;ALVORADA&#8221;, uma hist\u00f3ria de amor digna das mais doloridas can\u00e7\u00f5es de Nelson Gon\u00e7alves e Elizeth Cardoso.<br \/>\nO longa-metragem, uma parceria entre a Circular Filmes e o hist\u00f3rico Cineclube Mate Com Angu, mergulha no universo das m\u00fasicas de dor de cotovelo para contar a hist\u00f3ria de Jorge, um motorista de Kombi que atravessa a madrugada carregando n\u00e3o s\u00f3 passageiros, mas tamb\u00e9m o peso de um amor que n\u00e3o sabe esquecer. Do outro lado dessa hist\u00f3ria est\u00e1 Tet\u00ea, uma dama da noite que busca reinventar sua vida entre o trabalho noturno e a fam\u00edlia.<\/p>\n<p><strong>Um Protagonista \u00e0 Altura do Drama<\/strong><br \/>\n<img loading=\"lazy\" decoding=\"async\" class=\"alignnone wp-image-11716 size-medium\" src=\"https:\/\/lurdinha.org\/site\/wp-content\/uploads\/RoneyVilella_Ator-300x261.jpg\" alt=\"\" width=\"300\" height=\"261\" srcset=\"https:\/\/lurdinha.org\/site\/wp-content\/uploads\/RoneyVilella_Ator-300x261.jpg 300w, https:\/\/lurdinha.org\/site\/wp-content\/uploads\/RoneyVilella_Ator.jpg 571w\" sizes=\"auto, (max-width: 300px) 100vw, 300px\" \/><\/p>\n<p>No papel do apaixonado Jorge est\u00e1 Roney Villela, ator cuja trajet\u00f3ria se confunde com momentos marcantes do cinema nacional. Descoberto por Cac\u00e1 Diegues para &#8220;Um Trem para as Estrelas&#8221; (1987), Villela construiu uma carreira s\u00f3lida que inclui participa\u00e7\u00f5es em obras fundamentais como &#8220;Meu Nome N\u00e3o \u00e9 Johnny&#8221; (2008) e &#8220;Tropa de Elite 2&#8221; (2010). Agora, ele empresta sua experi\u00eancia a este motorista de Kombi que vive um amor \u00e0 margem do amanhecer.<br \/>\nContracenando com ele, Vin\u00ed Ventania d\u00e1 vida \u00e0 personagem Tet\u00ea, e o elenco conta ainda com a participa\u00e7\u00e3o especial de Ces\u00e1rio Candhi, nome fundamental do teatro caxiense, que na mesma semana estreia no programa &#8220;Falas Negras&#8221; da Rede Globo.<\/p>\n<p><strong>Cinema Com Ra\u00edzes na Baixada<\/strong><br \/>\nA parceria entre a Circular Filmes e o Cineclube Mate Com Angu marca mais um cap\u00edtulo importante na hist\u00f3ria do cinema da Baixada Fluminense. O Mate Com Angu, que desde 2002 provoca e estimula a produ\u00e7\u00e3o audiovisual na regi\u00e3o, traz para o projeto n\u00e3o apenas sua experi\u00eancia, mas tamb\u00e9m duas d\u00e9cadas de compromisso com as narrativas locais.<br \/>\nEsta colabora\u00e7\u00e3o j\u00e1 est\u00e1 gerando outros frutos: o curta-metragem &#8220;Sementes&#8221;, que resgata a hist\u00f3ria do sambista caxiense H\u00e9lio Cabral, figura fundamental mas ainda pouco reconhecida do samba, e o document\u00e1rio &#8220;Amuleto&#8221;, que revisita a produ\u00e7\u00e3o de &#8220;O Amuleto de Ogum&#8221;, filme ic\u00f4nico de Nelson Pereira dos Santos rodado em Caxias em 1974, baseado em argumento do caxiense Chico Santos.<\/p>\n<p><strong>A Cidade Como Personagem<\/strong><br \/>\nEntre os dias 19 e 24 de novembro, a equipe vai percorrer Caxias da Presidente Kennedy ao Lote XV, do centro \u00e0s periferias, captando a alma noturna da cidade. As filmagens acontecer\u00e3o principalmente durante a madrugada, quando a cidade revela seus segredos mais \u00edntimos e suas hist\u00f3rias mais pungentes.<br \/>\nA produ\u00e7\u00e3o transforma pontos conhecidos dos caxienses em cen\u00e1rio de cinema:<br \/>\nO movimento fren\u00e9tico do centro<br \/>\nA solid\u00e3o da Presidente Kennedy<br \/>\nAs luzes do Baril\u00e2ndia<br \/>\nAs sombras do Jardim Vinte e Cinco de Agosto<br \/>\nA nostalgia da antiga rodovi\u00e1ria<\/p>\n<p>&#8220;\u00c9 uma hist\u00f3ria de dor de cotovelo genuinamente caxiense&#8221;, revela o diretor Igor Barradas. &#8220;Das m\u00fasicas de Nelson Gon\u00e7alves a Zezo, nosso filme bebe dessa tradi\u00e7\u00e3o de amores sofridos, mas com os p\u00e9s firmes na noite salgada da Baixada.&#8221;<\/p>\n<p><img loading=\"lazy\" decoding=\"async\" class=\"alignnone size-full wp-image-11718\" src=\"https:\/\/lurdinha.org\/site\/wp-content\/uploads\/igor-barradas_Diretor.jpg\" alt=\"\" width=\"400\" height=\"400\" srcset=\"https:\/\/lurdinha.org\/site\/wp-content\/uploads\/igor-barradas_Diretor.jpg 400w, https:\/\/lurdinha.org\/site\/wp-content\/uploads\/igor-barradas_Diretor-300x300.jpg 300w, https:\/\/lurdinha.org\/site\/wp-content\/uploads\/igor-barradas_Diretor-150x150.jpg 150w, https:\/\/lurdinha.org\/site\/wp-content\/uploads\/igor-barradas_Diretor-120x120.jpg 120w\" sizes=\"auto, (max-width: 400px) 100vw, 400px\" \/><br \/>\n&#8220;ALVORADA&#8221; \u00e9 mais que um filme sobre amor n\u00e3o correspondido &#8211; \u00e9 um retrato da cidade que pulsa enquanto outros dormem, das pessoas que amam enquanto outros desistem, e da esperan\u00e7a que nasce, todos os dias, com o primeiro raio de sol.<\/p>\n<p>Contato para mais informa\u00e7\u00f5es e acompanhamento pelo 21-97202-8957 (whatsapp).<\/p>\n","protected":false},"excerpt":{"rendered":"<p>Filmagens come\u00e7am em Duque de Caxias nesta ter\u00e7a-feira Duque de Caxias, 18 de novembro de&#8230;<\/p>\n","protected":false},"author":87,"featured_media":0,"comment_status":"open","ping_status":"closed","sticky":false,"template":"","format":"standard","meta":{"footnotes":""},"categories":[5],"tags":[],"class_list":["post-11711","post","type-post","status-publish","format-standard","hentry","category-umaboa"],"yoast_head":"<!-- This site is optimized with the Yoast SEO plugin v27.3 - https:\/\/yoast.com\/product\/yoast-seo-wordpress\/ -->\n<title>Vem a\u00ed o curta-metragem &quot;ALVORADA&quot;: Uma hist\u00f3ria de amor \u00e0 margem do amanhecer - Lurdinha - Duque de Caxias para Est\u00f4magos Fortes<\/title>\n<meta name=\"robots\" content=\"index, follow, max-snippet:-1, max-image-preview:large, max-video-preview:-1\" \/>\n<link rel=\"canonical\" href=\"https:\/\/lurdinha.org\/site\/vem-ai-o-curta-metragem-alvorada-uma-historia-de-amor-a-margem-do-amanhecer\/\" \/>\n<meta property=\"og:locale\" content=\"pt_BR\" \/>\n<meta property=\"og:type\" content=\"article\" \/>\n<meta property=\"og:title\" content=\"Vem a\u00ed o curta-metragem &quot;ALVORADA&quot;: Uma hist\u00f3ria de amor \u00e0 margem do amanhecer - Lurdinha - Duque de Caxias para Est\u00f4magos Fortes\" \/>\n<meta property=\"og:description\" content=\"Filmagens come\u00e7am em Duque de Caxias nesta ter\u00e7a-feira Duque de Caxias, 18 de novembro de...\" \/>\n<meta property=\"og:url\" content=\"https:\/\/lurdinha.org\/site\/vem-ai-o-curta-metragem-alvorada-uma-historia-de-amor-a-margem-do-amanhecer\/\" \/>\n<meta property=\"og:site_name\" content=\"Lurdinha - Duque de Caxias para Est\u00f4magos Fortes\" \/>\n<meta property=\"article:publisher\" content=\"https:\/\/www.facebook.com\/LurdinhadeCaxias\" \/>\n<meta property=\"article:published_time\" content=\"2024-11-18T15:27:05+00:00\" \/>\n<meta property=\"article:modified_time\" content=\"2024-11-18T23:30:20+00:00\" \/>\n<meta property=\"og:image\" content=\"https:\/\/lurdinha.org\/site\/wp-content\/uploads\/RoneyVilella_Ator.jpg\" \/>\n\t<meta property=\"og:image:width\" content=\"571\" \/>\n\t<meta property=\"og:image:height\" content=\"496\" \/>\n\t<meta property=\"og:image:type\" content=\"image\/jpeg\" \/>\n<meta name=\"author\" content=\"Editoria\" \/>\n<meta name=\"twitter:card\" content=\"summary_large_image\" \/>\n<meta name=\"twitter:label1\" content=\"Escrito por\" \/>\n\t<meta name=\"twitter:data1\" content=\"Editoria\" \/>\n\t<meta name=\"twitter:label2\" content=\"Est. tempo de leitura\" \/>\n\t<meta name=\"twitter:data2\" content=\"3 minutos\" \/>\n<script type=\"application\/ld+json\" class=\"yoast-schema-graph\">{\"@context\":\"https:\\\/\\\/schema.org\",\"@graph\":[{\"@type\":\"Article\",\"@id\":\"https:\\\/\\\/lurdinha.org\\\/site\\\/vem-ai-o-curta-metragem-alvorada-uma-historia-de-amor-a-margem-do-amanhecer\\\/#article\",\"isPartOf\":{\"@id\":\"https:\\\/\\\/lurdinha.org\\\/site\\\/vem-ai-o-curta-metragem-alvorada-uma-historia-de-amor-a-margem-do-amanhecer\\\/\"},\"author\":{\"name\":\"Editoria\",\"@id\":\"https:\\\/\\\/lurdinha.org\\\/site\\\/#\\\/schema\\\/person\\\/6b0b6b83043cbaf7707ee275576b00ea\"},\"headline\":\"Vem a\u00ed o curta-metragem &#8220;ALVORADA&#8221;: Uma hist\u00f3ria de amor \u00e0 margem do amanhecer\",\"datePublished\":\"2024-11-18T15:27:05+00:00\",\"dateModified\":\"2024-11-18T23:30:20+00:00\",\"mainEntityOfPage\":{\"@id\":\"https:\\\/\\\/lurdinha.org\\\/site\\\/vem-ai-o-curta-metragem-alvorada-uma-historia-de-amor-a-margem-do-amanhecer\\\/\"},\"wordCount\":612,\"commentCount\":0,\"publisher\":{\"@id\":\"https:\\\/\\\/lurdinha.org\\\/site\\\/#organization\"},\"image\":{\"@id\":\"https:\\\/\\\/lurdinha.org\\\/site\\\/vem-ai-o-curta-metragem-alvorada-uma-historia-de-amor-a-margem-do-amanhecer\\\/#primaryimage\"},\"thumbnailUrl\":\"https:\\\/\\\/lurdinha.org\\\/site\\\/wp-content\\\/uploads\\\/RoneyVilella_Ator-300x261.jpg\",\"articleSection\":[\"uma boa\"],\"inLanguage\":\"pt-BR\",\"potentialAction\":[{\"@type\":\"CommentAction\",\"name\":\"Comment\",\"target\":[\"https:\\\/\\\/lurdinha.org\\\/site\\\/vem-ai-o-curta-metragem-alvorada-uma-historia-de-amor-a-margem-do-amanhecer\\\/#respond\"]}]},{\"@type\":\"WebPage\",\"@id\":\"https:\\\/\\\/lurdinha.org\\\/site\\\/vem-ai-o-curta-metragem-alvorada-uma-historia-de-amor-a-margem-do-amanhecer\\\/\",\"url\":\"https:\\\/\\\/lurdinha.org\\\/site\\\/vem-ai-o-curta-metragem-alvorada-uma-historia-de-amor-a-margem-do-amanhecer\\\/\",\"name\":\"Vem a\u00ed o curta-metragem \\\"ALVORADA\\\": Uma hist\u00f3ria de amor \u00e0 margem do amanhecer - Lurdinha - Duque de Caxias para Est\u00f4magos Fortes\",\"isPartOf\":{\"@id\":\"https:\\\/\\\/lurdinha.org\\\/site\\\/#website\"},\"primaryImageOfPage\":{\"@id\":\"https:\\\/\\\/lurdinha.org\\\/site\\\/vem-ai-o-curta-metragem-alvorada-uma-historia-de-amor-a-margem-do-amanhecer\\\/#primaryimage\"},\"image\":{\"@id\":\"https:\\\/\\\/lurdinha.org\\\/site\\\/vem-ai-o-curta-metragem-alvorada-uma-historia-de-amor-a-margem-do-amanhecer\\\/#primaryimage\"},\"thumbnailUrl\":\"https:\\\/\\\/lurdinha.org\\\/site\\\/wp-content\\\/uploads\\\/RoneyVilella_Ator-300x261.jpg\",\"datePublished\":\"2024-11-18T15:27:05+00:00\",\"dateModified\":\"2024-11-18T23:30:20+00:00\",\"breadcrumb\":{\"@id\":\"https:\\\/\\\/lurdinha.org\\\/site\\\/vem-ai-o-curta-metragem-alvorada-uma-historia-de-amor-a-margem-do-amanhecer\\\/#breadcrumb\"},\"inLanguage\":\"pt-BR\",\"potentialAction\":[{\"@type\":\"ReadAction\",\"target\":[\"https:\\\/\\\/lurdinha.org\\\/site\\\/vem-ai-o-curta-metragem-alvorada-uma-historia-de-amor-a-margem-do-amanhecer\\\/\"]}]},{\"@type\":\"ImageObject\",\"inLanguage\":\"pt-BR\",\"@id\":\"https:\\\/\\\/lurdinha.org\\\/site\\\/vem-ai-o-curta-metragem-alvorada-uma-historia-de-amor-a-margem-do-amanhecer\\\/#primaryimage\",\"url\":\"https:\\\/\\\/lurdinha.org\\\/site\\\/wp-content\\\/uploads\\\/RoneyVilella_Ator.jpg\",\"contentUrl\":\"https:\\\/\\\/lurdinha.org\\\/site\\\/wp-content\\\/uploads\\\/RoneyVilella_Ator.jpg\",\"width\":571,\"height\":496},{\"@type\":\"BreadcrumbList\",\"@id\":\"https:\\\/\\\/lurdinha.org\\\/site\\\/vem-ai-o-curta-metragem-alvorada-uma-historia-de-amor-a-margem-do-amanhecer\\\/#breadcrumb\",\"itemListElement\":[{\"@type\":\"ListItem\",\"position\":1,\"name\":\"In\u00edcio\",\"item\":\"https:\\\/\\\/lurdinha.org\\\/site\\\/\"},{\"@type\":\"ListItem\",\"position\":2,\"name\":\"Vem a\u00ed o curta-metragem &#8220;ALVORADA&#8221;: Uma hist\u00f3ria de amor \u00e0 margem do amanhecer\"}]},{\"@type\":\"WebSite\",\"@id\":\"https:\\\/\\\/lurdinha.org\\\/site\\\/#website\",\"url\":\"https:\\\/\\\/lurdinha.org\\\/site\\\/\",\"name\":\"Lurdinha - Duque de Caxias para Est\u00f4magos Fortes\",\"description\":\"Site sobre Arte, Cultura, Pol\u00edtica, Sociedade e curiosidades da cidade de Duque de Caxias, RJ\",\"publisher\":{\"@id\":\"https:\\\/\\\/lurdinha.org\\\/site\\\/#organization\"},\"alternateName\":\"Lurdinha\",\"potentialAction\":[{\"@type\":\"SearchAction\",\"target\":{\"@type\":\"EntryPoint\",\"urlTemplate\":\"https:\\\/\\\/lurdinha.org\\\/site\\\/?s={search_term_string}\"},\"query-input\":{\"@type\":\"PropertyValueSpecification\",\"valueRequired\":true,\"valueName\":\"search_term_string\"}}],\"inLanguage\":\"pt-BR\"},{\"@type\":\"Organization\",\"@id\":\"https:\\\/\\\/lurdinha.org\\\/site\\\/#organization\",\"name\":\"Lurdinha de Caxias\",\"url\":\"https:\\\/\\\/lurdinha.org\\\/site\\\/\",\"logo\":{\"@type\":\"ImageObject\",\"inLanguage\":\"pt-BR\",\"@id\":\"https:\\\/\\\/lurdinha.org\\\/site\\\/#\\\/schema\\\/logo\\\/image\\\/\",\"url\":\"https:\\\/\\\/lurdinha.org\\\/site\\\/wp-content\\\/uploads\\\/logo-lurdinha.jpg\",\"contentUrl\":\"https:\\\/\\\/lurdinha.org\\\/site\\\/wp-content\\\/uploads\\\/logo-lurdinha.jpg\",\"width\":640,\"height\":60,\"caption\":\"Lurdinha de Caxias\"},\"image\":{\"@id\":\"https:\\\/\\\/lurdinha.org\\\/site\\\/#\\\/schema\\\/logo\\\/image\\\/\"},\"sameAs\":[\"https:\\\/\\\/www.facebook.com\\\/LurdinhadeCaxias\",\"https:\\\/\\\/www.instagram.com\\\/lurdinhadecaxias\"]},{\"@type\":\"Person\",\"@id\":\"https:\\\/\\\/lurdinha.org\\\/site\\\/#\\\/schema\\\/person\\\/6b0b6b83043cbaf7707ee275576b00ea\",\"name\":\"Editoria\",\"image\":{\"@type\":\"ImageObject\",\"inLanguage\":\"pt-BR\",\"@id\":\"https:\\\/\\\/secure.gravatar.com\\\/avatar\\\/0ba27ca5462d63e6c810ae4debe7159a69befcd2e33516be5bad4700d2dbfa72?s=96&d=mm&r=g\",\"url\":\"https:\\\/\\\/secure.gravatar.com\\\/avatar\\\/0ba27ca5462d63e6c810ae4debe7159a69befcd2e33516be5bad4700d2dbfa72?s=96&d=mm&r=g\",\"contentUrl\":\"https:\\\/\\\/secure.gravatar.com\\\/avatar\\\/0ba27ca5462d63e6c810ae4debe7159a69befcd2e33516be5bad4700d2dbfa72?s=96&d=mm&r=g\",\"caption\":\"Editoria\"},\"url\":\"https:\\\/\\\/lurdinha.org\\\/site\\\/author\\\/editoria\\\/\"}]}<\/script>\n<!-- \/ Yoast SEO plugin. -->","yoast_head_json":{"title":"Vem a\u00ed o curta-metragem \"ALVORADA\": Uma hist\u00f3ria de amor \u00e0 margem do amanhecer - Lurdinha - Duque de Caxias para Est\u00f4magos Fortes","robots":{"index":"index","follow":"follow","max-snippet":"max-snippet:-1","max-image-preview":"max-image-preview:large","max-video-preview":"max-video-preview:-1"},"canonical":"https:\/\/lurdinha.org\/site\/vem-ai-o-curta-metragem-alvorada-uma-historia-de-amor-a-margem-do-amanhecer\/","og_locale":"pt_BR","og_type":"article","og_title":"Vem a\u00ed o curta-metragem \"ALVORADA\": Uma hist\u00f3ria de amor \u00e0 margem do amanhecer - Lurdinha - Duque de Caxias para Est\u00f4magos Fortes","og_description":"Filmagens come\u00e7am em Duque de Caxias nesta ter\u00e7a-feira Duque de Caxias, 18 de novembro de...","og_url":"https:\/\/lurdinha.org\/site\/vem-ai-o-curta-metragem-alvorada-uma-historia-de-amor-a-margem-do-amanhecer\/","og_site_name":"Lurdinha - Duque de Caxias para Est\u00f4magos Fortes","article_publisher":"https:\/\/www.facebook.com\/LurdinhadeCaxias","article_published_time":"2024-11-18T15:27:05+00:00","article_modified_time":"2024-11-18T23:30:20+00:00","og_image":[{"width":571,"height":496,"url":"https:\/\/lurdinha.org\/site\/wp-content\/uploads\/RoneyVilella_Ator.jpg","type":"image\/jpeg"}],"author":"Editoria","twitter_card":"summary_large_image","twitter_misc":{"Escrito por":"Editoria","Est. tempo de leitura":"3 minutos"},"schema":{"@context":"https:\/\/schema.org","@graph":[{"@type":"Article","@id":"https:\/\/lurdinha.org\/site\/vem-ai-o-curta-metragem-alvorada-uma-historia-de-amor-a-margem-do-amanhecer\/#article","isPartOf":{"@id":"https:\/\/lurdinha.org\/site\/vem-ai-o-curta-metragem-alvorada-uma-historia-de-amor-a-margem-do-amanhecer\/"},"author":{"name":"Editoria","@id":"https:\/\/lurdinha.org\/site\/#\/schema\/person\/6b0b6b83043cbaf7707ee275576b00ea"},"headline":"Vem a\u00ed o curta-metragem &#8220;ALVORADA&#8221;: Uma hist\u00f3ria de amor \u00e0 margem do amanhecer","datePublished":"2024-11-18T15:27:05+00:00","dateModified":"2024-11-18T23:30:20+00:00","mainEntityOfPage":{"@id":"https:\/\/lurdinha.org\/site\/vem-ai-o-curta-metragem-alvorada-uma-historia-de-amor-a-margem-do-amanhecer\/"},"wordCount":612,"commentCount":0,"publisher":{"@id":"https:\/\/lurdinha.org\/site\/#organization"},"image":{"@id":"https:\/\/lurdinha.org\/site\/vem-ai-o-curta-metragem-alvorada-uma-historia-de-amor-a-margem-do-amanhecer\/#primaryimage"},"thumbnailUrl":"https:\/\/lurdinha.org\/site\/wp-content\/uploads\/RoneyVilella_Ator-300x261.jpg","articleSection":["uma boa"],"inLanguage":"pt-BR","potentialAction":[{"@type":"CommentAction","name":"Comment","target":["https:\/\/lurdinha.org\/site\/vem-ai-o-curta-metragem-alvorada-uma-historia-de-amor-a-margem-do-amanhecer\/#respond"]}]},{"@type":"WebPage","@id":"https:\/\/lurdinha.org\/site\/vem-ai-o-curta-metragem-alvorada-uma-historia-de-amor-a-margem-do-amanhecer\/","url":"https:\/\/lurdinha.org\/site\/vem-ai-o-curta-metragem-alvorada-uma-historia-de-amor-a-margem-do-amanhecer\/","name":"Vem a\u00ed o curta-metragem \"ALVORADA\": Uma hist\u00f3ria de amor \u00e0 margem do amanhecer - Lurdinha - Duque de Caxias para Est\u00f4magos Fortes","isPartOf":{"@id":"https:\/\/lurdinha.org\/site\/#website"},"primaryImageOfPage":{"@id":"https:\/\/lurdinha.org\/site\/vem-ai-o-curta-metragem-alvorada-uma-historia-de-amor-a-margem-do-amanhecer\/#primaryimage"},"image":{"@id":"https:\/\/lurdinha.org\/site\/vem-ai-o-curta-metragem-alvorada-uma-historia-de-amor-a-margem-do-amanhecer\/#primaryimage"},"thumbnailUrl":"https:\/\/lurdinha.org\/site\/wp-content\/uploads\/RoneyVilella_Ator-300x261.jpg","datePublished":"2024-11-18T15:27:05+00:00","dateModified":"2024-11-18T23:30:20+00:00","breadcrumb":{"@id":"https:\/\/lurdinha.org\/site\/vem-ai-o-curta-metragem-alvorada-uma-historia-de-amor-a-margem-do-amanhecer\/#breadcrumb"},"inLanguage":"pt-BR","potentialAction":[{"@type":"ReadAction","target":["https:\/\/lurdinha.org\/site\/vem-ai-o-curta-metragem-alvorada-uma-historia-de-amor-a-margem-do-amanhecer\/"]}]},{"@type":"ImageObject","inLanguage":"pt-BR","@id":"https:\/\/lurdinha.org\/site\/vem-ai-o-curta-metragem-alvorada-uma-historia-de-amor-a-margem-do-amanhecer\/#primaryimage","url":"https:\/\/lurdinha.org\/site\/wp-content\/uploads\/RoneyVilella_Ator.jpg","contentUrl":"https:\/\/lurdinha.org\/site\/wp-content\/uploads\/RoneyVilella_Ator.jpg","width":571,"height":496},{"@type":"BreadcrumbList","@id":"https:\/\/lurdinha.org\/site\/vem-ai-o-curta-metragem-alvorada-uma-historia-de-amor-a-margem-do-amanhecer\/#breadcrumb","itemListElement":[{"@type":"ListItem","position":1,"name":"In\u00edcio","item":"https:\/\/lurdinha.org\/site\/"},{"@type":"ListItem","position":2,"name":"Vem a\u00ed o curta-metragem &#8220;ALVORADA&#8221;: Uma hist\u00f3ria de amor \u00e0 margem do amanhecer"}]},{"@type":"WebSite","@id":"https:\/\/lurdinha.org\/site\/#website","url":"https:\/\/lurdinha.org\/site\/","name":"Lurdinha - Duque de Caxias para Est\u00f4magos Fortes","description":"Site sobre Arte, Cultura, Pol\u00edtica, Sociedade e curiosidades da cidade de Duque de Caxias, RJ","publisher":{"@id":"https:\/\/lurdinha.org\/site\/#organization"},"alternateName":"Lurdinha","potentialAction":[{"@type":"SearchAction","target":{"@type":"EntryPoint","urlTemplate":"https:\/\/lurdinha.org\/site\/?s={search_term_string}"},"query-input":{"@type":"PropertyValueSpecification","valueRequired":true,"valueName":"search_term_string"}}],"inLanguage":"pt-BR"},{"@type":"Organization","@id":"https:\/\/lurdinha.org\/site\/#organization","name":"Lurdinha de Caxias","url":"https:\/\/lurdinha.org\/site\/","logo":{"@type":"ImageObject","inLanguage":"pt-BR","@id":"https:\/\/lurdinha.org\/site\/#\/schema\/logo\/image\/","url":"https:\/\/lurdinha.org\/site\/wp-content\/uploads\/logo-lurdinha.jpg","contentUrl":"https:\/\/lurdinha.org\/site\/wp-content\/uploads\/logo-lurdinha.jpg","width":640,"height":60,"caption":"Lurdinha de Caxias"},"image":{"@id":"https:\/\/lurdinha.org\/site\/#\/schema\/logo\/image\/"},"sameAs":["https:\/\/www.facebook.com\/LurdinhadeCaxias","https:\/\/www.instagram.com\/lurdinhadecaxias"]},{"@type":"Person","@id":"https:\/\/lurdinha.org\/site\/#\/schema\/person\/6b0b6b83043cbaf7707ee275576b00ea","name":"Editoria","image":{"@type":"ImageObject","inLanguage":"pt-BR","@id":"https:\/\/secure.gravatar.com\/avatar\/0ba27ca5462d63e6c810ae4debe7159a69befcd2e33516be5bad4700d2dbfa72?s=96&d=mm&r=g","url":"https:\/\/secure.gravatar.com\/avatar\/0ba27ca5462d63e6c810ae4debe7159a69befcd2e33516be5bad4700d2dbfa72?s=96&d=mm&r=g","contentUrl":"https:\/\/secure.gravatar.com\/avatar\/0ba27ca5462d63e6c810ae4debe7159a69befcd2e33516be5bad4700d2dbfa72?s=96&d=mm&r=g","caption":"Editoria"},"url":"https:\/\/lurdinha.org\/site\/author\/editoria\/"}]}},"views":680,"_links":{"self":[{"href":"https:\/\/lurdinha.org\/site\/wp-json\/wp\/v2\/posts\/11711","targetHints":{"allow":["GET"]}}],"collection":[{"href":"https:\/\/lurdinha.org\/site\/wp-json\/wp\/v2\/posts"}],"about":[{"href":"https:\/\/lurdinha.org\/site\/wp-json\/wp\/v2\/types\/post"}],"author":[{"embeddable":true,"href":"https:\/\/lurdinha.org\/site\/wp-json\/wp\/v2\/users\/87"}],"replies":[{"embeddable":true,"href":"https:\/\/lurdinha.org\/site\/wp-json\/wp\/v2\/comments?post=11711"}],"version-history":[{"count":6,"href":"https:\/\/lurdinha.org\/site\/wp-json\/wp\/v2\/posts\/11711\/revisions"}],"predecessor-version":[{"id":11719,"href":"https:\/\/lurdinha.org\/site\/wp-json\/wp\/v2\/posts\/11711\/revisions\/11719"}],"wp:attachment":[{"href":"https:\/\/lurdinha.org\/site\/wp-json\/wp\/v2\/media?parent=11711"}],"wp:term":[{"taxonomy":"category","embeddable":true,"href":"https:\/\/lurdinha.org\/site\/wp-json\/wp\/v2\/categories?post=11711"},{"taxonomy":"post_tag","embeddable":true,"href":"https:\/\/lurdinha.org\/site\/wp-json\/wp\/v2\/tags?post=11711"}],"curies":[{"name":"wp","href":"https:\/\/api.w.org\/{rel}","templated":true}]}}