{"id":11697,"date":"2024-10-28T17:21:25","date_gmt":"2024-10-28T17:21:25","guid":{"rendered":"https:\/\/lurdinha.org\/site\/?p=11697"},"modified":"2024-10-28T17:22:34","modified_gmt":"2024-10-28T17:22:34","slug":"mostra-baixada-fantastica-celebra-o-cinema-extraordinario-em-duque-de-caxias","status":"publish","type":"post","link":"https:\/\/lurdinha.org\/site\/mostra-baixada-fantastica-celebra-o-cinema-extraordinario-em-duque-de-caxias\/","title":{"rendered":"Mostra Baixada Fant\u00e1stica celebra o cinema extraordin\u00e1rio em Duque de Caxias"},"content":{"rendered":"<h3><strong>A Mostra Baixada Fant\u00e1stica levar\u00e1 para o Gomeia Galp\u00e3o Criativo, o universo do cinema que mistura fantasia, sobrenatural e o fant\u00e1stico.<\/strong><\/h3>\n<p><img loading=\"lazy\" decoding=\"async\" class=\"alignnone size-full wp-image-11698\" src=\"https:\/\/lurdinha.org\/site\/wp-content\/uploads\/mostra-baixada-fantastica.jpg\" alt=\"Mostra Baixada Fant\u00e1stica\" width=\"800\" height=\"825\" srcset=\"https:\/\/lurdinha.org\/site\/wp-content\/uploads\/mostra-baixada-fantastica.jpg 800w, https:\/\/lurdinha.org\/site\/wp-content\/uploads\/mostra-baixada-fantastica-291x300.jpg 291w, https:\/\/lurdinha.org\/site\/wp-content\/uploads\/mostra-baixada-fantastica-610x629.jpg 610w, https:\/\/lurdinha.org\/site\/wp-content\/uploads\/mostra-baixada-fantastica-768x792.jpg 768w\" sizes=\"auto, (max-width: 800px) 100vw, 800px\" \/><\/p>\n<p>Durante os dias 1 e 2 de novembro, o <strong>Gomeia Galp\u00e3o Criativo<\/strong> ser\u00e1 palco da<strong> Mostra Audiovisual Baixada Fant\u00e1stica<\/strong>. Com entrada gratuita, o evento levar\u00e1 para Duque de Caxias o que h\u00e1 de melhor em termos do cinema fant\u00e1stico nacional atrav\u00e9s de curta-metragens de fantasia, terror, folclore e realismo fant\u00e1stico de todo o Brasil.<\/p>\n<p>O evento apresenta uma sess\u00e3o dedicada \u00e0s produ\u00e7\u00f5es locais por meio da categoria \u201cFant\u00e1stico Territ\u00f3rio Fluminense\u201d. Nas palavras do idealizador Bruno Santiago&#8230; \u201cCada trilho, pra\u00e7a, esquina e monumento da Baixada carrega uma energia \u00fanica, que pode se transformar em cen\u00e1rios entre o real e o sobrenatural. \u00c9 sob a superf\u00edcie da aparente normalidade da rotina baixadense que se escondem hist\u00f3rias profundas, prontas para serem reveladas e imaginadas como narrativas de terror, fic\u00e7\u00e3o cient\u00edfica e fantasia\u2026\u201d<\/p>\n<p>A primeira edi\u00e7\u00e3o da Mostra Baixada Fant\u00e1stica nasce em Duque de Caxias, com o objetivo de ver toda essa riqueza de possibilidades narrativas sendo reconhecida e valorizada sob a perspectiva do cinema fant\u00e1stico.<\/p>\n<p>O evento tamb\u00e9m contar\u00e1 com uma sess\u00e3o voltada para filmes de outras regi\u00f5es do pa\u00eds, trazendo obras de diretores aclamados no cen\u00e1rio nacional do realismo fant\u00e1stico, como Joel Caetano, com o curta \u201cArapuca\u201d, um terror psicol\u00f3gico que j\u00e1 alcan\u00e7ou a marca de 60 sele\u00e7\u00f5es e 32 pr\u00eamios em festivais ao redor do mundo.<\/p>\n<p>Cada dia da mostra ser\u00e1 encerrado com um show. Na sexta-feira, o Gomeia recebe o trio P<strong>unkeando Raul<\/strong>, com releituras das m\u00fasicas de Raul Seixas no estilo punk rock. No s\u00e1bado, a banda <strong>Os Vulc\u00e2nicos<\/strong> fecha a primeira edi\u00e7\u00e3o do evento, trazendo o melhor do garage rock, surf rock, rockabilly, proto &amp; post punk, com um toque de psicodelia.<\/p>\n<h2>Programa\u00e7\u00e3o:<\/h2>\n<p><strong>Dia 01 de Novembro \u2013 Sexta-feira<\/strong><\/p>\n<ul>\n<li>\u201cPetrificada\u201d -dire\u00e7\u00e3o de Renata Weinberger e Iuri Bermudes | S\u00e3o Paulo, SP<\/li>\n<li>\u201cVisagens e Vis\u00f5es\u201d &#8211; dire\u00e7\u00e3o de Rod Rodrigues | Bel\u00e9m, PA<\/li>\n<li>\u201cMonstra do Arm\u00e1rio\u201d -dire\u00e7\u00e3o de Bruny Derotzi &#8211; Carapicu\u00edba, SP<\/li>\n<\/ul>\n<ul>\n<li>\u201cAgarra\u201d &#8211; dire\u00e7\u00e3o de Clara Estolano | Juiz de Fora, MG<\/li>\n<li>\u201cFarol Alto\u201d &#8211; dire\u00e7\u00e3o de Brunno Bimbati | S\u00e3o Paulo, SP<\/li>\n<li>\u201cC0rp0 de Bytes\u201d &#8211; dire\u00e7\u00e3o de Luques Oliveira | Curitiba, PR<\/li>\n<li>\u201cArapuca\u201d &#8211; dire\u00e7\u00e3o de Joel Caetano | S\u00e3o Paulo, SP<\/li>\n<\/ul>\n<p>Fechando a noite, banda \u201cPunkeando Raul\u201d.<\/p>\n<p><strong>Dia 02 de Novembro \u2013 S\u00e1bado<\/strong><\/p>\n<ul>\n<li>\u201cO Voo\u201d \u2013 Igor Barradas | Duque de Caxias, RJ<\/li>\n<li>\u201cCarnaval Caos\u201d \u2013 Jo\u00e3o Pedroza | Duque de Caxias, RJ<\/li>\n<li>\u201cMente Aberta\u201d \u2013 Get\u00falio Ribeiro | Nova Igua\u00e7u, RJ<\/li>\n<li>\u201cComo Chorar Sem Derreter\u201d \u2013 Giulia Butler | Rio de Janeiro, RJ<\/li>\n<li>\u201cA Porta\u201d \u2013 D\u2019Andrade | Nova Igua\u00e7u, RJ<\/li>\n<li>\u201cEgum\u201d \u2013 Yuri Costa | Nil\u00f3polis, RJ<\/li>\n<\/ul>\n<p>Fechando a mostra, banda \u201cOs Vulc\u00e2nicos\u201d.<\/p>\n<h2>SERVI\u00c7O:<\/h2>\n<p>Dias 01 e 02 de novembro,<br \/>\nHor\u00e1rio: 19:00<br \/>\nOnde: No Gomeia Galp\u00e3o Criativo &#8211; Rua Dr. Lauro Neiva, N.32 \u2013 Centro \u2013 Duque de Caxias RJ<br \/>\nEntrada gratuita!<\/p>\n<p>Os filmes da sess\u00e3o contam com int\u00e9rpretes de Libras.<\/p>\n","protected":false},"excerpt":{"rendered":"<p>A Mostra Baixada Fant\u00e1stica levar\u00e1 para o Gomeia Galp\u00e3o Criativo, o universo do cinema que&#8230;<\/p>\n","protected":false},"author":87,"featured_media":0,"comment_status":"open","ping_status":"closed","sticky":false,"template":"","format":"standard","meta":{"footnotes":""},"categories":[8,5],"tags":[979,962,1400,1276,848,1399],"class_list":["post-11697","post","type-post","status-publish","format-standard","hentry","category-evento","category-umaboa","tag-baixada-audiovisual","tag-baixada-filma","tag-bruno-santiago","tag-cinema-baixada-fluminense","tag-gomeia-galpao-criativo","tag-mostra-baixada-fantastica"],"yoast_head":"<!-- This site is optimized with the Yoast SEO plugin v27.3 - https:\/\/yoast.com\/product\/yoast-seo-wordpress\/ -->\n<title>Mostra Baixada Fant\u00e1stica celebra o cinema extraordin\u00e1rio em Duque de Caxias - Lurdinha - Duque de Caxias para Est\u00f4magos Fortes<\/title>\n<meta name=\"robots\" content=\"index, follow, max-snippet:-1, max-image-preview:large, max-video-preview:-1\" \/>\n<link rel=\"canonical\" href=\"https:\/\/lurdinha.org\/site\/mostra-baixada-fantastica-celebra-o-cinema-extraordinario-em-duque-de-caxias\/\" \/>\n<meta property=\"og:locale\" content=\"pt_BR\" \/>\n<meta property=\"og:type\" content=\"article\" \/>\n<meta property=\"og:title\" content=\"Mostra Baixada Fant\u00e1stica celebra o cinema extraordin\u00e1rio em Duque de Caxias - Lurdinha - Duque de Caxias para Est\u00f4magos Fortes\" \/>\n<meta property=\"og:description\" content=\"A Mostra Baixada Fant\u00e1stica levar\u00e1 para o Gomeia Galp\u00e3o Criativo, o universo do cinema que...\" \/>\n<meta property=\"og:url\" content=\"https:\/\/lurdinha.org\/site\/mostra-baixada-fantastica-celebra-o-cinema-extraordinario-em-duque-de-caxias\/\" \/>\n<meta property=\"og:site_name\" content=\"Lurdinha - Duque de Caxias para Est\u00f4magos Fortes\" \/>\n<meta property=\"article:publisher\" content=\"https:\/\/www.facebook.com\/LurdinhadeCaxias\" \/>\n<meta property=\"article:published_time\" content=\"2024-10-28T17:21:25+00:00\" \/>\n<meta property=\"article:modified_time\" content=\"2024-10-28T17:22:34+00:00\" \/>\n<meta property=\"og:image\" content=\"https:\/\/lurdinha.org\/site\/wp-content\/uploads\/mostra-baixada-fantastica.jpg\" \/>\n\t<meta property=\"og:image:width\" content=\"800\" \/>\n\t<meta property=\"og:image:height\" content=\"825\" \/>\n\t<meta property=\"og:image:type\" content=\"image\/jpeg\" \/>\n<meta name=\"author\" content=\"Editoria\" \/>\n<meta name=\"twitter:card\" content=\"summary_large_image\" \/>\n<meta name=\"twitter:label1\" content=\"Escrito por\" \/>\n\t<meta name=\"twitter:data1\" content=\"Editoria\" \/>\n\t<meta name=\"twitter:label2\" content=\"Est. tempo de leitura\" \/>\n\t<meta name=\"twitter:data2\" content=\"3 minutos\" \/>\n<script type=\"application\/ld+json\" class=\"yoast-schema-graph\">{\"@context\":\"https:\\\/\\\/schema.org\",\"@graph\":[{\"@type\":\"Article\",\"@id\":\"https:\\\/\\\/lurdinha.org\\\/site\\\/mostra-baixada-fantastica-celebra-o-cinema-extraordinario-em-duque-de-caxias\\\/#article\",\"isPartOf\":{\"@id\":\"https:\\\/\\\/lurdinha.org\\\/site\\\/mostra-baixada-fantastica-celebra-o-cinema-extraordinario-em-duque-de-caxias\\\/\"},\"author\":{\"name\":\"Editoria\",\"@id\":\"https:\\\/\\\/lurdinha.org\\\/site\\\/#\\\/schema\\\/person\\\/6b0b6b83043cbaf7707ee275576b00ea\"},\"headline\":\"Mostra Baixada Fant\u00e1stica celebra o cinema extraordin\u00e1rio em Duque de Caxias\",\"datePublished\":\"2024-10-28T17:21:25+00:00\",\"dateModified\":\"2024-10-28T17:22:34+00:00\",\"mainEntityOfPage\":{\"@id\":\"https:\\\/\\\/lurdinha.org\\\/site\\\/mostra-baixada-fantastica-celebra-o-cinema-extraordinario-em-duque-de-caxias\\\/\"},\"wordCount\":535,\"commentCount\":0,\"publisher\":{\"@id\":\"https:\\\/\\\/lurdinha.org\\\/site\\\/#organization\"},\"image\":{\"@id\":\"https:\\\/\\\/lurdinha.org\\\/site\\\/mostra-baixada-fantastica-celebra-o-cinema-extraordinario-em-duque-de-caxias\\\/#primaryimage\"},\"thumbnailUrl\":\"https:\\\/\\\/lurdinha.org\\\/site\\\/wp-content\\\/uploads\\\/mostra-baixada-fantastica.jpg\",\"keywords\":[\"baixada audiovisual\",\"baixada filma\",\"bruno santiago\",\"cinema baixada fluminense\",\"Gomeia Galp\u00e3o Criativo\",\"mostra baixada fantastica\"],\"articleSection\":[\"evento\",\"uma boa\"],\"inLanguage\":\"pt-BR\",\"potentialAction\":[{\"@type\":\"CommentAction\",\"name\":\"Comment\",\"target\":[\"https:\\\/\\\/lurdinha.org\\\/site\\\/mostra-baixada-fantastica-celebra-o-cinema-extraordinario-em-duque-de-caxias\\\/#respond\"]}]},{\"@type\":\"WebPage\",\"@id\":\"https:\\\/\\\/lurdinha.org\\\/site\\\/mostra-baixada-fantastica-celebra-o-cinema-extraordinario-em-duque-de-caxias\\\/\",\"url\":\"https:\\\/\\\/lurdinha.org\\\/site\\\/mostra-baixada-fantastica-celebra-o-cinema-extraordinario-em-duque-de-caxias\\\/\",\"name\":\"Mostra Baixada Fant\u00e1stica celebra o cinema extraordin\u00e1rio em Duque de Caxias - Lurdinha - Duque de Caxias para Est\u00f4magos Fortes\",\"isPartOf\":{\"@id\":\"https:\\\/\\\/lurdinha.org\\\/site\\\/#website\"},\"primaryImageOfPage\":{\"@id\":\"https:\\\/\\\/lurdinha.org\\\/site\\\/mostra-baixada-fantastica-celebra-o-cinema-extraordinario-em-duque-de-caxias\\\/#primaryimage\"},\"image\":{\"@id\":\"https:\\\/\\\/lurdinha.org\\\/site\\\/mostra-baixada-fantastica-celebra-o-cinema-extraordinario-em-duque-de-caxias\\\/#primaryimage\"},\"thumbnailUrl\":\"https:\\\/\\\/lurdinha.org\\\/site\\\/wp-content\\\/uploads\\\/mostra-baixada-fantastica.jpg\",\"datePublished\":\"2024-10-28T17:21:25+00:00\",\"dateModified\":\"2024-10-28T17:22:34+00:00\",\"breadcrumb\":{\"@id\":\"https:\\\/\\\/lurdinha.org\\\/site\\\/mostra-baixada-fantastica-celebra-o-cinema-extraordinario-em-duque-de-caxias\\\/#breadcrumb\"},\"inLanguage\":\"pt-BR\",\"potentialAction\":[{\"@type\":\"ReadAction\",\"target\":[\"https:\\\/\\\/lurdinha.org\\\/site\\\/mostra-baixada-fantastica-celebra-o-cinema-extraordinario-em-duque-de-caxias\\\/\"]}]},{\"@type\":\"ImageObject\",\"inLanguage\":\"pt-BR\",\"@id\":\"https:\\\/\\\/lurdinha.org\\\/site\\\/mostra-baixada-fantastica-celebra-o-cinema-extraordinario-em-duque-de-caxias\\\/#primaryimage\",\"url\":\"https:\\\/\\\/lurdinha.org\\\/site\\\/wp-content\\\/uploads\\\/mostra-baixada-fantastica.jpg\",\"contentUrl\":\"https:\\\/\\\/lurdinha.org\\\/site\\\/wp-content\\\/uploads\\\/mostra-baixada-fantastica.jpg\",\"width\":800,\"height\":825,\"caption\":\"Mostra Baixada Fant\u00e1stica\"},{\"@type\":\"BreadcrumbList\",\"@id\":\"https:\\\/\\\/lurdinha.org\\\/site\\\/mostra-baixada-fantastica-celebra-o-cinema-extraordinario-em-duque-de-caxias\\\/#breadcrumb\",\"itemListElement\":[{\"@type\":\"ListItem\",\"position\":1,\"name\":\"In\u00edcio\",\"item\":\"https:\\\/\\\/lurdinha.org\\\/site\\\/\"},{\"@type\":\"ListItem\",\"position\":2,\"name\":\"Mostra Baixada Fant\u00e1stica celebra o cinema extraordin\u00e1rio em Duque de Caxias\"}]},{\"@type\":\"WebSite\",\"@id\":\"https:\\\/\\\/lurdinha.org\\\/site\\\/#website\",\"url\":\"https:\\\/\\\/lurdinha.org\\\/site\\\/\",\"name\":\"Lurdinha - Duque de Caxias para Est\u00f4magos Fortes\",\"description\":\"Site sobre Arte, Cultura, Pol\u00edtica, Sociedade e curiosidades da cidade de Duque de Caxias, RJ\",\"publisher\":{\"@id\":\"https:\\\/\\\/lurdinha.org\\\/site\\\/#organization\"},\"alternateName\":\"Lurdinha\",\"potentialAction\":[{\"@type\":\"SearchAction\",\"target\":{\"@type\":\"EntryPoint\",\"urlTemplate\":\"https:\\\/\\\/lurdinha.org\\\/site\\\/?s={search_term_string}\"},\"query-input\":{\"@type\":\"PropertyValueSpecification\",\"valueRequired\":true,\"valueName\":\"search_term_string\"}}],\"inLanguage\":\"pt-BR\"},{\"@type\":\"Organization\",\"@id\":\"https:\\\/\\\/lurdinha.org\\\/site\\\/#organization\",\"name\":\"Lurdinha de Caxias\",\"url\":\"https:\\\/\\\/lurdinha.org\\\/site\\\/\",\"logo\":{\"@type\":\"ImageObject\",\"inLanguage\":\"pt-BR\",\"@id\":\"https:\\\/\\\/lurdinha.org\\\/site\\\/#\\\/schema\\\/logo\\\/image\\\/\",\"url\":\"https:\\\/\\\/lurdinha.org\\\/site\\\/wp-content\\\/uploads\\\/logo-lurdinha.jpg\",\"contentUrl\":\"https:\\\/\\\/lurdinha.org\\\/site\\\/wp-content\\\/uploads\\\/logo-lurdinha.jpg\",\"width\":640,\"height\":60,\"caption\":\"Lurdinha de Caxias\"},\"image\":{\"@id\":\"https:\\\/\\\/lurdinha.org\\\/site\\\/#\\\/schema\\\/logo\\\/image\\\/\"},\"sameAs\":[\"https:\\\/\\\/www.facebook.com\\\/LurdinhadeCaxias\",\"https:\\\/\\\/www.instagram.com\\\/lurdinhadecaxias\"]},{\"@type\":\"Person\",\"@id\":\"https:\\\/\\\/lurdinha.org\\\/site\\\/#\\\/schema\\\/person\\\/6b0b6b83043cbaf7707ee275576b00ea\",\"name\":\"Editoria\",\"image\":{\"@type\":\"ImageObject\",\"inLanguage\":\"pt-BR\",\"@id\":\"https:\\\/\\\/secure.gravatar.com\\\/avatar\\\/0ba27ca5462d63e6c810ae4debe7159a69befcd2e33516be5bad4700d2dbfa72?s=96&d=mm&r=g\",\"url\":\"https:\\\/\\\/secure.gravatar.com\\\/avatar\\\/0ba27ca5462d63e6c810ae4debe7159a69befcd2e33516be5bad4700d2dbfa72?s=96&d=mm&r=g\",\"contentUrl\":\"https:\\\/\\\/secure.gravatar.com\\\/avatar\\\/0ba27ca5462d63e6c810ae4debe7159a69befcd2e33516be5bad4700d2dbfa72?s=96&d=mm&r=g\",\"caption\":\"Editoria\"},\"url\":\"https:\\\/\\\/lurdinha.org\\\/site\\\/author\\\/editoria\\\/\"}]}<\/script>\n<!-- \/ Yoast SEO plugin. -->","yoast_head_json":{"title":"Mostra Baixada Fant\u00e1stica celebra o cinema extraordin\u00e1rio em Duque de Caxias - Lurdinha - Duque de Caxias para Est\u00f4magos Fortes","robots":{"index":"index","follow":"follow","max-snippet":"max-snippet:-1","max-image-preview":"max-image-preview:large","max-video-preview":"max-video-preview:-1"},"canonical":"https:\/\/lurdinha.org\/site\/mostra-baixada-fantastica-celebra-o-cinema-extraordinario-em-duque-de-caxias\/","og_locale":"pt_BR","og_type":"article","og_title":"Mostra Baixada Fant\u00e1stica celebra o cinema extraordin\u00e1rio em Duque de Caxias - Lurdinha - Duque de Caxias para Est\u00f4magos Fortes","og_description":"A Mostra Baixada Fant\u00e1stica levar\u00e1 para o Gomeia Galp\u00e3o Criativo, o universo do cinema que...","og_url":"https:\/\/lurdinha.org\/site\/mostra-baixada-fantastica-celebra-o-cinema-extraordinario-em-duque-de-caxias\/","og_site_name":"Lurdinha - Duque de Caxias para Est\u00f4magos Fortes","article_publisher":"https:\/\/www.facebook.com\/LurdinhadeCaxias","article_published_time":"2024-10-28T17:21:25+00:00","article_modified_time":"2024-10-28T17:22:34+00:00","og_image":[{"width":800,"height":825,"url":"https:\/\/lurdinha.org\/site\/wp-content\/uploads\/mostra-baixada-fantastica.jpg","type":"image\/jpeg"}],"author":"Editoria","twitter_card":"summary_large_image","twitter_misc":{"Escrito por":"Editoria","Est. tempo de leitura":"3 minutos"},"schema":{"@context":"https:\/\/schema.org","@graph":[{"@type":"Article","@id":"https:\/\/lurdinha.org\/site\/mostra-baixada-fantastica-celebra-o-cinema-extraordinario-em-duque-de-caxias\/#article","isPartOf":{"@id":"https:\/\/lurdinha.org\/site\/mostra-baixada-fantastica-celebra-o-cinema-extraordinario-em-duque-de-caxias\/"},"author":{"name":"Editoria","@id":"https:\/\/lurdinha.org\/site\/#\/schema\/person\/6b0b6b83043cbaf7707ee275576b00ea"},"headline":"Mostra Baixada Fant\u00e1stica celebra o cinema extraordin\u00e1rio em Duque de Caxias","datePublished":"2024-10-28T17:21:25+00:00","dateModified":"2024-10-28T17:22:34+00:00","mainEntityOfPage":{"@id":"https:\/\/lurdinha.org\/site\/mostra-baixada-fantastica-celebra-o-cinema-extraordinario-em-duque-de-caxias\/"},"wordCount":535,"commentCount":0,"publisher":{"@id":"https:\/\/lurdinha.org\/site\/#organization"},"image":{"@id":"https:\/\/lurdinha.org\/site\/mostra-baixada-fantastica-celebra-o-cinema-extraordinario-em-duque-de-caxias\/#primaryimage"},"thumbnailUrl":"https:\/\/lurdinha.org\/site\/wp-content\/uploads\/mostra-baixada-fantastica.jpg","keywords":["baixada audiovisual","baixada filma","bruno santiago","cinema baixada fluminense","Gomeia Galp\u00e3o Criativo","mostra baixada fantastica"],"articleSection":["evento","uma boa"],"inLanguage":"pt-BR","potentialAction":[{"@type":"CommentAction","name":"Comment","target":["https:\/\/lurdinha.org\/site\/mostra-baixada-fantastica-celebra-o-cinema-extraordinario-em-duque-de-caxias\/#respond"]}]},{"@type":"WebPage","@id":"https:\/\/lurdinha.org\/site\/mostra-baixada-fantastica-celebra-o-cinema-extraordinario-em-duque-de-caxias\/","url":"https:\/\/lurdinha.org\/site\/mostra-baixada-fantastica-celebra-o-cinema-extraordinario-em-duque-de-caxias\/","name":"Mostra Baixada Fant\u00e1stica celebra o cinema extraordin\u00e1rio em Duque de Caxias - Lurdinha - Duque de Caxias para Est\u00f4magos Fortes","isPartOf":{"@id":"https:\/\/lurdinha.org\/site\/#website"},"primaryImageOfPage":{"@id":"https:\/\/lurdinha.org\/site\/mostra-baixada-fantastica-celebra-o-cinema-extraordinario-em-duque-de-caxias\/#primaryimage"},"image":{"@id":"https:\/\/lurdinha.org\/site\/mostra-baixada-fantastica-celebra-o-cinema-extraordinario-em-duque-de-caxias\/#primaryimage"},"thumbnailUrl":"https:\/\/lurdinha.org\/site\/wp-content\/uploads\/mostra-baixada-fantastica.jpg","datePublished":"2024-10-28T17:21:25+00:00","dateModified":"2024-10-28T17:22:34+00:00","breadcrumb":{"@id":"https:\/\/lurdinha.org\/site\/mostra-baixada-fantastica-celebra-o-cinema-extraordinario-em-duque-de-caxias\/#breadcrumb"},"inLanguage":"pt-BR","potentialAction":[{"@type":"ReadAction","target":["https:\/\/lurdinha.org\/site\/mostra-baixada-fantastica-celebra-o-cinema-extraordinario-em-duque-de-caxias\/"]}]},{"@type":"ImageObject","inLanguage":"pt-BR","@id":"https:\/\/lurdinha.org\/site\/mostra-baixada-fantastica-celebra-o-cinema-extraordinario-em-duque-de-caxias\/#primaryimage","url":"https:\/\/lurdinha.org\/site\/wp-content\/uploads\/mostra-baixada-fantastica.jpg","contentUrl":"https:\/\/lurdinha.org\/site\/wp-content\/uploads\/mostra-baixada-fantastica.jpg","width":800,"height":825,"caption":"Mostra Baixada Fant\u00e1stica"},{"@type":"BreadcrumbList","@id":"https:\/\/lurdinha.org\/site\/mostra-baixada-fantastica-celebra-o-cinema-extraordinario-em-duque-de-caxias\/#breadcrumb","itemListElement":[{"@type":"ListItem","position":1,"name":"In\u00edcio","item":"https:\/\/lurdinha.org\/site\/"},{"@type":"ListItem","position":2,"name":"Mostra Baixada Fant\u00e1stica celebra o cinema extraordin\u00e1rio em Duque de Caxias"}]},{"@type":"WebSite","@id":"https:\/\/lurdinha.org\/site\/#website","url":"https:\/\/lurdinha.org\/site\/","name":"Lurdinha - Duque de Caxias para Est\u00f4magos Fortes","description":"Site sobre Arte, Cultura, Pol\u00edtica, Sociedade e curiosidades da cidade de Duque de Caxias, RJ","publisher":{"@id":"https:\/\/lurdinha.org\/site\/#organization"},"alternateName":"Lurdinha","potentialAction":[{"@type":"SearchAction","target":{"@type":"EntryPoint","urlTemplate":"https:\/\/lurdinha.org\/site\/?s={search_term_string}"},"query-input":{"@type":"PropertyValueSpecification","valueRequired":true,"valueName":"search_term_string"}}],"inLanguage":"pt-BR"},{"@type":"Organization","@id":"https:\/\/lurdinha.org\/site\/#organization","name":"Lurdinha de Caxias","url":"https:\/\/lurdinha.org\/site\/","logo":{"@type":"ImageObject","inLanguage":"pt-BR","@id":"https:\/\/lurdinha.org\/site\/#\/schema\/logo\/image\/","url":"https:\/\/lurdinha.org\/site\/wp-content\/uploads\/logo-lurdinha.jpg","contentUrl":"https:\/\/lurdinha.org\/site\/wp-content\/uploads\/logo-lurdinha.jpg","width":640,"height":60,"caption":"Lurdinha de Caxias"},"image":{"@id":"https:\/\/lurdinha.org\/site\/#\/schema\/logo\/image\/"},"sameAs":["https:\/\/www.facebook.com\/LurdinhadeCaxias","https:\/\/www.instagram.com\/lurdinhadecaxias"]},{"@type":"Person","@id":"https:\/\/lurdinha.org\/site\/#\/schema\/person\/6b0b6b83043cbaf7707ee275576b00ea","name":"Editoria","image":{"@type":"ImageObject","inLanguage":"pt-BR","@id":"https:\/\/secure.gravatar.com\/avatar\/0ba27ca5462d63e6c810ae4debe7159a69befcd2e33516be5bad4700d2dbfa72?s=96&d=mm&r=g","url":"https:\/\/secure.gravatar.com\/avatar\/0ba27ca5462d63e6c810ae4debe7159a69befcd2e33516be5bad4700d2dbfa72?s=96&d=mm&r=g","contentUrl":"https:\/\/secure.gravatar.com\/avatar\/0ba27ca5462d63e6c810ae4debe7159a69befcd2e33516be5bad4700d2dbfa72?s=96&d=mm&r=g","caption":"Editoria"},"url":"https:\/\/lurdinha.org\/site\/author\/editoria\/"}]}},"views":699,"_links":{"self":[{"href":"https:\/\/lurdinha.org\/site\/wp-json\/wp\/v2\/posts\/11697","targetHints":{"allow":["GET"]}}],"collection":[{"href":"https:\/\/lurdinha.org\/site\/wp-json\/wp\/v2\/posts"}],"about":[{"href":"https:\/\/lurdinha.org\/site\/wp-json\/wp\/v2\/types\/post"}],"author":[{"embeddable":true,"href":"https:\/\/lurdinha.org\/site\/wp-json\/wp\/v2\/users\/87"}],"replies":[{"embeddable":true,"href":"https:\/\/lurdinha.org\/site\/wp-json\/wp\/v2\/comments?post=11697"}],"version-history":[{"count":2,"href":"https:\/\/lurdinha.org\/site\/wp-json\/wp\/v2\/posts\/11697\/revisions"}],"predecessor-version":[{"id":11700,"href":"https:\/\/lurdinha.org\/site\/wp-json\/wp\/v2\/posts\/11697\/revisions\/11700"}],"wp:attachment":[{"href":"https:\/\/lurdinha.org\/site\/wp-json\/wp\/v2\/media?parent=11697"}],"wp:term":[{"taxonomy":"category","embeddable":true,"href":"https:\/\/lurdinha.org\/site\/wp-json\/wp\/v2\/categories?post=11697"},{"taxonomy":"post_tag","embeddable":true,"href":"https:\/\/lurdinha.org\/site\/wp-json\/wp\/v2\/tags?post=11697"}],"curies":[{"name":"wp","href":"https:\/\/api.w.org\/{rel}","templated":true}]}}