{"id":11649,"date":"2024-08-28T17:48:57","date_gmt":"2024-08-28T17:48:57","guid":{"rendered":"https:\/\/lurdinha.org\/site\/?p=11649"},"modified":"2024-08-28T20:28:27","modified_gmt":"2024-08-28T20:28:27","slug":"gomeia-galpaao-criativo-lanca-nova-fase-da-escola-livre-de-artes-da-baixada-fluminense-no-sabado-31","status":"publish","type":"post","link":"https:\/\/lurdinha.org\/site\/gomeia-galpaao-criativo-lanca-nova-fase-da-escola-livre-de-artes-da-baixada-fluminense-no-sabado-31\/","title":{"rendered":"Gomeia Galp\u00e3o Criativo lan\u00e7a nova fase da Escola Livre de Artes da Baixada Fluminense no s\u00e1bado (31)"},"content":{"rendered":"<p align=\"justify\"><span style=\"color: #000000;\"><span style=\"font-family: Arial, sans-serif;\"><span style=\"font-size: medium;\">A <strong>Escola Livre de Artes da Baixada Fluminense,<\/strong> a <strong>ELA da BF<\/strong>, vai iniciar sua nova fase em grande estilo, com um aul\u00e3o de abertura no pr\u00f3ximo s\u00e1bado, dia 31\/08, que contar\u00e1 com a presen\u00e7a de artistas, gestores, empreendedores da \u00e1rea cultural al\u00e9m dos alunos inscritos para esta nova viv\u00eancia cultural.\u00a0<\/span><\/span><\/span><\/p>\n<p align=\"justify\"><span style=\"color: #000000;\"><span style=\"font-family: Arial, sans-serif;\"><span style=\"font-size: medium;\">Em suas edi\u00e7\u00f5es anteriores passaram pela Escola mais de duzentos alunos que tiveram contato com conte\u00fados de Produ\u00e7\u00e3o Cultural, Hist\u00f3ria da Baixada, mercado de trabalho e viv\u00eancias nos eixos art\u00edsticos Teatro, Dan\u00e7a, Audiovisual, M\u00fasica, Capoeira e Hip Hop.<\/span><\/span><\/span><\/p>\n<p align=\"justify\"><span style=\"color: #000000;\"><span style=\"font-family: Arial, sans-serif;\"><span style=\"font-size: medium;\">A novidade deste semestre \u00e9 o Eixo Cinema, que conta com o patroc\u00ednio da Lei Paulo Gustavo.<\/span><\/span><\/span><\/p>\n<p align=\"justify\"><span style=\"color: #000000;\"><span style=\"font-family: Arial, sans-serif;\"><span style=\"font-size: medium;\">A iniciativa acontece no espa\u00e7o do primeiro coworking criativo da Baixada, o<strong> Gomeia Galp\u00e3o Criativo<\/strong>, que agora em setembro completa nove anos de atividades na regi\u00e3o.<\/span><\/span><\/span><\/p>\n<p align=\"justify\"><span style=\"color: #000000;\"><span style=\"font-family: Arial, sans-serif;\"><span style=\"font-size: medium;\">Segundo Clara de Deus, a Escola vem ao encontro de uma alta demanda por projetos de forma\u00e7\u00e3o na \u00e1rea art\u00edstico-cultural, diagn\u00f3stico confirmado mais uma vez pelo volume imenso de inscri\u00e7\u00f5es vindas de todas as partes da Baixada. <\/span><\/span><\/span><span style=\"color: #000000;\">\u201c<\/span><span style=\"color: #000000;\"><span style=\"font-family: Arial, sans-serif;\"><span style=\"font-size: medium;\"><i>A Escola tem sido um aprendizado para todos n\u00f3s, coordenadores, educadores e alunos e estamos vendo o seu potencial atrav\u00e9s dos mais de 250 inscritos para este segundo momento da ELA. S\u00e3o muitos profissionais de diferentes express\u00f5es art\u00edsticas do nosso territ\u00f3rio envolvidos neste processo. Estamos no caminho certo<\/i><\/span><\/span><\/span><span style=\"color: #000000;\">\u201d<\/span><span style=\"color: #000000;\"><span style=\"font-family: Arial, sans-serif;\"><span style=\"font-size: medium;\">, salienta.<\/span><\/span><\/span><\/p>\n<p align=\"justify\"><span style=\"color: #000000;\"><span style=\"font-family: Arial, sans-serif;\"><span style=\"font-size: medium;\">A metodologia que vem sendo desenvolvida pela ELAdaBF envolve o reconhecimento do territ\u00f3rio da Baixada Fluminense como um lugar criativo e pulsante, com a arte como instrumento de afirma\u00e7\u00e3o da cidadania. A ELAdaBF \u00e9 tocada por educadores ligados aos diversos grupos, coletivos e movimentos art\u00edsticos da regi\u00e3o.\u00a0<\/span><\/span><\/span><\/p>\n<p align=\"justify\"><span style=\"color: #000000;\"><span style=\"font-family: Arial, sans-serif;\"><span style=\"font-size: medium;\">A mesa de abertura do evento de s\u00e1bado contar\u00e1 com as presen\u00e7as de:<\/span><\/span><\/span><\/p>\n<p align=\"justify\"><span style=\"color: #000000;\"><span style=\"font-family: Arial, sans-serif;\"><span style=\"font-size: medium;\">Tania Amaro &#8211; Diretora do Instituto Hist\u00f3rico Vereador Thom\u00e9 Siqueira Barreto na C\u00e2mara Municipal de Duque de Caxias<\/span><\/span><\/span><\/p>\n<p align=\"justify\"><span style=\"color: #000000;\"><span style=\"font-family: Arial, sans-serif;\"><span style=\"font-size: medium;\">Jorge Braga Jr &#8211; Secret\u00e1rio Municipal de Cultura da Cidade de Japeri<\/span><\/span><\/span><\/p>\n<p align=\"justify\"><span style=\"color: #000000;\"><span style=\"font-family: Arial, sans-serif;\"><span style=\"font-size: medium;\">Lu Brasil &#8211; Agente Cultural, Atriz e Grafiteira, Oficineira e Videomaker<\/span><\/span><\/span><\/p>\n<p align=\"justify\"><span style=\"color: #000000;\"><span style=\"font-family: Arial, sans-serif;\"><span style=\"font-size: medium;\">Priscila de Jesus &#8211; Escritora, estudante de Pedagogia na Uerj. Lan\u00e7ou o seu livro de poemas \u201cTrovoada\u201d, pela Editora Voante durante o Festival Baixada<\/span><\/span><\/span><\/p>\n<p align=\"justify\"><span style=\"color: #000000;\"><span style=\"font-family: Arial, sans-serif;\"><span style=\"font-size: medium;\">Mediador:<\/span><\/span><\/span><\/p>\n<p align=\"justify\"><span style=\"color: #000000;\"><span style=\"font-family: Arial, sans-serif;\"><span style=\"font-size: medium;\">Bruno Alarcon &#8211; Mestrando em Artes da Cena na Escola de Comunica\u00e7\u00e3o da UFRJ; Bacharel em Dan\u00e7a &#8211; forma\u00e7\u00e3o do dan\u00e7arino contempor\u00e2neo e core\u00f3grafo &#8211; pela UFRJ; T\u00e9cnico em Teatro pela Escola Sesc de Artes Dram\u00e1ticas &#8211; ESAD -; Educador de Dan\u00e7a-Teatro no Centro de Desenvolvimento Criativo Se Essa Rua Fosse Minha<\/span><\/span><\/span><\/p>\n<p align=\"justify\"><span style=\"color: #000000;\"><span style=\"font-family: Arial, sans-serif;\"><span style=\"font-size: medium;\">Estar\u00e3o presentes os convidados, parceiros e colaboradores como Am\u00e1lia Dias (Diretora da Faculdade de Educa\u00e7\u00e3o da Baixada Fluminense- FEBF\/UERJ), Celso Pansera, (Presidente da Finep &#8211; Inova\u00e7\u00e3o e Pesquisa &#8211; Financiadora de Estudos e Projetos e da ABDE &#8211; Associa\u00e7\u00e3o Brasileira de Desenvolvimento) e Wesley Brasil (Editor do Site da Baixada).<\/span><\/span><\/span><\/p>\n<p align=\"justify\"><span style=\"color: #000000;\"><span style=\"font-family: Arial, sans-serif;\"><span style=\"font-size: medium;\">.<\/span><\/span><\/span><\/p>\n<h1 align=\"justify\"><span style=\"color: #000000;\"><span style=\"font-family: Arial, sans-serif;\"><span style=\"font-size: small;\">SERVI\u00c7O<\/span><\/span><\/span><\/h1>\n<p align=\"justify\"><span style=\"color: #222222;\"><span style=\"font-family: Arial, sans-serif;\"><span style=\"font-size: small;\"><b>Aula Inaugural Escola Livre de Artes da Baixada Fluminense<br \/>\n<\/b><\/span><\/span><\/span><span style=\"color: #222222;\"><span style=\"font-family: Arial, sans-serif;\"><span style=\"font-size: small;\">Data: S\u00e1bado, dia 31 de agosto de 2024<br \/>\n<\/span><\/span><\/span><span style=\"color: #222222;\"><span style=\"font-family: Arial, sans-serif;\"><span style=\"font-size: small;\">Hor\u00e1rio: 14h \u00e0s 17h<br \/>\n<\/span><\/span><\/span><span style=\"color: #222222;\"><span style=\"font-family: Arial, sans-serif;\"><span style=\"font-size: small;\">Organiza\u00e7\u00e3o: Gomeia Galp\u00e3o Criativo<br \/>\n<\/span><\/span><\/span><span style=\"color: #222222;\"><span style=\"font-family: Arial, sans-serif;\"><span style=\"font-size: small;\">Endere\u00e7o: Rua Dr. Lauro Neiva, 32 &#8211; Jardim Vinte e Cinco de Agosto, Duque de Caxias<br \/>\n<\/span><\/span><\/span><span style=\"color: #222222;\"><span style=\"font-family: Arial, sans-serif;\"><span style=\"font-size: small;\">Site: <\/span><\/span><\/span><a href=\"https:\/\/gomeia.com.br\/\"><span style=\"color: #1155cc;\"><span style=\"font-family: Arial, sans-serif;\"><span style=\"font-size: small;\"><u>https:\/\/gomeia.com.br<\/u><\/span><\/span><\/span><\/a><br \/>\nEntrada franca<\/p>\n<figure id=\"attachment_11653\" aria-describedby=\"caption-attachment-11653\" style=\"width: 1000px\" class=\"wp-caption alignnone\"><img loading=\"lazy\" decoding=\"async\" class=\"wp-image-11653 size-full\" src=\"https:\/\/lurdinha.org\/site\/wp-content\/uploads\/equipe-gomeiagalpaocriativo2.jpg\" alt=\"Parte da equipe que toca o Gomeia Galp\u00e3o Criativo. Foto: Sass\u00e1 Souza\" width=\"1000\" height=\"667\" srcset=\"https:\/\/lurdinha.org\/site\/wp-content\/uploads\/equipe-gomeiagalpaocriativo2.jpg 1000w, https:\/\/lurdinha.org\/site\/wp-content\/uploads\/equipe-gomeiagalpaocriativo2-300x200.jpg 300w, https:\/\/lurdinha.org\/site\/wp-content\/uploads\/equipe-gomeiagalpaocriativo2-610x407.jpg 610w, https:\/\/lurdinha.org\/site\/wp-content\/uploads\/equipe-gomeiagalpaocriativo2-768x512.jpg 768w\" sizes=\"auto, (max-width: 1000px) 100vw, 1000px\" \/><figcaption id=\"caption-attachment-11653\" class=\"wp-caption-text\">Parte da equipe que toca o Gomeia Galp\u00e3o Criativo hoje. Foto: Sass\u00e1 Souza<\/figcaption><\/figure>\n","protected":false},"excerpt":{"rendered":"<p>A Escola Livre de Artes da Baixada Fluminense, a ELA da BF, vai iniciar sua&#8230;<\/p>\n","protected":false},"author":87,"featured_media":11651,"comment_status":"open","ping_status":"closed","sticky":false,"template":"","format":"standard","meta":{"footnotes":""},"categories":[8,14,5],"tags":[12,1387,1331,1388,848],"class_list":["post-11649","post","type-post","status-publish","format-standard","has-post-thumbnail","hentry","category-evento","category-gente","category-umaboa","tag-baixada-fluminense","tag-ela-da-bf","tag-eladabf","tag-escola-livre-de-artes","tag-gomeia-galpao-criativo"],"yoast_head":"<!-- This site is optimized with the Yoast SEO plugin v27.5 - https:\/\/yoast.com\/product\/yoast-seo-wordpress\/ -->\n<title>Gomeia Galp\u00e3o Criativo lan\u00e7a nova fase da Escola Livre de Artes da Baixada Fluminense no s\u00e1bado (31) - Lurdinha - Duque de Caxias para Est\u00f4magos Fortes<\/title>\n<meta name=\"robots\" content=\"index, follow, max-snippet:-1, max-image-preview:large, max-video-preview:-1\" \/>\n<link rel=\"canonical\" href=\"https:\/\/lurdinha.org\/site\/gomeia-galpaao-criativo-lanca-nova-fase-da-escola-livre-de-artes-da-baixada-fluminense-no-sabado-31\/\" \/>\n<meta property=\"og:locale\" content=\"pt_BR\" \/>\n<meta property=\"og:type\" content=\"article\" \/>\n<meta property=\"og:title\" content=\"Gomeia Galp\u00e3o Criativo lan\u00e7a nova fase da Escola Livre de Artes da Baixada Fluminense no s\u00e1bado (31) - Lurdinha - Duque de Caxias para Est\u00f4magos Fortes\" \/>\n<meta property=\"og:description\" content=\"A Escola Livre de Artes da Baixada Fluminense, a ELA da BF, vai iniciar sua...\" \/>\n<meta property=\"og:url\" content=\"https:\/\/lurdinha.org\/site\/gomeia-galpaao-criativo-lanca-nova-fase-da-escola-livre-de-artes-da-baixada-fluminense-no-sabado-31\/\" \/>\n<meta property=\"og:site_name\" content=\"Lurdinha - Duque de Caxias para Est\u00f4magos Fortes\" \/>\n<meta property=\"article:publisher\" content=\"https:\/\/www.facebook.com\/LurdinhadeCaxias\" \/>\n<meta property=\"article:published_time\" content=\"2024-08-28T17:48:57+00:00\" \/>\n<meta property=\"article:modified_time\" content=\"2024-08-28T20:28:27+00:00\" \/>\n<meta property=\"og:image\" content=\"https:\/\/lurdinha.org\/site\/wp-content\/uploads\/equipe-gomeiagalpaocriativo.jpg\" \/>\n\t<meta property=\"og:image:width\" content=\"1000\" \/>\n\t<meta property=\"og:image:height\" content=\"667\" \/>\n\t<meta property=\"og:image:type\" content=\"image\/jpeg\" \/>\n<meta name=\"author\" content=\"Editoria\" \/>\n<meta name=\"twitter:card\" content=\"summary_large_image\" \/>\n<meta name=\"twitter:label1\" content=\"Escrito por\" \/>\n\t<meta name=\"twitter:data1\" content=\"Editoria\" \/>\n\t<meta name=\"twitter:label2\" content=\"Est. tempo de leitura\" \/>\n\t<meta name=\"twitter:data2\" content=\"3 minutos\" \/>\n<script type=\"application\/ld+json\" class=\"yoast-schema-graph\">{\"@context\":\"https:\\\/\\\/schema.org\",\"@graph\":[{\"@type\":\"Article\",\"@id\":\"https:\\\/\\\/lurdinha.org\\\/site\\\/gomeia-galpaao-criativo-lanca-nova-fase-da-escola-livre-de-artes-da-baixada-fluminense-no-sabado-31\\\/#article\",\"isPartOf\":{\"@id\":\"https:\\\/\\\/lurdinha.org\\\/site\\\/gomeia-galpaao-criativo-lanca-nova-fase-da-escola-livre-de-artes-da-baixada-fluminense-no-sabado-31\\\/\"},\"author\":{\"name\":\"Editoria\",\"@id\":\"https:\\\/\\\/lurdinha.org\\\/site\\\/#\\\/schema\\\/person\\\/6b0b6b83043cbaf7707ee275576b00ea\"},\"headline\":\"Gomeia Galp\u00e3o Criativo lan\u00e7a nova fase da Escola Livre de Artes da Baixada Fluminense no s\u00e1bado (31)\",\"datePublished\":\"2024-08-28T17:48:57+00:00\",\"dateModified\":\"2024-08-28T20:28:27+00:00\",\"mainEntityOfPage\":{\"@id\":\"https:\\\/\\\/lurdinha.org\\\/site\\\/gomeia-galpaao-criativo-lanca-nova-fase-da-escola-livre-de-artes-da-baixada-fluminense-no-sabado-31\\\/\"},\"wordCount\":587,\"commentCount\":0,\"publisher\":{\"@id\":\"https:\\\/\\\/lurdinha.org\\\/site\\\/#organization\"},\"image\":{\"@id\":\"https:\\\/\\\/lurdinha.org\\\/site\\\/gomeia-galpaao-criativo-lanca-nova-fase-da-escola-livre-de-artes-da-baixada-fluminense-no-sabado-31\\\/#primaryimage\"},\"thumbnailUrl\":\"https:\\\/\\\/lurdinha.org\\\/site\\\/wp-content\\\/uploads\\\/equipe-gomeiagalpaocriativo.jpg\",\"keywords\":[\"baixada-fluminense\",\"ela da bf\",\"eladabf\",\"escola livre de artes\",\"Gomeia Galp\u00e3o Criativo\"],\"articleSection\":[\"evento\",\"gente\",\"uma boa\"],\"inLanguage\":\"pt-BR\",\"potentialAction\":[{\"@type\":\"CommentAction\",\"name\":\"Comment\",\"target\":[\"https:\\\/\\\/lurdinha.org\\\/site\\\/gomeia-galpaao-criativo-lanca-nova-fase-da-escola-livre-de-artes-da-baixada-fluminense-no-sabado-31\\\/#respond\"]}]},{\"@type\":\"WebPage\",\"@id\":\"https:\\\/\\\/lurdinha.org\\\/site\\\/gomeia-galpaao-criativo-lanca-nova-fase-da-escola-livre-de-artes-da-baixada-fluminense-no-sabado-31\\\/\",\"url\":\"https:\\\/\\\/lurdinha.org\\\/site\\\/gomeia-galpaao-criativo-lanca-nova-fase-da-escola-livre-de-artes-da-baixada-fluminense-no-sabado-31\\\/\",\"name\":\"Gomeia Galp\u00e3o Criativo lan\u00e7a nova fase da Escola Livre de Artes da Baixada Fluminense no s\u00e1bado (31) - Lurdinha - Duque de Caxias para Est\u00f4magos Fortes\",\"isPartOf\":{\"@id\":\"https:\\\/\\\/lurdinha.org\\\/site\\\/#website\"},\"primaryImageOfPage\":{\"@id\":\"https:\\\/\\\/lurdinha.org\\\/site\\\/gomeia-galpaao-criativo-lanca-nova-fase-da-escola-livre-de-artes-da-baixada-fluminense-no-sabado-31\\\/#primaryimage\"},\"image\":{\"@id\":\"https:\\\/\\\/lurdinha.org\\\/site\\\/gomeia-galpaao-criativo-lanca-nova-fase-da-escola-livre-de-artes-da-baixada-fluminense-no-sabado-31\\\/#primaryimage\"},\"thumbnailUrl\":\"https:\\\/\\\/lurdinha.org\\\/site\\\/wp-content\\\/uploads\\\/equipe-gomeiagalpaocriativo.jpg\",\"datePublished\":\"2024-08-28T17:48:57+00:00\",\"dateModified\":\"2024-08-28T20:28:27+00:00\",\"breadcrumb\":{\"@id\":\"https:\\\/\\\/lurdinha.org\\\/site\\\/gomeia-galpaao-criativo-lanca-nova-fase-da-escola-livre-de-artes-da-baixada-fluminense-no-sabado-31\\\/#breadcrumb\"},\"inLanguage\":\"pt-BR\",\"potentialAction\":[{\"@type\":\"ReadAction\",\"target\":[\"https:\\\/\\\/lurdinha.org\\\/site\\\/gomeia-galpaao-criativo-lanca-nova-fase-da-escola-livre-de-artes-da-baixada-fluminense-no-sabado-31\\\/\"]}]},{\"@type\":\"ImageObject\",\"inLanguage\":\"pt-BR\",\"@id\":\"https:\\\/\\\/lurdinha.org\\\/site\\\/gomeia-galpaao-criativo-lanca-nova-fase-da-escola-livre-de-artes-da-baixada-fluminense-no-sabado-31\\\/#primaryimage\",\"url\":\"https:\\\/\\\/lurdinha.org\\\/site\\\/wp-content\\\/uploads\\\/equipe-gomeiagalpaocriativo.jpg\",\"contentUrl\":\"https:\\\/\\\/lurdinha.org\\\/site\\\/wp-content\\\/uploads\\\/equipe-gomeiagalpaocriativo.jpg\",\"width\":1000,\"height\":667,\"caption\":\"EQUIPE GOMEIA GALPAO CRIATIVO\"},{\"@type\":\"BreadcrumbList\",\"@id\":\"https:\\\/\\\/lurdinha.org\\\/site\\\/gomeia-galpaao-criativo-lanca-nova-fase-da-escola-livre-de-artes-da-baixada-fluminense-no-sabado-31\\\/#breadcrumb\",\"itemListElement\":[{\"@type\":\"ListItem\",\"position\":1,\"name\":\"In\u00edcio\",\"item\":\"https:\\\/\\\/lurdinha.org\\\/site\\\/\"},{\"@type\":\"ListItem\",\"position\":2,\"name\":\"Gomeia Galp\u00e3o Criativo lan\u00e7a nova fase da Escola Livre de Artes da Baixada Fluminense no s\u00e1bado (31)\"}]},{\"@type\":\"WebSite\",\"@id\":\"https:\\\/\\\/lurdinha.org\\\/site\\\/#website\",\"url\":\"https:\\\/\\\/lurdinha.org\\\/site\\\/\",\"name\":\"Lurdinha - Duque de Caxias para Est\u00f4magos Fortes\",\"description\":\"Site sobre Arte, Cultura, Pol\u00edtica, Sociedade e curiosidades da cidade de Duque de Caxias, RJ\",\"publisher\":{\"@id\":\"https:\\\/\\\/lurdinha.org\\\/site\\\/#organization\"},\"alternateName\":\"Lurdinha\",\"potentialAction\":[{\"@type\":\"SearchAction\",\"target\":{\"@type\":\"EntryPoint\",\"urlTemplate\":\"https:\\\/\\\/lurdinha.org\\\/site\\\/?s={search_term_string}\"},\"query-input\":{\"@type\":\"PropertyValueSpecification\",\"valueRequired\":true,\"valueName\":\"search_term_string\"}}],\"inLanguage\":\"pt-BR\"},{\"@type\":\"Organization\",\"@id\":\"https:\\\/\\\/lurdinha.org\\\/site\\\/#organization\",\"name\":\"Lurdinha de Caxias\",\"url\":\"https:\\\/\\\/lurdinha.org\\\/site\\\/\",\"logo\":{\"@type\":\"ImageObject\",\"inLanguage\":\"pt-BR\",\"@id\":\"https:\\\/\\\/lurdinha.org\\\/site\\\/#\\\/schema\\\/logo\\\/image\\\/\",\"url\":\"https:\\\/\\\/lurdinha.org\\\/site\\\/wp-content\\\/uploads\\\/logo-lurdinha.jpg\",\"contentUrl\":\"https:\\\/\\\/lurdinha.org\\\/site\\\/wp-content\\\/uploads\\\/logo-lurdinha.jpg\",\"width\":640,\"height\":60,\"caption\":\"Lurdinha de Caxias\"},\"image\":{\"@id\":\"https:\\\/\\\/lurdinha.org\\\/site\\\/#\\\/schema\\\/logo\\\/image\\\/\"},\"sameAs\":[\"https:\\\/\\\/www.facebook.com\\\/LurdinhadeCaxias\",\"https:\\\/\\\/www.instagram.com\\\/lurdinhadecaxias\"]},{\"@type\":\"Person\",\"@id\":\"https:\\\/\\\/lurdinha.org\\\/site\\\/#\\\/schema\\\/person\\\/6b0b6b83043cbaf7707ee275576b00ea\",\"name\":\"Editoria\",\"image\":{\"@type\":\"ImageObject\",\"inLanguage\":\"pt-BR\",\"@id\":\"https:\\\/\\\/secure.gravatar.com\\\/avatar\\\/0ba27ca5462d63e6c810ae4debe7159a69befcd2e33516be5bad4700d2dbfa72?s=96&d=mm&r=g\",\"url\":\"https:\\\/\\\/secure.gravatar.com\\\/avatar\\\/0ba27ca5462d63e6c810ae4debe7159a69befcd2e33516be5bad4700d2dbfa72?s=96&d=mm&r=g\",\"contentUrl\":\"https:\\\/\\\/secure.gravatar.com\\\/avatar\\\/0ba27ca5462d63e6c810ae4debe7159a69befcd2e33516be5bad4700d2dbfa72?s=96&d=mm&r=g\",\"caption\":\"Editoria\"},\"url\":\"https:\\\/\\\/lurdinha.org\\\/site\\\/author\\\/editoria\\\/\"}]}<\/script>\n<!-- \/ Yoast SEO plugin. -->","yoast_head_json":{"title":"Gomeia Galp\u00e3o Criativo lan\u00e7a nova fase da Escola Livre de Artes da Baixada Fluminense no s\u00e1bado (31) - Lurdinha - Duque de Caxias para Est\u00f4magos Fortes","robots":{"index":"index","follow":"follow","max-snippet":"max-snippet:-1","max-image-preview":"max-image-preview:large","max-video-preview":"max-video-preview:-1"},"canonical":"https:\/\/lurdinha.org\/site\/gomeia-galpaao-criativo-lanca-nova-fase-da-escola-livre-de-artes-da-baixada-fluminense-no-sabado-31\/","og_locale":"pt_BR","og_type":"article","og_title":"Gomeia Galp\u00e3o Criativo lan\u00e7a nova fase da Escola Livre de Artes da Baixada Fluminense no s\u00e1bado (31) - Lurdinha - Duque de Caxias para Est\u00f4magos Fortes","og_description":"A Escola Livre de Artes da Baixada Fluminense, a ELA da BF, vai iniciar sua...","og_url":"https:\/\/lurdinha.org\/site\/gomeia-galpaao-criativo-lanca-nova-fase-da-escola-livre-de-artes-da-baixada-fluminense-no-sabado-31\/","og_site_name":"Lurdinha - Duque de Caxias para Est\u00f4magos Fortes","article_publisher":"https:\/\/www.facebook.com\/LurdinhadeCaxias","article_published_time":"2024-08-28T17:48:57+00:00","article_modified_time":"2024-08-28T20:28:27+00:00","og_image":[{"width":1000,"height":667,"url":"https:\/\/lurdinha.org\/site\/wp-content\/uploads\/equipe-gomeiagalpaocriativo.jpg","type":"image\/jpeg"}],"author":"Editoria","twitter_card":"summary_large_image","twitter_misc":{"Escrito por":"Editoria","Est. tempo de leitura":"3 minutos"},"schema":{"@context":"https:\/\/schema.org","@graph":[{"@type":"Article","@id":"https:\/\/lurdinha.org\/site\/gomeia-galpaao-criativo-lanca-nova-fase-da-escola-livre-de-artes-da-baixada-fluminense-no-sabado-31\/#article","isPartOf":{"@id":"https:\/\/lurdinha.org\/site\/gomeia-galpaao-criativo-lanca-nova-fase-da-escola-livre-de-artes-da-baixada-fluminense-no-sabado-31\/"},"author":{"name":"Editoria","@id":"https:\/\/lurdinha.org\/site\/#\/schema\/person\/6b0b6b83043cbaf7707ee275576b00ea"},"headline":"Gomeia Galp\u00e3o Criativo lan\u00e7a nova fase da Escola Livre de Artes da Baixada Fluminense no s\u00e1bado (31)","datePublished":"2024-08-28T17:48:57+00:00","dateModified":"2024-08-28T20:28:27+00:00","mainEntityOfPage":{"@id":"https:\/\/lurdinha.org\/site\/gomeia-galpaao-criativo-lanca-nova-fase-da-escola-livre-de-artes-da-baixada-fluminense-no-sabado-31\/"},"wordCount":587,"commentCount":0,"publisher":{"@id":"https:\/\/lurdinha.org\/site\/#organization"},"image":{"@id":"https:\/\/lurdinha.org\/site\/gomeia-galpaao-criativo-lanca-nova-fase-da-escola-livre-de-artes-da-baixada-fluminense-no-sabado-31\/#primaryimage"},"thumbnailUrl":"https:\/\/lurdinha.org\/site\/wp-content\/uploads\/equipe-gomeiagalpaocriativo.jpg","keywords":["baixada-fluminense","ela da bf","eladabf","escola livre de artes","Gomeia Galp\u00e3o Criativo"],"articleSection":["evento","gente","uma boa"],"inLanguage":"pt-BR","potentialAction":[{"@type":"CommentAction","name":"Comment","target":["https:\/\/lurdinha.org\/site\/gomeia-galpaao-criativo-lanca-nova-fase-da-escola-livre-de-artes-da-baixada-fluminense-no-sabado-31\/#respond"]}]},{"@type":"WebPage","@id":"https:\/\/lurdinha.org\/site\/gomeia-galpaao-criativo-lanca-nova-fase-da-escola-livre-de-artes-da-baixada-fluminense-no-sabado-31\/","url":"https:\/\/lurdinha.org\/site\/gomeia-galpaao-criativo-lanca-nova-fase-da-escola-livre-de-artes-da-baixada-fluminense-no-sabado-31\/","name":"Gomeia Galp\u00e3o Criativo lan\u00e7a nova fase da Escola Livre de Artes da Baixada Fluminense no s\u00e1bado (31) - Lurdinha - Duque de Caxias para Est\u00f4magos Fortes","isPartOf":{"@id":"https:\/\/lurdinha.org\/site\/#website"},"primaryImageOfPage":{"@id":"https:\/\/lurdinha.org\/site\/gomeia-galpaao-criativo-lanca-nova-fase-da-escola-livre-de-artes-da-baixada-fluminense-no-sabado-31\/#primaryimage"},"image":{"@id":"https:\/\/lurdinha.org\/site\/gomeia-galpaao-criativo-lanca-nova-fase-da-escola-livre-de-artes-da-baixada-fluminense-no-sabado-31\/#primaryimage"},"thumbnailUrl":"https:\/\/lurdinha.org\/site\/wp-content\/uploads\/equipe-gomeiagalpaocriativo.jpg","datePublished":"2024-08-28T17:48:57+00:00","dateModified":"2024-08-28T20:28:27+00:00","breadcrumb":{"@id":"https:\/\/lurdinha.org\/site\/gomeia-galpaao-criativo-lanca-nova-fase-da-escola-livre-de-artes-da-baixada-fluminense-no-sabado-31\/#breadcrumb"},"inLanguage":"pt-BR","potentialAction":[{"@type":"ReadAction","target":["https:\/\/lurdinha.org\/site\/gomeia-galpaao-criativo-lanca-nova-fase-da-escola-livre-de-artes-da-baixada-fluminense-no-sabado-31\/"]}]},{"@type":"ImageObject","inLanguage":"pt-BR","@id":"https:\/\/lurdinha.org\/site\/gomeia-galpaao-criativo-lanca-nova-fase-da-escola-livre-de-artes-da-baixada-fluminense-no-sabado-31\/#primaryimage","url":"https:\/\/lurdinha.org\/site\/wp-content\/uploads\/equipe-gomeiagalpaocriativo.jpg","contentUrl":"https:\/\/lurdinha.org\/site\/wp-content\/uploads\/equipe-gomeiagalpaocriativo.jpg","width":1000,"height":667,"caption":"EQUIPE GOMEIA GALPAO CRIATIVO"},{"@type":"BreadcrumbList","@id":"https:\/\/lurdinha.org\/site\/gomeia-galpaao-criativo-lanca-nova-fase-da-escola-livre-de-artes-da-baixada-fluminense-no-sabado-31\/#breadcrumb","itemListElement":[{"@type":"ListItem","position":1,"name":"In\u00edcio","item":"https:\/\/lurdinha.org\/site\/"},{"@type":"ListItem","position":2,"name":"Gomeia Galp\u00e3o Criativo lan\u00e7a nova fase da Escola Livre de Artes da Baixada Fluminense no s\u00e1bado (31)"}]},{"@type":"WebSite","@id":"https:\/\/lurdinha.org\/site\/#website","url":"https:\/\/lurdinha.org\/site\/","name":"Lurdinha - Duque de Caxias para Est\u00f4magos Fortes","description":"Site sobre Arte, Cultura, Pol\u00edtica, Sociedade e curiosidades da cidade de Duque de Caxias, RJ","publisher":{"@id":"https:\/\/lurdinha.org\/site\/#organization"},"alternateName":"Lurdinha","potentialAction":[{"@type":"SearchAction","target":{"@type":"EntryPoint","urlTemplate":"https:\/\/lurdinha.org\/site\/?s={search_term_string}"},"query-input":{"@type":"PropertyValueSpecification","valueRequired":true,"valueName":"search_term_string"}}],"inLanguage":"pt-BR"},{"@type":"Organization","@id":"https:\/\/lurdinha.org\/site\/#organization","name":"Lurdinha de Caxias","url":"https:\/\/lurdinha.org\/site\/","logo":{"@type":"ImageObject","inLanguage":"pt-BR","@id":"https:\/\/lurdinha.org\/site\/#\/schema\/logo\/image\/","url":"https:\/\/lurdinha.org\/site\/wp-content\/uploads\/logo-lurdinha.jpg","contentUrl":"https:\/\/lurdinha.org\/site\/wp-content\/uploads\/logo-lurdinha.jpg","width":640,"height":60,"caption":"Lurdinha de Caxias"},"image":{"@id":"https:\/\/lurdinha.org\/site\/#\/schema\/logo\/image\/"},"sameAs":["https:\/\/www.facebook.com\/LurdinhadeCaxias","https:\/\/www.instagram.com\/lurdinhadecaxias"]},{"@type":"Person","@id":"https:\/\/lurdinha.org\/site\/#\/schema\/person\/6b0b6b83043cbaf7707ee275576b00ea","name":"Editoria","image":{"@type":"ImageObject","inLanguage":"pt-BR","@id":"https:\/\/secure.gravatar.com\/avatar\/0ba27ca5462d63e6c810ae4debe7159a69befcd2e33516be5bad4700d2dbfa72?s=96&d=mm&r=g","url":"https:\/\/secure.gravatar.com\/avatar\/0ba27ca5462d63e6c810ae4debe7159a69befcd2e33516be5bad4700d2dbfa72?s=96&d=mm&r=g","contentUrl":"https:\/\/secure.gravatar.com\/avatar\/0ba27ca5462d63e6c810ae4debe7159a69befcd2e33516be5bad4700d2dbfa72?s=96&d=mm&r=g","caption":"Editoria"},"url":"https:\/\/lurdinha.org\/site\/author\/editoria\/"}]}},"views":989,"_links":{"self":[{"href":"https:\/\/lurdinha.org\/site\/wp-json\/wp\/v2\/posts\/11649","targetHints":{"allow":["GET"]}}],"collection":[{"href":"https:\/\/lurdinha.org\/site\/wp-json\/wp\/v2\/posts"}],"about":[{"href":"https:\/\/lurdinha.org\/site\/wp-json\/wp\/v2\/types\/post"}],"author":[{"embeddable":true,"href":"https:\/\/lurdinha.org\/site\/wp-json\/wp\/v2\/users\/87"}],"replies":[{"embeddable":true,"href":"https:\/\/lurdinha.org\/site\/wp-json\/wp\/v2\/comments?post=11649"}],"version-history":[{"count":6,"href":"https:\/\/lurdinha.org\/site\/wp-json\/wp\/v2\/posts\/11649\/revisions"}],"predecessor-version":[{"id":11657,"href":"https:\/\/lurdinha.org\/site\/wp-json\/wp\/v2\/posts\/11649\/revisions\/11657"}],"wp:featuredmedia":[{"embeddable":true,"href":"https:\/\/lurdinha.org\/site\/wp-json\/wp\/v2\/media\/11651"}],"wp:attachment":[{"href":"https:\/\/lurdinha.org\/site\/wp-json\/wp\/v2\/media?parent=11649"}],"wp:term":[{"taxonomy":"category","embeddable":true,"href":"https:\/\/lurdinha.org\/site\/wp-json\/wp\/v2\/categories?post=11649"},{"taxonomy":"post_tag","embeddable":true,"href":"https:\/\/lurdinha.org\/site\/wp-json\/wp\/v2\/tags?post=11649"}],"curies":[{"name":"wp","href":"https:\/\/api.w.org\/{rel}","templated":true}]}}